{"id":217834,"date":"2021-04-16T11:09:24","date_gmt":"2021-04-16T16:09:24","guid":{"rendered":"https:\/\/www.fiscalia.gov.co\/colombia\/?p=217834"},"modified":"2021-04-16T11:09:24","modified_gmt":"2021-04-16T16:09:24","slug":"carcel-para-un-hombre-que-presuntamente-golpeaba-y-amenazaba-con-un-arma-cortopunzante-a-su-mama-y-a-su-abuela-de-78-anos","status":"publish","type":"post","link":"https:\/\/www.fiscalia.gov.co\/colombia\/violencia-sexual-e-intrafamiliar\/carcel-para-un-hombre-que-presuntamente-golpeaba-y-amenazaba-con-un-arma-cortopunzante-a-su-mama-y-a-su-abuela-de-78-anos\/","title":{"rendered":"C\u00e1rcel para un hombre que presuntamente golpeaba y amenazaba con un arma cortopunzante a su mam\u00e1 y a su abuela de 78 a\u00f1os"},"content":{"rendered":"<p class=\"x_MsoNormal\"><span lang=\"ES\">Luis Fernando Monta\u00f1o Angulo fue privado de la libertad en centro carcelario por el juez tercero penal municipal de Buenaventura, con funciones de control de garant\u00edas, por su presunta responsabilidad en el delito de\u00a0<a href=\"https:\/\/www.fiscalia.gov.co\/colombia\/seccionales\/asegurado-reincidente-en-el-delito-de-violencia-intrafamiliar-contra-su-mama-y-su-pareja\/\" target=\"_blank\" rel=\"noopener noreferrer\">violencia intrafamiliar<\/a>\u00a0agravada en concurso homog\u00e9neo, simult\u00e1neo y sucesivo, que le endilg\u00f3 la Fiscal\u00eda.\u00a0<\/span><\/p>\n<figure id=\"attachment_217835\" aria-describedby=\"caption-attachment-217835\" style=\"width: 1024px\" class=\"wp-caption alignleft\"><img loading=\"lazy\" decoding=\"async\" class=\"size-full wp-image-217835\" src=\"https:\/\/www.fiscalia.gov.co\/colombia\/wp-content\/uploads\/Luis-Fernando-Monta\u00f1o-Angulo-enviado-a-la-c\u00e1rcel-por-que-habr\u00eda-golpeado-a-su-mam\u00e1-y-a-su-abuela-adem\u00e1s-de-amenazarlas-con-un-arma-cortopunzante.jpeg\" alt=\"\" width=\"1024\" height=\"782\" srcset=\"https:\/\/www.fiscalia.gov.co\/colombia\/wp-content\/uploads\/Luis-Fernando-Monta\u00f1o-Angulo-enviado-a-la-c\u00e1rcel-por-que-habr\u00eda-golpeado-a-su-mam\u00e1-y-a-su-abuela-adem\u00e1s-de-amenazarlas-con-un-arma-cortopunzante.jpeg 1024w, https:\/\/www.fiscalia.gov.co\/colombia\/wp-content\/uploads\/Luis-Fernando-Monta\u00f1o-Angulo-enviado-a-la-c\u00e1rcel-por-que-habr\u00eda-golpeado-a-su-mam\u00e1-y-a-su-abuela-adem\u00e1s-de-amenazarlas-con-un-arma-cortopunzante-300x229.jpeg 300w, https:\/\/www.fiscalia.gov.co\/colombia\/wp-content\/uploads\/Luis-Fernando-Monta\u00f1o-Angulo-enviado-a-la-c\u00e1rcel-por-que-habr\u00eda-golpeado-a-su-mam\u00e1-y-a-su-abuela-adem\u00e1s-de-amenazarlas-con-un-arma-cortopunzante-768x587.jpeg 768w, https:\/\/www.fiscalia.gov.co\/colombia\/wp-content\/uploads\/Luis-Fernando-Monta\u00f1o-Angulo-enviado-a-la-c\u00e1rcel-por-que-habr\u00eda-golpeado-a-su-mam\u00e1-y-a-su-abuela-adem\u00e1s-de-amenazarlas-con-un-arma-cortopunzante-696x532.jpeg 696w, https:\/\/www.fiscalia.gov.co\/colombia\/wp-content\/uploads\/Luis-Fernando-Monta\u00f1o-Angulo-enviado-a-la-c\u00e1rcel-por-que-habr\u00eda-golpeado-a-su-mam\u00e1-y-a-su-abuela-adem\u00e1s-de-amenazarlas-con-un-arma-cortopunzante-550x420.jpeg 550w, https:\/\/www.fiscalia.gov.co\/colombia\/wp-content\/uploads\/Luis-Fernando-Monta\u00f1o-Angulo-enviado-a-la-c\u00e1rcel-por-que-habr\u00eda-golpeado-a-su-mam\u00e1-y-a-su-abuela-adem\u00e1s-de-amenazarlas-con-un-arma-cortopunzante-80x60.jpeg 80w\" sizes=\"auto, (max-width: 1024px) 100vw, 1024px\" \/><figcaption id=\"caption-attachment-217835\" class=\"wp-caption-text\">Luis Fernando Monta\u00f1o Angulo fue judicializado por violencia intrafamiliar agravada.<\/figcaption><\/figure>\n<p class=\"x_MsoNormal\"><span lang=\"ES\">El hombre fue capturado mediante orden judicial por servidores del\u00a0<b>Cuerpo T\u00e9cnico de Investigaci\u00f3n (CTI)<\/b>, junto con agentes de la\u00a0<b>Polic\u00eda Nacional<\/b>, en un sector del oriente de esa ciudad.\u00a0<\/span><\/p>\n<p class=\"x_MsoNormal\"><span lang=\"ES\">Los hechos por los cuales Monta\u00f1o Angulo es procesado ocurrieron en el hogar donde vive, en varias oportunidades. Se presume que\u00a0<a href=\"https:\/\/www.fiscalia.gov.co\/colombia\/seccionales\/detencion-intramuros-por-supuestas-agresiones-fisicas-contra-su-propia-madre\/\" target=\"_blank\" rel=\"noopener noreferrer\">maltrat\u00f3 f\u00edsica y sicol\u00f3gicamente a su mam\u00e1<\/a>\u00a0y a su abuela de 78 a\u00f1os, a quienes adem\u00e1s habr\u00eda amenazado con un arma cortopunzante.\u00a0\u00a0<\/span><\/p>\n<p class=\"x_MsoNormal\"><span lang=\"ES\">De acuerdo con las v\u00edctimas, las agresiones f\u00edsicas y verbales eran todos los d\u00edas y a cualquier hora.\u00a0\u00a0<\/span><\/p>\n<p class=\"x_MsoNormal\"><span lang=\"ES\">El procesado fue remitido a la C\u00e1rcel Distrital de ese puerto vallecaucano.\u00a0<\/span><\/p>\n<p class=\"x_MsoNormal\"><span lang=\"ES\">La Fiscal\u00eda habla con resultados\u00a0<\/span><\/p>\n<p class=\"x_MsoNormal\"><span lang=\"ES\">JGPV\/FV\/DLBM.\u00a0<\/span>\u00a0<span lang=\"ES\">\u00a0<\/span><\/p>\n<p class=\"x_MsoNormal\"><i><span lang=\"ES\">La informaci\u00f3n contenida en este bolet\u00edn de prensa corresponde a la narraci\u00f3n de los hechos noticiosos objetivos, suministrados por los funcionarios encargados de adelantar las investigaciones penales al interior de la Fiscal\u00eda General de la Naci\u00f3n. Para el momento de la divulgaci\u00f3n de este comunicado, la situaci\u00f3n jur\u00eddica de la(s) persona(s) relacionada(s) se encuentra pendiente de resolver por la autoridad judicial competente, siempre bajo los preceptos de la presunci\u00f3n de inocencia, consagrados en el art\u00edculo 29 de la Constituci\u00f3n Pol\u00edtica y el art\u00edculo 7\u00ba de la Ley 906 de 2004.<\/span><\/i><\/p>\n<p class=\"x_MsoNormal\"><span lang=\"ES\">Le puede interesar<\/span><span lang=\"ES\">:\u00a0<\/span><a href=\"https:\/\/www.fiscalia.gov.co\/colombia\/violencia-sexual-e-intrafamiliar\/carcel-para-un-hombre-capturado-por-presunta-agresion-y-amenaza-de-muerte-contra-su-mama\/\" target=\"_blank\" rel=\"noopener noreferrer\">C\u00e1rcel para un hombre capturado por presunta agresi\u00f3n y amenaza de muerte contra su mam\u00e1\u00a0<\/a><\/p>\n\n<div class=\"twitter-share\"><a href=\"https:\/\/twitter.com\/intent\/tweet?via=fiscaliacol\" class=\"twitter-share-button\">Tweet<\/a><\/div>\n","protected":false},"excerpt":{"rendered":"<p>Luis Fernando Monta\u00f1o Angulo fue privado de la libertad en centro carcelario por el juez tercero penal municipal de Buenaventura, con funciones de control de garant\u00edas, por su presunta responsabilidad en el delito de\u00a0violencia intrafamiliar\u00a0agravada en concurso homog\u00e9neo, simult\u00e1neo y sucesivo, que le endilg\u00f3 la Fiscal\u00eda.\u00a0 El hombre fue capturado mediante orden judicial por servidores [&hellip;]<\/p>\n","protected":false},"author":171,"featured_media":0,"comment_status":"closed","ping_status":"open","sticky":false,"template":"","format":"standard","meta":{"_price":"","_stock":"","_tribe_ticket_header":"","_tribe_default_ticket_provider":"","_tribe_ticket_capacity":"0","_ticket_start_date":"","_ticket_end_date":"","_tribe_ticket_show_description":"","_tribe_ticket_show_not_going":false,"_tribe_ticket_use_global_stock":"","_tribe_ticket_global_stock_level":"","_global_stock_mode":"","_global_stock_cap":"","_tribe_rsvp_for_event":"","_tribe_ticket_going_count":"","_tribe_ticket_not_going_count":"","_tribe_tickets_list":"[]","_tribe_ticket_has_attendee_info_fields":false,"tdm_status":"","tdm_grid_status":"","footnotes":""},"categories":[324,303,24127],"tags":[24526,24481,1047,17503,682],"class_list":{"0":"post-217834","1":"post","2":"type-post","3":"status-publish","4":"format-standard","6":"category-seccional-cali","7":"category-seccionales","8":"category-violencia-sexual-e-intrafamiliar","9":"tag-fiscal-general-francisco-barbosa-delgado","10":"tag-fiscalia-de-colombia","11":"tag-fiscalia-general-de-la-nacion","12":"tag-maltrato-fisico","13":"tag-violencia-intrafamiliar"},"yoast_head":"<!-- This site is optimized with the Yoast SEO plugin v24.3 - https:\/\/yoast.com\/wordpress\/plugins\/seo\/ -->\n<title>Fiscal\u00eda General de la Naci\u00f3n<\/title>\n<meta name=\"description\" content=\"P\u00e1gina oficial de la Fiscal\u00eda General de la Naci\u00f3n \u2013 Colombia. Garantizamos el acceso efectivo a la justicia, la verdad y la reparaci\u00f3n de las v\u00edctimas de los delitos.\" \/>\n<meta name=\"robots\" content=\"noindex, follow\" \/>\n<meta property=\"og:locale\" content=\"es_ES\" \/>\n<meta property=\"og:type\" content=\"article\" \/>\n<meta property=\"og:title\" content=\"Fiscal\u00eda General de la Naci\u00f3n\" \/>\n<meta property=\"og:description\" content=\"P\u00e1gina oficial de la Fiscal\u00eda General de la Naci\u00f3n \u2013 Colombia. Garantizamos el acceso efectivo a la justicia, la verdad y la reparaci\u00f3n de las v\u00edctimas de los delitos.\" \/>\n<meta property=\"og:url\" content=\"https:\/\/www.fiscalia.gov.co\/colombia\/violencia-sexual-e-intrafamiliar\/carcel-para-un-hombre-que-presuntamente-golpeaba-y-amenazaba-con-un-arma-cortopunzante-a-su-mama-y-a-su-abuela-de-78-anos\/\" \/>\n<meta property=\"og:site_name\" content=\"Fiscal\u00eda General de la Naci\u00f3n\" \/>\n<meta property=\"article:publisher\" content=\"https:\/\/www.facebook.com\/FiscaliaCol\" \/>\n<meta property=\"article:published_time\" content=\"2021-04-16T16:09:24+00:00\" \/>\n<meta name=\"author\" content=\"Ana Mar\u00eda Gomez\" \/>\n<meta name=\"twitter:card\" content=\"summary_large_image\" \/>\n<meta name=\"twitter:creator\" content=\"@FiscaliaCol\" \/>\n<meta name=\"twitter:site\" content=\"@FiscaliaCol\" \/>\n<meta name=\"twitter:label1\" content=\"Escrito por\" \/>\n\t<meta name=\"twitter:data1\" content=\"Ana Mar\u00eda Gomez\" \/>\n\t<meta name=\"twitter:label2\" content=\"Tiempo de lectura\" \/>\n\t<meta name=\"twitter:data2\" content=\"2 minutos\" \/>\n<script type=\"application\/ld+json\" class=\"yoast-schema-graph\">{\"@context\":\"https:\/\/schema.org\",\"@graph\":[{\"@type\":\"Article\",\"@id\":\"https:\/\/www.fiscalia.gov.co\/colombia\/violencia-sexual-e-intrafamiliar\/carcel-para-un-hombre-que-presuntamente-golpeaba-y-amenazaba-con-un-arma-cortopunzante-a-su-mama-y-a-su-abuela-de-78-anos\/#article\",\"isPartOf\":{\"@id\":\"https:\/\/www.fiscalia.gov.co\/colombia\/violencia-sexual-e-intrafamiliar\/carcel-para-un-hombre-que-presuntamente-golpeaba-y-amenazaba-con-un-arma-cortopunzante-a-su-mama-y-a-su-abuela-de-78-anos\/\"},\"author\":{\"name\":\"Ana Mar\u00eda Gomez\",\"@id\":\"https:\/\/www.fiscalia.gov.co\/colombia\/#\/schema\/person\/06aa2210fe4d79203f428ff671dee360\"},\"headline\":\"C\u00e1rcel para un hombre que presuntamente golpeaba y amenazaba con un arma cortopunzante a su mam\u00e1 y a su abuela de 78 a\u00f1os\",\"datePublished\":\"2021-04-16T16:09:24+00:00\",\"dateModified\":\"2021-04-16T16:09:24+00:00\",\"mainEntityOfPage\":{\"@id\":\"https:\/\/www.fiscalia.gov.co\/colombia\/violencia-sexual-e-intrafamiliar\/carcel-para-un-hombre-que-presuntamente-golpeaba-y-amenazaba-con-un-arma-cortopunzante-a-su-mama-y-a-su-abuela-de-78-anos\/\"},\"wordCount\":342,\"publisher\":{\"@id\":\"https:\/\/www.fiscalia.gov.co\/colombia\/#organization\"},\"keywords\":[\"Fiscal General Francisco Barbosa Delgado\",\"Fiscal\u00eda de Colombia\",\"Fiscal\u00eda General de la Naci\u00f3n\",\"Maltrato f\u00edsico\",\"Violencia intrafamiliar\"],\"articleSection\":[\"Seccional Cali\",\"Seccionales\",\"Violencia sexual e intrafamiliar\"],\"inLanguage\":\"es-CO\"},{\"@type\":\"WebPage\",\"@id\":\"https:\/\/www.fiscalia.gov.co\/colombia\/violencia-sexual-e-intrafamiliar\/carcel-para-un-hombre-que-presuntamente-golpeaba-y-amenazaba-con-un-arma-cortopunzante-a-su-mama-y-a-su-abuela-de-78-anos\/\",\"url\":\"https:\/\/www.fiscalia.gov.co\/colombia\/violencia-sexual-e-intrafamiliar\/carcel-para-un-hombre-que-presuntamente-golpeaba-y-amenazaba-con-un-arma-cortopunzante-a-su-mama-y-a-su-abuela-de-78-anos\/\",\"name\":\"Fiscal\u00eda General de la Naci\u00f3n\",\"isPartOf\":{\"@id\":\"https:\/\/www.fiscalia.gov.co\/colombia\/#website\"},\"datePublished\":\"2021-04-16T16:09:24+00:00\",\"dateModified\":\"2021-04-16T16:09:24+00:00\",\"description\":\"P\u00e1gina oficial de la Fiscal\u00eda General de la Naci\u00f3n \u2013 Colombia. Garantizamos el acceso efectivo a la justicia, la verdad y la reparaci\u00f3n de las v\u00edctimas de los delitos.\",\"breadcrumb\":{\"@id\":\"https:\/\/www.fiscalia.gov.co\/colombia\/violencia-sexual-e-intrafamiliar\/carcel-para-un-hombre-que-presuntamente-golpeaba-y-amenazaba-con-un-arma-cortopunzante-a-su-mama-y-a-su-abuela-de-78-anos\/#breadcrumb\"},\"inLanguage\":\"es-CO\",\"potentialAction\":[{\"@type\":\"ReadAction\",\"target\":[\"https:\/\/www.fiscalia.gov.co\/colombia\/violencia-sexual-e-intrafamiliar\/carcel-para-un-hombre-que-presuntamente-golpeaba-y-amenazaba-con-un-arma-cortopunzante-a-su-mama-y-a-su-abuela-de-78-anos\/\"]}]},{\"@type\":\"BreadcrumbList\",\"@id\":\"https:\/\/www.fiscalia.gov.co\/colombia\/violencia-sexual-e-intrafamiliar\/carcel-para-un-hombre-que-presuntamente-golpeaba-y-amenazaba-con-un-arma-cortopunzante-a-su-mama-y-a-su-abuela-de-78-anos\/#breadcrumb\",\"itemListElement\":[{\"@type\":\"ListItem\",\"position\":1,\"name\":\"Home\",\"item\":\"https:\/\/www.fiscalia.gov.co\/colombia\/\"},{\"@type\":\"ListItem\",\"position\":2,\"name\":\"C\u00e1rcel para un hombre que presuntamente golpeaba y amenazaba con un arma cortopunzante a su mam\u00e1 y a su abuela de 78 a\u00f1os\"}]},{\"@type\":\"WebSite\",\"@id\":\"https:\/\/www.fiscalia.gov.co\/colombia\/#website\",\"url\":\"https:\/\/www.fiscalia.gov.co\/colombia\/\",\"name\":\"Fiscal\u00eda General de la Naci\u00f3n\",\"description\":\"P\u00e1gina oficial de la Fiscal\u00eda General de la Naci\u00f3n \u2013 Colombia. Garantizamos el acceso efectivo a la justicia, la verdad y la reparaci\u00f3n de las v\u00edctimas de los delitos.\",\"publisher\":{\"@id\":\"https:\/\/www.fiscalia.gov.co\/colombia\/#organization\"},\"potentialAction\":[{\"@type\":\"SearchAction\",\"target\":{\"@type\":\"EntryPoint\",\"urlTemplate\":\"https:\/\/www.fiscalia.gov.co\/colombia\/?s={search_term_string}\"},\"query-input\":{\"@type\":\"PropertyValueSpecification\",\"valueRequired\":true,\"valueName\":\"search_term_string\"}}],\"inLanguage\":\"es-CO\"},{\"@type\":\"Organization\",\"@id\":\"https:\/\/www.fiscalia.gov.co\/colombia\/#organization\",\"name\":\"Fiscal\u00eda General de la Naci\u00f3n\",\"url\":\"https:\/\/www.fiscalia.gov.co\/colombia\/\",\"logo\":{\"@type\":\"ImageObject\",\"inLanguage\":\"es-CO\",\"@id\":\"https:\/\/www.fiscalia.gov.co\/colombia\/#\/schema\/logo\/image\/\",\"url\":\"https:\/\/www.fiscalia.gov.co\/colombia\/wp-content\/uploads\/LogoHorizontal_1.jpg\",\"contentUrl\":\"https:\/\/www.fiscalia.gov.co\/colombia\/wp-content\/uploads\/LogoHorizontal_1.jpg\",\"width\":300,\"height\":90,\"caption\":\"Fiscal\u00eda General de la Naci\u00f3n\"},\"image\":{\"@id\":\"https:\/\/www.fiscalia.gov.co\/colombia\/#\/schema\/logo\/image\/\"},\"sameAs\":[\"https:\/\/www.facebook.com\/FiscaliaCol\",\"https:\/\/x.com\/FiscaliaCol\",\"https:\/\/www.instagram.com\/fiscaliacol\",\"https:\/\/www.linkedin.com\/company\/fiscalia-general-de-la-naci-n\/\",\"https:\/\/youtube.com\/@fiscaliageneraldelanacion-4668?si=6nN79nyQICPU5iTh\"]},{\"@type\":\"Person\",\"@id\":\"https:\/\/www.fiscalia.gov.co\/colombia\/#\/schema\/person\/06aa2210fe4d79203f428ff671dee360\",\"name\":\"Ana Mar\u00eda Gomez\",\"image\":{\"@type\":\"ImageObject\",\"inLanguage\":\"es-CO\",\"@id\":\"https:\/\/www.fiscalia.gov.co\/colombia\/#\/schema\/person\/image\/\",\"url\":\"https:\/\/secure.gravatar.com\/avatar\/a38115d98a7f8a96cbb96af2b2c37a0b?s=96&d=mm&r=g\",\"contentUrl\":\"https:\/\/secure.gravatar.com\/avatar\/a38115d98a7f8a96cbb96af2b2c37a0b?s=96&d=mm&r=g\",\"caption\":\"Ana Mar\u00eda Gomez\"},\"url\":\"https:\/\/www.fiscalia.gov.co\/colombia\/author\/agomez\/\"}]}<\/script>\n<!-- \/ Yoast SEO plugin. -->","yoast_head_json":{"title":"Fiscal\u00eda General de la Naci\u00f3n","description":"P\u00e1gina oficial de la Fiscal\u00eda General de la Naci\u00f3n \u2013 Colombia. Garantizamos el acceso efectivo a la justicia, la verdad y la reparaci\u00f3n de las v\u00edctimas de los delitos.","robots":{"index":"noindex","follow":"follow"},"og_locale":"es_ES","og_type":"article","og_title":"Fiscal\u00eda General de la Naci\u00f3n","og_description":"P\u00e1gina oficial de la Fiscal\u00eda General de la Naci\u00f3n \u2013 Colombia. Garantizamos el acceso efectivo a la justicia, la verdad y la reparaci\u00f3n de las v\u00edctimas de los delitos.","og_url":"https:\/\/www.fiscalia.gov.co\/colombia\/violencia-sexual-e-intrafamiliar\/carcel-para-un-hombre-que-presuntamente-golpeaba-y-amenazaba-con-un-arma-cortopunzante-a-su-mama-y-a-su-abuela-de-78-anos\/","og_site_name":"Fiscal\u00eda General de la Naci\u00f3n","article_publisher":"https:\/\/www.facebook.com\/FiscaliaCol","article_published_time":"2021-04-16T16:09:24+00:00","author":"Ana Mar\u00eda Gomez","twitter_card":"summary_large_image","twitter_creator":"@FiscaliaCol","twitter_site":"@FiscaliaCol","twitter_misc":{"Escrito por":"Ana Mar\u00eda Gomez","Tiempo de lectura":"2 minutos"},"schema":{"@context":"https:\/\/schema.org","@graph":[{"@type":"Article","@id":"https:\/\/www.fiscalia.gov.co\/colombia\/violencia-sexual-e-intrafamiliar\/carcel-para-un-hombre-que-presuntamente-golpeaba-y-amenazaba-con-un-arma-cortopunzante-a-su-mama-y-a-su-abuela-de-78-anos\/#article","isPartOf":{"@id":"https:\/\/www.fiscalia.gov.co\/colombia\/violencia-sexual-e-intrafamiliar\/carcel-para-un-hombre-que-presuntamente-golpeaba-y-amenazaba-con-un-arma-cortopunzante-a-su-mama-y-a-su-abuela-de-78-anos\/"},"author":{"name":"Ana Mar\u00eda Gomez","@id":"https:\/\/www.fiscalia.gov.co\/colombia\/#\/schema\/person\/06aa2210fe4d79203f428ff671dee360"},"headline":"C\u00e1rcel para un hombre que presuntamente golpeaba y amenazaba con un arma cortopunzante a su mam\u00e1 y a su abuela de 78 a\u00f1os","datePublished":"2021-04-16T16:09:24+00:00","dateModified":"2021-04-16T16:09:24+00:00","mainEntityOfPage":{"@id":"https:\/\/www.fiscalia.gov.co\/colombia\/violencia-sexual-e-intrafamiliar\/carcel-para-un-hombre-que-presuntamente-golpeaba-y-amenazaba-con-un-arma-cortopunzante-a-su-mama-y-a-su-abuela-de-78-anos\/"},"wordCount":342,"publisher":{"@id":"https:\/\/www.fiscalia.gov.co\/colombia\/#organization"},"keywords":["Fiscal General Francisco Barbosa Delgado","Fiscal\u00eda de Colombia","Fiscal\u00eda General de la Naci\u00f3n","Maltrato f\u00edsico","Violencia intrafamiliar"],"articleSection":["Seccional Cali","Seccionales","Violencia sexual e intrafamiliar"],"inLanguage":"es-CO"},{"@type":"WebPage","@id":"https:\/\/www.fiscalia.gov.co\/colombia\/violencia-sexual-e-intrafamiliar\/carcel-para-un-hombre-que-presuntamente-golpeaba-y-amenazaba-con-un-arma-cortopunzante-a-su-mama-y-a-su-abuela-de-78-anos\/","url":"https:\/\/www.fiscalia.gov.co\/colombia\/violencia-sexual-e-intrafamiliar\/carcel-para-un-hombre-que-presuntamente-golpeaba-y-amenazaba-con-un-arma-cortopunzante-a-su-mama-y-a-su-abuela-de-78-anos\/","name":"Fiscal\u00eda General de la Naci\u00f3n","isPartOf":{"@id":"https:\/\/www.fiscalia.gov.co\/colombia\/#website"},"datePublished":"2021-04-16T16:09:24+00:00","dateModified":"2021-04-16T16:09:24+00:00","description":"P\u00e1gina oficial de la Fiscal\u00eda General de la Naci\u00f3n \u2013 Colombia. Garantizamos el acceso efectivo a la justicia, la verdad y la reparaci\u00f3n de las v\u00edctimas de los delitos.","breadcrumb":{"@id":"https:\/\/www.fiscalia.gov.co\/colombia\/violencia-sexual-e-intrafamiliar\/carcel-para-un-hombre-que-presuntamente-golpeaba-y-amenazaba-con-un-arma-cortopunzante-a-su-mama-y-a-su-abuela-de-78-anos\/#breadcrumb"},"inLanguage":"es-CO","potentialAction":[{"@type":"ReadAction","target":["https:\/\/www.fiscalia.gov.co\/colombia\/violencia-sexual-e-intrafamiliar\/carcel-para-un-hombre-que-presuntamente-golpeaba-y-amenazaba-con-un-arma-cortopunzante-a-su-mama-y-a-su-abuela-de-78-anos\/"]}]},{"@type":"BreadcrumbList","@id":"https:\/\/www.fiscalia.gov.co\/colombia\/violencia-sexual-e-intrafamiliar\/carcel-para-un-hombre-que-presuntamente-golpeaba-y-amenazaba-con-un-arma-cortopunzante-a-su-mama-y-a-su-abuela-de-78-anos\/#breadcrumb","itemListElement":[{"@type":"ListItem","position":1,"name":"Home","item":"https:\/\/www.fiscalia.gov.co\/colombia\/"},{"@type":"ListItem","position":2,"name":"C\u00e1rcel para un hombre que presuntamente golpeaba y amenazaba con un arma cortopunzante a su mam\u00e1 y a su abuela de 78 a\u00f1os"}]},{"@type":"WebSite","@id":"https:\/\/www.fiscalia.gov.co\/colombia\/#website","url":"https:\/\/www.fiscalia.gov.co\/colombia\/","name":"Fiscal\u00eda General de la Naci\u00f3n","description":"P\u00e1gina oficial de la Fiscal\u00eda General de la Naci\u00f3n \u2013 Colombia. Garantizamos el acceso efectivo a la justicia, la verdad y la reparaci\u00f3n de las v\u00edctimas de los delitos.","publisher":{"@id":"https:\/\/www.fiscalia.gov.co\/colombia\/#organization"},"potentialAction":[{"@type":"SearchAction","target":{"@type":"EntryPoint","urlTemplate":"https:\/\/www.fiscalia.gov.co\/colombia\/?s={search_term_string}"},"query-input":{"@type":"PropertyValueSpecification","valueRequired":true,"valueName":"search_term_string"}}],"inLanguage":"es-CO"},{"@type":"Organization","@id":"https:\/\/www.fiscalia.gov.co\/colombia\/#organization","name":"Fiscal\u00eda General de la Naci\u00f3n","url":"https:\/\/www.fiscalia.gov.co\/colombia\/","logo":{"@type":"ImageObject","inLanguage":"es-CO","@id":"https:\/\/www.fiscalia.gov.co\/colombia\/#\/schema\/logo\/image\/","url":"https:\/\/www.fiscalia.gov.co\/colombia\/wp-content\/uploads\/LogoHorizontal_1.jpg","contentUrl":"https:\/\/www.fiscalia.gov.co\/colombia\/wp-content\/uploads\/LogoHorizontal_1.jpg","width":300,"height":90,"caption":"Fiscal\u00eda General de la Naci\u00f3n"},"image":{"@id":"https:\/\/www.fiscalia.gov.co\/colombia\/#\/schema\/logo\/image\/"},"sameAs":["https:\/\/www.facebook.com\/FiscaliaCol","https:\/\/x.com\/FiscaliaCol","https:\/\/www.instagram.com\/fiscaliacol","https:\/\/www.linkedin.com\/company\/fiscalia-general-de-la-naci-n\/","https:\/\/youtube.com\/@fiscaliageneraldelanacion-4668?si=6nN79nyQICPU5iTh"]},{"@type":"Person","@id":"https:\/\/www.fiscalia.gov.co\/colombia\/#\/schema\/person\/06aa2210fe4d79203f428ff671dee360","name":"Ana Mar\u00eda Gomez","image":{"@type":"ImageObject","inLanguage":"es-CO","@id":"https:\/\/www.fiscalia.gov.co\/colombia\/#\/schema\/person\/image\/","url":"https:\/\/secure.gravatar.com\/avatar\/a38115d98a7f8a96cbb96af2b2c37a0b?s=96&d=mm&r=g","contentUrl":"https:\/\/secure.gravatar.com\/avatar\/a38115d98a7f8a96cbb96af2b2c37a0b?s=96&d=mm&r=g","caption":"Ana Mar\u00eda Gomez"},"url":"https:\/\/www.fiscalia.gov.co\/colombia\/author\/agomez\/"}]}},"_links":{"self":[{"href":"https:\/\/www.fiscalia.gov.co\/colombia\/wp-json\/wp\/v2\/posts\/217834","targetHints":{"allow":["GET"]}}],"collection":[{"href":"https:\/\/www.fiscalia.gov.co\/colombia\/wp-json\/wp\/v2\/posts"}],"about":[{"href":"https:\/\/www.fiscalia.gov.co\/colombia\/wp-json\/wp\/v2\/types\/post"}],"author":[{"embeddable":true,"href":"https:\/\/www.fiscalia.gov.co\/colombia\/wp-json\/wp\/v2\/users\/171"}],"replies":[{"embeddable":true,"href":"https:\/\/www.fiscalia.gov.co\/colombia\/wp-json\/wp\/v2\/comments?post=217834"}],"version-history":[{"count":1,"href":"https:\/\/www.fiscalia.gov.co\/colombia\/wp-json\/wp\/v2\/posts\/217834\/revisions"}],"predecessor-version":[{"id":217836,"href":"https:\/\/www.fiscalia.gov.co\/colombia\/wp-json\/wp\/v2\/posts\/217834\/revisions\/217836"}],"wp:attachment":[{"href":"https:\/\/www.fiscalia.gov.co\/colombia\/wp-json\/wp\/v2\/media?parent=217834"}],"wp:term":[{"taxonomy":"category","embeddable":true,"href":"https:\/\/www.fiscalia.gov.co\/colombia\/wp-json\/wp\/v2\/categories?post=217834"},{"taxonomy":"post_tag","embeddable":true,"href":"https:\/\/www.fiscalia.gov.co\/colombia\/wp-json\/wp\/v2\/tags?post=217834"}],"curies":[{"name":"wp","href":"https:\/\/api.w.org\/{rel}","templated":true}]}}