{"id":217795,"date":"2021-04-15T17:52:50","date_gmt":"2021-04-15T22:52:50","guid":{"rendered":"https:\/\/www.fiscalia.gov.co\/colombia\/?p=217795"},"modified":"2021-04-16T08:00:37","modified_gmt":"2021-04-16T13:00:37","slug":"a-mas-de-22-anos-de-prision-fue-condenado-un-hombre-por-la-muerte-de-dos-personas-en-guaviare","status":"publish","type":"post","link":"https:\/\/www.fiscalia.gov.co\/colombia\/seccionales\/seccional-guaviare\/a-mas-de-22-anos-de-prision-fue-condenado-un-hombre-por-la-muerte-de-dos-personas-en-guaviare\/","title":{"rendered":"A m\u00e1s de 22 a\u00f1os de prisi\u00f3n fue condenado un hombre por la muerte de dos personas en Guaviare"},"content":{"rendered":"<p>Una\u00a0<a href=\"https:\/\/www.fiscalia.gov.co\/colombia\/hay-justicia\/condenado-integrante-de-los-caparros-por-crimen-de-defensor-de-derechos-humanos-en-taraza-antioquia\/\">condena superior a 22 a\u00f1os de prisi\u00f3n (268 meses) fue impuesta en contra de Orlando Matiz Gonz\u00e1lez<\/a>, luego de ser hallado responsable de la muerte de Ramiro Garc\u00eda Rinc\u00f3n y Nancy Llanira Cano Casta\u00f1eda, en hechos ocurridos en septiembre de 2016 en la Vereda Chaparral Medio del municipio de El Retorno (Guaviare).<\/p>\n<p>La decisi\u00f3n fue adoptada por un juzgado de conocimiento en San Jos\u00e9 del Guaviare (Guaviare), tras evaluar el material probatorio presentado por un fiscal adscrito a la Unidad de Vida de Guaviare que demostr\u00f3 su responsabilidad en la muerte de las dos personas.<\/p>\n<p>Matiz fue imputado por los delitos de homicidio agravado en concurso homog\u00e9neo y sucesivo con fabricaci\u00f3n, tr\u00e1fico y porte de armas fuego en concurso con hurto calificado y agravado. Junto a este hombre fue procesado Noe G\u00f3mez Andrade quien como autor intelectual de los mismos hechos fue condenado a m\u00e1s de 41 a\u00f1os de prisi\u00f3n, en 2019.<\/p>\n<p>En la investigaci\u00f3n se determin\u00f3 que Orlando Matiz Gonz\u00e1lez fue contactado por G\u00f3mez Andrade y otra persona para asesinar a las dos v\u00edctimas.<\/p>\n<p>La Fiscal\u00eda habla con resultados<\/p>\n<p><strong>PYMP\/MAGA\/AMZC<\/strong><\/p>\n<p>&nbsp;<\/p>\n\n<div class=\"twitter-share\"><a href=\"https:\/\/twitter.com\/intent\/tweet?via=fiscaliacol\" class=\"twitter-share-button\">Tweet<\/a><\/div>\n","protected":false},"excerpt":{"rendered":"<p>Una\u00a0condena superior a 22 a\u00f1os de prisi\u00f3n (268 meses) fue impuesta en contra de Orlando Matiz Gonz\u00e1lez, luego de ser hallado responsable de la muerte de Ramiro Garc\u00eda Rinc\u00f3n y Nancy Llanira Cano Casta\u00f1eda, en hechos ocurridos en septiembre de 2016 en la Vereda Chaparral Medio del municipio de El Retorno (Guaviare). La decisi\u00f3n fue [&hellip;]<\/p>\n","protected":false},"author":171,"featured_media":0,"comment_status":"closed","ping_status":"open","sticky":false,"template":"","format":"standard","meta":{"_price":"","_stock":"","_tribe_ticket_header":"","_tribe_default_ticket_provider":"","_tribe_ticket_capacity":"0","_ticket_start_date":"","_ticket_end_date":"","_tribe_ticket_show_description":"","_tribe_ticket_show_not_going":false,"_tribe_ticket_use_global_stock":"","_tribe_ticket_global_stock_level":"","_global_stock_mode":"","_global_stock_cap":"","_tribe_rsvp_for_event":"","_tribe_ticket_going_count":"","_tribe_ticket_not_going_count":"","_tribe_tickets_list":"[]","_tribe_ticket_has_attendee_info_fields":false,"tdm_status":"","tdm_grid_status":"","footnotes":""},"categories":[24174,12689,303],"tags":[26609,2431,15157,686,7451],"class_list":{"0":"post-217795","1":"post","2":"type-post","3":"status-publish","4":"format-standard","6":"category-hay-justicia","7":"category-seccional-guaviare","8":"category-seccionales","9":"tag-268-meses-de-prision","10":"tag-condenado","11":"tag-fabricacion-y-porte-de-armas-de-fuego","12":"tag-homicidio-agravado","13":"tag-hurto-calificado-y-agravado"},"yoast_head":"<!-- This site is optimized with the Yoast SEO plugin v24.3 - https:\/\/yoast.com\/wordpress\/plugins\/seo\/ -->\n<title>Fiscal\u00eda General de la Naci\u00f3n<\/title>\n<meta name=\"description\" content=\"P\u00e1gina oficial de la Fiscal\u00eda General de la Naci\u00f3n \u2013 Colombia. Garantizamos el acceso efectivo a la justicia, la verdad y la reparaci\u00f3n de las v\u00edctimas de los delitos.\" \/>\n<meta name=\"robots\" content=\"noindex, follow\" \/>\n<meta property=\"og:locale\" content=\"es_ES\" \/>\n<meta property=\"og:type\" content=\"article\" \/>\n<meta property=\"og:title\" content=\"Fiscal\u00eda General de la Naci\u00f3n\" \/>\n<meta property=\"og:description\" content=\"P\u00e1gina oficial de la Fiscal\u00eda General de la Naci\u00f3n \u2013 Colombia. Garantizamos el acceso efectivo a la justicia, la verdad y la reparaci\u00f3n de las v\u00edctimas de los delitos.\" \/>\n<meta property=\"og:url\" content=\"https:\/\/www.fiscalia.gov.co\/colombia\/seccionales\/seccional-guaviare\/a-mas-de-22-anos-de-prision-fue-condenado-un-hombre-por-la-muerte-de-dos-personas-en-guaviare\/\" \/>\n<meta property=\"og:site_name\" content=\"Fiscal\u00eda General de la Naci\u00f3n\" \/>\n<meta property=\"article:publisher\" content=\"https:\/\/www.facebook.com\/FiscaliaCol\" \/>\n<meta property=\"article:published_time\" content=\"2021-04-15T22:52:50+00:00\" \/>\n<meta property=\"article:modified_time\" content=\"2021-04-16T13:00:37+00:00\" \/>\n<meta name=\"author\" content=\"Ana Mar\u00eda Gomez\" \/>\n<meta name=\"twitter:card\" content=\"summary_large_image\" \/>\n<meta name=\"twitter:creator\" content=\"@FiscaliaCol\" \/>\n<meta name=\"twitter:site\" content=\"@FiscaliaCol\" \/>\n<meta name=\"twitter:label1\" content=\"Escrito por\" \/>\n\t<meta name=\"twitter:data1\" content=\"Ana Mar\u00eda Gomez\" \/>\n\t<meta name=\"twitter:label2\" content=\"Tiempo de lectura\" \/>\n\t<meta name=\"twitter:data2\" content=\"1 minuto\" \/>\n<script type=\"application\/ld+json\" class=\"yoast-schema-graph\">{\"@context\":\"https:\/\/schema.org\",\"@graph\":[{\"@type\":\"Article\",\"@id\":\"https:\/\/www.fiscalia.gov.co\/colombia\/seccionales\/seccional-guaviare\/a-mas-de-22-anos-de-prision-fue-condenado-un-hombre-por-la-muerte-de-dos-personas-en-guaviare\/#article\",\"isPartOf\":{\"@id\":\"https:\/\/www.fiscalia.gov.co\/colombia\/seccionales\/seccional-guaviare\/a-mas-de-22-anos-de-prision-fue-condenado-un-hombre-por-la-muerte-de-dos-personas-en-guaviare\/\"},\"author\":{\"name\":\"Ana Mar\u00eda Gomez\",\"@id\":\"https:\/\/www.fiscalia.gov.co\/colombia\/#\/schema\/person\/06aa2210fe4d79203f428ff671dee360\"},\"headline\":\"A m\u00e1s de 22 a\u00f1os de prisi\u00f3n fue condenado un hombre por la muerte de dos personas en Guaviare\",\"datePublished\":\"2021-04-15T22:52:50+00:00\",\"dateModified\":\"2021-04-16T13:00:37+00:00\",\"mainEntityOfPage\":{\"@id\":\"https:\/\/www.fiscalia.gov.co\/colombia\/seccionales\/seccional-guaviare\/a-mas-de-22-anos-de-prision-fue-condenado-un-hombre-por-la-muerte-de-dos-personas-en-guaviare\/\"},\"wordCount\":220,\"publisher\":{\"@id\":\"https:\/\/www.fiscalia.gov.co\/colombia\/#organization\"},\"keywords\":[\"268 meses de prisi\u00f3n\",\"Condenado\",\"fabricaci\u00f3n y porte de armas de fuego\",\"Homicidio agravado\",\"hurto calificado y agravado\"],\"articleSection\":[\"Hay Justicia\",\"Seccional Guaviare\",\"Seccionales\"],\"inLanguage\":\"es-CO\"},{\"@type\":\"WebPage\",\"@id\":\"https:\/\/www.fiscalia.gov.co\/colombia\/seccionales\/seccional-guaviare\/a-mas-de-22-anos-de-prision-fue-condenado-un-hombre-por-la-muerte-de-dos-personas-en-guaviare\/\",\"url\":\"https:\/\/www.fiscalia.gov.co\/colombia\/seccionales\/seccional-guaviare\/a-mas-de-22-anos-de-prision-fue-condenado-un-hombre-por-la-muerte-de-dos-personas-en-guaviare\/\",\"name\":\"Fiscal\u00eda General de la Naci\u00f3n\",\"isPartOf\":{\"@id\":\"https:\/\/www.fiscalia.gov.co\/colombia\/#website\"},\"datePublished\":\"2021-04-15T22:52:50+00:00\",\"dateModified\":\"2021-04-16T13:00:37+00:00\",\"description\":\"P\u00e1gina oficial de la Fiscal\u00eda General de la Naci\u00f3n \u2013 Colombia. Garantizamos el acceso efectivo a la justicia, la verdad y la reparaci\u00f3n de las v\u00edctimas de los delitos.\",\"breadcrumb\":{\"@id\":\"https:\/\/www.fiscalia.gov.co\/colombia\/seccionales\/seccional-guaviare\/a-mas-de-22-anos-de-prision-fue-condenado-un-hombre-por-la-muerte-de-dos-personas-en-guaviare\/#breadcrumb\"},\"inLanguage\":\"es-CO\",\"potentialAction\":[{\"@type\":\"ReadAction\",\"target\":[\"https:\/\/www.fiscalia.gov.co\/colombia\/seccionales\/seccional-guaviare\/a-mas-de-22-anos-de-prision-fue-condenado-un-hombre-por-la-muerte-de-dos-personas-en-guaviare\/\"]}]},{\"@type\":\"BreadcrumbList\",\"@id\":\"https:\/\/www.fiscalia.gov.co\/colombia\/seccionales\/seccional-guaviare\/a-mas-de-22-anos-de-prision-fue-condenado-un-hombre-por-la-muerte-de-dos-personas-en-guaviare\/#breadcrumb\",\"itemListElement\":[{\"@type\":\"ListItem\",\"position\":1,\"name\":\"Home\",\"item\":\"https:\/\/www.fiscalia.gov.co\/colombia\/\"},{\"@type\":\"ListItem\",\"position\":2,\"name\":\"A m\u00e1s de 22 a\u00f1os de prisi\u00f3n fue condenado un hombre por la muerte de dos personas en Guaviare\"}]},{\"@type\":\"WebSite\",\"@id\":\"https:\/\/www.fiscalia.gov.co\/colombia\/#website\",\"url\":\"https:\/\/www.fiscalia.gov.co\/colombia\/\",\"name\":\"Fiscal\u00eda General de la Naci\u00f3n\",\"description\":\"P\u00e1gina oficial de la Fiscal\u00eda General de la Naci\u00f3n \u2013 Colombia. Garantizamos el acceso efectivo a la justicia, la verdad y la reparaci\u00f3n de las v\u00edctimas de los delitos.\",\"publisher\":{\"@id\":\"https:\/\/www.fiscalia.gov.co\/colombia\/#organization\"},\"potentialAction\":[{\"@type\":\"SearchAction\",\"target\":{\"@type\":\"EntryPoint\",\"urlTemplate\":\"https:\/\/www.fiscalia.gov.co\/colombia\/?s={search_term_string}\"},\"query-input\":{\"@type\":\"PropertyValueSpecification\",\"valueRequired\":true,\"valueName\":\"search_term_string\"}}],\"inLanguage\":\"es-CO\"},{\"@type\":\"Organization\",\"@id\":\"https:\/\/www.fiscalia.gov.co\/colombia\/#organization\",\"name\":\"Fiscal\u00eda General de la Naci\u00f3n\",\"url\":\"https:\/\/www.fiscalia.gov.co\/colombia\/\",\"logo\":{\"@type\":\"ImageObject\",\"inLanguage\":\"es-CO\",\"@id\":\"https:\/\/www.fiscalia.gov.co\/colombia\/#\/schema\/logo\/image\/\",\"url\":\"https:\/\/www.fiscalia.gov.co\/colombia\/wp-content\/uploads\/LogoHorizontal_1.jpg\",\"contentUrl\":\"https:\/\/www.fiscalia.gov.co\/colombia\/wp-content\/uploads\/LogoHorizontal_1.jpg\",\"width\":300,\"height\":90,\"caption\":\"Fiscal\u00eda General de la Naci\u00f3n\"},\"image\":{\"@id\":\"https:\/\/www.fiscalia.gov.co\/colombia\/#\/schema\/logo\/image\/\"},\"sameAs\":[\"https:\/\/www.facebook.com\/FiscaliaCol\",\"https:\/\/x.com\/FiscaliaCol\",\"https:\/\/www.instagram.com\/fiscaliacol\",\"https:\/\/www.linkedin.com\/company\/fiscalia-general-de-la-naci-n\/\",\"https:\/\/youtube.com\/@fiscaliageneraldelanacion-4668?si=6nN79nyQICPU5iTh\"]},{\"@type\":\"Person\",\"@id\":\"https:\/\/www.fiscalia.gov.co\/colombia\/#\/schema\/person\/06aa2210fe4d79203f428ff671dee360\",\"name\":\"Ana Mar\u00eda Gomez\",\"image\":{\"@type\":\"ImageObject\",\"inLanguage\":\"es-CO\",\"@id\":\"https:\/\/www.fiscalia.gov.co\/colombia\/#\/schema\/person\/image\/\",\"url\":\"https:\/\/secure.gravatar.com\/avatar\/a38115d98a7f8a96cbb96af2b2c37a0b?s=96&d=mm&r=g\",\"contentUrl\":\"https:\/\/secure.gravatar.com\/avatar\/a38115d98a7f8a96cbb96af2b2c37a0b?s=96&d=mm&r=g\",\"caption\":\"Ana Mar\u00eda Gomez\"},\"url\":\"https:\/\/www.fiscalia.gov.co\/colombia\/author\/agomez\/\"}]}<\/script>\n<!-- \/ Yoast SEO plugin. -->","yoast_head_json":{"title":"Fiscal\u00eda General de la Naci\u00f3n","description":"P\u00e1gina oficial de la Fiscal\u00eda General de la Naci\u00f3n \u2013 Colombia. Garantizamos el acceso efectivo a la justicia, la verdad y la reparaci\u00f3n de las v\u00edctimas de los delitos.","robots":{"index":"noindex","follow":"follow"},"og_locale":"es_ES","og_type":"article","og_title":"Fiscal\u00eda General de la Naci\u00f3n","og_description":"P\u00e1gina oficial de la Fiscal\u00eda General de la Naci\u00f3n \u2013 Colombia. Garantizamos el acceso efectivo a la justicia, la verdad y la reparaci\u00f3n de las v\u00edctimas de los delitos.","og_url":"https:\/\/www.fiscalia.gov.co\/colombia\/seccionales\/seccional-guaviare\/a-mas-de-22-anos-de-prision-fue-condenado-un-hombre-por-la-muerte-de-dos-personas-en-guaviare\/","og_site_name":"Fiscal\u00eda General de la Naci\u00f3n","article_publisher":"https:\/\/www.facebook.com\/FiscaliaCol","article_published_time":"2021-04-15T22:52:50+00:00","article_modified_time":"2021-04-16T13:00:37+00:00","author":"Ana Mar\u00eda Gomez","twitter_card":"summary_large_image","twitter_creator":"@FiscaliaCol","twitter_site":"@FiscaliaCol","twitter_misc":{"Escrito por":"Ana Mar\u00eda Gomez","Tiempo de lectura":"1 minuto"},"schema":{"@context":"https:\/\/schema.org","@graph":[{"@type":"Article","@id":"https:\/\/www.fiscalia.gov.co\/colombia\/seccionales\/seccional-guaviare\/a-mas-de-22-anos-de-prision-fue-condenado-un-hombre-por-la-muerte-de-dos-personas-en-guaviare\/#article","isPartOf":{"@id":"https:\/\/www.fiscalia.gov.co\/colombia\/seccionales\/seccional-guaviare\/a-mas-de-22-anos-de-prision-fue-condenado-un-hombre-por-la-muerte-de-dos-personas-en-guaviare\/"},"author":{"name":"Ana Mar\u00eda Gomez","@id":"https:\/\/www.fiscalia.gov.co\/colombia\/#\/schema\/person\/06aa2210fe4d79203f428ff671dee360"},"headline":"A m\u00e1s de 22 a\u00f1os de prisi\u00f3n fue condenado un hombre por la muerte de dos personas en Guaviare","datePublished":"2021-04-15T22:52:50+00:00","dateModified":"2021-04-16T13:00:37+00:00","mainEntityOfPage":{"@id":"https:\/\/www.fiscalia.gov.co\/colombia\/seccionales\/seccional-guaviare\/a-mas-de-22-anos-de-prision-fue-condenado-un-hombre-por-la-muerte-de-dos-personas-en-guaviare\/"},"wordCount":220,"publisher":{"@id":"https:\/\/www.fiscalia.gov.co\/colombia\/#organization"},"keywords":["268 meses de prisi\u00f3n","Condenado","fabricaci\u00f3n y porte de armas de fuego","Homicidio agravado","hurto calificado y agravado"],"articleSection":["Hay Justicia","Seccional Guaviare","Seccionales"],"inLanguage":"es-CO"},{"@type":"WebPage","@id":"https:\/\/www.fiscalia.gov.co\/colombia\/seccionales\/seccional-guaviare\/a-mas-de-22-anos-de-prision-fue-condenado-un-hombre-por-la-muerte-de-dos-personas-en-guaviare\/","url":"https:\/\/www.fiscalia.gov.co\/colombia\/seccionales\/seccional-guaviare\/a-mas-de-22-anos-de-prision-fue-condenado-un-hombre-por-la-muerte-de-dos-personas-en-guaviare\/","name":"Fiscal\u00eda General de la Naci\u00f3n","isPartOf":{"@id":"https:\/\/www.fiscalia.gov.co\/colombia\/#website"},"datePublished":"2021-04-15T22:52:50+00:00","dateModified":"2021-04-16T13:00:37+00:00","description":"P\u00e1gina oficial de la Fiscal\u00eda General de la Naci\u00f3n \u2013 Colombia. Garantizamos el acceso efectivo a la justicia, la verdad y la reparaci\u00f3n de las v\u00edctimas de los delitos.","breadcrumb":{"@id":"https:\/\/www.fiscalia.gov.co\/colombia\/seccionales\/seccional-guaviare\/a-mas-de-22-anos-de-prision-fue-condenado-un-hombre-por-la-muerte-de-dos-personas-en-guaviare\/#breadcrumb"},"inLanguage":"es-CO","potentialAction":[{"@type":"ReadAction","target":["https:\/\/www.fiscalia.gov.co\/colombia\/seccionales\/seccional-guaviare\/a-mas-de-22-anos-de-prision-fue-condenado-un-hombre-por-la-muerte-de-dos-personas-en-guaviare\/"]}]},{"@type":"BreadcrumbList","@id":"https:\/\/www.fiscalia.gov.co\/colombia\/seccionales\/seccional-guaviare\/a-mas-de-22-anos-de-prision-fue-condenado-un-hombre-por-la-muerte-de-dos-personas-en-guaviare\/#breadcrumb","itemListElement":[{"@type":"ListItem","position":1,"name":"Home","item":"https:\/\/www.fiscalia.gov.co\/colombia\/"},{"@type":"ListItem","position":2,"name":"A m\u00e1s de 22 a\u00f1os de prisi\u00f3n fue condenado un hombre por la muerte de dos personas en Guaviare"}]},{"@type":"WebSite","@id":"https:\/\/www.fiscalia.gov.co\/colombia\/#website","url":"https:\/\/www.fiscalia.gov.co\/colombia\/","name":"Fiscal\u00eda General de la Naci\u00f3n","description":"P\u00e1gina oficial de la Fiscal\u00eda General de la Naci\u00f3n \u2013 Colombia. Garantizamos el acceso efectivo a la justicia, la verdad y la reparaci\u00f3n de las v\u00edctimas de los delitos.","publisher":{"@id":"https:\/\/www.fiscalia.gov.co\/colombia\/#organization"},"potentialAction":[{"@type":"SearchAction","target":{"@type":"EntryPoint","urlTemplate":"https:\/\/www.fiscalia.gov.co\/colombia\/?s={search_term_string}"},"query-input":{"@type":"PropertyValueSpecification","valueRequired":true,"valueName":"search_term_string"}}],"inLanguage":"es-CO"},{"@type":"Organization","@id":"https:\/\/www.fiscalia.gov.co\/colombia\/#organization","name":"Fiscal\u00eda General de la Naci\u00f3n","url":"https:\/\/www.fiscalia.gov.co\/colombia\/","logo":{"@type":"ImageObject","inLanguage":"es-CO","@id":"https:\/\/www.fiscalia.gov.co\/colombia\/#\/schema\/logo\/image\/","url":"https:\/\/www.fiscalia.gov.co\/colombia\/wp-content\/uploads\/LogoHorizontal_1.jpg","contentUrl":"https:\/\/www.fiscalia.gov.co\/colombia\/wp-content\/uploads\/LogoHorizontal_1.jpg","width":300,"height":90,"caption":"Fiscal\u00eda General de la Naci\u00f3n"},"image":{"@id":"https:\/\/www.fiscalia.gov.co\/colombia\/#\/schema\/logo\/image\/"},"sameAs":["https:\/\/www.facebook.com\/FiscaliaCol","https:\/\/x.com\/FiscaliaCol","https:\/\/www.instagram.com\/fiscaliacol","https:\/\/www.linkedin.com\/company\/fiscalia-general-de-la-naci-n\/","https:\/\/youtube.com\/@fiscaliageneraldelanacion-4668?si=6nN79nyQICPU5iTh"]},{"@type":"Person","@id":"https:\/\/www.fiscalia.gov.co\/colombia\/#\/schema\/person\/06aa2210fe4d79203f428ff671dee360","name":"Ana Mar\u00eda Gomez","image":{"@type":"ImageObject","inLanguage":"es-CO","@id":"https:\/\/www.fiscalia.gov.co\/colombia\/#\/schema\/person\/image\/","url":"https:\/\/secure.gravatar.com\/avatar\/a38115d98a7f8a96cbb96af2b2c37a0b?s=96&d=mm&r=g","contentUrl":"https:\/\/secure.gravatar.com\/avatar\/a38115d98a7f8a96cbb96af2b2c37a0b?s=96&d=mm&r=g","caption":"Ana Mar\u00eda Gomez"},"url":"https:\/\/www.fiscalia.gov.co\/colombia\/author\/agomez\/"}]}},"_links":{"self":[{"href":"https:\/\/www.fiscalia.gov.co\/colombia\/wp-json\/wp\/v2\/posts\/217795","targetHints":{"allow":["GET"]}}],"collection":[{"href":"https:\/\/www.fiscalia.gov.co\/colombia\/wp-json\/wp\/v2\/posts"}],"about":[{"href":"https:\/\/www.fiscalia.gov.co\/colombia\/wp-json\/wp\/v2\/types\/post"}],"author":[{"embeddable":true,"href":"https:\/\/www.fiscalia.gov.co\/colombia\/wp-json\/wp\/v2\/users\/171"}],"replies":[{"embeddable":true,"href":"https:\/\/www.fiscalia.gov.co\/colombia\/wp-json\/wp\/v2\/comments?post=217795"}],"version-history":[{"count":1,"href":"https:\/\/www.fiscalia.gov.co\/colombia\/wp-json\/wp\/v2\/posts\/217795\/revisions"}],"predecessor-version":[{"id":217796,"href":"https:\/\/www.fiscalia.gov.co\/colombia\/wp-json\/wp\/v2\/posts\/217795\/revisions\/217796"}],"wp:attachment":[{"href":"https:\/\/www.fiscalia.gov.co\/colombia\/wp-json\/wp\/v2\/media?parent=217795"}],"wp:term":[{"taxonomy":"category","embeddable":true,"href":"https:\/\/www.fiscalia.gov.co\/colombia\/wp-json\/wp\/v2\/categories?post=217795"},{"taxonomy":"post_tag","embeddable":true,"href":"https:\/\/www.fiscalia.gov.co\/colombia\/wp-json\/wp\/v2\/tags?post=217795"}],"curies":[{"name":"wp","href":"https:\/\/api.w.org\/{rel}","templated":true}]}}