{"id":217544,"date":"2021-04-13T11:19:17","date_gmt":"2021-04-13T16:19:17","guid":{"rendered":"https:\/\/www.fiscalia.gov.co\/colombia\/?p=217544"},"modified":"2021-04-13T11:19:17","modified_gmt":"2021-04-13T16:19:17","slug":"judicializados-dos-hombres-presuntos-responsables-de-trafico-de-estupefacientes","status":"publish","type":"post","link":"https:\/\/www.fiscalia.gov.co\/colombia\/trafico-de-estupefacientes\/judicializados-dos-hombres-presuntos-responsables-de-trafico-de-estupefacientes\/","title":{"rendered":"Judicializados dos hombres presuntos responsables de tr\u00e1fico de estupefacientes"},"content":{"rendered":"<p class=\"x_x_MsoNormal\"><span lang=\"ES-MX\"><a href=\"https:\/\/www.fiscalia.gov.co\/colombia\/noticias\/desarticulada-organizacion-delincuencial-dedicada-al-trafico-de-estupefacientes-en-la-carcel-las-mercedes-de-monteria\/\" target=\"_blank\" rel=\"noopener noreferrer\">Como presunto responsable del delito de tr\u00e1fico, fabricaci\u00f3n o porte\u00a0\u00a0de estupefacientes<\/a><\/span><span lang=\"ES-MX\">, el Juzgado Segundo Penal Municipal de Monter\u00eda, con funciones de control de garant\u00edas, impuso medida de aseguramiento en el lugar de domicilio a Jes\u00fas David Palma Sarruf. \u00a0<\/span><\/p>\n<p class=\"x_x_MsoNormal\"><span lang=\"ES-MX\">Por el mismo delito, el fallador se abstuvo de imponer medida de aseguramiento en contra de Jhon Fredy Contreras de la Espriella, quien fue puesto en libertad.\u00a0<\/span><\/p>\n<p class=\"x_x_MsoNormal\"><span lang=\"ES-MX\">De acuerdo con la investigaci\u00f3n de la<b>\u00a0Fiscal\u00eda<\/b>, una fuente humana inform\u00f3 que en una vivienda del barrio La Floresta de Monter\u00eda (C\u00f3rdoba) al parecer se comercializaban estupefacientes.\u00a0<\/span><\/p>\n<p class=\"x_x_MsoNormal\">Por lo anterior, servidores de la\u00a0<b>Sij\u00edn de la Polic\u00eda Nacional\u00a0<\/b>realizaron este 8 de abril un operativo de allanamiento y registro en el inmueble se\u00f1alado. All\u00ed, encontraron 151 kilos con 300 gramos de marihuana y 2 kilos de coca\u00edna. Los dos hombres fueron capturados en flagrancia.<\/p>\n<p class=\"x_x_MsoNormal\"><span lang=\"ES-MX\">Los procesados no aceptaron los cargos imputados por un\u00a0<\/span><span lang=\"ES-MX\"><b>Fiscal de la Unidad de Reacci\u00f3n Inmediata (URI).\u00a0<\/b><\/span><\/p>\n<p class=\"x_x_MsoNormal\"><span lang=\"ES-MX\">La Fiscal\u00eda hace p\u00fablica esta informaci\u00f3n por razones de inter\u00e9s general.\u00a0<\/span><\/p>\n<p class=\"x_x_MsoNormal\"><span lang=\"ES-MX\">NAMT\/JCQ\/MG<\/span><\/p>\n<p><em>La informaci\u00f3n contenida en este bolet\u00edn de prensa corresponde a la narraci\u00f3n de los hechos noticiosos objetivos, suministrados por los funcionarios encargados de adelantar las investigaciones penales al interior de la Fiscal\u00eda General de la Naci\u00f3n. Para el momento de la divulgaci\u00f3n de este comunicado, la situaci\u00f3n jur\u00eddica de la(s) persona(s) relacionada(s) se encuentra pendiente de resolver por la autoridad judicial competente, siempre bajo los preceptos de la presunci\u00f3n de inocencia, consagrados en el art\u00edculo 29 de la Constituci\u00f3n Pol\u00edtica y el art\u00edculo 7\u00ba de la Ley 906 de 2004.<\/em><\/p>\n\n<div class=\"twitter-share\"><a href=\"https:\/\/twitter.com\/intent\/tweet?via=fiscaliacol\" class=\"twitter-share-button\">Tweet<\/a><\/div>\n","protected":false},"excerpt":{"rendered":"<p>Como presunto responsable del delito de tr\u00e1fico, fabricaci\u00f3n o porte\u00a0\u00a0de estupefacientes, el Juzgado Segundo Penal Municipal de Monter\u00eda, con funciones de control de garant\u00edas, impuso medida de aseguramiento en el lugar de domicilio a Jes\u00fas David Palma Sarruf. \u00a0 Por el mismo delito, el fallador se abstuvo de imponer medida de aseguramiento en contra de [&hellip;]<\/p>\n","protected":false},"author":171,"featured_media":0,"comment_status":"closed","ping_status":"open","sticky":false,"template":"","format":"standard","meta":{"_price":"","_stock":"","_tribe_ticket_header":"","_tribe_default_ticket_provider":"","_tribe_ticket_capacity":"0","_ticket_start_date":"","_ticket_end_date":"","_tribe_ticket_show_description":"","_tribe_ticket_show_not_going":false,"_tribe_ticket_use_global_stock":"","_tribe_ticket_global_stock_level":"","_global_stock_mode":"","_global_stock_cap":"","_tribe_rsvp_for_event":"","_tribe_ticket_going_count":"","_tribe_ticket_not_going_count":"","_tribe_tickets_list":"[]","_tribe_ticket_has_attendee_info_fields":false,"tdm_status":"","tdm_grid_status":"","footnotes":""},"categories":[332,303,24103],"tags":[19,1047,1264,155,30],"class_list":{"0":"post-217544","1":"post","2":"type-post","3":"status-publish","4":"format-standard","6":"category-seccional-monteria","7":"category-seccionales","8":"category-trafico-de-estupefacientes","9":"tag-cocaina","10":"tag-fiscalia-general-de-la-nacion","11":"tag-marihuana","12":"tag-trafico-de-estupefacientes","13":"tag-uri"},"yoast_head":"<!-- This site is optimized with the Yoast SEO plugin v24.3 - https:\/\/yoast.com\/wordpress\/plugins\/seo\/ -->\n<title>Fiscal\u00eda General de la Naci\u00f3n<\/title>\n<meta name=\"description\" content=\"P\u00e1gina oficial de la Fiscal\u00eda General de la Naci\u00f3n \u2013 Colombia. Garantizamos el acceso efectivo a la justicia, la verdad y la reparaci\u00f3n de las v\u00edctimas de los delitos.\" \/>\n<meta name=\"robots\" content=\"noindex, follow\" \/>\n<meta property=\"og:locale\" content=\"es_ES\" \/>\n<meta property=\"og:type\" content=\"article\" \/>\n<meta property=\"og:title\" content=\"Fiscal\u00eda General de la Naci\u00f3n\" \/>\n<meta property=\"og:description\" content=\"P\u00e1gina oficial de la Fiscal\u00eda General de la Naci\u00f3n \u2013 Colombia. Garantizamos el acceso efectivo a la justicia, la verdad y la reparaci\u00f3n de las v\u00edctimas de los delitos.\" \/>\n<meta property=\"og:url\" content=\"https:\/\/www.fiscalia.gov.co\/colombia\/trafico-de-estupefacientes\/judicializados-dos-hombres-presuntos-responsables-de-trafico-de-estupefacientes\/\" \/>\n<meta property=\"og:site_name\" content=\"Fiscal\u00eda General de la Naci\u00f3n\" \/>\n<meta property=\"article:publisher\" content=\"https:\/\/www.facebook.com\/FiscaliaCol\" \/>\n<meta property=\"article:published_time\" content=\"2021-04-13T16:19:17+00:00\" \/>\n<meta name=\"author\" content=\"Ana Mar\u00eda Gomez\" \/>\n<meta name=\"twitter:card\" content=\"summary_large_image\" \/>\n<meta name=\"twitter:creator\" content=\"@FiscaliaCol\" \/>\n<meta name=\"twitter:site\" content=\"@FiscaliaCol\" \/>\n<meta name=\"twitter:label1\" content=\"Escrito por\" \/>\n\t<meta name=\"twitter:data1\" content=\"Ana Mar\u00eda Gomez\" \/>\n\t<meta name=\"twitter:label2\" content=\"Tiempo de lectura\" \/>\n\t<meta name=\"twitter:data2\" content=\"1 minuto\" \/>\n<script type=\"application\/ld+json\" class=\"yoast-schema-graph\">{\"@context\":\"https:\/\/schema.org\",\"@graph\":[{\"@type\":\"Article\",\"@id\":\"https:\/\/www.fiscalia.gov.co\/colombia\/trafico-de-estupefacientes\/judicializados-dos-hombres-presuntos-responsables-de-trafico-de-estupefacientes\/#article\",\"isPartOf\":{\"@id\":\"https:\/\/www.fiscalia.gov.co\/colombia\/trafico-de-estupefacientes\/judicializados-dos-hombres-presuntos-responsables-de-trafico-de-estupefacientes\/\"},\"author\":{\"name\":\"Ana Mar\u00eda Gomez\",\"@id\":\"https:\/\/www.fiscalia.gov.co\/colombia\/#\/schema\/person\/06aa2210fe4d79203f428ff671dee360\"},\"headline\":\"Judicializados dos hombres presuntos responsables de tr\u00e1fico de estupefacientes\",\"datePublished\":\"2021-04-13T16:19:17+00:00\",\"dateModified\":\"2021-04-13T16:19:17+00:00\",\"mainEntityOfPage\":{\"@id\":\"https:\/\/www.fiscalia.gov.co\/colombia\/trafico-de-estupefacientes\/judicializados-dos-hombres-presuntos-responsables-de-trafico-de-estupefacientes\/\"},\"wordCount\":298,\"publisher\":{\"@id\":\"https:\/\/www.fiscalia.gov.co\/colombia\/#organization\"},\"keywords\":[\"Coca\u00edna\",\"Fiscal\u00eda General de la Naci\u00f3n\",\"Marihuana\",\"Tr\u00e1fico de estupefacientes\",\"URI\"],\"articleSection\":[\"Seccional Monter\u00eda\",\"Seccionales\",\"Tr\u00e1fico de estupefacientes\"],\"inLanguage\":\"es-CO\"},{\"@type\":\"WebPage\",\"@id\":\"https:\/\/www.fiscalia.gov.co\/colombia\/trafico-de-estupefacientes\/judicializados-dos-hombres-presuntos-responsables-de-trafico-de-estupefacientes\/\",\"url\":\"https:\/\/www.fiscalia.gov.co\/colombia\/trafico-de-estupefacientes\/judicializados-dos-hombres-presuntos-responsables-de-trafico-de-estupefacientes\/\",\"name\":\"Fiscal\u00eda General de la Naci\u00f3n\",\"isPartOf\":{\"@id\":\"https:\/\/www.fiscalia.gov.co\/colombia\/#website\"},\"datePublished\":\"2021-04-13T16:19:17+00:00\",\"dateModified\":\"2021-04-13T16:19:17+00:00\",\"description\":\"P\u00e1gina oficial de la Fiscal\u00eda General de la Naci\u00f3n \u2013 Colombia. Garantizamos el acceso efectivo a la justicia, la verdad y la reparaci\u00f3n de las v\u00edctimas de los delitos.\",\"breadcrumb\":{\"@id\":\"https:\/\/www.fiscalia.gov.co\/colombia\/trafico-de-estupefacientes\/judicializados-dos-hombres-presuntos-responsables-de-trafico-de-estupefacientes\/#breadcrumb\"},\"inLanguage\":\"es-CO\",\"potentialAction\":[{\"@type\":\"ReadAction\",\"target\":[\"https:\/\/www.fiscalia.gov.co\/colombia\/trafico-de-estupefacientes\/judicializados-dos-hombres-presuntos-responsables-de-trafico-de-estupefacientes\/\"]}]},{\"@type\":\"BreadcrumbList\",\"@id\":\"https:\/\/www.fiscalia.gov.co\/colombia\/trafico-de-estupefacientes\/judicializados-dos-hombres-presuntos-responsables-de-trafico-de-estupefacientes\/#breadcrumb\",\"itemListElement\":[{\"@type\":\"ListItem\",\"position\":1,\"name\":\"Home\",\"item\":\"https:\/\/www.fiscalia.gov.co\/colombia\/\"},{\"@type\":\"ListItem\",\"position\":2,\"name\":\"Judicializados dos hombres presuntos responsables de tr\u00e1fico de estupefacientes\"}]},{\"@type\":\"WebSite\",\"@id\":\"https:\/\/www.fiscalia.gov.co\/colombia\/#website\",\"url\":\"https:\/\/www.fiscalia.gov.co\/colombia\/\",\"name\":\"Fiscal\u00eda General de la Naci\u00f3n\",\"description\":\"P\u00e1gina oficial de la Fiscal\u00eda General de la Naci\u00f3n \u2013 Colombia. Garantizamos el acceso efectivo a la justicia, la verdad y la reparaci\u00f3n de las v\u00edctimas de los delitos.\",\"publisher\":{\"@id\":\"https:\/\/www.fiscalia.gov.co\/colombia\/#organization\"},\"potentialAction\":[{\"@type\":\"SearchAction\",\"target\":{\"@type\":\"EntryPoint\",\"urlTemplate\":\"https:\/\/www.fiscalia.gov.co\/colombia\/?s={search_term_string}\"},\"query-input\":{\"@type\":\"PropertyValueSpecification\",\"valueRequired\":true,\"valueName\":\"search_term_string\"}}],\"inLanguage\":\"es-CO\"},{\"@type\":\"Organization\",\"@id\":\"https:\/\/www.fiscalia.gov.co\/colombia\/#organization\",\"name\":\"Fiscal\u00eda General de la Naci\u00f3n\",\"url\":\"https:\/\/www.fiscalia.gov.co\/colombia\/\",\"logo\":{\"@type\":\"ImageObject\",\"inLanguage\":\"es-CO\",\"@id\":\"https:\/\/www.fiscalia.gov.co\/colombia\/#\/schema\/logo\/image\/\",\"url\":\"https:\/\/www.fiscalia.gov.co\/colombia\/wp-content\/uploads\/LogoHorizontal_1.jpg\",\"contentUrl\":\"https:\/\/www.fiscalia.gov.co\/colombia\/wp-content\/uploads\/LogoHorizontal_1.jpg\",\"width\":300,\"height\":90,\"caption\":\"Fiscal\u00eda General de la Naci\u00f3n\"},\"image\":{\"@id\":\"https:\/\/www.fiscalia.gov.co\/colombia\/#\/schema\/logo\/image\/\"},\"sameAs\":[\"https:\/\/www.facebook.com\/FiscaliaCol\",\"https:\/\/x.com\/FiscaliaCol\",\"https:\/\/www.instagram.com\/fiscaliacol\",\"https:\/\/www.linkedin.com\/company\/fiscalia-general-de-la-naci-n\/\",\"https:\/\/youtube.com\/@fiscaliageneraldelanacion-4668?si=6nN79nyQICPU5iTh\"]},{\"@type\":\"Person\",\"@id\":\"https:\/\/www.fiscalia.gov.co\/colombia\/#\/schema\/person\/06aa2210fe4d79203f428ff671dee360\",\"name\":\"Ana Mar\u00eda Gomez\",\"image\":{\"@type\":\"ImageObject\",\"inLanguage\":\"es-CO\",\"@id\":\"https:\/\/www.fiscalia.gov.co\/colombia\/#\/schema\/person\/image\/\",\"url\":\"https:\/\/secure.gravatar.com\/avatar\/a38115d98a7f8a96cbb96af2b2c37a0b?s=96&d=mm&r=g\",\"contentUrl\":\"https:\/\/secure.gravatar.com\/avatar\/a38115d98a7f8a96cbb96af2b2c37a0b?s=96&d=mm&r=g\",\"caption\":\"Ana Mar\u00eda Gomez\"},\"url\":\"https:\/\/www.fiscalia.gov.co\/colombia\/author\/agomez\/\"}]}<\/script>\n<!-- \/ Yoast SEO plugin. -->","yoast_head_json":{"title":"Fiscal\u00eda General de la Naci\u00f3n","description":"P\u00e1gina oficial de la Fiscal\u00eda General de la Naci\u00f3n \u2013 Colombia. Garantizamos el acceso efectivo a la justicia, la verdad y la reparaci\u00f3n de las v\u00edctimas de los delitos.","robots":{"index":"noindex","follow":"follow"},"og_locale":"es_ES","og_type":"article","og_title":"Fiscal\u00eda General de la Naci\u00f3n","og_description":"P\u00e1gina oficial de la Fiscal\u00eda General de la Naci\u00f3n \u2013 Colombia. Garantizamos el acceso efectivo a la justicia, la verdad y la reparaci\u00f3n de las v\u00edctimas de los delitos.","og_url":"https:\/\/www.fiscalia.gov.co\/colombia\/trafico-de-estupefacientes\/judicializados-dos-hombres-presuntos-responsables-de-trafico-de-estupefacientes\/","og_site_name":"Fiscal\u00eda General de la Naci\u00f3n","article_publisher":"https:\/\/www.facebook.com\/FiscaliaCol","article_published_time":"2021-04-13T16:19:17+00:00","author":"Ana Mar\u00eda Gomez","twitter_card":"summary_large_image","twitter_creator":"@FiscaliaCol","twitter_site":"@FiscaliaCol","twitter_misc":{"Escrito por":"Ana Mar\u00eda Gomez","Tiempo de lectura":"1 minuto"},"schema":{"@context":"https:\/\/schema.org","@graph":[{"@type":"Article","@id":"https:\/\/www.fiscalia.gov.co\/colombia\/trafico-de-estupefacientes\/judicializados-dos-hombres-presuntos-responsables-de-trafico-de-estupefacientes\/#article","isPartOf":{"@id":"https:\/\/www.fiscalia.gov.co\/colombia\/trafico-de-estupefacientes\/judicializados-dos-hombres-presuntos-responsables-de-trafico-de-estupefacientes\/"},"author":{"name":"Ana Mar\u00eda Gomez","@id":"https:\/\/www.fiscalia.gov.co\/colombia\/#\/schema\/person\/06aa2210fe4d79203f428ff671dee360"},"headline":"Judicializados dos hombres presuntos responsables de tr\u00e1fico de estupefacientes","datePublished":"2021-04-13T16:19:17+00:00","dateModified":"2021-04-13T16:19:17+00:00","mainEntityOfPage":{"@id":"https:\/\/www.fiscalia.gov.co\/colombia\/trafico-de-estupefacientes\/judicializados-dos-hombres-presuntos-responsables-de-trafico-de-estupefacientes\/"},"wordCount":298,"publisher":{"@id":"https:\/\/www.fiscalia.gov.co\/colombia\/#organization"},"keywords":["Coca\u00edna","Fiscal\u00eda General de la Naci\u00f3n","Marihuana","Tr\u00e1fico de estupefacientes","URI"],"articleSection":["Seccional Monter\u00eda","Seccionales","Tr\u00e1fico de estupefacientes"],"inLanguage":"es-CO"},{"@type":"WebPage","@id":"https:\/\/www.fiscalia.gov.co\/colombia\/trafico-de-estupefacientes\/judicializados-dos-hombres-presuntos-responsables-de-trafico-de-estupefacientes\/","url":"https:\/\/www.fiscalia.gov.co\/colombia\/trafico-de-estupefacientes\/judicializados-dos-hombres-presuntos-responsables-de-trafico-de-estupefacientes\/","name":"Fiscal\u00eda General de la Naci\u00f3n","isPartOf":{"@id":"https:\/\/www.fiscalia.gov.co\/colombia\/#website"},"datePublished":"2021-04-13T16:19:17+00:00","dateModified":"2021-04-13T16:19:17+00:00","description":"P\u00e1gina oficial de la Fiscal\u00eda General de la Naci\u00f3n \u2013 Colombia. Garantizamos el acceso efectivo a la justicia, la verdad y la reparaci\u00f3n de las v\u00edctimas de los delitos.","breadcrumb":{"@id":"https:\/\/www.fiscalia.gov.co\/colombia\/trafico-de-estupefacientes\/judicializados-dos-hombres-presuntos-responsables-de-trafico-de-estupefacientes\/#breadcrumb"},"inLanguage":"es-CO","potentialAction":[{"@type":"ReadAction","target":["https:\/\/www.fiscalia.gov.co\/colombia\/trafico-de-estupefacientes\/judicializados-dos-hombres-presuntos-responsables-de-trafico-de-estupefacientes\/"]}]},{"@type":"BreadcrumbList","@id":"https:\/\/www.fiscalia.gov.co\/colombia\/trafico-de-estupefacientes\/judicializados-dos-hombres-presuntos-responsables-de-trafico-de-estupefacientes\/#breadcrumb","itemListElement":[{"@type":"ListItem","position":1,"name":"Home","item":"https:\/\/www.fiscalia.gov.co\/colombia\/"},{"@type":"ListItem","position":2,"name":"Judicializados dos hombres presuntos responsables de tr\u00e1fico de estupefacientes"}]},{"@type":"WebSite","@id":"https:\/\/www.fiscalia.gov.co\/colombia\/#website","url":"https:\/\/www.fiscalia.gov.co\/colombia\/","name":"Fiscal\u00eda General de la Naci\u00f3n","description":"P\u00e1gina oficial de la Fiscal\u00eda General de la Naci\u00f3n \u2013 Colombia. Garantizamos el acceso efectivo a la justicia, la verdad y la reparaci\u00f3n de las v\u00edctimas de los delitos.","publisher":{"@id":"https:\/\/www.fiscalia.gov.co\/colombia\/#organization"},"potentialAction":[{"@type":"SearchAction","target":{"@type":"EntryPoint","urlTemplate":"https:\/\/www.fiscalia.gov.co\/colombia\/?s={search_term_string}"},"query-input":{"@type":"PropertyValueSpecification","valueRequired":true,"valueName":"search_term_string"}}],"inLanguage":"es-CO"},{"@type":"Organization","@id":"https:\/\/www.fiscalia.gov.co\/colombia\/#organization","name":"Fiscal\u00eda General de la Naci\u00f3n","url":"https:\/\/www.fiscalia.gov.co\/colombia\/","logo":{"@type":"ImageObject","inLanguage":"es-CO","@id":"https:\/\/www.fiscalia.gov.co\/colombia\/#\/schema\/logo\/image\/","url":"https:\/\/www.fiscalia.gov.co\/colombia\/wp-content\/uploads\/LogoHorizontal_1.jpg","contentUrl":"https:\/\/www.fiscalia.gov.co\/colombia\/wp-content\/uploads\/LogoHorizontal_1.jpg","width":300,"height":90,"caption":"Fiscal\u00eda General de la Naci\u00f3n"},"image":{"@id":"https:\/\/www.fiscalia.gov.co\/colombia\/#\/schema\/logo\/image\/"},"sameAs":["https:\/\/www.facebook.com\/FiscaliaCol","https:\/\/x.com\/FiscaliaCol","https:\/\/www.instagram.com\/fiscaliacol","https:\/\/www.linkedin.com\/company\/fiscalia-general-de-la-naci-n\/","https:\/\/youtube.com\/@fiscaliageneraldelanacion-4668?si=6nN79nyQICPU5iTh"]},{"@type":"Person","@id":"https:\/\/www.fiscalia.gov.co\/colombia\/#\/schema\/person\/06aa2210fe4d79203f428ff671dee360","name":"Ana Mar\u00eda Gomez","image":{"@type":"ImageObject","inLanguage":"es-CO","@id":"https:\/\/www.fiscalia.gov.co\/colombia\/#\/schema\/person\/image\/","url":"https:\/\/secure.gravatar.com\/avatar\/a38115d98a7f8a96cbb96af2b2c37a0b?s=96&d=mm&r=g","contentUrl":"https:\/\/secure.gravatar.com\/avatar\/a38115d98a7f8a96cbb96af2b2c37a0b?s=96&d=mm&r=g","caption":"Ana Mar\u00eda Gomez"},"url":"https:\/\/www.fiscalia.gov.co\/colombia\/author\/agomez\/"}]}},"_links":{"self":[{"href":"https:\/\/www.fiscalia.gov.co\/colombia\/wp-json\/wp\/v2\/posts\/217544","targetHints":{"allow":["GET"]}}],"collection":[{"href":"https:\/\/www.fiscalia.gov.co\/colombia\/wp-json\/wp\/v2\/posts"}],"about":[{"href":"https:\/\/www.fiscalia.gov.co\/colombia\/wp-json\/wp\/v2\/types\/post"}],"author":[{"embeddable":true,"href":"https:\/\/www.fiscalia.gov.co\/colombia\/wp-json\/wp\/v2\/users\/171"}],"replies":[{"embeddable":true,"href":"https:\/\/www.fiscalia.gov.co\/colombia\/wp-json\/wp\/v2\/comments?post=217544"}],"version-history":[{"count":1,"href":"https:\/\/www.fiscalia.gov.co\/colombia\/wp-json\/wp\/v2\/posts\/217544\/revisions"}],"predecessor-version":[{"id":217545,"href":"https:\/\/www.fiscalia.gov.co\/colombia\/wp-json\/wp\/v2\/posts\/217544\/revisions\/217545"}],"wp:attachment":[{"href":"https:\/\/www.fiscalia.gov.co\/colombia\/wp-json\/wp\/v2\/media?parent=217544"}],"wp:term":[{"taxonomy":"category","embeddable":true,"href":"https:\/\/www.fiscalia.gov.co\/colombia\/wp-json\/wp\/v2\/categories?post=217544"},{"taxonomy":"post_tag","embeddable":true,"href":"https:\/\/www.fiscalia.gov.co\/colombia\/wp-json\/wp\/v2\/tags?post=217544"}],"curies":[{"name":"wp","href":"https:\/\/api.w.org\/{rel}","templated":true}]}}