{"id":217391,"date":"2021-04-10T11:59:29","date_gmt":"2021-04-10T16:59:29","guid":{"rendered":"https:\/\/www.fiscalia.gov.co\/colombia\/?p=217391"},"modified":"2021-04-13T10:25:11","modified_gmt":"2021-04-13T15:25:11","slug":"estrategia-argenta-permitio-ocupar-bienes-por-mas-de-83-mil-millones-de-pesos-a-una-organizacion-narcotraficante-que-tendria-nexos-con-el-eln-los-pelusos-y-el-cart","status":"publish","type":"post","link":"https:\/\/www.fiscalia.gov.co\/colombia\/extincion-de-dominio\/estrategia-argenta-permitio-ocupar-bienes-por-mas-de-83-mil-millones-de-pesos-a-una-organizacion-narcotraficante-que-tendria-nexos-con-el-eln-los-pelusos-y-el-cart\/","title":{"rendered":"Estrategia \u2018Argenta\u2019 permiti\u00f3 ocupar bienes por m\u00e1s de 83 mil millones de pesos a una organizaci\u00f3n narcotraficante que tendr\u00eda nexos con el ELN, \u2018Los Pelusos\u2019 y el cartel mexicano de Sinaloa"},"content":{"rendered":"<p><span lang=\"es\">En desarrollo de la\u00a0<b>estrategia \u2018Argenta\u2019 la Direcci\u00f3n Especializada de\u00a0<\/b><\/span><b><span lang=\"es\">Extinci\u00f3n del Derecho de Dominio<\/span><\/b><span lang=\"es\">\u00a0impuso medidas cautelares de embargo, secuestro y suspensi\u00f3n del poder dispositivo a varios bienes entre\u00a0<\/span><span lang=\"es\">inmuebles, muebles, sociedades y establecimientos de comercio.<\/span><\/p>\n<p><span lang=\"es\">Los bienes avaluados en m\u00e1s de 83 mil millones de pesos, pertenecer\u00edan a una red trasnacional narcotraficante. Est\u00e1n ubicados en C\u00facuta, Chin\u00e1cota, Los Patios, Villa del Rosario, Sardinata, Zulia (Norte de Santander); Valledupar y San Alberto (Cesar); Bucaramanga (Santander); Villavicencio, Puerto Lleras, Barranca de Up\u00eda y Acacias (Meta); San Jos\u00e9 del Guaviare (Guaviare); Barranquilla (Atl\u00e1ntico); Santa Marta (Magdalena), Cartago (Valle del Cauca); San Jos\u00e9 y Manizales (Caldas), Cota y Ch\u00eda (Cundinamarca); y Bogot\u00e1.<\/span><\/p>\n<p><span lang=\"es\">Las propiedades afectadas, al parecer, fueron adquiridas con dineros producto de la salida de cargamentos de clorhidrato de coca\u00edna desde la regi\u00f3n del Catatumbo hacia Venezuela, con destino final\u00a0<b>Guatemala, Honduras y Belice<\/b>. Las investigaciones contra los responsables de esta actividad ilegal dan cuenta de que tendr\u00edan nexos en\u00a0<b>Colombia con el ELN y \u2018Los Pelusos\u2019, y en M\u00e9xico con el cartel de Sinaloa<\/b>.<\/span><\/p>\n<p><span lang=\"es\">El material de prueba recopilado demostr\u00f3 que este grupo narcotraficante, supuestamente, se vali\u00f3 de sociedades comerciales de textiles, hidrocarburos y transportes; bares, casas de cambio, inmobiliarias, hoteles y ganaderas para mover millonarias sumas de dinero.<\/span><\/p>\n<p><span lang=\"es\">Varios de los bienes con medidas cautelares figuran a nombre de\u00a0<\/span><a href=\"https:\/\/www.fiscalia.gov.co\/colombia\/noticias\/desmantelada-red-de-narcotrafico-que-llevaba-droga-a-centro-america-a-traves-de-venezuela\/\" target=\"_blank\" rel=\"noopener noreferrer\" data-auth=\"NotApplicable\" data-linkindex=\"0\"><b><span lang=\"es\">presuntos integrantes de esta estructura<\/span><\/b><\/a><span lang=\"es\">, entre ellos: Luz Dary Bautista L\u00e1zaro, alias Pocahontas; Ariel Augusto Irre\u00f1o G\u00f3mez, alias Hamilton; Miguel \u00c1ngel Fl\u00f3rez Pineda, alias Roca; y Jos\u00e9 de San Mart\u00edn Gil, alias JK.<\/span><\/p>\n<p><span lang=\"es\">Esta informaci\u00f3n se publica por razones de inter\u00e9s general. <\/span><\/p>\n<p><span lang=\"es\">MAGA\/JARG\/PSY\/MCRC<\/span><\/p>\n<p align=\"center\"><b><span lang=\"es\">\u00a0<\/span><\/b><\/p>\n<p align=\"center\"><b><span lang=\"es\">La Fiscal\u00eda habla con resultados<\/span><\/b><\/p>\n<p>&nbsp;<\/p>\n<p><em><span lang=\"es\">La informaci\u00f3n contenida en este bolet\u00edn de prensa corresponde a la narraci\u00f3n de los hechos noticiosos objetivos, suministrados por los funcionarios encargados de adelantar las investigaciones penales al interior de la Fiscal\u00eda General de la Naci\u00f3n. Para el momento de la divulgaci\u00f3n de este comunicado, la situaci\u00f3n jur\u00eddica de la(s) persona(s) relacionada(s) se encuentra pendiente de resolver por la autoridad judicial competente, siempre bajo los preceptos de la presunci\u00f3n de inocencia, consagrados en el art\u00edculo 29 de la Constituci\u00f3n Pol\u00edtica y el art\u00edculo 7\u00ba de la Ley 906 de 2004.<\/span><\/em><\/p>\n\n<div class=\"twitter-share\"><a href=\"https:\/\/twitter.com\/intent\/tweet?via=fiscaliacol\" class=\"twitter-share-button\">Tweet<\/a><\/div>\n","protected":false},"excerpt":{"rendered":"<p>En desarrollo de la\u00a0estrategia \u2018Argenta\u2019 la Direcci\u00f3n Especializada de\u00a0Extinci\u00f3n del Derecho de Dominio\u00a0impuso medidas cautelares de embargo, secuestro y suspensi\u00f3n del poder dispositivo a varios bienes entre\u00a0inmuebles, muebles, sociedades y establecimientos de comercio. Los bienes avaluados en m\u00e1s de 83 mil millones de pesos, pertenecer\u00edan a una red trasnacional narcotraficante. Est\u00e1n ubicados en C\u00facuta, Chin\u00e1cota, [&hellip;]<\/p>\n","protected":false},"author":162,"featured_media":0,"comment_status":"closed","ping_status":"open","sticky":false,"template":"","format":"video","meta":{"tdm_status":"","tdm_grid_status":"","footnotes":""},"categories":[24116,1],"tags":[26552,26214,2072,762,24475,1047,24182],"class_list":{"0":"post-217391","1":"post","2":"type-post","3":"status-publish","4":"format-video","6":"category-extincion-de-dominio","7":"category-noticias","8":"tag-los-pelusos","9":"tag-argenta","10":"tag-cartel-de-sinaloa","11":"tag-eln","12":"tag-extincion-del-derecho-de-dominio","13":"tag-fiscalia-general-de-la-nacion","14":"tag-francisco-barbosa-delgado","15":"post_format-post-format-video"},"yoast_head":"<!-- This site is optimized with the Yoast SEO plugin v24.3 - https:\/\/yoast.com\/wordpress\/plugins\/seo\/ -->\n<title>Fiscal\u00eda General de la Naci\u00f3n<\/title>\n<meta name=\"description\" content=\"P\u00e1gina oficial de la Fiscal\u00eda General de la Naci\u00f3n \u2013 Colombia. Garantizamos el acceso efectivo a la justicia, la verdad y la reparaci\u00f3n de las v\u00edctimas de los delitos.\" \/>\n<meta name=\"robots\" content=\"noindex, follow\" \/>\n<meta property=\"og:locale\" content=\"es_ES\" \/>\n<meta property=\"og:type\" content=\"article\" \/>\n<meta property=\"og:title\" content=\"Fiscal\u00eda General de la Naci\u00f3n\" \/>\n<meta property=\"og:description\" content=\"P\u00e1gina oficial de la Fiscal\u00eda General de la Naci\u00f3n \u2013 Colombia. Garantizamos el acceso efectivo a la justicia, la verdad y la reparaci\u00f3n de las v\u00edctimas de los delitos.\" \/>\n<meta property=\"og:url\" content=\"https:\/\/www.fiscalia.gov.co\/colombia\/extincion-de-dominio\/estrategia-argenta-permitio-ocupar-bienes-por-mas-de-83-mil-millones-de-pesos-a-una-organizacion-narcotraficante-que-tendria-nexos-con-el-eln-los-pelusos-y-el-cart\/\" \/>\n<meta property=\"og:site_name\" content=\"Fiscal\u00eda General de la Naci\u00f3n\" \/>\n<meta property=\"article:publisher\" content=\"https:\/\/www.facebook.com\/FiscaliaCol\" \/>\n<meta property=\"article:published_time\" content=\"2021-04-10T16:59:29+00:00\" \/>\n<meta property=\"article:modified_time\" content=\"2021-04-13T15:25:11+00:00\" \/>\n<meta name=\"author\" content=\"Direcci\u00f3n de Comunicaciones Fiscal\u00eda General de la Naci\u00f3n\" \/>\n<meta name=\"twitter:card\" content=\"summary_large_image\" \/>\n<meta name=\"twitter:creator\" content=\"@FiscaliaCol\" \/>\n<meta name=\"twitter:site\" content=\"@FiscaliaCol\" \/>\n<meta name=\"twitter:label1\" content=\"Escrito por\" \/>\n\t<meta name=\"twitter:data1\" content=\"Direcci\u00f3n de Comunicaciones Fiscal\u00eda General de la Naci\u00f3n\" \/>\n\t<meta name=\"twitter:label2\" content=\"Tiempo de lectura\" \/>\n\t<meta name=\"twitter:data2\" content=\"2 minutos\" \/>\n<script type=\"application\/ld+json\" class=\"yoast-schema-graph\">{\"@context\":\"https:\/\/schema.org\",\"@graph\":[{\"@type\":\"Article\",\"@id\":\"https:\/\/www.fiscalia.gov.co\/colombia\/extincion-de-dominio\/estrategia-argenta-permitio-ocupar-bienes-por-mas-de-83-mil-millones-de-pesos-a-una-organizacion-narcotraficante-que-tendria-nexos-con-el-eln-los-pelusos-y-el-cart\/#article\",\"isPartOf\":{\"@id\":\"https:\/\/www.fiscalia.gov.co\/colombia\/extincion-de-dominio\/estrategia-argenta-permitio-ocupar-bienes-por-mas-de-83-mil-millones-de-pesos-a-una-organizacion-narcotraficante-que-tendria-nexos-con-el-eln-los-pelusos-y-el-cart\/\"},\"author\":{\"name\":\"Direcci\u00f3n de Comunicaciones Fiscal\u00eda General de la Naci\u00f3n\",\"@id\":\"https:\/\/www.fiscalia.gov.co\/colombia\/#\/schema\/person\/bf28d8ae7f1b287bbe3af484b04f43ea\"},\"headline\":\"Estrategia \u2018Argenta\u2019 permiti\u00f3 ocupar bienes por m\u00e1s de 83 mil millones de pesos a una organizaci\u00f3n narcotraficante que tendr\u00eda nexos con el ELN, \u2018Los Pelusos\u2019 y el cartel mexicano de Sinaloa\",\"datePublished\":\"2021-04-10T16:59:29+00:00\",\"dateModified\":\"2021-04-13T15:25:11+00:00\",\"mainEntityOfPage\":{\"@id\":\"https:\/\/www.fiscalia.gov.co\/colombia\/extincion-de-dominio\/estrategia-argenta-permitio-ocupar-bienes-por-mas-de-83-mil-millones-de-pesos-a-una-organizacion-narcotraficante-que-tendria-nexos-con-el-eln-los-pelusos-y-el-cart\/\"},\"wordCount\":429,\"publisher\":{\"@id\":\"https:\/\/www.fiscalia.gov.co\/colombia\/#organization\"},\"keywords\":[\"\u2018Los Pelusos\u2019\",\"Argenta\",\"Cartel de Sinaloa\",\"Eln\",\"extinci\u00f3n del derecho de dominio\",\"Fiscal\u00eda General de la Naci\u00f3n\",\"Francisco Barbosa Delgado\"],\"articleSection\":[\"Extinci\u00f3n de dominio\",\"Noticias\"],\"inLanguage\":\"es-CO\"},{\"@type\":\"WebPage\",\"@id\":\"https:\/\/www.fiscalia.gov.co\/colombia\/extincion-de-dominio\/estrategia-argenta-permitio-ocupar-bienes-por-mas-de-83-mil-millones-de-pesos-a-una-organizacion-narcotraficante-que-tendria-nexos-con-el-eln-los-pelusos-y-el-cart\/\",\"url\":\"https:\/\/www.fiscalia.gov.co\/colombia\/extincion-de-dominio\/estrategia-argenta-permitio-ocupar-bienes-por-mas-de-83-mil-millones-de-pesos-a-una-organizacion-narcotraficante-que-tendria-nexos-con-el-eln-los-pelusos-y-el-cart\/\",\"name\":\"Fiscal\u00eda General de la Naci\u00f3n\",\"isPartOf\":{\"@id\":\"https:\/\/www.fiscalia.gov.co\/colombia\/#website\"},\"datePublished\":\"2021-04-10T16:59:29+00:00\",\"dateModified\":\"2021-04-13T15:25:11+00:00\",\"description\":\"P\u00e1gina oficial de la Fiscal\u00eda General de la Naci\u00f3n \u2013 Colombia. Garantizamos el acceso efectivo a la justicia, la verdad y la reparaci\u00f3n de las v\u00edctimas de los delitos.\",\"breadcrumb\":{\"@id\":\"https:\/\/www.fiscalia.gov.co\/colombia\/extincion-de-dominio\/estrategia-argenta-permitio-ocupar-bienes-por-mas-de-83-mil-millones-de-pesos-a-una-organizacion-narcotraficante-que-tendria-nexos-con-el-eln-los-pelusos-y-el-cart\/#breadcrumb\"},\"inLanguage\":\"es-CO\",\"potentialAction\":[{\"@type\":\"ReadAction\",\"target\":[\"https:\/\/www.fiscalia.gov.co\/colombia\/extincion-de-dominio\/estrategia-argenta-permitio-ocupar-bienes-por-mas-de-83-mil-millones-de-pesos-a-una-organizacion-narcotraficante-que-tendria-nexos-con-el-eln-los-pelusos-y-el-cart\/\"]}]},{\"@type\":\"BreadcrumbList\",\"@id\":\"https:\/\/www.fiscalia.gov.co\/colombia\/extincion-de-dominio\/estrategia-argenta-permitio-ocupar-bienes-por-mas-de-83-mil-millones-de-pesos-a-una-organizacion-narcotraficante-que-tendria-nexos-con-el-eln-los-pelusos-y-el-cart\/#breadcrumb\",\"itemListElement\":[{\"@type\":\"ListItem\",\"position\":1,\"name\":\"Home\",\"item\":\"https:\/\/www.fiscalia.gov.co\/colombia\/\"},{\"@type\":\"ListItem\",\"position\":2,\"name\":\"Estrategia \u2018Argenta\u2019 permiti\u00f3 ocupar bienes por m\u00e1s de 83 mil millones de pesos a una organizaci\u00f3n narcotraficante que tendr\u00eda nexos con el ELN, \u2018Los Pelusos\u2019 y el cartel mexicano de Sinaloa\"}]},{\"@type\":\"WebSite\",\"@id\":\"https:\/\/www.fiscalia.gov.co\/colombia\/#website\",\"url\":\"https:\/\/www.fiscalia.gov.co\/colombia\/\",\"name\":\"Fiscal\u00eda General de la Naci\u00f3n\",\"description\":\"P\u00e1gina oficial de la Fiscal\u00eda General de la Naci\u00f3n \u2013 Colombia. Garantizamos el acceso efectivo a la justicia, la verdad y la reparaci\u00f3n de las v\u00edctimas de los delitos.\",\"publisher\":{\"@id\":\"https:\/\/www.fiscalia.gov.co\/colombia\/#organization\"},\"potentialAction\":[{\"@type\":\"SearchAction\",\"target\":{\"@type\":\"EntryPoint\",\"urlTemplate\":\"https:\/\/www.fiscalia.gov.co\/colombia\/?s={search_term_string}\"},\"query-input\":{\"@type\":\"PropertyValueSpecification\",\"valueRequired\":true,\"valueName\":\"search_term_string\"}}],\"inLanguage\":\"es-CO\"},{\"@type\":\"Organization\",\"@id\":\"https:\/\/www.fiscalia.gov.co\/colombia\/#organization\",\"name\":\"Fiscal\u00eda General de la Naci\u00f3n\",\"url\":\"https:\/\/www.fiscalia.gov.co\/colombia\/\",\"logo\":{\"@type\":\"ImageObject\",\"inLanguage\":\"es-CO\",\"@id\":\"https:\/\/www.fiscalia.gov.co\/colombia\/#\/schema\/logo\/image\/\",\"url\":\"https:\/\/www.fiscalia.gov.co\/colombia\/wp-content\/uploads\/LogoHorizontal_1.jpg\",\"contentUrl\":\"https:\/\/www.fiscalia.gov.co\/colombia\/wp-content\/uploads\/LogoHorizontal_1.jpg\",\"width\":300,\"height\":90,\"caption\":\"Fiscal\u00eda General de la Naci\u00f3n\"},\"image\":{\"@id\":\"https:\/\/www.fiscalia.gov.co\/colombia\/#\/schema\/logo\/image\/\"},\"sameAs\":[\"https:\/\/www.facebook.com\/FiscaliaCol\",\"https:\/\/x.com\/FiscaliaCol\",\"https:\/\/www.instagram.com\/fiscaliacol\",\"https:\/\/www.linkedin.com\/company\/fiscalia-general-de-la-naci-n\/\",\"https:\/\/youtube.com\/@fiscaliageneraldelanacion-4668?si=6nN79nyQICPU5iTh\"]},{\"@type\":\"Person\",\"@id\":\"https:\/\/www.fiscalia.gov.co\/colombia\/#\/schema\/person\/bf28d8ae7f1b287bbe3af484b04f43ea\",\"name\":\"Direcci\u00f3n de Comunicaciones Fiscal\u00eda General de la Naci\u00f3n\",\"image\":{\"@type\":\"ImageObject\",\"inLanguage\":\"es-CO\",\"@id\":\"https:\/\/www.fiscalia.gov.co\/colombia\/#\/schema\/person\/image\/\",\"url\":\"https:\/\/secure.gravatar.com\/avatar\/9d55ae161d32da16dbdd0b380c080a5f?s=96&d=mm&r=g\",\"contentUrl\":\"https:\/\/secure.gravatar.com\/avatar\/9d55ae161d32da16dbdd0b380c080a5f?s=96&d=mm&r=g\",\"caption\":\"Direcci\u00f3n de Comunicaciones Fiscal\u00eda General de la Naci\u00f3n\"},\"url\":\"https:\/\/www.fiscalia.gov.co\/colombia\/author\/kbonilla\/\"}]}<\/script>\n<!-- \/ Yoast SEO plugin. -->","yoast_head_json":{"title":"Fiscal\u00eda General de la Naci\u00f3n","description":"P\u00e1gina oficial de la Fiscal\u00eda General de la Naci\u00f3n \u2013 Colombia. Garantizamos el acceso efectivo a la justicia, la verdad y la reparaci\u00f3n de las v\u00edctimas de los delitos.","robots":{"index":"noindex","follow":"follow"},"og_locale":"es_ES","og_type":"article","og_title":"Fiscal\u00eda General de la Naci\u00f3n","og_description":"P\u00e1gina oficial de la Fiscal\u00eda General de la Naci\u00f3n \u2013 Colombia. Garantizamos el acceso efectivo a la justicia, la verdad y la reparaci\u00f3n de las v\u00edctimas de los delitos.","og_url":"https:\/\/www.fiscalia.gov.co\/colombia\/extincion-de-dominio\/estrategia-argenta-permitio-ocupar-bienes-por-mas-de-83-mil-millones-de-pesos-a-una-organizacion-narcotraficante-que-tendria-nexos-con-el-eln-los-pelusos-y-el-cart\/","og_site_name":"Fiscal\u00eda General de la Naci\u00f3n","article_publisher":"https:\/\/www.facebook.com\/FiscaliaCol","article_published_time":"2021-04-10T16:59:29+00:00","article_modified_time":"2021-04-13T15:25:11+00:00","author":"Direcci\u00f3n de Comunicaciones Fiscal\u00eda General de la Naci\u00f3n","twitter_card":"summary_large_image","twitter_creator":"@FiscaliaCol","twitter_site":"@FiscaliaCol","twitter_misc":{"Escrito por":"Direcci\u00f3n de Comunicaciones Fiscal\u00eda General de la Naci\u00f3n","Tiempo de lectura":"2 minutos"},"schema":{"@context":"https:\/\/schema.org","@graph":[{"@type":"Article","@id":"https:\/\/www.fiscalia.gov.co\/colombia\/extincion-de-dominio\/estrategia-argenta-permitio-ocupar-bienes-por-mas-de-83-mil-millones-de-pesos-a-una-organizacion-narcotraficante-que-tendria-nexos-con-el-eln-los-pelusos-y-el-cart\/#article","isPartOf":{"@id":"https:\/\/www.fiscalia.gov.co\/colombia\/extincion-de-dominio\/estrategia-argenta-permitio-ocupar-bienes-por-mas-de-83-mil-millones-de-pesos-a-una-organizacion-narcotraficante-que-tendria-nexos-con-el-eln-los-pelusos-y-el-cart\/"},"author":{"name":"Direcci\u00f3n de Comunicaciones Fiscal\u00eda General de la Naci\u00f3n","@id":"https:\/\/www.fiscalia.gov.co\/colombia\/#\/schema\/person\/bf28d8ae7f1b287bbe3af484b04f43ea"},"headline":"Estrategia \u2018Argenta\u2019 permiti\u00f3 ocupar bienes por m\u00e1s de 83 mil millones de pesos a una organizaci\u00f3n narcotraficante que tendr\u00eda nexos con el ELN, \u2018Los Pelusos\u2019 y el cartel mexicano de Sinaloa","datePublished":"2021-04-10T16:59:29+00:00","dateModified":"2021-04-13T15:25:11+00:00","mainEntityOfPage":{"@id":"https:\/\/www.fiscalia.gov.co\/colombia\/extincion-de-dominio\/estrategia-argenta-permitio-ocupar-bienes-por-mas-de-83-mil-millones-de-pesos-a-una-organizacion-narcotraficante-que-tendria-nexos-con-el-eln-los-pelusos-y-el-cart\/"},"wordCount":429,"publisher":{"@id":"https:\/\/www.fiscalia.gov.co\/colombia\/#organization"},"keywords":["\u2018Los Pelusos\u2019","Argenta","Cartel de Sinaloa","Eln","extinci\u00f3n del derecho de dominio","Fiscal\u00eda General de la Naci\u00f3n","Francisco Barbosa Delgado"],"articleSection":["Extinci\u00f3n de dominio","Noticias"],"inLanguage":"es-CO"},{"@type":"WebPage","@id":"https:\/\/www.fiscalia.gov.co\/colombia\/extincion-de-dominio\/estrategia-argenta-permitio-ocupar-bienes-por-mas-de-83-mil-millones-de-pesos-a-una-organizacion-narcotraficante-que-tendria-nexos-con-el-eln-los-pelusos-y-el-cart\/","url":"https:\/\/www.fiscalia.gov.co\/colombia\/extincion-de-dominio\/estrategia-argenta-permitio-ocupar-bienes-por-mas-de-83-mil-millones-de-pesos-a-una-organizacion-narcotraficante-que-tendria-nexos-con-el-eln-los-pelusos-y-el-cart\/","name":"Fiscal\u00eda General de la Naci\u00f3n","isPartOf":{"@id":"https:\/\/www.fiscalia.gov.co\/colombia\/#website"},"datePublished":"2021-04-10T16:59:29+00:00","dateModified":"2021-04-13T15:25:11+00:00","description":"P\u00e1gina oficial de la Fiscal\u00eda General de la Naci\u00f3n \u2013 Colombia. Garantizamos el acceso efectivo a la justicia, la verdad y la reparaci\u00f3n de las v\u00edctimas de los delitos.","breadcrumb":{"@id":"https:\/\/www.fiscalia.gov.co\/colombia\/extincion-de-dominio\/estrategia-argenta-permitio-ocupar-bienes-por-mas-de-83-mil-millones-de-pesos-a-una-organizacion-narcotraficante-que-tendria-nexos-con-el-eln-los-pelusos-y-el-cart\/#breadcrumb"},"inLanguage":"es-CO","potentialAction":[{"@type":"ReadAction","target":["https:\/\/www.fiscalia.gov.co\/colombia\/extincion-de-dominio\/estrategia-argenta-permitio-ocupar-bienes-por-mas-de-83-mil-millones-de-pesos-a-una-organizacion-narcotraficante-que-tendria-nexos-con-el-eln-los-pelusos-y-el-cart\/"]}]},{"@type":"BreadcrumbList","@id":"https:\/\/www.fiscalia.gov.co\/colombia\/extincion-de-dominio\/estrategia-argenta-permitio-ocupar-bienes-por-mas-de-83-mil-millones-de-pesos-a-una-organizacion-narcotraficante-que-tendria-nexos-con-el-eln-los-pelusos-y-el-cart\/#breadcrumb","itemListElement":[{"@type":"ListItem","position":1,"name":"Home","item":"https:\/\/www.fiscalia.gov.co\/colombia\/"},{"@type":"ListItem","position":2,"name":"Estrategia \u2018Argenta\u2019 permiti\u00f3 ocupar bienes por m\u00e1s de 83 mil millones de pesos a una organizaci\u00f3n narcotraficante que tendr\u00eda nexos con el ELN, \u2018Los Pelusos\u2019 y el cartel mexicano de Sinaloa"}]},{"@type":"WebSite","@id":"https:\/\/www.fiscalia.gov.co\/colombia\/#website","url":"https:\/\/www.fiscalia.gov.co\/colombia\/","name":"Fiscal\u00eda General de la Naci\u00f3n","description":"P\u00e1gina oficial de la Fiscal\u00eda General de la Naci\u00f3n \u2013 Colombia. Garantizamos el acceso efectivo a la justicia, la verdad y la reparaci\u00f3n de las v\u00edctimas de los delitos.","publisher":{"@id":"https:\/\/www.fiscalia.gov.co\/colombia\/#organization"},"potentialAction":[{"@type":"SearchAction","target":{"@type":"EntryPoint","urlTemplate":"https:\/\/www.fiscalia.gov.co\/colombia\/?s={search_term_string}"},"query-input":{"@type":"PropertyValueSpecification","valueRequired":true,"valueName":"search_term_string"}}],"inLanguage":"es-CO"},{"@type":"Organization","@id":"https:\/\/www.fiscalia.gov.co\/colombia\/#organization","name":"Fiscal\u00eda General de la Naci\u00f3n","url":"https:\/\/www.fiscalia.gov.co\/colombia\/","logo":{"@type":"ImageObject","inLanguage":"es-CO","@id":"https:\/\/www.fiscalia.gov.co\/colombia\/#\/schema\/logo\/image\/","url":"https:\/\/www.fiscalia.gov.co\/colombia\/wp-content\/uploads\/LogoHorizontal_1.jpg","contentUrl":"https:\/\/www.fiscalia.gov.co\/colombia\/wp-content\/uploads\/LogoHorizontal_1.jpg","width":300,"height":90,"caption":"Fiscal\u00eda General de la Naci\u00f3n"},"image":{"@id":"https:\/\/www.fiscalia.gov.co\/colombia\/#\/schema\/logo\/image\/"},"sameAs":["https:\/\/www.facebook.com\/FiscaliaCol","https:\/\/x.com\/FiscaliaCol","https:\/\/www.instagram.com\/fiscaliacol","https:\/\/www.linkedin.com\/company\/fiscalia-general-de-la-naci-n\/","https:\/\/youtube.com\/@fiscaliageneraldelanacion-4668?si=6nN79nyQICPU5iTh"]},{"@type":"Person","@id":"https:\/\/www.fiscalia.gov.co\/colombia\/#\/schema\/person\/bf28d8ae7f1b287bbe3af484b04f43ea","name":"Direcci\u00f3n de Comunicaciones Fiscal\u00eda General de la Naci\u00f3n","image":{"@type":"ImageObject","inLanguage":"es-CO","@id":"https:\/\/www.fiscalia.gov.co\/colombia\/#\/schema\/person\/image\/","url":"https:\/\/secure.gravatar.com\/avatar\/9d55ae161d32da16dbdd0b380c080a5f?s=96&d=mm&r=g","contentUrl":"https:\/\/secure.gravatar.com\/avatar\/9d55ae161d32da16dbdd0b380c080a5f?s=96&d=mm&r=g","caption":"Direcci\u00f3n de Comunicaciones Fiscal\u00eda General de la Naci\u00f3n"},"url":"https:\/\/www.fiscalia.gov.co\/colombia\/author\/kbonilla\/"}]}},"_links":{"self":[{"href":"https:\/\/www.fiscalia.gov.co\/colombia\/wp-json\/wp\/v2\/posts\/217391","targetHints":{"allow":["GET"]}}],"collection":[{"href":"https:\/\/www.fiscalia.gov.co\/colombia\/wp-json\/wp\/v2\/posts"}],"about":[{"href":"https:\/\/www.fiscalia.gov.co\/colombia\/wp-json\/wp\/v2\/types\/post"}],"author":[{"embeddable":true,"href":"https:\/\/www.fiscalia.gov.co\/colombia\/wp-json\/wp\/v2\/users\/162"}],"replies":[{"embeddable":true,"href":"https:\/\/www.fiscalia.gov.co\/colombia\/wp-json\/wp\/v2\/comments?post=217391"}],"version-history":[{"count":1,"href":"https:\/\/www.fiscalia.gov.co\/colombia\/wp-json\/wp\/v2\/posts\/217391\/revisions"}],"predecessor-version":[{"id":217392,"href":"https:\/\/www.fiscalia.gov.co\/colombia\/wp-json\/wp\/v2\/posts\/217391\/revisions\/217392"}],"wp:attachment":[{"href":"https:\/\/www.fiscalia.gov.co\/colombia\/wp-json\/wp\/v2\/media?parent=217391"}],"wp:term":[{"taxonomy":"category","embeddable":true,"href":"https:\/\/www.fiscalia.gov.co\/colombia\/wp-json\/wp\/v2\/categories?post=217391"},{"taxonomy":"post_tag","embeddable":true,"href":"https:\/\/www.fiscalia.gov.co\/colombia\/wp-json\/wp\/v2\/tags?post=217391"}],"curies":[{"name":"wp","href":"https:\/\/api.w.org\/{rel}","templated":true}]}}