{"id":217368,"date":"2021-04-09T17:41:07","date_gmt":"2021-04-09T22:41:07","guid":{"rendered":"https:\/\/www.fiscalia.gov.co\/colombia\/?p=217368"},"modified":"2021-04-12T07:57:08","modified_gmt":"2021-04-12T12:57:08","slug":"a-prision-el-presunto-responsable-de-un-homicidio-en-medio-de-un-acto-de-intolerancia","status":"publish","type":"post","link":"https:\/\/www.fiscalia.gov.co\/colombia\/seguridad-territorial\/a-prision-el-presunto-responsable-de-un-homicidio-en-medio-de-un-acto-de-intolerancia\/","title":{"rendered":"A prisi\u00f3n el presunto responsable de un homicidio en medio de un acto de intolerancia"},"content":{"rendered":"<div align=\"justify\"><span style=\"font-size: medium;\"><span style=\"color: #222222;\"><span lang=\"es\">Un juez de control de garant\u00edas de Puerto As\u00eds (Putumayo) cobij\u00f3 con medida de aseguramiento en centro carcelario a Wilfredy Narv\u00e1ez Bravo, presuntamente responsable del delito de\u00a0<\/span><\/span><a href=\"https:\/\/www.fiscalia.gov.co\/colombia\/crimen-organizado\/cae-presunto-articulador-de-los-homicidios-y-actividades-narcotraficantes-de-la-estructura-el-mesa-que-delinque-en-bogota-antioquia-cundinamarca-boyaca-y-san-andres-islas\/\" target=\"_blank\" rel=\"noopener noreferrer\"><span lang=\"es\"><b>homicidio<\/b><\/span><\/a><span style=\"color: #222222;\"><span lang=\"es\"><b>, cargo que no fue aceptado.\u00a0<\/b><\/span><\/span><\/span><\/div>\n<div align=\"justify\"><span style=\"font-size: medium;\"><span style=\"color: black;\">\u00a0<\/span><\/span><\/div>\n<div align=\"justify\"><span style=\"font-size: medium;\"><span style=\"color: #222222;\"><span lang=\"es\">Los hechos que motivaron la investigaci\u00f3n ocurrieron el 4 de abril pasado en el barrio <a dir=\"ltr\" href=\"outlook-data-detector:\/\/2\">20 de Julio<\/a> de Puerto As\u00eds donde falleci\u00f3\u00a0<\/span><\/span><span style=\"color: black;\"><span lang=\"es\">Danilo Antonio \u00c1lvarez Mart\u00ednez, luego de que el implicado, al parecer, lo agrediera con un arma corto punzante, en medio de un hecho de intolerancia.<\/span><\/span>\u00a0<\/span><\/div>\n<div align=\"justify\"><span style=\"font-size: medium;\"><span style=\"color: black;\"><span lang=\"es\">\u00a0<\/span><\/span><\/span><\/div>\n<div align=\"justify\"><span style=\"font-size: medium;\"><span style=\"color: black;\"><span lang=\"es\">Al parecer el hoy occiso se encontraba compartiendo con sus amigos y bajo los efectos de sustancias psicoactivas y alcoh\u00f3licas cuando fue agredido por el presunto implicado en medio de una discusi\u00f3n.\u00a0<\/span><\/span><\/span><\/div>\n<div align=\"justify\"><span style=\"font-size: medium;\"><span style=\"color: black;\">\u00a0<\/span><\/span><\/div>\n<div align=\"justify\"><span style=\"font-size: medium;\"><span style=\"color: #222222;\"><span lang=\"es\">Un juez de garant\u00edas acogi\u00f3 los argumentos del ente acusador e impuso en su contra\u00a0<\/span><\/span><span style=\"color: #222222;\"><span lang=\"es\"><b>medida de aseguramiento en centro carcelario.\u00a0<\/b><\/span><\/span><\/span><\/div>\n<div align=\"justify\"><span style=\"font-size: medium;\"><span style=\"color: black;\">\u00a0<\/span><\/span><\/div>\n<div align=\"justify\"><span style=\"font-size: medium;\"><span style=\"color: #222222;\"><span lang=\"es\">Agentes del\u00a0<\/span><\/span><span style=\"color: #222222;\"><span lang=\"es\"><b>CTI, en conjunto con Sij\u00edn,<\/b><\/span><\/span><span style=\"color: #222222;\"><span lang=\"es\">\u00a0capturaron al presunto responsable de los hechos en barrio Las Am\u00e9ricas de Puerto As\u00eds. De esta manera, se dio cumplimiento a la orden de captura que exist\u00eda contra el procesado.<\/span><\/span>\u00a0<\/span><\/div>\n<div align=\"justify\"><span style=\"font-size: medium;\"><span style=\"color: black;\">\u00a0<\/span><\/span><\/div>\n<div align=\"justify\"><span style=\"font-size: medium;\"><span style=\"color: black;\"><span lang=\"es\">La Fiscal\u00eda publica esta informaci\u00f3n por razones de inter\u00e9s general.<\/span><\/span>\u00a0<\/span><\/div>\n<div align=\"justify\"><span style=\"font-size: medium;\"><span style=\"color: black;\">\u00a0<\/span><\/span><\/div>\n<div align=\"justify\"><span style=\"font-size: medium;\"><span style=\"color: black;\"><span lang=\"es\"><b>LMGM\/MAGA\/<\/b><\/span><\/span><b>GRM\u00a0<\/b><\/span><\/div>\n<div align=\"justify\"><span style=\"font-size: medium;\"><span style=\"color: black;\">\u00a0<\/span><\/span><\/div>\n<div align=\"justify\"><span style=\"font-size: medium;\"><span style=\"color: #222222;\"><span lang=\"es\"><i>La informaci\u00f3n contenida en este bolet\u00edn de prensa corresponde a la narraci\u00f3n de los hechos noticiosos objetivos, suministrados por los funcionarios encargados de adelantar las investigaciones penales al interior de la Fiscal\u00eda General de la Naci\u00f3n. Para el momento de la divulgaci\u00f3n de este comunicado, la situaci\u00f3n jur\u00eddica de la(s) persona(s) relacionada(s) se encuentra pendiente de resolver por la autoridad judicial competente, siempre bajo los preceptos de la presunci\u00f3n de inocencia, consagrados en el art\u00edculo 29 de la Constituci\u00f3n Pol\u00edtica y el art\u00edculo 7\u00ba de la Ley 906 de 2004.<\/i><\/span><\/span><span style=\"color: black;\"><span lang=\"es\">\u00a0<\/span><\/span>\u00a0<\/span><\/div>\n\n<div class=\"twitter-share\"><a href=\"https:\/\/twitter.com\/intent\/tweet?via=fiscaliacol\" class=\"twitter-share-button\">Tweet<\/a><\/div>\n","protected":false},"excerpt":{"rendered":"<p>Un juez de control de garant\u00edas de Puerto As\u00eds (Putumayo) cobij\u00f3 con medida de aseguramiento en centro carcelario a Wilfredy Narv\u00e1ez Bravo, presuntamente responsable del delito de\u00a0homicidio, cargo que no fue aceptado.\u00a0 \u00a0 Los hechos que motivaron la investigaci\u00f3n ocurrieron el 4 de abril pasado en el barrio 20 de Julio de Puerto As\u00eds donde [&hellip;]<\/p>\n","protected":false},"author":171,"featured_media":0,"comment_status":"closed","ping_status":"open","sticky":false,"template":"","format":"standard","meta":{"_price":"","_stock":"","_tribe_ticket_header":"","_tribe_default_ticket_provider":"","_tribe_ticket_capacity":"0","_ticket_start_date":"","_ticket_end_date":"","_tribe_ticket_show_description":"","_tribe_ticket_show_not_going":false,"_tribe_ticket_use_global_stock":"","_tribe_ticket_global_stock_level":"","_global_stock_mode":"","_global_stock_cap":"","_tribe_rsvp_for_event":"","_tribe_ticket_going_count":"","_tribe_ticket_not_going_count":"","_tribe_tickets_list":"[]","_tribe_ticket_has_attendee_info_fields":false,"tdm_status":"","tdm_grid_status":"","footnotes":""},"categories":[2910,303,24099],"tags":[5180,26264,24185,25925,11101],"class_list":{"0":"post-217368","1":"post","2":"type-post","3":"status-publish","4":"format-standard","6":"category-seccional-mocoa","7":"category-seccionales","8":"category-seguridad-territorial","9":"tag-arma-blanca","10":"tag-esclarecimiento-homicidio","11":"tag-fiscal-barbosa","12":"tag-homicidio-putumayo","13":"tag-seguridad-ciudadana"},"yoast_head":"<!-- This site is optimized with the Yoast SEO plugin v24.3 - https:\/\/yoast.com\/wordpress\/plugins\/seo\/ -->\n<title>Fiscal\u00eda General de la Naci\u00f3n<\/title>\n<meta name=\"description\" content=\"P\u00e1gina oficial de la Fiscal\u00eda General de la Naci\u00f3n \u2013 Colombia. Garantizamos el acceso efectivo a la justicia, la verdad y la reparaci\u00f3n de las v\u00edctimas de los delitos.\" \/>\n<meta name=\"robots\" content=\"noindex, follow\" \/>\n<meta property=\"og:locale\" content=\"es_ES\" \/>\n<meta property=\"og:type\" content=\"article\" \/>\n<meta property=\"og:title\" content=\"Fiscal\u00eda General de la Naci\u00f3n\" \/>\n<meta property=\"og:description\" content=\"P\u00e1gina oficial de la Fiscal\u00eda General de la Naci\u00f3n \u2013 Colombia. Garantizamos el acceso efectivo a la justicia, la verdad y la reparaci\u00f3n de las v\u00edctimas de los delitos.\" \/>\n<meta property=\"og:url\" content=\"https:\/\/www.fiscalia.gov.co\/colombia\/seguridad-territorial\/a-prision-el-presunto-responsable-de-un-homicidio-en-medio-de-un-acto-de-intolerancia\/\" \/>\n<meta property=\"og:site_name\" content=\"Fiscal\u00eda General de la Naci\u00f3n\" \/>\n<meta property=\"article:publisher\" content=\"https:\/\/www.facebook.com\/FiscaliaCol\" \/>\n<meta property=\"article:published_time\" content=\"2021-04-09T22:41:07+00:00\" \/>\n<meta property=\"article:modified_time\" content=\"2021-04-12T12:57:08+00:00\" \/>\n<meta name=\"author\" content=\"Ana Mar\u00eda Gomez\" \/>\n<meta name=\"twitter:card\" content=\"summary_large_image\" \/>\n<meta name=\"twitter:creator\" content=\"@FiscaliaCol\" \/>\n<meta name=\"twitter:site\" content=\"@FiscaliaCol\" \/>\n<meta name=\"twitter:label1\" content=\"Escrito por\" \/>\n\t<meta name=\"twitter:data1\" content=\"Ana Mar\u00eda Gomez\" \/>\n\t<meta name=\"twitter:label2\" content=\"Tiempo de lectura\" \/>\n\t<meta name=\"twitter:data2\" content=\"2 minutos\" \/>\n<script type=\"application\/ld+json\" class=\"yoast-schema-graph\">{\"@context\":\"https:\/\/schema.org\",\"@graph\":[{\"@type\":\"Article\",\"@id\":\"https:\/\/www.fiscalia.gov.co\/colombia\/seguridad-territorial\/a-prision-el-presunto-responsable-de-un-homicidio-en-medio-de-un-acto-de-intolerancia\/#article\",\"isPartOf\":{\"@id\":\"https:\/\/www.fiscalia.gov.co\/colombia\/seguridad-territorial\/a-prision-el-presunto-responsable-de-un-homicidio-en-medio-de-un-acto-de-intolerancia\/\"},\"author\":{\"name\":\"Ana Mar\u00eda Gomez\",\"@id\":\"https:\/\/www.fiscalia.gov.co\/colombia\/#\/schema\/person\/06aa2210fe4d79203f428ff671dee360\"},\"headline\":\"A prisi\u00f3n el presunto responsable de un homicidio en medio de un acto de intolerancia\",\"datePublished\":\"2021-04-09T22:41:07+00:00\",\"dateModified\":\"2021-04-12T12:57:08+00:00\",\"mainEntityOfPage\":{\"@id\":\"https:\/\/www.fiscalia.gov.co\/colombia\/seguridad-territorial\/a-prision-el-presunto-responsable-de-un-homicidio-en-medio-de-un-acto-de-intolerancia\/\"},\"wordCount\":316,\"publisher\":{\"@id\":\"https:\/\/www.fiscalia.gov.co\/colombia\/#organization\"},\"keywords\":[\"Arma Blanca\",\"esclarecimiento homicidio\",\"Fiscal Barbosa\",\"homicidio Putumayo\",\"Seguridad ciudadana\"],\"articleSection\":[\"Seccional Mocoa\",\"Seccionales\",\"Seguridad territorial\"],\"inLanguage\":\"es-CO\"},{\"@type\":\"WebPage\",\"@id\":\"https:\/\/www.fiscalia.gov.co\/colombia\/seguridad-territorial\/a-prision-el-presunto-responsable-de-un-homicidio-en-medio-de-un-acto-de-intolerancia\/\",\"url\":\"https:\/\/www.fiscalia.gov.co\/colombia\/seguridad-territorial\/a-prision-el-presunto-responsable-de-un-homicidio-en-medio-de-un-acto-de-intolerancia\/\",\"name\":\"Fiscal\u00eda General de la Naci\u00f3n\",\"isPartOf\":{\"@id\":\"https:\/\/www.fiscalia.gov.co\/colombia\/#website\"},\"datePublished\":\"2021-04-09T22:41:07+00:00\",\"dateModified\":\"2021-04-12T12:57:08+00:00\",\"description\":\"P\u00e1gina oficial de la Fiscal\u00eda General de la Naci\u00f3n \u2013 Colombia. Garantizamos el acceso efectivo a la justicia, la verdad y la reparaci\u00f3n de las v\u00edctimas de los delitos.\",\"breadcrumb\":{\"@id\":\"https:\/\/www.fiscalia.gov.co\/colombia\/seguridad-territorial\/a-prision-el-presunto-responsable-de-un-homicidio-en-medio-de-un-acto-de-intolerancia\/#breadcrumb\"},\"inLanguage\":\"es-CO\",\"potentialAction\":[{\"@type\":\"ReadAction\",\"target\":[\"https:\/\/www.fiscalia.gov.co\/colombia\/seguridad-territorial\/a-prision-el-presunto-responsable-de-un-homicidio-en-medio-de-un-acto-de-intolerancia\/\"]}]},{\"@type\":\"BreadcrumbList\",\"@id\":\"https:\/\/www.fiscalia.gov.co\/colombia\/seguridad-territorial\/a-prision-el-presunto-responsable-de-un-homicidio-en-medio-de-un-acto-de-intolerancia\/#breadcrumb\",\"itemListElement\":[{\"@type\":\"ListItem\",\"position\":1,\"name\":\"Home\",\"item\":\"https:\/\/www.fiscalia.gov.co\/colombia\/\"},{\"@type\":\"ListItem\",\"position\":2,\"name\":\"A prisi\u00f3n el presunto responsable de un homicidio en medio de un acto de intolerancia\"}]},{\"@type\":\"WebSite\",\"@id\":\"https:\/\/www.fiscalia.gov.co\/colombia\/#website\",\"url\":\"https:\/\/www.fiscalia.gov.co\/colombia\/\",\"name\":\"Fiscal\u00eda General de la Naci\u00f3n\",\"description\":\"P\u00e1gina oficial de la Fiscal\u00eda General de la Naci\u00f3n \u2013 Colombia. Garantizamos el acceso efectivo a la justicia, la verdad y la reparaci\u00f3n de las v\u00edctimas de los delitos.\",\"publisher\":{\"@id\":\"https:\/\/www.fiscalia.gov.co\/colombia\/#organization\"},\"potentialAction\":[{\"@type\":\"SearchAction\",\"target\":{\"@type\":\"EntryPoint\",\"urlTemplate\":\"https:\/\/www.fiscalia.gov.co\/colombia\/?s={search_term_string}\"},\"query-input\":{\"@type\":\"PropertyValueSpecification\",\"valueRequired\":true,\"valueName\":\"search_term_string\"}}],\"inLanguage\":\"es-CO\"},{\"@type\":\"Organization\",\"@id\":\"https:\/\/www.fiscalia.gov.co\/colombia\/#organization\",\"name\":\"Fiscal\u00eda General de la Naci\u00f3n\",\"url\":\"https:\/\/www.fiscalia.gov.co\/colombia\/\",\"logo\":{\"@type\":\"ImageObject\",\"inLanguage\":\"es-CO\",\"@id\":\"https:\/\/www.fiscalia.gov.co\/colombia\/#\/schema\/logo\/image\/\",\"url\":\"https:\/\/www.fiscalia.gov.co\/colombia\/wp-content\/uploads\/LogoHorizontal_1.jpg\",\"contentUrl\":\"https:\/\/www.fiscalia.gov.co\/colombia\/wp-content\/uploads\/LogoHorizontal_1.jpg\",\"width\":300,\"height\":90,\"caption\":\"Fiscal\u00eda General de la Naci\u00f3n\"},\"image\":{\"@id\":\"https:\/\/www.fiscalia.gov.co\/colombia\/#\/schema\/logo\/image\/\"},\"sameAs\":[\"https:\/\/www.facebook.com\/FiscaliaCol\",\"https:\/\/x.com\/FiscaliaCol\",\"https:\/\/www.instagram.com\/fiscaliacol\",\"https:\/\/www.linkedin.com\/company\/fiscalia-general-de-la-naci-n\/\",\"https:\/\/youtube.com\/@fiscaliageneraldelanacion-4668?si=6nN79nyQICPU5iTh\"]},{\"@type\":\"Person\",\"@id\":\"https:\/\/www.fiscalia.gov.co\/colombia\/#\/schema\/person\/06aa2210fe4d79203f428ff671dee360\",\"name\":\"Ana Mar\u00eda Gomez\",\"image\":{\"@type\":\"ImageObject\",\"inLanguage\":\"es-CO\",\"@id\":\"https:\/\/www.fiscalia.gov.co\/colombia\/#\/schema\/person\/image\/\",\"url\":\"https:\/\/secure.gravatar.com\/avatar\/a38115d98a7f8a96cbb96af2b2c37a0b?s=96&d=mm&r=g\",\"contentUrl\":\"https:\/\/secure.gravatar.com\/avatar\/a38115d98a7f8a96cbb96af2b2c37a0b?s=96&d=mm&r=g\",\"caption\":\"Ana Mar\u00eda Gomez\"},\"url\":\"https:\/\/www.fiscalia.gov.co\/colombia\/author\/agomez\/\"}]}<\/script>\n<!-- \/ Yoast SEO plugin. -->","yoast_head_json":{"title":"Fiscal\u00eda General de la Naci\u00f3n","description":"P\u00e1gina oficial de la Fiscal\u00eda General de la Naci\u00f3n \u2013 Colombia. Garantizamos el acceso efectivo a la justicia, la verdad y la reparaci\u00f3n de las v\u00edctimas de los delitos.","robots":{"index":"noindex","follow":"follow"},"og_locale":"es_ES","og_type":"article","og_title":"Fiscal\u00eda General de la Naci\u00f3n","og_description":"P\u00e1gina oficial de la Fiscal\u00eda General de la Naci\u00f3n \u2013 Colombia. Garantizamos el acceso efectivo a la justicia, la verdad y la reparaci\u00f3n de las v\u00edctimas de los delitos.","og_url":"https:\/\/www.fiscalia.gov.co\/colombia\/seguridad-territorial\/a-prision-el-presunto-responsable-de-un-homicidio-en-medio-de-un-acto-de-intolerancia\/","og_site_name":"Fiscal\u00eda General de la Naci\u00f3n","article_publisher":"https:\/\/www.facebook.com\/FiscaliaCol","article_published_time":"2021-04-09T22:41:07+00:00","article_modified_time":"2021-04-12T12:57:08+00:00","author":"Ana Mar\u00eda Gomez","twitter_card":"summary_large_image","twitter_creator":"@FiscaliaCol","twitter_site":"@FiscaliaCol","twitter_misc":{"Escrito por":"Ana Mar\u00eda Gomez","Tiempo de lectura":"2 minutos"},"schema":{"@context":"https:\/\/schema.org","@graph":[{"@type":"Article","@id":"https:\/\/www.fiscalia.gov.co\/colombia\/seguridad-territorial\/a-prision-el-presunto-responsable-de-un-homicidio-en-medio-de-un-acto-de-intolerancia\/#article","isPartOf":{"@id":"https:\/\/www.fiscalia.gov.co\/colombia\/seguridad-territorial\/a-prision-el-presunto-responsable-de-un-homicidio-en-medio-de-un-acto-de-intolerancia\/"},"author":{"name":"Ana Mar\u00eda Gomez","@id":"https:\/\/www.fiscalia.gov.co\/colombia\/#\/schema\/person\/06aa2210fe4d79203f428ff671dee360"},"headline":"A prisi\u00f3n el presunto responsable de un homicidio en medio de un acto de intolerancia","datePublished":"2021-04-09T22:41:07+00:00","dateModified":"2021-04-12T12:57:08+00:00","mainEntityOfPage":{"@id":"https:\/\/www.fiscalia.gov.co\/colombia\/seguridad-territorial\/a-prision-el-presunto-responsable-de-un-homicidio-en-medio-de-un-acto-de-intolerancia\/"},"wordCount":316,"publisher":{"@id":"https:\/\/www.fiscalia.gov.co\/colombia\/#organization"},"keywords":["Arma Blanca","esclarecimiento homicidio","Fiscal Barbosa","homicidio Putumayo","Seguridad ciudadana"],"articleSection":["Seccional Mocoa","Seccionales","Seguridad territorial"],"inLanguage":"es-CO"},{"@type":"WebPage","@id":"https:\/\/www.fiscalia.gov.co\/colombia\/seguridad-territorial\/a-prision-el-presunto-responsable-de-un-homicidio-en-medio-de-un-acto-de-intolerancia\/","url":"https:\/\/www.fiscalia.gov.co\/colombia\/seguridad-territorial\/a-prision-el-presunto-responsable-de-un-homicidio-en-medio-de-un-acto-de-intolerancia\/","name":"Fiscal\u00eda General de la Naci\u00f3n","isPartOf":{"@id":"https:\/\/www.fiscalia.gov.co\/colombia\/#website"},"datePublished":"2021-04-09T22:41:07+00:00","dateModified":"2021-04-12T12:57:08+00:00","description":"P\u00e1gina oficial de la Fiscal\u00eda General de la Naci\u00f3n \u2013 Colombia. Garantizamos el acceso efectivo a la justicia, la verdad y la reparaci\u00f3n de las v\u00edctimas de los delitos.","breadcrumb":{"@id":"https:\/\/www.fiscalia.gov.co\/colombia\/seguridad-territorial\/a-prision-el-presunto-responsable-de-un-homicidio-en-medio-de-un-acto-de-intolerancia\/#breadcrumb"},"inLanguage":"es-CO","potentialAction":[{"@type":"ReadAction","target":["https:\/\/www.fiscalia.gov.co\/colombia\/seguridad-territorial\/a-prision-el-presunto-responsable-de-un-homicidio-en-medio-de-un-acto-de-intolerancia\/"]}]},{"@type":"BreadcrumbList","@id":"https:\/\/www.fiscalia.gov.co\/colombia\/seguridad-territorial\/a-prision-el-presunto-responsable-de-un-homicidio-en-medio-de-un-acto-de-intolerancia\/#breadcrumb","itemListElement":[{"@type":"ListItem","position":1,"name":"Home","item":"https:\/\/www.fiscalia.gov.co\/colombia\/"},{"@type":"ListItem","position":2,"name":"A prisi\u00f3n el presunto responsable de un homicidio en medio de un acto de intolerancia"}]},{"@type":"WebSite","@id":"https:\/\/www.fiscalia.gov.co\/colombia\/#website","url":"https:\/\/www.fiscalia.gov.co\/colombia\/","name":"Fiscal\u00eda General de la Naci\u00f3n","description":"P\u00e1gina oficial de la Fiscal\u00eda General de la Naci\u00f3n \u2013 Colombia. Garantizamos el acceso efectivo a la justicia, la verdad y la reparaci\u00f3n de las v\u00edctimas de los delitos.","publisher":{"@id":"https:\/\/www.fiscalia.gov.co\/colombia\/#organization"},"potentialAction":[{"@type":"SearchAction","target":{"@type":"EntryPoint","urlTemplate":"https:\/\/www.fiscalia.gov.co\/colombia\/?s={search_term_string}"},"query-input":{"@type":"PropertyValueSpecification","valueRequired":true,"valueName":"search_term_string"}}],"inLanguage":"es-CO"},{"@type":"Organization","@id":"https:\/\/www.fiscalia.gov.co\/colombia\/#organization","name":"Fiscal\u00eda General de la Naci\u00f3n","url":"https:\/\/www.fiscalia.gov.co\/colombia\/","logo":{"@type":"ImageObject","inLanguage":"es-CO","@id":"https:\/\/www.fiscalia.gov.co\/colombia\/#\/schema\/logo\/image\/","url":"https:\/\/www.fiscalia.gov.co\/colombia\/wp-content\/uploads\/LogoHorizontal_1.jpg","contentUrl":"https:\/\/www.fiscalia.gov.co\/colombia\/wp-content\/uploads\/LogoHorizontal_1.jpg","width":300,"height":90,"caption":"Fiscal\u00eda General de la Naci\u00f3n"},"image":{"@id":"https:\/\/www.fiscalia.gov.co\/colombia\/#\/schema\/logo\/image\/"},"sameAs":["https:\/\/www.facebook.com\/FiscaliaCol","https:\/\/x.com\/FiscaliaCol","https:\/\/www.instagram.com\/fiscaliacol","https:\/\/www.linkedin.com\/company\/fiscalia-general-de-la-naci-n\/","https:\/\/youtube.com\/@fiscaliageneraldelanacion-4668?si=6nN79nyQICPU5iTh"]},{"@type":"Person","@id":"https:\/\/www.fiscalia.gov.co\/colombia\/#\/schema\/person\/06aa2210fe4d79203f428ff671dee360","name":"Ana Mar\u00eda Gomez","image":{"@type":"ImageObject","inLanguage":"es-CO","@id":"https:\/\/www.fiscalia.gov.co\/colombia\/#\/schema\/person\/image\/","url":"https:\/\/secure.gravatar.com\/avatar\/a38115d98a7f8a96cbb96af2b2c37a0b?s=96&d=mm&r=g","contentUrl":"https:\/\/secure.gravatar.com\/avatar\/a38115d98a7f8a96cbb96af2b2c37a0b?s=96&d=mm&r=g","caption":"Ana Mar\u00eda Gomez"},"url":"https:\/\/www.fiscalia.gov.co\/colombia\/author\/agomez\/"}]}},"_links":{"self":[{"href":"https:\/\/www.fiscalia.gov.co\/colombia\/wp-json\/wp\/v2\/posts\/217368","targetHints":{"allow":["GET"]}}],"collection":[{"href":"https:\/\/www.fiscalia.gov.co\/colombia\/wp-json\/wp\/v2\/posts"}],"about":[{"href":"https:\/\/www.fiscalia.gov.co\/colombia\/wp-json\/wp\/v2\/types\/post"}],"author":[{"embeddable":true,"href":"https:\/\/www.fiscalia.gov.co\/colombia\/wp-json\/wp\/v2\/users\/171"}],"replies":[{"embeddable":true,"href":"https:\/\/www.fiscalia.gov.co\/colombia\/wp-json\/wp\/v2\/comments?post=217368"}],"version-history":[{"count":2,"href":"https:\/\/www.fiscalia.gov.co\/colombia\/wp-json\/wp\/v2\/posts\/217368\/revisions"}],"predecessor-version":[{"id":217407,"href":"https:\/\/www.fiscalia.gov.co\/colombia\/wp-json\/wp\/v2\/posts\/217368\/revisions\/217407"}],"wp:attachment":[{"href":"https:\/\/www.fiscalia.gov.co\/colombia\/wp-json\/wp\/v2\/media?parent=217368"}],"wp:term":[{"taxonomy":"category","embeddable":true,"href":"https:\/\/www.fiscalia.gov.co\/colombia\/wp-json\/wp\/v2\/categories?post=217368"},{"taxonomy":"post_tag","embeddable":true,"href":"https:\/\/www.fiscalia.gov.co\/colombia\/wp-json\/wp\/v2\/tags?post=217368"}],"curies":[{"name":"wp","href":"https:\/\/api.w.org\/{rel}","templated":true}]}}