{"id":217339,"date":"2021-04-09T13:44:47","date_gmt":"2021-04-09T18:44:47","guid":{"rendered":"https:\/\/www.fiscalia.gov.co\/colombia\/?p=217339"},"modified":"2021-04-09T14:41:49","modified_gmt":"2021-04-09T19:41:49","slug":"asegurado-alias-800-presunto-miembro-de-la-banda-la-local-los-chotas-por-porte-ilegal-de-armas","status":"publish","type":"post","link":"https:\/\/www.fiscalia.gov.co\/colombia\/seguridad-territorial\/asegurado-alias-800-presunto-miembro-de-la-banda-la-local-los-chotas-por-porte-ilegal-de-armas\/","title":{"rendered":"Asegurado alias 800, presunto miembro de la banda La Local \u2013 Los Chotas por porte ilegal de armas"},"content":{"rendered":"<p>Un juez penal con funciones de control de garant\u00eda priv\u00f3 de la libertad a\u00a0Jhoan\u00a0Alexis Mina Angulo, alias 800, presunto miembro de la\u00a0<a href=\"https:\/\/www.fiscalia.gov.co\/colombia\/seccionales\/a-la-carcel-alias-el-topo-presunto-integrante-de-la-banda-la-local-los-chotas-por-porte-ilegal-de-armas\/\">banda La Local, subdivisi\u00f3n Los Chotas<\/a>, luego de que la Fiscal\u00eda le imput\u00f3 cargos como presunto autor del delito de fabricaci\u00f3n, tr\u00e1fico y porte de armas de fuego.<\/p>\n<figure id=\"attachment_217341\" aria-describedby=\"caption-attachment-217341\" style=\"width: 696px\" class=\"wp-caption alignleft\"><img loading=\"lazy\" decoding=\"async\" class=\"size-large wp-image-217341\" src=\"https:\/\/www.fiscalia.gov.co\/colombia\/wp-content\/uploads\/Jhoan-Alexis-Mina-Angulo-alias-800-presunto-miembro-de-Los-Chotas-1024x768.jpeg\" alt=\"\" width=\"696\" height=\"522\" srcset=\"https:\/\/www.fiscalia.gov.co\/colombia\/wp-content\/uploads\/Jhoan-Alexis-Mina-Angulo-alias-800-presunto-miembro-de-Los-Chotas-1024x768.jpeg 1024w, https:\/\/www.fiscalia.gov.co\/colombia\/wp-content\/uploads\/Jhoan-Alexis-Mina-Angulo-alias-800-presunto-miembro-de-Los-Chotas-300x225.jpeg 300w, https:\/\/www.fiscalia.gov.co\/colombia\/wp-content\/uploads\/Jhoan-Alexis-Mina-Angulo-alias-800-presunto-miembro-de-Los-Chotas-768x576.jpeg 768w, https:\/\/www.fiscalia.gov.co\/colombia\/wp-content\/uploads\/Jhoan-Alexis-Mina-Angulo-alias-800-presunto-miembro-de-Los-Chotas-696x522.jpeg 696w, https:\/\/www.fiscalia.gov.co\/colombia\/wp-content\/uploads\/Jhoan-Alexis-Mina-Angulo-alias-800-presunto-miembro-de-Los-Chotas-1068x801.jpeg 1068w, https:\/\/www.fiscalia.gov.co\/colombia\/wp-content\/uploads\/Jhoan-Alexis-Mina-Angulo-alias-800-presunto-miembro-de-Los-Chotas-560x420.jpeg 560w, https:\/\/www.fiscalia.gov.co\/colombia\/wp-content\/uploads\/Jhoan-Alexis-Mina-Angulo-alias-800-presunto-miembro-de-Los-Chotas-80x60.jpeg 80w, https:\/\/www.fiscalia.gov.co\/colombia\/wp-content\/uploads\/Jhoan-Alexis-Mina-Angulo-alias-800-presunto-miembro-de-Los-Chotas-265x198.jpeg 265w, https:\/\/www.fiscalia.gov.co\/colombia\/wp-content\/uploads\/Jhoan-Alexis-Mina-Angulo-alias-800-presunto-miembro-de-Los-Chotas.jpeg 1280w\" sizes=\"auto, (max-width: 696px) 100vw, 696px\" \/><figcaption id=\"caption-attachment-217341\" class=\"wp-caption-text\">Jhoan Alexis Mina Angulo, alias 800, presunto integrante de la banda delictiva La Local, subdivisi\u00f3n Los Chotas, responder\u00eda por porte ilegal de armas.<\/figcaption><\/figure>\n<p>El hombre, quien no acept\u00f3 su responsabilidad, fue capturado durante un allanamiento el pasado 8 de abril en una vivienda del barrio El Cambio, de Buenaventura (Valle del Cauca), por agentes de la\u00a0Sij\u00edn\u00a0y unidades del Comando de Operaciones Especiales (Copes), de la Polic\u00eda Nacional.<\/p>\n<p>En las diligencias, los uniformados encontraron escondido en una cama\u00a0<a href=\"https:\/\/www.fiscalia.gov.co\/colombia\/seguridad-ciudadana\/carcel-para-hombre-sorprendido-portando-un-arma-de-fuego-en-buenaventura\/\">un rev\u00f3lver calibre 38\u00a0Martial<\/a>, con 6 cartuchos sin percutir, el cual es sometido a an\u00e1lisis de bal\u00edstica para establecer si ha sido utilizado en alg\u00fan homicidio en Buenaventura.<\/p>\n<p>Los investigadores obtuvieron informaci\u00f3n sobre la ubicaci\u00f3n de\u00a0<strong>alias 800<\/strong>\u00a0y la vivienda donde presuntamente se alojaban miembros de Los Chotas, as\u00ed como guardaban armas de fuego.<\/p>\n<p>La Fiscal\u00eda General de la Naci\u00f3n habla con resultados.<\/p>\n<p>JGPV\/GJ\/DLBM<\/p>\n<p><em>La informaci\u00f3n contenida en este bolet\u00edn de prensa corresponde a la narraci\u00f3n de los hechos noticiosos objetivos, suministrados por los funcionarios encargados de adelantar las investigaciones penales al interior de la Fiscal\u00eda General de la Naci\u00f3n. Para el momento de la divulgaci\u00f3n de este comunicado, la situaci\u00f3n jur\u00eddica de la(s) persona(s) relacionada(s) se encuentra pendiente de resolver por la autoridad judicial competente, siempre bajo los preceptos de la presunci\u00f3n de inocencia, consagrados en el art\u00edculo 29 de la Constituci\u00f3n Pol\u00edtica y el art\u00edculo 7\u00ba de la Ley 906 de 2004.<\/em><\/p>\n<p>&nbsp;<\/p>\n<p>&nbsp;<\/p>\n\n<div class=\"twitter-share\"><a href=\"https:\/\/twitter.com\/intent\/tweet?via=fiscaliacol\" class=\"twitter-share-button\">Tweet<\/a><\/div>\n","protected":false},"excerpt":{"rendered":"<p>Un juez penal con funciones de control de garant\u00eda priv\u00f3 de la libertad a\u00a0Jhoan\u00a0Alexis Mina Angulo, alias 800, presunto miembro de la\u00a0banda La Local, subdivisi\u00f3n Los Chotas, luego de que la Fiscal\u00eda le imput\u00f3 cargos como presunto autor del delito de fabricaci\u00f3n, tr\u00e1fico y porte de armas de fuego. El hombre, quien no acept\u00f3 su [&hellip;]<\/p>\n","protected":false},"author":171,"featured_media":0,"comment_status":"closed","ping_status":"open","sticky":false,"template":"","format":"standard","meta":{"_price":"","_stock":"","_tribe_ticket_header":"","_tribe_default_ticket_provider":"","_tribe_ticket_capacity":"0","_ticket_start_date":"","_ticket_end_date":"","_tribe_ticket_show_description":"","_tribe_ticket_show_not_going":false,"_tribe_ticket_use_global_stock":"","_tribe_ticket_global_stock_level":"","_global_stock_mode":"","_global_stock_cap":"","_tribe_rsvp_for_event":"","_tribe_ticket_going_count":"","_tribe_ticket_not_going_count":"","_tribe_tickets_list":"[]","_tribe_ticket_has_attendee_info_fields":false,"tdm_status":"","tdm_grid_status":"","footnotes":""},"categories":[324,303,24099],"tags":[24552,78,24481,1047,24182,25463,11101,26543],"class_list":{"0":"post-217339","1":"post","2":"type-post","3":"status-publish","4":"format-standard","6":"category-seccional-cali","7":"category-seccionales","8":"category-seguridad-territorial","9":"tag-banda-la-local","10":"tag-fiscal-general-de-la-nacion","11":"tag-fiscalia-de-colombia","12":"tag-fiscalia-general-de-la-nacion","13":"tag-francisco-barbosa-delgado","14":"tag-revolver","15":"tag-seguridad-ciudadana","16":"tag-subdivision-los-chotas"},"yoast_head":"<!-- This site is optimized with the Yoast SEO plugin v24.3 - https:\/\/yoast.com\/wordpress\/plugins\/seo\/ -->\n<title>Fiscal\u00eda General de la Naci\u00f3n<\/title>\n<meta name=\"description\" content=\"P\u00e1gina oficial de la Fiscal\u00eda General de la Naci\u00f3n \u2013 Colombia. Garantizamos el acceso efectivo a la justicia, la verdad y la reparaci\u00f3n de las v\u00edctimas de los delitos.\" \/>\n<meta name=\"robots\" content=\"noindex, follow\" \/>\n<meta property=\"og:locale\" content=\"es_ES\" \/>\n<meta property=\"og:type\" content=\"article\" \/>\n<meta property=\"og:title\" content=\"Fiscal\u00eda General de la Naci\u00f3n\" \/>\n<meta property=\"og:description\" content=\"P\u00e1gina oficial de la Fiscal\u00eda General de la Naci\u00f3n \u2013 Colombia. Garantizamos el acceso efectivo a la justicia, la verdad y la reparaci\u00f3n de las v\u00edctimas de los delitos.\" \/>\n<meta property=\"og:url\" content=\"https:\/\/www.fiscalia.gov.co\/colombia\/seguridad-territorial\/asegurado-alias-800-presunto-miembro-de-la-banda-la-local-los-chotas-por-porte-ilegal-de-armas\/\" \/>\n<meta property=\"og:site_name\" content=\"Fiscal\u00eda General de la Naci\u00f3n\" \/>\n<meta property=\"article:publisher\" content=\"https:\/\/www.facebook.com\/FiscaliaCol\" \/>\n<meta property=\"article:published_time\" content=\"2021-04-09T18:44:47+00:00\" \/>\n<meta property=\"article:modified_time\" content=\"2021-04-09T19:41:49+00:00\" \/>\n<meta property=\"og:image\" content=\"https:\/\/www.fiscalia.gov.co\/colombia\/wp-content\/uploads\/Jhoan-Alexis-Mina-Angulo-alias-800-presunto-miembro-de-Los-Chotas-1024x768.jpeg\" \/>\n<meta name=\"author\" content=\"Ana Mar\u00eda Gomez\" \/>\n<meta name=\"twitter:card\" content=\"summary_large_image\" \/>\n<meta name=\"twitter:creator\" content=\"@FiscaliaCol\" \/>\n<meta name=\"twitter:site\" content=\"@FiscaliaCol\" \/>\n<meta name=\"twitter:label1\" content=\"Escrito por\" \/>\n\t<meta name=\"twitter:data1\" content=\"Ana Mar\u00eda Gomez\" \/>\n\t<meta name=\"twitter:label2\" content=\"Tiempo de lectura\" \/>\n\t<meta name=\"twitter:data2\" content=\"2 minutos\" \/>\n<script type=\"application\/ld+json\" class=\"yoast-schema-graph\">{\"@context\":\"https:\/\/schema.org\",\"@graph\":[{\"@type\":\"Article\",\"@id\":\"https:\/\/www.fiscalia.gov.co\/colombia\/seguridad-territorial\/asegurado-alias-800-presunto-miembro-de-la-banda-la-local-los-chotas-por-porte-ilegal-de-armas\/#article\",\"isPartOf\":{\"@id\":\"https:\/\/www.fiscalia.gov.co\/colombia\/seguridad-territorial\/asegurado-alias-800-presunto-miembro-de-la-banda-la-local-los-chotas-por-porte-ilegal-de-armas\/\"},\"author\":{\"name\":\"Ana Mar\u00eda Gomez\",\"@id\":\"https:\/\/www.fiscalia.gov.co\/colombia\/#\/schema\/person\/06aa2210fe4d79203f428ff671dee360\"},\"headline\":\"Asegurado alias 800, presunto miembro de la banda La Local \u2013 Los Chotas por porte ilegal de armas\",\"datePublished\":\"2021-04-09T18:44:47+00:00\",\"dateModified\":\"2021-04-09T19:41:49+00:00\",\"mainEntityOfPage\":{\"@id\":\"https:\/\/www.fiscalia.gov.co\/colombia\/seguridad-territorial\/asegurado-alias-800-presunto-miembro-de-la-banda-la-local-los-chotas-por-porte-ilegal-de-armas\/\"},\"wordCount\":337,\"publisher\":{\"@id\":\"https:\/\/www.fiscalia.gov.co\/colombia\/#organization\"},\"image\":{\"@id\":\"https:\/\/www.fiscalia.gov.co\/colombia\/seguridad-territorial\/asegurado-alias-800-presunto-miembro-de-la-banda-la-local-los-chotas-por-porte-ilegal-de-armas\/#primaryimage\"},\"thumbnailUrl\":\"https:\/\/www.fiscalia.gov.co\/colombia\/wp-content\/uploads\/Jhoan-Alexis-Mina-Angulo-alias-800-presunto-miembro-de-Los-Chotas-1024x768.jpeg\",\"keywords\":[\"banda La Local\",\"Fiscal General de la Naci\u00f3n\",\"Fiscal\u00eda de Colombia\",\"Fiscal\u00eda General de la Naci\u00f3n\",\"Francisco Barbosa Delgado\",\"rev\u00f3lver\",\"Seguridad ciudadana\",\"subdivisi\u00f3n Los Chotas\"],\"articleSection\":[\"Seccional Cali\",\"Seccionales\",\"Seguridad territorial\"],\"inLanguage\":\"es-CO\"},{\"@type\":\"WebPage\",\"@id\":\"https:\/\/www.fiscalia.gov.co\/colombia\/seguridad-territorial\/asegurado-alias-800-presunto-miembro-de-la-banda-la-local-los-chotas-por-porte-ilegal-de-armas\/\",\"url\":\"https:\/\/www.fiscalia.gov.co\/colombia\/seguridad-territorial\/asegurado-alias-800-presunto-miembro-de-la-banda-la-local-los-chotas-por-porte-ilegal-de-armas\/\",\"name\":\"Fiscal\u00eda General de la Naci\u00f3n\",\"isPartOf\":{\"@id\":\"https:\/\/www.fiscalia.gov.co\/colombia\/#website\"},\"primaryImageOfPage\":{\"@id\":\"https:\/\/www.fiscalia.gov.co\/colombia\/seguridad-territorial\/asegurado-alias-800-presunto-miembro-de-la-banda-la-local-los-chotas-por-porte-ilegal-de-armas\/#primaryimage\"},\"image\":{\"@id\":\"https:\/\/www.fiscalia.gov.co\/colombia\/seguridad-territorial\/asegurado-alias-800-presunto-miembro-de-la-banda-la-local-los-chotas-por-porte-ilegal-de-armas\/#primaryimage\"},\"thumbnailUrl\":\"https:\/\/www.fiscalia.gov.co\/colombia\/wp-content\/uploads\/Jhoan-Alexis-Mina-Angulo-alias-800-presunto-miembro-de-Los-Chotas-1024x768.jpeg\",\"datePublished\":\"2021-04-09T18:44:47+00:00\",\"dateModified\":\"2021-04-09T19:41:49+00:00\",\"description\":\"P\u00e1gina oficial de la Fiscal\u00eda General de la Naci\u00f3n \u2013 Colombia. Garantizamos el acceso efectivo a la justicia, la verdad y la reparaci\u00f3n de las v\u00edctimas de los delitos.\",\"breadcrumb\":{\"@id\":\"https:\/\/www.fiscalia.gov.co\/colombia\/seguridad-territorial\/asegurado-alias-800-presunto-miembro-de-la-banda-la-local-los-chotas-por-porte-ilegal-de-armas\/#breadcrumb\"},\"inLanguage\":\"es-CO\",\"potentialAction\":[{\"@type\":\"ReadAction\",\"target\":[\"https:\/\/www.fiscalia.gov.co\/colombia\/seguridad-territorial\/asegurado-alias-800-presunto-miembro-de-la-banda-la-local-los-chotas-por-porte-ilegal-de-armas\/\"]}]},{\"@type\":\"ImageObject\",\"inLanguage\":\"es-CO\",\"@id\":\"https:\/\/www.fiscalia.gov.co\/colombia\/seguridad-territorial\/asegurado-alias-800-presunto-miembro-de-la-banda-la-local-los-chotas-por-porte-ilegal-de-armas\/#primaryimage\",\"url\":\"https:\/\/www.fiscalia.gov.co\/colombia\/wp-content\/uploads\/Jhoan-Alexis-Mina-Angulo-alias-800-presunto-miembro-de-Los-Chotas-1024x768.jpeg\",\"contentUrl\":\"https:\/\/www.fiscalia.gov.co\/colombia\/wp-content\/uploads\/Jhoan-Alexis-Mina-Angulo-alias-800-presunto-miembro-de-Los-Chotas-1024x768.jpeg\"},{\"@type\":\"BreadcrumbList\",\"@id\":\"https:\/\/www.fiscalia.gov.co\/colombia\/seguridad-territorial\/asegurado-alias-800-presunto-miembro-de-la-banda-la-local-los-chotas-por-porte-ilegal-de-armas\/#breadcrumb\",\"itemListElement\":[{\"@type\":\"ListItem\",\"position\":1,\"name\":\"Home\",\"item\":\"https:\/\/www.fiscalia.gov.co\/colombia\/\"},{\"@type\":\"ListItem\",\"position\":2,\"name\":\"Asegurado alias 800, presunto miembro de la banda La Local \u2013 Los Chotas por porte ilegal de armas\"}]},{\"@type\":\"WebSite\",\"@id\":\"https:\/\/www.fiscalia.gov.co\/colombia\/#website\",\"url\":\"https:\/\/www.fiscalia.gov.co\/colombia\/\",\"name\":\"Fiscal\u00eda General de la Naci\u00f3n\",\"description\":\"P\u00e1gina oficial de la Fiscal\u00eda General de la Naci\u00f3n \u2013 Colombia. Garantizamos el acceso efectivo a la justicia, la verdad y la reparaci\u00f3n de las v\u00edctimas de los delitos.\",\"publisher\":{\"@id\":\"https:\/\/www.fiscalia.gov.co\/colombia\/#organization\"},\"potentialAction\":[{\"@type\":\"SearchAction\",\"target\":{\"@type\":\"EntryPoint\",\"urlTemplate\":\"https:\/\/www.fiscalia.gov.co\/colombia\/?s={search_term_string}\"},\"query-input\":{\"@type\":\"PropertyValueSpecification\",\"valueRequired\":true,\"valueName\":\"search_term_string\"}}],\"inLanguage\":\"es-CO\"},{\"@type\":\"Organization\",\"@id\":\"https:\/\/www.fiscalia.gov.co\/colombia\/#organization\",\"name\":\"Fiscal\u00eda General de la Naci\u00f3n\",\"url\":\"https:\/\/www.fiscalia.gov.co\/colombia\/\",\"logo\":{\"@type\":\"ImageObject\",\"inLanguage\":\"es-CO\",\"@id\":\"https:\/\/www.fiscalia.gov.co\/colombia\/#\/schema\/logo\/image\/\",\"url\":\"https:\/\/www.fiscalia.gov.co\/colombia\/wp-content\/uploads\/LogoHorizontal_1.jpg\",\"contentUrl\":\"https:\/\/www.fiscalia.gov.co\/colombia\/wp-content\/uploads\/LogoHorizontal_1.jpg\",\"width\":300,\"height\":90,\"caption\":\"Fiscal\u00eda General de la Naci\u00f3n\"},\"image\":{\"@id\":\"https:\/\/www.fiscalia.gov.co\/colombia\/#\/schema\/logo\/image\/\"},\"sameAs\":[\"https:\/\/www.facebook.com\/FiscaliaCol\",\"https:\/\/x.com\/FiscaliaCol\",\"https:\/\/www.instagram.com\/fiscaliacol\",\"https:\/\/www.linkedin.com\/company\/fiscalia-general-de-la-naci-n\/\",\"https:\/\/youtube.com\/@fiscaliageneraldelanacion-4668?si=6nN79nyQICPU5iTh\"]},{\"@type\":\"Person\",\"@id\":\"https:\/\/www.fiscalia.gov.co\/colombia\/#\/schema\/person\/06aa2210fe4d79203f428ff671dee360\",\"name\":\"Ana Mar\u00eda Gomez\",\"image\":{\"@type\":\"ImageObject\",\"inLanguage\":\"es-CO\",\"@id\":\"https:\/\/www.fiscalia.gov.co\/colombia\/#\/schema\/person\/image\/\",\"url\":\"https:\/\/secure.gravatar.com\/avatar\/a38115d98a7f8a96cbb96af2b2c37a0b?s=96&d=mm&r=g\",\"contentUrl\":\"https:\/\/secure.gravatar.com\/avatar\/a38115d98a7f8a96cbb96af2b2c37a0b?s=96&d=mm&r=g\",\"caption\":\"Ana Mar\u00eda Gomez\"},\"url\":\"https:\/\/www.fiscalia.gov.co\/colombia\/author\/agomez\/\"}]}<\/script>\n<!-- \/ Yoast SEO plugin. -->","yoast_head_json":{"title":"Fiscal\u00eda General de la Naci\u00f3n","description":"P\u00e1gina oficial de la Fiscal\u00eda General de la Naci\u00f3n \u2013 Colombia. Garantizamos el acceso efectivo a la justicia, la verdad y la reparaci\u00f3n de las v\u00edctimas de los delitos.","robots":{"index":"noindex","follow":"follow"},"og_locale":"es_ES","og_type":"article","og_title":"Fiscal\u00eda General de la Naci\u00f3n","og_description":"P\u00e1gina oficial de la Fiscal\u00eda General de la Naci\u00f3n \u2013 Colombia. Garantizamos el acceso efectivo a la justicia, la verdad y la reparaci\u00f3n de las v\u00edctimas de los delitos.","og_url":"https:\/\/www.fiscalia.gov.co\/colombia\/seguridad-territorial\/asegurado-alias-800-presunto-miembro-de-la-banda-la-local-los-chotas-por-porte-ilegal-de-armas\/","og_site_name":"Fiscal\u00eda General de la Naci\u00f3n","article_publisher":"https:\/\/www.facebook.com\/FiscaliaCol","article_published_time":"2021-04-09T18:44:47+00:00","article_modified_time":"2021-04-09T19:41:49+00:00","og_image":[{"url":"https:\/\/www.fiscalia.gov.co\/colombia\/wp-content\/uploads\/Jhoan-Alexis-Mina-Angulo-alias-800-presunto-miembro-de-Los-Chotas-1024x768.jpeg","type":"","width":"","height":""}],"author":"Ana Mar\u00eda Gomez","twitter_card":"summary_large_image","twitter_creator":"@FiscaliaCol","twitter_site":"@FiscaliaCol","twitter_misc":{"Escrito por":"Ana Mar\u00eda Gomez","Tiempo de lectura":"2 minutos"},"schema":{"@context":"https:\/\/schema.org","@graph":[{"@type":"Article","@id":"https:\/\/www.fiscalia.gov.co\/colombia\/seguridad-territorial\/asegurado-alias-800-presunto-miembro-de-la-banda-la-local-los-chotas-por-porte-ilegal-de-armas\/#article","isPartOf":{"@id":"https:\/\/www.fiscalia.gov.co\/colombia\/seguridad-territorial\/asegurado-alias-800-presunto-miembro-de-la-banda-la-local-los-chotas-por-porte-ilegal-de-armas\/"},"author":{"name":"Ana Mar\u00eda Gomez","@id":"https:\/\/www.fiscalia.gov.co\/colombia\/#\/schema\/person\/06aa2210fe4d79203f428ff671dee360"},"headline":"Asegurado alias 800, presunto miembro de la banda La Local \u2013 Los Chotas por porte ilegal de armas","datePublished":"2021-04-09T18:44:47+00:00","dateModified":"2021-04-09T19:41:49+00:00","mainEntityOfPage":{"@id":"https:\/\/www.fiscalia.gov.co\/colombia\/seguridad-territorial\/asegurado-alias-800-presunto-miembro-de-la-banda-la-local-los-chotas-por-porte-ilegal-de-armas\/"},"wordCount":337,"publisher":{"@id":"https:\/\/www.fiscalia.gov.co\/colombia\/#organization"},"image":{"@id":"https:\/\/www.fiscalia.gov.co\/colombia\/seguridad-territorial\/asegurado-alias-800-presunto-miembro-de-la-banda-la-local-los-chotas-por-porte-ilegal-de-armas\/#primaryimage"},"thumbnailUrl":"https:\/\/www.fiscalia.gov.co\/colombia\/wp-content\/uploads\/Jhoan-Alexis-Mina-Angulo-alias-800-presunto-miembro-de-Los-Chotas-1024x768.jpeg","keywords":["banda La Local","Fiscal General de la Naci\u00f3n","Fiscal\u00eda de Colombia","Fiscal\u00eda General de la Naci\u00f3n","Francisco Barbosa Delgado","rev\u00f3lver","Seguridad ciudadana","subdivisi\u00f3n Los Chotas"],"articleSection":["Seccional Cali","Seccionales","Seguridad territorial"],"inLanguage":"es-CO"},{"@type":"WebPage","@id":"https:\/\/www.fiscalia.gov.co\/colombia\/seguridad-territorial\/asegurado-alias-800-presunto-miembro-de-la-banda-la-local-los-chotas-por-porte-ilegal-de-armas\/","url":"https:\/\/www.fiscalia.gov.co\/colombia\/seguridad-territorial\/asegurado-alias-800-presunto-miembro-de-la-banda-la-local-los-chotas-por-porte-ilegal-de-armas\/","name":"Fiscal\u00eda General de la Naci\u00f3n","isPartOf":{"@id":"https:\/\/www.fiscalia.gov.co\/colombia\/#website"},"primaryImageOfPage":{"@id":"https:\/\/www.fiscalia.gov.co\/colombia\/seguridad-territorial\/asegurado-alias-800-presunto-miembro-de-la-banda-la-local-los-chotas-por-porte-ilegal-de-armas\/#primaryimage"},"image":{"@id":"https:\/\/www.fiscalia.gov.co\/colombia\/seguridad-territorial\/asegurado-alias-800-presunto-miembro-de-la-banda-la-local-los-chotas-por-porte-ilegal-de-armas\/#primaryimage"},"thumbnailUrl":"https:\/\/www.fiscalia.gov.co\/colombia\/wp-content\/uploads\/Jhoan-Alexis-Mina-Angulo-alias-800-presunto-miembro-de-Los-Chotas-1024x768.jpeg","datePublished":"2021-04-09T18:44:47+00:00","dateModified":"2021-04-09T19:41:49+00:00","description":"P\u00e1gina oficial de la Fiscal\u00eda General de la Naci\u00f3n \u2013 Colombia. Garantizamos el acceso efectivo a la justicia, la verdad y la reparaci\u00f3n de las v\u00edctimas de los delitos.","breadcrumb":{"@id":"https:\/\/www.fiscalia.gov.co\/colombia\/seguridad-territorial\/asegurado-alias-800-presunto-miembro-de-la-banda-la-local-los-chotas-por-porte-ilegal-de-armas\/#breadcrumb"},"inLanguage":"es-CO","potentialAction":[{"@type":"ReadAction","target":["https:\/\/www.fiscalia.gov.co\/colombia\/seguridad-territorial\/asegurado-alias-800-presunto-miembro-de-la-banda-la-local-los-chotas-por-porte-ilegal-de-armas\/"]}]},{"@type":"ImageObject","inLanguage":"es-CO","@id":"https:\/\/www.fiscalia.gov.co\/colombia\/seguridad-territorial\/asegurado-alias-800-presunto-miembro-de-la-banda-la-local-los-chotas-por-porte-ilegal-de-armas\/#primaryimage","url":"https:\/\/www.fiscalia.gov.co\/colombia\/wp-content\/uploads\/Jhoan-Alexis-Mina-Angulo-alias-800-presunto-miembro-de-Los-Chotas-1024x768.jpeg","contentUrl":"https:\/\/www.fiscalia.gov.co\/colombia\/wp-content\/uploads\/Jhoan-Alexis-Mina-Angulo-alias-800-presunto-miembro-de-Los-Chotas-1024x768.jpeg"},{"@type":"BreadcrumbList","@id":"https:\/\/www.fiscalia.gov.co\/colombia\/seguridad-territorial\/asegurado-alias-800-presunto-miembro-de-la-banda-la-local-los-chotas-por-porte-ilegal-de-armas\/#breadcrumb","itemListElement":[{"@type":"ListItem","position":1,"name":"Home","item":"https:\/\/www.fiscalia.gov.co\/colombia\/"},{"@type":"ListItem","position":2,"name":"Asegurado alias 800, presunto miembro de la banda La Local \u2013 Los Chotas por porte ilegal de armas"}]},{"@type":"WebSite","@id":"https:\/\/www.fiscalia.gov.co\/colombia\/#website","url":"https:\/\/www.fiscalia.gov.co\/colombia\/","name":"Fiscal\u00eda General de la Naci\u00f3n","description":"P\u00e1gina oficial de la Fiscal\u00eda General de la Naci\u00f3n \u2013 Colombia. Garantizamos el acceso efectivo a la justicia, la verdad y la reparaci\u00f3n de las v\u00edctimas de los delitos.","publisher":{"@id":"https:\/\/www.fiscalia.gov.co\/colombia\/#organization"},"potentialAction":[{"@type":"SearchAction","target":{"@type":"EntryPoint","urlTemplate":"https:\/\/www.fiscalia.gov.co\/colombia\/?s={search_term_string}"},"query-input":{"@type":"PropertyValueSpecification","valueRequired":true,"valueName":"search_term_string"}}],"inLanguage":"es-CO"},{"@type":"Organization","@id":"https:\/\/www.fiscalia.gov.co\/colombia\/#organization","name":"Fiscal\u00eda General de la Naci\u00f3n","url":"https:\/\/www.fiscalia.gov.co\/colombia\/","logo":{"@type":"ImageObject","inLanguage":"es-CO","@id":"https:\/\/www.fiscalia.gov.co\/colombia\/#\/schema\/logo\/image\/","url":"https:\/\/www.fiscalia.gov.co\/colombia\/wp-content\/uploads\/LogoHorizontal_1.jpg","contentUrl":"https:\/\/www.fiscalia.gov.co\/colombia\/wp-content\/uploads\/LogoHorizontal_1.jpg","width":300,"height":90,"caption":"Fiscal\u00eda General de la Naci\u00f3n"},"image":{"@id":"https:\/\/www.fiscalia.gov.co\/colombia\/#\/schema\/logo\/image\/"},"sameAs":["https:\/\/www.facebook.com\/FiscaliaCol","https:\/\/x.com\/FiscaliaCol","https:\/\/www.instagram.com\/fiscaliacol","https:\/\/www.linkedin.com\/company\/fiscalia-general-de-la-naci-n\/","https:\/\/youtube.com\/@fiscaliageneraldelanacion-4668?si=6nN79nyQICPU5iTh"]},{"@type":"Person","@id":"https:\/\/www.fiscalia.gov.co\/colombia\/#\/schema\/person\/06aa2210fe4d79203f428ff671dee360","name":"Ana Mar\u00eda Gomez","image":{"@type":"ImageObject","inLanguage":"es-CO","@id":"https:\/\/www.fiscalia.gov.co\/colombia\/#\/schema\/person\/image\/","url":"https:\/\/secure.gravatar.com\/avatar\/a38115d98a7f8a96cbb96af2b2c37a0b?s=96&d=mm&r=g","contentUrl":"https:\/\/secure.gravatar.com\/avatar\/a38115d98a7f8a96cbb96af2b2c37a0b?s=96&d=mm&r=g","caption":"Ana Mar\u00eda Gomez"},"url":"https:\/\/www.fiscalia.gov.co\/colombia\/author\/agomez\/"}]}},"_links":{"self":[{"href":"https:\/\/www.fiscalia.gov.co\/colombia\/wp-json\/wp\/v2\/posts\/217339","targetHints":{"allow":["GET"]}}],"collection":[{"href":"https:\/\/www.fiscalia.gov.co\/colombia\/wp-json\/wp\/v2\/posts"}],"about":[{"href":"https:\/\/www.fiscalia.gov.co\/colombia\/wp-json\/wp\/v2\/types\/post"}],"author":[{"embeddable":true,"href":"https:\/\/www.fiscalia.gov.co\/colombia\/wp-json\/wp\/v2\/users\/171"}],"replies":[{"embeddable":true,"href":"https:\/\/www.fiscalia.gov.co\/colombia\/wp-json\/wp\/v2\/comments?post=217339"}],"version-history":[{"count":7,"href":"https:\/\/www.fiscalia.gov.co\/colombia\/wp-json\/wp\/v2\/posts\/217339\/revisions"}],"predecessor-version":[{"id":217347,"href":"https:\/\/www.fiscalia.gov.co\/colombia\/wp-json\/wp\/v2\/posts\/217339\/revisions\/217347"}],"wp:attachment":[{"href":"https:\/\/www.fiscalia.gov.co\/colombia\/wp-json\/wp\/v2\/media?parent=217339"}],"wp:term":[{"taxonomy":"category","embeddable":true,"href":"https:\/\/www.fiscalia.gov.co\/colombia\/wp-json\/wp\/v2\/categories?post=217339"},{"taxonomy":"post_tag","embeddable":true,"href":"https:\/\/www.fiscalia.gov.co\/colombia\/wp-json\/wp\/v2\/tags?post=217339"}],"curies":[{"name":"wp","href":"https:\/\/api.w.org\/{rel}","templated":true}]}}