{"id":217334,"date":"2021-04-09T12:34:31","date_gmt":"2021-04-09T17:34:31","guid":{"rendered":"https:\/\/www.fiscalia.gov.co\/colombia\/?p=217334"},"modified":"2021-04-09T12:38:22","modified_gmt":"2021-04-09T17:38:22","slug":"capturado-presunto-integrante-de-los-contadores-al-parecer-responsable-del-crimen-de-una-lider-social-y-dos-reincorporados-en-tumaco-narino","status":"publish","type":"post","link":"https:\/\/www.fiscalia.gov.co\/colombia\/el-fiscal-en-los-territorios\/capturado-presunto-integrante-de-los-contadores-al-parecer-responsable-del-crimen-de-una-lider-social-y-dos-reincorporados-en-tumaco-narino\/","title":{"rendered":"Capturado presunto integrante de \u2018Los Contadores\u2019, al parecer responsable del crimen de una l\u00edder social y dos reincorporados en Tumaco (Nari\u00f1o)"},"content":{"rendered":"<blockquote>\n<h4 style=\"text-align: left;\"><strong><em>Alias Alirio o Castillo ser\u00eda el segundo al mando de la organizaci\u00f3n criminal y estar\u00eda involucrado tambi\u00e9n en los homicidios de dos civiles. Los hechos que se le atribuyen fueron perpetrados entre 2017 y 2020 en el municipio nari\u00f1ense.<\/em><\/strong><\/h4>\n<\/blockquote>\n<p>El Fiscal General de la Naci\u00f3n, Francisco Barbosa Delgado, dio a conocer la captura realizada en Tumaco (Nari\u00f1o) por la entidad, con apoyo de la Polic\u00eda Nacional, de Jos\u00e9 Alirio Hurtado, alias Alirio o Castillo, presunto segundo cabecilla de la organizaci\u00f3n criminal Los Contadores, que tiene injerencia en esa zona.<\/p>\n<p>\u2018Alirio\u2019, quien se encontraba en el cartel de los m\u00e1s buscados en el departamento de Nari\u00f1o, llevar\u00eda m\u00e1s de 20 a\u00f1os delinquiendo en Bajo Mira y Frontera, as\u00ed como en el casco urbano de Tumaco.<\/p>\n<p>El trabajo investigativo de la Fiscal\u00eda permiti\u00f3 recaudar contundente material de prueba como interceptaciones telef\u00f3nicas que evidenciar\u00edan el actuar delictivo de este hombre y otros miembros de esta organizaci\u00f3n criminal, que supuestamente coordinaban los asesinatos en el municipio.<\/p>\n<p>Jos\u00e9 Alirio Hurtado es el presunto responsable de por lo menos cinco homicidios ocurridos en el per\u00edodo 2017 &#8211; 2020, entre ellos el de la l\u00edder social y religiosa Luz Yenni Monta\u00f1o, y dos reincorporados.<\/p>\n<p>Adem\u00e1s, estar\u00eda involucrado en el desplazamiento forzado que se produjo en 2020 en Bajo Mira y Frontera, donde varias familias tuvieron que abandonar su territorio.<\/p>\n<p>Sus acciones delincuenciales tambi\u00e9n estar\u00edan relacionadas con el tr\u00e1fico de estupefacientes y secuestro de un ciudadano en la zona de Cajap\u00ed, en Tumaco.<\/p>\n<p>De acuerdo con el material probatorio este hombre tambi\u00e9n habr\u00eda hecho parte de organizaciones criminales como Los Rastrojos, la columna Daniel Aldana y el grupo armado La Gente del Orden.<\/p>\n<p>La Fiscal\u00eda General de la Naci\u00f3n le imputar\u00e1 los delitos de homicidio agravado, desplazamiento forzado, secuestro, concierto para delinquir y tr\u00e1fico de estupefacientes.<\/p>\n<p>El ente acusador seguir\u00e1 cerr\u00e1ndole el cerco a las estructuras criminales en el pa\u00eds que est\u00e1n afectando la seguridad de los ciudadanos en los territorios y atentando contra la integridad de poblaci\u00f3n vulnerable como los defensores de derechos humanos, l\u00edderes sociales y reincorporados.<\/p>\n<p>\u201cLa Fiscal\u00eda General de la Naci\u00f3n le habla a Nari\u00f1o, les habla a los nari\u00f1enses, le habla a Tumaco, con resultados\u201d, concluy\u00f3 el Fiscal Francisco Barbosa en su pronunciamiento.<\/p>\n<p>Esta informaci\u00f3n se publica por razones de inter\u00e9s general.<\/p>\n<p><strong>La Fiscal\u00eda habla con resultados.<\/strong><\/p>\n<p>AMCJ\/DLBM\/MRC<\/p>\n<p><em>La informaci\u00f3n contenida en este bolet\u00edn de prensa corresponde a la narraci\u00f3n de los hechos noticiosos objetivos, suministrados por los funcionarios encargados de adelantar las investigaciones penales al interior de la Fiscal\u00eda General de la Naci\u00f3n. Para el momento de la divulgaci\u00f3n de este comunicado, la situaci\u00f3n jur\u00eddica de la(s) persona(s) relacionada(s) se encuentra pendiente de resolver por la autoridad judicial competente, siempre bajo los preceptos de la presunci\u00f3n de inocencia, consagrados en el art\u00edculo 29 de la Constituci\u00f3n Pol\u00edtica y el art\u00edculo 7\u00ba de la Ley 906 de 2004.<\/em><\/p>\n\n<div class=\"twitter-share\"><a href=\"https:\/\/twitter.com\/intent\/tweet?via=fiscaliacol\" class=\"twitter-share-button\">Tweet<\/a><\/div>\n","protected":false},"excerpt":{"rendered":"<p>Alias Alirio o Castillo ser\u00eda el segundo al mando de la organizaci\u00f3n criminal y estar\u00eda involucrado tambi\u00e9n en los homicidios de dos civiles. Los hechos que se le atribuyen fueron perpetrados entre 2017 y 2020 en el municipio nari\u00f1ense. El Fiscal General de la Naci\u00f3n, Francisco Barbosa Delgado, dio a conocer la captura realizada en [&hellip;]<\/p>\n","protected":false},"author":171,"featured_media":0,"comment_status":"closed","ping_status":"open","sticky":false,"template":"","format":"video","meta":{"_price":"","_stock":"","_tribe_ticket_header":"","_tribe_default_ticket_provider":"","_tribe_ticket_capacity":"0","_ticket_start_date":"","_ticket_end_date":"","_tribe_ticket_show_description":"","_tribe_ticket_show_not_going":false,"_tribe_ticket_use_global_stock":"","_tribe_ticket_global_stock_level":"","_global_stock_mode":"","_global_stock_cap":"","_tribe_rsvp_for_event":"","_tribe_ticket_going_count":"","_tribe_ticket_not_going_count":"","_tribe_tickets_list":"[]","_tribe_ticket_has_attendee_info_fields":false,"tdm_status":"","tdm_grid_status":"","footnotes":""},"categories":[25128,24096],"tags":[16284,24185,4614,409,26542],"class_list":{"0":"post-217334","1":"post","2":"type-post","3":"status-publish","4":"format-video","6":"category-el-fiscal-en-los-territorios","7":"category-fiscal-general-de-la-nacion","8":"tag-crimen","9":"tag-fiscal-barbosa","10":"tag-fiscalia-2","11":"tag-homicidio","12":"tag-los-contadores","13":"post_format-post-format-video"},"yoast_head":"<!-- This site is optimized with the Yoast SEO plugin v24.3 - https:\/\/yoast.com\/wordpress\/plugins\/seo\/ -->\n<title>Fiscal\u00eda General de la Naci\u00f3n<\/title>\n<meta name=\"description\" content=\"P\u00e1gina oficial de la Fiscal\u00eda General de la Naci\u00f3n \u2013 Colombia. Garantizamos el acceso efectivo a la justicia, la verdad y la reparaci\u00f3n de las v\u00edctimas de los delitos.\" \/>\n<meta name=\"robots\" content=\"noindex, follow\" \/>\n<meta property=\"og:locale\" content=\"es_ES\" \/>\n<meta property=\"og:type\" content=\"article\" \/>\n<meta property=\"og:title\" content=\"Fiscal\u00eda General de la Naci\u00f3n\" \/>\n<meta property=\"og:description\" content=\"P\u00e1gina oficial de la Fiscal\u00eda General de la Naci\u00f3n \u2013 Colombia. Garantizamos el acceso efectivo a la justicia, la verdad y la reparaci\u00f3n de las v\u00edctimas de los delitos.\" \/>\n<meta property=\"og:url\" content=\"https:\/\/www.fiscalia.gov.co\/colombia\/el-fiscal-en-los-territorios\/capturado-presunto-integrante-de-los-contadores-al-parecer-responsable-del-crimen-de-una-lider-social-y-dos-reincorporados-en-tumaco-narino\/\" \/>\n<meta property=\"og:site_name\" content=\"Fiscal\u00eda General de la Naci\u00f3n\" \/>\n<meta property=\"article:publisher\" content=\"https:\/\/www.facebook.com\/FiscaliaCol\" \/>\n<meta property=\"article:published_time\" content=\"2021-04-09T17:34:31+00:00\" \/>\n<meta property=\"article:modified_time\" content=\"2021-04-09T17:38:22+00:00\" \/>\n<meta name=\"author\" content=\"Ana Mar\u00eda Gomez\" \/>\n<meta name=\"twitter:card\" content=\"summary_large_image\" \/>\n<meta name=\"twitter:creator\" content=\"@FiscaliaCol\" \/>\n<meta name=\"twitter:site\" content=\"@FiscaliaCol\" \/>\n<meta name=\"twitter:label1\" content=\"Escrito por\" \/>\n\t<meta name=\"twitter:data1\" content=\"Ana Mar\u00eda Gomez\" \/>\n\t<meta name=\"twitter:label2\" content=\"Tiempo de lectura\" \/>\n\t<meta name=\"twitter:data2\" content=\"3 minutos\" \/>\n<script type=\"application\/ld+json\" class=\"yoast-schema-graph\">{\"@context\":\"https:\/\/schema.org\",\"@graph\":[{\"@type\":\"Article\",\"@id\":\"https:\/\/www.fiscalia.gov.co\/colombia\/el-fiscal-en-los-territorios\/capturado-presunto-integrante-de-los-contadores-al-parecer-responsable-del-crimen-de-una-lider-social-y-dos-reincorporados-en-tumaco-narino\/#article\",\"isPartOf\":{\"@id\":\"https:\/\/www.fiscalia.gov.co\/colombia\/el-fiscal-en-los-territorios\/capturado-presunto-integrante-de-los-contadores-al-parecer-responsable-del-crimen-de-una-lider-social-y-dos-reincorporados-en-tumaco-narino\/\"},\"author\":{\"name\":\"Ana Mar\u00eda Gomez\",\"@id\":\"https:\/\/www.fiscalia.gov.co\/colombia\/#\/schema\/person\/06aa2210fe4d79203f428ff671dee360\"},\"headline\":\"Capturado presunto integrante de \u2018Los Contadores\u2019, al parecer responsable del crimen de una l\u00edder social y dos reincorporados en Tumaco (Nari\u00f1o)\",\"datePublished\":\"2021-04-09T17:34:31+00:00\",\"dateModified\":\"2021-04-09T17:38:22+00:00\",\"mainEntityOfPage\":{\"@id\":\"https:\/\/www.fiscalia.gov.co\/colombia\/el-fiscal-en-los-territorios\/capturado-presunto-integrante-de-los-contadores-al-parecer-responsable-del-crimen-de-una-lider-social-y-dos-reincorporados-en-tumaco-narino\/\"},\"wordCount\":549,\"publisher\":{\"@id\":\"https:\/\/www.fiscalia.gov.co\/colombia\/#organization\"},\"keywords\":[\"Crimen\",\"Fiscal Barbosa\",\"Fiscal\u00eda\",\"Homicidio\",\"Los Contadores\"],\"articleSection\":[\"El Fiscal en los territorios\",\"Fiscal General de la Naci\u00f3n\"],\"inLanguage\":\"es-CO\"},{\"@type\":\"WebPage\",\"@id\":\"https:\/\/www.fiscalia.gov.co\/colombia\/el-fiscal-en-los-territorios\/capturado-presunto-integrante-de-los-contadores-al-parecer-responsable-del-crimen-de-una-lider-social-y-dos-reincorporados-en-tumaco-narino\/\",\"url\":\"https:\/\/www.fiscalia.gov.co\/colombia\/el-fiscal-en-los-territorios\/capturado-presunto-integrante-de-los-contadores-al-parecer-responsable-del-crimen-de-una-lider-social-y-dos-reincorporados-en-tumaco-narino\/\",\"name\":\"Fiscal\u00eda General de la Naci\u00f3n\",\"isPartOf\":{\"@id\":\"https:\/\/www.fiscalia.gov.co\/colombia\/#website\"},\"datePublished\":\"2021-04-09T17:34:31+00:00\",\"dateModified\":\"2021-04-09T17:38:22+00:00\",\"description\":\"P\u00e1gina oficial de la Fiscal\u00eda General de la Naci\u00f3n \u2013 Colombia. Garantizamos el acceso efectivo a la justicia, la verdad y la reparaci\u00f3n de las v\u00edctimas de los delitos.\",\"breadcrumb\":{\"@id\":\"https:\/\/www.fiscalia.gov.co\/colombia\/el-fiscal-en-los-territorios\/capturado-presunto-integrante-de-los-contadores-al-parecer-responsable-del-crimen-de-una-lider-social-y-dos-reincorporados-en-tumaco-narino\/#breadcrumb\"},\"inLanguage\":\"es-CO\",\"potentialAction\":[{\"@type\":\"ReadAction\",\"target\":[\"https:\/\/www.fiscalia.gov.co\/colombia\/el-fiscal-en-los-territorios\/capturado-presunto-integrante-de-los-contadores-al-parecer-responsable-del-crimen-de-una-lider-social-y-dos-reincorporados-en-tumaco-narino\/\"]}]},{\"@type\":\"BreadcrumbList\",\"@id\":\"https:\/\/www.fiscalia.gov.co\/colombia\/el-fiscal-en-los-territorios\/capturado-presunto-integrante-de-los-contadores-al-parecer-responsable-del-crimen-de-una-lider-social-y-dos-reincorporados-en-tumaco-narino\/#breadcrumb\",\"itemListElement\":[{\"@type\":\"ListItem\",\"position\":1,\"name\":\"Home\",\"item\":\"https:\/\/www.fiscalia.gov.co\/colombia\/\"},{\"@type\":\"ListItem\",\"position\":2,\"name\":\"Capturado presunto integrante de \u2018Los Contadores\u2019, al parecer responsable del crimen de una l\u00edder social y dos reincorporados en Tumaco (Nari\u00f1o)\"}]},{\"@type\":\"WebSite\",\"@id\":\"https:\/\/www.fiscalia.gov.co\/colombia\/#website\",\"url\":\"https:\/\/www.fiscalia.gov.co\/colombia\/\",\"name\":\"Fiscal\u00eda General de la Naci\u00f3n\",\"description\":\"P\u00e1gina oficial de la Fiscal\u00eda General de la Naci\u00f3n \u2013 Colombia. Garantizamos el acceso efectivo a la justicia, la verdad y la reparaci\u00f3n de las v\u00edctimas de los delitos.\",\"publisher\":{\"@id\":\"https:\/\/www.fiscalia.gov.co\/colombia\/#organization\"},\"potentialAction\":[{\"@type\":\"SearchAction\",\"target\":{\"@type\":\"EntryPoint\",\"urlTemplate\":\"https:\/\/www.fiscalia.gov.co\/colombia\/?s={search_term_string}\"},\"query-input\":{\"@type\":\"PropertyValueSpecification\",\"valueRequired\":true,\"valueName\":\"search_term_string\"}}],\"inLanguage\":\"es-CO\"},{\"@type\":\"Organization\",\"@id\":\"https:\/\/www.fiscalia.gov.co\/colombia\/#organization\",\"name\":\"Fiscal\u00eda General de la Naci\u00f3n\",\"url\":\"https:\/\/www.fiscalia.gov.co\/colombia\/\",\"logo\":{\"@type\":\"ImageObject\",\"inLanguage\":\"es-CO\",\"@id\":\"https:\/\/www.fiscalia.gov.co\/colombia\/#\/schema\/logo\/image\/\",\"url\":\"https:\/\/www.fiscalia.gov.co\/colombia\/wp-content\/uploads\/LogoHorizontal_1.jpg\",\"contentUrl\":\"https:\/\/www.fiscalia.gov.co\/colombia\/wp-content\/uploads\/LogoHorizontal_1.jpg\",\"width\":300,\"height\":90,\"caption\":\"Fiscal\u00eda General de la Naci\u00f3n\"},\"image\":{\"@id\":\"https:\/\/www.fiscalia.gov.co\/colombia\/#\/schema\/logo\/image\/\"},\"sameAs\":[\"https:\/\/www.facebook.com\/FiscaliaCol\",\"https:\/\/x.com\/FiscaliaCol\",\"https:\/\/www.instagram.com\/fiscaliacol\",\"https:\/\/www.linkedin.com\/company\/fiscalia-general-de-la-naci-n\/\",\"https:\/\/youtube.com\/@fiscaliageneraldelanacion-4668?si=6nN79nyQICPU5iTh\"]},{\"@type\":\"Person\",\"@id\":\"https:\/\/www.fiscalia.gov.co\/colombia\/#\/schema\/person\/06aa2210fe4d79203f428ff671dee360\",\"name\":\"Ana Mar\u00eda Gomez\",\"image\":{\"@type\":\"ImageObject\",\"inLanguage\":\"es-CO\",\"@id\":\"https:\/\/www.fiscalia.gov.co\/colombia\/#\/schema\/person\/image\/\",\"url\":\"https:\/\/secure.gravatar.com\/avatar\/a38115d98a7f8a96cbb96af2b2c37a0b?s=96&d=mm&r=g\",\"contentUrl\":\"https:\/\/secure.gravatar.com\/avatar\/a38115d98a7f8a96cbb96af2b2c37a0b?s=96&d=mm&r=g\",\"caption\":\"Ana Mar\u00eda Gomez\"},\"url\":\"https:\/\/www.fiscalia.gov.co\/colombia\/author\/agomez\/\"}]}<\/script>\n<!-- \/ Yoast SEO plugin. -->","yoast_head_json":{"title":"Fiscal\u00eda General de la Naci\u00f3n","description":"P\u00e1gina oficial de la Fiscal\u00eda General de la Naci\u00f3n \u2013 Colombia. Garantizamos el acceso efectivo a la justicia, la verdad y la reparaci\u00f3n de las v\u00edctimas de los delitos.","robots":{"index":"noindex","follow":"follow"},"og_locale":"es_ES","og_type":"article","og_title":"Fiscal\u00eda General de la Naci\u00f3n","og_description":"P\u00e1gina oficial de la Fiscal\u00eda General de la Naci\u00f3n \u2013 Colombia. Garantizamos el acceso efectivo a la justicia, la verdad y la reparaci\u00f3n de las v\u00edctimas de los delitos.","og_url":"https:\/\/www.fiscalia.gov.co\/colombia\/el-fiscal-en-los-territorios\/capturado-presunto-integrante-de-los-contadores-al-parecer-responsable-del-crimen-de-una-lider-social-y-dos-reincorporados-en-tumaco-narino\/","og_site_name":"Fiscal\u00eda General de la Naci\u00f3n","article_publisher":"https:\/\/www.facebook.com\/FiscaliaCol","article_published_time":"2021-04-09T17:34:31+00:00","article_modified_time":"2021-04-09T17:38:22+00:00","author":"Ana Mar\u00eda Gomez","twitter_card":"summary_large_image","twitter_creator":"@FiscaliaCol","twitter_site":"@FiscaliaCol","twitter_misc":{"Escrito por":"Ana Mar\u00eda Gomez","Tiempo de lectura":"3 minutos"},"schema":{"@context":"https:\/\/schema.org","@graph":[{"@type":"Article","@id":"https:\/\/www.fiscalia.gov.co\/colombia\/el-fiscal-en-los-territorios\/capturado-presunto-integrante-de-los-contadores-al-parecer-responsable-del-crimen-de-una-lider-social-y-dos-reincorporados-en-tumaco-narino\/#article","isPartOf":{"@id":"https:\/\/www.fiscalia.gov.co\/colombia\/el-fiscal-en-los-territorios\/capturado-presunto-integrante-de-los-contadores-al-parecer-responsable-del-crimen-de-una-lider-social-y-dos-reincorporados-en-tumaco-narino\/"},"author":{"name":"Ana Mar\u00eda Gomez","@id":"https:\/\/www.fiscalia.gov.co\/colombia\/#\/schema\/person\/06aa2210fe4d79203f428ff671dee360"},"headline":"Capturado presunto integrante de \u2018Los Contadores\u2019, al parecer responsable del crimen de una l\u00edder social y dos reincorporados en Tumaco (Nari\u00f1o)","datePublished":"2021-04-09T17:34:31+00:00","dateModified":"2021-04-09T17:38:22+00:00","mainEntityOfPage":{"@id":"https:\/\/www.fiscalia.gov.co\/colombia\/el-fiscal-en-los-territorios\/capturado-presunto-integrante-de-los-contadores-al-parecer-responsable-del-crimen-de-una-lider-social-y-dos-reincorporados-en-tumaco-narino\/"},"wordCount":549,"publisher":{"@id":"https:\/\/www.fiscalia.gov.co\/colombia\/#organization"},"keywords":["Crimen","Fiscal Barbosa","Fiscal\u00eda","Homicidio","Los Contadores"],"articleSection":["El Fiscal en los territorios","Fiscal General de la Naci\u00f3n"],"inLanguage":"es-CO"},{"@type":"WebPage","@id":"https:\/\/www.fiscalia.gov.co\/colombia\/el-fiscal-en-los-territorios\/capturado-presunto-integrante-de-los-contadores-al-parecer-responsable-del-crimen-de-una-lider-social-y-dos-reincorporados-en-tumaco-narino\/","url":"https:\/\/www.fiscalia.gov.co\/colombia\/el-fiscal-en-los-territorios\/capturado-presunto-integrante-de-los-contadores-al-parecer-responsable-del-crimen-de-una-lider-social-y-dos-reincorporados-en-tumaco-narino\/","name":"Fiscal\u00eda General de la Naci\u00f3n","isPartOf":{"@id":"https:\/\/www.fiscalia.gov.co\/colombia\/#website"},"datePublished":"2021-04-09T17:34:31+00:00","dateModified":"2021-04-09T17:38:22+00:00","description":"P\u00e1gina oficial de la Fiscal\u00eda General de la Naci\u00f3n \u2013 Colombia. Garantizamos el acceso efectivo a la justicia, la verdad y la reparaci\u00f3n de las v\u00edctimas de los delitos.","breadcrumb":{"@id":"https:\/\/www.fiscalia.gov.co\/colombia\/el-fiscal-en-los-territorios\/capturado-presunto-integrante-de-los-contadores-al-parecer-responsable-del-crimen-de-una-lider-social-y-dos-reincorporados-en-tumaco-narino\/#breadcrumb"},"inLanguage":"es-CO","potentialAction":[{"@type":"ReadAction","target":["https:\/\/www.fiscalia.gov.co\/colombia\/el-fiscal-en-los-territorios\/capturado-presunto-integrante-de-los-contadores-al-parecer-responsable-del-crimen-de-una-lider-social-y-dos-reincorporados-en-tumaco-narino\/"]}]},{"@type":"BreadcrumbList","@id":"https:\/\/www.fiscalia.gov.co\/colombia\/el-fiscal-en-los-territorios\/capturado-presunto-integrante-de-los-contadores-al-parecer-responsable-del-crimen-de-una-lider-social-y-dos-reincorporados-en-tumaco-narino\/#breadcrumb","itemListElement":[{"@type":"ListItem","position":1,"name":"Home","item":"https:\/\/www.fiscalia.gov.co\/colombia\/"},{"@type":"ListItem","position":2,"name":"Capturado presunto integrante de \u2018Los Contadores\u2019, al parecer responsable del crimen de una l\u00edder social y dos reincorporados en Tumaco (Nari\u00f1o)"}]},{"@type":"WebSite","@id":"https:\/\/www.fiscalia.gov.co\/colombia\/#website","url":"https:\/\/www.fiscalia.gov.co\/colombia\/","name":"Fiscal\u00eda General de la Naci\u00f3n","description":"P\u00e1gina oficial de la Fiscal\u00eda General de la Naci\u00f3n \u2013 Colombia. Garantizamos el acceso efectivo a la justicia, la verdad y la reparaci\u00f3n de las v\u00edctimas de los delitos.","publisher":{"@id":"https:\/\/www.fiscalia.gov.co\/colombia\/#organization"},"potentialAction":[{"@type":"SearchAction","target":{"@type":"EntryPoint","urlTemplate":"https:\/\/www.fiscalia.gov.co\/colombia\/?s={search_term_string}"},"query-input":{"@type":"PropertyValueSpecification","valueRequired":true,"valueName":"search_term_string"}}],"inLanguage":"es-CO"},{"@type":"Organization","@id":"https:\/\/www.fiscalia.gov.co\/colombia\/#organization","name":"Fiscal\u00eda General de la Naci\u00f3n","url":"https:\/\/www.fiscalia.gov.co\/colombia\/","logo":{"@type":"ImageObject","inLanguage":"es-CO","@id":"https:\/\/www.fiscalia.gov.co\/colombia\/#\/schema\/logo\/image\/","url":"https:\/\/www.fiscalia.gov.co\/colombia\/wp-content\/uploads\/LogoHorizontal_1.jpg","contentUrl":"https:\/\/www.fiscalia.gov.co\/colombia\/wp-content\/uploads\/LogoHorizontal_1.jpg","width":300,"height":90,"caption":"Fiscal\u00eda General de la Naci\u00f3n"},"image":{"@id":"https:\/\/www.fiscalia.gov.co\/colombia\/#\/schema\/logo\/image\/"},"sameAs":["https:\/\/www.facebook.com\/FiscaliaCol","https:\/\/x.com\/FiscaliaCol","https:\/\/www.instagram.com\/fiscaliacol","https:\/\/www.linkedin.com\/company\/fiscalia-general-de-la-naci-n\/","https:\/\/youtube.com\/@fiscaliageneraldelanacion-4668?si=6nN79nyQICPU5iTh"]},{"@type":"Person","@id":"https:\/\/www.fiscalia.gov.co\/colombia\/#\/schema\/person\/06aa2210fe4d79203f428ff671dee360","name":"Ana Mar\u00eda Gomez","image":{"@type":"ImageObject","inLanguage":"es-CO","@id":"https:\/\/www.fiscalia.gov.co\/colombia\/#\/schema\/person\/image\/","url":"https:\/\/secure.gravatar.com\/avatar\/a38115d98a7f8a96cbb96af2b2c37a0b?s=96&d=mm&r=g","contentUrl":"https:\/\/secure.gravatar.com\/avatar\/a38115d98a7f8a96cbb96af2b2c37a0b?s=96&d=mm&r=g","caption":"Ana Mar\u00eda Gomez"},"url":"https:\/\/www.fiscalia.gov.co\/colombia\/author\/agomez\/"}]}},"_links":{"self":[{"href":"https:\/\/www.fiscalia.gov.co\/colombia\/wp-json\/wp\/v2\/posts\/217334","targetHints":{"allow":["GET"]}}],"collection":[{"href":"https:\/\/www.fiscalia.gov.co\/colombia\/wp-json\/wp\/v2\/posts"}],"about":[{"href":"https:\/\/www.fiscalia.gov.co\/colombia\/wp-json\/wp\/v2\/types\/post"}],"author":[{"embeddable":true,"href":"https:\/\/www.fiscalia.gov.co\/colombia\/wp-json\/wp\/v2\/users\/171"}],"replies":[{"embeddable":true,"href":"https:\/\/www.fiscalia.gov.co\/colombia\/wp-json\/wp\/v2\/comments?post=217334"}],"version-history":[{"count":1,"href":"https:\/\/www.fiscalia.gov.co\/colombia\/wp-json\/wp\/v2\/posts\/217334\/revisions"}],"predecessor-version":[{"id":217335,"href":"https:\/\/www.fiscalia.gov.co\/colombia\/wp-json\/wp\/v2\/posts\/217334\/revisions\/217335"}],"wp:attachment":[{"href":"https:\/\/www.fiscalia.gov.co\/colombia\/wp-json\/wp\/v2\/media?parent=217334"}],"wp:term":[{"taxonomy":"category","embeddable":true,"href":"https:\/\/www.fiscalia.gov.co\/colombia\/wp-json\/wp\/v2\/categories?post=217334"},{"taxonomy":"post_tag","embeddable":true,"href":"https:\/\/www.fiscalia.gov.co\/colombia\/wp-json\/wp\/v2\/tags?post=217334"}],"curies":[{"name":"wp","href":"https:\/\/api.w.org\/{rel}","templated":true}]}}