{"id":217316,"date":"2021-04-09T10:22:57","date_gmt":"2021-04-09T15:22:57","guid":{"rendered":"https:\/\/www.fiscalia.gov.co\/colombia\/?p=217316"},"modified":"2021-04-09T10:22:57","modified_gmt":"2021-04-09T15:22:57","slug":"tras-apelacion-de-la-fiscalia-siete-presuntos-integrantes-de-la-banda-los-chulos-iran-a-la-carcel","status":"publish","type":"post","link":"https:\/\/www.fiscalia.gov.co\/colombia\/seguridad-territorial\/tras-apelacion-de-la-fiscalia-siete-presuntos-integrantes-de-la-banda-los-chulos-iran-a-la-carcel\/","title":{"rendered":"Tras apelaci\u00f3n de la Fiscal\u00eda siete presuntos integrantes de la banda Los Chulos ir\u00e1n a la c\u00e1rcel"},"content":{"rendered":"<p><span lang=\"ES-MX\">Tras la apelaci\u00f3n realizada por la Fiscal\u00eda General de la Naci\u00f3n, un juez de segunda instancia cobij\u00f3 con medida de aseguramiento en centro carcelario a siete presuntos integrantes de la banda delincuencial\u00a0<\/span><span lang=\"ES-MX\"><a href=\"http:\/\/www.fiscalia.gov.co\/colombia\/seguridad-ciudadana\/desarticulada-banda-delincuencial-los-chulos-dedicada-al-hurto-de-personas-y-entidades-en-diferentes-zonas-del-pais\/\" target=\"_blank\" rel=\"noopener noreferrer\">Los Chulos<\/a><\/span><span lang=\"ES-MX\">.\u00a0<\/span><\/p>\n<p>Dicho grupo fue desarticulado el pasado febrero, luego de que\u00a0un fiscal de la Estructura de Apoyo Seccional Santander, en articulaci\u00f3n con la Polic\u00eda Nacional, lograr\u00e1 la captura de 12 de sus presuntos integrantes mediante orden judicial.\u00a0Los operativos se realizaron en Cartagena (Bol\u00edvar) y Bucaramanga (Santander).<\/p>\n<p>Durante las audiencias concentradas, solo 5 de ellos fueron enviados a la c\u00e1rcel, mientras que los otros fueron cobijados con medidas de aseguramiento domiciliaria o no privativas de la libertad, situaci\u00f3n con la que el ente acusador no qued\u00f3 conforme y apel\u00f3 las decisiones.<\/p>\n<p><span lang=\"ES-MX\">Por lo anterior, ser\u00e1n traslados a centro carcelario: Oscar Ariza Ordo\u00f1ez, Rolando Medina P\u00e9rez, Jackson Chaparro Fajardo, Luis Emilio Barrios Estrada, Carlos Mauricio Jaimes, Cecilio Alberto Vera Rojas y Fredy Alfonso Rojas Mec\u00f3n, por lo que fue expedida orden de captura para ellos.<\/span><\/p>\n<p><span lang=\"ES\">Seg\u00fan la investigaci\u00f3n, los hurtos hechos por &#8216;Los Chulos&#8217; a personas y a entidades\u00a0<\/span><span lang=\"ES\">ascienden a los<\/span><span lang=\"ES\"><b>\u00a03.500 millones<\/b><\/span><span lang=\"ES\">\u00a0de pesos.\u00a0\u00a0<\/span><\/p>\n<p><span lang=\"ES\">Los procesados, fueron judicializadas por los delitos de\u00a0<\/span><span lang=\"EN-US\"><a href=\"https:\/\/www.fiscalia.gov.co\/colombia\/?s=concierto+para+delinquir\" target=\"_blank\" rel=\"noopener noreferrer\"><span lang=\"ES\">concierto para delinquir<\/span><\/a><\/span><span lang=\"ES\">, hurto calificado y agravado, apoderamiento de aeronaves, naves o medios de transporte y fabricaci\u00f3n, tr\u00e1fico, porte o tenencia de armas de fuego, accesorios, partes o municiones.\u00a0<\/span><span lang=\"ES\">\u00a0<\/span><\/p>\n<p><span lang=\"ES\">\u00a0<\/span><b><span lang=\"ES\">Algunos de los casos:\u00a0<\/span><\/b><b><span lang=\"ES\">\u00a0<\/span><\/b><\/p>\n<ul>\n<li><span lang=\"ES\">El 31 de enero de 2018, los delincuentes hurtaron una<\/span><span lang=\"ES\"><strong>\u00a0avioneta<\/strong><\/span><span lang=\"ES\">, al despegar desde<\/span><span lang=\"ES\"><b>\u00a0<\/b><\/span><span lang=\"ES\">del aeropuerto Palonegro de Bucaramanga<\/span><b><span lang=\"ES\">.\u00a0<\/span><\/b><span lang=\"ES\">Los procesados al parecer hurtaron 2.000 millones de pesos.\u00a0<\/span><span lang=\"ES\">\u00a0<\/span><span lang=\"ES\">Se presume que la aeronave en la que se movilizaban el piloto, el copiloto y un funcionarios de la empresa fue secuestrada por cuatro de los procesados cuando aterriz\u00f3 en el municipio de Aguachica (Casar). \u00a0<\/span><span lang=\"ES\">Las autoridades lograron recuperar 1.200 millones de pesos, de los 2.000 millones de pesos que se hab\u00edan hurtado.\u00a0<\/span><\/li>\n<li><span lang=\"ES\">El 31 de mayo de 2017 hurtaron<\/span><span lang=\"ES\"><b>\u00a0200 millones de pesos a un hombre,<\/b><\/span><span lang=\"ES\">\u00a0al ingresar a su vivienda\u00a0<\/span><span lang=\"ES\">en un reconocido barrio de la capital santandereana.\u00a0<\/span><span lang=\"ES\">\u00a0<\/span><\/li>\n<\/ul>\n<ul>\n<li><span lang=\"ES\">Finalmente, el robo a un establecimiento de comercio ocurrido el 12 de diciembre de 2017, en el que se llevaron 216 millones de pesos.\u00a0<\/span><span lang=\"ES\">\u00a0<\/span><\/li>\n<\/ul>\n<p><span lang=\"ES-MX\">La Fiscal\u00eda hace p\u00fablica la informaci\u00f3n por considerarla de inter\u00e9s general.<\/span><\/p>\n<p dir=\"auto\"><span lang=\"ES-MX\">DRAO\/ MG\/ ON<br \/>\n<\/span><\/p>\n<p dir=\"auto\"><span lang=\"ES-MX\"><i>La informaci\u00f3n contenida en este bolet\u00edn de prensa corresponde a la narraci\u00f3n de los hechos noticiosos objetivos, suministrados por los funcionarios encargados de adelantar las investigaciones penales al interior de la Fiscal\u00eda General de la Naci\u00f3n. Para el momento de la divulgaci\u00f3n de este comunicado, la situaci\u00f3n jur\u00eddica de la(s) persona(s) relacionada(s) se encuentra pendiente de resolver por la autoridad judicial competente, siempre bajo los preceptos de la presunci\u00f3n de inocencia, consagrados en el art\u00edculo 29 de la Constituci\u00f3n Pol\u00edtica y el art\u00edculo 7\u00ba de la Ley 906 de 2004.<\/i><br \/>\n<\/span><\/p>\n<p><span lang=\"ES-MX\"><a href=\"http:\/\/www.fiscalia.gov.co\/colombia\/seguridad-ciudadana\/desarticulada-banda-delincuencial-los-chulos-dedicada-al-hurto-de-personas-y-entidades-en-diferentes-zonas-del-pais\/\" target=\"_blank\" rel=\"noopener noreferrer\">B\u00fasqueda relacionada<\/a><\/span><\/p>\n\n<div class=\"twitter-share\"><a href=\"https:\/\/twitter.com\/intent\/tweet?via=fiscaliacol\" class=\"twitter-share-button\">Tweet<\/a><\/div>\n","protected":false},"excerpt":{"rendered":"<p>Tras la apelaci\u00f3n realizada por la Fiscal\u00eda General de la Naci\u00f3n, un juez de segunda instancia cobij\u00f3 con medida de aseguramiento en centro carcelario a siete presuntos integrantes de la banda delincuencial\u00a0Los Chulos.\u00a0 Dicho grupo fue desarticulado el pasado febrero, luego de que\u00a0un fiscal de la Estructura de Apoyo Seccional Santander, en articulaci\u00f3n con la [&hellip;]<\/p>\n","protected":false},"author":171,"featured_media":0,"comment_status":"closed","ping_status":"open","sticky":false,"template":"","format":"standard","meta":{"_price":"","_stock":"","_tribe_ticket_header":"","_tribe_default_ticket_provider":"","_tribe_ticket_capacity":"0","_ticket_start_date":"","_ticket_end_date":"","_tribe_ticket_show_description":"","_tribe_ticket_show_not_going":false,"_tribe_ticket_use_global_stock":"","_tribe_ticket_global_stock_level":"","_global_stock_mode":"","_global_stock_cap":"","_tribe_rsvp_for_event":"","_tribe_ticket_going_count":"","_tribe_ticket_not_going_count":"","_tribe_tickets_list":"[]","_tribe_ticket_has_attendee_info_fields":false,"tdm_status":"","tdm_grid_status":"","footnotes":""},"categories":[322,303,24099],"tags":[23835,24915,1561],"class_list":{"0":"post-217316","1":"post","2":"type-post","3":"status-publish","4":"format-standard","6":"category-seccional-bucaramanga","7":"category-seccionales","8":"category-seguridad-territorial","9":"tag-bucaramanga","10":"tag-fiscalia","11":"tag-santander"},"yoast_head":"<!-- This site is optimized with the Yoast SEO plugin v24.3 - https:\/\/yoast.com\/wordpress\/plugins\/seo\/ -->\n<title>Fiscal\u00eda General de la Naci\u00f3n<\/title>\n<meta name=\"description\" content=\"P\u00e1gina oficial de la Fiscal\u00eda General de la Naci\u00f3n \u2013 Colombia. Garantizamos el acceso efectivo a la justicia, la verdad y la reparaci\u00f3n de las v\u00edctimas de los delitos.\" \/>\n<meta name=\"robots\" content=\"noindex, follow\" \/>\n<meta property=\"og:locale\" content=\"es_ES\" \/>\n<meta property=\"og:type\" content=\"article\" \/>\n<meta property=\"og:title\" content=\"Fiscal\u00eda General de la Naci\u00f3n\" \/>\n<meta property=\"og:description\" content=\"P\u00e1gina oficial de la Fiscal\u00eda General de la Naci\u00f3n \u2013 Colombia. Garantizamos el acceso efectivo a la justicia, la verdad y la reparaci\u00f3n de las v\u00edctimas de los delitos.\" \/>\n<meta property=\"og:url\" content=\"https:\/\/www.fiscalia.gov.co\/colombia\/seguridad-territorial\/tras-apelacion-de-la-fiscalia-siete-presuntos-integrantes-de-la-banda-los-chulos-iran-a-la-carcel\/\" \/>\n<meta property=\"og:site_name\" content=\"Fiscal\u00eda General de la Naci\u00f3n\" \/>\n<meta property=\"article:publisher\" content=\"https:\/\/www.facebook.com\/FiscaliaCol\" \/>\n<meta property=\"article:published_time\" content=\"2021-04-09T15:22:57+00:00\" \/>\n<meta name=\"author\" content=\"Ana Mar\u00eda Gomez\" \/>\n<meta name=\"twitter:card\" content=\"summary_large_image\" \/>\n<meta name=\"twitter:creator\" content=\"@FiscaliaCol\" \/>\n<meta name=\"twitter:site\" content=\"@FiscaliaCol\" \/>\n<meta name=\"twitter:label1\" content=\"Escrito por\" \/>\n\t<meta name=\"twitter:data1\" content=\"Ana Mar\u00eda Gomez\" \/>\n\t<meta name=\"twitter:label2\" content=\"Tiempo de lectura\" \/>\n\t<meta name=\"twitter:data2\" content=\"2 minutos\" \/>\n<script type=\"application\/ld+json\" class=\"yoast-schema-graph\">{\"@context\":\"https:\/\/schema.org\",\"@graph\":[{\"@type\":\"Article\",\"@id\":\"https:\/\/www.fiscalia.gov.co\/colombia\/seguridad-territorial\/tras-apelacion-de-la-fiscalia-siete-presuntos-integrantes-de-la-banda-los-chulos-iran-a-la-carcel\/#article\",\"isPartOf\":{\"@id\":\"https:\/\/www.fiscalia.gov.co\/colombia\/seguridad-territorial\/tras-apelacion-de-la-fiscalia-siete-presuntos-integrantes-de-la-banda-los-chulos-iran-a-la-carcel\/\"},\"author\":{\"name\":\"Ana Mar\u00eda Gomez\",\"@id\":\"https:\/\/www.fiscalia.gov.co\/colombia\/#\/schema\/person\/06aa2210fe4d79203f428ff671dee360\"},\"headline\":\"Tras apelaci\u00f3n de la Fiscal\u00eda siete presuntos integrantes de la banda Los Chulos ir\u00e1n a la c\u00e1rcel\",\"datePublished\":\"2021-04-09T15:22:57+00:00\",\"dateModified\":\"2021-04-09T15:22:57+00:00\",\"mainEntityOfPage\":{\"@id\":\"https:\/\/www.fiscalia.gov.co\/colombia\/seguridad-territorial\/tras-apelacion-de-la-fiscalia-siete-presuntos-integrantes-de-la-banda-los-chulos-iran-a-la-carcel\/\"},\"wordCount\":509,\"publisher\":{\"@id\":\"https:\/\/www.fiscalia.gov.co\/colombia\/#organization\"},\"keywords\":[\"Bucaramanga\",\"Fiscal\u00eda.\",\"Santander\"],\"articleSection\":[\"Seccional Bucaramanga\",\"Seccionales\",\"Seguridad territorial\"],\"inLanguage\":\"es-CO\"},{\"@type\":\"WebPage\",\"@id\":\"https:\/\/www.fiscalia.gov.co\/colombia\/seguridad-territorial\/tras-apelacion-de-la-fiscalia-siete-presuntos-integrantes-de-la-banda-los-chulos-iran-a-la-carcel\/\",\"url\":\"https:\/\/www.fiscalia.gov.co\/colombia\/seguridad-territorial\/tras-apelacion-de-la-fiscalia-siete-presuntos-integrantes-de-la-banda-los-chulos-iran-a-la-carcel\/\",\"name\":\"Fiscal\u00eda General de la Naci\u00f3n\",\"isPartOf\":{\"@id\":\"https:\/\/www.fiscalia.gov.co\/colombia\/#website\"},\"datePublished\":\"2021-04-09T15:22:57+00:00\",\"dateModified\":\"2021-04-09T15:22:57+00:00\",\"description\":\"P\u00e1gina oficial de la Fiscal\u00eda General de la Naci\u00f3n \u2013 Colombia. Garantizamos el acceso efectivo a la justicia, la verdad y la reparaci\u00f3n de las v\u00edctimas de los delitos.\",\"breadcrumb\":{\"@id\":\"https:\/\/www.fiscalia.gov.co\/colombia\/seguridad-territorial\/tras-apelacion-de-la-fiscalia-siete-presuntos-integrantes-de-la-banda-los-chulos-iran-a-la-carcel\/#breadcrumb\"},\"inLanguage\":\"es-CO\",\"potentialAction\":[{\"@type\":\"ReadAction\",\"target\":[\"https:\/\/www.fiscalia.gov.co\/colombia\/seguridad-territorial\/tras-apelacion-de-la-fiscalia-siete-presuntos-integrantes-de-la-banda-los-chulos-iran-a-la-carcel\/\"]}]},{\"@type\":\"BreadcrumbList\",\"@id\":\"https:\/\/www.fiscalia.gov.co\/colombia\/seguridad-territorial\/tras-apelacion-de-la-fiscalia-siete-presuntos-integrantes-de-la-banda-los-chulos-iran-a-la-carcel\/#breadcrumb\",\"itemListElement\":[{\"@type\":\"ListItem\",\"position\":1,\"name\":\"Home\",\"item\":\"https:\/\/www.fiscalia.gov.co\/colombia\/\"},{\"@type\":\"ListItem\",\"position\":2,\"name\":\"Tras apelaci\u00f3n de la Fiscal\u00eda siete presuntos integrantes de la banda Los Chulos ir\u00e1n a la c\u00e1rcel\"}]},{\"@type\":\"WebSite\",\"@id\":\"https:\/\/www.fiscalia.gov.co\/colombia\/#website\",\"url\":\"https:\/\/www.fiscalia.gov.co\/colombia\/\",\"name\":\"Fiscal\u00eda General de la Naci\u00f3n\",\"description\":\"P\u00e1gina oficial de la Fiscal\u00eda General de la Naci\u00f3n \u2013 Colombia. Garantizamos el acceso efectivo a la justicia, la verdad y la reparaci\u00f3n de las v\u00edctimas de los delitos.\",\"publisher\":{\"@id\":\"https:\/\/www.fiscalia.gov.co\/colombia\/#organization\"},\"potentialAction\":[{\"@type\":\"SearchAction\",\"target\":{\"@type\":\"EntryPoint\",\"urlTemplate\":\"https:\/\/www.fiscalia.gov.co\/colombia\/?s={search_term_string}\"},\"query-input\":{\"@type\":\"PropertyValueSpecification\",\"valueRequired\":true,\"valueName\":\"search_term_string\"}}],\"inLanguage\":\"es-CO\"},{\"@type\":\"Organization\",\"@id\":\"https:\/\/www.fiscalia.gov.co\/colombia\/#organization\",\"name\":\"Fiscal\u00eda General de la Naci\u00f3n\",\"url\":\"https:\/\/www.fiscalia.gov.co\/colombia\/\",\"logo\":{\"@type\":\"ImageObject\",\"inLanguage\":\"es-CO\",\"@id\":\"https:\/\/www.fiscalia.gov.co\/colombia\/#\/schema\/logo\/image\/\",\"url\":\"https:\/\/www.fiscalia.gov.co\/colombia\/wp-content\/uploads\/LogoHorizontal_1.jpg\",\"contentUrl\":\"https:\/\/www.fiscalia.gov.co\/colombia\/wp-content\/uploads\/LogoHorizontal_1.jpg\",\"width\":300,\"height\":90,\"caption\":\"Fiscal\u00eda General de la Naci\u00f3n\"},\"image\":{\"@id\":\"https:\/\/www.fiscalia.gov.co\/colombia\/#\/schema\/logo\/image\/\"},\"sameAs\":[\"https:\/\/www.facebook.com\/FiscaliaCol\",\"https:\/\/x.com\/FiscaliaCol\",\"https:\/\/www.instagram.com\/fiscaliacol\",\"https:\/\/www.linkedin.com\/company\/fiscalia-general-de-la-naci-n\/\",\"https:\/\/youtube.com\/@fiscaliageneraldelanacion-4668?si=6nN79nyQICPU5iTh\"]},{\"@type\":\"Person\",\"@id\":\"https:\/\/www.fiscalia.gov.co\/colombia\/#\/schema\/person\/06aa2210fe4d79203f428ff671dee360\",\"name\":\"Ana Mar\u00eda Gomez\",\"image\":{\"@type\":\"ImageObject\",\"inLanguage\":\"es-CO\",\"@id\":\"https:\/\/www.fiscalia.gov.co\/colombia\/#\/schema\/person\/image\/\",\"url\":\"https:\/\/secure.gravatar.com\/avatar\/a38115d98a7f8a96cbb96af2b2c37a0b?s=96&d=mm&r=g\",\"contentUrl\":\"https:\/\/secure.gravatar.com\/avatar\/a38115d98a7f8a96cbb96af2b2c37a0b?s=96&d=mm&r=g\",\"caption\":\"Ana Mar\u00eda Gomez\"},\"url\":\"https:\/\/www.fiscalia.gov.co\/colombia\/author\/agomez\/\"}]}<\/script>\n<!-- \/ Yoast SEO plugin. -->","yoast_head_json":{"title":"Fiscal\u00eda General de la Naci\u00f3n","description":"P\u00e1gina oficial de la Fiscal\u00eda General de la Naci\u00f3n \u2013 Colombia. Garantizamos el acceso efectivo a la justicia, la verdad y la reparaci\u00f3n de las v\u00edctimas de los delitos.","robots":{"index":"noindex","follow":"follow"},"og_locale":"es_ES","og_type":"article","og_title":"Fiscal\u00eda General de la Naci\u00f3n","og_description":"P\u00e1gina oficial de la Fiscal\u00eda General de la Naci\u00f3n \u2013 Colombia. Garantizamos el acceso efectivo a la justicia, la verdad y la reparaci\u00f3n de las v\u00edctimas de los delitos.","og_url":"https:\/\/www.fiscalia.gov.co\/colombia\/seguridad-territorial\/tras-apelacion-de-la-fiscalia-siete-presuntos-integrantes-de-la-banda-los-chulos-iran-a-la-carcel\/","og_site_name":"Fiscal\u00eda General de la Naci\u00f3n","article_publisher":"https:\/\/www.facebook.com\/FiscaliaCol","article_published_time":"2021-04-09T15:22:57+00:00","author":"Ana Mar\u00eda Gomez","twitter_card":"summary_large_image","twitter_creator":"@FiscaliaCol","twitter_site":"@FiscaliaCol","twitter_misc":{"Escrito por":"Ana Mar\u00eda Gomez","Tiempo de lectura":"2 minutos"},"schema":{"@context":"https:\/\/schema.org","@graph":[{"@type":"Article","@id":"https:\/\/www.fiscalia.gov.co\/colombia\/seguridad-territorial\/tras-apelacion-de-la-fiscalia-siete-presuntos-integrantes-de-la-banda-los-chulos-iran-a-la-carcel\/#article","isPartOf":{"@id":"https:\/\/www.fiscalia.gov.co\/colombia\/seguridad-territorial\/tras-apelacion-de-la-fiscalia-siete-presuntos-integrantes-de-la-banda-los-chulos-iran-a-la-carcel\/"},"author":{"name":"Ana Mar\u00eda Gomez","@id":"https:\/\/www.fiscalia.gov.co\/colombia\/#\/schema\/person\/06aa2210fe4d79203f428ff671dee360"},"headline":"Tras apelaci\u00f3n de la Fiscal\u00eda siete presuntos integrantes de la banda Los Chulos ir\u00e1n a la c\u00e1rcel","datePublished":"2021-04-09T15:22:57+00:00","dateModified":"2021-04-09T15:22:57+00:00","mainEntityOfPage":{"@id":"https:\/\/www.fiscalia.gov.co\/colombia\/seguridad-territorial\/tras-apelacion-de-la-fiscalia-siete-presuntos-integrantes-de-la-banda-los-chulos-iran-a-la-carcel\/"},"wordCount":509,"publisher":{"@id":"https:\/\/www.fiscalia.gov.co\/colombia\/#organization"},"keywords":["Bucaramanga","Fiscal\u00eda.","Santander"],"articleSection":["Seccional Bucaramanga","Seccionales","Seguridad territorial"],"inLanguage":"es-CO"},{"@type":"WebPage","@id":"https:\/\/www.fiscalia.gov.co\/colombia\/seguridad-territorial\/tras-apelacion-de-la-fiscalia-siete-presuntos-integrantes-de-la-banda-los-chulos-iran-a-la-carcel\/","url":"https:\/\/www.fiscalia.gov.co\/colombia\/seguridad-territorial\/tras-apelacion-de-la-fiscalia-siete-presuntos-integrantes-de-la-banda-los-chulos-iran-a-la-carcel\/","name":"Fiscal\u00eda General de la Naci\u00f3n","isPartOf":{"@id":"https:\/\/www.fiscalia.gov.co\/colombia\/#website"},"datePublished":"2021-04-09T15:22:57+00:00","dateModified":"2021-04-09T15:22:57+00:00","description":"P\u00e1gina oficial de la Fiscal\u00eda General de la Naci\u00f3n \u2013 Colombia. Garantizamos el acceso efectivo a la justicia, la verdad y la reparaci\u00f3n de las v\u00edctimas de los delitos.","breadcrumb":{"@id":"https:\/\/www.fiscalia.gov.co\/colombia\/seguridad-territorial\/tras-apelacion-de-la-fiscalia-siete-presuntos-integrantes-de-la-banda-los-chulos-iran-a-la-carcel\/#breadcrumb"},"inLanguage":"es-CO","potentialAction":[{"@type":"ReadAction","target":["https:\/\/www.fiscalia.gov.co\/colombia\/seguridad-territorial\/tras-apelacion-de-la-fiscalia-siete-presuntos-integrantes-de-la-banda-los-chulos-iran-a-la-carcel\/"]}]},{"@type":"BreadcrumbList","@id":"https:\/\/www.fiscalia.gov.co\/colombia\/seguridad-territorial\/tras-apelacion-de-la-fiscalia-siete-presuntos-integrantes-de-la-banda-los-chulos-iran-a-la-carcel\/#breadcrumb","itemListElement":[{"@type":"ListItem","position":1,"name":"Home","item":"https:\/\/www.fiscalia.gov.co\/colombia\/"},{"@type":"ListItem","position":2,"name":"Tras apelaci\u00f3n de la Fiscal\u00eda siete presuntos integrantes de la banda Los Chulos ir\u00e1n a la c\u00e1rcel"}]},{"@type":"WebSite","@id":"https:\/\/www.fiscalia.gov.co\/colombia\/#website","url":"https:\/\/www.fiscalia.gov.co\/colombia\/","name":"Fiscal\u00eda General de la Naci\u00f3n","description":"P\u00e1gina oficial de la Fiscal\u00eda General de la Naci\u00f3n \u2013 Colombia. Garantizamos el acceso efectivo a la justicia, la verdad y la reparaci\u00f3n de las v\u00edctimas de los delitos.","publisher":{"@id":"https:\/\/www.fiscalia.gov.co\/colombia\/#organization"},"potentialAction":[{"@type":"SearchAction","target":{"@type":"EntryPoint","urlTemplate":"https:\/\/www.fiscalia.gov.co\/colombia\/?s={search_term_string}"},"query-input":{"@type":"PropertyValueSpecification","valueRequired":true,"valueName":"search_term_string"}}],"inLanguage":"es-CO"},{"@type":"Organization","@id":"https:\/\/www.fiscalia.gov.co\/colombia\/#organization","name":"Fiscal\u00eda General de la Naci\u00f3n","url":"https:\/\/www.fiscalia.gov.co\/colombia\/","logo":{"@type":"ImageObject","inLanguage":"es-CO","@id":"https:\/\/www.fiscalia.gov.co\/colombia\/#\/schema\/logo\/image\/","url":"https:\/\/www.fiscalia.gov.co\/colombia\/wp-content\/uploads\/LogoHorizontal_1.jpg","contentUrl":"https:\/\/www.fiscalia.gov.co\/colombia\/wp-content\/uploads\/LogoHorizontal_1.jpg","width":300,"height":90,"caption":"Fiscal\u00eda General de la Naci\u00f3n"},"image":{"@id":"https:\/\/www.fiscalia.gov.co\/colombia\/#\/schema\/logo\/image\/"},"sameAs":["https:\/\/www.facebook.com\/FiscaliaCol","https:\/\/x.com\/FiscaliaCol","https:\/\/www.instagram.com\/fiscaliacol","https:\/\/www.linkedin.com\/company\/fiscalia-general-de-la-naci-n\/","https:\/\/youtube.com\/@fiscaliageneraldelanacion-4668?si=6nN79nyQICPU5iTh"]},{"@type":"Person","@id":"https:\/\/www.fiscalia.gov.co\/colombia\/#\/schema\/person\/06aa2210fe4d79203f428ff671dee360","name":"Ana Mar\u00eda Gomez","image":{"@type":"ImageObject","inLanguage":"es-CO","@id":"https:\/\/www.fiscalia.gov.co\/colombia\/#\/schema\/person\/image\/","url":"https:\/\/secure.gravatar.com\/avatar\/a38115d98a7f8a96cbb96af2b2c37a0b?s=96&d=mm&r=g","contentUrl":"https:\/\/secure.gravatar.com\/avatar\/a38115d98a7f8a96cbb96af2b2c37a0b?s=96&d=mm&r=g","caption":"Ana Mar\u00eda Gomez"},"url":"https:\/\/www.fiscalia.gov.co\/colombia\/author\/agomez\/"}]}},"_links":{"self":[{"href":"https:\/\/www.fiscalia.gov.co\/colombia\/wp-json\/wp\/v2\/posts\/217316","targetHints":{"allow":["GET"]}}],"collection":[{"href":"https:\/\/www.fiscalia.gov.co\/colombia\/wp-json\/wp\/v2\/posts"}],"about":[{"href":"https:\/\/www.fiscalia.gov.co\/colombia\/wp-json\/wp\/v2\/types\/post"}],"author":[{"embeddable":true,"href":"https:\/\/www.fiscalia.gov.co\/colombia\/wp-json\/wp\/v2\/users\/171"}],"replies":[{"embeddable":true,"href":"https:\/\/www.fiscalia.gov.co\/colombia\/wp-json\/wp\/v2\/comments?post=217316"}],"version-history":[{"count":1,"href":"https:\/\/www.fiscalia.gov.co\/colombia\/wp-json\/wp\/v2\/posts\/217316\/revisions"}],"predecessor-version":[{"id":217317,"href":"https:\/\/www.fiscalia.gov.co\/colombia\/wp-json\/wp\/v2\/posts\/217316\/revisions\/217317"}],"wp:attachment":[{"href":"https:\/\/www.fiscalia.gov.co\/colombia\/wp-json\/wp\/v2\/media?parent=217316"}],"wp:term":[{"taxonomy":"category","embeddable":true,"href":"https:\/\/www.fiscalia.gov.co\/colombia\/wp-json\/wp\/v2\/categories?post=217316"},{"taxonomy":"post_tag","embeddable":true,"href":"https:\/\/www.fiscalia.gov.co\/colombia\/wp-json\/wp\/v2\/tags?post=217316"}],"curies":[{"name":"wp","href":"https:\/\/api.w.org\/{rel}","templated":true}]}}