{"id":217182,"date":"2021-04-08T07:42:24","date_gmt":"2021-04-08T12:42:24","guid":{"rendered":"https:\/\/www.fiscalia.gov.co\/colombia\/?p=217182"},"modified":"2021-04-08T07:43:21","modified_gmt":"2021-04-08T12:43:21","slug":"por-presuntamente-transportar-sustancias-para-el-procesamiento-de-narcoticos-fueron-judicializadas-cuatro-personas-en-putumayo","status":"publish","type":"post","link":"https:\/\/www.fiscalia.gov.co\/colombia\/seguridad-territorial\/por-presuntamente-transportar-sustancias-para-el-procesamiento-de-narcoticos-fueron-judicializadas-cuatro-personas-en-putumayo\/","title":{"rendered":"Por presuntamente transportar sustancias para el procesamiento de narc\u00f3ticos fueron judicializadas cuatro personas en Putumayo"},"content":{"rendered":"<p>En hechos independientes, fiscales de la Seccional Putumayo imputaron a cuatro personas, presuntamente, responsables del delito de<strong>\u00a0tr\u00e1fico de sustancias para el procesamiento de\u00a0<\/strong><a href=\"https:\/\/www.fiscalia.gov.co\/colombia\/seccionales\/desmantelado-laboratorio-artesanal-para-el-procesamiento-de-narcoticos-en-zona-rural-del-municipio-del-tambo-narino\/\"><strong>narc\u00f3ticos<\/strong><\/a><strong>.\u00a0<\/strong><\/p>\n<p>Uno de los implicados es Guillermo Guanga Canticus detenido por la Polic\u00eda Nacional durante labores de patrullaje. El momento de la captura,\u00a0en el barrio San Lorenzo de Orito,\u00a0el implicado ten\u00eda en su\u00a0poder\u00a0<strong>427 gramos de permanganato de potasio<\/strong>.<\/p>\n<p>En otro hecho fue detenido\u00a0Luis Carlos G\u00f3mez Morales, detenido por la Polic\u00eda en el barrio Los Pomos en Orito. A esta persona le fueron incautados\u00a0<strong>1000 mililitros de \u00e1cido sulf\u00farico\u00a0los cuales transportaba en\u00a0<\/strong>un recipiente.<\/p>\n<p>En un tercer operativo fueron capturadas Leidy Lorena Fern\u00e1ndez Urbano y Yamile Isabel Bri\u00f1ez Alape. En poder de estas personas la polic\u00eda hall\u00f3\u00a0<strong>6 recipientes pl\u00e1sticos con 49.950 gramos de carbonato<\/strong>\u00a0\u00a0 y dos pimpinas con\u00a0<strong>gasolina<\/strong>. Los hechos se registraron en el barrio El Puerto de Puerto As\u00eds.<\/p>\n<p>Los implicados no fueron cobijados con\u00a0<strong>medidas privativas de la libertad, pero\u00a0<\/strong>deber\u00e1n\u00a0<strong>comparecer al proceso\u00a0<\/strong>adelantado por el ente acusador.<\/p>\n<p>La Fiscal\u00eda publica esta informaci\u00f3n por razones de inter\u00e9s general.<\/p>\n<p><strong>LMGM\/MAGA\/GRM<\/strong><\/p>\n<p><em>La informaci\u00f3n contenida en este bolet\u00edn de prensa corresponde a la narraci\u00f3n de los hechos noticiosos objetivos, suministrados por los funcionarios encargados de adelantar las investigaciones penales al interior de la Fiscal\u00eda General de la Naci\u00f3n. Para el momento de la divulgaci\u00f3n de este comunicado, la situaci\u00f3n jur\u00eddica de la(s) persona(s) relacionada(s) se encuentra pendiente de resolver por la autoridad judicial competente, siempre bajo los preceptos de la presunci\u00f3n de inocencia, consagrados en el art\u00edculo 29 de la Constituci\u00f3n Pol\u00edtica y el art\u00edculo 7\u00ba de la Ley 906 de 2004.<\/em><\/p>\n<p>&nbsp;<\/p>\n\n<div class=\"twitter-share\"><a href=\"https:\/\/twitter.com\/intent\/tweet?via=fiscaliacol\" class=\"twitter-share-button\">Tweet<\/a><\/div>\n","protected":false},"excerpt":{"rendered":"<p>En hechos independientes, fiscales de la Seccional Putumayo imputaron a cuatro personas, presuntamente, responsables del delito de\u00a0tr\u00e1fico de sustancias para el procesamiento de\u00a0narc\u00f3ticos.\u00a0 Uno de los implicados es Guillermo Guanga Canticus detenido por la Polic\u00eda Nacional durante labores de patrullaje. El momento de la captura,\u00a0en el barrio San Lorenzo de Orito,\u00a0el implicado ten\u00eda en su\u00a0poder\u00a0427 [&hellip;]<\/p>\n","protected":false},"author":171,"featured_media":0,"comment_status":"closed","ping_status":"open","sticky":false,"template":"","format":"standard","meta":{"_price":"","_stock":"","_tribe_ticket_header":"","_tribe_default_ticket_provider":"","_tribe_ticket_capacity":"0","_ticket_start_date":"","_ticket_end_date":"","_tribe_ticket_show_description":"","_tribe_ticket_show_not_going":false,"_tribe_ticket_use_global_stock":"","_tribe_ticket_global_stock_level":"","_global_stock_mode":"","_global_stock_cap":"","_tribe_rsvp_for_event":"","_tribe_ticket_going_count":"","_tribe_ticket_not_going_count":"","_tribe_tickets_list":"[]","_tribe_ticket_has_attendee_info_fields":false,"tdm_status":"","tdm_grid_status":"","footnotes":""},"categories":[2910,303,24099],"tags":[551,26523,26522,11101,25539,20914],"class_list":{"0":"post-217182","1":"post","2":"type-post","3":"status-publish","4":"format-standard","6":"category-seccional-mocoa","7":"category-seccionales","8":"category-seguridad-territorial","9":"tag-fiscalia-general","10":"tag-imputacion-putumayo","11":"tag-procesamiento-de-narcoticos","12":"tag-seguridad-ciudadana","13":"tag-sustancias-estupefacientes","14":"tag-sustancias-ilegales"},"yoast_head":"<!-- This site is optimized with the Yoast SEO plugin v24.3 - https:\/\/yoast.com\/wordpress\/plugins\/seo\/ -->\n<title>Fiscal\u00eda General de la Naci\u00f3n<\/title>\n<meta name=\"description\" content=\"P\u00e1gina oficial de la Fiscal\u00eda General de la Naci\u00f3n \u2013 Colombia. Garantizamos el acceso efectivo a la justicia, la verdad y la reparaci\u00f3n de las v\u00edctimas de los delitos.\" \/>\n<meta name=\"robots\" content=\"noindex, follow\" \/>\n<meta property=\"og:locale\" content=\"es_ES\" \/>\n<meta property=\"og:type\" content=\"article\" \/>\n<meta property=\"og:title\" content=\"Fiscal\u00eda General de la Naci\u00f3n\" \/>\n<meta property=\"og:description\" content=\"P\u00e1gina oficial de la Fiscal\u00eda General de la Naci\u00f3n \u2013 Colombia. Garantizamos el acceso efectivo a la justicia, la verdad y la reparaci\u00f3n de las v\u00edctimas de los delitos.\" \/>\n<meta property=\"og:url\" content=\"https:\/\/www.fiscalia.gov.co\/colombia\/seguridad-territorial\/por-presuntamente-transportar-sustancias-para-el-procesamiento-de-narcoticos-fueron-judicializadas-cuatro-personas-en-putumayo\/\" \/>\n<meta property=\"og:site_name\" content=\"Fiscal\u00eda General de la Naci\u00f3n\" \/>\n<meta property=\"article:publisher\" content=\"https:\/\/www.facebook.com\/FiscaliaCol\" \/>\n<meta property=\"article:published_time\" content=\"2021-04-08T12:42:24+00:00\" \/>\n<meta property=\"article:modified_time\" content=\"2021-04-08T12:43:21+00:00\" \/>\n<meta name=\"author\" content=\"Ana Mar\u00eda Gomez\" \/>\n<meta name=\"twitter:card\" content=\"summary_large_image\" \/>\n<meta name=\"twitter:creator\" content=\"@FiscaliaCol\" \/>\n<meta name=\"twitter:site\" content=\"@FiscaliaCol\" \/>\n<meta name=\"twitter:label1\" content=\"Escrito por\" \/>\n\t<meta name=\"twitter:data1\" content=\"Ana Mar\u00eda Gomez\" \/>\n\t<meta name=\"twitter:label2\" content=\"Tiempo de lectura\" \/>\n\t<meta name=\"twitter:data2\" content=\"2 minutos\" \/>\n<script type=\"application\/ld+json\" class=\"yoast-schema-graph\">{\"@context\":\"https:\/\/schema.org\",\"@graph\":[{\"@type\":\"Article\",\"@id\":\"https:\/\/www.fiscalia.gov.co\/colombia\/seguridad-territorial\/por-presuntamente-transportar-sustancias-para-el-procesamiento-de-narcoticos-fueron-judicializadas-cuatro-personas-en-putumayo\/#article\",\"isPartOf\":{\"@id\":\"https:\/\/www.fiscalia.gov.co\/colombia\/seguridad-territorial\/por-presuntamente-transportar-sustancias-para-el-procesamiento-de-narcoticos-fueron-judicializadas-cuatro-personas-en-putumayo\/\"},\"author\":{\"name\":\"Ana Mar\u00eda Gomez\",\"@id\":\"https:\/\/www.fiscalia.gov.co\/colombia\/#\/schema\/person\/06aa2210fe4d79203f428ff671dee360\"},\"headline\":\"Por presuntamente transportar sustancias para el procesamiento de narc\u00f3ticos fueron judicializadas cuatro personas en Putumayo\",\"datePublished\":\"2021-04-08T12:42:24+00:00\",\"dateModified\":\"2021-04-08T12:43:21+00:00\",\"mainEntityOfPage\":{\"@id\":\"https:\/\/www.fiscalia.gov.co\/colombia\/seguridad-territorial\/por-presuntamente-transportar-sustancias-para-el-procesamiento-de-narcoticos-fueron-judicializadas-cuatro-personas-en-putumayo\/\"},\"wordCount\":316,\"publisher\":{\"@id\":\"https:\/\/www.fiscalia.gov.co\/colombia\/#organization\"},\"keywords\":[\"Fiscal\u00eda General\",\"imputaci\u00f3n Putumayo\",\"procesamiento de narc\u00f3ticos\",\"Seguridad ciudadana\",\"sustancias estupefacientes\",\"Sustancias ilegales\"],\"articleSection\":[\"Seccional Mocoa\",\"Seccionales\",\"Seguridad territorial\"],\"inLanguage\":\"es-CO\"},{\"@type\":\"WebPage\",\"@id\":\"https:\/\/www.fiscalia.gov.co\/colombia\/seguridad-territorial\/por-presuntamente-transportar-sustancias-para-el-procesamiento-de-narcoticos-fueron-judicializadas-cuatro-personas-en-putumayo\/\",\"url\":\"https:\/\/www.fiscalia.gov.co\/colombia\/seguridad-territorial\/por-presuntamente-transportar-sustancias-para-el-procesamiento-de-narcoticos-fueron-judicializadas-cuatro-personas-en-putumayo\/\",\"name\":\"Fiscal\u00eda General de la Naci\u00f3n\",\"isPartOf\":{\"@id\":\"https:\/\/www.fiscalia.gov.co\/colombia\/#website\"},\"datePublished\":\"2021-04-08T12:42:24+00:00\",\"dateModified\":\"2021-04-08T12:43:21+00:00\",\"description\":\"P\u00e1gina oficial de la Fiscal\u00eda General de la Naci\u00f3n \u2013 Colombia. Garantizamos el acceso efectivo a la justicia, la verdad y la reparaci\u00f3n de las v\u00edctimas de los delitos.\",\"breadcrumb\":{\"@id\":\"https:\/\/www.fiscalia.gov.co\/colombia\/seguridad-territorial\/por-presuntamente-transportar-sustancias-para-el-procesamiento-de-narcoticos-fueron-judicializadas-cuatro-personas-en-putumayo\/#breadcrumb\"},\"inLanguage\":\"es-CO\",\"potentialAction\":[{\"@type\":\"ReadAction\",\"target\":[\"https:\/\/www.fiscalia.gov.co\/colombia\/seguridad-territorial\/por-presuntamente-transportar-sustancias-para-el-procesamiento-de-narcoticos-fueron-judicializadas-cuatro-personas-en-putumayo\/\"]}]},{\"@type\":\"BreadcrumbList\",\"@id\":\"https:\/\/www.fiscalia.gov.co\/colombia\/seguridad-territorial\/por-presuntamente-transportar-sustancias-para-el-procesamiento-de-narcoticos-fueron-judicializadas-cuatro-personas-en-putumayo\/#breadcrumb\",\"itemListElement\":[{\"@type\":\"ListItem\",\"position\":1,\"name\":\"Home\",\"item\":\"https:\/\/www.fiscalia.gov.co\/colombia\/\"},{\"@type\":\"ListItem\",\"position\":2,\"name\":\"Por presuntamente transportar sustancias para el procesamiento de narc\u00f3ticos fueron judicializadas cuatro personas en Putumayo\"}]},{\"@type\":\"WebSite\",\"@id\":\"https:\/\/www.fiscalia.gov.co\/colombia\/#website\",\"url\":\"https:\/\/www.fiscalia.gov.co\/colombia\/\",\"name\":\"Fiscal\u00eda General de la Naci\u00f3n\",\"description\":\"P\u00e1gina oficial de la Fiscal\u00eda General de la Naci\u00f3n \u2013 Colombia. Garantizamos el acceso efectivo a la justicia, la verdad y la reparaci\u00f3n de las v\u00edctimas de los delitos.\",\"publisher\":{\"@id\":\"https:\/\/www.fiscalia.gov.co\/colombia\/#organization\"},\"potentialAction\":[{\"@type\":\"SearchAction\",\"target\":{\"@type\":\"EntryPoint\",\"urlTemplate\":\"https:\/\/www.fiscalia.gov.co\/colombia\/?s={search_term_string}\"},\"query-input\":{\"@type\":\"PropertyValueSpecification\",\"valueRequired\":true,\"valueName\":\"search_term_string\"}}],\"inLanguage\":\"es-CO\"},{\"@type\":\"Organization\",\"@id\":\"https:\/\/www.fiscalia.gov.co\/colombia\/#organization\",\"name\":\"Fiscal\u00eda General de la Naci\u00f3n\",\"url\":\"https:\/\/www.fiscalia.gov.co\/colombia\/\",\"logo\":{\"@type\":\"ImageObject\",\"inLanguage\":\"es-CO\",\"@id\":\"https:\/\/www.fiscalia.gov.co\/colombia\/#\/schema\/logo\/image\/\",\"url\":\"https:\/\/www.fiscalia.gov.co\/colombia\/wp-content\/uploads\/LogoHorizontal_1.jpg\",\"contentUrl\":\"https:\/\/www.fiscalia.gov.co\/colombia\/wp-content\/uploads\/LogoHorizontal_1.jpg\",\"width\":300,\"height\":90,\"caption\":\"Fiscal\u00eda General de la Naci\u00f3n\"},\"image\":{\"@id\":\"https:\/\/www.fiscalia.gov.co\/colombia\/#\/schema\/logo\/image\/\"},\"sameAs\":[\"https:\/\/www.facebook.com\/FiscaliaCol\",\"https:\/\/x.com\/FiscaliaCol\",\"https:\/\/www.instagram.com\/fiscaliacol\",\"https:\/\/www.linkedin.com\/company\/fiscalia-general-de-la-naci-n\/\",\"https:\/\/youtube.com\/@fiscaliageneraldelanacion-4668?si=6nN79nyQICPU5iTh\"]},{\"@type\":\"Person\",\"@id\":\"https:\/\/www.fiscalia.gov.co\/colombia\/#\/schema\/person\/06aa2210fe4d79203f428ff671dee360\",\"name\":\"Ana Mar\u00eda Gomez\",\"image\":{\"@type\":\"ImageObject\",\"inLanguage\":\"es-CO\",\"@id\":\"https:\/\/www.fiscalia.gov.co\/colombia\/#\/schema\/person\/image\/\",\"url\":\"https:\/\/secure.gravatar.com\/avatar\/a38115d98a7f8a96cbb96af2b2c37a0b?s=96&d=mm&r=g\",\"contentUrl\":\"https:\/\/secure.gravatar.com\/avatar\/a38115d98a7f8a96cbb96af2b2c37a0b?s=96&d=mm&r=g\",\"caption\":\"Ana Mar\u00eda Gomez\"},\"url\":\"https:\/\/www.fiscalia.gov.co\/colombia\/author\/agomez\/\"}]}<\/script>\n<!-- \/ Yoast SEO plugin. -->","yoast_head_json":{"title":"Fiscal\u00eda General de la Naci\u00f3n","description":"P\u00e1gina oficial de la Fiscal\u00eda General de la Naci\u00f3n \u2013 Colombia. Garantizamos el acceso efectivo a la justicia, la verdad y la reparaci\u00f3n de las v\u00edctimas de los delitos.","robots":{"index":"noindex","follow":"follow"},"og_locale":"es_ES","og_type":"article","og_title":"Fiscal\u00eda General de la Naci\u00f3n","og_description":"P\u00e1gina oficial de la Fiscal\u00eda General de la Naci\u00f3n \u2013 Colombia. Garantizamos el acceso efectivo a la justicia, la verdad y la reparaci\u00f3n de las v\u00edctimas de los delitos.","og_url":"https:\/\/www.fiscalia.gov.co\/colombia\/seguridad-territorial\/por-presuntamente-transportar-sustancias-para-el-procesamiento-de-narcoticos-fueron-judicializadas-cuatro-personas-en-putumayo\/","og_site_name":"Fiscal\u00eda General de la Naci\u00f3n","article_publisher":"https:\/\/www.facebook.com\/FiscaliaCol","article_published_time":"2021-04-08T12:42:24+00:00","article_modified_time":"2021-04-08T12:43:21+00:00","author":"Ana Mar\u00eda Gomez","twitter_card":"summary_large_image","twitter_creator":"@FiscaliaCol","twitter_site":"@FiscaliaCol","twitter_misc":{"Escrito por":"Ana Mar\u00eda Gomez","Tiempo de lectura":"2 minutos"},"schema":{"@context":"https:\/\/schema.org","@graph":[{"@type":"Article","@id":"https:\/\/www.fiscalia.gov.co\/colombia\/seguridad-territorial\/por-presuntamente-transportar-sustancias-para-el-procesamiento-de-narcoticos-fueron-judicializadas-cuatro-personas-en-putumayo\/#article","isPartOf":{"@id":"https:\/\/www.fiscalia.gov.co\/colombia\/seguridad-territorial\/por-presuntamente-transportar-sustancias-para-el-procesamiento-de-narcoticos-fueron-judicializadas-cuatro-personas-en-putumayo\/"},"author":{"name":"Ana Mar\u00eda Gomez","@id":"https:\/\/www.fiscalia.gov.co\/colombia\/#\/schema\/person\/06aa2210fe4d79203f428ff671dee360"},"headline":"Por presuntamente transportar sustancias para el procesamiento de narc\u00f3ticos fueron judicializadas cuatro personas en Putumayo","datePublished":"2021-04-08T12:42:24+00:00","dateModified":"2021-04-08T12:43:21+00:00","mainEntityOfPage":{"@id":"https:\/\/www.fiscalia.gov.co\/colombia\/seguridad-territorial\/por-presuntamente-transportar-sustancias-para-el-procesamiento-de-narcoticos-fueron-judicializadas-cuatro-personas-en-putumayo\/"},"wordCount":316,"publisher":{"@id":"https:\/\/www.fiscalia.gov.co\/colombia\/#organization"},"keywords":["Fiscal\u00eda General","imputaci\u00f3n Putumayo","procesamiento de narc\u00f3ticos","Seguridad ciudadana","sustancias estupefacientes","Sustancias ilegales"],"articleSection":["Seccional Mocoa","Seccionales","Seguridad territorial"],"inLanguage":"es-CO"},{"@type":"WebPage","@id":"https:\/\/www.fiscalia.gov.co\/colombia\/seguridad-territorial\/por-presuntamente-transportar-sustancias-para-el-procesamiento-de-narcoticos-fueron-judicializadas-cuatro-personas-en-putumayo\/","url":"https:\/\/www.fiscalia.gov.co\/colombia\/seguridad-territorial\/por-presuntamente-transportar-sustancias-para-el-procesamiento-de-narcoticos-fueron-judicializadas-cuatro-personas-en-putumayo\/","name":"Fiscal\u00eda General de la Naci\u00f3n","isPartOf":{"@id":"https:\/\/www.fiscalia.gov.co\/colombia\/#website"},"datePublished":"2021-04-08T12:42:24+00:00","dateModified":"2021-04-08T12:43:21+00:00","description":"P\u00e1gina oficial de la Fiscal\u00eda General de la Naci\u00f3n \u2013 Colombia. Garantizamos el acceso efectivo a la justicia, la verdad y la reparaci\u00f3n de las v\u00edctimas de los delitos.","breadcrumb":{"@id":"https:\/\/www.fiscalia.gov.co\/colombia\/seguridad-territorial\/por-presuntamente-transportar-sustancias-para-el-procesamiento-de-narcoticos-fueron-judicializadas-cuatro-personas-en-putumayo\/#breadcrumb"},"inLanguage":"es-CO","potentialAction":[{"@type":"ReadAction","target":["https:\/\/www.fiscalia.gov.co\/colombia\/seguridad-territorial\/por-presuntamente-transportar-sustancias-para-el-procesamiento-de-narcoticos-fueron-judicializadas-cuatro-personas-en-putumayo\/"]}]},{"@type":"BreadcrumbList","@id":"https:\/\/www.fiscalia.gov.co\/colombia\/seguridad-territorial\/por-presuntamente-transportar-sustancias-para-el-procesamiento-de-narcoticos-fueron-judicializadas-cuatro-personas-en-putumayo\/#breadcrumb","itemListElement":[{"@type":"ListItem","position":1,"name":"Home","item":"https:\/\/www.fiscalia.gov.co\/colombia\/"},{"@type":"ListItem","position":2,"name":"Por presuntamente transportar sustancias para el procesamiento de narc\u00f3ticos fueron judicializadas cuatro personas en Putumayo"}]},{"@type":"WebSite","@id":"https:\/\/www.fiscalia.gov.co\/colombia\/#website","url":"https:\/\/www.fiscalia.gov.co\/colombia\/","name":"Fiscal\u00eda General de la Naci\u00f3n","description":"P\u00e1gina oficial de la Fiscal\u00eda General de la Naci\u00f3n \u2013 Colombia. Garantizamos el acceso efectivo a la justicia, la verdad y la reparaci\u00f3n de las v\u00edctimas de los delitos.","publisher":{"@id":"https:\/\/www.fiscalia.gov.co\/colombia\/#organization"},"potentialAction":[{"@type":"SearchAction","target":{"@type":"EntryPoint","urlTemplate":"https:\/\/www.fiscalia.gov.co\/colombia\/?s={search_term_string}"},"query-input":{"@type":"PropertyValueSpecification","valueRequired":true,"valueName":"search_term_string"}}],"inLanguage":"es-CO"},{"@type":"Organization","@id":"https:\/\/www.fiscalia.gov.co\/colombia\/#organization","name":"Fiscal\u00eda General de la Naci\u00f3n","url":"https:\/\/www.fiscalia.gov.co\/colombia\/","logo":{"@type":"ImageObject","inLanguage":"es-CO","@id":"https:\/\/www.fiscalia.gov.co\/colombia\/#\/schema\/logo\/image\/","url":"https:\/\/www.fiscalia.gov.co\/colombia\/wp-content\/uploads\/LogoHorizontal_1.jpg","contentUrl":"https:\/\/www.fiscalia.gov.co\/colombia\/wp-content\/uploads\/LogoHorizontal_1.jpg","width":300,"height":90,"caption":"Fiscal\u00eda General de la Naci\u00f3n"},"image":{"@id":"https:\/\/www.fiscalia.gov.co\/colombia\/#\/schema\/logo\/image\/"},"sameAs":["https:\/\/www.facebook.com\/FiscaliaCol","https:\/\/x.com\/FiscaliaCol","https:\/\/www.instagram.com\/fiscaliacol","https:\/\/www.linkedin.com\/company\/fiscalia-general-de-la-naci-n\/","https:\/\/youtube.com\/@fiscaliageneraldelanacion-4668?si=6nN79nyQICPU5iTh"]},{"@type":"Person","@id":"https:\/\/www.fiscalia.gov.co\/colombia\/#\/schema\/person\/06aa2210fe4d79203f428ff671dee360","name":"Ana Mar\u00eda Gomez","image":{"@type":"ImageObject","inLanguage":"es-CO","@id":"https:\/\/www.fiscalia.gov.co\/colombia\/#\/schema\/person\/image\/","url":"https:\/\/secure.gravatar.com\/avatar\/a38115d98a7f8a96cbb96af2b2c37a0b?s=96&d=mm&r=g","contentUrl":"https:\/\/secure.gravatar.com\/avatar\/a38115d98a7f8a96cbb96af2b2c37a0b?s=96&d=mm&r=g","caption":"Ana Mar\u00eda Gomez"},"url":"https:\/\/www.fiscalia.gov.co\/colombia\/author\/agomez\/"}]}},"_links":{"self":[{"href":"https:\/\/www.fiscalia.gov.co\/colombia\/wp-json\/wp\/v2\/posts\/217182","targetHints":{"allow":["GET"]}}],"collection":[{"href":"https:\/\/www.fiscalia.gov.co\/colombia\/wp-json\/wp\/v2\/posts"}],"about":[{"href":"https:\/\/www.fiscalia.gov.co\/colombia\/wp-json\/wp\/v2\/types\/post"}],"author":[{"embeddable":true,"href":"https:\/\/www.fiscalia.gov.co\/colombia\/wp-json\/wp\/v2\/users\/171"}],"replies":[{"embeddable":true,"href":"https:\/\/www.fiscalia.gov.co\/colombia\/wp-json\/wp\/v2\/comments?post=217182"}],"version-history":[{"count":1,"href":"https:\/\/www.fiscalia.gov.co\/colombia\/wp-json\/wp\/v2\/posts\/217182\/revisions"}],"predecessor-version":[{"id":217183,"href":"https:\/\/www.fiscalia.gov.co\/colombia\/wp-json\/wp\/v2\/posts\/217182\/revisions\/217183"}],"wp:attachment":[{"href":"https:\/\/www.fiscalia.gov.co\/colombia\/wp-json\/wp\/v2\/media?parent=217182"}],"wp:term":[{"taxonomy":"category","embeddable":true,"href":"https:\/\/www.fiscalia.gov.co\/colombia\/wp-json\/wp\/v2\/categories?post=217182"},{"taxonomy":"post_tag","embeddable":true,"href":"https:\/\/www.fiscalia.gov.co\/colombia\/wp-json\/wp\/v2\/tags?post=217182"}],"curies":[{"name":"wp","href":"https:\/\/api.w.org\/{rel}","templated":true}]}}