{"id":217040,"date":"2021-04-06T09:45:05","date_gmt":"2021-04-06T14:45:05","guid":{"rendered":"https:\/\/www.fiscalia.gov.co\/colombia\/?p=217040"},"modified":"2021-04-06T09:45:05","modified_gmt":"2021-04-06T14:45:05","slug":"carcel-para-un-hombre-que-habria-abusado-sexualmente-de-su-hijastra-menor-de-edad-2","status":"publish","type":"post","link":"https:\/\/www.fiscalia.gov.co\/colombia\/violencia-sexual-e-intrafamiliar\/carcel-para-un-hombre-que-habria-abusado-sexualmente-de-su-hijastra-menor-de-edad-2\/","title":{"rendered":"C\u00e1rcel para un hombre que habr\u00eda abusado sexualmente de su hijastra menor de edad"},"content":{"rendered":"<blockquote>\n<h4 style=\"text-align: left;\"><strong><em>Para la \u00e9poca de los hechos la v\u00edctima ten\u00eda 8 a\u00f1os y se presume que el il\u00edcito se habr\u00eda cometido en varias oportunidades.<\/em><\/strong><\/h4>\n<\/blockquote>\n<p>Al acoger la solicitud de la\u00a0<strong>Fiscal\u00eda General de la Naci\u00f3n,<\/strong>\u00a0un juez de control de garant\u00edas envi\u00f3 a la c\u00e1rcel a un hombre se\u00f1alado de\u00a0<a href=\"https:\/\/www.fiscalia.gov.co\/colombia\/violencia-sexual-e-intrafamiliar\/privado-de-la-libertad-presunto-responsable-de-abusar-sexualmente-de-su-hijastra-menor-de-edad-en-restrepo-valle\/\">abusar sexualmente de su hijastra<\/a>, desde que ten\u00eda 8 a\u00f1os, en el municipio de Zarzal (Valle del Cauca).<\/p>\n<p>Los hechos materia de investigaci\u00f3n fueron denunciados por la progenitora de la v\u00edctima, en diciembre del a\u00f1o 2020.<\/p>\n<p>Seg\u00fan las investigaciones, el hoy imputado supuestamente inici\u00f3 su conducta il\u00edcita tocando las partes \u00edntimas de la ni\u00f1a y posteriormente accedi\u00f3 carnalmente; situaci\u00f3n que se habr\u00eda repetido en varias oportunidades.<\/p>\n<p>Personal de la\u00a0<strong>Polic\u00eda Nacional\u00a0<\/strong>captur\u00f3 con orden judicial\u00a0al presunto implicado, en el municipio de Restrepo (Valle del Cauca).<\/p>\n<p>La Fiscal\u00eda, en las audiencias preliminares, formul\u00f3 imputaci\u00f3n de cargos por los delitos de\u00a0acceso carnal con menor de 14 a\u00f1os, agravado; as\u00ed como actos sexuales con menor de catorce a\u00f1os agravado.<\/p>\n<p>Lo anterior, responde al cumplimiento de la estrategia de esclarecer los hechos en los que se atenta contra la integridad de las ni\u00f1as, ni\u00f1os y adolescentes para proteger sus derechos enmarcados dentro de los lineamientos del\u00a0<strong>Fiscal General de la Naci\u00f3n, Francisco Barbosa Delgado<\/strong>, en su pol\u00edtica institucional \u201cEn las calles y en los territorios\u201d.<\/p>\n<p>La Fiscal\u00eda General de la Naci\u00f3n p\u00fablica esta informaci\u00f3n por razones de inter\u00e9s general.<\/p>\n<p>MAP\/SMLR\/MG<\/p>\n<p><em>La informaci\u00f3n contenida en este bolet\u00edn de prensa corresponde a la narraci\u00f3n de los hechos noticiosos objetivos, suministrados por los funcionarios encargados de adelantar las investigaciones penales al interior de la Fiscal\u00eda General de la Naci\u00f3n. Para el momento de la divulgaci\u00f3n de este comunicado, la situaci\u00f3n jur\u00eddica de la(s) persona(s) relacionada(s) se encuentra pendiente de resolver por la autoridad judicial competente, siempre bajo los preceptos de la presunci\u00f3n de inocencia, consagrados en el art\u00edculo 29 de la Constituci\u00f3n Pol\u00edtica y el art\u00edculo 7\u00ba de la Ley 906 de 2004.<\/em><\/p>\n<p>&nbsp;<\/p>\n\n<div class=\"twitter-share\"><a href=\"https:\/\/twitter.com\/intent\/tweet?via=fiscaliacol\" class=\"twitter-share-button\">Tweet<\/a><\/div>\n","protected":false},"excerpt":{"rendered":"<p>Para la \u00e9poca de los hechos la v\u00edctima ten\u00eda 8 a\u00f1os y se presume que el il\u00edcito se habr\u00eda cometido en varias oportunidades. Al acoger la solicitud de la\u00a0Fiscal\u00eda General de la Naci\u00f3n,\u00a0un juez de control de garant\u00edas envi\u00f3 a la c\u00e1rcel a un hombre se\u00f1alado de\u00a0abusar sexualmente de su hijastra, desde que ten\u00eda 8 [&hellip;]<\/p>\n","protected":false},"author":171,"featured_media":0,"comment_status":"closed","ping_status":"open","sticky":false,"template":"","format":"standard","meta":{"_price":"","_stock":"","_tribe_ticket_header":"","_tribe_default_ticket_provider":"","_tribe_ticket_capacity":"0","_ticket_start_date":"","_ticket_end_date":"","_tribe_ticket_show_description":"","_tribe_ticket_show_not_going":false,"_tribe_ticket_use_global_stock":"","_tribe_ticket_global_stock_level":"","_global_stock_mode":"","_global_stock_cap":"","_tribe_rsvp_for_event":"","_tribe_ticket_going_count":"","_tribe_ticket_not_going_count":"","_tribe_tickets_list":"[]","_tribe_ticket_has_attendee_info_fields":false,"tdm_status":"","tdm_grid_status":"","footnotes":""},"categories":[324,303,24127],"tags":[13159,26487,24551,78,24187,26471,24315,1185],"class_list":{"0":"post-217040","1":"post","2":"type-post","3":"status-publish","4":"format-standard","6":"category-seccional-cali","7":"category-seccionales","8":"category-violencia-sexual-e-intrafamiliar","9":"tag-acceso-carnal-con-menor-de-14-anos","10":"tag-agravado-asi-como-actos-sexuales-con-menor-de-catorce-anos-agravado","11":"tag-centro-carcelario","12":"tag-fiscal-general-de-la-nacion","13":"tag-fiscalia-colombia","14":"tag-hijjastra","15":"tag-intramuros","16":"tag-medida-de-aseguramiento"},"yoast_head":"<!-- This site is optimized with the Yoast SEO plugin v24.3 - https:\/\/yoast.com\/wordpress\/plugins\/seo\/ -->\n<title>Fiscal\u00eda General de la Naci\u00f3n<\/title>\n<meta name=\"description\" content=\"P\u00e1gina oficial de la Fiscal\u00eda General de la Naci\u00f3n \u2013 Colombia. Garantizamos el acceso efectivo a la justicia, la verdad y la reparaci\u00f3n de las v\u00edctimas de los delitos.\" \/>\n<meta name=\"robots\" content=\"noindex, follow\" \/>\n<meta property=\"og:locale\" content=\"es_ES\" \/>\n<meta property=\"og:type\" content=\"article\" \/>\n<meta property=\"og:title\" content=\"Fiscal\u00eda General de la Naci\u00f3n\" \/>\n<meta property=\"og:description\" content=\"P\u00e1gina oficial de la Fiscal\u00eda General de la Naci\u00f3n \u2013 Colombia. Garantizamos el acceso efectivo a la justicia, la verdad y la reparaci\u00f3n de las v\u00edctimas de los delitos.\" \/>\n<meta property=\"og:url\" content=\"https:\/\/www.fiscalia.gov.co\/colombia\/violencia-sexual-e-intrafamiliar\/carcel-para-un-hombre-que-habria-abusado-sexualmente-de-su-hijastra-menor-de-edad-2\/\" \/>\n<meta property=\"og:site_name\" content=\"Fiscal\u00eda General de la Naci\u00f3n\" \/>\n<meta property=\"article:publisher\" content=\"https:\/\/www.facebook.com\/FiscaliaCol\" \/>\n<meta property=\"article:published_time\" content=\"2021-04-06T14:45:05+00:00\" \/>\n<meta name=\"author\" content=\"Ana Mar\u00eda Gomez\" \/>\n<meta name=\"twitter:card\" content=\"summary_large_image\" \/>\n<meta name=\"twitter:creator\" content=\"@FiscaliaCol\" \/>\n<meta name=\"twitter:site\" content=\"@FiscaliaCol\" \/>\n<meta name=\"twitter:label1\" content=\"Escrito por\" \/>\n\t<meta name=\"twitter:data1\" content=\"Ana Mar\u00eda Gomez\" \/>\n\t<meta name=\"twitter:label2\" content=\"Tiempo de lectura\" \/>\n\t<meta name=\"twitter:data2\" content=\"2 minutos\" \/>\n<script type=\"application\/ld+json\" class=\"yoast-schema-graph\">{\"@context\":\"https:\/\/schema.org\",\"@graph\":[{\"@type\":\"Article\",\"@id\":\"https:\/\/www.fiscalia.gov.co\/colombia\/violencia-sexual-e-intrafamiliar\/carcel-para-un-hombre-que-habria-abusado-sexualmente-de-su-hijastra-menor-de-edad-2\/#article\",\"isPartOf\":{\"@id\":\"https:\/\/www.fiscalia.gov.co\/colombia\/violencia-sexual-e-intrafamiliar\/carcel-para-un-hombre-que-habria-abusado-sexualmente-de-su-hijastra-menor-de-edad-2\/\"},\"author\":{\"name\":\"Ana Mar\u00eda Gomez\",\"@id\":\"https:\/\/www.fiscalia.gov.co\/colombia\/#\/schema\/person\/06aa2210fe4d79203f428ff671dee360\"},\"headline\":\"C\u00e1rcel para un hombre que habr\u00eda abusado sexualmente de su hijastra menor de edad\",\"datePublished\":\"2021-04-06T14:45:05+00:00\",\"dateModified\":\"2021-04-06T14:45:05+00:00\",\"mainEntityOfPage\":{\"@id\":\"https:\/\/www.fiscalia.gov.co\/colombia\/violencia-sexual-e-intrafamiliar\/carcel-para-un-hombre-que-habria-abusado-sexualmente-de-su-hijastra-menor-de-edad-2\/\"},\"wordCount\":388,\"publisher\":{\"@id\":\"https:\/\/www.fiscalia.gov.co\/colombia\/#organization\"},\"keywords\":[\"Acceso carnal con menor de 14 a\u00f1os\",\"agravado; as\u00ed como actos sexuales con menor de catorce a\u00f1os agravado\",\"centro carcelario\",\"Fiscal General de la Naci\u00f3n\",\"Fiscal\u00eda Colombia\",\"hijjastra\",\"intramuros\",\"Medida de aseguramiento\"],\"articleSection\":[\"Seccional Cali\",\"Seccionales\",\"Violencia sexual e intrafamiliar\"],\"inLanguage\":\"es-CO\"},{\"@type\":\"WebPage\",\"@id\":\"https:\/\/www.fiscalia.gov.co\/colombia\/violencia-sexual-e-intrafamiliar\/carcel-para-un-hombre-que-habria-abusado-sexualmente-de-su-hijastra-menor-de-edad-2\/\",\"url\":\"https:\/\/www.fiscalia.gov.co\/colombia\/violencia-sexual-e-intrafamiliar\/carcel-para-un-hombre-que-habria-abusado-sexualmente-de-su-hijastra-menor-de-edad-2\/\",\"name\":\"Fiscal\u00eda General de la Naci\u00f3n\",\"isPartOf\":{\"@id\":\"https:\/\/www.fiscalia.gov.co\/colombia\/#website\"},\"datePublished\":\"2021-04-06T14:45:05+00:00\",\"dateModified\":\"2021-04-06T14:45:05+00:00\",\"description\":\"P\u00e1gina oficial de la Fiscal\u00eda General de la Naci\u00f3n \u2013 Colombia. Garantizamos el acceso efectivo a la justicia, la verdad y la reparaci\u00f3n de las v\u00edctimas de los delitos.\",\"breadcrumb\":{\"@id\":\"https:\/\/www.fiscalia.gov.co\/colombia\/violencia-sexual-e-intrafamiliar\/carcel-para-un-hombre-que-habria-abusado-sexualmente-de-su-hijastra-menor-de-edad-2\/#breadcrumb\"},\"inLanguage\":\"es-CO\",\"potentialAction\":[{\"@type\":\"ReadAction\",\"target\":[\"https:\/\/www.fiscalia.gov.co\/colombia\/violencia-sexual-e-intrafamiliar\/carcel-para-un-hombre-que-habria-abusado-sexualmente-de-su-hijastra-menor-de-edad-2\/\"]}]},{\"@type\":\"BreadcrumbList\",\"@id\":\"https:\/\/www.fiscalia.gov.co\/colombia\/violencia-sexual-e-intrafamiliar\/carcel-para-un-hombre-que-habria-abusado-sexualmente-de-su-hijastra-menor-de-edad-2\/#breadcrumb\",\"itemListElement\":[{\"@type\":\"ListItem\",\"position\":1,\"name\":\"Home\",\"item\":\"https:\/\/www.fiscalia.gov.co\/colombia\/\"},{\"@type\":\"ListItem\",\"position\":2,\"name\":\"C\u00e1rcel para un hombre que habr\u00eda abusado sexualmente de su hijastra menor de edad\"}]},{\"@type\":\"WebSite\",\"@id\":\"https:\/\/www.fiscalia.gov.co\/colombia\/#website\",\"url\":\"https:\/\/www.fiscalia.gov.co\/colombia\/\",\"name\":\"Fiscal\u00eda General de la Naci\u00f3n\",\"description\":\"P\u00e1gina oficial de la Fiscal\u00eda General de la Naci\u00f3n \u2013 Colombia. Garantizamos el acceso efectivo a la justicia, la verdad y la reparaci\u00f3n de las v\u00edctimas de los delitos.\",\"publisher\":{\"@id\":\"https:\/\/www.fiscalia.gov.co\/colombia\/#organization\"},\"potentialAction\":[{\"@type\":\"SearchAction\",\"target\":{\"@type\":\"EntryPoint\",\"urlTemplate\":\"https:\/\/www.fiscalia.gov.co\/colombia\/?s={search_term_string}\"},\"query-input\":{\"@type\":\"PropertyValueSpecification\",\"valueRequired\":true,\"valueName\":\"search_term_string\"}}],\"inLanguage\":\"es-CO\"},{\"@type\":\"Organization\",\"@id\":\"https:\/\/www.fiscalia.gov.co\/colombia\/#organization\",\"name\":\"Fiscal\u00eda General de la Naci\u00f3n\",\"url\":\"https:\/\/www.fiscalia.gov.co\/colombia\/\",\"logo\":{\"@type\":\"ImageObject\",\"inLanguage\":\"es-CO\",\"@id\":\"https:\/\/www.fiscalia.gov.co\/colombia\/#\/schema\/logo\/image\/\",\"url\":\"https:\/\/www.fiscalia.gov.co\/colombia\/wp-content\/uploads\/LogoHorizontal_1.jpg\",\"contentUrl\":\"https:\/\/www.fiscalia.gov.co\/colombia\/wp-content\/uploads\/LogoHorizontal_1.jpg\",\"width\":300,\"height\":90,\"caption\":\"Fiscal\u00eda General de la Naci\u00f3n\"},\"image\":{\"@id\":\"https:\/\/www.fiscalia.gov.co\/colombia\/#\/schema\/logo\/image\/\"},\"sameAs\":[\"https:\/\/www.facebook.com\/FiscaliaCol\",\"https:\/\/x.com\/FiscaliaCol\",\"https:\/\/www.instagram.com\/fiscaliacol\",\"https:\/\/www.linkedin.com\/company\/fiscalia-general-de-la-naci-n\/\",\"https:\/\/youtube.com\/@fiscaliageneraldelanacion-4668?si=6nN79nyQICPU5iTh\"]},{\"@type\":\"Person\",\"@id\":\"https:\/\/www.fiscalia.gov.co\/colombia\/#\/schema\/person\/06aa2210fe4d79203f428ff671dee360\",\"name\":\"Ana Mar\u00eda Gomez\",\"image\":{\"@type\":\"ImageObject\",\"inLanguage\":\"es-CO\",\"@id\":\"https:\/\/www.fiscalia.gov.co\/colombia\/#\/schema\/person\/image\/\",\"url\":\"https:\/\/secure.gravatar.com\/avatar\/a38115d98a7f8a96cbb96af2b2c37a0b?s=96&d=mm&r=g\",\"contentUrl\":\"https:\/\/secure.gravatar.com\/avatar\/a38115d98a7f8a96cbb96af2b2c37a0b?s=96&d=mm&r=g\",\"caption\":\"Ana Mar\u00eda Gomez\"},\"url\":\"https:\/\/www.fiscalia.gov.co\/colombia\/author\/agomez\/\"}]}<\/script>\n<!-- \/ Yoast SEO plugin. -->","yoast_head_json":{"title":"Fiscal\u00eda General de la Naci\u00f3n","description":"P\u00e1gina oficial de la Fiscal\u00eda General de la Naci\u00f3n \u2013 Colombia. Garantizamos el acceso efectivo a la justicia, la verdad y la reparaci\u00f3n de las v\u00edctimas de los delitos.","robots":{"index":"noindex","follow":"follow"},"og_locale":"es_ES","og_type":"article","og_title":"Fiscal\u00eda General de la Naci\u00f3n","og_description":"P\u00e1gina oficial de la Fiscal\u00eda General de la Naci\u00f3n \u2013 Colombia. Garantizamos el acceso efectivo a la justicia, la verdad y la reparaci\u00f3n de las v\u00edctimas de los delitos.","og_url":"https:\/\/www.fiscalia.gov.co\/colombia\/violencia-sexual-e-intrafamiliar\/carcel-para-un-hombre-que-habria-abusado-sexualmente-de-su-hijastra-menor-de-edad-2\/","og_site_name":"Fiscal\u00eda General de la Naci\u00f3n","article_publisher":"https:\/\/www.facebook.com\/FiscaliaCol","article_published_time":"2021-04-06T14:45:05+00:00","author":"Ana Mar\u00eda Gomez","twitter_card":"summary_large_image","twitter_creator":"@FiscaliaCol","twitter_site":"@FiscaliaCol","twitter_misc":{"Escrito por":"Ana Mar\u00eda Gomez","Tiempo de lectura":"2 minutos"},"schema":{"@context":"https:\/\/schema.org","@graph":[{"@type":"Article","@id":"https:\/\/www.fiscalia.gov.co\/colombia\/violencia-sexual-e-intrafamiliar\/carcel-para-un-hombre-que-habria-abusado-sexualmente-de-su-hijastra-menor-de-edad-2\/#article","isPartOf":{"@id":"https:\/\/www.fiscalia.gov.co\/colombia\/violencia-sexual-e-intrafamiliar\/carcel-para-un-hombre-que-habria-abusado-sexualmente-de-su-hijastra-menor-de-edad-2\/"},"author":{"name":"Ana Mar\u00eda Gomez","@id":"https:\/\/www.fiscalia.gov.co\/colombia\/#\/schema\/person\/06aa2210fe4d79203f428ff671dee360"},"headline":"C\u00e1rcel para un hombre que habr\u00eda abusado sexualmente de su hijastra menor de edad","datePublished":"2021-04-06T14:45:05+00:00","dateModified":"2021-04-06T14:45:05+00:00","mainEntityOfPage":{"@id":"https:\/\/www.fiscalia.gov.co\/colombia\/violencia-sexual-e-intrafamiliar\/carcel-para-un-hombre-que-habria-abusado-sexualmente-de-su-hijastra-menor-de-edad-2\/"},"wordCount":388,"publisher":{"@id":"https:\/\/www.fiscalia.gov.co\/colombia\/#organization"},"keywords":["Acceso carnal con menor de 14 a\u00f1os","agravado; as\u00ed como actos sexuales con menor de catorce a\u00f1os agravado","centro carcelario","Fiscal General de la Naci\u00f3n","Fiscal\u00eda Colombia","hijjastra","intramuros","Medida de aseguramiento"],"articleSection":["Seccional Cali","Seccionales","Violencia sexual e intrafamiliar"],"inLanguage":"es-CO"},{"@type":"WebPage","@id":"https:\/\/www.fiscalia.gov.co\/colombia\/violencia-sexual-e-intrafamiliar\/carcel-para-un-hombre-que-habria-abusado-sexualmente-de-su-hijastra-menor-de-edad-2\/","url":"https:\/\/www.fiscalia.gov.co\/colombia\/violencia-sexual-e-intrafamiliar\/carcel-para-un-hombre-que-habria-abusado-sexualmente-de-su-hijastra-menor-de-edad-2\/","name":"Fiscal\u00eda General de la Naci\u00f3n","isPartOf":{"@id":"https:\/\/www.fiscalia.gov.co\/colombia\/#website"},"datePublished":"2021-04-06T14:45:05+00:00","dateModified":"2021-04-06T14:45:05+00:00","description":"P\u00e1gina oficial de la Fiscal\u00eda General de la Naci\u00f3n \u2013 Colombia. Garantizamos el acceso efectivo a la justicia, la verdad y la reparaci\u00f3n de las v\u00edctimas de los delitos.","breadcrumb":{"@id":"https:\/\/www.fiscalia.gov.co\/colombia\/violencia-sexual-e-intrafamiliar\/carcel-para-un-hombre-que-habria-abusado-sexualmente-de-su-hijastra-menor-de-edad-2\/#breadcrumb"},"inLanguage":"es-CO","potentialAction":[{"@type":"ReadAction","target":["https:\/\/www.fiscalia.gov.co\/colombia\/violencia-sexual-e-intrafamiliar\/carcel-para-un-hombre-que-habria-abusado-sexualmente-de-su-hijastra-menor-de-edad-2\/"]}]},{"@type":"BreadcrumbList","@id":"https:\/\/www.fiscalia.gov.co\/colombia\/violencia-sexual-e-intrafamiliar\/carcel-para-un-hombre-que-habria-abusado-sexualmente-de-su-hijastra-menor-de-edad-2\/#breadcrumb","itemListElement":[{"@type":"ListItem","position":1,"name":"Home","item":"https:\/\/www.fiscalia.gov.co\/colombia\/"},{"@type":"ListItem","position":2,"name":"C\u00e1rcel para un hombre que habr\u00eda abusado sexualmente de su hijastra menor de edad"}]},{"@type":"WebSite","@id":"https:\/\/www.fiscalia.gov.co\/colombia\/#website","url":"https:\/\/www.fiscalia.gov.co\/colombia\/","name":"Fiscal\u00eda General de la Naci\u00f3n","description":"P\u00e1gina oficial de la Fiscal\u00eda General de la Naci\u00f3n \u2013 Colombia. Garantizamos el acceso efectivo a la justicia, la verdad y la reparaci\u00f3n de las v\u00edctimas de los delitos.","publisher":{"@id":"https:\/\/www.fiscalia.gov.co\/colombia\/#organization"},"potentialAction":[{"@type":"SearchAction","target":{"@type":"EntryPoint","urlTemplate":"https:\/\/www.fiscalia.gov.co\/colombia\/?s={search_term_string}"},"query-input":{"@type":"PropertyValueSpecification","valueRequired":true,"valueName":"search_term_string"}}],"inLanguage":"es-CO"},{"@type":"Organization","@id":"https:\/\/www.fiscalia.gov.co\/colombia\/#organization","name":"Fiscal\u00eda General de la Naci\u00f3n","url":"https:\/\/www.fiscalia.gov.co\/colombia\/","logo":{"@type":"ImageObject","inLanguage":"es-CO","@id":"https:\/\/www.fiscalia.gov.co\/colombia\/#\/schema\/logo\/image\/","url":"https:\/\/www.fiscalia.gov.co\/colombia\/wp-content\/uploads\/LogoHorizontal_1.jpg","contentUrl":"https:\/\/www.fiscalia.gov.co\/colombia\/wp-content\/uploads\/LogoHorizontal_1.jpg","width":300,"height":90,"caption":"Fiscal\u00eda General de la Naci\u00f3n"},"image":{"@id":"https:\/\/www.fiscalia.gov.co\/colombia\/#\/schema\/logo\/image\/"},"sameAs":["https:\/\/www.facebook.com\/FiscaliaCol","https:\/\/x.com\/FiscaliaCol","https:\/\/www.instagram.com\/fiscaliacol","https:\/\/www.linkedin.com\/company\/fiscalia-general-de-la-naci-n\/","https:\/\/youtube.com\/@fiscaliageneraldelanacion-4668?si=6nN79nyQICPU5iTh"]},{"@type":"Person","@id":"https:\/\/www.fiscalia.gov.co\/colombia\/#\/schema\/person\/06aa2210fe4d79203f428ff671dee360","name":"Ana Mar\u00eda Gomez","image":{"@type":"ImageObject","inLanguage":"es-CO","@id":"https:\/\/www.fiscalia.gov.co\/colombia\/#\/schema\/person\/image\/","url":"https:\/\/secure.gravatar.com\/avatar\/a38115d98a7f8a96cbb96af2b2c37a0b?s=96&d=mm&r=g","contentUrl":"https:\/\/secure.gravatar.com\/avatar\/a38115d98a7f8a96cbb96af2b2c37a0b?s=96&d=mm&r=g","caption":"Ana Mar\u00eda Gomez"},"url":"https:\/\/www.fiscalia.gov.co\/colombia\/author\/agomez\/"}]}},"_links":{"self":[{"href":"https:\/\/www.fiscalia.gov.co\/colombia\/wp-json\/wp\/v2\/posts\/217040","targetHints":{"allow":["GET"]}}],"collection":[{"href":"https:\/\/www.fiscalia.gov.co\/colombia\/wp-json\/wp\/v2\/posts"}],"about":[{"href":"https:\/\/www.fiscalia.gov.co\/colombia\/wp-json\/wp\/v2\/types\/post"}],"author":[{"embeddable":true,"href":"https:\/\/www.fiscalia.gov.co\/colombia\/wp-json\/wp\/v2\/users\/171"}],"replies":[{"embeddable":true,"href":"https:\/\/www.fiscalia.gov.co\/colombia\/wp-json\/wp\/v2\/comments?post=217040"}],"version-history":[{"count":1,"href":"https:\/\/www.fiscalia.gov.co\/colombia\/wp-json\/wp\/v2\/posts\/217040\/revisions"}],"predecessor-version":[{"id":217041,"href":"https:\/\/www.fiscalia.gov.co\/colombia\/wp-json\/wp\/v2\/posts\/217040\/revisions\/217041"}],"wp:attachment":[{"href":"https:\/\/www.fiscalia.gov.co\/colombia\/wp-json\/wp\/v2\/media?parent=217040"}],"wp:term":[{"taxonomy":"category","embeddable":true,"href":"https:\/\/www.fiscalia.gov.co\/colombia\/wp-json\/wp\/v2\/categories?post=217040"},{"taxonomy":"post_tag","embeddable":true,"href":"https:\/\/www.fiscalia.gov.co\/colombia\/wp-json\/wp\/v2\/tags?post=217040"}],"curies":[{"name":"wp","href":"https:\/\/api.w.org\/{rel}","templated":true}]}}