{"id":216969,"date":"2021-04-05T10:34:11","date_gmt":"2021-04-05T15:34:11","guid":{"rendered":"https:\/\/www.fiscalia.gov.co\/colombia\/?p=216969"},"modified":"2021-04-09T13:12:34","modified_gmt":"2021-04-09T18:12:34","slug":"condenan-a-6-policias-a-mas-de-16-anos-de-prision-por-tortura-de-un-joven-que-habia-sido-detenido","status":"publish","type":"post","link":"https:\/\/www.fiscalia.gov.co\/colombia\/hay-justicia\/condenan-a-6-policias-a-mas-de-16-anos-de-prision-por-tortura-de-un-joven-que-habia-sido-detenido\/","title":{"rendered":"Condenan a 6 polic\u00edas a m\u00e1s de 16 a\u00f1os de prisi\u00f3n por tortura de un joven que hab\u00eda sido detenido"},"content":{"rendered":"<p class=\"x_x_x_x_MsoNormal\"><span lang=\"ES-MX\">Luego de ser vencidos en juicio por la<b>\u00a0Fiscal\u00eda General de la Naci\u00f3n,<\/b>\u00a0el Juzgado 2 Penal del Circuito Especializado de Medell\u00edn sentenci\u00f3 a 16 a\u00f1os y 6 meses de prisi\u00f3n a los subintendentes de la Polic\u00eda Nacional Hernando Pach\u00f3n Beltr\u00e1n y William Felipe Foliaco Segura; y a los patrulleros Steven Jos\u00e9 Salcedo Henr\u00edquez, Juan David Passos Divasto, C\u00e9sar Augusto Hern\u00e1ndez Guerrero y \u00d3scar Yamit Salas Lopera, por los delitos de privaci\u00f3n ilegal de la libertad y tortura agravada.\u00a0<\/span><\/p>\n<p class=\"x_x_x_x_MsoNormal\"><span lang=\"ES-MX\">De acuerdo con la denuncia formulada por un hombre de 26 a\u00f1os, el 3 de octubre de 2017, a las 8:30 de la noche, varios uniformados lo retuvieron en v\u00eda p\u00fablica porque la moto en la que se movilizaba no ten\u00eda al d\u00eda la revisi\u00f3n t\u00e9cnico-mec\u00e1nica ni el seguro obligatorio a terceros (SOAT).<\/span><\/p>\n<p class=\"x_x_x_x_MsoNormal\"><span lang=\"ES-MX\"><a href=\"https:\/\/www.fiscalia.gov.co\/colombia\/seccionales\/judicializan-a-policias-investigados-por-la-muerte-de-dos-hombres-en-aparente-ejecucion-extrajudicial\/\" target=\"_blank\" rel=\"noopener noreferrer\">La v\u00edctima declar\u00f3 que fue conducida hasta el comando de la polic\u00eda del barrio Villa Hermosa, en Medell\u00edn (Antioquia), y all\u00ed habr\u00eda sido golpeada durante tres horas,<\/a>\u00a0luego de ser se\u00f1alada como presunta responsable de un supuesto atentado que sufrieron los uniformados d\u00edas antes.\u00a0<\/span><\/p>\n<p class=\"x_x_x_x_MsoNormal\"><span lang=\"ES-MX\">El hombre agredido qued\u00f3 en libertad en la media noche y se dirigi\u00f3 a la\u00a0<b>Unidad de Reacci\u00f3n Inmediata de la Fiscal\u00eda\u00a0<\/b>para dar a conocer los hechos. En el reporte explic\u00f3 de manera detallada los sitios de la estaci\u00f3n de polic\u00eda en los que habr\u00eda atacado con patadas, pu\u00f1os, planazos y amenazas con arma de fuego.<\/span><span lang=\"ES-MX\">\u00a0<\/span><\/p>\n<p class=\"x_x_x_x_MsoNormal\"><span lang=\"ES-MX\">Para verificar la informaci\u00f3n obtenida, expertos en criminal\u00edstica del\u00a0<b>CTI Seccional Medell\u00edn<\/b>\u00a0se trasladaron hasta el lugar y, mediante la utilizaci\u00f3n de luces forenses, obtuvieron rastros y muestras de sangre en tres puntos espec\u00edficos de la edificaci\u00f3n, que coincidieron con los se\u00f1alados por la v\u00edctima.\u00a0<\/span><\/p>\n<p class=\"x_x_x_x_MsoNormal\"><span lang=\"ES-MX\">De acuerdo con el informe del\u00a0<b>Instituto Nacional de Medicina Legal y Ciencias Forenses,<\/b>\u00a0la v\u00edctima recibi\u00f3 heridas en la cara, la espalda y el abdomen, que le generaron una incapacidad provisional de 10 d\u00edas.\u00a0<\/span><\/p>\n<p class=\"x_x_x_x_MsoNormal\"><span lang=\"ES-MX\">Los procesados fueron capturados por el CTI, con el apoyo de la Polic\u00eda Metropolitana del Valle de Aburr\u00e1.\u00a0<\/span><\/p>\n<p class=\"x_x_x_x_MsoNormal\"><span lang=\"ES-MX\">En el fallo de primera instancia el juzgado orden\u00f3 que compulsaran copias para que se investigue al entonces capit\u00e1n y comandante de la citada Estaci\u00f3n de Polic\u00eda, Juan Rodrigo Roa S\u00e1nchez; por los mismos punibles y por el delito de falso testimonio.\u00a0<\/span><\/p>\n<p class=\"x_x_x_x_MsoNormal\"><span lang=\"ES-MX\">Tambi\u00e9n se orden\u00f3 investigar por falso testimonio a otros testigos que declararon a favor de los procesados durante el juicio.\u00a0<\/span><\/p>\n<p class=\"x_x_x_x_MsoNormal\"><span lang=\"ES-MX\">La defensa apel\u00f3 la decisi\u00f3n ante el Tribunal Superior de Medell\u00edn.\u00a0<\/span><\/p>\n<p class=\"x_x_x_x_MsoNormal\"><span lang=\"ES-MX\">La Fiscal\u00eda hace p\u00fablica esta informaci\u00f3n por razones de inter\u00e9s general.\u00a0<\/span><\/p>\n<p class=\"x_x_x_x_MsoNormal\"><span lang=\"ES-MX\">LFML\/NAR\/MG<\/span><\/p>\n\n<div class=\"twitter-share\"><a href=\"https:\/\/twitter.com\/intent\/tweet?via=fiscaliacol\" class=\"twitter-share-button\">Tweet<\/a><\/div>\n","protected":false},"excerpt":{"rendered":"<p>Luego de ser vencidos en juicio por la\u00a0Fiscal\u00eda General de la Naci\u00f3n,\u00a0el Juzgado 2 Penal del Circuito Especializado de Medell\u00edn sentenci\u00f3 a 16 a\u00f1os y 6 meses de prisi\u00f3n a [&hellip;]<\/p>\n","protected":false},"author":171,"featured_media":0,"comment_status":"closed","ping_status":"open","sticky":false,"template":"","format":"video","meta":{"tdm_status":"","tdm_grid_status":"","footnotes":""},"categories":[24174,331,303],"tags":[45,26478,1047,26477,26479,23976],"class_list":["post-216969","post","type-post","status-publish","format-video","category-hay-justicia","category-seccional-medellin","category-seccionales","tag-cti","tag-estacion-de-policia-villa-hermosa","tag-fiscalia-general-de-la-nacion","tag-policias-condenados-por-tortura","tag-privacion-ilegal-de-la-libertad","tag-tortura","post_format-post-format-video"],"yoast_head":"<!-- This site is optimized with the Yoast SEO plugin v24.3 - https:\/\/yoast.com\/wordpress\/plugins\/seo\/ -->\n<title>Fiscal\u00eda General de la Naci\u00f3n<\/title>\n<meta name=\"description\" content=\"P\u00e1gina oficial de la Fiscal\u00eda General de la Naci\u00f3n \u2013 Colombia. Garantizamos el acceso efectivo a la justicia, la verdad y la reparaci\u00f3n de las v\u00edctimas de los delitos.\" \/>\n<meta name=\"robots\" content=\"noindex, follow\" \/>\n<meta property=\"og:locale\" content=\"es_ES\" \/>\n<meta property=\"og:type\" content=\"article\" \/>\n<meta property=\"og:title\" content=\"Fiscal\u00eda General de la Naci\u00f3n\" \/>\n<meta property=\"og:description\" content=\"P\u00e1gina oficial de la Fiscal\u00eda General de la Naci\u00f3n \u2013 Colombia. Garantizamos el acceso efectivo a la justicia, la verdad y la reparaci\u00f3n de las v\u00edctimas de los delitos.\" \/>\n<meta property=\"og:url\" content=\"https:\/\/www.fiscalia.gov.co\/colombia\/hay-justicia\/condenan-a-6-policias-a-mas-de-16-anos-de-prision-por-tortura-de-un-joven-que-habia-sido-detenido\/\" \/>\n<meta property=\"og:site_name\" content=\"Fiscal\u00eda General de la Naci\u00f3n\" \/>\n<meta property=\"article:publisher\" content=\"https:\/\/www.facebook.com\/FiscaliaCol\" \/>\n<meta property=\"article:published_time\" content=\"2021-04-05T15:34:11+00:00\" \/>\n<meta property=\"article:modified_time\" content=\"2021-04-09T18:12:34+00:00\" \/>\n<meta name=\"author\" content=\"Ana Mar\u00eda Gomez\" \/>\n<meta name=\"twitter:card\" content=\"summary_large_image\" \/>\n<meta name=\"twitter:creator\" content=\"@FiscaliaCol\" \/>\n<meta name=\"twitter:site\" content=\"@FiscaliaCol\" \/>\n<meta name=\"twitter:label1\" content=\"Escrito por\" \/>\n\t<meta name=\"twitter:data1\" content=\"Ana Mar\u00eda Gomez\" \/>\n\t<meta name=\"twitter:label2\" content=\"Tiempo de lectura\" \/>\n\t<meta name=\"twitter:data2\" content=\"2 minutos\" \/>\n<script type=\"application\/ld+json\" class=\"yoast-schema-graph\">{\"@context\":\"https:\/\/schema.org\",\"@graph\":[{\"@type\":\"Article\",\"@id\":\"https:\/\/www.fiscalia.gov.co\/colombia\/hay-justicia\/condenan-a-6-policias-a-mas-de-16-anos-de-prision-por-tortura-de-un-joven-que-habia-sido-detenido\/#article\",\"isPartOf\":{\"@id\":\"https:\/\/www.fiscalia.gov.co\/colombia\/hay-justicia\/condenan-a-6-policias-a-mas-de-16-anos-de-prision-por-tortura-de-un-joven-que-habia-sido-detenido\/\"},\"author\":{\"name\":\"Ana Mar\u00eda Gomez\",\"@id\":\"https:\/\/www.fiscalia.gov.co\/colombia\/#\/schema\/person\/06aa2210fe4d79203f428ff671dee360\"},\"headline\":\"Condenan a 6 polic\u00edas a m\u00e1s de 16 a\u00f1os de prisi\u00f3n por tortura de un joven que hab\u00eda sido detenido\",\"datePublished\":\"2021-04-05T15:34:11+00:00\",\"dateModified\":\"2021-04-09T18:12:34+00:00\",\"mainEntityOfPage\":{\"@id\":\"https:\/\/www.fiscalia.gov.co\/colombia\/hay-justicia\/condenan-a-6-policias-a-mas-de-16-anos-de-prision-por-tortura-de-un-joven-que-habia-sido-detenido\/\"},\"wordCount\":487,\"publisher\":{\"@id\":\"https:\/\/www.fiscalia.gov.co\/colombia\/#organization\"},\"keywords\":[\"CTI\",\"ESTACI\u00d3N DE POLIC\u00cdA VILLA HERMOSA\",\"Fiscal\u00eda General de la Naci\u00f3n\",\"POLIC\u00cdAS CONDENADOS POR TORTURA\",\"PRIVACI\u00d3N ILEGAL DE LA LIBERTAD\",\"Tortura\"],\"articleSection\":[\"Hay Justicia\",\"Seccional Medell\u00edn\",\"Seccionales\"],\"inLanguage\":\"es-CO\"},{\"@type\":\"WebPage\",\"@id\":\"https:\/\/www.fiscalia.gov.co\/colombia\/hay-justicia\/condenan-a-6-policias-a-mas-de-16-anos-de-prision-por-tortura-de-un-joven-que-habia-sido-detenido\/\",\"url\":\"https:\/\/www.fiscalia.gov.co\/colombia\/hay-justicia\/condenan-a-6-policias-a-mas-de-16-anos-de-prision-por-tortura-de-un-joven-que-habia-sido-detenido\/\",\"name\":\"Fiscal\u00eda General de la Naci\u00f3n\",\"isPartOf\":{\"@id\":\"https:\/\/www.fiscalia.gov.co\/colombia\/#website\"},\"datePublished\":\"2021-04-05T15:34:11+00:00\",\"dateModified\":\"2021-04-09T18:12:34+00:00\",\"description\":\"P\u00e1gina oficial de la Fiscal\u00eda General de la Naci\u00f3n \u2013 Colombia. Garantizamos el acceso efectivo a la justicia, la verdad y la reparaci\u00f3n de las v\u00edctimas de los delitos.\",\"breadcrumb\":{\"@id\":\"https:\/\/www.fiscalia.gov.co\/colombia\/hay-justicia\/condenan-a-6-policias-a-mas-de-16-anos-de-prision-por-tortura-de-un-joven-que-habia-sido-detenido\/#breadcrumb\"},\"inLanguage\":\"es-CO\",\"potentialAction\":[{\"@type\":\"ReadAction\",\"target\":[\"https:\/\/www.fiscalia.gov.co\/colombia\/hay-justicia\/condenan-a-6-policias-a-mas-de-16-anos-de-prision-por-tortura-de-un-joven-que-habia-sido-detenido\/\"]}]},{\"@type\":\"BreadcrumbList\",\"@id\":\"https:\/\/www.fiscalia.gov.co\/colombia\/hay-justicia\/condenan-a-6-policias-a-mas-de-16-anos-de-prision-por-tortura-de-un-joven-que-habia-sido-detenido\/#breadcrumb\",\"itemListElement\":[{\"@type\":\"ListItem\",\"position\":1,\"name\":\"Home\",\"item\":\"https:\/\/www.fiscalia.gov.co\/colombia\/\"},{\"@type\":\"ListItem\",\"position\":2,\"name\":\"Condenan a 6 polic\u00edas a m\u00e1s de 16 a\u00f1os de prisi\u00f3n por tortura de un joven que hab\u00eda sido detenido\"}]},{\"@type\":\"WebSite\",\"@id\":\"https:\/\/www.fiscalia.gov.co\/colombia\/#website\",\"url\":\"https:\/\/www.fiscalia.gov.co\/colombia\/\",\"name\":\"Fiscal\u00eda General de la Naci\u00f3n\",\"description\":\"P\u00e1gina oficial de la Fiscal\u00eda General de la Naci\u00f3n \u2013 Colombia. Garantizamos el acceso efectivo a la justicia, la verdad y la reparaci\u00f3n de las v\u00edctimas de los delitos.\",\"publisher\":{\"@id\":\"https:\/\/www.fiscalia.gov.co\/colombia\/#organization\"},\"potentialAction\":[{\"@type\":\"SearchAction\",\"target\":{\"@type\":\"EntryPoint\",\"urlTemplate\":\"https:\/\/www.fiscalia.gov.co\/colombia\/?s={search_term_string}\"},\"query-input\":{\"@type\":\"PropertyValueSpecification\",\"valueRequired\":true,\"valueName\":\"search_term_string\"}}],\"inLanguage\":\"es-CO\"},{\"@type\":\"Organization\",\"@id\":\"https:\/\/www.fiscalia.gov.co\/colombia\/#organization\",\"name\":\"Fiscal\u00eda General de la Naci\u00f3n\",\"url\":\"https:\/\/www.fiscalia.gov.co\/colombia\/\",\"logo\":{\"@type\":\"ImageObject\",\"inLanguage\":\"es-CO\",\"@id\":\"https:\/\/www.fiscalia.gov.co\/colombia\/#\/schema\/logo\/image\/\",\"url\":\"https:\/\/www.fiscalia.gov.co\/colombia\/wp-content\/uploads\/LogoHorizontal_1.jpg\",\"contentUrl\":\"https:\/\/www.fiscalia.gov.co\/colombia\/wp-content\/uploads\/LogoHorizontal_1.jpg\",\"width\":300,\"height\":90,\"caption\":\"Fiscal\u00eda General de la Naci\u00f3n\"},\"image\":{\"@id\":\"https:\/\/www.fiscalia.gov.co\/colombia\/#\/schema\/logo\/image\/\"},\"sameAs\":[\"https:\/\/www.facebook.com\/FiscaliaCol\",\"https:\/\/x.com\/FiscaliaCol\",\"https:\/\/www.instagram.com\/fiscaliacol\",\"https:\/\/www.linkedin.com\/company\/fiscalia-general-de-la-naci-n\/\",\"https:\/\/youtube.com\/@fiscaliageneraldelanacion-4668?si=6nN79nyQICPU5iTh\"]},{\"@type\":\"Person\",\"@id\":\"https:\/\/www.fiscalia.gov.co\/colombia\/#\/schema\/person\/06aa2210fe4d79203f428ff671dee360\",\"name\":\"Ana Mar\u00eda Gomez\",\"image\":{\"@type\":\"ImageObject\",\"inLanguage\":\"es-CO\",\"@id\":\"https:\/\/www.fiscalia.gov.co\/colombia\/#\/schema\/person\/image\/\",\"url\":\"https:\/\/secure.gravatar.com\/avatar\/a38115d98a7f8a96cbb96af2b2c37a0b?s=96&d=mm&r=g\",\"contentUrl\":\"https:\/\/secure.gravatar.com\/avatar\/a38115d98a7f8a96cbb96af2b2c37a0b?s=96&d=mm&r=g\",\"caption\":\"Ana Mar\u00eda Gomez\"},\"url\":\"https:\/\/www.fiscalia.gov.co\/colombia\/author\/agomez\/\"}]}<\/script>\n<!-- \/ Yoast SEO plugin. -->","yoast_head_json":{"title":"Fiscal\u00eda General de la Naci\u00f3n","description":"P\u00e1gina oficial de la Fiscal\u00eda General de la Naci\u00f3n \u2013 Colombia. Garantizamos el acceso efectivo a la justicia, la verdad y la reparaci\u00f3n de las v\u00edctimas de los delitos.","robots":{"index":"noindex","follow":"follow"},"og_locale":"es_ES","og_type":"article","og_title":"Fiscal\u00eda General de la Naci\u00f3n","og_description":"P\u00e1gina oficial de la Fiscal\u00eda General de la Naci\u00f3n \u2013 Colombia. Garantizamos el acceso efectivo a la justicia, la verdad y la reparaci\u00f3n de las v\u00edctimas de los delitos.","og_url":"https:\/\/www.fiscalia.gov.co\/colombia\/hay-justicia\/condenan-a-6-policias-a-mas-de-16-anos-de-prision-por-tortura-de-un-joven-que-habia-sido-detenido\/","og_site_name":"Fiscal\u00eda General de la Naci\u00f3n","article_publisher":"https:\/\/www.facebook.com\/FiscaliaCol","article_published_time":"2021-04-05T15:34:11+00:00","article_modified_time":"2021-04-09T18:12:34+00:00","author":"Ana Mar\u00eda Gomez","twitter_card":"summary_large_image","twitter_creator":"@FiscaliaCol","twitter_site":"@FiscaliaCol","twitter_misc":{"Escrito por":"Ana Mar\u00eda Gomez","Tiempo de lectura":"2 minutos"},"schema":{"@context":"https:\/\/schema.org","@graph":[{"@type":"Article","@id":"https:\/\/www.fiscalia.gov.co\/colombia\/hay-justicia\/condenan-a-6-policias-a-mas-de-16-anos-de-prision-por-tortura-de-un-joven-que-habia-sido-detenido\/#article","isPartOf":{"@id":"https:\/\/www.fiscalia.gov.co\/colombia\/hay-justicia\/condenan-a-6-policias-a-mas-de-16-anos-de-prision-por-tortura-de-un-joven-que-habia-sido-detenido\/"},"author":{"name":"Ana Mar\u00eda Gomez","@id":"https:\/\/www.fiscalia.gov.co\/colombia\/#\/schema\/person\/06aa2210fe4d79203f428ff671dee360"},"headline":"Condenan a 6 polic\u00edas a m\u00e1s de 16 a\u00f1os de prisi\u00f3n por tortura de un joven que hab\u00eda sido detenido","datePublished":"2021-04-05T15:34:11+00:00","dateModified":"2021-04-09T18:12:34+00:00","mainEntityOfPage":{"@id":"https:\/\/www.fiscalia.gov.co\/colombia\/hay-justicia\/condenan-a-6-policias-a-mas-de-16-anos-de-prision-por-tortura-de-un-joven-que-habia-sido-detenido\/"},"wordCount":487,"publisher":{"@id":"https:\/\/www.fiscalia.gov.co\/colombia\/#organization"},"keywords":["CTI","ESTACI\u00d3N DE POLIC\u00cdA VILLA HERMOSA","Fiscal\u00eda General de la Naci\u00f3n","POLIC\u00cdAS CONDENADOS POR TORTURA","PRIVACI\u00d3N ILEGAL DE LA LIBERTAD","Tortura"],"articleSection":["Hay Justicia","Seccional Medell\u00edn","Seccionales"],"inLanguage":"es-CO"},{"@type":"WebPage","@id":"https:\/\/www.fiscalia.gov.co\/colombia\/hay-justicia\/condenan-a-6-policias-a-mas-de-16-anos-de-prision-por-tortura-de-un-joven-que-habia-sido-detenido\/","url":"https:\/\/www.fiscalia.gov.co\/colombia\/hay-justicia\/condenan-a-6-policias-a-mas-de-16-anos-de-prision-por-tortura-de-un-joven-que-habia-sido-detenido\/","name":"Fiscal\u00eda General de la Naci\u00f3n","isPartOf":{"@id":"https:\/\/www.fiscalia.gov.co\/colombia\/#website"},"datePublished":"2021-04-05T15:34:11+00:00","dateModified":"2021-04-09T18:12:34+00:00","description":"P\u00e1gina oficial de la Fiscal\u00eda General de la Naci\u00f3n \u2013 Colombia. Garantizamos el acceso efectivo a la justicia, la verdad y la reparaci\u00f3n de las v\u00edctimas de los delitos.","breadcrumb":{"@id":"https:\/\/www.fiscalia.gov.co\/colombia\/hay-justicia\/condenan-a-6-policias-a-mas-de-16-anos-de-prision-por-tortura-de-un-joven-que-habia-sido-detenido\/#breadcrumb"},"inLanguage":"es-CO","potentialAction":[{"@type":"ReadAction","target":["https:\/\/www.fiscalia.gov.co\/colombia\/hay-justicia\/condenan-a-6-policias-a-mas-de-16-anos-de-prision-por-tortura-de-un-joven-que-habia-sido-detenido\/"]}]},{"@type":"BreadcrumbList","@id":"https:\/\/www.fiscalia.gov.co\/colombia\/hay-justicia\/condenan-a-6-policias-a-mas-de-16-anos-de-prision-por-tortura-de-un-joven-que-habia-sido-detenido\/#breadcrumb","itemListElement":[{"@type":"ListItem","position":1,"name":"Home","item":"https:\/\/www.fiscalia.gov.co\/colombia\/"},{"@type":"ListItem","position":2,"name":"Condenan a 6 polic\u00edas a m\u00e1s de 16 a\u00f1os de prisi\u00f3n por tortura de un joven que hab\u00eda sido detenido"}]},{"@type":"WebSite","@id":"https:\/\/www.fiscalia.gov.co\/colombia\/#website","url":"https:\/\/www.fiscalia.gov.co\/colombia\/","name":"Fiscal\u00eda General de la Naci\u00f3n","description":"P\u00e1gina oficial de la Fiscal\u00eda General de la Naci\u00f3n \u2013 Colombia. Garantizamos el acceso efectivo a la justicia, la verdad y la reparaci\u00f3n de las v\u00edctimas de los delitos.","publisher":{"@id":"https:\/\/www.fiscalia.gov.co\/colombia\/#organization"},"potentialAction":[{"@type":"SearchAction","target":{"@type":"EntryPoint","urlTemplate":"https:\/\/www.fiscalia.gov.co\/colombia\/?s={search_term_string}"},"query-input":{"@type":"PropertyValueSpecification","valueRequired":true,"valueName":"search_term_string"}}],"inLanguage":"es-CO"},{"@type":"Organization","@id":"https:\/\/www.fiscalia.gov.co\/colombia\/#organization","name":"Fiscal\u00eda General de la Naci\u00f3n","url":"https:\/\/www.fiscalia.gov.co\/colombia\/","logo":{"@type":"ImageObject","inLanguage":"es-CO","@id":"https:\/\/www.fiscalia.gov.co\/colombia\/#\/schema\/logo\/image\/","url":"https:\/\/www.fiscalia.gov.co\/colombia\/wp-content\/uploads\/LogoHorizontal_1.jpg","contentUrl":"https:\/\/www.fiscalia.gov.co\/colombia\/wp-content\/uploads\/LogoHorizontal_1.jpg","width":300,"height":90,"caption":"Fiscal\u00eda General de la Naci\u00f3n"},"image":{"@id":"https:\/\/www.fiscalia.gov.co\/colombia\/#\/schema\/logo\/image\/"},"sameAs":["https:\/\/www.facebook.com\/FiscaliaCol","https:\/\/x.com\/FiscaliaCol","https:\/\/www.instagram.com\/fiscaliacol","https:\/\/www.linkedin.com\/company\/fiscalia-general-de-la-naci-n\/","https:\/\/youtube.com\/@fiscaliageneraldelanacion-4668?si=6nN79nyQICPU5iTh"]},{"@type":"Person","@id":"https:\/\/www.fiscalia.gov.co\/colombia\/#\/schema\/person\/06aa2210fe4d79203f428ff671dee360","name":"Ana Mar\u00eda Gomez","image":{"@type":"ImageObject","inLanguage":"es-CO","@id":"https:\/\/www.fiscalia.gov.co\/colombia\/#\/schema\/person\/image\/","url":"https:\/\/secure.gravatar.com\/avatar\/a38115d98a7f8a96cbb96af2b2c37a0b?s=96&d=mm&r=g","contentUrl":"https:\/\/secure.gravatar.com\/avatar\/a38115d98a7f8a96cbb96af2b2c37a0b?s=96&d=mm&r=g","caption":"Ana Mar\u00eda Gomez"},"url":"https:\/\/www.fiscalia.gov.co\/colombia\/author\/agomez\/"}]}},"_links":{"self":[{"href":"https:\/\/www.fiscalia.gov.co\/colombia\/wp-json\/wp\/v2\/posts\/216969","targetHints":{"allow":["GET"]}}],"collection":[{"href":"https:\/\/www.fiscalia.gov.co\/colombia\/wp-json\/wp\/v2\/posts"}],"about":[{"href":"https:\/\/www.fiscalia.gov.co\/colombia\/wp-json\/wp\/v2\/types\/post"}],"author":[{"embeddable":true,"href":"https:\/\/www.fiscalia.gov.co\/colombia\/wp-json\/wp\/v2\/users\/171"}],"replies":[{"embeddable":true,"href":"https:\/\/www.fiscalia.gov.co\/colombia\/wp-json\/wp\/v2\/comments?post=216969"}],"version-history":[{"count":1,"href":"https:\/\/www.fiscalia.gov.co\/colombia\/wp-json\/wp\/v2\/posts\/216969\/revisions"}],"predecessor-version":[{"id":216970,"href":"https:\/\/www.fiscalia.gov.co\/colombia\/wp-json\/wp\/v2\/posts\/216969\/revisions\/216970"}],"wp:attachment":[{"href":"https:\/\/www.fiscalia.gov.co\/colombia\/wp-json\/wp\/v2\/media?parent=216969"}],"wp:term":[{"taxonomy":"category","embeddable":true,"href":"https:\/\/www.fiscalia.gov.co\/colombia\/wp-json\/wp\/v2\/categories?post=216969"},{"taxonomy":"post_tag","embeddable":true,"href":"https:\/\/www.fiscalia.gov.co\/colombia\/wp-json\/wp\/v2\/tags?post=216969"}],"curies":[{"name":"wp","href":"https:\/\/api.w.org\/{rel}","templated":true}]}}