{"id":216929,"date":"2021-04-05T07:14:26","date_gmt":"2021-04-05T12:14:26","guid":{"rendered":"https:\/\/www.fiscalia.gov.co\/colombia\/?p=216929"},"modified":"2021-04-09T13:09:51","modified_gmt":"2021-04-09T18:09:51","slug":"carcel-para-exintegrante-de-los-grupos-paramilitares-que-habria-participado-en-el-crimen-del-exdirector-del-das-en-norte-de-santander-y-un-suboficial-del-ejercito-nacional","status":"publish","type":"post","link":"https:\/\/www.fiscalia.gov.co\/colombia\/derechos-humanos\/carcel-para-exintegrante-de-los-grupos-paramilitares-que-habria-participado-en-el-crimen-del-exdirector-del-das-en-norte-de-santander-y-un-suboficial-del-ejercito-nacional\/","title":{"rendered":"C\u00e1rcel para exintegrante de los grupos paramilitares que habr\u00eda participado en el crimen del exdirector del DAS en Norte de Santander y un suboficial del Ej\u00e9rcito Nacional"},"content":{"rendered":"<blockquote>\n<h4 style=\"text-align: left;\"><strong><em>El procesado, pastor de una comunidad en Norte de Santander, acept\u00f3 su participaci\u00f3n en el homicidio.<\/em><\/strong><\/h4>\n<\/blockquote>\n<p>La Fiscal\u00eda General la Naci\u00f3n resolvi\u00f3 la situaci\u00f3n jur\u00eddica de Jos\u00e9 Benildo Dur\u00e1n, alias Pato, un exintegrante de las extintas AUC, y le impuso medida de aseguramiento en c\u00e1rcel por su presunta responsabilidad en el crimen del exdirector del DAS en Norte de Santander, Jorge Enrique D\u00edaz S\u00e1nchez; y el sargento del Ej\u00e9rcito Nacional, Jos\u00e9 Celis Castro, en hechos ocurridos en abril de 2005, en zona rural de C\u00facuta.<\/p>\n<p>Los elementos de prueba dan cuenta de que hombres armados sacaron a las v\u00edctimas de sus casas, las llevaron a una finca en zona fronteriza y las sometieron a m\u00faltiples actos de tortura. Posteriormente, los cuerpos fueron trasladados y abandonados en La Fr\u00eda, en el estado T\u00e1chira (Venezuela).<\/p>\n<p>En las indagaciones se constat\u00f3 que los se\u00f1alados responsables de esta acci\u00f3n habr\u00edan pertenecido a una estructura criminal conformada por exintegrantes de los grupos paramilitares, que no se desmovilizaron, entre ellos, alias Pato.<\/p>\n<p>Este hombre fue capturado con fines de indagatoria en Puerto Santander (Norte de Santander), donde es pastor de una comunidad religiosa. Ante una fiscal de la Direcci\u00f3n Especializada contra las Violaciones a los Derechos Humanos reconoci\u00f3 que fue el encargado de recoger los cuerpos del exdirector del DAS y del suboficial, y los llev\u00f3 a Venezuela.<\/p>\n<p>En ese sentido, Jos\u00e9 Benildo Dur\u00e1n, alias Pato, recibi\u00f3 medida de aseguramiento por el delito de homicidio en persona protegida.<\/p>\n<p>Este proceso se sigue en el marco de la Ley 600 de 2000 (anterior Sistema Penal).<\/p>\n<p>JARG\/DJR\/DECVDH.<\/p>\n<p><strong>La Fiscal\u00eda habla con resultados.<\/strong><\/p>\n<p>&nbsp;<\/p>\n\n<div class=\"twitter-share\"><a href=\"https:\/\/twitter.com\/intent\/tweet?via=fiscaliacol\" class=\"twitter-share-button\">Tweet<\/a><\/div>\n","protected":false},"excerpt":{"rendered":"<p>El procesado, pastor de una comunidad en Norte de Santander, acept\u00f3 su participaci\u00f3n en el homicidio. La Fiscal\u00eda General la Naci\u00f3n resolvi\u00f3 la situaci\u00f3n jur\u00eddica de Jos\u00e9 Benildo Dur\u00e1n, alias Pato, un exintegrante de las extintas AUC, y le impuso medida de aseguramiento en c\u00e1rcel por su presunta responsabilidad en el crimen del exdirector del [&hellip;]<\/p>\n","protected":false},"author":171,"featured_media":0,"comment_status":"closed","ping_status":"open","sticky":false,"template":"","format":"video","meta":{"_price":"","_stock":"","_tribe_ticket_header":"","_tribe_default_ticket_provider":"","_tribe_ticket_capacity":"0","_ticket_start_date":"","_ticket_end_date":"","_tribe_ticket_show_description":"","_tribe_ticket_show_not_going":false,"_tribe_ticket_use_global_stock":"","_tribe_ticket_global_stock_level":"","_global_stock_mode":"","_global_stock_cap":"","_tribe_rsvp_for_event":"","_tribe_ticket_going_count":"","_tribe_ticket_not_going_count":"","_tribe_tickets_list":"[]","_tribe_ticket_has_attendee_info_fields":false,"tdm_status":"","tdm_grid_status":"","footnotes":""},"categories":[24102],"tags":[24185,4614],"class_list":{"0":"post-216929","1":"post","2":"type-post","3":"status-publish","4":"format-video","6":"category-derechos-humanos","7":"tag-fiscal-barbosa","8":"tag-fiscalia-2","9":"post_format-post-format-video"},"yoast_head":"<!-- This site is optimized with the Yoast SEO plugin v24.3 - https:\/\/yoast.com\/wordpress\/plugins\/seo\/ -->\n<title>Fiscal\u00eda General de la Naci\u00f3n<\/title>\n<meta name=\"description\" content=\"P\u00e1gina oficial de la Fiscal\u00eda General de la Naci\u00f3n \u2013 Colombia. Garantizamos el acceso efectivo a la justicia, la verdad y la reparaci\u00f3n de las v\u00edctimas de los delitos.\" \/>\n<meta name=\"robots\" content=\"noindex, follow\" \/>\n<meta property=\"og:locale\" content=\"es_ES\" \/>\n<meta property=\"og:type\" content=\"article\" \/>\n<meta property=\"og:title\" content=\"Fiscal\u00eda General de la Naci\u00f3n\" \/>\n<meta property=\"og:description\" content=\"P\u00e1gina oficial de la Fiscal\u00eda General de la Naci\u00f3n \u2013 Colombia. Garantizamos el acceso efectivo a la justicia, la verdad y la reparaci\u00f3n de las v\u00edctimas de los delitos.\" \/>\n<meta property=\"og:url\" content=\"https:\/\/www.fiscalia.gov.co\/colombia\/derechos-humanos\/carcel-para-exintegrante-de-los-grupos-paramilitares-que-habria-participado-en-el-crimen-del-exdirector-del-das-en-norte-de-santander-y-un-suboficial-del-ejercito-nacional\/\" \/>\n<meta property=\"og:site_name\" content=\"Fiscal\u00eda General de la Naci\u00f3n\" \/>\n<meta property=\"article:publisher\" content=\"https:\/\/www.facebook.com\/FiscaliaCol\" \/>\n<meta property=\"article:published_time\" content=\"2021-04-05T12:14:26+00:00\" \/>\n<meta property=\"article:modified_time\" content=\"2021-04-09T18:09:51+00:00\" \/>\n<meta name=\"author\" content=\"Ana Mar\u00eda Gomez\" \/>\n<meta name=\"twitter:card\" content=\"summary_large_image\" \/>\n<meta name=\"twitter:creator\" content=\"@FiscaliaCol\" \/>\n<meta name=\"twitter:site\" content=\"@FiscaliaCol\" \/>\n<meta name=\"twitter:label1\" content=\"Escrito por\" \/>\n\t<meta name=\"twitter:data1\" content=\"Ana Mar\u00eda Gomez\" \/>\n\t<meta name=\"twitter:label2\" content=\"Tiempo de lectura\" \/>\n\t<meta name=\"twitter:data2\" content=\"1 minuto\" \/>\n<script type=\"application\/ld+json\" class=\"yoast-schema-graph\">{\"@context\":\"https:\/\/schema.org\",\"@graph\":[{\"@type\":\"Article\",\"@id\":\"https:\/\/www.fiscalia.gov.co\/colombia\/derechos-humanos\/carcel-para-exintegrante-de-los-grupos-paramilitares-que-habria-participado-en-el-crimen-del-exdirector-del-das-en-norte-de-santander-y-un-suboficial-del-ejercito-nacional\/#article\",\"isPartOf\":{\"@id\":\"https:\/\/www.fiscalia.gov.co\/colombia\/derechos-humanos\/carcel-para-exintegrante-de-los-grupos-paramilitares-que-habria-participado-en-el-crimen-del-exdirector-del-das-en-norte-de-santander-y-un-suboficial-del-ejercito-nacional\/\"},\"author\":{\"name\":\"Ana Mar\u00eda Gomez\",\"@id\":\"https:\/\/www.fiscalia.gov.co\/colombia\/#\/schema\/person\/06aa2210fe4d79203f428ff671dee360\"},\"headline\":\"C\u00e1rcel para exintegrante de los grupos paramilitares que habr\u00eda participado en el crimen del exdirector del DAS en Norte de Santander y un suboficial del Ej\u00e9rcito Nacional\",\"datePublished\":\"2021-04-05T12:14:26+00:00\",\"dateModified\":\"2021-04-09T18:09:51+00:00\",\"mainEntityOfPage\":{\"@id\":\"https:\/\/www.fiscalia.gov.co\/colombia\/derechos-humanos\/carcel-para-exintegrante-de-los-grupos-paramilitares-que-habria-participado-en-el-crimen-del-exdirector-del-das-en-norte-de-santander-y-un-suboficial-del-ejercito-nacional\/\"},\"wordCount\":315,\"publisher\":{\"@id\":\"https:\/\/www.fiscalia.gov.co\/colombia\/#organization\"},\"keywords\":[\"Fiscal Barbosa\",\"Fiscal\u00eda\"],\"articleSection\":[\"Derechos Humanos\"],\"inLanguage\":\"es-CO\"},{\"@type\":\"WebPage\",\"@id\":\"https:\/\/www.fiscalia.gov.co\/colombia\/derechos-humanos\/carcel-para-exintegrante-de-los-grupos-paramilitares-que-habria-participado-en-el-crimen-del-exdirector-del-das-en-norte-de-santander-y-un-suboficial-del-ejercito-nacional\/\",\"url\":\"https:\/\/www.fiscalia.gov.co\/colombia\/derechos-humanos\/carcel-para-exintegrante-de-los-grupos-paramilitares-que-habria-participado-en-el-crimen-del-exdirector-del-das-en-norte-de-santander-y-un-suboficial-del-ejercito-nacional\/\",\"name\":\"Fiscal\u00eda General de la Naci\u00f3n\",\"isPartOf\":{\"@id\":\"https:\/\/www.fiscalia.gov.co\/colombia\/#website\"},\"datePublished\":\"2021-04-05T12:14:26+00:00\",\"dateModified\":\"2021-04-09T18:09:51+00:00\",\"description\":\"P\u00e1gina oficial de la Fiscal\u00eda General de la Naci\u00f3n \u2013 Colombia. Garantizamos el acceso efectivo a la justicia, la verdad y la reparaci\u00f3n de las v\u00edctimas de los delitos.\",\"breadcrumb\":{\"@id\":\"https:\/\/www.fiscalia.gov.co\/colombia\/derechos-humanos\/carcel-para-exintegrante-de-los-grupos-paramilitares-que-habria-participado-en-el-crimen-del-exdirector-del-das-en-norte-de-santander-y-un-suboficial-del-ejercito-nacional\/#breadcrumb\"},\"inLanguage\":\"es-CO\",\"potentialAction\":[{\"@type\":\"ReadAction\",\"target\":[\"https:\/\/www.fiscalia.gov.co\/colombia\/derechos-humanos\/carcel-para-exintegrante-de-los-grupos-paramilitares-que-habria-participado-en-el-crimen-del-exdirector-del-das-en-norte-de-santander-y-un-suboficial-del-ejercito-nacional\/\"]}]},{\"@type\":\"BreadcrumbList\",\"@id\":\"https:\/\/www.fiscalia.gov.co\/colombia\/derechos-humanos\/carcel-para-exintegrante-de-los-grupos-paramilitares-que-habria-participado-en-el-crimen-del-exdirector-del-das-en-norte-de-santander-y-un-suboficial-del-ejercito-nacional\/#breadcrumb\",\"itemListElement\":[{\"@type\":\"ListItem\",\"position\":1,\"name\":\"Home\",\"item\":\"https:\/\/www.fiscalia.gov.co\/colombia\/\"},{\"@type\":\"ListItem\",\"position\":2,\"name\":\"C\u00e1rcel para exintegrante de los grupos paramilitares que habr\u00eda participado en el crimen del exdirector del DAS en Norte de Santander y un suboficial del Ej\u00e9rcito Nacional\"}]},{\"@type\":\"WebSite\",\"@id\":\"https:\/\/www.fiscalia.gov.co\/colombia\/#website\",\"url\":\"https:\/\/www.fiscalia.gov.co\/colombia\/\",\"name\":\"Fiscal\u00eda General de la Naci\u00f3n\",\"description\":\"P\u00e1gina oficial de la Fiscal\u00eda General de la Naci\u00f3n \u2013 Colombia. Garantizamos el acceso efectivo a la justicia, la verdad y la reparaci\u00f3n de las v\u00edctimas de los delitos.\",\"publisher\":{\"@id\":\"https:\/\/www.fiscalia.gov.co\/colombia\/#organization\"},\"potentialAction\":[{\"@type\":\"SearchAction\",\"target\":{\"@type\":\"EntryPoint\",\"urlTemplate\":\"https:\/\/www.fiscalia.gov.co\/colombia\/?s={search_term_string}\"},\"query-input\":{\"@type\":\"PropertyValueSpecification\",\"valueRequired\":true,\"valueName\":\"search_term_string\"}}],\"inLanguage\":\"es-CO\"},{\"@type\":\"Organization\",\"@id\":\"https:\/\/www.fiscalia.gov.co\/colombia\/#organization\",\"name\":\"Fiscal\u00eda General de la Naci\u00f3n\",\"url\":\"https:\/\/www.fiscalia.gov.co\/colombia\/\",\"logo\":{\"@type\":\"ImageObject\",\"inLanguage\":\"es-CO\",\"@id\":\"https:\/\/www.fiscalia.gov.co\/colombia\/#\/schema\/logo\/image\/\",\"url\":\"https:\/\/www.fiscalia.gov.co\/colombia\/wp-content\/uploads\/LogoHorizontal_1.jpg\",\"contentUrl\":\"https:\/\/www.fiscalia.gov.co\/colombia\/wp-content\/uploads\/LogoHorizontal_1.jpg\",\"width\":300,\"height\":90,\"caption\":\"Fiscal\u00eda General de la Naci\u00f3n\"},\"image\":{\"@id\":\"https:\/\/www.fiscalia.gov.co\/colombia\/#\/schema\/logo\/image\/\"},\"sameAs\":[\"https:\/\/www.facebook.com\/FiscaliaCol\",\"https:\/\/x.com\/FiscaliaCol\",\"https:\/\/www.instagram.com\/fiscaliacol\",\"https:\/\/www.linkedin.com\/company\/fiscalia-general-de-la-naci-n\/\",\"https:\/\/youtube.com\/@fiscaliageneraldelanacion-4668?si=6nN79nyQICPU5iTh\"]},{\"@type\":\"Person\",\"@id\":\"https:\/\/www.fiscalia.gov.co\/colombia\/#\/schema\/person\/06aa2210fe4d79203f428ff671dee360\",\"name\":\"Ana Mar\u00eda Gomez\",\"image\":{\"@type\":\"ImageObject\",\"inLanguage\":\"es-CO\",\"@id\":\"https:\/\/www.fiscalia.gov.co\/colombia\/#\/schema\/person\/image\/\",\"url\":\"https:\/\/secure.gravatar.com\/avatar\/a38115d98a7f8a96cbb96af2b2c37a0b?s=96&d=mm&r=g\",\"contentUrl\":\"https:\/\/secure.gravatar.com\/avatar\/a38115d98a7f8a96cbb96af2b2c37a0b?s=96&d=mm&r=g\",\"caption\":\"Ana Mar\u00eda Gomez\"},\"url\":\"https:\/\/www.fiscalia.gov.co\/colombia\/author\/agomez\/\"}]}<\/script>\n<!-- \/ Yoast SEO plugin. -->","yoast_head_json":{"title":"Fiscal\u00eda General de la Naci\u00f3n","description":"P\u00e1gina oficial de la Fiscal\u00eda General de la Naci\u00f3n \u2013 Colombia. Garantizamos el acceso efectivo a la justicia, la verdad y la reparaci\u00f3n de las v\u00edctimas de los delitos.","robots":{"index":"noindex","follow":"follow"},"og_locale":"es_ES","og_type":"article","og_title":"Fiscal\u00eda General de la Naci\u00f3n","og_description":"P\u00e1gina oficial de la Fiscal\u00eda General de la Naci\u00f3n \u2013 Colombia. Garantizamos el acceso efectivo a la justicia, la verdad y la reparaci\u00f3n de las v\u00edctimas de los delitos.","og_url":"https:\/\/www.fiscalia.gov.co\/colombia\/derechos-humanos\/carcel-para-exintegrante-de-los-grupos-paramilitares-que-habria-participado-en-el-crimen-del-exdirector-del-das-en-norte-de-santander-y-un-suboficial-del-ejercito-nacional\/","og_site_name":"Fiscal\u00eda General de la Naci\u00f3n","article_publisher":"https:\/\/www.facebook.com\/FiscaliaCol","article_published_time":"2021-04-05T12:14:26+00:00","article_modified_time":"2021-04-09T18:09:51+00:00","author":"Ana Mar\u00eda Gomez","twitter_card":"summary_large_image","twitter_creator":"@FiscaliaCol","twitter_site":"@FiscaliaCol","twitter_misc":{"Escrito por":"Ana Mar\u00eda Gomez","Tiempo de lectura":"1 minuto"},"schema":{"@context":"https:\/\/schema.org","@graph":[{"@type":"Article","@id":"https:\/\/www.fiscalia.gov.co\/colombia\/derechos-humanos\/carcel-para-exintegrante-de-los-grupos-paramilitares-que-habria-participado-en-el-crimen-del-exdirector-del-das-en-norte-de-santander-y-un-suboficial-del-ejercito-nacional\/#article","isPartOf":{"@id":"https:\/\/www.fiscalia.gov.co\/colombia\/derechos-humanos\/carcel-para-exintegrante-de-los-grupos-paramilitares-que-habria-participado-en-el-crimen-del-exdirector-del-das-en-norte-de-santander-y-un-suboficial-del-ejercito-nacional\/"},"author":{"name":"Ana Mar\u00eda Gomez","@id":"https:\/\/www.fiscalia.gov.co\/colombia\/#\/schema\/person\/06aa2210fe4d79203f428ff671dee360"},"headline":"C\u00e1rcel para exintegrante de los grupos paramilitares que habr\u00eda participado en el crimen del exdirector del DAS en Norte de Santander y un suboficial del Ej\u00e9rcito Nacional","datePublished":"2021-04-05T12:14:26+00:00","dateModified":"2021-04-09T18:09:51+00:00","mainEntityOfPage":{"@id":"https:\/\/www.fiscalia.gov.co\/colombia\/derechos-humanos\/carcel-para-exintegrante-de-los-grupos-paramilitares-que-habria-participado-en-el-crimen-del-exdirector-del-das-en-norte-de-santander-y-un-suboficial-del-ejercito-nacional\/"},"wordCount":315,"publisher":{"@id":"https:\/\/www.fiscalia.gov.co\/colombia\/#organization"},"keywords":["Fiscal Barbosa","Fiscal\u00eda"],"articleSection":["Derechos Humanos"],"inLanguage":"es-CO"},{"@type":"WebPage","@id":"https:\/\/www.fiscalia.gov.co\/colombia\/derechos-humanos\/carcel-para-exintegrante-de-los-grupos-paramilitares-que-habria-participado-en-el-crimen-del-exdirector-del-das-en-norte-de-santander-y-un-suboficial-del-ejercito-nacional\/","url":"https:\/\/www.fiscalia.gov.co\/colombia\/derechos-humanos\/carcel-para-exintegrante-de-los-grupos-paramilitares-que-habria-participado-en-el-crimen-del-exdirector-del-das-en-norte-de-santander-y-un-suboficial-del-ejercito-nacional\/","name":"Fiscal\u00eda General de la Naci\u00f3n","isPartOf":{"@id":"https:\/\/www.fiscalia.gov.co\/colombia\/#website"},"datePublished":"2021-04-05T12:14:26+00:00","dateModified":"2021-04-09T18:09:51+00:00","description":"P\u00e1gina oficial de la Fiscal\u00eda General de la Naci\u00f3n \u2013 Colombia. Garantizamos el acceso efectivo a la justicia, la verdad y la reparaci\u00f3n de las v\u00edctimas de los delitos.","breadcrumb":{"@id":"https:\/\/www.fiscalia.gov.co\/colombia\/derechos-humanos\/carcel-para-exintegrante-de-los-grupos-paramilitares-que-habria-participado-en-el-crimen-del-exdirector-del-das-en-norte-de-santander-y-un-suboficial-del-ejercito-nacional\/#breadcrumb"},"inLanguage":"es-CO","potentialAction":[{"@type":"ReadAction","target":["https:\/\/www.fiscalia.gov.co\/colombia\/derechos-humanos\/carcel-para-exintegrante-de-los-grupos-paramilitares-que-habria-participado-en-el-crimen-del-exdirector-del-das-en-norte-de-santander-y-un-suboficial-del-ejercito-nacional\/"]}]},{"@type":"BreadcrumbList","@id":"https:\/\/www.fiscalia.gov.co\/colombia\/derechos-humanos\/carcel-para-exintegrante-de-los-grupos-paramilitares-que-habria-participado-en-el-crimen-del-exdirector-del-das-en-norte-de-santander-y-un-suboficial-del-ejercito-nacional\/#breadcrumb","itemListElement":[{"@type":"ListItem","position":1,"name":"Home","item":"https:\/\/www.fiscalia.gov.co\/colombia\/"},{"@type":"ListItem","position":2,"name":"C\u00e1rcel para exintegrante de los grupos paramilitares que habr\u00eda participado en el crimen del exdirector del DAS en Norte de Santander y un suboficial del Ej\u00e9rcito Nacional"}]},{"@type":"WebSite","@id":"https:\/\/www.fiscalia.gov.co\/colombia\/#website","url":"https:\/\/www.fiscalia.gov.co\/colombia\/","name":"Fiscal\u00eda General de la Naci\u00f3n","description":"P\u00e1gina oficial de la Fiscal\u00eda General de la Naci\u00f3n \u2013 Colombia. Garantizamos el acceso efectivo a la justicia, la verdad y la reparaci\u00f3n de las v\u00edctimas de los delitos.","publisher":{"@id":"https:\/\/www.fiscalia.gov.co\/colombia\/#organization"},"potentialAction":[{"@type":"SearchAction","target":{"@type":"EntryPoint","urlTemplate":"https:\/\/www.fiscalia.gov.co\/colombia\/?s={search_term_string}"},"query-input":{"@type":"PropertyValueSpecification","valueRequired":true,"valueName":"search_term_string"}}],"inLanguage":"es-CO"},{"@type":"Organization","@id":"https:\/\/www.fiscalia.gov.co\/colombia\/#organization","name":"Fiscal\u00eda General de la Naci\u00f3n","url":"https:\/\/www.fiscalia.gov.co\/colombia\/","logo":{"@type":"ImageObject","inLanguage":"es-CO","@id":"https:\/\/www.fiscalia.gov.co\/colombia\/#\/schema\/logo\/image\/","url":"https:\/\/www.fiscalia.gov.co\/colombia\/wp-content\/uploads\/LogoHorizontal_1.jpg","contentUrl":"https:\/\/www.fiscalia.gov.co\/colombia\/wp-content\/uploads\/LogoHorizontal_1.jpg","width":300,"height":90,"caption":"Fiscal\u00eda General de la Naci\u00f3n"},"image":{"@id":"https:\/\/www.fiscalia.gov.co\/colombia\/#\/schema\/logo\/image\/"},"sameAs":["https:\/\/www.facebook.com\/FiscaliaCol","https:\/\/x.com\/FiscaliaCol","https:\/\/www.instagram.com\/fiscaliacol","https:\/\/www.linkedin.com\/company\/fiscalia-general-de-la-naci-n\/","https:\/\/youtube.com\/@fiscaliageneraldelanacion-4668?si=6nN79nyQICPU5iTh"]},{"@type":"Person","@id":"https:\/\/www.fiscalia.gov.co\/colombia\/#\/schema\/person\/06aa2210fe4d79203f428ff671dee360","name":"Ana Mar\u00eda Gomez","image":{"@type":"ImageObject","inLanguage":"es-CO","@id":"https:\/\/www.fiscalia.gov.co\/colombia\/#\/schema\/person\/image\/","url":"https:\/\/secure.gravatar.com\/avatar\/a38115d98a7f8a96cbb96af2b2c37a0b?s=96&d=mm&r=g","contentUrl":"https:\/\/secure.gravatar.com\/avatar\/a38115d98a7f8a96cbb96af2b2c37a0b?s=96&d=mm&r=g","caption":"Ana Mar\u00eda Gomez"},"url":"https:\/\/www.fiscalia.gov.co\/colombia\/author\/agomez\/"}]}},"_links":{"self":[{"href":"https:\/\/www.fiscalia.gov.co\/colombia\/wp-json\/wp\/v2\/posts\/216929","targetHints":{"allow":["GET"]}}],"collection":[{"href":"https:\/\/www.fiscalia.gov.co\/colombia\/wp-json\/wp\/v2\/posts"}],"about":[{"href":"https:\/\/www.fiscalia.gov.co\/colombia\/wp-json\/wp\/v2\/types\/post"}],"author":[{"embeddable":true,"href":"https:\/\/www.fiscalia.gov.co\/colombia\/wp-json\/wp\/v2\/users\/171"}],"replies":[{"embeddable":true,"href":"https:\/\/www.fiscalia.gov.co\/colombia\/wp-json\/wp\/v2\/comments?post=216929"}],"version-history":[{"count":1,"href":"https:\/\/www.fiscalia.gov.co\/colombia\/wp-json\/wp\/v2\/posts\/216929\/revisions"}],"predecessor-version":[{"id":216930,"href":"https:\/\/www.fiscalia.gov.co\/colombia\/wp-json\/wp\/v2\/posts\/216929\/revisions\/216930"}],"wp:attachment":[{"href":"https:\/\/www.fiscalia.gov.co\/colombia\/wp-json\/wp\/v2\/media?parent=216929"}],"wp:term":[{"taxonomy":"category","embeddable":true,"href":"https:\/\/www.fiscalia.gov.co\/colombia\/wp-json\/wp\/v2\/categories?post=216929"},{"taxonomy":"post_tag","embeddable":true,"href":"https:\/\/www.fiscalia.gov.co\/colombia\/wp-json\/wp\/v2\/tags?post=216929"}],"curies":[{"name":"wp","href":"https:\/\/api.w.org\/{rel}","templated":true}]}}