{"id":216822,"date":"2021-03-30T16:14:35","date_gmt":"2021-03-30T21:14:35","guid":{"rendered":"https:\/\/www.fiscalia.gov.co\/colombia\/?p=216822"},"modified":"2021-03-30T16:14:35","modified_gmt":"2021-03-30T21:14:35","slug":"fiscalia-apelo-medida-de-aseguramiento-para-un-hombre-que-violento-fisica-y-sexualmente-a-una-mujer","status":"publish","type":"post","link":"https:\/\/www.fiscalia.gov.co\/colombia\/violencia-sexual-e-intrafamiliar\/fiscalia-apelo-medida-de-aseguramiento-para-un-hombre-que-violento-fisica-y-sexualmente-a-una-mujer\/","title":{"rendered":"Fiscal\u00eda apel\u00f3 medida de aseguramiento para un hombre que violent\u00f3 f\u00edsica y sexualmente a una mujer"},"content":{"rendered":"<div>\n<p><span lang=\"es\">Un fiscal de Mocoa (Putumayo) imput\u00f3 ante un juez con funci\u00f3n de control de garant\u00edas a Silvio Ferney Guerrero Erazo, presunto implicado en los delitos de\u00a0<\/span><b><span lang=\"es\"><a href=\"https:\/\/www.fiscalia.gov.co\/colombia\/hechos-concretos\/a-la-carcel-fotografo-por-presunto-acceso-carnal-violento\/\" target=\"_blank\" rel=\"noopener noreferrer\">acceso carnal violento<\/a>\u00a0y lesiones personales, cargos que no\u00a0<\/span><\/b><span lang=\"es\">fueron\u00a0<b>aceptados por el procesado.\u00a0<\/b>\u00a0<\/span><\/p>\n<p><span lang=\"es\">Seg\u00fan la investigaci\u00f3n el 6 de diciembre de 2019, al parecer, Guerrero Erazo\u00a0<\/span><b><span lang=\"es\">maltrat\u00f3 f\u00edsica y verbalmente a la mujer con quien conviv\u00eda<\/span><\/b><span lang=\"es\">\u00a0en Mocoa (Putumayo). El diciembre de ese a\u00f1o, continuando con los maltratos, se presume que la\u00a0<b>accedi\u00f3 carnalmente<\/b>\u00a0y en una \u00faltima oportunidad, en enero de 2020, supuestamente la\u00a0<b>golpe\u00f3 gener\u00e1ndole\u00a0<\/b>una\u00a0<b>incapacidad m\u00e9dico legal de 4 d\u00edas.\u00a0<\/b>\u00a0<\/span><\/p>\n<p><span lang=\"es\">El procesado fue\u00a0<\/span><span lang=\"es\">capturado por miembros del CTI en cumplimiento de una orden de captura.<\/span><\/p>\n<p><span lang=\"es\">La Fiscal\u00eda solicit\u00f3\u00a0<\/span><b><span lang=\"es\">medida privativa de la libertad en centro carcelario<\/span><\/b><span lang=\"es\">\u00a0contra el procesado debido a la\u00a0<\/span><span lang=\"es\">gravedad de los hechos,\u00a0<\/span><span lang=\"es\">pero el juez con funci\u00f3n de control garant\u00edas decidi\u00f3 imponer\u00a0<b>medidas no privativas de la libertad. Esta\u00a0<\/b>determinaci\u00f3n fue\u00a0<b>apelada por el ente acusador.\u00a0<\/b>\u00a0<\/span><\/p>\n<p><span lang=\"es\">Para la Fiscal\u00eda es una prioridad esclarecer los hechos y judicializar a los responsables de delitos que atentan contra la\u00a0<b>integridad de las mujeres<\/b>, seg\u00fan lo definido en el Direccionamiento Estrat\u00e9gico del Fiscal General de la Naci\u00f3n, Francisco Barbosa Delgado.<\/span><span lang=\"es\">\u00a0<\/span><\/p>\n<p><span lang=\"es\">La Fiscal\u00eda publica esta informaci\u00f3n por razones de inter\u00e9s general.\u00a0<\/span><span lang=\"es\">\u00a0<\/span><\/p>\n<p><b>LMGM\/MAGA\/GRM<\/b><\/p>\n<p><span lang=\"es\">\u00a0<\/span><i><span lang=\"es\">La informaci\u00f3n contenida en este bolet\u00edn de prensa corresponde a la narraci\u00f3n de los hechos noticiosos objetivos, suministrados por los funcionarios encargados de adelantar las investigaciones penales al interior de la Fiscal\u00eda General de la Naci\u00f3n. Para el momento de la divulgaci\u00f3n de este comunicado, la situaci\u00f3n jur\u00eddica de la(s) persona(s) relacionada(s) se encuentra pendiente de resolver por la autoridad judicial competente, siempre bajo los preceptos de la presunci\u00f3n de inocencia, consagrados en el art\u00edculo 29 de la Constituci\u00f3n Pol\u00edtica y el art\u00edculo 7\u00ba de la Ley 906 de 2004.<\/span><\/i><span lang=\"es\">\u00a0<\/span><\/p>\n<\/div>\n<div>\n<p><span lang=\"es\">Tambi\u00e9n le puede interesar:\u00a0<\/span><br \/>\n<b><a title=\"A la c\u00e1rcel presunto responsable de acceso carnal abusivo en M\u00e1laga (Santander)\" href=\"https:\/\/www.fiscalia.gov.co\/colombia\/violencia-sexual-e-intrafamiliar\/a-la-carcel-presunto-responsable-de-acceso-carnal-abusivo-en-malaga-santander\/\" target=\"_blank\" rel=\"noopener noreferrer\">A la c\u00e1rcel presunto responsable de acceso carnal abusivo en M\u00e1laga (Santander)<\/a>\u00a0<\/b><\/p>\n<\/div>\n\n<div class=\"twitter-share\"><a href=\"https:\/\/twitter.com\/intent\/tweet?via=fiscaliacol\" class=\"twitter-share-button\">Tweet<\/a><\/div>\n","protected":false},"excerpt":{"rendered":"<p>Un fiscal de Mocoa (Putumayo) imput\u00f3 ante un juez con funci\u00f3n de control de garant\u00edas a Silvio Ferney Guerrero Erazo, presunto implicado en los delitos de\u00a0acceso carnal violento\u00a0y lesiones personales, cargos que no\u00a0fueron\u00a0aceptados por el procesado.\u00a0\u00a0 Seg\u00fan la investigaci\u00f3n el 6 de diciembre de 2019, al parecer, Guerrero Erazo\u00a0maltrat\u00f3 f\u00edsica y verbalmente a la mujer [&hellip;]<\/p>\n","protected":false},"author":171,"featured_media":0,"comment_status":"closed","ping_status":"open","sticky":false,"template":"","format":"standard","meta":{"tdm_status":"","tdm_grid_status":"","footnotes":""},"categories":[2910,303,24127],"tags":[23966,24369,24185,1684,26175],"class_list":{"0":"post-216822","1":"post","2":"type-post","3":"status-publish","4":"format-standard","6":"category-seccional-mocoa","7":"category-seccionales","8":"category-violencia-sexual-e-intrafamiliar","9":"tag-acceso-carnal-violento","10":"tag-derechos-mujeres","11":"tag-fiscal-barbosa","12":"tag-lesiones-personales","13":"tag-mujeres-victimas"},"yoast_head":"<!-- This site is optimized with the Yoast SEO plugin v24.3 - https:\/\/yoast.com\/wordpress\/plugins\/seo\/ -->\n<title>Fiscal\u00eda General de la Naci\u00f3n<\/title>\n<meta name=\"description\" content=\"P\u00e1gina oficial de la Fiscal\u00eda General de la Naci\u00f3n \u2013 Colombia. Garantizamos el acceso efectivo a la justicia, la verdad y la reparaci\u00f3n de las v\u00edctimas de los delitos.\" \/>\n<meta name=\"robots\" content=\"noindex, follow\" \/>\n<meta property=\"og:locale\" content=\"es_ES\" \/>\n<meta property=\"og:type\" content=\"article\" \/>\n<meta property=\"og:title\" content=\"Fiscal\u00eda General de la Naci\u00f3n\" \/>\n<meta property=\"og:description\" content=\"P\u00e1gina oficial de la Fiscal\u00eda General de la Naci\u00f3n \u2013 Colombia. Garantizamos el acceso efectivo a la justicia, la verdad y la reparaci\u00f3n de las v\u00edctimas de los delitos.\" \/>\n<meta property=\"og:url\" content=\"https:\/\/www.fiscalia.gov.co\/colombia\/violencia-sexual-e-intrafamiliar\/fiscalia-apelo-medida-de-aseguramiento-para-un-hombre-que-violento-fisica-y-sexualmente-a-una-mujer\/\" \/>\n<meta property=\"og:site_name\" content=\"Fiscal\u00eda General de la Naci\u00f3n\" \/>\n<meta property=\"article:publisher\" content=\"https:\/\/www.facebook.com\/FiscaliaCol\" \/>\n<meta property=\"article:published_time\" content=\"2021-03-30T21:14:35+00:00\" \/>\n<meta name=\"author\" content=\"Ana Mar\u00eda Gomez\" \/>\n<meta name=\"twitter:card\" content=\"summary_large_image\" \/>\n<meta name=\"twitter:creator\" content=\"@FiscaliaCol\" \/>\n<meta name=\"twitter:site\" content=\"@FiscaliaCol\" \/>\n<meta name=\"twitter:label1\" content=\"Escrito por\" \/>\n\t<meta name=\"twitter:data1\" content=\"Ana Mar\u00eda Gomez\" \/>\n\t<meta name=\"twitter:label2\" content=\"Tiempo de lectura\" \/>\n\t<meta name=\"twitter:data2\" content=\"2 minutos\" \/>\n<script type=\"application\/ld+json\" class=\"yoast-schema-graph\">{\"@context\":\"https:\/\/schema.org\",\"@graph\":[{\"@type\":\"Article\",\"@id\":\"https:\/\/www.fiscalia.gov.co\/colombia\/violencia-sexual-e-intrafamiliar\/fiscalia-apelo-medida-de-aseguramiento-para-un-hombre-que-violento-fisica-y-sexualmente-a-una-mujer\/#article\",\"isPartOf\":{\"@id\":\"https:\/\/www.fiscalia.gov.co\/colombia\/violencia-sexual-e-intrafamiliar\/fiscalia-apelo-medida-de-aseguramiento-para-un-hombre-que-violento-fisica-y-sexualmente-a-una-mujer\/\"},\"author\":{\"name\":\"Ana Mar\u00eda Gomez\",\"@id\":\"https:\/\/www.fiscalia.gov.co\/colombia\/#\/schema\/person\/06aa2210fe4d79203f428ff671dee360\"},\"headline\":\"Fiscal\u00eda apel\u00f3 medida de aseguramiento para un hombre que violent\u00f3 f\u00edsica y sexualmente a una mujer\",\"datePublished\":\"2021-03-30T21:14:35+00:00\",\"dateModified\":\"2021-03-30T21:14:35+00:00\",\"mainEntityOfPage\":{\"@id\":\"https:\/\/www.fiscalia.gov.co\/colombia\/violencia-sexual-e-intrafamiliar\/fiscalia-apelo-medida-de-aseguramiento-para-un-hombre-que-violento-fisica-y-sexualmente-a-una-mujer\/\"},\"wordCount\":370,\"publisher\":{\"@id\":\"https:\/\/www.fiscalia.gov.co\/colombia\/#organization\"},\"keywords\":[\"Acceso carnal violento\",\"derechos mujeres\",\"Fiscal Barbosa\",\"Lesiones personales\",\"mujeres v\u00edctimas\"],\"articleSection\":[\"Seccional Mocoa\",\"Seccionales\",\"Violencia sexual e intrafamiliar\"],\"inLanguage\":\"es-CO\"},{\"@type\":\"WebPage\",\"@id\":\"https:\/\/www.fiscalia.gov.co\/colombia\/violencia-sexual-e-intrafamiliar\/fiscalia-apelo-medida-de-aseguramiento-para-un-hombre-que-violento-fisica-y-sexualmente-a-una-mujer\/\",\"url\":\"https:\/\/www.fiscalia.gov.co\/colombia\/violencia-sexual-e-intrafamiliar\/fiscalia-apelo-medida-de-aseguramiento-para-un-hombre-que-violento-fisica-y-sexualmente-a-una-mujer\/\",\"name\":\"Fiscal\u00eda General de la Naci\u00f3n\",\"isPartOf\":{\"@id\":\"https:\/\/www.fiscalia.gov.co\/colombia\/#website\"},\"datePublished\":\"2021-03-30T21:14:35+00:00\",\"dateModified\":\"2021-03-30T21:14:35+00:00\",\"description\":\"P\u00e1gina oficial de la Fiscal\u00eda General de la Naci\u00f3n \u2013 Colombia. Garantizamos el acceso efectivo a la justicia, la verdad y la reparaci\u00f3n de las v\u00edctimas de los delitos.\",\"breadcrumb\":{\"@id\":\"https:\/\/www.fiscalia.gov.co\/colombia\/violencia-sexual-e-intrafamiliar\/fiscalia-apelo-medida-de-aseguramiento-para-un-hombre-que-violento-fisica-y-sexualmente-a-una-mujer\/#breadcrumb\"},\"inLanguage\":\"es-CO\",\"potentialAction\":[{\"@type\":\"ReadAction\",\"target\":[\"https:\/\/www.fiscalia.gov.co\/colombia\/violencia-sexual-e-intrafamiliar\/fiscalia-apelo-medida-de-aseguramiento-para-un-hombre-que-violento-fisica-y-sexualmente-a-una-mujer\/\"]}]},{\"@type\":\"BreadcrumbList\",\"@id\":\"https:\/\/www.fiscalia.gov.co\/colombia\/violencia-sexual-e-intrafamiliar\/fiscalia-apelo-medida-de-aseguramiento-para-un-hombre-que-violento-fisica-y-sexualmente-a-una-mujer\/#breadcrumb\",\"itemListElement\":[{\"@type\":\"ListItem\",\"position\":1,\"name\":\"Home\",\"item\":\"https:\/\/www.fiscalia.gov.co\/colombia\/\"},{\"@type\":\"ListItem\",\"position\":2,\"name\":\"Fiscal\u00eda apel\u00f3 medida de aseguramiento para un hombre que violent\u00f3 f\u00edsica y sexualmente a una mujer\"}]},{\"@type\":\"WebSite\",\"@id\":\"https:\/\/www.fiscalia.gov.co\/colombia\/#website\",\"url\":\"https:\/\/www.fiscalia.gov.co\/colombia\/\",\"name\":\"Fiscal\u00eda General de la Naci\u00f3n\",\"description\":\"P\u00e1gina oficial de la Fiscal\u00eda General de la Naci\u00f3n \u2013 Colombia. Garantizamos el acceso efectivo a la justicia, la verdad y la reparaci\u00f3n de las v\u00edctimas de los delitos.\",\"publisher\":{\"@id\":\"https:\/\/www.fiscalia.gov.co\/colombia\/#organization\"},\"potentialAction\":[{\"@type\":\"SearchAction\",\"target\":{\"@type\":\"EntryPoint\",\"urlTemplate\":\"https:\/\/www.fiscalia.gov.co\/colombia\/?s={search_term_string}\"},\"query-input\":{\"@type\":\"PropertyValueSpecification\",\"valueRequired\":true,\"valueName\":\"search_term_string\"}}],\"inLanguage\":\"es-CO\"},{\"@type\":\"Organization\",\"@id\":\"https:\/\/www.fiscalia.gov.co\/colombia\/#organization\",\"name\":\"Fiscal\u00eda General de la Naci\u00f3n\",\"url\":\"https:\/\/www.fiscalia.gov.co\/colombia\/\",\"logo\":{\"@type\":\"ImageObject\",\"inLanguage\":\"es-CO\",\"@id\":\"https:\/\/www.fiscalia.gov.co\/colombia\/#\/schema\/logo\/image\/\",\"url\":\"https:\/\/www.fiscalia.gov.co\/colombia\/wp-content\/uploads\/LogoHorizontal_1.jpg\",\"contentUrl\":\"https:\/\/www.fiscalia.gov.co\/colombia\/wp-content\/uploads\/LogoHorizontal_1.jpg\",\"width\":300,\"height\":90,\"caption\":\"Fiscal\u00eda General de la Naci\u00f3n\"},\"image\":{\"@id\":\"https:\/\/www.fiscalia.gov.co\/colombia\/#\/schema\/logo\/image\/\"},\"sameAs\":[\"https:\/\/www.facebook.com\/FiscaliaCol\",\"https:\/\/x.com\/FiscaliaCol\",\"https:\/\/www.instagram.com\/fiscaliacol\",\"https:\/\/www.linkedin.com\/company\/fiscalia-general-de-la-naci-n\/\",\"https:\/\/youtube.com\/@fiscaliageneraldelanacion-4668?si=6nN79nyQICPU5iTh\"]},{\"@type\":\"Person\",\"@id\":\"https:\/\/www.fiscalia.gov.co\/colombia\/#\/schema\/person\/06aa2210fe4d79203f428ff671dee360\",\"name\":\"Ana Mar\u00eda Gomez\",\"image\":{\"@type\":\"ImageObject\",\"inLanguage\":\"es-CO\",\"@id\":\"https:\/\/www.fiscalia.gov.co\/colombia\/#\/schema\/person\/image\/\",\"url\":\"https:\/\/secure.gravatar.com\/avatar\/a38115d98a7f8a96cbb96af2b2c37a0b?s=96&d=mm&r=g\",\"contentUrl\":\"https:\/\/secure.gravatar.com\/avatar\/a38115d98a7f8a96cbb96af2b2c37a0b?s=96&d=mm&r=g\",\"caption\":\"Ana Mar\u00eda Gomez\"},\"url\":\"https:\/\/www.fiscalia.gov.co\/colombia\/author\/agomez\/\"}]}<\/script>\n<!-- \/ Yoast SEO plugin. -->","yoast_head_json":{"title":"Fiscal\u00eda General de la Naci\u00f3n","description":"P\u00e1gina oficial de la Fiscal\u00eda General de la Naci\u00f3n \u2013 Colombia. Garantizamos el acceso efectivo a la justicia, la verdad y la reparaci\u00f3n de las v\u00edctimas de los delitos.","robots":{"index":"noindex","follow":"follow"},"og_locale":"es_ES","og_type":"article","og_title":"Fiscal\u00eda General de la Naci\u00f3n","og_description":"P\u00e1gina oficial de la Fiscal\u00eda General de la Naci\u00f3n \u2013 Colombia. Garantizamos el acceso efectivo a la justicia, la verdad y la reparaci\u00f3n de las v\u00edctimas de los delitos.","og_url":"https:\/\/www.fiscalia.gov.co\/colombia\/violencia-sexual-e-intrafamiliar\/fiscalia-apelo-medida-de-aseguramiento-para-un-hombre-que-violento-fisica-y-sexualmente-a-una-mujer\/","og_site_name":"Fiscal\u00eda General de la Naci\u00f3n","article_publisher":"https:\/\/www.facebook.com\/FiscaliaCol","article_published_time":"2021-03-30T21:14:35+00:00","author":"Ana Mar\u00eda Gomez","twitter_card":"summary_large_image","twitter_creator":"@FiscaliaCol","twitter_site":"@FiscaliaCol","twitter_misc":{"Escrito por":"Ana Mar\u00eda Gomez","Tiempo de lectura":"2 minutos"},"schema":{"@context":"https:\/\/schema.org","@graph":[{"@type":"Article","@id":"https:\/\/www.fiscalia.gov.co\/colombia\/violencia-sexual-e-intrafamiliar\/fiscalia-apelo-medida-de-aseguramiento-para-un-hombre-que-violento-fisica-y-sexualmente-a-una-mujer\/#article","isPartOf":{"@id":"https:\/\/www.fiscalia.gov.co\/colombia\/violencia-sexual-e-intrafamiliar\/fiscalia-apelo-medida-de-aseguramiento-para-un-hombre-que-violento-fisica-y-sexualmente-a-una-mujer\/"},"author":{"name":"Ana Mar\u00eda Gomez","@id":"https:\/\/www.fiscalia.gov.co\/colombia\/#\/schema\/person\/06aa2210fe4d79203f428ff671dee360"},"headline":"Fiscal\u00eda apel\u00f3 medida de aseguramiento para un hombre que violent\u00f3 f\u00edsica y sexualmente a una mujer","datePublished":"2021-03-30T21:14:35+00:00","dateModified":"2021-03-30T21:14:35+00:00","mainEntityOfPage":{"@id":"https:\/\/www.fiscalia.gov.co\/colombia\/violencia-sexual-e-intrafamiliar\/fiscalia-apelo-medida-de-aseguramiento-para-un-hombre-que-violento-fisica-y-sexualmente-a-una-mujer\/"},"wordCount":370,"publisher":{"@id":"https:\/\/www.fiscalia.gov.co\/colombia\/#organization"},"keywords":["Acceso carnal violento","derechos mujeres","Fiscal Barbosa","Lesiones personales","mujeres v\u00edctimas"],"articleSection":["Seccional Mocoa","Seccionales","Violencia sexual e intrafamiliar"],"inLanguage":"es-CO"},{"@type":"WebPage","@id":"https:\/\/www.fiscalia.gov.co\/colombia\/violencia-sexual-e-intrafamiliar\/fiscalia-apelo-medida-de-aseguramiento-para-un-hombre-que-violento-fisica-y-sexualmente-a-una-mujer\/","url":"https:\/\/www.fiscalia.gov.co\/colombia\/violencia-sexual-e-intrafamiliar\/fiscalia-apelo-medida-de-aseguramiento-para-un-hombre-que-violento-fisica-y-sexualmente-a-una-mujer\/","name":"Fiscal\u00eda General de la Naci\u00f3n","isPartOf":{"@id":"https:\/\/www.fiscalia.gov.co\/colombia\/#website"},"datePublished":"2021-03-30T21:14:35+00:00","dateModified":"2021-03-30T21:14:35+00:00","description":"P\u00e1gina oficial de la Fiscal\u00eda General de la Naci\u00f3n \u2013 Colombia. Garantizamos el acceso efectivo a la justicia, la verdad y la reparaci\u00f3n de las v\u00edctimas de los delitos.","breadcrumb":{"@id":"https:\/\/www.fiscalia.gov.co\/colombia\/violencia-sexual-e-intrafamiliar\/fiscalia-apelo-medida-de-aseguramiento-para-un-hombre-que-violento-fisica-y-sexualmente-a-una-mujer\/#breadcrumb"},"inLanguage":"es-CO","potentialAction":[{"@type":"ReadAction","target":["https:\/\/www.fiscalia.gov.co\/colombia\/violencia-sexual-e-intrafamiliar\/fiscalia-apelo-medida-de-aseguramiento-para-un-hombre-que-violento-fisica-y-sexualmente-a-una-mujer\/"]}]},{"@type":"BreadcrumbList","@id":"https:\/\/www.fiscalia.gov.co\/colombia\/violencia-sexual-e-intrafamiliar\/fiscalia-apelo-medida-de-aseguramiento-para-un-hombre-que-violento-fisica-y-sexualmente-a-una-mujer\/#breadcrumb","itemListElement":[{"@type":"ListItem","position":1,"name":"Home","item":"https:\/\/www.fiscalia.gov.co\/colombia\/"},{"@type":"ListItem","position":2,"name":"Fiscal\u00eda apel\u00f3 medida de aseguramiento para un hombre que violent\u00f3 f\u00edsica y sexualmente a una mujer"}]},{"@type":"WebSite","@id":"https:\/\/www.fiscalia.gov.co\/colombia\/#website","url":"https:\/\/www.fiscalia.gov.co\/colombia\/","name":"Fiscal\u00eda General de la Naci\u00f3n","description":"P\u00e1gina oficial de la Fiscal\u00eda General de la Naci\u00f3n \u2013 Colombia. Garantizamos el acceso efectivo a la justicia, la verdad y la reparaci\u00f3n de las v\u00edctimas de los delitos.","publisher":{"@id":"https:\/\/www.fiscalia.gov.co\/colombia\/#organization"},"potentialAction":[{"@type":"SearchAction","target":{"@type":"EntryPoint","urlTemplate":"https:\/\/www.fiscalia.gov.co\/colombia\/?s={search_term_string}"},"query-input":{"@type":"PropertyValueSpecification","valueRequired":true,"valueName":"search_term_string"}}],"inLanguage":"es-CO"},{"@type":"Organization","@id":"https:\/\/www.fiscalia.gov.co\/colombia\/#organization","name":"Fiscal\u00eda General de la Naci\u00f3n","url":"https:\/\/www.fiscalia.gov.co\/colombia\/","logo":{"@type":"ImageObject","inLanguage":"es-CO","@id":"https:\/\/www.fiscalia.gov.co\/colombia\/#\/schema\/logo\/image\/","url":"https:\/\/www.fiscalia.gov.co\/colombia\/wp-content\/uploads\/LogoHorizontal_1.jpg","contentUrl":"https:\/\/www.fiscalia.gov.co\/colombia\/wp-content\/uploads\/LogoHorizontal_1.jpg","width":300,"height":90,"caption":"Fiscal\u00eda General de la Naci\u00f3n"},"image":{"@id":"https:\/\/www.fiscalia.gov.co\/colombia\/#\/schema\/logo\/image\/"},"sameAs":["https:\/\/www.facebook.com\/FiscaliaCol","https:\/\/x.com\/FiscaliaCol","https:\/\/www.instagram.com\/fiscaliacol","https:\/\/www.linkedin.com\/company\/fiscalia-general-de-la-naci-n\/","https:\/\/youtube.com\/@fiscaliageneraldelanacion-4668?si=6nN79nyQICPU5iTh"]},{"@type":"Person","@id":"https:\/\/www.fiscalia.gov.co\/colombia\/#\/schema\/person\/06aa2210fe4d79203f428ff671dee360","name":"Ana Mar\u00eda Gomez","image":{"@type":"ImageObject","inLanguage":"es-CO","@id":"https:\/\/www.fiscalia.gov.co\/colombia\/#\/schema\/person\/image\/","url":"https:\/\/secure.gravatar.com\/avatar\/a38115d98a7f8a96cbb96af2b2c37a0b?s=96&d=mm&r=g","contentUrl":"https:\/\/secure.gravatar.com\/avatar\/a38115d98a7f8a96cbb96af2b2c37a0b?s=96&d=mm&r=g","caption":"Ana Mar\u00eda Gomez"},"url":"https:\/\/www.fiscalia.gov.co\/colombia\/author\/agomez\/"}]}},"_links":{"self":[{"href":"https:\/\/www.fiscalia.gov.co\/colombia\/wp-json\/wp\/v2\/posts\/216822","targetHints":{"allow":["GET"]}}],"collection":[{"href":"https:\/\/www.fiscalia.gov.co\/colombia\/wp-json\/wp\/v2\/posts"}],"about":[{"href":"https:\/\/www.fiscalia.gov.co\/colombia\/wp-json\/wp\/v2\/types\/post"}],"author":[{"embeddable":true,"href":"https:\/\/www.fiscalia.gov.co\/colombia\/wp-json\/wp\/v2\/users\/171"}],"replies":[{"embeddable":true,"href":"https:\/\/www.fiscalia.gov.co\/colombia\/wp-json\/wp\/v2\/comments?post=216822"}],"version-history":[{"count":1,"href":"https:\/\/www.fiscalia.gov.co\/colombia\/wp-json\/wp\/v2\/posts\/216822\/revisions"}],"predecessor-version":[{"id":216823,"href":"https:\/\/www.fiscalia.gov.co\/colombia\/wp-json\/wp\/v2\/posts\/216822\/revisions\/216823"}],"wp:attachment":[{"href":"https:\/\/www.fiscalia.gov.co\/colombia\/wp-json\/wp\/v2\/media?parent=216822"}],"wp:term":[{"taxonomy":"category","embeddable":true,"href":"https:\/\/www.fiscalia.gov.co\/colombia\/wp-json\/wp\/v2\/categories?post=216822"},{"taxonomy":"post_tag","embeddable":true,"href":"https:\/\/www.fiscalia.gov.co\/colombia\/wp-json\/wp\/v2\/tags?post=216822"}],"curies":[{"name":"wp","href":"https:\/\/api.w.org\/{rel}","templated":true}]}}