{"id":216818,"date":"2021-03-30T15:25:40","date_gmt":"2021-03-30T20:25:40","guid":{"rendered":"https:\/\/www.fiscalia.gov.co\/colombia\/?p=216818"},"modified":"2021-03-30T15:25:40","modified_gmt":"2021-03-30T20:25:40","slug":"fiscalia-intensifica-acciones-investigativas-y-judiciales-contra-el-trafico-y-consumo-de-animales-silvestres-en-semana-santa","status":"publish","type":"post","link":"https:\/\/www.fiscalia.gov.co\/colombia\/dano-al-medio-ambiente\/fiscalia-intensifica-acciones-investigativas-y-judiciales-contra-el-trafico-y-consumo-de-animales-silvestres-en-semana-santa\/","title":{"rendered":"Fiscal\u00eda intensifica acciones investigativas y judiciales contra el tr\u00e1fico y consumo de animales silvestres en Semana Santa"},"content":{"rendered":"<p class=\"x_MsoNormal\">El Grupo Especial para la Lucha contra el Maltrato Animal (Gelma) de la Fiscal\u00eda, en trabajo articulado con la Polic\u00eda Nacional, intensificar\u00e1 las acciones investigativas y operativas\u00a0<a href=\"https:\/\/www.fiscalia.gov.co\/colombia\/dano-al-medio-ambiente\/recuperadas-224-especies-silvestres-en-diligencias-contra-el-trafico-de-fauna-en-atlantico-antioquia-la-guajira-tolima-y-cordoba\/\" target=\"_blank\" rel=\"noopener noreferrer\">contra el tr\u00e1fico, venta y consumo de animales silvestres,<\/a>\u00a0actividades il\u00edcitas que se incrementan en algunas regiones del pa\u00eds durante Semana Santa.<\/p>\n<p class=\"x_MsoNormal\">Esta semana las labores se enfocar\u00e1n en las terminales de transportes terrestres y en las carreteras del pa\u00eds para evitar la movilizaci\u00f3n de las personas con este tipo de especies.<\/p>\n<p class=\"x_MsoNormal\"><b>En el \u00faltimo mes, en operativos de control y en diligencias de registro y allanamiento realizadas en los departamentos de Bol\u00edvar, Atl\u00e1ntico, C\u00f3rdoba, La Guajira, Magdalena, Tolima, Antioquia y Cundinamarca, fueron rescatadas 1.200 especies.<\/b>\u00a0En los procedimientos se constat\u00f3 que estaban en cautiverio y, al parecer, iban a ser vendidas como animales de compa\u00f1\u00eda o usados para elaborar preparaciones culinarias.<\/p>\n<p class=\"x_MsoNormal\">Entre los animales recuperados hay tortugas hicoteas y morrocoys, iguanas, aves, entre otros. Todos estos a disposici\u00f3n de las autoridades ambientales para su rehabilitaci\u00f3n y regreso al h\u00e1bitat natural.<\/p>\n<p class=\"x_MsoNormal\"><b>El fiscal coordinador de Gelma, Alejandro Gaviria, hizo un llamado a la ciudadan\u00eda para que en esta Semana Mayor no capture, transporte, compre, venda o consuma fauna silvestre.<\/b>\u00a0Cuando estas especies son extra\u00eddas de su entorno sufren graves afectaciones f\u00edsicas y emocionales, adem\u00e1s se exponen a trato crueles durante el transporte ilegal en cajas y otros compartimentos.<\/p>\n<p class=\"x_MsoNormal\">\u201cLos animales silvestres no son mascotas ni alimento. Ellos deben estar en sus ecosistemas y no en nuestras casas. Es importantes tener en cuenta que su consumo representa riesgos, ya que algunos son portadores de cierta clase de enfermedades transmisibles a los seres humanos\u201d, reiter\u00f3 el fiscal coordinador de Gelma.<\/p>\n<p class=\"x_MsoNormal\"><b>Participar en la cadena del tr\u00e1fico de animales es delito. Podr\u00eda configurarse conductas como aprovechamiento il\u00edcito de recursos naturales y maltrato animal,<\/b>\u00a0cuyas penas oscilan entre dos y cinco a\u00f1os de prisi\u00f3n, y contempla multas de hasta 1.000 salarios m\u00ednimos.<\/p>\n<p class=\"x_MsoNormal\">\u201cInvitamos a que esta semana sea un espacio de reflexi\u00f3n y no de tortura para los animales silvestres\u201d, recalc\u00f3 Alejandro Gaviria.<\/p>\n<p class=\"x_MsoNormal\">Garantizar la protecci\u00f3n de los animales y combatir los delitos que los afectan, son prioridades definidas en el Direccionamiento Estrat\u00e9gico 2020 \u2013 2024, trazado por el Fiscal General de la Naci\u00f3n, Francisco Barbosa Delgado.<\/p>\n<p class=\"x_MsoNormal\">La Fiscal\u00eda habla con resultados<\/p>\n<p class=\"x_MsoNormal\">AMCJ\/JARG\/AG\/<\/p>\n<p><i><span lang=\"ES\">La informaci\u00f3n contenida en este bolet\u00edn de prensa corresponde a la narraci\u00f3n de los hechos noticiosos objetivos, suministrados por los funcionarios encargados de adelantar las investigaciones penales al interior de la Fiscal\u00eda General de la Naci\u00f3n. Para el momento de la divulgaci\u00f3n de este comunicado, la situaci\u00f3n jur\u00eddica de la(s) persona(s) relacionada(s) se encuentra pendiente de resolver por la autoridad judicial competente, siempre bajo los preceptos de la presunci\u00f3n de inocencia, consagrados en el art\u00edculo 29 de la Constituci\u00f3n Pol\u00edtica y el art\u00edculo 7\u00ba de la Ley 906 de 2004.<\/span><\/i><\/p>\n\n<div class=\"twitter-share\"><a href=\"https:\/\/twitter.com\/intent\/tweet?via=fiscaliacol\" class=\"twitter-share-button\">Tweet<\/a><\/div>\n","protected":false},"excerpt":{"rendered":"<p>El Grupo Especial para la Lucha contra el Maltrato Animal (Gelma) de la Fiscal\u00eda, en trabajo articulado con la Polic\u00eda Nacional, intensificar\u00e1 las acciones investigativas y operativas\u00a0contra el tr\u00e1fico, venta y consumo de animales silvestres,\u00a0actividades il\u00edcitas que se incrementan en algunas regiones del pa\u00eds durante Semana Santa. Esta semana las labores se enfocar\u00e1n en las [&hellip;]<\/p>\n","protected":false},"author":171,"featured_media":0,"comment_status":"closed","ping_status":"open","sticky":false,"template":"","format":"standard","meta":{"_price":"","_stock":"","_tribe_ticket_header":"","_tribe_default_ticket_provider":"","_tribe_ticket_capacity":"0","_ticket_start_date":"","_ticket_end_date":"","_tribe_ticket_show_description":"","_tribe_ticket_show_not_going":false,"_tribe_ticket_use_global_stock":"","_tribe_ticket_global_stock_level":"","_global_stock_mode":"","_global_stock_cap":"","_tribe_rsvp_for_event":"","_tribe_ticket_going_count":"","_tribe_ticket_not_going_count":"","_tribe_tickets_list":"[]","_tribe_ticket_has_attendee_info_fields":false,"tdm_status":"","tdm_grid_status":"","footnotes":""},"categories":[24124],"tags":[24185,4614],"class_list":{"0":"post-216818","1":"post","2":"type-post","3":"status-publish","4":"format-standard","6":"category-dano-al-medio-ambiente","7":"tag-fiscal-barbosa","8":"tag-fiscalia-2"},"yoast_head":"<!-- This site is optimized with the Yoast SEO plugin v24.3 - https:\/\/yoast.com\/wordpress\/plugins\/seo\/ -->\n<title>Fiscal\u00eda General de la Naci\u00f3n<\/title>\n<meta name=\"description\" content=\"P\u00e1gina oficial de la Fiscal\u00eda General de la Naci\u00f3n \u2013 Colombia. Garantizamos el acceso efectivo a la justicia, la verdad y la reparaci\u00f3n de las v\u00edctimas de los delitos.\" \/>\n<meta name=\"robots\" content=\"noindex, follow\" \/>\n<meta property=\"og:locale\" content=\"es_ES\" \/>\n<meta property=\"og:type\" content=\"article\" \/>\n<meta property=\"og:title\" content=\"Fiscal\u00eda General de la Naci\u00f3n\" \/>\n<meta property=\"og:description\" content=\"P\u00e1gina oficial de la Fiscal\u00eda General de la Naci\u00f3n \u2013 Colombia. Garantizamos el acceso efectivo a la justicia, la verdad y la reparaci\u00f3n de las v\u00edctimas de los delitos.\" \/>\n<meta property=\"og:url\" content=\"https:\/\/www.fiscalia.gov.co\/colombia\/dano-al-medio-ambiente\/fiscalia-intensifica-acciones-investigativas-y-judiciales-contra-el-trafico-y-consumo-de-animales-silvestres-en-semana-santa\/\" \/>\n<meta property=\"og:site_name\" content=\"Fiscal\u00eda General de la Naci\u00f3n\" \/>\n<meta property=\"article:publisher\" content=\"https:\/\/www.facebook.com\/FiscaliaCol\" \/>\n<meta property=\"article:published_time\" content=\"2021-03-30T20:25:40+00:00\" \/>\n<meta name=\"author\" content=\"Ana Mar\u00eda Gomez\" \/>\n<meta name=\"twitter:card\" content=\"summary_large_image\" \/>\n<meta name=\"twitter:creator\" content=\"@FiscaliaCol\" \/>\n<meta name=\"twitter:site\" content=\"@FiscaliaCol\" \/>\n<meta name=\"twitter:label1\" content=\"Escrito por\" \/>\n\t<meta name=\"twitter:data1\" content=\"Ana Mar\u00eda Gomez\" \/>\n\t<meta name=\"twitter:label2\" content=\"Tiempo de lectura\" \/>\n\t<meta name=\"twitter:data2\" content=\"3 minutos\" \/>\n<script type=\"application\/ld+json\" class=\"yoast-schema-graph\">{\"@context\":\"https:\/\/schema.org\",\"@graph\":[{\"@type\":\"Article\",\"@id\":\"https:\/\/www.fiscalia.gov.co\/colombia\/dano-al-medio-ambiente\/fiscalia-intensifica-acciones-investigativas-y-judiciales-contra-el-trafico-y-consumo-de-animales-silvestres-en-semana-santa\/#article\",\"isPartOf\":{\"@id\":\"https:\/\/www.fiscalia.gov.co\/colombia\/dano-al-medio-ambiente\/fiscalia-intensifica-acciones-investigativas-y-judiciales-contra-el-trafico-y-consumo-de-animales-silvestres-en-semana-santa\/\"},\"author\":{\"name\":\"Ana Mar\u00eda Gomez\",\"@id\":\"https:\/\/www.fiscalia.gov.co\/colombia\/#\/schema\/person\/06aa2210fe4d79203f428ff671dee360\"},\"headline\":\"Fiscal\u00eda intensifica acciones investigativas y judiciales contra el tr\u00e1fico y consumo de animales silvestres en Semana Santa\",\"datePublished\":\"2021-03-30T20:25:40+00:00\",\"dateModified\":\"2021-03-30T20:25:40+00:00\",\"mainEntityOfPage\":{\"@id\":\"https:\/\/www.fiscalia.gov.co\/colombia\/dano-al-medio-ambiente\/fiscalia-intensifica-acciones-investigativas-y-judiciales-contra-el-trafico-y-consumo-de-animales-silvestres-en-semana-santa\/\"},\"wordCount\":524,\"publisher\":{\"@id\":\"https:\/\/www.fiscalia.gov.co\/colombia\/#organization\"},\"keywords\":[\"Fiscal Barbosa\",\"Fiscal\u00eda\"],\"articleSection\":[\"Da\u00f1o al medio ambiente\"],\"inLanguage\":\"es-CO\"},{\"@type\":\"WebPage\",\"@id\":\"https:\/\/www.fiscalia.gov.co\/colombia\/dano-al-medio-ambiente\/fiscalia-intensifica-acciones-investigativas-y-judiciales-contra-el-trafico-y-consumo-de-animales-silvestres-en-semana-santa\/\",\"url\":\"https:\/\/www.fiscalia.gov.co\/colombia\/dano-al-medio-ambiente\/fiscalia-intensifica-acciones-investigativas-y-judiciales-contra-el-trafico-y-consumo-de-animales-silvestres-en-semana-santa\/\",\"name\":\"Fiscal\u00eda General de la Naci\u00f3n\",\"isPartOf\":{\"@id\":\"https:\/\/www.fiscalia.gov.co\/colombia\/#website\"},\"datePublished\":\"2021-03-30T20:25:40+00:00\",\"dateModified\":\"2021-03-30T20:25:40+00:00\",\"description\":\"P\u00e1gina oficial de la Fiscal\u00eda General de la Naci\u00f3n \u2013 Colombia. Garantizamos el acceso efectivo a la justicia, la verdad y la reparaci\u00f3n de las v\u00edctimas de los delitos.\",\"breadcrumb\":{\"@id\":\"https:\/\/www.fiscalia.gov.co\/colombia\/dano-al-medio-ambiente\/fiscalia-intensifica-acciones-investigativas-y-judiciales-contra-el-trafico-y-consumo-de-animales-silvestres-en-semana-santa\/#breadcrumb\"},\"inLanguage\":\"es-CO\",\"potentialAction\":[{\"@type\":\"ReadAction\",\"target\":[\"https:\/\/www.fiscalia.gov.co\/colombia\/dano-al-medio-ambiente\/fiscalia-intensifica-acciones-investigativas-y-judiciales-contra-el-trafico-y-consumo-de-animales-silvestres-en-semana-santa\/\"]}]},{\"@type\":\"BreadcrumbList\",\"@id\":\"https:\/\/www.fiscalia.gov.co\/colombia\/dano-al-medio-ambiente\/fiscalia-intensifica-acciones-investigativas-y-judiciales-contra-el-trafico-y-consumo-de-animales-silvestres-en-semana-santa\/#breadcrumb\",\"itemListElement\":[{\"@type\":\"ListItem\",\"position\":1,\"name\":\"Home\",\"item\":\"https:\/\/www.fiscalia.gov.co\/colombia\/\"},{\"@type\":\"ListItem\",\"position\":2,\"name\":\"Fiscal\u00eda intensifica acciones investigativas y judiciales contra el tr\u00e1fico y consumo de animales silvestres en Semana Santa\"}]},{\"@type\":\"WebSite\",\"@id\":\"https:\/\/www.fiscalia.gov.co\/colombia\/#website\",\"url\":\"https:\/\/www.fiscalia.gov.co\/colombia\/\",\"name\":\"Fiscal\u00eda General de la Naci\u00f3n\",\"description\":\"P\u00e1gina oficial de la Fiscal\u00eda General de la Naci\u00f3n \u2013 Colombia. Garantizamos el acceso efectivo a la justicia, la verdad y la reparaci\u00f3n de las v\u00edctimas de los delitos.\",\"publisher\":{\"@id\":\"https:\/\/www.fiscalia.gov.co\/colombia\/#organization\"},\"potentialAction\":[{\"@type\":\"SearchAction\",\"target\":{\"@type\":\"EntryPoint\",\"urlTemplate\":\"https:\/\/www.fiscalia.gov.co\/colombia\/?s={search_term_string}\"},\"query-input\":{\"@type\":\"PropertyValueSpecification\",\"valueRequired\":true,\"valueName\":\"search_term_string\"}}],\"inLanguage\":\"es-CO\"},{\"@type\":\"Organization\",\"@id\":\"https:\/\/www.fiscalia.gov.co\/colombia\/#organization\",\"name\":\"Fiscal\u00eda General de la Naci\u00f3n\",\"url\":\"https:\/\/www.fiscalia.gov.co\/colombia\/\",\"logo\":{\"@type\":\"ImageObject\",\"inLanguage\":\"es-CO\",\"@id\":\"https:\/\/www.fiscalia.gov.co\/colombia\/#\/schema\/logo\/image\/\",\"url\":\"https:\/\/www.fiscalia.gov.co\/colombia\/wp-content\/uploads\/LogoHorizontal_1.jpg\",\"contentUrl\":\"https:\/\/www.fiscalia.gov.co\/colombia\/wp-content\/uploads\/LogoHorizontal_1.jpg\",\"width\":300,\"height\":90,\"caption\":\"Fiscal\u00eda General de la Naci\u00f3n\"},\"image\":{\"@id\":\"https:\/\/www.fiscalia.gov.co\/colombia\/#\/schema\/logo\/image\/\"},\"sameAs\":[\"https:\/\/www.facebook.com\/FiscaliaCol\",\"https:\/\/x.com\/FiscaliaCol\",\"https:\/\/www.instagram.com\/fiscaliacol\",\"https:\/\/www.linkedin.com\/company\/fiscalia-general-de-la-naci-n\/\",\"https:\/\/youtube.com\/@fiscaliageneraldelanacion-4668?si=6nN79nyQICPU5iTh\"]},{\"@type\":\"Person\",\"@id\":\"https:\/\/www.fiscalia.gov.co\/colombia\/#\/schema\/person\/06aa2210fe4d79203f428ff671dee360\",\"name\":\"Ana Mar\u00eda Gomez\",\"image\":{\"@type\":\"ImageObject\",\"inLanguage\":\"es-CO\",\"@id\":\"https:\/\/www.fiscalia.gov.co\/colombia\/#\/schema\/person\/image\/\",\"url\":\"https:\/\/secure.gravatar.com\/avatar\/a38115d98a7f8a96cbb96af2b2c37a0b?s=96&d=mm&r=g\",\"contentUrl\":\"https:\/\/secure.gravatar.com\/avatar\/a38115d98a7f8a96cbb96af2b2c37a0b?s=96&d=mm&r=g\",\"caption\":\"Ana Mar\u00eda Gomez\"},\"url\":\"https:\/\/www.fiscalia.gov.co\/colombia\/author\/agomez\/\"}]}<\/script>\n<!-- \/ Yoast SEO plugin. -->","yoast_head_json":{"title":"Fiscal\u00eda General de la Naci\u00f3n","description":"P\u00e1gina oficial de la Fiscal\u00eda General de la Naci\u00f3n \u2013 Colombia. Garantizamos el acceso efectivo a la justicia, la verdad y la reparaci\u00f3n de las v\u00edctimas de los delitos.","robots":{"index":"noindex","follow":"follow"},"og_locale":"es_ES","og_type":"article","og_title":"Fiscal\u00eda General de la Naci\u00f3n","og_description":"P\u00e1gina oficial de la Fiscal\u00eda General de la Naci\u00f3n \u2013 Colombia. Garantizamos el acceso efectivo a la justicia, la verdad y la reparaci\u00f3n de las v\u00edctimas de los delitos.","og_url":"https:\/\/www.fiscalia.gov.co\/colombia\/dano-al-medio-ambiente\/fiscalia-intensifica-acciones-investigativas-y-judiciales-contra-el-trafico-y-consumo-de-animales-silvestres-en-semana-santa\/","og_site_name":"Fiscal\u00eda General de la Naci\u00f3n","article_publisher":"https:\/\/www.facebook.com\/FiscaliaCol","article_published_time":"2021-03-30T20:25:40+00:00","author":"Ana Mar\u00eda Gomez","twitter_card":"summary_large_image","twitter_creator":"@FiscaliaCol","twitter_site":"@FiscaliaCol","twitter_misc":{"Escrito por":"Ana Mar\u00eda Gomez","Tiempo de lectura":"3 minutos"},"schema":{"@context":"https:\/\/schema.org","@graph":[{"@type":"Article","@id":"https:\/\/www.fiscalia.gov.co\/colombia\/dano-al-medio-ambiente\/fiscalia-intensifica-acciones-investigativas-y-judiciales-contra-el-trafico-y-consumo-de-animales-silvestres-en-semana-santa\/#article","isPartOf":{"@id":"https:\/\/www.fiscalia.gov.co\/colombia\/dano-al-medio-ambiente\/fiscalia-intensifica-acciones-investigativas-y-judiciales-contra-el-trafico-y-consumo-de-animales-silvestres-en-semana-santa\/"},"author":{"name":"Ana Mar\u00eda Gomez","@id":"https:\/\/www.fiscalia.gov.co\/colombia\/#\/schema\/person\/06aa2210fe4d79203f428ff671dee360"},"headline":"Fiscal\u00eda intensifica acciones investigativas y judiciales contra el tr\u00e1fico y consumo de animales silvestres en Semana Santa","datePublished":"2021-03-30T20:25:40+00:00","dateModified":"2021-03-30T20:25:40+00:00","mainEntityOfPage":{"@id":"https:\/\/www.fiscalia.gov.co\/colombia\/dano-al-medio-ambiente\/fiscalia-intensifica-acciones-investigativas-y-judiciales-contra-el-trafico-y-consumo-de-animales-silvestres-en-semana-santa\/"},"wordCount":524,"publisher":{"@id":"https:\/\/www.fiscalia.gov.co\/colombia\/#organization"},"keywords":["Fiscal Barbosa","Fiscal\u00eda"],"articleSection":["Da\u00f1o al medio ambiente"],"inLanguage":"es-CO"},{"@type":"WebPage","@id":"https:\/\/www.fiscalia.gov.co\/colombia\/dano-al-medio-ambiente\/fiscalia-intensifica-acciones-investigativas-y-judiciales-contra-el-trafico-y-consumo-de-animales-silvestres-en-semana-santa\/","url":"https:\/\/www.fiscalia.gov.co\/colombia\/dano-al-medio-ambiente\/fiscalia-intensifica-acciones-investigativas-y-judiciales-contra-el-trafico-y-consumo-de-animales-silvestres-en-semana-santa\/","name":"Fiscal\u00eda General de la Naci\u00f3n","isPartOf":{"@id":"https:\/\/www.fiscalia.gov.co\/colombia\/#website"},"datePublished":"2021-03-30T20:25:40+00:00","dateModified":"2021-03-30T20:25:40+00:00","description":"P\u00e1gina oficial de la Fiscal\u00eda General de la Naci\u00f3n \u2013 Colombia. Garantizamos el acceso efectivo a la justicia, la verdad y la reparaci\u00f3n de las v\u00edctimas de los delitos.","breadcrumb":{"@id":"https:\/\/www.fiscalia.gov.co\/colombia\/dano-al-medio-ambiente\/fiscalia-intensifica-acciones-investigativas-y-judiciales-contra-el-trafico-y-consumo-de-animales-silvestres-en-semana-santa\/#breadcrumb"},"inLanguage":"es-CO","potentialAction":[{"@type":"ReadAction","target":["https:\/\/www.fiscalia.gov.co\/colombia\/dano-al-medio-ambiente\/fiscalia-intensifica-acciones-investigativas-y-judiciales-contra-el-trafico-y-consumo-de-animales-silvestres-en-semana-santa\/"]}]},{"@type":"BreadcrumbList","@id":"https:\/\/www.fiscalia.gov.co\/colombia\/dano-al-medio-ambiente\/fiscalia-intensifica-acciones-investigativas-y-judiciales-contra-el-trafico-y-consumo-de-animales-silvestres-en-semana-santa\/#breadcrumb","itemListElement":[{"@type":"ListItem","position":1,"name":"Home","item":"https:\/\/www.fiscalia.gov.co\/colombia\/"},{"@type":"ListItem","position":2,"name":"Fiscal\u00eda intensifica acciones investigativas y judiciales contra el tr\u00e1fico y consumo de animales silvestres en Semana Santa"}]},{"@type":"WebSite","@id":"https:\/\/www.fiscalia.gov.co\/colombia\/#website","url":"https:\/\/www.fiscalia.gov.co\/colombia\/","name":"Fiscal\u00eda General de la Naci\u00f3n","description":"P\u00e1gina oficial de la Fiscal\u00eda General de la Naci\u00f3n \u2013 Colombia. Garantizamos el acceso efectivo a la justicia, la verdad y la reparaci\u00f3n de las v\u00edctimas de los delitos.","publisher":{"@id":"https:\/\/www.fiscalia.gov.co\/colombia\/#organization"},"potentialAction":[{"@type":"SearchAction","target":{"@type":"EntryPoint","urlTemplate":"https:\/\/www.fiscalia.gov.co\/colombia\/?s={search_term_string}"},"query-input":{"@type":"PropertyValueSpecification","valueRequired":true,"valueName":"search_term_string"}}],"inLanguage":"es-CO"},{"@type":"Organization","@id":"https:\/\/www.fiscalia.gov.co\/colombia\/#organization","name":"Fiscal\u00eda General de la Naci\u00f3n","url":"https:\/\/www.fiscalia.gov.co\/colombia\/","logo":{"@type":"ImageObject","inLanguage":"es-CO","@id":"https:\/\/www.fiscalia.gov.co\/colombia\/#\/schema\/logo\/image\/","url":"https:\/\/www.fiscalia.gov.co\/colombia\/wp-content\/uploads\/LogoHorizontal_1.jpg","contentUrl":"https:\/\/www.fiscalia.gov.co\/colombia\/wp-content\/uploads\/LogoHorizontal_1.jpg","width":300,"height":90,"caption":"Fiscal\u00eda General de la Naci\u00f3n"},"image":{"@id":"https:\/\/www.fiscalia.gov.co\/colombia\/#\/schema\/logo\/image\/"},"sameAs":["https:\/\/www.facebook.com\/FiscaliaCol","https:\/\/x.com\/FiscaliaCol","https:\/\/www.instagram.com\/fiscaliacol","https:\/\/www.linkedin.com\/company\/fiscalia-general-de-la-naci-n\/","https:\/\/youtube.com\/@fiscaliageneraldelanacion-4668?si=6nN79nyQICPU5iTh"]},{"@type":"Person","@id":"https:\/\/www.fiscalia.gov.co\/colombia\/#\/schema\/person\/06aa2210fe4d79203f428ff671dee360","name":"Ana Mar\u00eda Gomez","image":{"@type":"ImageObject","inLanguage":"es-CO","@id":"https:\/\/www.fiscalia.gov.co\/colombia\/#\/schema\/person\/image\/","url":"https:\/\/secure.gravatar.com\/avatar\/a38115d98a7f8a96cbb96af2b2c37a0b?s=96&d=mm&r=g","contentUrl":"https:\/\/secure.gravatar.com\/avatar\/a38115d98a7f8a96cbb96af2b2c37a0b?s=96&d=mm&r=g","caption":"Ana Mar\u00eda Gomez"},"url":"https:\/\/www.fiscalia.gov.co\/colombia\/author\/agomez\/"}]}},"_links":{"self":[{"href":"https:\/\/www.fiscalia.gov.co\/colombia\/wp-json\/wp\/v2\/posts\/216818","targetHints":{"allow":["GET"]}}],"collection":[{"href":"https:\/\/www.fiscalia.gov.co\/colombia\/wp-json\/wp\/v2\/posts"}],"about":[{"href":"https:\/\/www.fiscalia.gov.co\/colombia\/wp-json\/wp\/v2\/types\/post"}],"author":[{"embeddable":true,"href":"https:\/\/www.fiscalia.gov.co\/colombia\/wp-json\/wp\/v2\/users\/171"}],"replies":[{"embeddable":true,"href":"https:\/\/www.fiscalia.gov.co\/colombia\/wp-json\/wp\/v2\/comments?post=216818"}],"version-history":[{"count":1,"href":"https:\/\/www.fiscalia.gov.co\/colombia\/wp-json\/wp\/v2\/posts\/216818\/revisions"}],"predecessor-version":[{"id":216819,"href":"https:\/\/www.fiscalia.gov.co\/colombia\/wp-json\/wp\/v2\/posts\/216818\/revisions\/216819"}],"wp:attachment":[{"href":"https:\/\/www.fiscalia.gov.co\/colombia\/wp-json\/wp\/v2\/media?parent=216818"}],"wp:term":[{"taxonomy":"category","embeddable":true,"href":"https:\/\/www.fiscalia.gov.co\/colombia\/wp-json\/wp\/v2\/categories?post=216818"},{"taxonomy":"post_tag","embeddable":true,"href":"https:\/\/www.fiscalia.gov.co\/colombia\/wp-json\/wp\/v2\/tags?post=216818"}],"curies":[{"name":"wp","href":"https:\/\/api.w.org\/{rel}","templated":true}]}}