{"id":216781,"date":"2021-03-30T10:15:06","date_gmt":"2021-03-30T15:15:06","guid":{"rendered":"https:\/\/www.fiscalia.gov.co\/colombia\/?p=216781"},"modified":"2021-04-06T16:04:16","modified_gmt":"2021-04-06T21:04:16","slug":"carcel-para-funcionarios-de-una-institucion-prestadora-de-salud-que-atendia-a-la-poblacion-wayuu-de-la-guajira","status":"publish","type":"post","link":"https:\/\/www.fiscalia.gov.co\/colombia\/lucha-contra-corrupcion\/carcel-para-funcionarios-de-una-institucion-prestadora-de-salud-que-atendia-a-la-poblacion-wayuu-de-la-guajira\/","title":{"rendered":"C\u00e1rcel para funcionarios de una Instituci\u00f3n Prestadora de Salud que atend\u00eda a la poblaci\u00f3n Wayu\u00fa de La Guajira"},"content":{"rendered":"<blockquote>\n<h4 style=\"text-align: left;\"><strong><em>Los afectados se habr\u00edan apropiado de 2.839 millones de pesos de un contrato destinado a la atenci\u00f3n de comunidades ind\u00edgenas.<\/em><\/strong><\/h4>\n<\/blockquote>\n<p><a href=\"https:\/\/www.fiscalia.gov.co\/colombia\/bolsillos-de-cristal\/fiscalia-imputa-a-exfuncionarios-y-particulares-por-presuntas-irregularidades-en-el-contrato-de-construccion-de-una-sede-de-la-universidad-de-choco\/\">Por solicitud de la Fiscal\u00eda General de la Naci\u00f3n<\/a>, un juez penal de control de garant\u00edas de Manaure (La Guajira) impuso <strong>medida de aseguramiento en centro carcelario a <\/strong><strong>Julio C\u00e9sar Castillo y Juan Carlos de la Cruz Ortiz<\/strong>, funcionarios de una Instituci\u00f3n Prestadora de Salud (IPS) que atend\u00eda a la poblaci\u00f3n ind\u00edgena de La Guajira.<\/p>\n<p>Los procesados, supuestamente, <strong>incurrieron en irregularidades durante la ejecuci\u00f3n de un contrato suscrito con la Alcald\u00eda de Manaure (La Guajira<\/strong>). Al parecer, la IPS no contaba con la idoneidad ni la capacidad log\u00edstica requerida para cumplir el objeto del convenio que contempl\u00f3 la atenci\u00f3n m\u00e9dica, el seguimiento nutricional mensual de las comunidades, y la entrega de mercados y agua potable a 2.000 familias de la alta Guajira afectadas por el fen\u00f3meno del ni\u00f1o en 2015.<\/p>\n<p>En las investigaciones se determin\u00f3 que Julio C\u00e9sar Castillo, en su calidad de gerente de la IPS; y Juan Carlos de la Cruz Ortiz, contador y revisor fiscal de la misma; habr\u00edan <a href=\"https:\/\/www.fiscalia.gov.co\/colombia\/bolsillos-de-cristal\/fiscalia-imputa-al-director-del-instituto-de-gestion-de-riesgo-de-bogota-por-presuntas-irregularidades-de-contratacion-al-amparo-de-la-emergencia-por-el-covid-19\/\">incurrido en posibles actos de <strong>corrupci\u00f3n<\/strong><\/a><strong> para apropiarse de 2.839 millones del referido contrato, cuyo costo alcanz\u00f3 los 8.000 millones de pesos. <\/strong><\/p>\n<p>En ese sentido, una fiscal de la Direcci\u00f3n Especializada contra la Corrupci\u00f3n les imput\u00f3 los delitos de inter\u00e9s indebido en la celebraci\u00f3n de contratos, peculado por apropiaci\u00f3n, falsedad en documento privado y cohecho por dar u ofrecer. Los cargos no fueron aceptados.<\/p>\n<p><strong><u>Posibles irregularidades <\/u><\/strong><\/p>\n<p>El material probatorio demostrar\u00eda que Castillo <strong>gir\u00f3 30 cheques, cada uno por 3.000 millones de pesos, los cuales presuntamente fueron cobrados por \u00e9l mismo<\/strong>. Hay indicios de que alimentos, adquiridos supuestamente por $900\u2019000.000, no llegaron en su totalidad a las comunidades necesitadas. Asimismo, se conoci\u00f3 que los productos comprados fueron facturados con un sobrecosto de 50%.<\/p>\n<p>En cuanto al servicio m\u00e9dico especializado para los 8.000 mil beneficiados, se determin\u00f3 que los m\u00e9dicos solo estuvieron en una ocasi\u00f3n con la poblaci\u00f3n y atendieron a 1.621 personas. El contrato dispon\u00eda visitas de valoraci\u00f3n durante cinco meses.<\/p>\n<p>Otra de las anomal\u00edas <strong>estar\u00eda relacionada con la indebida contrataci\u00f3n<\/strong> de personal m\u00e9dico (enfermeras, nutricionistas, vacunadoras, ginec\u00f3logos, internistas y trabajadoras sociales), profesionales que fueron contratados por sueldos inferiores a $6\u2019000.000. Sin embargo, fueron reportadas vinculaciones laborales hasta por $58\u2019000.000.<\/p>\n<p><a href=\"https:\/\/www.fiscalia.gov.co\/colombia\/bolsillos-de-cristal\/sentido-de-fallo-condenatorio-contra-el-exmagistrado-francisco-javier-ricaurte-gomez-por-hechos-de-corrupcion-en-la-justicia\/\">La lucha contra la corrupci\u00f3n<\/a> fue definida como una prioridad por el Fiscal General de la Naci\u00f3n, Francisco Barbosa Delgado, en el Direccionamiento Estrat\u00e9gico 2020 \u2013 2024.<\/p>\n<p>La Fiscal\u00eda General de la Naci\u00f3n publica esta informaci\u00f3n por razones de inter\u00e9s general.<\/p>\n<p><strong>La Fiscal\u00eda habla con resultados.<\/strong><\/p>\n<p>LAG\/MAGA\/EAC\/JARG.<\/p>\n<p><em>La informaci\u00f3n contenida en este bolet\u00edn de prensa corresponde a la narraci\u00f3n de los hechos noticiosos objetivos, suministrados por los funcionarios encargados de adelantar las investigaciones penales al interior de la Fiscal\u00eda General de la Naci\u00f3n. Para el momento de la divulgaci\u00f3n de este comunicado, la situaci\u00f3n jur\u00eddica de la(s) persona(s) relacionada(s) se encuentra pendiente de resolver por la autoridad judicial competente, siempre bajo los preceptos de la presunci\u00f3n de inocencia, consagrados en el art\u00edculo 29 de la Constituci\u00f3n Pol\u00edtica y el art\u00edculo 7\u00ba de la Ley 906 de 2004.<\/em><\/p>\n<p>&nbsp;<\/p>\n\n<div class=\"twitter-share\"><a href=\"https:\/\/twitter.com\/intent\/tweet?via=fiscaliacol\" class=\"twitter-share-button\">Tweet<\/a><\/div>\n","protected":false},"excerpt":{"rendered":"<p>Los afectados se habr\u00edan apropiado de 2.839 millones de pesos de un contrato destinado a la atenci\u00f3n de comunidades ind\u00edgenas. Por solicitud de la Fiscal\u00eda General de la Naci\u00f3n, un [&hellip;]<\/p>\n","protected":false},"author":171,"featured_media":0,"comment_status":"closed","ping_status":"open","sticky":false,"template":"","format":"video","meta":{"tdm_status":"","tdm_grid_status":"","footnotes":""},"categories":[24107],"tags":[427,3456,26436,16743],"class_list":["post-216781","post","type-post","status-publish","format-video","category-lucha-contra-corrupcion","tag-corrupcion","tag-delitos-contra-la-administracion-publica","tag-ninos-y-ninas","tag-seccional-guajira","post_format-post-format-video"],"yoast_head":"<!-- This site is optimized with the Yoast SEO plugin v24.3 - https:\/\/yoast.com\/wordpress\/plugins\/seo\/ -->\n<title>Fiscal\u00eda General de la Naci\u00f3n<\/title>\n<meta name=\"description\" content=\"P\u00e1gina oficial de la Fiscal\u00eda General de la Naci\u00f3n \u2013 Colombia. Garantizamos el acceso efectivo a la justicia, la verdad y la reparaci\u00f3n de las v\u00edctimas de los delitos.\" \/>\n<meta name=\"robots\" content=\"noindex, follow\" \/>\n<meta property=\"og:locale\" content=\"es_ES\" \/>\n<meta property=\"og:type\" content=\"article\" \/>\n<meta property=\"og:title\" content=\"Fiscal\u00eda General de la Naci\u00f3n\" \/>\n<meta property=\"og:description\" content=\"P\u00e1gina oficial de la Fiscal\u00eda General de la Naci\u00f3n \u2013 Colombia. Garantizamos el acceso efectivo a la justicia, la verdad y la reparaci\u00f3n de las v\u00edctimas de los delitos.\" \/>\n<meta property=\"og:url\" content=\"https:\/\/www.fiscalia.gov.co\/colombia\/lucha-contra-corrupcion\/carcel-para-funcionarios-de-una-institucion-prestadora-de-salud-que-atendia-a-la-poblacion-wayuu-de-la-guajira\/\" \/>\n<meta property=\"og:site_name\" content=\"Fiscal\u00eda General de la Naci\u00f3n\" \/>\n<meta property=\"article:publisher\" content=\"https:\/\/www.facebook.com\/FiscaliaCol\" \/>\n<meta property=\"article:published_time\" content=\"2021-03-30T15:15:06+00:00\" \/>\n<meta property=\"article:modified_time\" content=\"2021-04-06T21:04:16+00:00\" \/>\n<meta name=\"author\" content=\"Ana Mar\u00eda Gomez\" \/>\n<meta name=\"twitter:card\" content=\"summary_large_image\" \/>\n<meta name=\"twitter:creator\" content=\"@FiscaliaCol\" \/>\n<meta name=\"twitter:site\" content=\"@FiscaliaCol\" \/>\n<meta name=\"twitter:label1\" content=\"Escrito por\" \/>\n\t<meta name=\"twitter:data1\" content=\"Ana Mar\u00eda Gomez\" \/>\n\t<meta name=\"twitter:label2\" content=\"Tiempo de lectura\" \/>\n\t<meta name=\"twitter:data2\" content=\"3 minutos\" \/>\n<script type=\"application\/ld+json\" class=\"yoast-schema-graph\">{\"@context\":\"https:\/\/schema.org\",\"@graph\":[{\"@type\":\"Article\",\"@id\":\"https:\/\/www.fiscalia.gov.co\/colombia\/lucha-contra-corrupcion\/carcel-para-funcionarios-de-una-institucion-prestadora-de-salud-que-atendia-a-la-poblacion-wayuu-de-la-guajira\/#article\",\"isPartOf\":{\"@id\":\"https:\/\/www.fiscalia.gov.co\/colombia\/lucha-contra-corrupcion\/carcel-para-funcionarios-de-una-institucion-prestadora-de-salud-que-atendia-a-la-poblacion-wayuu-de-la-guajira\/\"},\"author\":{\"name\":\"Ana Mar\u00eda Gomez\",\"@id\":\"https:\/\/www.fiscalia.gov.co\/colombia\/#\/schema\/person\/06aa2210fe4d79203f428ff671dee360\"},\"headline\":\"C\u00e1rcel para funcionarios de una Instituci\u00f3n Prestadora de Salud que atend\u00eda a la poblaci\u00f3n Wayu\u00fa de La Guajira\",\"datePublished\":\"2021-03-30T15:15:06+00:00\",\"dateModified\":\"2021-04-06T21:04:16+00:00\",\"mainEntityOfPage\":{\"@id\":\"https:\/\/www.fiscalia.gov.co\/colombia\/lucha-contra-corrupcion\/carcel-para-funcionarios-de-una-institucion-prestadora-de-salud-que-atendia-a-la-poblacion-wayuu-de-la-guajira\/\"},\"wordCount\":586,\"publisher\":{\"@id\":\"https:\/\/www.fiscalia.gov.co\/colombia\/#organization\"},\"keywords\":[\"Corrupci\u00f3n\",\"Delitos Contra la Administraci\u00f3n P\u00fablica\",\"Ni\u00f1os y Ni\u00f1as\",\"Seccional Guajira\"],\"articleSection\":[\"Corrupci\u00f3n\"],\"inLanguage\":\"es-CO\"},{\"@type\":\"WebPage\",\"@id\":\"https:\/\/www.fiscalia.gov.co\/colombia\/lucha-contra-corrupcion\/carcel-para-funcionarios-de-una-institucion-prestadora-de-salud-que-atendia-a-la-poblacion-wayuu-de-la-guajira\/\",\"url\":\"https:\/\/www.fiscalia.gov.co\/colombia\/lucha-contra-corrupcion\/carcel-para-funcionarios-de-una-institucion-prestadora-de-salud-que-atendia-a-la-poblacion-wayuu-de-la-guajira\/\",\"name\":\"Fiscal\u00eda General de la Naci\u00f3n\",\"isPartOf\":{\"@id\":\"https:\/\/www.fiscalia.gov.co\/colombia\/#website\"},\"datePublished\":\"2021-03-30T15:15:06+00:00\",\"dateModified\":\"2021-04-06T21:04:16+00:00\",\"description\":\"P\u00e1gina oficial de la Fiscal\u00eda General de la Naci\u00f3n \u2013 Colombia. Garantizamos el acceso efectivo a la justicia, la verdad y la reparaci\u00f3n de las v\u00edctimas de los delitos.\",\"breadcrumb\":{\"@id\":\"https:\/\/www.fiscalia.gov.co\/colombia\/lucha-contra-corrupcion\/carcel-para-funcionarios-de-una-institucion-prestadora-de-salud-que-atendia-a-la-poblacion-wayuu-de-la-guajira\/#breadcrumb\"},\"inLanguage\":\"es-CO\",\"potentialAction\":[{\"@type\":\"ReadAction\",\"target\":[\"https:\/\/www.fiscalia.gov.co\/colombia\/lucha-contra-corrupcion\/carcel-para-funcionarios-de-una-institucion-prestadora-de-salud-que-atendia-a-la-poblacion-wayuu-de-la-guajira\/\"]}]},{\"@type\":\"BreadcrumbList\",\"@id\":\"https:\/\/www.fiscalia.gov.co\/colombia\/lucha-contra-corrupcion\/carcel-para-funcionarios-de-una-institucion-prestadora-de-salud-que-atendia-a-la-poblacion-wayuu-de-la-guajira\/#breadcrumb\",\"itemListElement\":[{\"@type\":\"ListItem\",\"position\":1,\"name\":\"Home\",\"item\":\"https:\/\/www.fiscalia.gov.co\/colombia\/\"},{\"@type\":\"ListItem\",\"position\":2,\"name\":\"C\u00e1rcel para funcionarios de una Instituci\u00f3n Prestadora de Salud que atend\u00eda a la poblaci\u00f3n Wayu\u00fa de La Guajira\"}]},{\"@type\":\"WebSite\",\"@id\":\"https:\/\/www.fiscalia.gov.co\/colombia\/#website\",\"url\":\"https:\/\/www.fiscalia.gov.co\/colombia\/\",\"name\":\"Fiscal\u00eda General de la Naci\u00f3n\",\"description\":\"P\u00e1gina oficial de la Fiscal\u00eda General de la Naci\u00f3n \u2013 Colombia. Garantizamos el acceso efectivo a la justicia, la verdad y la reparaci\u00f3n de las v\u00edctimas de los delitos.\",\"publisher\":{\"@id\":\"https:\/\/www.fiscalia.gov.co\/colombia\/#organization\"},\"potentialAction\":[{\"@type\":\"SearchAction\",\"target\":{\"@type\":\"EntryPoint\",\"urlTemplate\":\"https:\/\/www.fiscalia.gov.co\/colombia\/?s={search_term_string}\"},\"query-input\":{\"@type\":\"PropertyValueSpecification\",\"valueRequired\":true,\"valueName\":\"search_term_string\"}}],\"inLanguage\":\"es-CO\"},{\"@type\":\"Organization\",\"@id\":\"https:\/\/www.fiscalia.gov.co\/colombia\/#organization\",\"name\":\"Fiscal\u00eda General de la Naci\u00f3n\",\"url\":\"https:\/\/www.fiscalia.gov.co\/colombia\/\",\"logo\":{\"@type\":\"ImageObject\",\"inLanguage\":\"es-CO\",\"@id\":\"https:\/\/www.fiscalia.gov.co\/colombia\/#\/schema\/logo\/image\/\",\"url\":\"https:\/\/www.fiscalia.gov.co\/colombia\/wp-content\/uploads\/LogoHorizontal_1.jpg\",\"contentUrl\":\"https:\/\/www.fiscalia.gov.co\/colombia\/wp-content\/uploads\/LogoHorizontal_1.jpg\",\"width\":300,\"height\":90,\"caption\":\"Fiscal\u00eda General de la Naci\u00f3n\"},\"image\":{\"@id\":\"https:\/\/www.fiscalia.gov.co\/colombia\/#\/schema\/logo\/image\/\"},\"sameAs\":[\"https:\/\/www.facebook.com\/FiscaliaCol\",\"https:\/\/x.com\/FiscaliaCol\",\"https:\/\/www.instagram.com\/fiscaliacol\",\"https:\/\/www.linkedin.com\/company\/fiscalia-general-de-la-naci-n\/\",\"https:\/\/youtube.com\/@fiscaliageneraldelanacion-4668?si=6nN79nyQICPU5iTh\"]},{\"@type\":\"Person\",\"@id\":\"https:\/\/www.fiscalia.gov.co\/colombia\/#\/schema\/person\/06aa2210fe4d79203f428ff671dee360\",\"name\":\"Ana Mar\u00eda Gomez\",\"image\":{\"@type\":\"ImageObject\",\"inLanguage\":\"es-CO\",\"@id\":\"https:\/\/www.fiscalia.gov.co\/colombia\/#\/schema\/person\/image\/\",\"url\":\"https:\/\/secure.gravatar.com\/avatar\/a38115d98a7f8a96cbb96af2b2c37a0b?s=96&d=mm&r=g\",\"contentUrl\":\"https:\/\/secure.gravatar.com\/avatar\/a38115d98a7f8a96cbb96af2b2c37a0b?s=96&d=mm&r=g\",\"caption\":\"Ana Mar\u00eda Gomez\"},\"url\":\"https:\/\/www.fiscalia.gov.co\/colombia\/author\/agomez\/\"}]}<\/script>\n<!-- \/ Yoast SEO plugin. -->","yoast_head_json":{"title":"Fiscal\u00eda General de la Naci\u00f3n","description":"P\u00e1gina oficial de la Fiscal\u00eda General de la Naci\u00f3n \u2013 Colombia. Garantizamos el acceso efectivo a la justicia, la verdad y la reparaci\u00f3n de las v\u00edctimas de los delitos.","robots":{"index":"noindex","follow":"follow"},"og_locale":"es_ES","og_type":"article","og_title":"Fiscal\u00eda General de la Naci\u00f3n","og_description":"P\u00e1gina oficial de la Fiscal\u00eda General de la Naci\u00f3n \u2013 Colombia. Garantizamos el acceso efectivo a la justicia, la verdad y la reparaci\u00f3n de las v\u00edctimas de los delitos.","og_url":"https:\/\/www.fiscalia.gov.co\/colombia\/lucha-contra-corrupcion\/carcel-para-funcionarios-de-una-institucion-prestadora-de-salud-que-atendia-a-la-poblacion-wayuu-de-la-guajira\/","og_site_name":"Fiscal\u00eda General de la Naci\u00f3n","article_publisher":"https:\/\/www.facebook.com\/FiscaliaCol","article_published_time":"2021-03-30T15:15:06+00:00","article_modified_time":"2021-04-06T21:04:16+00:00","author":"Ana Mar\u00eda Gomez","twitter_card":"summary_large_image","twitter_creator":"@FiscaliaCol","twitter_site":"@FiscaliaCol","twitter_misc":{"Escrito por":"Ana Mar\u00eda Gomez","Tiempo de lectura":"3 minutos"},"schema":{"@context":"https:\/\/schema.org","@graph":[{"@type":"Article","@id":"https:\/\/www.fiscalia.gov.co\/colombia\/lucha-contra-corrupcion\/carcel-para-funcionarios-de-una-institucion-prestadora-de-salud-que-atendia-a-la-poblacion-wayuu-de-la-guajira\/#article","isPartOf":{"@id":"https:\/\/www.fiscalia.gov.co\/colombia\/lucha-contra-corrupcion\/carcel-para-funcionarios-de-una-institucion-prestadora-de-salud-que-atendia-a-la-poblacion-wayuu-de-la-guajira\/"},"author":{"name":"Ana Mar\u00eda Gomez","@id":"https:\/\/www.fiscalia.gov.co\/colombia\/#\/schema\/person\/06aa2210fe4d79203f428ff671dee360"},"headline":"C\u00e1rcel para funcionarios de una Instituci\u00f3n Prestadora de Salud que atend\u00eda a la poblaci\u00f3n Wayu\u00fa de La Guajira","datePublished":"2021-03-30T15:15:06+00:00","dateModified":"2021-04-06T21:04:16+00:00","mainEntityOfPage":{"@id":"https:\/\/www.fiscalia.gov.co\/colombia\/lucha-contra-corrupcion\/carcel-para-funcionarios-de-una-institucion-prestadora-de-salud-que-atendia-a-la-poblacion-wayuu-de-la-guajira\/"},"wordCount":586,"publisher":{"@id":"https:\/\/www.fiscalia.gov.co\/colombia\/#organization"},"keywords":["Corrupci\u00f3n","Delitos Contra la Administraci\u00f3n P\u00fablica","Ni\u00f1os y Ni\u00f1as","Seccional Guajira"],"articleSection":["Corrupci\u00f3n"],"inLanguage":"es-CO"},{"@type":"WebPage","@id":"https:\/\/www.fiscalia.gov.co\/colombia\/lucha-contra-corrupcion\/carcel-para-funcionarios-de-una-institucion-prestadora-de-salud-que-atendia-a-la-poblacion-wayuu-de-la-guajira\/","url":"https:\/\/www.fiscalia.gov.co\/colombia\/lucha-contra-corrupcion\/carcel-para-funcionarios-de-una-institucion-prestadora-de-salud-que-atendia-a-la-poblacion-wayuu-de-la-guajira\/","name":"Fiscal\u00eda General de la Naci\u00f3n","isPartOf":{"@id":"https:\/\/www.fiscalia.gov.co\/colombia\/#website"},"datePublished":"2021-03-30T15:15:06+00:00","dateModified":"2021-04-06T21:04:16+00:00","description":"P\u00e1gina oficial de la Fiscal\u00eda General de la Naci\u00f3n \u2013 Colombia. Garantizamos el acceso efectivo a la justicia, la verdad y la reparaci\u00f3n de las v\u00edctimas de los delitos.","breadcrumb":{"@id":"https:\/\/www.fiscalia.gov.co\/colombia\/lucha-contra-corrupcion\/carcel-para-funcionarios-de-una-institucion-prestadora-de-salud-que-atendia-a-la-poblacion-wayuu-de-la-guajira\/#breadcrumb"},"inLanguage":"es-CO","potentialAction":[{"@type":"ReadAction","target":["https:\/\/www.fiscalia.gov.co\/colombia\/lucha-contra-corrupcion\/carcel-para-funcionarios-de-una-institucion-prestadora-de-salud-que-atendia-a-la-poblacion-wayuu-de-la-guajira\/"]}]},{"@type":"BreadcrumbList","@id":"https:\/\/www.fiscalia.gov.co\/colombia\/lucha-contra-corrupcion\/carcel-para-funcionarios-de-una-institucion-prestadora-de-salud-que-atendia-a-la-poblacion-wayuu-de-la-guajira\/#breadcrumb","itemListElement":[{"@type":"ListItem","position":1,"name":"Home","item":"https:\/\/www.fiscalia.gov.co\/colombia\/"},{"@type":"ListItem","position":2,"name":"C\u00e1rcel para funcionarios de una Instituci\u00f3n Prestadora de Salud que atend\u00eda a la poblaci\u00f3n Wayu\u00fa de La Guajira"}]},{"@type":"WebSite","@id":"https:\/\/www.fiscalia.gov.co\/colombia\/#website","url":"https:\/\/www.fiscalia.gov.co\/colombia\/","name":"Fiscal\u00eda General de la Naci\u00f3n","description":"P\u00e1gina oficial de la Fiscal\u00eda General de la Naci\u00f3n \u2013 Colombia. Garantizamos el acceso efectivo a la justicia, la verdad y la reparaci\u00f3n de las v\u00edctimas de los delitos.","publisher":{"@id":"https:\/\/www.fiscalia.gov.co\/colombia\/#organization"},"potentialAction":[{"@type":"SearchAction","target":{"@type":"EntryPoint","urlTemplate":"https:\/\/www.fiscalia.gov.co\/colombia\/?s={search_term_string}"},"query-input":{"@type":"PropertyValueSpecification","valueRequired":true,"valueName":"search_term_string"}}],"inLanguage":"es-CO"},{"@type":"Organization","@id":"https:\/\/www.fiscalia.gov.co\/colombia\/#organization","name":"Fiscal\u00eda General de la Naci\u00f3n","url":"https:\/\/www.fiscalia.gov.co\/colombia\/","logo":{"@type":"ImageObject","inLanguage":"es-CO","@id":"https:\/\/www.fiscalia.gov.co\/colombia\/#\/schema\/logo\/image\/","url":"https:\/\/www.fiscalia.gov.co\/colombia\/wp-content\/uploads\/LogoHorizontal_1.jpg","contentUrl":"https:\/\/www.fiscalia.gov.co\/colombia\/wp-content\/uploads\/LogoHorizontal_1.jpg","width":300,"height":90,"caption":"Fiscal\u00eda General de la Naci\u00f3n"},"image":{"@id":"https:\/\/www.fiscalia.gov.co\/colombia\/#\/schema\/logo\/image\/"},"sameAs":["https:\/\/www.facebook.com\/FiscaliaCol","https:\/\/x.com\/FiscaliaCol","https:\/\/www.instagram.com\/fiscaliacol","https:\/\/www.linkedin.com\/company\/fiscalia-general-de-la-naci-n\/","https:\/\/youtube.com\/@fiscaliageneraldelanacion-4668?si=6nN79nyQICPU5iTh"]},{"@type":"Person","@id":"https:\/\/www.fiscalia.gov.co\/colombia\/#\/schema\/person\/06aa2210fe4d79203f428ff671dee360","name":"Ana Mar\u00eda Gomez","image":{"@type":"ImageObject","inLanguage":"es-CO","@id":"https:\/\/www.fiscalia.gov.co\/colombia\/#\/schema\/person\/image\/","url":"https:\/\/secure.gravatar.com\/avatar\/a38115d98a7f8a96cbb96af2b2c37a0b?s=96&d=mm&r=g","contentUrl":"https:\/\/secure.gravatar.com\/avatar\/a38115d98a7f8a96cbb96af2b2c37a0b?s=96&d=mm&r=g","caption":"Ana Mar\u00eda Gomez"},"url":"https:\/\/www.fiscalia.gov.co\/colombia\/author\/agomez\/"}]}},"_links":{"self":[{"href":"https:\/\/www.fiscalia.gov.co\/colombia\/wp-json\/wp\/v2\/posts\/216781","targetHints":{"allow":["GET"]}}],"collection":[{"href":"https:\/\/www.fiscalia.gov.co\/colombia\/wp-json\/wp\/v2\/posts"}],"about":[{"href":"https:\/\/www.fiscalia.gov.co\/colombia\/wp-json\/wp\/v2\/types\/post"}],"author":[{"embeddable":true,"href":"https:\/\/www.fiscalia.gov.co\/colombia\/wp-json\/wp\/v2\/users\/171"}],"replies":[{"embeddable":true,"href":"https:\/\/www.fiscalia.gov.co\/colombia\/wp-json\/wp\/v2\/comments?post=216781"}],"version-history":[{"count":1,"href":"https:\/\/www.fiscalia.gov.co\/colombia\/wp-json\/wp\/v2\/posts\/216781\/revisions"}],"predecessor-version":[{"id":216782,"href":"https:\/\/www.fiscalia.gov.co\/colombia\/wp-json\/wp\/v2\/posts\/216781\/revisions\/216782"}],"wp:attachment":[{"href":"https:\/\/www.fiscalia.gov.co\/colombia\/wp-json\/wp\/v2\/media?parent=216781"}],"wp:term":[{"taxonomy":"category","embeddable":true,"href":"https:\/\/www.fiscalia.gov.co\/colombia\/wp-json\/wp\/v2\/categories?post=216781"},{"taxonomy":"post_tag","embeddable":true,"href":"https:\/\/www.fiscalia.gov.co\/colombia\/wp-json\/wp\/v2\/tags?post=216781"}],"curies":[{"name":"wp","href":"https:\/\/api.w.org\/{rel}","templated":true}]}}