{"id":216766,"date":"2021-03-29T18:34:34","date_gmt":"2021-03-29T23:34:34","guid":{"rendered":"https:\/\/www.fiscalia.gov.co\/colombia\/?p=216766"},"modified":"2021-04-07T11:00:47","modified_gmt":"2021-04-07T16:00:47","slug":"en-norte-de-santander-la-fiscalia-adelanto-ofensiva-contra-el-microtrafico-homicidio-y-corrupcion","status":"publish","type":"post","link":"https:\/\/www.fiscalia.gov.co\/colombia\/seguridad-territorial\/en-norte-de-santander-la-fiscalia-adelanto-ofensiva-contra-el-microtrafico-homicidio-y-corrupcion\/","title":{"rendered":"En Norte de Santander, la Fiscal\u00eda adelant\u00f3 ofensiva contra el microtr\u00e1fico, homicidio y corrupci\u00f3n"},"content":{"rendered":"<p class=\"x_x_MsoNormal\"><span lang=\"ES\">En cumplimiento del Direccionamiento Estrat\u00e9gico del\u00a0<\/span><span lang=\"ES\"><b>Fiscal General de la Naci\u00f3n, Francisco Barbosa Delgado,<\/b><\/span><span lang=\"ES\">\u00a0de priorizar las investigaciones por delitos que atentan contra la seguridad ciudadana, la Direcci\u00f3n Seccional de Norte de Santander en articulaci\u00f3n con servidores del\u00a0<\/span><span lang=\"ES\"><b>Cuerpo T\u00e9cnico de Investigaci\u00f3n (CTI)<\/b><\/span><span lang=\"ES\">, la Sij\u00edn y el Ejercito Nacional, desarticularon tres grupos delincuenciales as\u00ed:<\/span><\/p>\n<p class=\"x_x_MsoNormal\"><b><span lang=\"ES\">Microtr\u00e1fico &#8211; Grupo delincuencial Los Zulianos<\/span><\/b><\/p>\n<p class=\"x_x_MsoNormal\">Gracias al trabajo realizado por la polic\u00eda judicial, durante 24 meses, se logr\u00f3 identificar a\u00a011 presuntos integrantes del grupo delincuencial Los Zulianos,\u00a0dedicados al almacenamiento,\u00a0<a href=\"https:\/\/www.fiscalia.gov.co\/colombia\/seccionales\/fiscalia-impacto-al-grupo-de-delincuencia-organizada-los-tintin-dedicado-al-trafico-de-estupefacientes-en-girardot-cundinamarca\/\" target=\"_blank\" rel=\"noopener noreferrer\">distribuci\u00f3n<\/a>\u00a0y comercializaci\u00f3n de sustancias estupefacientes en diferentes barrios del municipio de Zulia (Norte de Santander).<\/p>\n<p class=\"x_x_MsoNormal\">A los procesados,\u00a0Jhonier Danilo G\u00f3mez Suarez,\u00a0Carlos David Granados Guerrero, Carlos Daniel Granados Guerrero, Edward Stewart Ariza Herrera, la fiscal\u00eda los judicializ\u00f3 por el delito de concierto para delinquir con fines de narcotr\u00e1fico.<\/p>\n<p class=\"x_x_MsoNormal\">Entretanto, Jhamk Carlos Bautista V\u00e1squez, Ricardo Juli\u00e1n Bautista V\u00e1squez, Jos\u00e9 Antonio Su\u00e1rez, Dheninson Alexander Correa Quiroga, Nelson Enrique, Maria Camila D\u00edaz Contreras Restrepo y Rito Alberto Correa T\u00e9llez, se le imputaron cargos por el delito de tr\u00e1fico, fabricaci\u00f3n o porte de estupefacientes en concurso homog\u00e9neo y sucesivo.<\/p>\n<p class=\"x_x_MsoNormal\">En audiencias preliminares ante un juez con funciones de control de garant\u00edas, los hermanos Bautista V\u00e1squez se allanaron a los cargos formulados por la Fiscal\u00eda.<\/p>\n<p class=\"x_x_MsoNormal\">Por determinaci\u00f3n del ente juzgador a los procesados se les impuso medida de\u00a0<a href=\"https:\/\/www.fiscalia.gov.co\/colombia\/trafico-de-estupefacientes\/desarticulada-la-organizacion-delincuencial-atenas-presuntamente-dedicada-al-trafico-de-estupefacientes\/\" target=\"_blank\" rel=\"noopener noreferrer\">aseguramiento privativa<\/a>\u00a0de la libertad en establecimiento carcelario.<\/p>\n<p class=\"x_x_MsoNormal\"><b>Homicidios- Grupo delincuencial Los del Canal<\/b><\/p>\n<p class=\"x_x_MsoNormal\">Por solicitud de un fiscal Seccional de Norte de Santander, una juez de control de garant\u00edas de C\u00facuta impuso medida de aseguramiento privativa de la libertad en contra de seis presuntos integrantes de un\u00a0<b>Grupo Delincuencial Com\u00fan Organizado Los del Canal<\/b>, se\u00f1alados de perpetrar\u00a0<a href=\"https:\/\/www.fiscalia.gov.co\/colombia\/seguridad-ciudadana\/asegurado-presunto-integrante-de-la-banda-los-espartanos-por-homicidio-agravado\/\" target=\"_blank\" rel=\"noopener noreferrer\">homicidios<\/a>\u00a0en esta ciudad.<\/p>\n<p class=\"x_x_MsoNormal\">Las indagaciones adelantadas por la Fiscal\u00eda en coordinaci\u00f3n con investigadores del CTI y de la Polic\u00eda Nacional, permitieron evidenciar la existencia de este grupo, quienes estar\u00edan vinculados a\u00a0<a href=\"https:\/\/www.fiscalia.gov.co\/colombia\/seccionales\/asegurados-cinco-presuntos-integrantes-de-la-banda-delincuencial-tazmania-senalados-como-posibles-autores-de-la-tortura-y-homicidio-de-una-menor-de-15-anos-en-bogota\/\" target=\"_blank\" rel=\"noopener noreferrer\">seis asesinatos<\/a>\u00a0ocurridos en los meses de junio, noviembre y diciembre de 2020,\u00a0 y dos en enero y febrero de 2021, al parecer por disputas y control de territorio para la venta de estupefacientes, en la comuna 1 de esta ciudad.<\/p>\n<p class=\"x_x_MsoNormal\">Los procesados son:<\/p>\n<ul type=\"disc\">\n<li class=\"x_x_MsoNormal\"><span lang=\"ES-TRAD\">Germ\u00e1n Luis Mendoza Noguera fue judicializado por los delitos de\u00a0<\/span><span lang=\"ES-TRAD\">homicidio agravado en concurso homog\u00e9neo y sucesivo, en concurso heterog\u00e9neo con fabricaci\u00f3n, tr\u00e1fico, porte o tenencia de armas de fuego, accesorios, partes o municiones agravado en concurso heterog\u00e9neo con concierto para delinquir.<\/span><span lang=\"ES-TRAD\"><br \/>\n<\/span><\/li>\n<li class=\"x_x_MsoNormal\"><span lang=\"ES-TRAD\">Dixon Javier Colina Zavala fue imputado por los delitos de\u00a0<\/span><span lang=\"ES-TRAD\">homicidio agravado en concurso homog\u00e9neo y sucesivo, en concurso heterog\u00e9neo con fabricaci\u00f3n, tr\u00e1fico, porte o tenencia de armas de fuego, accesorios, partes o municiones agravado en concurso heterog\u00e9neo con concierto para delinquir y tr\u00e1fico, fabricaci\u00f3n o porte de estupefacientes.<\/span><span lang=\"ES-TRAD\"><br \/>\n<\/span><\/li>\n<li class=\"x_x_MsoNormal\"><span lang=\"ES-TRAD\">Luis Miguel Rodr\u00edguez Ochoa fue\u00a0<\/span><span lang=\"ES-TRAD\"><a target=\"_blank\" rel=\"noopener noreferrer\" name=\"x_x__Hlk67901890\"><\/a>judicializado por los delitos de\u00a0<\/span><span lang=\"ES-TRAD\">homicidio agravado en concurso homog\u00e9neo y sucesivo, en concurso heterog\u00e9neo con fabricaci\u00f3n, tr\u00e1fico, porte o tenencia de armas de fuego, accesorios, partes o municiones agravado en concurso heterog\u00e9neo con concierto para delinquir.<\/span><\/li>\n<li class=\"x_x_MsoNormalCxSpMiddle\"><span lang=\"ES-TRAD\">Andreangelys Anais S\u00e1nchez Gil, alias La Negra, judicializada por los delitos de homicidio, en concurso con fabricaci\u00f3n tr\u00e1fico porte y tenencia de armas de fuego o munici\u00f3n, y concierto para delinquir.\u00a0<\/span><span lang=\"ES-TRAD\"><br \/>\n<\/span><\/li>\n<li class=\"x_x_MsoNormal\">Yoel Yoneiker Carvajal Orellana imputado<span lang=\"ES-TRAD\">\u00a0por los delitos de\u00a0<\/span><span lang=\"ES-TRAD\"><span style=\"color: #000000;\">homicidio agravado en concurso homog\u00e9neo y sucesivo, en concurso heterog\u00e9neo con fabricaci\u00f3n, tr\u00e1fico, porte o tenencia de armas de fuego, accesorios, partes o municiones agravado en concurso heterog\u00e9neo con concierto para delinquir.<br \/>\n<\/span><\/span><\/li>\n<li class=\"x_x_MsoNormal\"><span lang=\"ES-TRAD\">Miguel \u00c1ngel Castillo Barillas se le endilgaron los delitos de\u00a0<\/span><span lang=\"ES-TRAD\">tr\u00e1fico, fabricaci\u00f3n o porte de estupefacientes en concurso heterog\u00e9neo con fabricaci\u00f3n, tr\u00e1fico y porte de armas, municiones de uso restringido, de uso privativo de las fuerzas armadas o explosivos, en concurso heterog\u00e9neo con concierto para delinquir\u00a0<\/span><\/li>\n<\/ul>\n<p class=\"x_x_MsoNormal\">Los procesados en audiencias preliminares no aceptaron los cargos formulados por la Fiscal\u00eda. Cinco de ellos fueron cobijados con medida de aseguramiento privativa de la libertad en establecimiento carcelario, por su parte a Castillo Barillas, se le concedi\u00f3 detenci\u00f3n domiciliaria.<\/p>\n<p class=\"x_x_MsoNormal\"><b>Corrupci\u00f3n \u2013 Grupo delincuencial Los Permisivos<\/b><b><u><\/u><\/b><\/p>\n<p class=\"x_x_MsoNormal\">Bajo la coordinaci\u00f3n de una Fiscal\u00eda Seccional de C\u00facuta (Norte de Santander), la Polic\u00eda Nacional, logr\u00f3 la captura mediante orden judicial de 12 personas, por su presunta responsabilidad en los delitos de\u00a0<a href=\"https:\/\/www.fiscalia.gov.co\/colombia\/seccionales\/capturados-funcionarios-de-secretaria-de-transito-de-tunja-por-presunta-corrupcion-en-tramites-de-comparendos\/\" target=\"_blank\" rel=\"noopener noreferrer\">concierto<\/a>\u00a0para delinquir agravado, violaci\u00f3n de datos personales, acceso abusivo a un sistema inform\u00e1tico y fraude procesal.<\/p>\n<p class=\"x_x_MsoNormal\">Las indagaciones adelantadas por los investigadores de la\u00a0<b>Polic\u00eda Nacional\u00a0<\/b>evidenciaron la existencia de un grupo de personas que integrar\u00eda una red de corrupci\u00f3n al interior de las Secretar\u00edas de Tr\u00e1nsito de los municipios de Villa del Rosario, Los Patios y C\u00facuta del departamento de Norte de Santander.<\/p>\n<p class=\"x_x_MsoNormal\">Se trata de\u00a0Yeismir R\u00edos Rey, Paola Andrea Lozada Manrique, Faber<b>\u00a0<\/b>Humberto Pati\u00f1o D\u00edaz, Fred Anderson Acevedo Gorsira, Salvador P\u00e9rez Ortega, Rafael Leonardo Cristancho Bonilla, Jimmy Orlando Sarmiento Andrade, Nadya Zamara Sarmiento Andrade y Wilmer Alexis Barrios Hern\u00e1ndez, Hermes Soler Aceros, Manuel Alfonso Fl\u00f3rez Delgado, Alexander Ram\u00edrez Reyes.<\/p>\n<p class=\"x_x_MsoNormal\"><span lang=\"ES\">Las indagaciones arrojaron como resultados\u00a0<\/span><span lang=\"ES\">[iscalia.gov.co\/colombia\/seccionales\/fuera-de-circulacion-presunta-red-de-corrupcion-en-el-transito-de-bello\/]alteraciones<\/span><span lang=\"ES\">\u00a0en el sistema de informaci\u00f3n SIMIT, y\u00a0cobros de dinero por no sancionar alcoholemias y comparendos.<\/span><\/p>\n<p class=\"x_x_MsoNormal\"><span lang=\"ES\">Dentro de los capturados se encuentran inspectores de tr\u00e1nsito, tramitadores, y contratistas.<\/span><\/p>\n<p class=\"x_x_MsoNormal\"><span lang=\"ES\">Finalizadas audiencias, los procesados no se allanaron a cargos y el juez les impuso medida de aseguramiento privativa de la libertad, consistente en detenci\u00f3n domiciliaria.<\/span><\/p>\n<p class=\"x_x_MsoNormal\"><span lang=\"ES\">La Fiscal\u00eda General hace p\u00fablica esta informaci\u00f3n por razones de inter\u00e9s general.<\/span><\/p>\n<p class=\"x_x_MsoNormal\"><span lang=\"ES\">MPHA\/JWCP\/MG<\/span><\/p>\n<p><i><span lang=\"ES\">La informaci\u00f3n contenida en este bolet\u00edn de prensa corresponde a la narraci\u00f3n de los hechos noticiosos objetivos, suministrados por los funcionarios encargados de adelantar las investigaciones penales al interior de la Fiscal\u00eda General de la Naci\u00f3n. Para el momento de la divulgaci\u00f3n de este comunicado, la situaci\u00f3n jur\u00eddica de la(s) persona(s) relacionada(s) se encuentra pendiente de resolver por la autoridad judicial competente, siempre bajo los preceptos de la presunci\u00f3n de inocencia, consagrados en el art\u00edculo 29 de la Constituci\u00f3n Pol\u00edtica y el art\u00edculo 7\u00ba de la Ley 906 de 2004.<\/span><\/i><\/p>\n\n<div class=\"twitter-share\"><a href=\"https:\/\/twitter.com\/intent\/tweet?via=fiscaliacol\" class=\"twitter-share-button\">Tweet<\/a><\/div>\n","protected":false},"excerpt":{"rendered":"<p>En cumplimiento del Direccionamiento Estrat\u00e9gico del\u00a0Fiscal General de la Naci\u00f3n, Francisco Barbosa Delgado,\u00a0de priorizar las investigaciones por delitos que atentan contra la seguridad ciudadana, la Direcci\u00f3n Seccional de Norte de Santander en articulaci\u00f3n con servidores del\u00a0Cuerpo T\u00e9cnico de Investigaci\u00f3n (CTI), la Sij\u00edn y el Ejercito Nacional, desarticularon tres grupos delincuenciales as\u00ed: Microtr\u00e1fico &#8211; Grupo delincuencial [&hellip;]<\/p>\n","protected":false},"author":171,"featured_media":0,"comment_status":"closed","ping_status":"open","sticky":false,"template":"","format":"video","meta":{"_price":"","_stock":"","_tribe_ticket_header":"","_tribe_default_ticket_provider":"","_tribe_ticket_capacity":"0","_ticket_start_date":"","_ticket_end_date":"","_tribe_ticket_show_description":"","_tribe_ticket_show_not_going":false,"_tribe_ticket_use_global_stock":"","_tribe_ticket_global_stock_level":"","_global_stock_mode":"","_global_stock_cap":"","_tribe_rsvp_for_event":"","_tribe_ticket_going_count":"","_tribe_ticket_not_going_count":"","_tribe_tickets_list":"[]","_tribe_ticket_has_attendee_info_fields":false,"tdm_status":"","tdm_grid_status":"","footnotes":""},"categories":[326,303,24099],"tags":[14550,427,409,155],"class_list":{"0":"post-216766","1":"post","2":"type-post","3":"status-publish","4":"format-video","6":"category-seccional-cucuta","7":"category-seccionales","8":"category-seguridad-territorial","9":"tag-carcel","10":"tag-corrupcion","11":"tag-homicidio","12":"tag-trafico-de-estupefacientes","13":"post_format-post-format-video"},"yoast_head":"<!-- This site is optimized with the Yoast SEO plugin v24.3 - https:\/\/yoast.com\/wordpress\/plugins\/seo\/ -->\n<title>Fiscal\u00eda General de la Naci\u00f3n<\/title>\n<meta name=\"description\" content=\"P\u00e1gina oficial de la Fiscal\u00eda General de la Naci\u00f3n \u2013 Colombia. Garantizamos el acceso efectivo a la justicia, la verdad y la reparaci\u00f3n de las v\u00edctimas de los delitos.\" \/>\n<meta name=\"robots\" content=\"noindex, follow\" \/>\n<meta property=\"og:locale\" content=\"es_ES\" \/>\n<meta property=\"og:type\" content=\"article\" \/>\n<meta property=\"og:title\" content=\"Fiscal\u00eda General de la Naci\u00f3n\" \/>\n<meta property=\"og:description\" content=\"P\u00e1gina oficial de la Fiscal\u00eda General de la Naci\u00f3n \u2013 Colombia. Garantizamos el acceso efectivo a la justicia, la verdad y la reparaci\u00f3n de las v\u00edctimas de los delitos.\" \/>\n<meta property=\"og:url\" content=\"https:\/\/www.fiscalia.gov.co\/colombia\/seguridad-territorial\/en-norte-de-santander-la-fiscalia-adelanto-ofensiva-contra-el-microtrafico-homicidio-y-corrupcion\/\" \/>\n<meta property=\"og:site_name\" content=\"Fiscal\u00eda General de la Naci\u00f3n\" \/>\n<meta property=\"article:publisher\" content=\"https:\/\/www.facebook.com\/FiscaliaCol\" \/>\n<meta property=\"article:published_time\" content=\"2021-03-29T23:34:34+00:00\" \/>\n<meta property=\"article:modified_time\" content=\"2021-04-07T16:00:47+00:00\" \/>\n<meta name=\"author\" content=\"Ana Mar\u00eda Gomez\" \/>\n<meta name=\"twitter:card\" content=\"summary_large_image\" \/>\n<meta name=\"twitter:creator\" content=\"@FiscaliaCol\" \/>\n<meta name=\"twitter:site\" content=\"@FiscaliaCol\" \/>\n<meta name=\"twitter:label1\" content=\"Escrito por\" \/>\n\t<meta name=\"twitter:data1\" content=\"Ana Mar\u00eda Gomez\" \/>\n\t<meta name=\"twitter:label2\" content=\"Tiempo de lectura\" \/>\n\t<meta name=\"twitter:data2\" content=\"5 minutos\" \/>\n<script type=\"application\/ld+json\" class=\"yoast-schema-graph\">{\"@context\":\"https:\/\/schema.org\",\"@graph\":[{\"@type\":\"Article\",\"@id\":\"https:\/\/www.fiscalia.gov.co\/colombia\/seguridad-territorial\/en-norte-de-santander-la-fiscalia-adelanto-ofensiva-contra-el-microtrafico-homicidio-y-corrupcion\/#article\",\"isPartOf\":{\"@id\":\"https:\/\/www.fiscalia.gov.co\/colombia\/seguridad-territorial\/en-norte-de-santander-la-fiscalia-adelanto-ofensiva-contra-el-microtrafico-homicidio-y-corrupcion\/\"},\"author\":{\"name\":\"Ana Mar\u00eda Gomez\",\"@id\":\"https:\/\/www.fiscalia.gov.co\/colombia\/#\/schema\/person\/06aa2210fe4d79203f428ff671dee360\"},\"headline\":\"En Norte de Santander, la Fiscal\u00eda adelant\u00f3 ofensiva contra el microtr\u00e1fico, homicidio y corrupci\u00f3n\",\"datePublished\":\"2021-03-29T23:34:34+00:00\",\"dateModified\":\"2021-04-07T16:00:47+00:00\",\"mainEntityOfPage\":{\"@id\":\"https:\/\/www.fiscalia.gov.co\/colombia\/seguridad-territorial\/en-norte-de-santander-la-fiscalia-adelanto-ofensiva-contra-el-microtrafico-homicidio-y-corrupcion\/\"},\"wordCount\":1087,\"publisher\":{\"@id\":\"https:\/\/www.fiscalia.gov.co\/colombia\/#organization\"},\"keywords\":[\"C\u00e1rcel\",\"Corrupci\u00f3n\",\"Homicidio\",\"Tr\u00e1fico de estupefacientes\"],\"articleSection\":[\"Seccional C\u00facuta\",\"Seccionales\",\"Seguridad territorial\"],\"inLanguage\":\"es-CO\"},{\"@type\":\"WebPage\",\"@id\":\"https:\/\/www.fiscalia.gov.co\/colombia\/seguridad-territorial\/en-norte-de-santander-la-fiscalia-adelanto-ofensiva-contra-el-microtrafico-homicidio-y-corrupcion\/\",\"url\":\"https:\/\/www.fiscalia.gov.co\/colombia\/seguridad-territorial\/en-norte-de-santander-la-fiscalia-adelanto-ofensiva-contra-el-microtrafico-homicidio-y-corrupcion\/\",\"name\":\"Fiscal\u00eda General de la Naci\u00f3n\",\"isPartOf\":{\"@id\":\"https:\/\/www.fiscalia.gov.co\/colombia\/#website\"},\"datePublished\":\"2021-03-29T23:34:34+00:00\",\"dateModified\":\"2021-04-07T16:00:47+00:00\",\"description\":\"P\u00e1gina oficial de la Fiscal\u00eda General de la Naci\u00f3n \u2013 Colombia. Garantizamos el acceso efectivo a la justicia, la verdad y la reparaci\u00f3n de las v\u00edctimas de los delitos.\",\"breadcrumb\":{\"@id\":\"https:\/\/www.fiscalia.gov.co\/colombia\/seguridad-territorial\/en-norte-de-santander-la-fiscalia-adelanto-ofensiva-contra-el-microtrafico-homicidio-y-corrupcion\/#breadcrumb\"},\"inLanguage\":\"es-CO\",\"potentialAction\":[{\"@type\":\"ReadAction\",\"target\":[\"https:\/\/www.fiscalia.gov.co\/colombia\/seguridad-territorial\/en-norte-de-santander-la-fiscalia-adelanto-ofensiva-contra-el-microtrafico-homicidio-y-corrupcion\/\"]}]},{\"@type\":\"BreadcrumbList\",\"@id\":\"https:\/\/www.fiscalia.gov.co\/colombia\/seguridad-territorial\/en-norte-de-santander-la-fiscalia-adelanto-ofensiva-contra-el-microtrafico-homicidio-y-corrupcion\/#breadcrumb\",\"itemListElement\":[{\"@type\":\"ListItem\",\"position\":1,\"name\":\"Home\",\"item\":\"https:\/\/www.fiscalia.gov.co\/colombia\/\"},{\"@type\":\"ListItem\",\"position\":2,\"name\":\"En Norte de Santander, la Fiscal\u00eda adelant\u00f3 ofensiva contra el microtr\u00e1fico, homicidio y corrupci\u00f3n\"}]},{\"@type\":\"WebSite\",\"@id\":\"https:\/\/www.fiscalia.gov.co\/colombia\/#website\",\"url\":\"https:\/\/www.fiscalia.gov.co\/colombia\/\",\"name\":\"Fiscal\u00eda General de la Naci\u00f3n\",\"description\":\"P\u00e1gina oficial de la Fiscal\u00eda General de la Naci\u00f3n \u2013 Colombia. Garantizamos el acceso efectivo a la justicia, la verdad y la reparaci\u00f3n de las v\u00edctimas de los delitos.\",\"publisher\":{\"@id\":\"https:\/\/www.fiscalia.gov.co\/colombia\/#organization\"},\"potentialAction\":[{\"@type\":\"SearchAction\",\"target\":{\"@type\":\"EntryPoint\",\"urlTemplate\":\"https:\/\/www.fiscalia.gov.co\/colombia\/?s={search_term_string}\"},\"query-input\":{\"@type\":\"PropertyValueSpecification\",\"valueRequired\":true,\"valueName\":\"search_term_string\"}}],\"inLanguage\":\"es-CO\"},{\"@type\":\"Organization\",\"@id\":\"https:\/\/www.fiscalia.gov.co\/colombia\/#organization\",\"name\":\"Fiscal\u00eda General de la Naci\u00f3n\",\"url\":\"https:\/\/www.fiscalia.gov.co\/colombia\/\",\"logo\":{\"@type\":\"ImageObject\",\"inLanguage\":\"es-CO\",\"@id\":\"https:\/\/www.fiscalia.gov.co\/colombia\/#\/schema\/logo\/image\/\",\"url\":\"https:\/\/www.fiscalia.gov.co\/colombia\/wp-content\/uploads\/LogoHorizontal_1.jpg\",\"contentUrl\":\"https:\/\/www.fiscalia.gov.co\/colombia\/wp-content\/uploads\/LogoHorizontal_1.jpg\",\"width\":300,\"height\":90,\"caption\":\"Fiscal\u00eda General de la Naci\u00f3n\"},\"image\":{\"@id\":\"https:\/\/www.fiscalia.gov.co\/colombia\/#\/schema\/logo\/image\/\"},\"sameAs\":[\"https:\/\/www.facebook.com\/FiscaliaCol\",\"https:\/\/x.com\/FiscaliaCol\",\"https:\/\/www.instagram.com\/fiscaliacol\",\"https:\/\/www.linkedin.com\/company\/fiscalia-general-de-la-naci-n\/\",\"https:\/\/youtube.com\/@fiscaliageneraldelanacion-4668?si=6nN79nyQICPU5iTh\"]},{\"@type\":\"Person\",\"@id\":\"https:\/\/www.fiscalia.gov.co\/colombia\/#\/schema\/person\/06aa2210fe4d79203f428ff671dee360\",\"name\":\"Ana Mar\u00eda Gomez\",\"image\":{\"@type\":\"ImageObject\",\"inLanguage\":\"es-CO\",\"@id\":\"https:\/\/www.fiscalia.gov.co\/colombia\/#\/schema\/person\/image\/\",\"url\":\"https:\/\/secure.gravatar.com\/avatar\/a38115d98a7f8a96cbb96af2b2c37a0b?s=96&d=mm&r=g\",\"contentUrl\":\"https:\/\/secure.gravatar.com\/avatar\/a38115d98a7f8a96cbb96af2b2c37a0b?s=96&d=mm&r=g\",\"caption\":\"Ana Mar\u00eda Gomez\"},\"url\":\"https:\/\/www.fiscalia.gov.co\/colombia\/author\/agomez\/\"}]}<\/script>\n<!-- \/ Yoast SEO plugin. -->","yoast_head_json":{"title":"Fiscal\u00eda General de la Naci\u00f3n","description":"P\u00e1gina oficial de la Fiscal\u00eda General de la Naci\u00f3n \u2013 Colombia. Garantizamos el acceso efectivo a la justicia, la verdad y la reparaci\u00f3n de las v\u00edctimas de los delitos.","robots":{"index":"noindex","follow":"follow"},"og_locale":"es_ES","og_type":"article","og_title":"Fiscal\u00eda General de la Naci\u00f3n","og_description":"P\u00e1gina oficial de la Fiscal\u00eda General de la Naci\u00f3n \u2013 Colombia. Garantizamos el acceso efectivo a la justicia, la verdad y la reparaci\u00f3n de las v\u00edctimas de los delitos.","og_url":"https:\/\/www.fiscalia.gov.co\/colombia\/seguridad-territorial\/en-norte-de-santander-la-fiscalia-adelanto-ofensiva-contra-el-microtrafico-homicidio-y-corrupcion\/","og_site_name":"Fiscal\u00eda General de la Naci\u00f3n","article_publisher":"https:\/\/www.facebook.com\/FiscaliaCol","article_published_time":"2021-03-29T23:34:34+00:00","article_modified_time":"2021-04-07T16:00:47+00:00","author":"Ana Mar\u00eda Gomez","twitter_card":"summary_large_image","twitter_creator":"@FiscaliaCol","twitter_site":"@FiscaliaCol","twitter_misc":{"Escrito por":"Ana Mar\u00eda Gomez","Tiempo de lectura":"5 minutos"},"schema":{"@context":"https:\/\/schema.org","@graph":[{"@type":"Article","@id":"https:\/\/www.fiscalia.gov.co\/colombia\/seguridad-territorial\/en-norte-de-santander-la-fiscalia-adelanto-ofensiva-contra-el-microtrafico-homicidio-y-corrupcion\/#article","isPartOf":{"@id":"https:\/\/www.fiscalia.gov.co\/colombia\/seguridad-territorial\/en-norte-de-santander-la-fiscalia-adelanto-ofensiva-contra-el-microtrafico-homicidio-y-corrupcion\/"},"author":{"name":"Ana Mar\u00eda Gomez","@id":"https:\/\/www.fiscalia.gov.co\/colombia\/#\/schema\/person\/06aa2210fe4d79203f428ff671dee360"},"headline":"En Norte de Santander, la Fiscal\u00eda adelant\u00f3 ofensiva contra el microtr\u00e1fico, homicidio y corrupci\u00f3n","datePublished":"2021-03-29T23:34:34+00:00","dateModified":"2021-04-07T16:00:47+00:00","mainEntityOfPage":{"@id":"https:\/\/www.fiscalia.gov.co\/colombia\/seguridad-territorial\/en-norte-de-santander-la-fiscalia-adelanto-ofensiva-contra-el-microtrafico-homicidio-y-corrupcion\/"},"wordCount":1087,"publisher":{"@id":"https:\/\/www.fiscalia.gov.co\/colombia\/#organization"},"keywords":["C\u00e1rcel","Corrupci\u00f3n","Homicidio","Tr\u00e1fico de estupefacientes"],"articleSection":["Seccional C\u00facuta","Seccionales","Seguridad territorial"],"inLanguage":"es-CO"},{"@type":"WebPage","@id":"https:\/\/www.fiscalia.gov.co\/colombia\/seguridad-territorial\/en-norte-de-santander-la-fiscalia-adelanto-ofensiva-contra-el-microtrafico-homicidio-y-corrupcion\/","url":"https:\/\/www.fiscalia.gov.co\/colombia\/seguridad-territorial\/en-norte-de-santander-la-fiscalia-adelanto-ofensiva-contra-el-microtrafico-homicidio-y-corrupcion\/","name":"Fiscal\u00eda General de la Naci\u00f3n","isPartOf":{"@id":"https:\/\/www.fiscalia.gov.co\/colombia\/#website"},"datePublished":"2021-03-29T23:34:34+00:00","dateModified":"2021-04-07T16:00:47+00:00","description":"P\u00e1gina oficial de la Fiscal\u00eda General de la Naci\u00f3n \u2013 Colombia. Garantizamos el acceso efectivo a la justicia, la verdad y la reparaci\u00f3n de las v\u00edctimas de los delitos.","breadcrumb":{"@id":"https:\/\/www.fiscalia.gov.co\/colombia\/seguridad-territorial\/en-norte-de-santander-la-fiscalia-adelanto-ofensiva-contra-el-microtrafico-homicidio-y-corrupcion\/#breadcrumb"},"inLanguage":"es-CO","potentialAction":[{"@type":"ReadAction","target":["https:\/\/www.fiscalia.gov.co\/colombia\/seguridad-territorial\/en-norte-de-santander-la-fiscalia-adelanto-ofensiva-contra-el-microtrafico-homicidio-y-corrupcion\/"]}]},{"@type":"BreadcrumbList","@id":"https:\/\/www.fiscalia.gov.co\/colombia\/seguridad-territorial\/en-norte-de-santander-la-fiscalia-adelanto-ofensiva-contra-el-microtrafico-homicidio-y-corrupcion\/#breadcrumb","itemListElement":[{"@type":"ListItem","position":1,"name":"Home","item":"https:\/\/www.fiscalia.gov.co\/colombia\/"},{"@type":"ListItem","position":2,"name":"En Norte de Santander, la Fiscal\u00eda adelant\u00f3 ofensiva contra el microtr\u00e1fico, homicidio y corrupci\u00f3n"}]},{"@type":"WebSite","@id":"https:\/\/www.fiscalia.gov.co\/colombia\/#website","url":"https:\/\/www.fiscalia.gov.co\/colombia\/","name":"Fiscal\u00eda General de la Naci\u00f3n","description":"P\u00e1gina oficial de la Fiscal\u00eda General de la Naci\u00f3n \u2013 Colombia. Garantizamos el acceso efectivo a la justicia, la verdad y la reparaci\u00f3n de las v\u00edctimas de los delitos.","publisher":{"@id":"https:\/\/www.fiscalia.gov.co\/colombia\/#organization"},"potentialAction":[{"@type":"SearchAction","target":{"@type":"EntryPoint","urlTemplate":"https:\/\/www.fiscalia.gov.co\/colombia\/?s={search_term_string}"},"query-input":{"@type":"PropertyValueSpecification","valueRequired":true,"valueName":"search_term_string"}}],"inLanguage":"es-CO"},{"@type":"Organization","@id":"https:\/\/www.fiscalia.gov.co\/colombia\/#organization","name":"Fiscal\u00eda General de la Naci\u00f3n","url":"https:\/\/www.fiscalia.gov.co\/colombia\/","logo":{"@type":"ImageObject","inLanguage":"es-CO","@id":"https:\/\/www.fiscalia.gov.co\/colombia\/#\/schema\/logo\/image\/","url":"https:\/\/www.fiscalia.gov.co\/colombia\/wp-content\/uploads\/LogoHorizontal_1.jpg","contentUrl":"https:\/\/www.fiscalia.gov.co\/colombia\/wp-content\/uploads\/LogoHorizontal_1.jpg","width":300,"height":90,"caption":"Fiscal\u00eda General de la Naci\u00f3n"},"image":{"@id":"https:\/\/www.fiscalia.gov.co\/colombia\/#\/schema\/logo\/image\/"},"sameAs":["https:\/\/www.facebook.com\/FiscaliaCol","https:\/\/x.com\/FiscaliaCol","https:\/\/www.instagram.com\/fiscaliacol","https:\/\/www.linkedin.com\/company\/fiscalia-general-de-la-naci-n\/","https:\/\/youtube.com\/@fiscaliageneraldelanacion-4668?si=6nN79nyQICPU5iTh"]},{"@type":"Person","@id":"https:\/\/www.fiscalia.gov.co\/colombia\/#\/schema\/person\/06aa2210fe4d79203f428ff671dee360","name":"Ana Mar\u00eda Gomez","image":{"@type":"ImageObject","inLanguage":"es-CO","@id":"https:\/\/www.fiscalia.gov.co\/colombia\/#\/schema\/person\/image\/","url":"https:\/\/secure.gravatar.com\/avatar\/a38115d98a7f8a96cbb96af2b2c37a0b?s=96&d=mm&r=g","contentUrl":"https:\/\/secure.gravatar.com\/avatar\/a38115d98a7f8a96cbb96af2b2c37a0b?s=96&d=mm&r=g","caption":"Ana Mar\u00eda Gomez"},"url":"https:\/\/www.fiscalia.gov.co\/colombia\/author\/agomez\/"}]}},"_links":{"self":[{"href":"https:\/\/www.fiscalia.gov.co\/colombia\/wp-json\/wp\/v2\/posts\/216766","targetHints":{"allow":["GET"]}}],"collection":[{"href":"https:\/\/www.fiscalia.gov.co\/colombia\/wp-json\/wp\/v2\/posts"}],"about":[{"href":"https:\/\/www.fiscalia.gov.co\/colombia\/wp-json\/wp\/v2\/types\/post"}],"author":[{"embeddable":true,"href":"https:\/\/www.fiscalia.gov.co\/colombia\/wp-json\/wp\/v2\/users\/171"}],"replies":[{"embeddable":true,"href":"https:\/\/www.fiscalia.gov.co\/colombia\/wp-json\/wp\/v2\/comments?post=216766"}],"version-history":[{"count":1,"href":"https:\/\/www.fiscalia.gov.co\/colombia\/wp-json\/wp\/v2\/posts\/216766\/revisions"}],"predecessor-version":[{"id":216767,"href":"https:\/\/www.fiscalia.gov.co\/colombia\/wp-json\/wp\/v2\/posts\/216766\/revisions\/216767"}],"wp:attachment":[{"href":"https:\/\/www.fiscalia.gov.co\/colombia\/wp-json\/wp\/v2\/media?parent=216766"}],"wp:term":[{"taxonomy":"category","embeddable":true,"href":"https:\/\/www.fiscalia.gov.co\/colombia\/wp-json\/wp\/v2\/categories?post=216766"},{"taxonomy":"post_tag","embeddable":true,"href":"https:\/\/www.fiscalia.gov.co\/colombia\/wp-json\/wp\/v2\/tags?post=216766"}],"curies":[{"name":"wp","href":"https:\/\/api.w.org\/{rel}","templated":true}]}}