{"id":216725,"date":"2021-03-29T11:35:34","date_gmt":"2021-03-29T16:35:34","guid":{"rendered":"https:\/\/www.fiscalia.gov.co\/colombia\/?p=216725"},"modified":"2021-03-29T11:35:34","modified_gmt":"2021-03-29T16:35:34","slug":"carcel-para-concejal-de-caicedonia-como-presunto-responsable-de-homicidio","status":"publish","type":"post","link":"https:\/\/www.fiscalia.gov.co\/colombia\/seguridad-territorial\/carcel-para-concejal-de-caicedonia-como-presunto-responsable-de-homicidio\/","title":{"rendered":"C\u00e1rcel para concejal de Caicedonia como presunto responsable de homicidio"},"content":{"rendered":"<p class=\"x_x_MsoNormal\">Al acoger la solicitud de la\u00a0<b>Fiscal\u00eda General de la Naci\u00f3n<\/b>, un juez de control de garant\u00edas envi\u00f3 a la c\u00e1rcel a Alexander Agudelo Montoya, concejal activo del municipio de Caicedonia (Valle del Cauca), como presunto responsable del homicidio de un ciudadano, ocurrido el 30 de diciembre del 2020 en\u00a0el sector Gato Negro de esta localidad.<\/p>\n<figure id=\"attachment_216727\" aria-describedby=\"caption-attachment-216727\" style=\"width: 696px\" class=\"wp-caption aligncenter\"><img loading=\"lazy\" decoding=\"async\" class=\"wp-image-216727 size-large\" src=\"https:\/\/www.fiscalia.gov.co\/colombia\/wp-content\/uploads\/Alexander-Agudelo-Montoya-concejal-de-Caicedonia-asegurado-como-presunto-responsable-del-homicidio-de-un-ciudadano-ocurrido-el-30-de-diciembre-del-2020.-1024x768.jpg\" alt=\"\" width=\"696\" height=\"522\" srcset=\"https:\/\/www.fiscalia.gov.co\/colombia\/wp-content\/uploads\/Alexander-Agudelo-Montoya-concejal-de-Caicedonia-asegurado-como-presunto-responsable-del-homicidio-de-un-ciudadano-ocurrido-el-30-de-diciembre-del-2020.-1024x768.jpg 1024w, https:\/\/www.fiscalia.gov.co\/colombia\/wp-content\/uploads\/Alexander-Agudelo-Montoya-concejal-de-Caicedonia-asegurado-como-presunto-responsable-del-homicidio-de-un-ciudadano-ocurrido-el-30-de-diciembre-del-2020.-300x225.jpg 300w, https:\/\/www.fiscalia.gov.co\/colombia\/wp-content\/uploads\/Alexander-Agudelo-Montoya-concejal-de-Caicedonia-asegurado-como-presunto-responsable-del-homicidio-de-un-ciudadano-ocurrido-el-30-de-diciembre-del-2020.-768x576.jpg 768w, https:\/\/www.fiscalia.gov.co\/colombia\/wp-content\/uploads\/Alexander-Agudelo-Montoya-concejal-de-Caicedonia-asegurado-como-presunto-responsable-del-homicidio-de-un-ciudadano-ocurrido-el-30-de-diciembre-del-2020.-696x522.jpg 696w, https:\/\/www.fiscalia.gov.co\/colombia\/wp-content\/uploads\/Alexander-Agudelo-Montoya-concejal-de-Caicedonia-asegurado-como-presunto-responsable-del-homicidio-de-un-ciudadano-ocurrido-el-30-de-diciembre-del-2020.-1068x801.jpg 1068w, https:\/\/www.fiscalia.gov.co\/colombia\/wp-content\/uploads\/Alexander-Agudelo-Montoya-concejal-de-Caicedonia-asegurado-como-presunto-responsable-del-homicidio-de-un-ciudadano-ocurrido-el-30-de-diciembre-del-2020.-560x420.jpg 560w, https:\/\/www.fiscalia.gov.co\/colombia\/wp-content\/uploads\/Alexander-Agudelo-Montoya-concejal-de-Caicedonia-asegurado-como-presunto-responsable-del-homicidio-de-un-ciudadano-ocurrido-el-30-de-diciembre-del-2020.-80x60.jpg 80w, https:\/\/www.fiscalia.gov.co\/colombia\/wp-content\/uploads\/Alexander-Agudelo-Montoya-concejal-de-Caicedonia-asegurado-como-presunto-responsable-del-homicidio-de-un-ciudadano-ocurrido-el-30-de-diciembre-del-2020.-265x198.jpg 265w, https:\/\/www.fiscalia.gov.co\/colombia\/wp-content\/uploads\/Alexander-Agudelo-Montoya-concejal-de-Caicedonia-asegurado-como-presunto-responsable-del-homicidio-de-un-ciudadano-ocurrido-el-30-de-diciembre-del-2020..jpg 1280w\" sizes=\"auto, (max-width: 696px) 100vw, 696px\" \/><figcaption id=\"caption-attachment-216727\" class=\"wp-caption-text\">Alexander Agudelo Montoya, concejal activo del municipio de Caicedonia (Valle del Cauca), como presunto responsable del homicidio de un ciudadano.<\/figcaption><\/figure>\n<p class=\"x_x_MsoNormal\">De acuerdo con la investigaci\u00f3n, coordinada por un fiscal adscrito a la Estructura de Apoyo de la Seccional Valle del Cauca, el edil de 39 a\u00f1os, al parecer atac\u00f3 con arma de fuego a\u00a0Ram\u00f3n El\u00edas Mej\u00eda, luego de que este supuestamente chocar\u00e1 contra su veh\u00edculo.<\/p>\n<p class=\"x_x_MsoNormal\">La v\u00edctima de 51 a\u00f1os, quien fue trasladada a un centro asistencial falleci\u00f3 ante la gravedad de las heridas, el pasado 1 de enero en Armenia (Quind\u00edo).<\/p>\n<p class=\"x_x_MsoNormal\">Las labores investigativas, adelantadas por personal de la\u00a0<b>Sij\u00edn de la Polic\u00eda Nacional<\/b>, permitieron a la Fiscal\u00eda establecer la presunta responsabilidad del edil, por lo que el fiscal del caso solicit\u00f3 orden de captura en su contra, la cual fue emitida por un juez de control de garant\u00edas el 17 de marzo pasado, y se hizo efectiva el 24 de marzo pasado.<\/p>\n<p class=\"x_x_MsoNormal\">En desarrollo de las audiencias preliminares, el ente acusador le formul\u00f3\u00a0<span lang=\"ES\">imputaci\u00f3n de cargos a Agudelo Montoya por los delitos de\u00a0<\/span><span lang=\"ES\"><a href=\"https:\/\/www.fiscalia.gov.co\/colombia\/seguridad-ciudadana\/a-la-carcel-presunto-responsable-del-homicidio-de-un-hombre-en-giron-santander\/\" target=\"_blank\" rel=\"noopener noreferrer\">homicidio<\/a><\/span><span lang=\"ES\">\u00a0y fabricaci\u00f3n, tr\u00e1fico, porte o tenencia de armas de fuego, accesorios, partes o municiones, los cuales no acept\u00f3.\u00a0<\/span><\/p>\n<p class=\"x_x_MsoNormal\"><span lang=\"ES\">Estas acciones se encuentran enmarcadas dentro de la estrategia institucional de seguridad ciudadana del<\/span><span lang=\"ES\"><b>\u00a0Fiscal General de la Naci\u00f3n, Francisco Barbosa Delgado,<\/b><\/span><span lang=\"ES\">\u00a0para combatir grupos y personas dedicadas a la comisi\u00f3n de il\u00edcitos en el pa\u00eds.<\/span><\/p>\n<p class=\"x_x_MsoNormal\"><span lang=\"ES\">La Fiscal\u00eda General de la Naci\u00f3n p\u00fablica esta informaci\u00f3n por razones de inter\u00e9s general.<\/span><span lang=\"ES\">\u00a0<\/span><\/p>\n<p class=\"x_x_MsoNormal\"><span lang=\"ES\">MAP\/SMLR\/MG\u00a0<\/span><\/p>\n\n<div class=\"twitter-share\"><a href=\"https:\/\/twitter.com\/intent\/tweet?via=fiscaliacol\" class=\"twitter-share-button\">Tweet<\/a><\/div>\n","protected":false},"excerpt":{"rendered":"<p>Al acoger la solicitud de la\u00a0Fiscal\u00eda General de la Naci\u00f3n, un juez de control de garant\u00edas envi\u00f3 a la c\u00e1rcel a Alexander Agudelo Montoya, concejal activo del municipio de Caicedonia (Valle del Cauca), como presunto responsable del homicidio de un ciudadano, ocurrido el 30 de diciembre del 2020 en\u00a0el sector Gato Negro de esta localidad. [&hellip;]<\/p>\n","protected":false},"author":171,"featured_media":0,"comment_status":"closed","ping_status":"open","sticky":false,"template":"","format":"standard","meta":{"tdm_status":"","tdm_grid_status":"","footnotes":""},"categories":[324,303,24099],"tags":[25146,12424,14550,24551,1029,26429,4140,78,24187,409,1185,24549,26200,14817,916],"class_list":{"0":"post-216725","1":"post","2":"type-post","3":"status-publish","4":"format-standard","6":"category-seccional-cali","7":"category-seccionales","8":"category-seguridad-territorial","9":"tag-accesorios","10":"tag-capturado","11":"tag-carcel","12":"tag-centro-carcelario","13":"tag-concejal","14":"tag-edil","15":"tag-fabricacion","16":"tag-fiscal-general-de-la-nacion","17":"tag-fiscalia-colombia","18":"tag-homicidio","19":"tag-medida-de-aseguramiento","20":"tag-orden-judicial","21":"tag-partes-o-municiones","22":"tag-porte-o-tenencia-de-armas-de-fuego","23":"tag-trafico"},"yoast_head":"<!-- This site is optimized with the Yoast SEO plugin v24.3 - https:\/\/yoast.com\/wordpress\/plugins\/seo\/ -->\n<title>Fiscal\u00eda General de la Naci\u00f3n<\/title>\n<meta name=\"description\" content=\"P\u00e1gina oficial de la Fiscal\u00eda General de la Naci\u00f3n \u2013 Colombia. Garantizamos el acceso efectivo a la justicia, la verdad y la reparaci\u00f3n de las v\u00edctimas de los delitos.\" \/>\n<meta name=\"robots\" content=\"noindex, follow\" \/>\n<meta property=\"og:locale\" content=\"es_ES\" \/>\n<meta property=\"og:type\" content=\"article\" \/>\n<meta property=\"og:title\" content=\"Fiscal\u00eda General de la Naci\u00f3n\" \/>\n<meta property=\"og:description\" content=\"P\u00e1gina oficial de la Fiscal\u00eda General de la Naci\u00f3n \u2013 Colombia. Garantizamos el acceso efectivo a la justicia, la verdad y la reparaci\u00f3n de las v\u00edctimas de los delitos.\" \/>\n<meta property=\"og:url\" content=\"https:\/\/www.fiscalia.gov.co\/colombia\/seguridad-territorial\/carcel-para-concejal-de-caicedonia-como-presunto-responsable-de-homicidio\/\" \/>\n<meta property=\"og:site_name\" content=\"Fiscal\u00eda General de la Naci\u00f3n\" \/>\n<meta property=\"article:publisher\" content=\"https:\/\/www.facebook.com\/FiscaliaCol\" \/>\n<meta property=\"article:published_time\" content=\"2021-03-29T16:35:34+00:00\" \/>\n<meta property=\"og:image\" content=\"https:\/\/www.fiscalia.gov.co\/colombia\/wp-content\/uploads\/Alexander-Agudelo-Montoya-concejal-de-Caicedonia-asegurado-como-presunto-responsable-del-homicidio-de-un-ciudadano-ocurrido-el-30-de-diciembre-del-2020.-1024x768.jpg\" \/>\n<meta name=\"author\" content=\"Ana Mar\u00eda Gomez\" \/>\n<meta name=\"twitter:card\" content=\"summary_large_image\" \/>\n<meta name=\"twitter:creator\" content=\"@FiscaliaCol\" \/>\n<meta name=\"twitter:site\" content=\"@FiscaliaCol\" \/>\n<meta name=\"twitter:label1\" content=\"Escrito por\" \/>\n\t<meta name=\"twitter:data1\" content=\"Ana Mar\u00eda Gomez\" \/>\n\t<meta name=\"twitter:label2\" content=\"Tiempo de lectura\" \/>\n\t<meta name=\"twitter:data2\" content=\"2 minutos\" \/>\n<script type=\"application\/ld+json\" class=\"yoast-schema-graph\">{\"@context\":\"https:\/\/schema.org\",\"@graph\":[{\"@type\":\"Article\",\"@id\":\"https:\/\/www.fiscalia.gov.co\/colombia\/seguridad-territorial\/carcel-para-concejal-de-caicedonia-como-presunto-responsable-de-homicidio\/#article\",\"isPartOf\":{\"@id\":\"https:\/\/www.fiscalia.gov.co\/colombia\/seguridad-territorial\/carcel-para-concejal-de-caicedonia-como-presunto-responsable-de-homicidio\/\"},\"author\":{\"name\":\"Ana Mar\u00eda Gomez\",\"@id\":\"https:\/\/www.fiscalia.gov.co\/colombia\/#\/schema\/person\/06aa2210fe4d79203f428ff671dee360\"},\"headline\":\"C\u00e1rcel para concejal de Caicedonia como presunto responsable de homicidio\",\"datePublished\":\"2021-03-29T16:35:34+00:00\",\"dateModified\":\"2021-03-29T16:35:34+00:00\",\"mainEntityOfPage\":{\"@id\":\"https:\/\/www.fiscalia.gov.co\/colombia\/seguridad-territorial\/carcel-para-concejal-de-caicedonia-como-presunto-responsable-de-homicidio\/\"},\"wordCount\":345,\"publisher\":{\"@id\":\"https:\/\/www.fiscalia.gov.co\/colombia\/#organization\"},\"image\":{\"@id\":\"https:\/\/www.fiscalia.gov.co\/colombia\/seguridad-territorial\/carcel-para-concejal-de-caicedonia-como-presunto-responsable-de-homicidio\/#primaryimage\"},\"thumbnailUrl\":\"https:\/\/www.fiscalia.gov.co\/colombia\/wp-content\/uploads\/Alexander-Agudelo-Montoya-concejal-de-Caicedonia-asegurado-como-presunto-responsable-del-homicidio-de-un-ciudadano-ocurrido-el-30-de-diciembre-del-2020.-1024x768.jpg\",\"keywords\":[\"accesorios\",\"Capturado\",\"C\u00e1rcel\",\"centro carcelario\",\"Concejal\",\"edil.\",\"Fabricaci\u00f3n\",\"Fiscal General de la Naci\u00f3n\",\"Fiscal\u00eda Colombia\",\"Homicidio\",\"Medida de aseguramiento\",\"orden judicial\",\"partes o municiones.\",\"porte o tenencia de armas de fuego\",\"Tr\u00e1fico\"],\"articleSection\":[\"Seccional Cali\",\"Seccionales\",\"Seguridad territorial\"],\"inLanguage\":\"es-CO\"},{\"@type\":\"WebPage\",\"@id\":\"https:\/\/www.fiscalia.gov.co\/colombia\/seguridad-territorial\/carcel-para-concejal-de-caicedonia-como-presunto-responsable-de-homicidio\/\",\"url\":\"https:\/\/www.fiscalia.gov.co\/colombia\/seguridad-territorial\/carcel-para-concejal-de-caicedonia-como-presunto-responsable-de-homicidio\/\",\"name\":\"Fiscal\u00eda General de la Naci\u00f3n\",\"isPartOf\":{\"@id\":\"https:\/\/www.fiscalia.gov.co\/colombia\/#website\"},\"primaryImageOfPage\":{\"@id\":\"https:\/\/www.fiscalia.gov.co\/colombia\/seguridad-territorial\/carcel-para-concejal-de-caicedonia-como-presunto-responsable-de-homicidio\/#primaryimage\"},\"image\":{\"@id\":\"https:\/\/www.fiscalia.gov.co\/colombia\/seguridad-territorial\/carcel-para-concejal-de-caicedonia-como-presunto-responsable-de-homicidio\/#primaryimage\"},\"thumbnailUrl\":\"https:\/\/www.fiscalia.gov.co\/colombia\/wp-content\/uploads\/Alexander-Agudelo-Montoya-concejal-de-Caicedonia-asegurado-como-presunto-responsable-del-homicidio-de-un-ciudadano-ocurrido-el-30-de-diciembre-del-2020.-1024x768.jpg\",\"datePublished\":\"2021-03-29T16:35:34+00:00\",\"dateModified\":\"2021-03-29T16:35:34+00:00\",\"description\":\"P\u00e1gina oficial de la Fiscal\u00eda General de la Naci\u00f3n \u2013 Colombia. Garantizamos el acceso efectivo a la justicia, la verdad y la reparaci\u00f3n de las v\u00edctimas de los delitos.\",\"breadcrumb\":{\"@id\":\"https:\/\/www.fiscalia.gov.co\/colombia\/seguridad-territorial\/carcel-para-concejal-de-caicedonia-como-presunto-responsable-de-homicidio\/#breadcrumb\"},\"inLanguage\":\"es-CO\",\"potentialAction\":[{\"@type\":\"ReadAction\",\"target\":[\"https:\/\/www.fiscalia.gov.co\/colombia\/seguridad-territorial\/carcel-para-concejal-de-caicedonia-como-presunto-responsable-de-homicidio\/\"]}]},{\"@type\":\"ImageObject\",\"inLanguage\":\"es-CO\",\"@id\":\"https:\/\/www.fiscalia.gov.co\/colombia\/seguridad-territorial\/carcel-para-concejal-de-caicedonia-como-presunto-responsable-de-homicidio\/#primaryimage\",\"url\":\"https:\/\/www.fiscalia.gov.co\/colombia\/wp-content\/uploads\/Alexander-Agudelo-Montoya-concejal-de-Caicedonia-asegurado-como-presunto-responsable-del-homicidio-de-un-ciudadano-ocurrido-el-30-de-diciembre-del-2020..jpg\",\"contentUrl\":\"https:\/\/www.fiscalia.gov.co\/colombia\/wp-content\/uploads\/Alexander-Agudelo-Montoya-concejal-de-Caicedonia-asegurado-como-presunto-responsable-del-homicidio-de-un-ciudadano-ocurrido-el-30-de-diciembre-del-2020..jpg\",\"width\":1280,\"height\":960},{\"@type\":\"BreadcrumbList\",\"@id\":\"https:\/\/www.fiscalia.gov.co\/colombia\/seguridad-territorial\/carcel-para-concejal-de-caicedonia-como-presunto-responsable-de-homicidio\/#breadcrumb\",\"itemListElement\":[{\"@type\":\"ListItem\",\"position\":1,\"name\":\"Home\",\"item\":\"https:\/\/www.fiscalia.gov.co\/colombia\/\"},{\"@type\":\"ListItem\",\"position\":2,\"name\":\"C\u00e1rcel para concejal de Caicedonia como presunto responsable de homicidio\"}]},{\"@type\":\"WebSite\",\"@id\":\"https:\/\/www.fiscalia.gov.co\/colombia\/#website\",\"url\":\"https:\/\/www.fiscalia.gov.co\/colombia\/\",\"name\":\"Fiscal\u00eda General de la Naci\u00f3n\",\"description\":\"P\u00e1gina oficial de la Fiscal\u00eda General de la Naci\u00f3n \u2013 Colombia. Garantizamos el acceso efectivo a la justicia, la verdad y la reparaci\u00f3n de las v\u00edctimas de los delitos.\",\"publisher\":{\"@id\":\"https:\/\/www.fiscalia.gov.co\/colombia\/#organization\"},\"potentialAction\":[{\"@type\":\"SearchAction\",\"target\":{\"@type\":\"EntryPoint\",\"urlTemplate\":\"https:\/\/www.fiscalia.gov.co\/colombia\/?s={search_term_string}\"},\"query-input\":{\"@type\":\"PropertyValueSpecification\",\"valueRequired\":true,\"valueName\":\"search_term_string\"}}],\"inLanguage\":\"es-CO\"},{\"@type\":\"Organization\",\"@id\":\"https:\/\/www.fiscalia.gov.co\/colombia\/#organization\",\"name\":\"Fiscal\u00eda General de la Naci\u00f3n\",\"url\":\"https:\/\/www.fiscalia.gov.co\/colombia\/\",\"logo\":{\"@type\":\"ImageObject\",\"inLanguage\":\"es-CO\",\"@id\":\"https:\/\/www.fiscalia.gov.co\/colombia\/#\/schema\/logo\/image\/\",\"url\":\"https:\/\/www.fiscalia.gov.co\/colombia\/wp-content\/uploads\/LogoHorizontal_1.jpg\",\"contentUrl\":\"https:\/\/www.fiscalia.gov.co\/colombia\/wp-content\/uploads\/LogoHorizontal_1.jpg\",\"width\":300,\"height\":90,\"caption\":\"Fiscal\u00eda General de la Naci\u00f3n\"},\"image\":{\"@id\":\"https:\/\/www.fiscalia.gov.co\/colombia\/#\/schema\/logo\/image\/\"},\"sameAs\":[\"https:\/\/www.facebook.com\/FiscaliaCol\",\"https:\/\/x.com\/FiscaliaCol\",\"https:\/\/www.instagram.com\/fiscaliacol\",\"https:\/\/www.linkedin.com\/company\/fiscalia-general-de-la-naci-n\/\",\"https:\/\/youtube.com\/@fiscaliageneraldelanacion-4668?si=6nN79nyQICPU5iTh\"]},{\"@type\":\"Person\",\"@id\":\"https:\/\/www.fiscalia.gov.co\/colombia\/#\/schema\/person\/06aa2210fe4d79203f428ff671dee360\",\"name\":\"Ana Mar\u00eda Gomez\",\"image\":{\"@type\":\"ImageObject\",\"inLanguage\":\"es-CO\",\"@id\":\"https:\/\/www.fiscalia.gov.co\/colombia\/#\/schema\/person\/image\/\",\"url\":\"https:\/\/secure.gravatar.com\/avatar\/a38115d98a7f8a96cbb96af2b2c37a0b?s=96&d=mm&r=g\",\"contentUrl\":\"https:\/\/secure.gravatar.com\/avatar\/a38115d98a7f8a96cbb96af2b2c37a0b?s=96&d=mm&r=g\",\"caption\":\"Ana Mar\u00eda Gomez\"},\"url\":\"https:\/\/www.fiscalia.gov.co\/colombia\/author\/agomez\/\"}]}<\/script>\n<!-- \/ Yoast SEO plugin. -->","yoast_head_json":{"title":"Fiscal\u00eda General de la Naci\u00f3n","description":"P\u00e1gina oficial de la Fiscal\u00eda General de la Naci\u00f3n \u2013 Colombia. Garantizamos el acceso efectivo a la justicia, la verdad y la reparaci\u00f3n de las v\u00edctimas de los delitos.","robots":{"index":"noindex","follow":"follow"},"og_locale":"es_ES","og_type":"article","og_title":"Fiscal\u00eda General de la Naci\u00f3n","og_description":"P\u00e1gina oficial de la Fiscal\u00eda General de la Naci\u00f3n \u2013 Colombia. Garantizamos el acceso efectivo a la justicia, la verdad y la reparaci\u00f3n de las v\u00edctimas de los delitos.","og_url":"https:\/\/www.fiscalia.gov.co\/colombia\/seguridad-territorial\/carcel-para-concejal-de-caicedonia-como-presunto-responsable-de-homicidio\/","og_site_name":"Fiscal\u00eda General de la Naci\u00f3n","article_publisher":"https:\/\/www.facebook.com\/FiscaliaCol","article_published_time":"2021-03-29T16:35:34+00:00","og_image":[{"url":"https:\/\/www.fiscalia.gov.co\/colombia\/wp-content\/uploads\/Alexander-Agudelo-Montoya-concejal-de-Caicedonia-asegurado-como-presunto-responsable-del-homicidio-de-un-ciudadano-ocurrido-el-30-de-diciembre-del-2020.-1024x768.jpg","type":"","width":"","height":""}],"author":"Ana Mar\u00eda Gomez","twitter_card":"summary_large_image","twitter_creator":"@FiscaliaCol","twitter_site":"@FiscaliaCol","twitter_misc":{"Escrito por":"Ana Mar\u00eda Gomez","Tiempo de lectura":"2 minutos"},"schema":{"@context":"https:\/\/schema.org","@graph":[{"@type":"Article","@id":"https:\/\/www.fiscalia.gov.co\/colombia\/seguridad-territorial\/carcel-para-concejal-de-caicedonia-como-presunto-responsable-de-homicidio\/#article","isPartOf":{"@id":"https:\/\/www.fiscalia.gov.co\/colombia\/seguridad-territorial\/carcel-para-concejal-de-caicedonia-como-presunto-responsable-de-homicidio\/"},"author":{"name":"Ana Mar\u00eda Gomez","@id":"https:\/\/www.fiscalia.gov.co\/colombia\/#\/schema\/person\/06aa2210fe4d79203f428ff671dee360"},"headline":"C\u00e1rcel para concejal de Caicedonia como presunto responsable de homicidio","datePublished":"2021-03-29T16:35:34+00:00","dateModified":"2021-03-29T16:35:34+00:00","mainEntityOfPage":{"@id":"https:\/\/www.fiscalia.gov.co\/colombia\/seguridad-territorial\/carcel-para-concejal-de-caicedonia-como-presunto-responsable-de-homicidio\/"},"wordCount":345,"publisher":{"@id":"https:\/\/www.fiscalia.gov.co\/colombia\/#organization"},"image":{"@id":"https:\/\/www.fiscalia.gov.co\/colombia\/seguridad-territorial\/carcel-para-concejal-de-caicedonia-como-presunto-responsable-de-homicidio\/#primaryimage"},"thumbnailUrl":"https:\/\/www.fiscalia.gov.co\/colombia\/wp-content\/uploads\/Alexander-Agudelo-Montoya-concejal-de-Caicedonia-asegurado-como-presunto-responsable-del-homicidio-de-un-ciudadano-ocurrido-el-30-de-diciembre-del-2020.-1024x768.jpg","keywords":["accesorios","Capturado","C\u00e1rcel","centro carcelario","Concejal","edil.","Fabricaci\u00f3n","Fiscal General de la Naci\u00f3n","Fiscal\u00eda Colombia","Homicidio","Medida de aseguramiento","orden judicial","partes o municiones.","porte o tenencia de armas de fuego","Tr\u00e1fico"],"articleSection":["Seccional Cali","Seccionales","Seguridad territorial"],"inLanguage":"es-CO"},{"@type":"WebPage","@id":"https:\/\/www.fiscalia.gov.co\/colombia\/seguridad-territorial\/carcel-para-concejal-de-caicedonia-como-presunto-responsable-de-homicidio\/","url":"https:\/\/www.fiscalia.gov.co\/colombia\/seguridad-territorial\/carcel-para-concejal-de-caicedonia-como-presunto-responsable-de-homicidio\/","name":"Fiscal\u00eda General de la Naci\u00f3n","isPartOf":{"@id":"https:\/\/www.fiscalia.gov.co\/colombia\/#website"},"primaryImageOfPage":{"@id":"https:\/\/www.fiscalia.gov.co\/colombia\/seguridad-territorial\/carcel-para-concejal-de-caicedonia-como-presunto-responsable-de-homicidio\/#primaryimage"},"image":{"@id":"https:\/\/www.fiscalia.gov.co\/colombia\/seguridad-territorial\/carcel-para-concejal-de-caicedonia-como-presunto-responsable-de-homicidio\/#primaryimage"},"thumbnailUrl":"https:\/\/www.fiscalia.gov.co\/colombia\/wp-content\/uploads\/Alexander-Agudelo-Montoya-concejal-de-Caicedonia-asegurado-como-presunto-responsable-del-homicidio-de-un-ciudadano-ocurrido-el-30-de-diciembre-del-2020.-1024x768.jpg","datePublished":"2021-03-29T16:35:34+00:00","dateModified":"2021-03-29T16:35:34+00:00","description":"P\u00e1gina oficial de la Fiscal\u00eda General de la Naci\u00f3n \u2013 Colombia. Garantizamos el acceso efectivo a la justicia, la verdad y la reparaci\u00f3n de las v\u00edctimas de los delitos.","breadcrumb":{"@id":"https:\/\/www.fiscalia.gov.co\/colombia\/seguridad-territorial\/carcel-para-concejal-de-caicedonia-como-presunto-responsable-de-homicidio\/#breadcrumb"},"inLanguage":"es-CO","potentialAction":[{"@type":"ReadAction","target":["https:\/\/www.fiscalia.gov.co\/colombia\/seguridad-territorial\/carcel-para-concejal-de-caicedonia-como-presunto-responsable-de-homicidio\/"]}]},{"@type":"ImageObject","inLanguage":"es-CO","@id":"https:\/\/www.fiscalia.gov.co\/colombia\/seguridad-territorial\/carcel-para-concejal-de-caicedonia-como-presunto-responsable-de-homicidio\/#primaryimage","url":"https:\/\/www.fiscalia.gov.co\/colombia\/wp-content\/uploads\/Alexander-Agudelo-Montoya-concejal-de-Caicedonia-asegurado-como-presunto-responsable-del-homicidio-de-un-ciudadano-ocurrido-el-30-de-diciembre-del-2020..jpg","contentUrl":"https:\/\/www.fiscalia.gov.co\/colombia\/wp-content\/uploads\/Alexander-Agudelo-Montoya-concejal-de-Caicedonia-asegurado-como-presunto-responsable-del-homicidio-de-un-ciudadano-ocurrido-el-30-de-diciembre-del-2020..jpg","width":1280,"height":960},{"@type":"BreadcrumbList","@id":"https:\/\/www.fiscalia.gov.co\/colombia\/seguridad-territorial\/carcel-para-concejal-de-caicedonia-como-presunto-responsable-de-homicidio\/#breadcrumb","itemListElement":[{"@type":"ListItem","position":1,"name":"Home","item":"https:\/\/www.fiscalia.gov.co\/colombia\/"},{"@type":"ListItem","position":2,"name":"C\u00e1rcel para concejal de Caicedonia como presunto responsable de homicidio"}]},{"@type":"WebSite","@id":"https:\/\/www.fiscalia.gov.co\/colombia\/#website","url":"https:\/\/www.fiscalia.gov.co\/colombia\/","name":"Fiscal\u00eda General de la Naci\u00f3n","description":"P\u00e1gina oficial de la Fiscal\u00eda General de la Naci\u00f3n \u2013 Colombia. Garantizamos el acceso efectivo a la justicia, la verdad y la reparaci\u00f3n de las v\u00edctimas de los delitos.","publisher":{"@id":"https:\/\/www.fiscalia.gov.co\/colombia\/#organization"},"potentialAction":[{"@type":"SearchAction","target":{"@type":"EntryPoint","urlTemplate":"https:\/\/www.fiscalia.gov.co\/colombia\/?s={search_term_string}"},"query-input":{"@type":"PropertyValueSpecification","valueRequired":true,"valueName":"search_term_string"}}],"inLanguage":"es-CO"},{"@type":"Organization","@id":"https:\/\/www.fiscalia.gov.co\/colombia\/#organization","name":"Fiscal\u00eda General de la Naci\u00f3n","url":"https:\/\/www.fiscalia.gov.co\/colombia\/","logo":{"@type":"ImageObject","inLanguage":"es-CO","@id":"https:\/\/www.fiscalia.gov.co\/colombia\/#\/schema\/logo\/image\/","url":"https:\/\/www.fiscalia.gov.co\/colombia\/wp-content\/uploads\/LogoHorizontal_1.jpg","contentUrl":"https:\/\/www.fiscalia.gov.co\/colombia\/wp-content\/uploads\/LogoHorizontal_1.jpg","width":300,"height":90,"caption":"Fiscal\u00eda General de la Naci\u00f3n"},"image":{"@id":"https:\/\/www.fiscalia.gov.co\/colombia\/#\/schema\/logo\/image\/"},"sameAs":["https:\/\/www.facebook.com\/FiscaliaCol","https:\/\/x.com\/FiscaliaCol","https:\/\/www.instagram.com\/fiscaliacol","https:\/\/www.linkedin.com\/company\/fiscalia-general-de-la-naci-n\/","https:\/\/youtube.com\/@fiscaliageneraldelanacion-4668?si=6nN79nyQICPU5iTh"]},{"@type":"Person","@id":"https:\/\/www.fiscalia.gov.co\/colombia\/#\/schema\/person\/06aa2210fe4d79203f428ff671dee360","name":"Ana Mar\u00eda Gomez","image":{"@type":"ImageObject","inLanguage":"es-CO","@id":"https:\/\/www.fiscalia.gov.co\/colombia\/#\/schema\/person\/image\/","url":"https:\/\/secure.gravatar.com\/avatar\/a38115d98a7f8a96cbb96af2b2c37a0b?s=96&d=mm&r=g","contentUrl":"https:\/\/secure.gravatar.com\/avatar\/a38115d98a7f8a96cbb96af2b2c37a0b?s=96&d=mm&r=g","caption":"Ana Mar\u00eda Gomez"},"url":"https:\/\/www.fiscalia.gov.co\/colombia\/author\/agomez\/"}]}},"_links":{"self":[{"href":"https:\/\/www.fiscalia.gov.co\/colombia\/wp-json\/wp\/v2\/posts\/216725","targetHints":{"allow":["GET"]}}],"collection":[{"href":"https:\/\/www.fiscalia.gov.co\/colombia\/wp-json\/wp\/v2\/posts"}],"about":[{"href":"https:\/\/www.fiscalia.gov.co\/colombia\/wp-json\/wp\/v2\/types\/post"}],"author":[{"embeddable":true,"href":"https:\/\/www.fiscalia.gov.co\/colombia\/wp-json\/wp\/v2\/users\/171"}],"replies":[{"embeddable":true,"href":"https:\/\/www.fiscalia.gov.co\/colombia\/wp-json\/wp\/v2\/comments?post=216725"}],"version-history":[{"count":1,"href":"https:\/\/www.fiscalia.gov.co\/colombia\/wp-json\/wp\/v2\/posts\/216725\/revisions"}],"predecessor-version":[{"id":216728,"href":"https:\/\/www.fiscalia.gov.co\/colombia\/wp-json\/wp\/v2\/posts\/216725\/revisions\/216728"}],"wp:attachment":[{"href":"https:\/\/www.fiscalia.gov.co\/colombia\/wp-json\/wp\/v2\/media?parent=216725"}],"wp:term":[{"taxonomy":"category","embeddable":true,"href":"https:\/\/www.fiscalia.gov.co\/colombia\/wp-json\/wp\/v2\/categories?post=216725"},{"taxonomy":"post_tag","embeddable":true,"href":"https:\/\/www.fiscalia.gov.co\/colombia\/wp-json\/wp\/v2\/tags?post=216725"}],"curies":[{"name":"wp","href":"https:\/\/api.w.org\/{rel}","templated":true}]}}