{"id":216716,"date":"2021-03-29T10:10:57","date_gmt":"2021-03-29T15:10:57","guid":{"rendered":"https:\/\/www.fiscalia.gov.co\/colombia\/?p=216716"},"modified":"2021-04-06T15:55:09","modified_gmt":"2021-04-06T20:55:09","slug":"a-la-carcel-presuntos-enlaces-de-estructura-criminal-trasnacional-dedicada-a-la-trata-de-personas","status":"publish","type":"post","link":"https:\/\/www.fiscalia.gov.co\/colombia\/derechos-humanos\/a-la-carcel-presuntos-enlaces-de-estructura-criminal-trasnacional-dedicada-a-la-trata-de-personas\/","title":{"rendered":"A la c\u00e1rcel presuntos enlaces de estructura criminal trasnacional dedicada a la trata de personas"},"content":{"rendered":"<blockquote>\n<h4 style=\"text-align: left;\"><strong><em>La Fiscal\u00eda logr\u00f3 la judicializaci\u00f3n de una pareja de esposos y una mujer, quienes ser\u00edan los responsables de ubicar mujeres y, mediante enga\u00f1os, convencerlas de viajar a pa\u00edses de Asia y Centroam\u00e9rica donde, al parecer, eran explotadas sexualmente. <\/em><\/strong><\/h4>\n<\/blockquote>\n<p>Ante la contundencia de los elementos de prueba obtenidos por un fiscal de la Direcci\u00f3n Especializada contra las Violaciones de Derechos Humanos y el Grupo Investigativo contra los Delitos Sexuales y la Familia de la DIJIN, un juez de control de garant\u00edas impuso medida de aseguramiento en centro carcelario a tres de los presuntos enlaces en Colombia de una red criminal de trata de personas.<\/p>\n<p>Los afectados con la decisi\u00f3n son: los esposos Martha Luc\u00eda Osorio C\u00e1rdenas y Fernando Zuleta Berm\u00fadez, y Leidy Johana Osorio Berm\u00fadez.<\/p>\n<p>Estas tres personas, al parecer, contactaban a j\u00f3venes de escasos recursos y en condiciones vulnerables en Bogot\u00e1, Valle del Cauca y el Eje Cafetero, y les ofrec\u00edan aparentes trabajos en el exterior. Adicionalmente, son se\u00f1aladas de convencerlas de viajar y facilitarles dinero, ropa y documentos para que pudieran llegar a Singapur, China y Panam\u00e1.<\/p>\n<p>Cuando las mujeres estaban en estos pa\u00edses, supuestamente, eran obligadas a ejercer actividades de tipo sexual, les quitaban los pasaportes y las reten\u00edan en medio de amenazas. Los testimonios de por lo menos 10 v\u00edctimas, quienes lograron escapar, dan cuenta de que no recib\u00edan retribuci\u00f3n econ\u00f3mica y que el dinero se los arrebataban para cubrir una deuda que siempre iba en aumento.<\/p>\n<p>En ese sentido, la Fiscal\u00eda imput\u00f3 a los procesados, seg\u00fan su posible participaci\u00f3n, los delitos de concierto para delinquir y trata de personas. En el curso de la investigaci\u00f3n se estableci\u00f3 que Martha Luc\u00eda Osorio C\u00e1rdenas hab\u00eda sido judicializada por conductas similares en 2013.<\/p>\n<p>Gracias a la articulaci\u00f3n de capacidades de la Fiscal\u00eda y la DIJIN de la Polic\u00eda Nacional se logr\u00f3 la captura de estos presuntos integrantes de la red de trata de personas, en diligencias de registro realizadas en Buga y Cartago (Valle del Cauca).<\/p>\n<p>Este resultado responde a la priorizaci\u00f3n de las acciones investigativas en defensa de los derechos de las mujeres, definida por el Fiscal General de la Naci\u00f3n, Francisco Barbosa Delgado, en el Direccionamiento Estrat\u00e9gico 2020 -2024.<\/p>\n<p>Esta informaci\u00f3n se publica por razones de inter\u00e9s general.<\/p>\n<p>LMBG\/JARG\/MRC\/DJR<\/p>\n<p><strong>La Fiscal\u00eda habla con resultados<\/strong><\/p>\n<p><i><span lang=\"ES\">La informaci\u00f3n contenida en este bolet\u00edn de prensa corresponde a la narraci\u00f3n de los hechos noticiosos objetivos, suministrados por los funcionarios encargados de adelantar las investigaciones penales al interior de la Fiscal\u00eda General de la Naci\u00f3n. Para el momento de la divulgaci\u00f3n de este comunicado, la situaci\u00f3n jur\u00eddica de la(s) persona(s) relacionada(s) se encuentra pendiente de resolver por la autoridad judicial competente, siempre bajo los preceptos de la presunci\u00f3n de inocencia, consagrados en el art\u00edculo 29 de la Constituci\u00f3n Pol\u00edtica y el art\u00edculo 7\u00ba de la Ley 906 de 2004.<\/span><\/i><\/p>\n<p><strong>\u00a0<\/strong><\/p>\n<p>&nbsp;<\/p>\n\n<div class=\"twitter-share\"><a href=\"https:\/\/twitter.com\/intent\/tweet?via=fiscaliacol\" class=\"twitter-share-button\">Tweet<\/a><\/div>\n","protected":false},"excerpt":{"rendered":"<p>La Fiscal\u00eda logr\u00f3 la judicializaci\u00f3n de una pareja de esposos y una mujer, quienes ser\u00edan los responsables de ubicar mujeres y, mediante enga\u00f1os, convencerlas de viajar a pa\u00edses de Asia y Centroam\u00e9rica donde, al parecer, eran explotadas sexualmente. Ante la contundencia de los elementos de prueba obtenidos por un fiscal de la Direcci\u00f3n Especializada contra [&hellip;]<\/p>\n","protected":false},"author":171,"featured_media":0,"comment_status":"closed","ping_status":"open","sticky":false,"template":"","format":"video","meta":{"_price":"","_stock":"","_tribe_ticket_header":"","_tribe_default_ticket_provider":"","_tribe_ticket_capacity":"0","_ticket_start_date":"","_ticket_end_date":"","_tribe_ticket_show_description":"","_tribe_ticket_show_not_going":false,"_tribe_ticket_use_global_stock":"","_tribe_ticket_global_stock_level":"","_global_stock_mode":"","_global_stock_cap":"","_tribe_rsvp_for_event":"","_tribe_ticket_going_count":"","_tribe_ticket_not_going_count":"","_tribe_tickets_list":"[]","_tribe_ticket_has_attendee_info_fields":false,"tdm_status":"","tdm_grid_status":"","footnotes":""},"categories":[24102],"tags":[24185,4614],"class_list":{"0":"post-216716","1":"post","2":"type-post","3":"status-publish","4":"format-video","6":"category-derechos-humanos","7":"tag-fiscal-barbosa","8":"tag-fiscalia-2","9":"post_format-post-format-video"},"yoast_head":"<!-- This site is optimized with the Yoast SEO plugin v24.3 - https:\/\/yoast.com\/wordpress\/plugins\/seo\/ -->\n<title>Fiscal\u00eda General de la Naci\u00f3n<\/title>\n<meta name=\"description\" content=\"P\u00e1gina oficial de la Fiscal\u00eda General de la Naci\u00f3n \u2013 Colombia. Garantizamos el acceso efectivo a la justicia, la verdad y la reparaci\u00f3n de las v\u00edctimas de los delitos.\" \/>\n<meta name=\"robots\" content=\"noindex, follow\" \/>\n<meta property=\"og:locale\" content=\"es_ES\" \/>\n<meta property=\"og:type\" content=\"article\" \/>\n<meta property=\"og:title\" content=\"Fiscal\u00eda General de la Naci\u00f3n\" \/>\n<meta property=\"og:description\" content=\"P\u00e1gina oficial de la Fiscal\u00eda General de la Naci\u00f3n \u2013 Colombia. Garantizamos el acceso efectivo a la justicia, la verdad y la reparaci\u00f3n de las v\u00edctimas de los delitos.\" \/>\n<meta property=\"og:url\" content=\"https:\/\/www.fiscalia.gov.co\/colombia\/derechos-humanos\/a-la-carcel-presuntos-enlaces-de-estructura-criminal-trasnacional-dedicada-a-la-trata-de-personas\/\" \/>\n<meta property=\"og:site_name\" content=\"Fiscal\u00eda General de la Naci\u00f3n\" \/>\n<meta property=\"article:publisher\" content=\"https:\/\/www.facebook.com\/FiscaliaCol\" \/>\n<meta property=\"article:published_time\" content=\"2021-03-29T15:10:57+00:00\" \/>\n<meta property=\"article:modified_time\" content=\"2021-04-06T20:55:09+00:00\" \/>\n<meta name=\"author\" content=\"Ana Mar\u00eda Gomez\" \/>\n<meta name=\"twitter:card\" content=\"summary_large_image\" \/>\n<meta name=\"twitter:creator\" content=\"@FiscaliaCol\" \/>\n<meta name=\"twitter:site\" content=\"@FiscaliaCol\" \/>\n<meta name=\"twitter:label1\" content=\"Escrito por\" \/>\n\t<meta name=\"twitter:data1\" content=\"Ana Mar\u00eda Gomez\" \/>\n\t<meta name=\"twitter:label2\" content=\"Tiempo de lectura\" \/>\n\t<meta name=\"twitter:data2\" content=\"3 minutos\" \/>\n<script type=\"application\/ld+json\" class=\"yoast-schema-graph\">{\"@context\":\"https:\/\/schema.org\",\"@graph\":[{\"@type\":\"Article\",\"@id\":\"https:\/\/www.fiscalia.gov.co\/colombia\/derechos-humanos\/a-la-carcel-presuntos-enlaces-de-estructura-criminal-trasnacional-dedicada-a-la-trata-de-personas\/#article\",\"isPartOf\":{\"@id\":\"https:\/\/www.fiscalia.gov.co\/colombia\/derechos-humanos\/a-la-carcel-presuntos-enlaces-de-estructura-criminal-trasnacional-dedicada-a-la-trata-de-personas\/\"},\"author\":{\"name\":\"Ana Mar\u00eda Gomez\",\"@id\":\"https:\/\/www.fiscalia.gov.co\/colombia\/#\/schema\/person\/06aa2210fe4d79203f428ff671dee360\"},\"headline\":\"A la c\u00e1rcel presuntos enlaces de estructura criminal trasnacional dedicada a la trata de personas\",\"datePublished\":\"2021-03-29T15:10:57+00:00\",\"dateModified\":\"2021-04-06T20:55:09+00:00\",\"mainEntityOfPage\":{\"@id\":\"https:\/\/www.fiscalia.gov.co\/colombia\/derechos-humanos\/a-la-carcel-presuntos-enlaces-de-estructura-criminal-trasnacional-dedicada-a-la-trata-de-personas\/\"},\"wordCount\":534,\"publisher\":{\"@id\":\"https:\/\/www.fiscalia.gov.co\/colombia\/#organization\"},\"keywords\":[\"Fiscal Barbosa\",\"Fiscal\u00eda\"],\"articleSection\":[\"Derechos Humanos\"],\"inLanguage\":\"es-CO\"},{\"@type\":\"WebPage\",\"@id\":\"https:\/\/www.fiscalia.gov.co\/colombia\/derechos-humanos\/a-la-carcel-presuntos-enlaces-de-estructura-criminal-trasnacional-dedicada-a-la-trata-de-personas\/\",\"url\":\"https:\/\/www.fiscalia.gov.co\/colombia\/derechos-humanos\/a-la-carcel-presuntos-enlaces-de-estructura-criminal-trasnacional-dedicada-a-la-trata-de-personas\/\",\"name\":\"Fiscal\u00eda General de la Naci\u00f3n\",\"isPartOf\":{\"@id\":\"https:\/\/www.fiscalia.gov.co\/colombia\/#website\"},\"datePublished\":\"2021-03-29T15:10:57+00:00\",\"dateModified\":\"2021-04-06T20:55:09+00:00\",\"description\":\"P\u00e1gina oficial de la Fiscal\u00eda General de la Naci\u00f3n \u2013 Colombia. Garantizamos el acceso efectivo a la justicia, la verdad y la reparaci\u00f3n de las v\u00edctimas de los delitos.\",\"breadcrumb\":{\"@id\":\"https:\/\/www.fiscalia.gov.co\/colombia\/derechos-humanos\/a-la-carcel-presuntos-enlaces-de-estructura-criminal-trasnacional-dedicada-a-la-trata-de-personas\/#breadcrumb\"},\"inLanguage\":\"es-CO\",\"potentialAction\":[{\"@type\":\"ReadAction\",\"target\":[\"https:\/\/www.fiscalia.gov.co\/colombia\/derechos-humanos\/a-la-carcel-presuntos-enlaces-de-estructura-criminal-trasnacional-dedicada-a-la-trata-de-personas\/\"]}]},{\"@type\":\"BreadcrumbList\",\"@id\":\"https:\/\/www.fiscalia.gov.co\/colombia\/derechos-humanos\/a-la-carcel-presuntos-enlaces-de-estructura-criminal-trasnacional-dedicada-a-la-trata-de-personas\/#breadcrumb\",\"itemListElement\":[{\"@type\":\"ListItem\",\"position\":1,\"name\":\"Home\",\"item\":\"https:\/\/www.fiscalia.gov.co\/colombia\/\"},{\"@type\":\"ListItem\",\"position\":2,\"name\":\"A la c\u00e1rcel presuntos enlaces de estructura criminal trasnacional dedicada a la trata de personas\"}]},{\"@type\":\"WebSite\",\"@id\":\"https:\/\/www.fiscalia.gov.co\/colombia\/#website\",\"url\":\"https:\/\/www.fiscalia.gov.co\/colombia\/\",\"name\":\"Fiscal\u00eda General de la Naci\u00f3n\",\"description\":\"P\u00e1gina oficial de la Fiscal\u00eda General de la Naci\u00f3n \u2013 Colombia. Garantizamos el acceso efectivo a la justicia, la verdad y la reparaci\u00f3n de las v\u00edctimas de los delitos.\",\"publisher\":{\"@id\":\"https:\/\/www.fiscalia.gov.co\/colombia\/#organization\"},\"potentialAction\":[{\"@type\":\"SearchAction\",\"target\":{\"@type\":\"EntryPoint\",\"urlTemplate\":\"https:\/\/www.fiscalia.gov.co\/colombia\/?s={search_term_string}\"},\"query-input\":{\"@type\":\"PropertyValueSpecification\",\"valueRequired\":true,\"valueName\":\"search_term_string\"}}],\"inLanguage\":\"es-CO\"},{\"@type\":\"Organization\",\"@id\":\"https:\/\/www.fiscalia.gov.co\/colombia\/#organization\",\"name\":\"Fiscal\u00eda General de la Naci\u00f3n\",\"url\":\"https:\/\/www.fiscalia.gov.co\/colombia\/\",\"logo\":{\"@type\":\"ImageObject\",\"inLanguage\":\"es-CO\",\"@id\":\"https:\/\/www.fiscalia.gov.co\/colombia\/#\/schema\/logo\/image\/\",\"url\":\"https:\/\/www.fiscalia.gov.co\/colombia\/wp-content\/uploads\/LogoHorizontal_1.jpg\",\"contentUrl\":\"https:\/\/www.fiscalia.gov.co\/colombia\/wp-content\/uploads\/LogoHorizontal_1.jpg\",\"width\":300,\"height\":90,\"caption\":\"Fiscal\u00eda General de la Naci\u00f3n\"},\"image\":{\"@id\":\"https:\/\/www.fiscalia.gov.co\/colombia\/#\/schema\/logo\/image\/\"},\"sameAs\":[\"https:\/\/www.facebook.com\/FiscaliaCol\",\"https:\/\/x.com\/FiscaliaCol\",\"https:\/\/www.instagram.com\/fiscaliacol\",\"https:\/\/www.linkedin.com\/company\/fiscalia-general-de-la-naci-n\/\",\"https:\/\/youtube.com\/@fiscaliageneraldelanacion-4668?si=6nN79nyQICPU5iTh\"]},{\"@type\":\"Person\",\"@id\":\"https:\/\/www.fiscalia.gov.co\/colombia\/#\/schema\/person\/06aa2210fe4d79203f428ff671dee360\",\"name\":\"Ana Mar\u00eda Gomez\",\"image\":{\"@type\":\"ImageObject\",\"inLanguage\":\"es-CO\",\"@id\":\"https:\/\/www.fiscalia.gov.co\/colombia\/#\/schema\/person\/image\/\",\"url\":\"https:\/\/secure.gravatar.com\/avatar\/a38115d98a7f8a96cbb96af2b2c37a0b?s=96&d=mm&r=g\",\"contentUrl\":\"https:\/\/secure.gravatar.com\/avatar\/a38115d98a7f8a96cbb96af2b2c37a0b?s=96&d=mm&r=g\",\"caption\":\"Ana Mar\u00eda Gomez\"},\"url\":\"https:\/\/www.fiscalia.gov.co\/colombia\/author\/agomez\/\"}]}<\/script>\n<!-- \/ Yoast SEO plugin. -->","yoast_head_json":{"title":"Fiscal\u00eda General de la Naci\u00f3n","description":"P\u00e1gina oficial de la Fiscal\u00eda General de la Naci\u00f3n \u2013 Colombia. Garantizamos el acceso efectivo a la justicia, la verdad y la reparaci\u00f3n de las v\u00edctimas de los delitos.","robots":{"index":"noindex","follow":"follow"},"og_locale":"es_ES","og_type":"article","og_title":"Fiscal\u00eda General de la Naci\u00f3n","og_description":"P\u00e1gina oficial de la Fiscal\u00eda General de la Naci\u00f3n \u2013 Colombia. Garantizamos el acceso efectivo a la justicia, la verdad y la reparaci\u00f3n de las v\u00edctimas de los delitos.","og_url":"https:\/\/www.fiscalia.gov.co\/colombia\/derechos-humanos\/a-la-carcel-presuntos-enlaces-de-estructura-criminal-trasnacional-dedicada-a-la-trata-de-personas\/","og_site_name":"Fiscal\u00eda General de la Naci\u00f3n","article_publisher":"https:\/\/www.facebook.com\/FiscaliaCol","article_published_time":"2021-03-29T15:10:57+00:00","article_modified_time":"2021-04-06T20:55:09+00:00","author":"Ana Mar\u00eda Gomez","twitter_card":"summary_large_image","twitter_creator":"@FiscaliaCol","twitter_site":"@FiscaliaCol","twitter_misc":{"Escrito por":"Ana Mar\u00eda Gomez","Tiempo de lectura":"3 minutos"},"schema":{"@context":"https:\/\/schema.org","@graph":[{"@type":"Article","@id":"https:\/\/www.fiscalia.gov.co\/colombia\/derechos-humanos\/a-la-carcel-presuntos-enlaces-de-estructura-criminal-trasnacional-dedicada-a-la-trata-de-personas\/#article","isPartOf":{"@id":"https:\/\/www.fiscalia.gov.co\/colombia\/derechos-humanos\/a-la-carcel-presuntos-enlaces-de-estructura-criminal-trasnacional-dedicada-a-la-trata-de-personas\/"},"author":{"name":"Ana Mar\u00eda Gomez","@id":"https:\/\/www.fiscalia.gov.co\/colombia\/#\/schema\/person\/06aa2210fe4d79203f428ff671dee360"},"headline":"A la c\u00e1rcel presuntos enlaces de estructura criminal trasnacional dedicada a la trata de personas","datePublished":"2021-03-29T15:10:57+00:00","dateModified":"2021-04-06T20:55:09+00:00","mainEntityOfPage":{"@id":"https:\/\/www.fiscalia.gov.co\/colombia\/derechos-humanos\/a-la-carcel-presuntos-enlaces-de-estructura-criminal-trasnacional-dedicada-a-la-trata-de-personas\/"},"wordCount":534,"publisher":{"@id":"https:\/\/www.fiscalia.gov.co\/colombia\/#organization"},"keywords":["Fiscal Barbosa","Fiscal\u00eda"],"articleSection":["Derechos Humanos"],"inLanguage":"es-CO"},{"@type":"WebPage","@id":"https:\/\/www.fiscalia.gov.co\/colombia\/derechos-humanos\/a-la-carcel-presuntos-enlaces-de-estructura-criminal-trasnacional-dedicada-a-la-trata-de-personas\/","url":"https:\/\/www.fiscalia.gov.co\/colombia\/derechos-humanos\/a-la-carcel-presuntos-enlaces-de-estructura-criminal-trasnacional-dedicada-a-la-trata-de-personas\/","name":"Fiscal\u00eda General de la Naci\u00f3n","isPartOf":{"@id":"https:\/\/www.fiscalia.gov.co\/colombia\/#website"},"datePublished":"2021-03-29T15:10:57+00:00","dateModified":"2021-04-06T20:55:09+00:00","description":"P\u00e1gina oficial de la Fiscal\u00eda General de la Naci\u00f3n \u2013 Colombia. Garantizamos el acceso efectivo a la justicia, la verdad y la reparaci\u00f3n de las v\u00edctimas de los delitos.","breadcrumb":{"@id":"https:\/\/www.fiscalia.gov.co\/colombia\/derechos-humanos\/a-la-carcel-presuntos-enlaces-de-estructura-criminal-trasnacional-dedicada-a-la-trata-de-personas\/#breadcrumb"},"inLanguage":"es-CO","potentialAction":[{"@type":"ReadAction","target":["https:\/\/www.fiscalia.gov.co\/colombia\/derechos-humanos\/a-la-carcel-presuntos-enlaces-de-estructura-criminal-trasnacional-dedicada-a-la-trata-de-personas\/"]}]},{"@type":"BreadcrumbList","@id":"https:\/\/www.fiscalia.gov.co\/colombia\/derechos-humanos\/a-la-carcel-presuntos-enlaces-de-estructura-criminal-trasnacional-dedicada-a-la-trata-de-personas\/#breadcrumb","itemListElement":[{"@type":"ListItem","position":1,"name":"Home","item":"https:\/\/www.fiscalia.gov.co\/colombia\/"},{"@type":"ListItem","position":2,"name":"A la c\u00e1rcel presuntos enlaces de estructura criminal trasnacional dedicada a la trata de personas"}]},{"@type":"WebSite","@id":"https:\/\/www.fiscalia.gov.co\/colombia\/#website","url":"https:\/\/www.fiscalia.gov.co\/colombia\/","name":"Fiscal\u00eda General de la Naci\u00f3n","description":"P\u00e1gina oficial de la Fiscal\u00eda General de la Naci\u00f3n \u2013 Colombia. Garantizamos el acceso efectivo a la justicia, la verdad y la reparaci\u00f3n de las v\u00edctimas de los delitos.","publisher":{"@id":"https:\/\/www.fiscalia.gov.co\/colombia\/#organization"},"potentialAction":[{"@type":"SearchAction","target":{"@type":"EntryPoint","urlTemplate":"https:\/\/www.fiscalia.gov.co\/colombia\/?s={search_term_string}"},"query-input":{"@type":"PropertyValueSpecification","valueRequired":true,"valueName":"search_term_string"}}],"inLanguage":"es-CO"},{"@type":"Organization","@id":"https:\/\/www.fiscalia.gov.co\/colombia\/#organization","name":"Fiscal\u00eda General de la Naci\u00f3n","url":"https:\/\/www.fiscalia.gov.co\/colombia\/","logo":{"@type":"ImageObject","inLanguage":"es-CO","@id":"https:\/\/www.fiscalia.gov.co\/colombia\/#\/schema\/logo\/image\/","url":"https:\/\/www.fiscalia.gov.co\/colombia\/wp-content\/uploads\/LogoHorizontal_1.jpg","contentUrl":"https:\/\/www.fiscalia.gov.co\/colombia\/wp-content\/uploads\/LogoHorizontal_1.jpg","width":300,"height":90,"caption":"Fiscal\u00eda General de la Naci\u00f3n"},"image":{"@id":"https:\/\/www.fiscalia.gov.co\/colombia\/#\/schema\/logo\/image\/"},"sameAs":["https:\/\/www.facebook.com\/FiscaliaCol","https:\/\/x.com\/FiscaliaCol","https:\/\/www.instagram.com\/fiscaliacol","https:\/\/www.linkedin.com\/company\/fiscalia-general-de-la-naci-n\/","https:\/\/youtube.com\/@fiscaliageneraldelanacion-4668?si=6nN79nyQICPU5iTh"]},{"@type":"Person","@id":"https:\/\/www.fiscalia.gov.co\/colombia\/#\/schema\/person\/06aa2210fe4d79203f428ff671dee360","name":"Ana Mar\u00eda Gomez","image":{"@type":"ImageObject","inLanguage":"es-CO","@id":"https:\/\/www.fiscalia.gov.co\/colombia\/#\/schema\/person\/image\/","url":"https:\/\/secure.gravatar.com\/avatar\/a38115d98a7f8a96cbb96af2b2c37a0b?s=96&d=mm&r=g","contentUrl":"https:\/\/secure.gravatar.com\/avatar\/a38115d98a7f8a96cbb96af2b2c37a0b?s=96&d=mm&r=g","caption":"Ana Mar\u00eda Gomez"},"url":"https:\/\/www.fiscalia.gov.co\/colombia\/author\/agomez\/"}]}},"_links":{"self":[{"href":"https:\/\/www.fiscalia.gov.co\/colombia\/wp-json\/wp\/v2\/posts\/216716","targetHints":{"allow":["GET"]}}],"collection":[{"href":"https:\/\/www.fiscalia.gov.co\/colombia\/wp-json\/wp\/v2\/posts"}],"about":[{"href":"https:\/\/www.fiscalia.gov.co\/colombia\/wp-json\/wp\/v2\/types\/post"}],"author":[{"embeddable":true,"href":"https:\/\/www.fiscalia.gov.co\/colombia\/wp-json\/wp\/v2\/users\/171"}],"replies":[{"embeddable":true,"href":"https:\/\/www.fiscalia.gov.co\/colombia\/wp-json\/wp\/v2\/comments?post=216716"}],"version-history":[{"count":2,"href":"https:\/\/www.fiscalia.gov.co\/colombia\/wp-json\/wp\/v2\/posts\/216716\/revisions"}],"predecessor-version":[{"id":216718,"href":"https:\/\/www.fiscalia.gov.co\/colombia\/wp-json\/wp\/v2\/posts\/216716\/revisions\/216718"}],"wp:attachment":[{"href":"https:\/\/www.fiscalia.gov.co\/colombia\/wp-json\/wp\/v2\/media?parent=216716"}],"wp:term":[{"taxonomy":"category","embeddable":true,"href":"https:\/\/www.fiscalia.gov.co\/colombia\/wp-json\/wp\/v2\/categories?post=216716"},{"taxonomy":"post_tag","embeddable":true,"href":"https:\/\/www.fiscalia.gov.co\/colombia\/wp-json\/wp\/v2\/tags?post=216716"}],"curies":[{"name":"wp","href":"https:\/\/api.w.org\/{rel}","templated":true}]}}