{"id":216673,"date":"2021-03-27T16:22:12","date_gmt":"2021-03-27T21:22:12","guid":{"rendered":"https:\/\/www.fiscalia.gov.co\/colombia\/?p=216673"},"modified":"2021-03-27T16:41:03","modified_gmt":"2021-03-27T21:41:03","slug":"fiscal-general-de-la-nacion-traslado-su-despacho-a-cauca-para-impulsar-las-acciones-investigativas-respecto-a-los-recientes-actos-criminales-en-el-departamento","status":"publish","type":"post","link":"https:\/\/www.fiscalia.gov.co\/colombia\/el-fiscal-en-los-territorios\/fiscal-general-de-la-nacion-traslado-su-despacho-a-cauca-para-impulsar-las-acciones-investigativas-respecto-a-los-recientes-actos-criminales-en-el-departamento\/","title":{"rendered":"Fiscal General de la Naci\u00f3n traslad\u00f3 su despacho a Cauca para impulsar las acciones investigativas respecto a los recientes actos criminales en el departamento"},"content":{"rendered":"<blockquote>\n<h4 style=\"text-align: left;\"><strong><em>U<\/em><\/strong><em><strong>n grupo especializado del Nivel Central y de la Seccional Cauca orienta las investigaciones por la explosi\u00f3n de un carro bomba en Corinto y el secuestro de un funcionario del CTI en Caloto.<\/strong> <\/em><\/h4>\n<\/blockquote>\n<p>El Fiscal General de la Naci\u00f3n, Francisco Barbosa Delgado, traslad\u00f3 su despacho a Cauca y, en compa\u00f1\u00eda de la Vicefiscal General, Martha Janeth Mancera; la delegada para la Seguridad Luisa Obando; y el equipo directivo de la Seccional Cauca, defini\u00f3 acciones para impulsar las labores investigativas que permitan dar con los responsables de las recientes acciones criminales ocurridas en el departamento.<\/p>\n<p>\u201cHemos tomado la decisi\u00f3n de trasladar el despacho del Fiscal General de la Naci\u00f3n al departamento de Cauca durante los pr\u00f3ximos d\u00edas, producto de la situaci\u00f3n luctuosa que se present\u00f3 en el municipio de Corinto (Cauca), en donde explot\u00f3 un carro bomba produciendo un grupo importante de heridos. Del mismo modo, aqu\u00ed fue secuestrado un funcionario del CTI de la Fiscal\u00eda por parte de un grupo delincuencial\u201d, precis\u00f3 el Fiscal Barbosa Delgado.<\/p>\n<p>Asimismo, insisti\u00f3 en que las estrategias diferenciales y el trabajo itinerante en los territorios ser\u00e1n fortalecidos en Cauca para seguir impactando a la criminalidad organizada, y obtener resultados contra las estructuras que afectan la tranquilidad de las comunidades.<\/p>\n<p>\u201cDebemos decir que la Fiscal\u00eda General de la Naci\u00f3n ha estado en una multiplicidad de acciones contra la delincuencia en el departamento, especialmente, en la lucha contra el narcotr\u00e1fico. En los \u00faltimos 80 d\u00edas hemos podido incautar m\u00e1s de 140 toneladas de insumos para la producci\u00f3n de narc\u00f3ticos y 120 toneladas de clorhidrato de coca\u00edna y de marihuana en esa zona del pa\u00eds\u201d, se\u00f1al\u00f3.<\/p>\n<p>En atenci\u00f3n a los lineamientos definidos por el Fiscal General de la Naci\u00f3n, un equipo investigativo especializado, en articulaci\u00f3n con las fuerzas militares y la Polic\u00eda Nacional, avanzar\u00e1 en el esclarecimiento de lo ocurrido en la acci\u00f3n terrorista en Corinto y el secuestro del investigador del CTI en Caloto (Cauca).<\/p>\n<p>Esta informaci\u00f3n se publica por razones de inter\u00e9s general.<\/p>\n<p><strong>La Fiscal\u00eda habla con resultados<\/strong><\/p>\n<p><em>La informaci\u00f3n contenida en este bolet\u00edn de prensa corresponde a la narraci\u00f3n de los hechos noticiosos objetivos, suministrados por los funcionarios encargados de adelantar las investigaciones penales al interior de la Fiscal\u00eda General de la Naci\u00f3n. Para el momento de la divulgaci\u00f3n de este comunicado, la situaci\u00f3n jur\u00eddica de la(s) persona(s) relacionada(s) se encuentra pendiente de resolver por la autoridad judicial competente, siempre bajo los preceptos de la presunci\u00f3n de inocencia, consagrados en el art\u00edculo 29 de la Constituci\u00f3n Pol\u00edtica y el art\u00edculo 7\u00ba de la Ley 906 de 2004.<\/em><\/p>\n\n<div class=\"twitter-share\"><a href=\"https:\/\/twitter.com\/intent\/tweet?via=fiscaliacol\" class=\"twitter-share-button\">Tweet<\/a><\/div>\n","protected":false},"excerpt":{"rendered":"<p>Un grupo especializado del Nivel Central y de la Seccional Cauca orienta las investigaciones por la explosi\u00f3n de un carro bomba en Corinto y el secuestro de un funcionario del CTI en Caloto. El Fiscal General de la Naci\u00f3n, Francisco Barbosa Delgado, traslad\u00f3 su despacho a Cauca y, en compa\u00f1\u00eda de la Vicefiscal General, Martha [&hellip;]<\/p>\n","protected":false},"author":171,"featured_media":0,"comment_status":"closed","ping_status":"open","sticky":false,"template":"","format":"video","meta":{"_price":"","_stock":"","_tribe_ticket_header":"","_tribe_default_ticket_provider":"","_tribe_ticket_capacity":"0","_ticket_start_date":"","_ticket_end_date":"","_tribe_ticket_show_description":"","_tribe_ticket_show_not_going":false,"_tribe_ticket_use_global_stock":"","_tribe_ticket_global_stock_level":"","_global_stock_mode":"","_global_stock_cap":"","_tribe_rsvp_for_event":"","_tribe_ticket_going_count":"","_tribe_ticket_not_going_count":"","_tribe_tickets_list":"[]","_tribe_ticket_has_attendee_info_fields":false,"tdm_status":"","tdm_grid_status":"","footnotes":""},"categories":[25128,24096],"tags":[24185,4614],"class_list":{"0":"post-216673","1":"post","2":"type-post","3":"status-publish","4":"format-video","6":"category-el-fiscal-en-los-territorios","7":"category-fiscal-general-de-la-nacion","8":"tag-fiscal-barbosa","9":"tag-fiscalia-2","10":"post_format-post-format-video"},"yoast_head":"<!-- This site is optimized with the Yoast SEO plugin v24.3 - https:\/\/yoast.com\/wordpress\/plugins\/seo\/ -->\n<title>Fiscal\u00eda General de la Naci\u00f3n<\/title>\n<meta name=\"description\" content=\"P\u00e1gina oficial de la Fiscal\u00eda General de la Naci\u00f3n \u2013 Colombia. Garantizamos el acceso efectivo a la justicia, la verdad y la reparaci\u00f3n de las v\u00edctimas de los delitos.\" \/>\n<meta name=\"robots\" content=\"noindex, follow\" \/>\n<meta property=\"og:locale\" content=\"es_ES\" \/>\n<meta property=\"og:type\" content=\"article\" \/>\n<meta property=\"og:title\" content=\"Fiscal\u00eda General de la Naci\u00f3n\" \/>\n<meta property=\"og:description\" content=\"P\u00e1gina oficial de la Fiscal\u00eda General de la Naci\u00f3n \u2013 Colombia. Garantizamos el acceso efectivo a la justicia, la verdad y la reparaci\u00f3n de las v\u00edctimas de los delitos.\" \/>\n<meta property=\"og:url\" content=\"https:\/\/www.fiscalia.gov.co\/colombia\/el-fiscal-en-los-territorios\/fiscal-general-de-la-nacion-traslado-su-despacho-a-cauca-para-impulsar-las-acciones-investigativas-respecto-a-los-recientes-actos-criminales-en-el-departamento\/\" \/>\n<meta property=\"og:site_name\" content=\"Fiscal\u00eda General de la Naci\u00f3n\" \/>\n<meta property=\"article:publisher\" content=\"https:\/\/www.facebook.com\/FiscaliaCol\" \/>\n<meta property=\"article:published_time\" content=\"2021-03-27T21:22:12+00:00\" \/>\n<meta property=\"article:modified_time\" content=\"2021-03-27T21:41:03+00:00\" \/>\n<meta name=\"author\" content=\"Ana Mar\u00eda Gomez\" \/>\n<meta name=\"twitter:card\" content=\"summary_large_image\" \/>\n<meta name=\"twitter:creator\" content=\"@FiscaliaCol\" \/>\n<meta name=\"twitter:site\" content=\"@FiscaliaCol\" \/>\n<meta name=\"twitter:label1\" content=\"Escrito por\" \/>\n\t<meta name=\"twitter:data1\" content=\"Ana Mar\u00eda Gomez\" \/>\n\t<meta name=\"twitter:label2\" content=\"Tiempo de lectura\" \/>\n\t<meta name=\"twitter:data2\" content=\"2 minutos\" \/>\n<script type=\"application\/ld+json\" class=\"yoast-schema-graph\">{\"@context\":\"https:\/\/schema.org\",\"@graph\":[{\"@type\":\"Article\",\"@id\":\"https:\/\/www.fiscalia.gov.co\/colombia\/el-fiscal-en-los-territorios\/fiscal-general-de-la-nacion-traslado-su-despacho-a-cauca-para-impulsar-las-acciones-investigativas-respecto-a-los-recientes-actos-criminales-en-el-departamento\/#article\",\"isPartOf\":{\"@id\":\"https:\/\/www.fiscalia.gov.co\/colombia\/el-fiscal-en-los-territorios\/fiscal-general-de-la-nacion-traslado-su-despacho-a-cauca-para-impulsar-las-acciones-investigativas-respecto-a-los-recientes-actos-criminales-en-el-departamento\/\"},\"author\":{\"name\":\"Ana Mar\u00eda Gomez\",\"@id\":\"https:\/\/www.fiscalia.gov.co\/colombia\/#\/schema\/person\/06aa2210fe4d79203f428ff671dee360\"},\"headline\":\"Fiscal General de la Naci\u00f3n traslad\u00f3 su despacho a Cauca para impulsar las acciones investigativas respecto a los recientes actos criminales en el departamento\",\"datePublished\":\"2021-03-27T21:22:12+00:00\",\"dateModified\":\"2021-03-27T21:41:03+00:00\",\"mainEntityOfPage\":{\"@id\":\"https:\/\/www.fiscalia.gov.co\/colombia\/el-fiscal-en-los-territorios\/fiscal-general-de-la-nacion-traslado-su-despacho-a-cauca-para-impulsar-las-acciones-investigativas-respecto-a-los-recientes-actos-criminales-en-el-departamento\/\"},\"wordCount\":485,\"publisher\":{\"@id\":\"https:\/\/www.fiscalia.gov.co\/colombia\/#organization\"},\"keywords\":[\"Fiscal Barbosa\",\"Fiscal\u00eda\"],\"articleSection\":[\"El Fiscal en los territorios\",\"Fiscal General de la Naci\u00f3n\"],\"inLanguage\":\"es-CO\"},{\"@type\":\"WebPage\",\"@id\":\"https:\/\/www.fiscalia.gov.co\/colombia\/el-fiscal-en-los-territorios\/fiscal-general-de-la-nacion-traslado-su-despacho-a-cauca-para-impulsar-las-acciones-investigativas-respecto-a-los-recientes-actos-criminales-en-el-departamento\/\",\"url\":\"https:\/\/www.fiscalia.gov.co\/colombia\/el-fiscal-en-los-territorios\/fiscal-general-de-la-nacion-traslado-su-despacho-a-cauca-para-impulsar-las-acciones-investigativas-respecto-a-los-recientes-actos-criminales-en-el-departamento\/\",\"name\":\"Fiscal\u00eda General de la Naci\u00f3n\",\"isPartOf\":{\"@id\":\"https:\/\/www.fiscalia.gov.co\/colombia\/#website\"},\"datePublished\":\"2021-03-27T21:22:12+00:00\",\"dateModified\":\"2021-03-27T21:41:03+00:00\",\"description\":\"P\u00e1gina oficial de la Fiscal\u00eda General de la Naci\u00f3n \u2013 Colombia. Garantizamos el acceso efectivo a la justicia, la verdad y la reparaci\u00f3n de las v\u00edctimas de los delitos.\",\"breadcrumb\":{\"@id\":\"https:\/\/www.fiscalia.gov.co\/colombia\/el-fiscal-en-los-territorios\/fiscal-general-de-la-nacion-traslado-su-despacho-a-cauca-para-impulsar-las-acciones-investigativas-respecto-a-los-recientes-actos-criminales-en-el-departamento\/#breadcrumb\"},\"inLanguage\":\"es-CO\",\"potentialAction\":[{\"@type\":\"ReadAction\",\"target\":[\"https:\/\/www.fiscalia.gov.co\/colombia\/el-fiscal-en-los-territorios\/fiscal-general-de-la-nacion-traslado-su-despacho-a-cauca-para-impulsar-las-acciones-investigativas-respecto-a-los-recientes-actos-criminales-en-el-departamento\/\"]}]},{\"@type\":\"BreadcrumbList\",\"@id\":\"https:\/\/www.fiscalia.gov.co\/colombia\/el-fiscal-en-los-territorios\/fiscal-general-de-la-nacion-traslado-su-despacho-a-cauca-para-impulsar-las-acciones-investigativas-respecto-a-los-recientes-actos-criminales-en-el-departamento\/#breadcrumb\",\"itemListElement\":[{\"@type\":\"ListItem\",\"position\":1,\"name\":\"Home\",\"item\":\"https:\/\/www.fiscalia.gov.co\/colombia\/\"},{\"@type\":\"ListItem\",\"position\":2,\"name\":\"Fiscal General de la Naci\u00f3n traslad\u00f3 su despacho a Cauca para impulsar las acciones investigativas respecto a los recientes actos criminales en el departamento\"}]},{\"@type\":\"WebSite\",\"@id\":\"https:\/\/www.fiscalia.gov.co\/colombia\/#website\",\"url\":\"https:\/\/www.fiscalia.gov.co\/colombia\/\",\"name\":\"Fiscal\u00eda General de la Naci\u00f3n\",\"description\":\"P\u00e1gina oficial de la Fiscal\u00eda General de la Naci\u00f3n \u2013 Colombia. Garantizamos el acceso efectivo a la justicia, la verdad y la reparaci\u00f3n de las v\u00edctimas de los delitos.\",\"publisher\":{\"@id\":\"https:\/\/www.fiscalia.gov.co\/colombia\/#organization\"},\"potentialAction\":[{\"@type\":\"SearchAction\",\"target\":{\"@type\":\"EntryPoint\",\"urlTemplate\":\"https:\/\/www.fiscalia.gov.co\/colombia\/?s={search_term_string}\"},\"query-input\":{\"@type\":\"PropertyValueSpecification\",\"valueRequired\":true,\"valueName\":\"search_term_string\"}}],\"inLanguage\":\"es-CO\"},{\"@type\":\"Organization\",\"@id\":\"https:\/\/www.fiscalia.gov.co\/colombia\/#organization\",\"name\":\"Fiscal\u00eda General de la Naci\u00f3n\",\"url\":\"https:\/\/www.fiscalia.gov.co\/colombia\/\",\"logo\":{\"@type\":\"ImageObject\",\"inLanguage\":\"es-CO\",\"@id\":\"https:\/\/www.fiscalia.gov.co\/colombia\/#\/schema\/logo\/image\/\",\"url\":\"https:\/\/www.fiscalia.gov.co\/colombia\/wp-content\/uploads\/LogoHorizontal_1.jpg\",\"contentUrl\":\"https:\/\/www.fiscalia.gov.co\/colombia\/wp-content\/uploads\/LogoHorizontal_1.jpg\",\"width\":300,\"height\":90,\"caption\":\"Fiscal\u00eda General de la Naci\u00f3n\"},\"image\":{\"@id\":\"https:\/\/www.fiscalia.gov.co\/colombia\/#\/schema\/logo\/image\/\"},\"sameAs\":[\"https:\/\/www.facebook.com\/FiscaliaCol\",\"https:\/\/x.com\/FiscaliaCol\",\"https:\/\/www.instagram.com\/fiscaliacol\",\"https:\/\/www.linkedin.com\/company\/fiscalia-general-de-la-naci-n\/\",\"https:\/\/youtube.com\/@fiscaliageneraldelanacion-4668?si=6nN79nyQICPU5iTh\"]},{\"@type\":\"Person\",\"@id\":\"https:\/\/www.fiscalia.gov.co\/colombia\/#\/schema\/person\/06aa2210fe4d79203f428ff671dee360\",\"name\":\"Ana Mar\u00eda Gomez\",\"image\":{\"@type\":\"ImageObject\",\"inLanguage\":\"es-CO\",\"@id\":\"https:\/\/www.fiscalia.gov.co\/colombia\/#\/schema\/person\/image\/\",\"url\":\"https:\/\/secure.gravatar.com\/avatar\/a38115d98a7f8a96cbb96af2b2c37a0b?s=96&d=mm&r=g\",\"contentUrl\":\"https:\/\/secure.gravatar.com\/avatar\/a38115d98a7f8a96cbb96af2b2c37a0b?s=96&d=mm&r=g\",\"caption\":\"Ana Mar\u00eda Gomez\"},\"url\":\"https:\/\/www.fiscalia.gov.co\/colombia\/author\/agomez\/\"}]}<\/script>\n<!-- \/ Yoast SEO plugin. -->","yoast_head_json":{"title":"Fiscal\u00eda General de la Naci\u00f3n","description":"P\u00e1gina oficial de la Fiscal\u00eda General de la Naci\u00f3n \u2013 Colombia. Garantizamos el acceso efectivo a la justicia, la verdad y la reparaci\u00f3n de las v\u00edctimas de los delitos.","robots":{"index":"noindex","follow":"follow"},"og_locale":"es_ES","og_type":"article","og_title":"Fiscal\u00eda General de la Naci\u00f3n","og_description":"P\u00e1gina oficial de la Fiscal\u00eda General de la Naci\u00f3n \u2013 Colombia. Garantizamos el acceso efectivo a la justicia, la verdad y la reparaci\u00f3n de las v\u00edctimas de los delitos.","og_url":"https:\/\/www.fiscalia.gov.co\/colombia\/el-fiscal-en-los-territorios\/fiscal-general-de-la-nacion-traslado-su-despacho-a-cauca-para-impulsar-las-acciones-investigativas-respecto-a-los-recientes-actos-criminales-en-el-departamento\/","og_site_name":"Fiscal\u00eda General de la Naci\u00f3n","article_publisher":"https:\/\/www.facebook.com\/FiscaliaCol","article_published_time":"2021-03-27T21:22:12+00:00","article_modified_time":"2021-03-27T21:41:03+00:00","author":"Ana Mar\u00eda Gomez","twitter_card":"summary_large_image","twitter_creator":"@FiscaliaCol","twitter_site":"@FiscaliaCol","twitter_misc":{"Escrito por":"Ana Mar\u00eda Gomez","Tiempo de lectura":"2 minutos"},"schema":{"@context":"https:\/\/schema.org","@graph":[{"@type":"Article","@id":"https:\/\/www.fiscalia.gov.co\/colombia\/el-fiscal-en-los-territorios\/fiscal-general-de-la-nacion-traslado-su-despacho-a-cauca-para-impulsar-las-acciones-investigativas-respecto-a-los-recientes-actos-criminales-en-el-departamento\/#article","isPartOf":{"@id":"https:\/\/www.fiscalia.gov.co\/colombia\/el-fiscal-en-los-territorios\/fiscal-general-de-la-nacion-traslado-su-despacho-a-cauca-para-impulsar-las-acciones-investigativas-respecto-a-los-recientes-actos-criminales-en-el-departamento\/"},"author":{"name":"Ana Mar\u00eda Gomez","@id":"https:\/\/www.fiscalia.gov.co\/colombia\/#\/schema\/person\/06aa2210fe4d79203f428ff671dee360"},"headline":"Fiscal General de la Naci\u00f3n traslad\u00f3 su despacho a Cauca para impulsar las acciones investigativas respecto a los recientes actos criminales en el departamento","datePublished":"2021-03-27T21:22:12+00:00","dateModified":"2021-03-27T21:41:03+00:00","mainEntityOfPage":{"@id":"https:\/\/www.fiscalia.gov.co\/colombia\/el-fiscal-en-los-territorios\/fiscal-general-de-la-nacion-traslado-su-despacho-a-cauca-para-impulsar-las-acciones-investigativas-respecto-a-los-recientes-actos-criminales-en-el-departamento\/"},"wordCount":485,"publisher":{"@id":"https:\/\/www.fiscalia.gov.co\/colombia\/#organization"},"keywords":["Fiscal Barbosa","Fiscal\u00eda"],"articleSection":["El Fiscal en los territorios","Fiscal General de la Naci\u00f3n"],"inLanguage":"es-CO"},{"@type":"WebPage","@id":"https:\/\/www.fiscalia.gov.co\/colombia\/el-fiscal-en-los-territorios\/fiscal-general-de-la-nacion-traslado-su-despacho-a-cauca-para-impulsar-las-acciones-investigativas-respecto-a-los-recientes-actos-criminales-en-el-departamento\/","url":"https:\/\/www.fiscalia.gov.co\/colombia\/el-fiscal-en-los-territorios\/fiscal-general-de-la-nacion-traslado-su-despacho-a-cauca-para-impulsar-las-acciones-investigativas-respecto-a-los-recientes-actos-criminales-en-el-departamento\/","name":"Fiscal\u00eda General de la Naci\u00f3n","isPartOf":{"@id":"https:\/\/www.fiscalia.gov.co\/colombia\/#website"},"datePublished":"2021-03-27T21:22:12+00:00","dateModified":"2021-03-27T21:41:03+00:00","description":"P\u00e1gina oficial de la Fiscal\u00eda General de la Naci\u00f3n \u2013 Colombia. Garantizamos el acceso efectivo a la justicia, la verdad y la reparaci\u00f3n de las v\u00edctimas de los delitos.","breadcrumb":{"@id":"https:\/\/www.fiscalia.gov.co\/colombia\/el-fiscal-en-los-territorios\/fiscal-general-de-la-nacion-traslado-su-despacho-a-cauca-para-impulsar-las-acciones-investigativas-respecto-a-los-recientes-actos-criminales-en-el-departamento\/#breadcrumb"},"inLanguage":"es-CO","potentialAction":[{"@type":"ReadAction","target":["https:\/\/www.fiscalia.gov.co\/colombia\/el-fiscal-en-los-territorios\/fiscal-general-de-la-nacion-traslado-su-despacho-a-cauca-para-impulsar-las-acciones-investigativas-respecto-a-los-recientes-actos-criminales-en-el-departamento\/"]}]},{"@type":"BreadcrumbList","@id":"https:\/\/www.fiscalia.gov.co\/colombia\/el-fiscal-en-los-territorios\/fiscal-general-de-la-nacion-traslado-su-despacho-a-cauca-para-impulsar-las-acciones-investigativas-respecto-a-los-recientes-actos-criminales-en-el-departamento\/#breadcrumb","itemListElement":[{"@type":"ListItem","position":1,"name":"Home","item":"https:\/\/www.fiscalia.gov.co\/colombia\/"},{"@type":"ListItem","position":2,"name":"Fiscal General de la Naci\u00f3n traslad\u00f3 su despacho a Cauca para impulsar las acciones investigativas respecto a los recientes actos criminales en el departamento"}]},{"@type":"WebSite","@id":"https:\/\/www.fiscalia.gov.co\/colombia\/#website","url":"https:\/\/www.fiscalia.gov.co\/colombia\/","name":"Fiscal\u00eda General de la Naci\u00f3n","description":"P\u00e1gina oficial de la Fiscal\u00eda General de la Naci\u00f3n \u2013 Colombia. Garantizamos el acceso efectivo a la justicia, la verdad y la reparaci\u00f3n de las v\u00edctimas de los delitos.","publisher":{"@id":"https:\/\/www.fiscalia.gov.co\/colombia\/#organization"},"potentialAction":[{"@type":"SearchAction","target":{"@type":"EntryPoint","urlTemplate":"https:\/\/www.fiscalia.gov.co\/colombia\/?s={search_term_string}"},"query-input":{"@type":"PropertyValueSpecification","valueRequired":true,"valueName":"search_term_string"}}],"inLanguage":"es-CO"},{"@type":"Organization","@id":"https:\/\/www.fiscalia.gov.co\/colombia\/#organization","name":"Fiscal\u00eda General de la Naci\u00f3n","url":"https:\/\/www.fiscalia.gov.co\/colombia\/","logo":{"@type":"ImageObject","inLanguage":"es-CO","@id":"https:\/\/www.fiscalia.gov.co\/colombia\/#\/schema\/logo\/image\/","url":"https:\/\/www.fiscalia.gov.co\/colombia\/wp-content\/uploads\/LogoHorizontal_1.jpg","contentUrl":"https:\/\/www.fiscalia.gov.co\/colombia\/wp-content\/uploads\/LogoHorizontal_1.jpg","width":300,"height":90,"caption":"Fiscal\u00eda General de la Naci\u00f3n"},"image":{"@id":"https:\/\/www.fiscalia.gov.co\/colombia\/#\/schema\/logo\/image\/"},"sameAs":["https:\/\/www.facebook.com\/FiscaliaCol","https:\/\/x.com\/FiscaliaCol","https:\/\/www.instagram.com\/fiscaliacol","https:\/\/www.linkedin.com\/company\/fiscalia-general-de-la-naci-n\/","https:\/\/youtube.com\/@fiscaliageneraldelanacion-4668?si=6nN79nyQICPU5iTh"]},{"@type":"Person","@id":"https:\/\/www.fiscalia.gov.co\/colombia\/#\/schema\/person\/06aa2210fe4d79203f428ff671dee360","name":"Ana Mar\u00eda Gomez","image":{"@type":"ImageObject","inLanguage":"es-CO","@id":"https:\/\/www.fiscalia.gov.co\/colombia\/#\/schema\/person\/image\/","url":"https:\/\/secure.gravatar.com\/avatar\/a38115d98a7f8a96cbb96af2b2c37a0b?s=96&d=mm&r=g","contentUrl":"https:\/\/secure.gravatar.com\/avatar\/a38115d98a7f8a96cbb96af2b2c37a0b?s=96&d=mm&r=g","caption":"Ana Mar\u00eda Gomez"},"url":"https:\/\/www.fiscalia.gov.co\/colombia\/author\/agomez\/"}]}},"_links":{"self":[{"href":"https:\/\/www.fiscalia.gov.co\/colombia\/wp-json\/wp\/v2\/posts\/216673","targetHints":{"allow":["GET"]}}],"collection":[{"href":"https:\/\/www.fiscalia.gov.co\/colombia\/wp-json\/wp\/v2\/posts"}],"about":[{"href":"https:\/\/www.fiscalia.gov.co\/colombia\/wp-json\/wp\/v2\/types\/post"}],"author":[{"embeddable":true,"href":"https:\/\/www.fiscalia.gov.co\/colombia\/wp-json\/wp\/v2\/users\/171"}],"replies":[{"embeddable":true,"href":"https:\/\/www.fiscalia.gov.co\/colombia\/wp-json\/wp\/v2\/comments?post=216673"}],"version-history":[{"count":3,"href":"https:\/\/www.fiscalia.gov.co\/colombia\/wp-json\/wp\/v2\/posts\/216673\/revisions"}],"predecessor-version":[{"id":216693,"href":"https:\/\/www.fiscalia.gov.co\/colombia\/wp-json\/wp\/v2\/posts\/216673\/revisions\/216693"}],"wp:attachment":[{"href":"https:\/\/www.fiscalia.gov.co\/colombia\/wp-json\/wp\/v2\/media?parent=216673"}],"wp:term":[{"taxonomy":"category","embeddable":true,"href":"https:\/\/www.fiscalia.gov.co\/colombia\/wp-json\/wp\/v2\/categories?post=216673"},{"taxonomy":"post_tag","embeddable":true,"href":"https:\/\/www.fiscalia.gov.co\/colombia\/wp-json\/wp\/v2\/tags?post=216673"}],"curies":[{"name":"wp","href":"https:\/\/api.w.org\/{rel}","templated":true}]}}