{"id":216604,"date":"2021-03-26T10:24:16","date_gmt":"2021-03-26T15:24:16","guid":{"rendered":"https:\/\/www.fiscalia.gov.co\/colombia\/?p=216604"},"modified":"2021-03-26T14:10:03","modified_gmt":"2021-03-26T19:10:03","slug":"308-personas-capturadas-por-venta-de-estupefacientes-al-menudeo-y-otros-delitos-en-la-region-de-montes-de-maria","status":"publish","type":"post","link":"https:\/\/www.fiscalia.gov.co\/colombia\/el-fiscal-en-los-territorios\/308-personas-capturadas-por-venta-de-estupefacientes-al-menudeo-y-otros-delitos-en-la-region-de-montes-de-maria\/","title":{"rendered":"308 personas capturadas por venta de estupefacientes al menudeo y otros delitos en la regi\u00f3n de Montes de Mar\u00eda"},"content":{"rendered":"<blockquote>\n<h4 class=\"s9\" style=\"text-align: left;\"><strong><em><span class=\"s8\"><span class=\"bumpedFont15\">La Fiscal\u00eda, en trabajo articulado con la Armada Nacional, la Polic\u00eda Nacional y el <\/span><\/span><span class=\"s8\"><span class=\"bumpedFont15\">Gaula<\/span><\/span><span class=\"s8\"><span class=\"bumpedFont15\"> Militar<\/span><\/span><span class=\"s8\"><span class=\"bumpedFont15\">,<\/span><\/span><span class=\"s8\"><span class=\"bumpedFont15\">impact\u00f3 a 11 estructuras vinculadas a <\/span><\/span><span class=\"s8\"><span class=\"bumpedFont15\">microtr\u00e1fico<\/span><\/span><span class=\"s8\"><span class=\"bumpedFont15\">, hurtos, homicidios y extorsiones en 12 municipios de Sucre y Bol\u00edvar.<\/span><\/span><\/em><\/strong><\/h4>\n<h4 class=\"s9\" style=\"text-align: left;\"><strong><em><span class=\"s8\"><span class=\"bumpedFont15\">Los resultados de esta acci\u00f3n investigativa y operativa fueron presentados por el Fiscal General de la Naci\u00f3n, Francisco Barbosa Delgado, desde Cartagena.<\/span><\/span><\/em><\/strong><\/h4>\n<\/blockquote>\n<div><\/div>\n<p class=\"s5\"><span class=\"s11\"><span class=\"bumpedFont15\">Las estrategias investigativas definidas para impactar de manera focalizada la criminalidad y entender sus din\u00e1micas il\u00edcitas en los diferentes territorios permitieron a la Fiscal\u00eda General de la Naci\u00f3n golpear a la delincuencia y las redes de <\/span><\/span><span class=\"s11\"><span class=\"bumpedFont15\">microtr\u00e1fico<\/span><\/span><span class=\"s11\"><span class=\"bumpedFont15\">, en la regi\u00f3n de Montes de Mar\u00eda.<\/span><\/span><\/p>\n<p class=\"s5\"><span class=\"s11\"><span class=\"bumpedFont15\">La Delegada para la Seguridad Ciudadana, a trav\u00e9s de las seccionales Bol\u00edvar y Sucre, realiz\u00f3 un intervenci\u00f3n investigativa y operativa sostenida en 12 municipios con importantes resultados.<\/span><\/span><\/p>\n<p class=\"s5\"><span class=\"s11\"><span class=\"bumpedFont15\">Esta acci\u00f3n, denominada Centuri\u00f3n, permiti\u00f3 capturar a 308 personas (89 por orden judicial y 219 en flagrancia). 166 de los detenidos estar\u00edan vinculados a actividades de <\/span><\/span><span class=\"s11\"><span class=\"bumpedFont15\">microtr\u00e1fico<\/span><\/span><span class=\"s11\"><span class=\"bumpedFont15\">, 23 a hurto, 17 a porte ilegal de armas, 10 a delitos sexuales, 5 a extorsi\u00f3n, 2 a homicidio y 85 a otras conductas delictivas.<\/span><\/span><\/p>\n<p class=\"s5\"><span class=\"s11\"><span class=\"bumpedFont15\">En total se realizaron 49 diligencias de registro y allanamiento, en las que se incautaron 16 armas de fuego, una importante cantidad de estupefacientes, 435 cartuchos de diferentes calibres, 1 granada y dinero en efectivo. <\/span><\/span><\/p>\n<p class=\"s5\"><span class=\"s11\"><span class=\"bumpedFont15\">Los procedimientos permitieron impactar 11 organizaciones delincuencial, 7 asociadas a narcomenudeo, 3 a hurtos y 1 a extorsi\u00f3n.<\/span><\/span><\/p>\n<p class=\"s5\"><span class=\"s11\"><span class=\"bumpedFont15\">\u201cSeguimos actuando en el departamento de Bol\u00edvar como ya lo hemos hecho cada dos o tres meses, de forma tal que permita que la ciudadan\u00eda se sienta confiada con su Fiscal\u00eda General de la Naci\u00f3n\u201d, se\u00f1al\u00f3 el Fiscal General, Francisco Barbosa Delgado, desde Cartagena.<\/span><\/span><\/p>\n<p class=\"s5\"><span class=\"s12\"><span class=\"bumpedFont15\">\u2018<\/span><\/span><span class=\"s13\"><span class=\"bumpedFont15\">Los de Arriba\u2019<\/span><\/span><\/p>\n<p class=\"s5\"><span class=\"s11\"><span class=\"bumpedFont15\">En la operaci\u00f3n \u2018Centuri\u00f3n\u2019 sobresale la desarticulaci\u00f3n de la estructura \u2018Los de Arriba\u2019, a la que se le atribuye la venta de drogas al menudeo en los barrios La Ceiba, Villa Mar\u00eda y La Floresta, en El Carmen de Bol\u00edvar. 14 personas fueron capturadas, 10 mediante \u00f3rdenes judiciales, muchas de ellas integrantes de una misma familia.<\/span><\/span><\/p>\n<p class=\"s5\"><span class=\"s11\"><span class=\"bumpedFont15\">Entre los detenidos est\u00e1n los m\u00e1ximos cabecillas, alias Cristi\u00e1n y su hermano \u2018<\/span><\/span><span class=\"s11\"><span class=\"bumpedFont15\">F\u00e9derman<\/span><\/span><span class=\"s11\"><span class=\"bumpedFont15\">\u2019; alias Yayo; y una mujer conocida como \u2018Chiri\u2019, sus dos hijos y una nuera. <\/span><\/span><\/p>\n<p class=\"s5\"><span class=\"s11\"><span class=\"bumpedFont15\">\u201cTen\u00edan azotados a los habitantes de esas zonas y, sobretodo, afectando con <\/span><\/span><span class=\"s11\"><span class=\"bumpedFont15\">microtr\u00e1fico<\/span><\/span><span class=\"s11\"><span class=\"bumpedFont15\"> a los ni\u00f1os, ni\u00f1as y adolescentes; a los padres de familia que sufren tanto con esta demencial acci\u00f3n de los grupos delincuenciales\u201d, precis\u00f3 el Fiscal General.<\/span><\/span><\/p>\n<p class=\"s5\"><span class=\"s11\"><span class=\"bumpedFont15\">Contra \u2018Los de Arriba\u2019 hay abundante evidencia t\u00e9cnica, seguimientos y otras acciones investigativas que los responsabiliza de controlar la venta de drogas al menudeo e intimidar a la poblaci\u00f3n con su actividad il\u00edcita.<\/span><\/span><\/p>\n<p class=\"s5\"><span class=\"s11\"><span class=\"bumpedFont15\">Este importante resultado fue posible gracias a la labor conjunta de la Fiscal\u00eda, el CTI, la Armada Nacional y el <\/span><\/span><span class=\"s11\"><span class=\"bumpedFont15\">Gaula<\/span><\/span><span class=\"s11\"><span class=\"bumpedFont15\"> Militar. <\/span><\/span><\/p>\n<p class=\"s5\"><span class=\"s11\"><span class=\"bumpedFont15\">Esta informaci\u00f3n se publica por razones de inter\u00e9s general<\/span><\/span><\/p>\n<p class=\"s5\"><span class=\"s11\"><span class=\"bumpedFont15\">JARG\/<\/span><\/span><\/p>\n<p class=\"s5\"><span class=\"s11\"><span class=\"bumpedFont15\">La Fiscal\u00eda habla con resultados.<\/span><\/span><\/p>\n<p><em>La informaci\u00f3n contenida en este bolet\u00edn de prensa corresponde a la narraci\u00f3n de los hechos noticiosos objetivos, suministrados por los funcionarios encargados de adelantar las investigaciones penales al interior de la Fiscal\u00eda General de la Naci\u00f3n. Para el momento de la divulgaci\u00f3n de este comunicado, la situaci\u00f3n jur\u00eddica de la(s) persona(s) relacionada(s) se encuentra pendiente de resolver por la autoridad judicial competente, siempre bajo los preceptos de la presunci\u00f3n de inocencia, consagrados en el art\u00edculo 29 de la Constituci\u00f3n Pol\u00edtica y el art\u00edculo 7\u00ba de la Ley 906 de 2004.<\/em><\/p>\n<p class=\"s5\">\n\n<div class=\"twitter-share\"><a href=\"https:\/\/twitter.com\/intent\/tweet?via=fiscaliacol\" class=\"twitter-share-button\">Tweet<\/a><\/div>\n","protected":false},"excerpt":{"rendered":"<p>La Fiscal\u00eda, en trabajo articulado con la Armada Nacional, la Polic\u00eda Nacional y el Gaula Militar,impact\u00f3 a 11 estructuras vinculadas a microtr\u00e1fico, hurtos, homicidios y extorsiones en 12 municipios de Sucre y Bol\u00edvar. Los resultados de esta acci\u00f3n investigativa y operativa fueron presentados por el Fiscal General de la Naci\u00f3n, Francisco Barbosa Delgado, desde Cartagena. [&hellip;]<\/p>\n","protected":false},"author":171,"featured_media":0,"comment_status":"closed","ping_status":"open","sticky":false,"template":"","format":"video","meta":{"_price":"","_stock":"","_tribe_ticket_header":"","_tribe_default_ticket_provider":"","_tribe_ticket_capacity":"0","_ticket_start_date":"","_ticket_end_date":"","_tribe_ticket_show_description":"","_tribe_ticket_show_not_going":false,"_tribe_ticket_use_global_stock":"","_tribe_ticket_global_stock_level":"","_global_stock_mode":"","_global_stock_cap":"","_tribe_rsvp_for_event":"","_tribe_ticket_going_count":"","_tribe_ticket_not_going_count":"","_tribe_tickets_list":"[]","_tribe_ticket_has_attendee_info_fields":false,"tdm_status":"","tdm_grid_status":"","footnotes":""},"categories":[25128,24096],"tags":[24185,4614],"class_list":{"0":"post-216604","1":"post","2":"type-post","3":"status-publish","4":"format-video","6":"category-el-fiscal-en-los-territorios","7":"category-fiscal-general-de-la-nacion","8":"tag-fiscal-barbosa","9":"tag-fiscalia-2","10":"post_format-post-format-video"},"yoast_head":"<!-- This site is optimized with the Yoast SEO plugin v24.3 - https:\/\/yoast.com\/wordpress\/plugins\/seo\/ -->\n<title>Fiscal\u00eda General de la Naci\u00f3n<\/title>\n<meta name=\"description\" content=\"P\u00e1gina oficial de la Fiscal\u00eda General de la Naci\u00f3n \u2013 Colombia. Garantizamos el acceso efectivo a la justicia, la verdad y la reparaci\u00f3n de las v\u00edctimas de los delitos.\" \/>\n<meta name=\"robots\" content=\"noindex, follow\" \/>\n<meta property=\"og:locale\" content=\"es_ES\" \/>\n<meta property=\"og:type\" content=\"article\" \/>\n<meta property=\"og:title\" content=\"Fiscal\u00eda General de la Naci\u00f3n\" \/>\n<meta property=\"og:description\" content=\"P\u00e1gina oficial de la Fiscal\u00eda General de la Naci\u00f3n \u2013 Colombia. Garantizamos el acceso efectivo a la justicia, la verdad y la reparaci\u00f3n de las v\u00edctimas de los delitos.\" \/>\n<meta property=\"og:url\" content=\"https:\/\/www.fiscalia.gov.co\/colombia\/el-fiscal-en-los-territorios\/308-personas-capturadas-por-venta-de-estupefacientes-al-menudeo-y-otros-delitos-en-la-region-de-montes-de-maria\/\" \/>\n<meta property=\"og:site_name\" content=\"Fiscal\u00eda General de la Naci\u00f3n\" \/>\n<meta property=\"article:publisher\" content=\"https:\/\/www.facebook.com\/FiscaliaCol\" \/>\n<meta property=\"article:published_time\" content=\"2021-03-26T15:24:16+00:00\" \/>\n<meta property=\"article:modified_time\" content=\"2021-03-26T19:10:03+00:00\" \/>\n<meta name=\"author\" content=\"Ana Mar\u00eda Gomez\" \/>\n<meta name=\"twitter:card\" content=\"summary_large_image\" \/>\n<meta name=\"twitter:creator\" content=\"@FiscaliaCol\" \/>\n<meta name=\"twitter:site\" content=\"@FiscaliaCol\" \/>\n<meta name=\"twitter:label1\" content=\"Escrito por\" \/>\n\t<meta name=\"twitter:data1\" content=\"Ana Mar\u00eda Gomez\" \/>\n\t<meta name=\"twitter:label2\" content=\"Tiempo de lectura\" \/>\n\t<meta name=\"twitter:data2\" content=\"3 minutos\" \/>\n<script type=\"application\/ld+json\" class=\"yoast-schema-graph\">{\"@context\":\"https:\/\/schema.org\",\"@graph\":[{\"@type\":\"Article\",\"@id\":\"https:\/\/www.fiscalia.gov.co\/colombia\/el-fiscal-en-los-territorios\/308-personas-capturadas-por-venta-de-estupefacientes-al-menudeo-y-otros-delitos-en-la-region-de-montes-de-maria\/#article\",\"isPartOf\":{\"@id\":\"https:\/\/www.fiscalia.gov.co\/colombia\/el-fiscal-en-los-territorios\/308-personas-capturadas-por-venta-de-estupefacientes-al-menudeo-y-otros-delitos-en-la-region-de-montes-de-maria\/\"},\"author\":{\"name\":\"Ana Mar\u00eda Gomez\",\"@id\":\"https:\/\/www.fiscalia.gov.co\/colombia\/#\/schema\/person\/06aa2210fe4d79203f428ff671dee360\"},\"headline\":\"308 personas capturadas por venta de estupefacientes al menudeo y otros delitos en la regi\u00f3n de Montes de Mar\u00eda\",\"datePublished\":\"2021-03-26T15:24:16+00:00\",\"dateModified\":\"2021-03-26T19:10:03+00:00\",\"mainEntityOfPage\":{\"@id\":\"https:\/\/www.fiscalia.gov.co\/colombia\/el-fiscal-en-los-territorios\/308-personas-capturadas-por-venta-de-estupefacientes-al-menudeo-y-otros-delitos-en-la-region-de-montes-de-maria\/\"},\"wordCount\":618,\"publisher\":{\"@id\":\"https:\/\/www.fiscalia.gov.co\/colombia\/#organization\"},\"keywords\":[\"Fiscal Barbosa\",\"Fiscal\u00eda\"],\"articleSection\":[\"El Fiscal en los territorios\",\"Fiscal General de la Naci\u00f3n\"],\"inLanguage\":\"es-CO\"},{\"@type\":\"WebPage\",\"@id\":\"https:\/\/www.fiscalia.gov.co\/colombia\/el-fiscal-en-los-territorios\/308-personas-capturadas-por-venta-de-estupefacientes-al-menudeo-y-otros-delitos-en-la-region-de-montes-de-maria\/\",\"url\":\"https:\/\/www.fiscalia.gov.co\/colombia\/el-fiscal-en-los-territorios\/308-personas-capturadas-por-venta-de-estupefacientes-al-menudeo-y-otros-delitos-en-la-region-de-montes-de-maria\/\",\"name\":\"Fiscal\u00eda General de la Naci\u00f3n\",\"isPartOf\":{\"@id\":\"https:\/\/www.fiscalia.gov.co\/colombia\/#website\"},\"datePublished\":\"2021-03-26T15:24:16+00:00\",\"dateModified\":\"2021-03-26T19:10:03+00:00\",\"description\":\"P\u00e1gina oficial de la Fiscal\u00eda General de la Naci\u00f3n \u2013 Colombia. Garantizamos el acceso efectivo a la justicia, la verdad y la reparaci\u00f3n de las v\u00edctimas de los delitos.\",\"breadcrumb\":{\"@id\":\"https:\/\/www.fiscalia.gov.co\/colombia\/el-fiscal-en-los-territorios\/308-personas-capturadas-por-venta-de-estupefacientes-al-menudeo-y-otros-delitos-en-la-region-de-montes-de-maria\/#breadcrumb\"},\"inLanguage\":\"es-CO\",\"potentialAction\":[{\"@type\":\"ReadAction\",\"target\":[\"https:\/\/www.fiscalia.gov.co\/colombia\/el-fiscal-en-los-territorios\/308-personas-capturadas-por-venta-de-estupefacientes-al-menudeo-y-otros-delitos-en-la-region-de-montes-de-maria\/\"]}]},{\"@type\":\"BreadcrumbList\",\"@id\":\"https:\/\/www.fiscalia.gov.co\/colombia\/el-fiscal-en-los-territorios\/308-personas-capturadas-por-venta-de-estupefacientes-al-menudeo-y-otros-delitos-en-la-region-de-montes-de-maria\/#breadcrumb\",\"itemListElement\":[{\"@type\":\"ListItem\",\"position\":1,\"name\":\"Home\",\"item\":\"https:\/\/www.fiscalia.gov.co\/colombia\/\"},{\"@type\":\"ListItem\",\"position\":2,\"name\":\"308 personas capturadas por venta de estupefacientes al menudeo y otros delitos en la regi\u00f3n de Montes de Mar\u00eda\"}]},{\"@type\":\"WebSite\",\"@id\":\"https:\/\/www.fiscalia.gov.co\/colombia\/#website\",\"url\":\"https:\/\/www.fiscalia.gov.co\/colombia\/\",\"name\":\"Fiscal\u00eda General de la Naci\u00f3n\",\"description\":\"P\u00e1gina oficial de la Fiscal\u00eda General de la Naci\u00f3n \u2013 Colombia. Garantizamos el acceso efectivo a la justicia, la verdad y la reparaci\u00f3n de las v\u00edctimas de los delitos.\",\"publisher\":{\"@id\":\"https:\/\/www.fiscalia.gov.co\/colombia\/#organization\"},\"potentialAction\":[{\"@type\":\"SearchAction\",\"target\":{\"@type\":\"EntryPoint\",\"urlTemplate\":\"https:\/\/www.fiscalia.gov.co\/colombia\/?s={search_term_string}\"},\"query-input\":{\"@type\":\"PropertyValueSpecification\",\"valueRequired\":true,\"valueName\":\"search_term_string\"}}],\"inLanguage\":\"es-CO\"},{\"@type\":\"Organization\",\"@id\":\"https:\/\/www.fiscalia.gov.co\/colombia\/#organization\",\"name\":\"Fiscal\u00eda General de la Naci\u00f3n\",\"url\":\"https:\/\/www.fiscalia.gov.co\/colombia\/\",\"logo\":{\"@type\":\"ImageObject\",\"inLanguage\":\"es-CO\",\"@id\":\"https:\/\/www.fiscalia.gov.co\/colombia\/#\/schema\/logo\/image\/\",\"url\":\"https:\/\/www.fiscalia.gov.co\/colombia\/wp-content\/uploads\/LogoHorizontal_1.jpg\",\"contentUrl\":\"https:\/\/www.fiscalia.gov.co\/colombia\/wp-content\/uploads\/LogoHorizontal_1.jpg\",\"width\":300,\"height\":90,\"caption\":\"Fiscal\u00eda General de la Naci\u00f3n\"},\"image\":{\"@id\":\"https:\/\/www.fiscalia.gov.co\/colombia\/#\/schema\/logo\/image\/\"},\"sameAs\":[\"https:\/\/www.facebook.com\/FiscaliaCol\",\"https:\/\/x.com\/FiscaliaCol\",\"https:\/\/www.instagram.com\/fiscaliacol\",\"https:\/\/www.linkedin.com\/company\/fiscalia-general-de-la-naci-n\/\",\"https:\/\/youtube.com\/@fiscaliageneraldelanacion-4668?si=6nN79nyQICPU5iTh\"]},{\"@type\":\"Person\",\"@id\":\"https:\/\/www.fiscalia.gov.co\/colombia\/#\/schema\/person\/06aa2210fe4d79203f428ff671dee360\",\"name\":\"Ana Mar\u00eda Gomez\",\"image\":{\"@type\":\"ImageObject\",\"inLanguage\":\"es-CO\",\"@id\":\"https:\/\/www.fiscalia.gov.co\/colombia\/#\/schema\/person\/image\/\",\"url\":\"https:\/\/secure.gravatar.com\/avatar\/a38115d98a7f8a96cbb96af2b2c37a0b?s=96&d=mm&r=g\",\"contentUrl\":\"https:\/\/secure.gravatar.com\/avatar\/a38115d98a7f8a96cbb96af2b2c37a0b?s=96&d=mm&r=g\",\"caption\":\"Ana Mar\u00eda Gomez\"},\"url\":\"https:\/\/www.fiscalia.gov.co\/colombia\/author\/agomez\/\"}]}<\/script>\n<!-- \/ Yoast SEO plugin. -->","yoast_head_json":{"title":"Fiscal\u00eda General de la Naci\u00f3n","description":"P\u00e1gina oficial de la Fiscal\u00eda General de la Naci\u00f3n \u2013 Colombia. Garantizamos el acceso efectivo a la justicia, la verdad y la reparaci\u00f3n de las v\u00edctimas de los delitos.","robots":{"index":"noindex","follow":"follow"},"og_locale":"es_ES","og_type":"article","og_title":"Fiscal\u00eda General de la Naci\u00f3n","og_description":"P\u00e1gina oficial de la Fiscal\u00eda General de la Naci\u00f3n \u2013 Colombia. Garantizamos el acceso efectivo a la justicia, la verdad y la reparaci\u00f3n de las v\u00edctimas de los delitos.","og_url":"https:\/\/www.fiscalia.gov.co\/colombia\/el-fiscal-en-los-territorios\/308-personas-capturadas-por-venta-de-estupefacientes-al-menudeo-y-otros-delitos-en-la-region-de-montes-de-maria\/","og_site_name":"Fiscal\u00eda General de la Naci\u00f3n","article_publisher":"https:\/\/www.facebook.com\/FiscaliaCol","article_published_time":"2021-03-26T15:24:16+00:00","article_modified_time":"2021-03-26T19:10:03+00:00","author":"Ana Mar\u00eda Gomez","twitter_card":"summary_large_image","twitter_creator":"@FiscaliaCol","twitter_site":"@FiscaliaCol","twitter_misc":{"Escrito por":"Ana Mar\u00eda Gomez","Tiempo de lectura":"3 minutos"},"schema":{"@context":"https:\/\/schema.org","@graph":[{"@type":"Article","@id":"https:\/\/www.fiscalia.gov.co\/colombia\/el-fiscal-en-los-territorios\/308-personas-capturadas-por-venta-de-estupefacientes-al-menudeo-y-otros-delitos-en-la-region-de-montes-de-maria\/#article","isPartOf":{"@id":"https:\/\/www.fiscalia.gov.co\/colombia\/el-fiscal-en-los-territorios\/308-personas-capturadas-por-venta-de-estupefacientes-al-menudeo-y-otros-delitos-en-la-region-de-montes-de-maria\/"},"author":{"name":"Ana Mar\u00eda Gomez","@id":"https:\/\/www.fiscalia.gov.co\/colombia\/#\/schema\/person\/06aa2210fe4d79203f428ff671dee360"},"headline":"308 personas capturadas por venta de estupefacientes al menudeo y otros delitos en la regi\u00f3n de Montes de Mar\u00eda","datePublished":"2021-03-26T15:24:16+00:00","dateModified":"2021-03-26T19:10:03+00:00","mainEntityOfPage":{"@id":"https:\/\/www.fiscalia.gov.co\/colombia\/el-fiscal-en-los-territorios\/308-personas-capturadas-por-venta-de-estupefacientes-al-menudeo-y-otros-delitos-en-la-region-de-montes-de-maria\/"},"wordCount":618,"publisher":{"@id":"https:\/\/www.fiscalia.gov.co\/colombia\/#organization"},"keywords":["Fiscal Barbosa","Fiscal\u00eda"],"articleSection":["El Fiscal en los territorios","Fiscal General de la Naci\u00f3n"],"inLanguage":"es-CO"},{"@type":"WebPage","@id":"https:\/\/www.fiscalia.gov.co\/colombia\/el-fiscal-en-los-territorios\/308-personas-capturadas-por-venta-de-estupefacientes-al-menudeo-y-otros-delitos-en-la-region-de-montes-de-maria\/","url":"https:\/\/www.fiscalia.gov.co\/colombia\/el-fiscal-en-los-territorios\/308-personas-capturadas-por-venta-de-estupefacientes-al-menudeo-y-otros-delitos-en-la-region-de-montes-de-maria\/","name":"Fiscal\u00eda General de la Naci\u00f3n","isPartOf":{"@id":"https:\/\/www.fiscalia.gov.co\/colombia\/#website"},"datePublished":"2021-03-26T15:24:16+00:00","dateModified":"2021-03-26T19:10:03+00:00","description":"P\u00e1gina oficial de la Fiscal\u00eda General de la Naci\u00f3n \u2013 Colombia. Garantizamos el acceso efectivo a la justicia, la verdad y la reparaci\u00f3n de las v\u00edctimas de los delitos.","breadcrumb":{"@id":"https:\/\/www.fiscalia.gov.co\/colombia\/el-fiscal-en-los-territorios\/308-personas-capturadas-por-venta-de-estupefacientes-al-menudeo-y-otros-delitos-en-la-region-de-montes-de-maria\/#breadcrumb"},"inLanguage":"es-CO","potentialAction":[{"@type":"ReadAction","target":["https:\/\/www.fiscalia.gov.co\/colombia\/el-fiscal-en-los-territorios\/308-personas-capturadas-por-venta-de-estupefacientes-al-menudeo-y-otros-delitos-en-la-region-de-montes-de-maria\/"]}]},{"@type":"BreadcrumbList","@id":"https:\/\/www.fiscalia.gov.co\/colombia\/el-fiscal-en-los-territorios\/308-personas-capturadas-por-venta-de-estupefacientes-al-menudeo-y-otros-delitos-en-la-region-de-montes-de-maria\/#breadcrumb","itemListElement":[{"@type":"ListItem","position":1,"name":"Home","item":"https:\/\/www.fiscalia.gov.co\/colombia\/"},{"@type":"ListItem","position":2,"name":"308 personas capturadas por venta de estupefacientes al menudeo y otros delitos en la regi\u00f3n de Montes de Mar\u00eda"}]},{"@type":"WebSite","@id":"https:\/\/www.fiscalia.gov.co\/colombia\/#website","url":"https:\/\/www.fiscalia.gov.co\/colombia\/","name":"Fiscal\u00eda General de la Naci\u00f3n","description":"P\u00e1gina oficial de la Fiscal\u00eda General de la Naci\u00f3n \u2013 Colombia. Garantizamos el acceso efectivo a la justicia, la verdad y la reparaci\u00f3n de las v\u00edctimas de los delitos.","publisher":{"@id":"https:\/\/www.fiscalia.gov.co\/colombia\/#organization"},"potentialAction":[{"@type":"SearchAction","target":{"@type":"EntryPoint","urlTemplate":"https:\/\/www.fiscalia.gov.co\/colombia\/?s={search_term_string}"},"query-input":{"@type":"PropertyValueSpecification","valueRequired":true,"valueName":"search_term_string"}}],"inLanguage":"es-CO"},{"@type":"Organization","@id":"https:\/\/www.fiscalia.gov.co\/colombia\/#organization","name":"Fiscal\u00eda General de la Naci\u00f3n","url":"https:\/\/www.fiscalia.gov.co\/colombia\/","logo":{"@type":"ImageObject","inLanguage":"es-CO","@id":"https:\/\/www.fiscalia.gov.co\/colombia\/#\/schema\/logo\/image\/","url":"https:\/\/www.fiscalia.gov.co\/colombia\/wp-content\/uploads\/LogoHorizontal_1.jpg","contentUrl":"https:\/\/www.fiscalia.gov.co\/colombia\/wp-content\/uploads\/LogoHorizontal_1.jpg","width":300,"height":90,"caption":"Fiscal\u00eda General de la Naci\u00f3n"},"image":{"@id":"https:\/\/www.fiscalia.gov.co\/colombia\/#\/schema\/logo\/image\/"},"sameAs":["https:\/\/www.facebook.com\/FiscaliaCol","https:\/\/x.com\/FiscaliaCol","https:\/\/www.instagram.com\/fiscaliacol","https:\/\/www.linkedin.com\/company\/fiscalia-general-de-la-naci-n\/","https:\/\/youtube.com\/@fiscaliageneraldelanacion-4668?si=6nN79nyQICPU5iTh"]},{"@type":"Person","@id":"https:\/\/www.fiscalia.gov.co\/colombia\/#\/schema\/person\/06aa2210fe4d79203f428ff671dee360","name":"Ana Mar\u00eda Gomez","image":{"@type":"ImageObject","inLanguage":"es-CO","@id":"https:\/\/www.fiscalia.gov.co\/colombia\/#\/schema\/person\/image\/","url":"https:\/\/secure.gravatar.com\/avatar\/a38115d98a7f8a96cbb96af2b2c37a0b?s=96&d=mm&r=g","contentUrl":"https:\/\/secure.gravatar.com\/avatar\/a38115d98a7f8a96cbb96af2b2c37a0b?s=96&d=mm&r=g","caption":"Ana Mar\u00eda Gomez"},"url":"https:\/\/www.fiscalia.gov.co\/colombia\/author\/agomez\/"}]}},"_links":{"self":[{"href":"https:\/\/www.fiscalia.gov.co\/colombia\/wp-json\/wp\/v2\/posts\/216604","targetHints":{"allow":["GET"]}}],"collection":[{"href":"https:\/\/www.fiscalia.gov.co\/colombia\/wp-json\/wp\/v2\/posts"}],"about":[{"href":"https:\/\/www.fiscalia.gov.co\/colombia\/wp-json\/wp\/v2\/types\/post"}],"author":[{"embeddable":true,"href":"https:\/\/www.fiscalia.gov.co\/colombia\/wp-json\/wp\/v2\/users\/171"}],"replies":[{"embeddable":true,"href":"https:\/\/www.fiscalia.gov.co\/colombia\/wp-json\/wp\/v2\/comments?post=216604"}],"version-history":[{"count":2,"href":"https:\/\/www.fiscalia.gov.co\/colombia\/wp-json\/wp\/v2\/posts\/216604\/revisions"}],"predecessor-version":[{"id":216606,"href":"https:\/\/www.fiscalia.gov.co\/colombia\/wp-json\/wp\/v2\/posts\/216604\/revisions\/216606"}],"wp:attachment":[{"href":"https:\/\/www.fiscalia.gov.co\/colombia\/wp-json\/wp\/v2\/media?parent=216604"}],"wp:term":[{"taxonomy":"category","embeddable":true,"href":"https:\/\/www.fiscalia.gov.co\/colombia\/wp-json\/wp\/v2\/categories?post=216604"},{"taxonomy":"post_tag","embeddable":true,"href":"https:\/\/www.fiscalia.gov.co\/colombia\/wp-json\/wp\/v2\/tags?post=216604"}],"curies":[{"name":"wp","href":"https:\/\/api.w.org\/{rel}","templated":true}]}}