{"id":216534,"date":"2021-03-25T15:12:22","date_gmt":"2021-03-25T20:12:22","guid":{"rendered":"https:\/\/www.fiscalia.gov.co\/colombia\/?p=216534"},"modified":"2021-03-25T15:54:15","modified_gmt":"2021-03-25T20:54:15","slug":"condenado-cabecilla-del-grupo-delincuencial-los-pesebreros-de-la-comuna-13-de-medellinsa","status":"publish","type":"post","link":"https:\/\/www.fiscalia.gov.co\/colombia\/hay-justicia\/condenado-cabecilla-del-grupo-delincuencial-los-pesebreros-de-la-comuna-13-de-medellinsa\/","title":{"rendered":"Condenado cabecilla del grupo delincuencial Los Pesebreros de la Comuna 13 de Medell\u00edn"},"content":{"rendered":"<p class=\"x_x_MsoNormal\">Luego de avalar el preacuerdo pactado entre la\u00a0<b>Fiscal\u00eda\u00a0<\/b>y la defensa del procesado, el Juzgado 3 Penal del Circuito Especializado de Medell\u00edn conden\u00f3 a 15 a\u00f1os de prisi\u00f3n a Luis Eduardo Arrieta Caro, alias Tribi, por ser el cabecilla del\u00a0<b>Grupo de Delincuencia Com\u00fan Organizado (GDCO)<\/b>\u00a0Los Pesebreros o Paracos.<\/p>\n<p class=\"x_x_MsoNormal\">En la investigaci\u00f3n adelantada por un fiscal especializado de Medell\u00edn se logr\u00f3 demostrar que la mencionada estructura criminal delinque en los barrios El Pesebre, La Soledad, El Pozo, Blanquizal, Calazans, Olaya Herrera y la Divisa de la Comuna 13 de la capital antioque\u00f1a, donde se dedican al tr\u00e1fico de estupefacientes, extorsiones a comerciantes y residentes, a los desplazamientos forzados, y al uso de menores para cometer delitos.<\/p>\n<p class=\"x_x_MsoNormal\">Alias Tribi fue hallado responsable del desplazamiento ocurrido en noviembre de 2017 del que fue v\u00edctima un comerciante de frutas,\u00a0<a href=\"https:\/\/www.fiscalia.gov.co\/colombia\/seccionales\/a-la-carcel-presunto-integrante-de-banda-criminal-que-habria-desplazado-y-extorsionado-a-2-habitantes-de-la-comuna-trece-de-medellin\/\" target=\"_blank\" rel=\"noopener noreferrer\">quien fue amenazado de muerte y obligado a abandonar su vivienda porque no pag\u00f3 la cuota extorsiva que exig\u00eda la banda criminal.<\/a><\/p>\n<p class=\"x_x_MsoNormal\">La Fiscal\u00eda tambi\u00e9n logr\u00f3 establecer que el condenado actuaba como cabecilla del GDCO Los Pesebreros, y era el encargado de los cobros extorsivos a comerciantes, constructores y residentes. Adem\u00e1s, era quine ordenaba los desplazamientos forzados y lideraba a los j\u00edbaros y campaneros de la zona, entre ellos varios menores de edad.<\/p>\n<p class=\"x_x_MsoNormal\">Arrieta Caro, quien hac\u00eda\u00a0parte de la mencionada estructura criminal desde el a\u00f1o 2017, fue capturado por servidores de la\u00a0<b>Polic\u00eda Nacional\u00a0<\/b>el 12 de noviembre de 2020 en poder de un arma de fuego.<\/p>\n<p class=\"x_x_MsoNormal\">El procesado acept\u00f3 su responsabilidad por los delitos de concierto para delinquir agravado, en calidad de cabecilla, utilizaci\u00f3n de menores para la comisi\u00f3n de delitos, porte ilegal de armas de fuego y desplazamiento forzado.<\/p>\n<p class=\"x_x_MsoNormal\">Estos resultados responden a los lineamientos trazados por el\u00a0<b>Fiscal General de la Naci\u00f3n, Francisco Barbosa Delgado,\u00a0<\/b>dentro de la estrategia 2020 &#8211; 2024 para contrarrestar los fen\u00f3menos delictivos que afectan la seguridad ciudadana.<\/p>\n<p class=\"x_x_MsoNormal\">Esta informaci\u00f3n se hace p\u00fablica por razones de inter\u00e9s general.<\/p>\n<p class=\"x_x_MsoNormal\">NAMT\/JEC\/MG<\/p>\n\n<div class=\"twitter-share\"><a href=\"https:\/\/twitter.com\/intent\/tweet?via=fiscaliacol\" class=\"twitter-share-button\">Tweet<\/a><\/div>\n","protected":false},"excerpt":{"rendered":"<p>Luego de avalar el preacuerdo pactado entre la\u00a0Fiscal\u00eda\u00a0y la defensa del procesado, el Juzgado 3 Penal del Circuito Especializado de Medell\u00edn conden\u00f3 a 15 a\u00f1os de prisi\u00f3n a Luis Eduardo Arrieta Caro, alias Tribi, por ser el cabecilla del\u00a0Grupo de Delincuencia Com\u00fan Organizado (GDCO)\u00a0Los Pesebreros o Paracos. En la investigaci\u00f3n adelantada por un fiscal especializado [&hellip;]<\/p>\n","protected":false},"author":171,"featured_media":0,"comment_status":"closed","ping_status":"open","sticky":false,"template":"","format":"standard","meta":{"_price":"","_stock":"","_tribe_ticket_header":"","_tribe_default_ticket_provider":"","_tribe_ticket_capacity":"0","_ticket_start_date":"","_ticket_end_date":"","_tribe_ticket_show_description":"","_tribe_ticket_show_not_going":false,"_tribe_ticket_use_global_stock":"","_tribe_ticket_global_stock_level":"","_global_stock_mode":"","_global_stock_cap":"","_tribe_rsvp_for_event":"","_tribe_ticket_going_count":"","_tribe_ticket_not_going_count":"","_tribe_tickets_list":"[]","_tribe_ticket_has_attendee_info_fields":false,"tdm_status":"","tdm_grid_status":"","footnotes":""},"categories":[24174,331,303],"tags":[1418,1606,83,98,1047,26406,26405,12532],"class_list":{"0":"post-216534","1":"post","2":"type-post","3":"status-publish","4":"format-standard","6":"category-hay-justicia","7":"category-seccional-medellin","8":"category-seccionales","9":"tag-cabecilla","10":"tag-comuna-trece","11":"tag-concierto-para-delinquir","12":"tag-desplazamiento-forzado","13":"tag-fiscalia-general-de-la-nacion","14":"tag-los-paracos","15":"tag-los-pesebreros","16":"tag-uso-de-menores-para-la-comision-de-delitos"},"yoast_head":"<!-- This site is optimized with the Yoast SEO plugin v24.3 - https:\/\/yoast.com\/wordpress\/plugins\/seo\/ -->\n<title>Fiscal\u00eda General de la Naci\u00f3n<\/title>\n<meta name=\"description\" content=\"P\u00e1gina oficial de la Fiscal\u00eda General de la Naci\u00f3n \u2013 Colombia. Garantizamos el acceso efectivo a la justicia, la verdad y la reparaci\u00f3n de las v\u00edctimas de los delitos.\" \/>\n<meta name=\"robots\" content=\"noindex, follow\" \/>\n<meta property=\"og:locale\" content=\"es_ES\" \/>\n<meta property=\"og:type\" content=\"article\" \/>\n<meta property=\"og:title\" content=\"Fiscal\u00eda General de la Naci\u00f3n\" \/>\n<meta property=\"og:description\" content=\"P\u00e1gina oficial de la Fiscal\u00eda General de la Naci\u00f3n \u2013 Colombia. Garantizamos el acceso efectivo a la justicia, la verdad y la reparaci\u00f3n de las v\u00edctimas de los delitos.\" \/>\n<meta property=\"og:url\" content=\"https:\/\/www.fiscalia.gov.co\/colombia\/hay-justicia\/condenado-cabecilla-del-grupo-delincuencial-los-pesebreros-de-la-comuna-13-de-medellinsa\/\" \/>\n<meta property=\"og:site_name\" content=\"Fiscal\u00eda General de la Naci\u00f3n\" \/>\n<meta property=\"article:publisher\" content=\"https:\/\/www.facebook.com\/FiscaliaCol\" \/>\n<meta property=\"article:published_time\" content=\"2021-03-25T20:12:22+00:00\" \/>\n<meta property=\"article:modified_time\" content=\"2021-03-25T20:54:15+00:00\" \/>\n<meta name=\"author\" content=\"Ana Mar\u00eda Gomez\" \/>\n<meta name=\"twitter:card\" content=\"summary_large_image\" \/>\n<meta name=\"twitter:creator\" content=\"@FiscaliaCol\" \/>\n<meta name=\"twitter:site\" content=\"@FiscaliaCol\" \/>\n<meta name=\"twitter:label1\" content=\"Escrito por\" \/>\n\t<meta name=\"twitter:data1\" content=\"Ana Mar\u00eda Gomez\" \/>\n\t<meta name=\"twitter:label2\" content=\"Tiempo de lectura\" \/>\n\t<meta name=\"twitter:data2\" content=\"2 minutos\" \/>\n<script type=\"application\/ld+json\" class=\"yoast-schema-graph\">{\"@context\":\"https:\/\/schema.org\",\"@graph\":[{\"@type\":\"Article\",\"@id\":\"https:\/\/www.fiscalia.gov.co\/colombia\/hay-justicia\/condenado-cabecilla-del-grupo-delincuencial-los-pesebreros-de-la-comuna-13-de-medellinsa\/#article\",\"isPartOf\":{\"@id\":\"https:\/\/www.fiscalia.gov.co\/colombia\/hay-justicia\/condenado-cabecilla-del-grupo-delincuencial-los-pesebreros-de-la-comuna-13-de-medellinsa\/\"},\"author\":{\"name\":\"Ana Mar\u00eda Gomez\",\"@id\":\"https:\/\/www.fiscalia.gov.co\/colombia\/#\/schema\/person\/06aa2210fe4d79203f428ff671dee360\"},\"headline\":\"Condenado cabecilla del grupo delincuencial Los Pesebreros de la Comuna 13 de Medell\u00edn\",\"datePublished\":\"2021-03-25T20:12:22+00:00\",\"dateModified\":\"2021-03-25T20:54:15+00:00\",\"mainEntityOfPage\":{\"@id\":\"https:\/\/www.fiscalia.gov.co\/colombia\/hay-justicia\/condenado-cabecilla-del-grupo-delincuencial-los-pesebreros-de-la-comuna-13-de-medellinsa\/\"},\"wordCount\":356,\"publisher\":{\"@id\":\"https:\/\/www.fiscalia.gov.co\/colombia\/#organization\"},\"keywords\":[\"Cabecilla\",\"Comuna Trece\",\"Concierto para delinquir\",\"Desplazamiento forzado\",\"Fiscal\u00eda General de la Naci\u00f3n\",\"LOS PARACOS\",\"LOS PESEBREROS\",\"uso de menores para la comisi\u00f3n de delitos\"],\"articleSection\":[\"Hay Justicia\",\"Seccional Medell\u00edn\",\"Seccionales\"],\"inLanguage\":\"es-CO\"},{\"@type\":\"WebPage\",\"@id\":\"https:\/\/www.fiscalia.gov.co\/colombia\/hay-justicia\/condenado-cabecilla-del-grupo-delincuencial-los-pesebreros-de-la-comuna-13-de-medellinsa\/\",\"url\":\"https:\/\/www.fiscalia.gov.co\/colombia\/hay-justicia\/condenado-cabecilla-del-grupo-delincuencial-los-pesebreros-de-la-comuna-13-de-medellinsa\/\",\"name\":\"Fiscal\u00eda General de la Naci\u00f3n\",\"isPartOf\":{\"@id\":\"https:\/\/www.fiscalia.gov.co\/colombia\/#website\"},\"datePublished\":\"2021-03-25T20:12:22+00:00\",\"dateModified\":\"2021-03-25T20:54:15+00:00\",\"description\":\"P\u00e1gina oficial de la Fiscal\u00eda General de la Naci\u00f3n \u2013 Colombia. Garantizamos el acceso efectivo a la justicia, la verdad y la reparaci\u00f3n de las v\u00edctimas de los delitos.\",\"breadcrumb\":{\"@id\":\"https:\/\/www.fiscalia.gov.co\/colombia\/hay-justicia\/condenado-cabecilla-del-grupo-delincuencial-los-pesebreros-de-la-comuna-13-de-medellinsa\/#breadcrumb\"},\"inLanguage\":\"es-CO\",\"potentialAction\":[{\"@type\":\"ReadAction\",\"target\":[\"https:\/\/www.fiscalia.gov.co\/colombia\/hay-justicia\/condenado-cabecilla-del-grupo-delincuencial-los-pesebreros-de-la-comuna-13-de-medellinsa\/\"]}]},{\"@type\":\"BreadcrumbList\",\"@id\":\"https:\/\/www.fiscalia.gov.co\/colombia\/hay-justicia\/condenado-cabecilla-del-grupo-delincuencial-los-pesebreros-de-la-comuna-13-de-medellinsa\/#breadcrumb\",\"itemListElement\":[{\"@type\":\"ListItem\",\"position\":1,\"name\":\"Home\",\"item\":\"https:\/\/www.fiscalia.gov.co\/colombia\/\"},{\"@type\":\"ListItem\",\"position\":2,\"name\":\"Condenado cabecilla del grupo delincuencial Los Pesebreros de la Comuna 13 de Medell\u00edn\"}]},{\"@type\":\"WebSite\",\"@id\":\"https:\/\/www.fiscalia.gov.co\/colombia\/#website\",\"url\":\"https:\/\/www.fiscalia.gov.co\/colombia\/\",\"name\":\"Fiscal\u00eda General de la Naci\u00f3n\",\"description\":\"P\u00e1gina oficial de la Fiscal\u00eda General de la Naci\u00f3n \u2013 Colombia. Garantizamos el acceso efectivo a la justicia, la verdad y la reparaci\u00f3n de las v\u00edctimas de los delitos.\",\"publisher\":{\"@id\":\"https:\/\/www.fiscalia.gov.co\/colombia\/#organization\"},\"potentialAction\":[{\"@type\":\"SearchAction\",\"target\":{\"@type\":\"EntryPoint\",\"urlTemplate\":\"https:\/\/www.fiscalia.gov.co\/colombia\/?s={search_term_string}\"},\"query-input\":{\"@type\":\"PropertyValueSpecification\",\"valueRequired\":true,\"valueName\":\"search_term_string\"}}],\"inLanguage\":\"es-CO\"},{\"@type\":\"Organization\",\"@id\":\"https:\/\/www.fiscalia.gov.co\/colombia\/#organization\",\"name\":\"Fiscal\u00eda General de la Naci\u00f3n\",\"url\":\"https:\/\/www.fiscalia.gov.co\/colombia\/\",\"logo\":{\"@type\":\"ImageObject\",\"inLanguage\":\"es-CO\",\"@id\":\"https:\/\/www.fiscalia.gov.co\/colombia\/#\/schema\/logo\/image\/\",\"url\":\"https:\/\/www.fiscalia.gov.co\/colombia\/wp-content\/uploads\/LogoHorizontal_1.jpg\",\"contentUrl\":\"https:\/\/www.fiscalia.gov.co\/colombia\/wp-content\/uploads\/LogoHorizontal_1.jpg\",\"width\":300,\"height\":90,\"caption\":\"Fiscal\u00eda General de la Naci\u00f3n\"},\"image\":{\"@id\":\"https:\/\/www.fiscalia.gov.co\/colombia\/#\/schema\/logo\/image\/\"},\"sameAs\":[\"https:\/\/www.facebook.com\/FiscaliaCol\",\"https:\/\/x.com\/FiscaliaCol\",\"https:\/\/www.instagram.com\/fiscaliacol\",\"https:\/\/www.linkedin.com\/company\/fiscalia-general-de-la-naci-n\/\",\"https:\/\/youtube.com\/@fiscaliageneraldelanacion-4668?si=6nN79nyQICPU5iTh\"]},{\"@type\":\"Person\",\"@id\":\"https:\/\/www.fiscalia.gov.co\/colombia\/#\/schema\/person\/06aa2210fe4d79203f428ff671dee360\",\"name\":\"Ana Mar\u00eda Gomez\",\"image\":{\"@type\":\"ImageObject\",\"inLanguage\":\"es-CO\",\"@id\":\"https:\/\/www.fiscalia.gov.co\/colombia\/#\/schema\/person\/image\/\",\"url\":\"https:\/\/secure.gravatar.com\/avatar\/a38115d98a7f8a96cbb96af2b2c37a0b?s=96&d=mm&r=g\",\"contentUrl\":\"https:\/\/secure.gravatar.com\/avatar\/a38115d98a7f8a96cbb96af2b2c37a0b?s=96&d=mm&r=g\",\"caption\":\"Ana Mar\u00eda Gomez\"},\"url\":\"https:\/\/www.fiscalia.gov.co\/colombia\/author\/agomez\/\"}]}<\/script>\n<!-- \/ Yoast SEO plugin. -->","yoast_head_json":{"title":"Fiscal\u00eda General de la Naci\u00f3n","description":"P\u00e1gina oficial de la Fiscal\u00eda General de la Naci\u00f3n \u2013 Colombia. Garantizamos el acceso efectivo a la justicia, la verdad y la reparaci\u00f3n de las v\u00edctimas de los delitos.","robots":{"index":"noindex","follow":"follow"},"og_locale":"es_ES","og_type":"article","og_title":"Fiscal\u00eda General de la Naci\u00f3n","og_description":"P\u00e1gina oficial de la Fiscal\u00eda General de la Naci\u00f3n \u2013 Colombia. Garantizamos el acceso efectivo a la justicia, la verdad y la reparaci\u00f3n de las v\u00edctimas de los delitos.","og_url":"https:\/\/www.fiscalia.gov.co\/colombia\/hay-justicia\/condenado-cabecilla-del-grupo-delincuencial-los-pesebreros-de-la-comuna-13-de-medellinsa\/","og_site_name":"Fiscal\u00eda General de la Naci\u00f3n","article_publisher":"https:\/\/www.facebook.com\/FiscaliaCol","article_published_time":"2021-03-25T20:12:22+00:00","article_modified_time":"2021-03-25T20:54:15+00:00","author":"Ana Mar\u00eda Gomez","twitter_card":"summary_large_image","twitter_creator":"@FiscaliaCol","twitter_site":"@FiscaliaCol","twitter_misc":{"Escrito por":"Ana Mar\u00eda Gomez","Tiempo de lectura":"2 minutos"},"schema":{"@context":"https:\/\/schema.org","@graph":[{"@type":"Article","@id":"https:\/\/www.fiscalia.gov.co\/colombia\/hay-justicia\/condenado-cabecilla-del-grupo-delincuencial-los-pesebreros-de-la-comuna-13-de-medellinsa\/#article","isPartOf":{"@id":"https:\/\/www.fiscalia.gov.co\/colombia\/hay-justicia\/condenado-cabecilla-del-grupo-delincuencial-los-pesebreros-de-la-comuna-13-de-medellinsa\/"},"author":{"name":"Ana Mar\u00eda Gomez","@id":"https:\/\/www.fiscalia.gov.co\/colombia\/#\/schema\/person\/06aa2210fe4d79203f428ff671dee360"},"headline":"Condenado cabecilla del grupo delincuencial Los Pesebreros de la Comuna 13 de Medell\u00edn","datePublished":"2021-03-25T20:12:22+00:00","dateModified":"2021-03-25T20:54:15+00:00","mainEntityOfPage":{"@id":"https:\/\/www.fiscalia.gov.co\/colombia\/hay-justicia\/condenado-cabecilla-del-grupo-delincuencial-los-pesebreros-de-la-comuna-13-de-medellinsa\/"},"wordCount":356,"publisher":{"@id":"https:\/\/www.fiscalia.gov.co\/colombia\/#organization"},"keywords":["Cabecilla","Comuna Trece","Concierto para delinquir","Desplazamiento forzado","Fiscal\u00eda General de la Naci\u00f3n","LOS PARACOS","LOS PESEBREROS","uso de menores para la comisi\u00f3n de delitos"],"articleSection":["Hay Justicia","Seccional Medell\u00edn","Seccionales"],"inLanguage":"es-CO"},{"@type":"WebPage","@id":"https:\/\/www.fiscalia.gov.co\/colombia\/hay-justicia\/condenado-cabecilla-del-grupo-delincuencial-los-pesebreros-de-la-comuna-13-de-medellinsa\/","url":"https:\/\/www.fiscalia.gov.co\/colombia\/hay-justicia\/condenado-cabecilla-del-grupo-delincuencial-los-pesebreros-de-la-comuna-13-de-medellinsa\/","name":"Fiscal\u00eda General de la Naci\u00f3n","isPartOf":{"@id":"https:\/\/www.fiscalia.gov.co\/colombia\/#website"},"datePublished":"2021-03-25T20:12:22+00:00","dateModified":"2021-03-25T20:54:15+00:00","description":"P\u00e1gina oficial de la Fiscal\u00eda General de la Naci\u00f3n \u2013 Colombia. Garantizamos el acceso efectivo a la justicia, la verdad y la reparaci\u00f3n de las v\u00edctimas de los delitos.","breadcrumb":{"@id":"https:\/\/www.fiscalia.gov.co\/colombia\/hay-justicia\/condenado-cabecilla-del-grupo-delincuencial-los-pesebreros-de-la-comuna-13-de-medellinsa\/#breadcrumb"},"inLanguage":"es-CO","potentialAction":[{"@type":"ReadAction","target":["https:\/\/www.fiscalia.gov.co\/colombia\/hay-justicia\/condenado-cabecilla-del-grupo-delincuencial-los-pesebreros-de-la-comuna-13-de-medellinsa\/"]}]},{"@type":"BreadcrumbList","@id":"https:\/\/www.fiscalia.gov.co\/colombia\/hay-justicia\/condenado-cabecilla-del-grupo-delincuencial-los-pesebreros-de-la-comuna-13-de-medellinsa\/#breadcrumb","itemListElement":[{"@type":"ListItem","position":1,"name":"Home","item":"https:\/\/www.fiscalia.gov.co\/colombia\/"},{"@type":"ListItem","position":2,"name":"Condenado cabecilla del grupo delincuencial Los Pesebreros de la Comuna 13 de Medell\u00edn"}]},{"@type":"WebSite","@id":"https:\/\/www.fiscalia.gov.co\/colombia\/#website","url":"https:\/\/www.fiscalia.gov.co\/colombia\/","name":"Fiscal\u00eda General de la Naci\u00f3n","description":"P\u00e1gina oficial de la Fiscal\u00eda General de la Naci\u00f3n \u2013 Colombia. Garantizamos el acceso efectivo a la justicia, la verdad y la reparaci\u00f3n de las v\u00edctimas de los delitos.","publisher":{"@id":"https:\/\/www.fiscalia.gov.co\/colombia\/#organization"},"potentialAction":[{"@type":"SearchAction","target":{"@type":"EntryPoint","urlTemplate":"https:\/\/www.fiscalia.gov.co\/colombia\/?s={search_term_string}"},"query-input":{"@type":"PropertyValueSpecification","valueRequired":true,"valueName":"search_term_string"}}],"inLanguage":"es-CO"},{"@type":"Organization","@id":"https:\/\/www.fiscalia.gov.co\/colombia\/#organization","name":"Fiscal\u00eda General de la Naci\u00f3n","url":"https:\/\/www.fiscalia.gov.co\/colombia\/","logo":{"@type":"ImageObject","inLanguage":"es-CO","@id":"https:\/\/www.fiscalia.gov.co\/colombia\/#\/schema\/logo\/image\/","url":"https:\/\/www.fiscalia.gov.co\/colombia\/wp-content\/uploads\/LogoHorizontal_1.jpg","contentUrl":"https:\/\/www.fiscalia.gov.co\/colombia\/wp-content\/uploads\/LogoHorizontal_1.jpg","width":300,"height":90,"caption":"Fiscal\u00eda General de la Naci\u00f3n"},"image":{"@id":"https:\/\/www.fiscalia.gov.co\/colombia\/#\/schema\/logo\/image\/"},"sameAs":["https:\/\/www.facebook.com\/FiscaliaCol","https:\/\/x.com\/FiscaliaCol","https:\/\/www.instagram.com\/fiscaliacol","https:\/\/www.linkedin.com\/company\/fiscalia-general-de-la-naci-n\/","https:\/\/youtube.com\/@fiscaliageneraldelanacion-4668?si=6nN79nyQICPU5iTh"]},{"@type":"Person","@id":"https:\/\/www.fiscalia.gov.co\/colombia\/#\/schema\/person\/06aa2210fe4d79203f428ff671dee360","name":"Ana Mar\u00eda Gomez","image":{"@type":"ImageObject","inLanguage":"es-CO","@id":"https:\/\/www.fiscalia.gov.co\/colombia\/#\/schema\/person\/image\/","url":"https:\/\/secure.gravatar.com\/avatar\/a38115d98a7f8a96cbb96af2b2c37a0b?s=96&d=mm&r=g","contentUrl":"https:\/\/secure.gravatar.com\/avatar\/a38115d98a7f8a96cbb96af2b2c37a0b?s=96&d=mm&r=g","caption":"Ana Mar\u00eda Gomez"},"url":"https:\/\/www.fiscalia.gov.co\/colombia\/author\/agomez\/"}]}},"_links":{"self":[{"href":"https:\/\/www.fiscalia.gov.co\/colombia\/wp-json\/wp\/v2\/posts\/216534","targetHints":{"allow":["GET"]}}],"collection":[{"href":"https:\/\/www.fiscalia.gov.co\/colombia\/wp-json\/wp\/v2\/posts"}],"about":[{"href":"https:\/\/www.fiscalia.gov.co\/colombia\/wp-json\/wp\/v2\/types\/post"}],"author":[{"embeddable":true,"href":"https:\/\/www.fiscalia.gov.co\/colombia\/wp-json\/wp\/v2\/users\/171"}],"replies":[{"embeddable":true,"href":"https:\/\/www.fiscalia.gov.co\/colombia\/wp-json\/wp\/v2\/comments?post=216534"}],"version-history":[{"count":2,"href":"https:\/\/www.fiscalia.gov.co\/colombia\/wp-json\/wp\/v2\/posts\/216534\/revisions"}],"predecessor-version":[{"id":216541,"href":"https:\/\/www.fiscalia.gov.co\/colombia\/wp-json\/wp\/v2\/posts\/216534\/revisions\/216541"}],"wp:attachment":[{"href":"https:\/\/www.fiscalia.gov.co\/colombia\/wp-json\/wp\/v2\/media?parent=216534"}],"wp:term":[{"taxonomy":"category","embeddable":true,"href":"https:\/\/www.fiscalia.gov.co\/colombia\/wp-json\/wp\/v2\/categories?post=216534"},{"taxonomy":"post_tag","embeddable":true,"href":"https:\/\/www.fiscalia.gov.co\/colombia\/wp-json\/wp\/v2\/tags?post=216534"}],"curies":[{"name":"wp","href":"https:\/\/api.w.org\/{rel}","templated":true}]}}