{"id":216243,"date":"2021-03-20T09:17:15","date_gmt":"2021-03-20T14:17:15","guid":{"rendered":"https:\/\/www.fiscalia.gov.co\/colombia\/?p=216243"},"modified":"2021-03-25T15:22:02","modified_gmt":"2021-03-25T20:22:02","slug":"18-capturados-y-maquinaria-incautada-en-acciones-judiciales-contra-la-deforestacion-la-mineria-ilegal-y-la-invasion-de-areas-protegidas","status":"publish","type":"post","link":"https:\/\/www.fiscalia.gov.co\/colombia\/dano-al-medio-ambiente\/18-capturados-y-maquinaria-incautada-en-acciones-judiciales-contra-la-deforestacion-la-mineria-ilegal-y-la-invasion-de-areas-protegidas\/","title":{"rendered":"18 capturados y maquinaria incautada en acciones judiciales contra la deforestaci\u00f3n, la miner\u00eda ilegal y la invasi\u00f3n de \u00e1reas protegidas"},"content":{"rendered":"<blockquote class=\"td_quote_box td_box_center\">\n<h4 style=\"text-align: left;\"><strong><em>En la Reserva Nacional Natural del resguardo Nukak Mak\u00fa fue encontrado un vivero con 80.000 matas de coca; mientras que en el Catatumbo se desarticul\u00f3 una red de tr\u00e1fico de madera que obten\u00eda permisos ilegalmente de diferentes corporaciones aut\u00f3nomas del pa\u00eds. En Antioquia y Atl\u00e1ntico fueron intervenidos entables mineros.<\/em><\/strong><\/h4>\n<\/blockquote>\n<p>La Fiscal\u00eda General de la Naci\u00f3n, a trav\u00e9s de la Direcci\u00f3n Especializada contra las Violaciones a los Derechos Humanos, lider\u00f3 cuatro acciones simultaneas realizadas en diferentes puntos del pa\u00eds contra los principales fen\u00f3menos criminales que inciden en el deterioro de los recursos naturales y ponen en riesgo la sostenibilidad de las comunidades.<\/p>\n<p>Los procedimientos se realizaron en la Amazon\u00eda colombiana, Norte de Santander, Antioquia y Atl\u00e1ntico. 18 personas fueron capturadas y se incautaron motores, maquinaria e insumos.<\/p>\n<p><strong><u>Invasi\u00f3n en el resguardo Nukak Mak\u00fa<\/u><\/strong><\/p>\n<p>Personal de polic\u00eda judicial CTI de la Fiscal\u00eda, con apoyo del Ejercito Nacional y la Polic\u00eda Nacional, lleg\u00f3 hasta la vereda Gualandayes, en zona rural de San Jos\u00e9 del Guaviare (Guaviare), en el resguardo ind\u00edgena Nukak Mak\u00fa, comunidad de especial protecci\u00f3n constitucional por riesgo de exterminio f\u00edsico y cultural.<\/p>\n<p>En las verificaciones, adem\u00e1s de constatar acelerada deforestaci\u00f3n, fue descubierto un vivero con 80.000 matas de coca y un semillero en un predio conocido como La Tormenta. En la zona tambi\u00e9n se encontr\u00f3 un bulldozer que, al parecer, era usado para abrir pozos y abastecer de agua al ganado; adem\u00e1s de otros elementos presuntamente utilizados para realizar corrales y adecuar el terreno para la ganader\u00eda extensiva, una actividad prohibida en una Reserva Nacional Natural de la Amazon\u00eda colombiana.<\/p>\n<p>Jos\u00e9 Alfdeberto Plazas Salda\u00f1a, el supuesto propietario del bien en el que se encontr\u00f3 el cultivo il\u00edcito, fue capturado y un fiscal de la Direcci\u00f3n Especializada contra las Violaciones a los Derechos Humanos le imput\u00f3 los delitos de: da\u00f1os a los recursos naturales, invasi\u00f3n de \u00e1reas de especial importancia ecol\u00f3gica, y conservaci\u00f3n y financiaci\u00f3n de plantaciones. El juez de control de garant\u00edas le impuso medida de aseguramiento en el lugar de residencia.<\/p>\n<p><strong><u>Red de tr\u00e1fico de madera<\/u><\/strong><\/p>\n<p>En el Catatumbo (Norte de Santander) fue impactada una red delincuencial que estar\u00eda vinculada al tr\u00e1fico de madera. Las investigaciones dan cuenta de que la organizaci\u00f3n, supuestamente, compraba el producto que era extra\u00eddo mediante tala il\u00edcita en \u00e1reas de bosque nativo de Tib\u00fa, Sardinata, El Zulia y El Tarra.<\/p>\n<p>La madera, al parecer, era trasladada a centros de acopio en C\u00facuta, Villa del Rosario y Los Patios, y desde all\u00ed se coordinaba la venta hacia diferentes departamentos. Para moverla y darle apariencia de legalidad, algunos de los integrantes de la red, supuestamente, obten\u00edan permisos, salvoconductos y gu\u00edas otorgadas por corporaciones aut\u00f3nomas de otras regiones, como el Eje Cafetero, la Costa Atl\u00e1ntica y el centro del pa\u00eds.<\/p>\n<p>Con estos documentos transportaban, por viaje, entre 16 y 21 metros c\u00fabicos de especies como cedro, higuer\u00f3n, pardillo, moncoro, pavito, nogal y ordinario. En dos a\u00f1os de investigaciones, a esta estructura les fueron interceptados m\u00e1s de 15 camiones.<\/p>\n<p>En diligencias realizadas por la Fiscal\u00eda y la Polic\u00eda Nacional en C\u00facuta, Oca\u00f1a y Tib\u00fa fueron capturadas ocho personas que har\u00edan parte de la organizaci\u00f3n, entre ellas una mujer conocida como \u2018Luci\u2019, quien ser\u00eda una de las encargadas de realizar las maniobras il\u00edcitas para conseguir los salvoconductos.<\/p>\n<p>Los detenidos fueron presentados ante un juez de control de garant\u00edas y se les imputar\u00e1n los delitos de concierto para delinquir agravado e il\u00edcito aprovechamiento de los recursos naturales renovables.<\/p>\n<p><strong><u>Da\u00f1o ambiental en Caucasia<\/u><\/strong><\/p>\n<p>En una operaci\u00f3n articulada del CTI y el Ej\u00e9rcito Nacional en Caucasia (Antioquia), fue descubierto un frente de extracci\u00f3n il\u00edcita de oro, en el que motores succionaban material mineral del R\u00edo Man.<\/p>\n<p>En el lugar se constat\u00f3 el vertimiento indiscriminado de mercurio a la fuente h\u00eddrica que abastece al acueducto de la regi\u00f3n, por lo que peritos especializados tomaron muestras para establecer el grado de contaminaci\u00f3n del agua y la posible afectaci\u00f3n a la comunidad. Durante las diligencias fueron incautados cinco motores y capturadas siete personas, entre ellas los administradores del entable.<\/p>\n<p>Un fiscal de la Direcci\u00f3n Especializada contra las Violaciones a los Derechos Humanos imput\u00f3 a los detenidos los delitos de explotaci\u00f3n il\u00edcita de yacimiento minero, da\u00f1os a los recursos naturales, contaminaci\u00f3n ambiental y concierto para delinquir.<\/p>\n<p><strong><u>Canteras il\u00edcitas<\/u><\/strong><\/p>\n<p>En la vereda La Gloria del corregimiento de Arroyo de Piedra, en Luruaco (Atl\u00e1ntico), fue intervenido un frente de extracci\u00f3n de material de arrastre que, supuestamente, ocupaba de manera ilegal un \u00e1rea titulada a una compa\u00f1\u00eda cementera.<\/p>\n<p>En el sitio, investigadores del CTI, con apoyo del Ej\u00e9rcito Nacional, identificaron un evidente incumplimiento de las normas ambientales, una grave afectaci\u00f3n al ecosistema de la zona y la perdida de la monta\u00f1a por la utilizaci\u00f3n de retroexcavadoras para obtener arena y piedra.<\/p>\n<p>Durante los procedimientos fueron capturadas dos personas y se incautaron volquetas y dos m\u00e1quinas. La Fiscal\u00eda imput\u00f3 a los detenidos los delitos de da\u00f1os a los recursos naturales agravado y explotaci\u00f3n il\u00edcita de yacimiento minero. Los procesados, entre ellos uno de los administradores de la cantera, aceptaron los cargos.<\/p>\n<p>La defensa de los recursos naturales es una prioridad definida por el Fiscal General de la Naci\u00f3n, Francisco Barbosa Delgado, en el Direccionamiento Estrat\u00e9gico 2020 \u2013 2024.<\/p>\n<p>JARG\/DJR\/DECVDH\/MCRC.<\/p>\n<p><strong>La Fiscal\u00eda habla con resultados.<\/strong><\/p>\n<p><span lang=\"ES\"><i><span lang=\"es\">La informaci\u00f3n contenida en este bolet\u00edn de prensa corresponde a la narraci\u00f3n de los hechos noticiosos objetivos, suministrados por los funcionarios encargados de adelantar las investigaciones penales al interior de la Fiscal\u00eda General de la Naci\u00f3n. Para el momento de la divulgaci\u00f3n de este comunicado, la situaci\u00f3n jur\u00eddica de la(s) persona(s) relacionada(s) se encuentra pendiente de resolver por la autoridad judicial competente, siempre bajo los preceptos de la presunci\u00f3n de inocencia, consagrados en el art\u00edculo 29 de la Constituci\u00f3n Pol\u00edtica y el art\u00edculo 7\u00ba de la Ley 906 de 2004.<\/span><\/i><\/span><span lang=\"ES\"><span lang=\"es-CO\">\u00a0<\/span><\/span><\/p>\n<p>&nbsp;<\/p>\n\n<div class=\"twitter-share\"><a href=\"https:\/\/twitter.com\/intent\/tweet?via=fiscaliacol\" class=\"twitter-share-button\">Tweet<\/a><\/div>\n","protected":false},"excerpt":{"rendered":"<p>En la Reserva Nacional Natural del resguardo Nukak Mak\u00fa fue encontrado un vivero con 80.000 matas de coca; mientras que en el Catatumbo se desarticul\u00f3 una red de tr\u00e1fico de madera que obten\u00eda permisos ilegalmente de diferentes corporaciones aut\u00f3nomas del pa\u00eds. En Antioquia y Atl\u00e1ntico fueron intervenidos entables mineros. La Fiscal\u00eda General de la Naci\u00f3n, [&hellip;]<\/p>\n","protected":false},"author":162,"featured_media":0,"comment_status":"closed","ping_status":"open","sticky":false,"template":"","format":"video","meta":{"_price":"","_stock":"","_tribe_ticket_header":"","_tribe_default_ticket_provider":"","_tribe_ticket_capacity":"0","_ticket_start_date":"","_ticket_end_date":"","_tribe_ticket_show_description":"","_tribe_ticket_show_not_going":false,"_tribe_ticket_use_global_stock":"","_tribe_ticket_global_stock_level":"","_global_stock_mode":"","_global_stock_cap":"","_tribe_rsvp_for_event":"","_tribe_ticket_going_count":"","_tribe_ticket_not_going_count":"","_tribe_tickets_list":"[]","_tribe_ticket_has_attendee_info_fields":false,"tdm_status":"","tdm_grid_status":"","footnotes":""},"categories":[24124,24102,1],"tags":[4284,7033,25003],"class_list":{"0":"post-216243","1":"post","2":"type-post","3":"status-publish","4":"format-video","6":"category-dano-al-medio-ambiente","7":"category-derechos-humanos","8":"category-noticias","9":"tag-catatumbo","10":"tag-dano-ambiental","11":"tag-deforestacion","12":"post_format-post-format-video"},"yoast_head":"<!-- This site is optimized with the Yoast SEO plugin v24.3 - https:\/\/yoast.com\/wordpress\/plugins\/seo\/ -->\n<title>Fiscal\u00eda General de la Naci\u00f3n<\/title>\n<meta name=\"description\" content=\"P\u00e1gina oficial de la Fiscal\u00eda General de la Naci\u00f3n \u2013 Colombia. Garantizamos el acceso efectivo a la justicia, la verdad y la reparaci\u00f3n de las v\u00edctimas de los delitos.\" \/>\n<meta name=\"robots\" content=\"noindex, follow\" \/>\n<meta property=\"og:locale\" content=\"es_ES\" \/>\n<meta property=\"og:type\" content=\"article\" \/>\n<meta property=\"og:title\" content=\"Fiscal\u00eda General de la Naci\u00f3n\" \/>\n<meta property=\"og:description\" content=\"P\u00e1gina oficial de la Fiscal\u00eda General de la Naci\u00f3n \u2013 Colombia. Garantizamos el acceso efectivo a la justicia, la verdad y la reparaci\u00f3n de las v\u00edctimas de los delitos.\" \/>\n<meta property=\"og:url\" content=\"https:\/\/www.fiscalia.gov.co\/colombia\/dano-al-medio-ambiente\/18-capturados-y-maquinaria-incautada-en-acciones-judiciales-contra-la-deforestacion-la-mineria-ilegal-y-la-invasion-de-areas-protegidas\/\" \/>\n<meta property=\"og:site_name\" content=\"Fiscal\u00eda General de la Naci\u00f3n\" \/>\n<meta property=\"article:publisher\" content=\"https:\/\/www.facebook.com\/FiscaliaCol\" \/>\n<meta property=\"article:published_time\" content=\"2021-03-20T14:17:15+00:00\" \/>\n<meta property=\"article:modified_time\" content=\"2021-03-25T20:22:02+00:00\" \/>\n<meta name=\"author\" content=\"Direcci\u00f3n de Comunicaciones Fiscal\u00eda General de la Naci\u00f3n\" \/>\n<meta name=\"twitter:card\" content=\"summary_large_image\" \/>\n<meta name=\"twitter:creator\" content=\"@FiscaliaCol\" \/>\n<meta name=\"twitter:site\" content=\"@FiscaliaCol\" \/>\n<meta name=\"twitter:label1\" content=\"Escrito por\" \/>\n\t<meta name=\"twitter:data1\" content=\"Direcci\u00f3n de Comunicaciones Fiscal\u00eda General de la Naci\u00f3n\" \/>\n\t<meta name=\"twitter:label2\" content=\"Tiempo de lectura\" \/>\n\t<meta name=\"twitter:data2\" content=\"5 minutos\" \/>\n<script type=\"application\/ld+json\" class=\"yoast-schema-graph\">{\"@context\":\"https:\/\/schema.org\",\"@graph\":[{\"@type\":\"Article\",\"@id\":\"https:\/\/www.fiscalia.gov.co\/colombia\/dano-al-medio-ambiente\/18-capturados-y-maquinaria-incautada-en-acciones-judiciales-contra-la-deforestacion-la-mineria-ilegal-y-la-invasion-de-areas-protegidas\/#article\",\"isPartOf\":{\"@id\":\"https:\/\/www.fiscalia.gov.co\/colombia\/dano-al-medio-ambiente\/18-capturados-y-maquinaria-incautada-en-acciones-judiciales-contra-la-deforestacion-la-mineria-ilegal-y-la-invasion-de-areas-protegidas\/\"},\"author\":{\"name\":\"Direcci\u00f3n de Comunicaciones Fiscal\u00eda General de la Naci\u00f3n\",\"@id\":\"https:\/\/www.fiscalia.gov.co\/colombia\/#\/schema\/person\/bf28d8ae7f1b287bbe3af484b04f43ea\"},\"headline\":\"18 capturados y maquinaria incautada en acciones judiciales contra la deforestaci\u00f3n, la miner\u00eda ilegal y la invasi\u00f3n de \u00e1reas protegidas\",\"datePublished\":\"2021-03-20T14:17:15+00:00\",\"dateModified\":\"2021-03-25T20:22:02+00:00\",\"mainEntityOfPage\":{\"@id\":\"https:\/\/www.fiscalia.gov.co\/colombia\/dano-al-medio-ambiente\/18-capturados-y-maquinaria-incautada-en-acciones-judiciales-contra-la-deforestacion-la-mineria-ilegal-y-la-invasion-de-areas-protegidas\/\"},\"wordCount\":1075,\"publisher\":{\"@id\":\"https:\/\/www.fiscalia.gov.co\/colombia\/#organization\"},\"keywords\":[\"Catatumbo\",\"Da\u00f1o ambiental\",\"deforestaci\u00f3n\"],\"articleSection\":[\"Da\u00f1o al medio ambiente\",\"Derechos Humanos\",\"Noticias\"],\"inLanguage\":\"es-CO\"},{\"@type\":\"WebPage\",\"@id\":\"https:\/\/www.fiscalia.gov.co\/colombia\/dano-al-medio-ambiente\/18-capturados-y-maquinaria-incautada-en-acciones-judiciales-contra-la-deforestacion-la-mineria-ilegal-y-la-invasion-de-areas-protegidas\/\",\"url\":\"https:\/\/www.fiscalia.gov.co\/colombia\/dano-al-medio-ambiente\/18-capturados-y-maquinaria-incautada-en-acciones-judiciales-contra-la-deforestacion-la-mineria-ilegal-y-la-invasion-de-areas-protegidas\/\",\"name\":\"Fiscal\u00eda General de la Naci\u00f3n\",\"isPartOf\":{\"@id\":\"https:\/\/www.fiscalia.gov.co\/colombia\/#website\"},\"datePublished\":\"2021-03-20T14:17:15+00:00\",\"dateModified\":\"2021-03-25T20:22:02+00:00\",\"description\":\"P\u00e1gina oficial de la Fiscal\u00eda General de la Naci\u00f3n \u2013 Colombia. Garantizamos el acceso efectivo a la justicia, la verdad y la reparaci\u00f3n de las v\u00edctimas de los delitos.\",\"breadcrumb\":{\"@id\":\"https:\/\/www.fiscalia.gov.co\/colombia\/dano-al-medio-ambiente\/18-capturados-y-maquinaria-incautada-en-acciones-judiciales-contra-la-deforestacion-la-mineria-ilegal-y-la-invasion-de-areas-protegidas\/#breadcrumb\"},\"inLanguage\":\"es-CO\",\"potentialAction\":[{\"@type\":\"ReadAction\",\"target\":[\"https:\/\/www.fiscalia.gov.co\/colombia\/dano-al-medio-ambiente\/18-capturados-y-maquinaria-incautada-en-acciones-judiciales-contra-la-deforestacion-la-mineria-ilegal-y-la-invasion-de-areas-protegidas\/\"]}]},{\"@type\":\"BreadcrumbList\",\"@id\":\"https:\/\/www.fiscalia.gov.co\/colombia\/dano-al-medio-ambiente\/18-capturados-y-maquinaria-incautada-en-acciones-judiciales-contra-la-deforestacion-la-mineria-ilegal-y-la-invasion-de-areas-protegidas\/#breadcrumb\",\"itemListElement\":[{\"@type\":\"ListItem\",\"position\":1,\"name\":\"Home\",\"item\":\"https:\/\/www.fiscalia.gov.co\/colombia\/\"},{\"@type\":\"ListItem\",\"position\":2,\"name\":\"18 capturados y maquinaria incautada en acciones judiciales contra la deforestaci\u00f3n, la miner\u00eda ilegal y la invasi\u00f3n de \u00e1reas protegidas\"}]},{\"@type\":\"WebSite\",\"@id\":\"https:\/\/www.fiscalia.gov.co\/colombia\/#website\",\"url\":\"https:\/\/www.fiscalia.gov.co\/colombia\/\",\"name\":\"Fiscal\u00eda General de la Naci\u00f3n\",\"description\":\"P\u00e1gina oficial de la Fiscal\u00eda General de la Naci\u00f3n \u2013 Colombia. Garantizamos el acceso efectivo a la justicia, la verdad y la reparaci\u00f3n de las v\u00edctimas de los delitos.\",\"publisher\":{\"@id\":\"https:\/\/www.fiscalia.gov.co\/colombia\/#organization\"},\"potentialAction\":[{\"@type\":\"SearchAction\",\"target\":{\"@type\":\"EntryPoint\",\"urlTemplate\":\"https:\/\/www.fiscalia.gov.co\/colombia\/?s={search_term_string}\"},\"query-input\":{\"@type\":\"PropertyValueSpecification\",\"valueRequired\":true,\"valueName\":\"search_term_string\"}}],\"inLanguage\":\"es-CO\"},{\"@type\":\"Organization\",\"@id\":\"https:\/\/www.fiscalia.gov.co\/colombia\/#organization\",\"name\":\"Fiscal\u00eda General de la Naci\u00f3n\",\"url\":\"https:\/\/www.fiscalia.gov.co\/colombia\/\",\"logo\":{\"@type\":\"ImageObject\",\"inLanguage\":\"es-CO\",\"@id\":\"https:\/\/www.fiscalia.gov.co\/colombia\/#\/schema\/logo\/image\/\",\"url\":\"https:\/\/www.fiscalia.gov.co\/colombia\/wp-content\/uploads\/LogoHorizontal_1.jpg\",\"contentUrl\":\"https:\/\/www.fiscalia.gov.co\/colombia\/wp-content\/uploads\/LogoHorizontal_1.jpg\",\"width\":300,\"height\":90,\"caption\":\"Fiscal\u00eda General de la Naci\u00f3n\"},\"image\":{\"@id\":\"https:\/\/www.fiscalia.gov.co\/colombia\/#\/schema\/logo\/image\/\"},\"sameAs\":[\"https:\/\/www.facebook.com\/FiscaliaCol\",\"https:\/\/x.com\/FiscaliaCol\",\"https:\/\/www.instagram.com\/fiscaliacol\",\"https:\/\/www.linkedin.com\/company\/fiscalia-general-de-la-naci-n\/\",\"https:\/\/youtube.com\/@fiscaliageneraldelanacion-4668?si=6nN79nyQICPU5iTh\"]},{\"@type\":\"Person\",\"@id\":\"https:\/\/www.fiscalia.gov.co\/colombia\/#\/schema\/person\/bf28d8ae7f1b287bbe3af484b04f43ea\",\"name\":\"Direcci\u00f3n de Comunicaciones Fiscal\u00eda General de la Naci\u00f3n\",\"image\":{\"@type\":\"ImageObject\",\"inLanguage\":\"es-CO\",\"@id\":\"https:\/\/www.fiscalia.gov.co\/colombia\/#\/schema\/person\/image\/\",\"url\":\"https:\/\/secure.gravatar.com\/avatar\/9d55ae161d32da16dbdd0b380c080a5f?s=96&d=mm&r=g\",\"contentUrl\":\"https:\/\/secure.gravatar.com\/avatar\/9d55ae161d32da16dbdd0b380c080a5f?s=96&d=mm&r=g\",\"caption\":\"Direcci\u00f3n de Comunicaciones Fiscal\u00eda General de la Naci\u00f3n\"},\"url\":\"https:\/\/www.fiscalia.gov.co\/colombia\/author\/kbonilla\/\"}]}<\/script>\n<!-- \/ Yoast SEO plugin. -->","yoast_head_json":{"title":"Fiscal\u00eda General de la Naci\u00f3n","description":"P\u00e1gina oficial de la Fiscal\u00eda General de la Naci\u00f3n \u2013 Colombia. Garantizamos el acceso efectivo a la justicia, la verdad y la reparaci\u00f3n de las v\u00edctimas de los delitos.","robots":{"index":"noindex","follow":"follow"},"og_locale":"es_ES","og_type":"article","og_title":"Fiscal\u00eda General de la Naci\u00f3n","og_description":"P\u00e1gina oficial de la Fiscal\u00eda General de la Naci\u00f3n \u2013 Colombia. Garantizamos el acceso efectivo a la justicia, la verdad y la reparaci\u00f3n de las v\u00edctimas de los delitos.","og_url":"https:\/\/www.fiscalia.gov.co\/colombia\/dano-al-medio-ambiente\/18-capturados-y-maquinaria-incautada-en-acciones-judiciales-contra-la-deforestacion-la-mineria-ilegal-y-la-invasion-de-areas-protegidas\/","og_site_name":"Fiscal\u00eda General de la Naci\u00f3n","article_publisher":"https:\/\/www.facebook.com\/FiscaliaCol","article_published_time":"2021-03-20T14:17:15+00:00","article_modified_time":"2021-03-25T20:22:02+00:00","author":"Direcci\u00f3n de Comunicaciones Fiscal\u00eda General de la Naci\u00f3n","twitter_card":"summary_large_image","twitter_creator":"@FiscaliaCol","twitter_site":"@FiscaliaCol","twitter_misc":{"Escrito por":"Direcci\u00f3n de Comunicaciones Fiscal\u00eda General de la Naci\u00f3n","Tiempo de lectura":"5 minutos"},"schema":{"@context":"https:\/\/schema.org","@graph":[{"@type":"Article","@id":"https:\/\/www.fiscalia.gov.co\/colombia\/dano-al-medio-ambiente\/18-capturados-y-maquinaria-incautada-en-acciones-judiciales-contra-la-deforestacion-la-mineria-ilegal-y-la-invasion-de-areas-protegidas\/#article","isPartOf":{"@id":"https:\/\/www.fiscalia.gov.co\/colombia\/dano-al-medio-ambiente\/18-capturados-y-maquinaria-incautada-en-acciones-judiciales-contra-la-deforestacion-la-mineria-ilegal-y-la-invasion-de-areas-protegidas\/"},"author":{"name":"Direcci\u00f3n de Comunicaciones Fiscal\u00eda General de la Naci\u00f3n","@id":"https:\/\/www.fiscalia.gov.co\/colombia\/#\/schema\/person\/bf28d8ae7f1b287bbe3af484b04f43ea"},"headline":"18 capturados y maquinaria incautada en acciones judiciales contra la deforestaci\u00f3n, la miner\u00eda ilegal y la invasi\u00f3n de \u00e1reas protegidas","datePublished":"2021-03-20T14:17:15+00:00","dateModified":"2021-03-25T20:22:02+00:00","mainEntityOfPage":{"@id":"https:\/\/www.fiscalia.gov.co\/colombia\/dano-al-medio-ambiente\/18-capturados-y-maquinaria-incautada-en-acciones-judiciales-contra-la-deforestacion-la-mineria-ilegal-y-la-invasion-de-areas-protegidas\/"},"wordCount":1075,"publisher":{"@id":"https:\/\/www.fiscalia.gov.co\/colombia\/#organization"},"keywords":["Catatumbo","Da\u00f1o ambiental","deforestaci\u00f3n"],"articleSection":["Da\u00f1o al medio ambiente","Derechos Humanos","Noticias"],"inLanguage":"es-CO"},{"@type":"WebPage","@id":"https:\/\/www.fiscalia.gov.co\/colombia\/dano-al-medio-ambiente\/18-capturados-y-maquinaria-incautada-en-acciones-judiciales-contra-la-deforestacion-la-mineria-ilegal-y-la-invasion-de-areas-protegidas\/","url":"https:\/\/www.fiscalia.gov.co\/colombia\/dano-al-medio-ambiente\/18-capturados-y-maquinaria-incautada-en-acciones-judiciales-contra-la-deforestacion-la-mineria-ilegal-y-la-invasion-de-areas-protegidas\/","name":"Fiscal\u00eda General de la Naci\u00f3n","isPartOf":{"@id":"https:\/\/www.fiscalia.gov.co\/colombia\/#website"},"datePublished":"2021-03-20T14:17:15+00:00","dateModified":"2021-03-25T20:22:02+00:00","description":"P\u00e1gina oficial de la Fiscal\u00eda General de la Naci\u00f3n \u2013 Colombia. Garantizamos el acceso efectivo a la justicia, la verdad y la reparaci\u00f3n de las v\u00edctimas de los delitos.","breadcrumb":{"@id":"https:\/\/www.fiscalia.gov.co\/colombia\/dano-al-medio-ambiente\/18-capturados-y-maquinaria-incautada-en-acciones-judiciales-contra-la-deforestacion-la-mineria-ilegal-y-la-invasion-de-areas-protegidas\/#breadcrumb"},"inLanguage":"es-CO","potentialAction":[{"@type":"ReadAction","target":["https:\/\/www.fiscalia.gov.co\/colombia\/dano-al-medio-ambiente\/18-capturados-y-maquinaria-incautada-en-acciones-judiciales-contra-la-deforestacion-la-mineria-ilegal-y-la-invasion-de-areas-protegidas\/"]}]},{"@type":"BreadcrumbList","@id":"https:\/\/www.fiscalia.gov.co\/colombia\/dano-al-medio-ambiente\/18-capturados-y-maquinaria-incautada-en-acciones-judiciales-contra-la-deforestacion-la-mineria-ilegal-y-la-invasion-de-areas-protegidas\/#breadcrumb","itemListElement":[{"@type":"ListItem","position":1,"name":"Home","item":"https:\/\/www.fiscalia.gov.co\/colombia\/"},{"@type":"ListItem","position":2,"name":"18 capturados y maquinaria incautada en acciones judiciales contra la deforestaci\u00f3n, la miner\u00eda ilegal y la invasi\u00f3n de \u00e1reas protegidas"}]},{"@type":"WebSite","@id":"https:\/\/www.fiscalia.gov.co\/colombia\/#website","url":"https:\/\/www.fiscalia.gov.co\/colombia\/","name":"Fiscal\u00eda General de la Naci\u00f3n","description":"P\u00e1gina oficial de la Fiscal\u00eda General de la Naci\u00f3n \u2013 Colombia. Garantizamos el acceso efectivo a la justicia, la verdad y la reparaci\u00f3n de las v\u00edctimas de los delitos.","publisher":{"@id":"https:\/\/www.fiscalia.gov.co\/colombia\/#organization"},"potentialAction":[{"@type":"SearchAction","target":{"@type":"EntryPoint","urlTemplate":"https:\/\/www.fiscalia.gov.co\/colombia\/?s={search_term_string}"},"query-input":{"@type":"PropertyValueSpecification","valueRequired":true,"valueName":"search_term_string"}}],"inLanguage":"es-CO"},{"@type":"Organization","@id":"https:\/\/www.fiscalia.gov.co\/colombia\/#organization","name":"Fiscal\u00eda General de la Naci\u00f3n","url":"https:\/\/www.fiscalia.gov.co\/colombia\/","logo":{"@type":"ImageObject","inLanguage":"es-CO","@id":"https:\/\/www.fiscalia.gov.co\/colombia\/#\/schema\/logo\/image\/","url":"https:\/\/www.fiscalia.gov.co\/colombia\/wp-content\/uploads\/LogoHorizontal_1.jpg","contentUrl":"https:\/\/www.fiscalia.gov.co\/colombia\/wp-content\/uploads\/LogoHorizontal_1.jpg","width":300,"height":90,"caption":"Fiscal\u00eda General de la Naci\u00f3n"},"image":{"@id":"https:\/\/www.fiscalia.gov.co\/colombia\/#\/schema\/logo\/image\/"},"sameAs":["https:\/\/www.facebook.com\/FiscaliaCol","https:\/\/x.com\/FiscaliaCol","https:\/\/www.instagram.com\/fiscaliacol","https:\/\/www.linkedin.com\/company\/fiscalia-general-de-la-naci-n\/","https:\/\/youtube.com\/@fiscaliageneraldelanacion-4668?si=6nN79nyQICPU5iTh"]},{"@type":"Person","@id":"https:\/\/www.fiscalia.gov.co\/colombia\/#\/schema\/person\/bf28d8ae7f1b287bbe3af484b04f43ea","name":"Direcci\u00f3n de Comunicaciones Fiscal\u00eda General de la Naci\u00f3n","image":{"@type":"ImageObject","inLanguage":"es-CO","@id":"https:\/\/www.fiscalia.gov.co\/colombia\/#\/schema\/person\/image\/","url":"https:\/\/secure.gravatar.com\/avatar\/9d55ae161d32da16dbdd0b380c080a5f?s=96&d=mm&r=g","contentUrl":"https:\/\/secure.gravatar.com\/avatar\/9d55ae161d32da16dbdd0b380c080a5f?s=96&d=mm&r=g","caption":"Direcci\u00f3n de Comunicaciones Fiscal\u00eda General de la Naci\u00f3n"},"url":"https:\/\/www.fiscalia.gov.co\/colombia\/author\/kbonilla\/"}]}},"_links":{"self":[{"href":"https:\/\/www.fiscalia.gov.co\/colombia\/wp-json\/wp\/v2\/posts\/216243","targetHints":{"allow":["GET"]}}],"collection":[{"href":"https:\/\/www.fiscalia.gov.co\/colombia\/wp-json\/wp\/v2\/posts"}],"about":[{"href":"https:\/\/www.fiscalia.gov.co\/colombia\/wp-json\/wp\/v2\/types\/post"}],"author":[{"embeddable":true,"href":"https:\/\/www.fiscalia.gov.co\/colombia\/wp-json\/wp\/v2\/users\/162"}],"replies":[{"embeddable":true,"href":"https:\/\/www.fiscalia.gov.co\/colombia\/wp-json\/wp\/v2\/comments?post=216243"}],"version-history":[{"count":1,"href":"https:\/\/www.fiscalia.gov.co\/colombia\/wp-json\/wp\/v2\/posts\/216243\/revisions"}],"predecessor-version":[{"id":216244,"href":"https:\/\/www.fiscalia.gov.co\/colombia\/wp-json\/wp\/v2\/posts\/216243\/revisions\/216244"}],"wp:attachment":[{"href":"https:\/\/www.fiscalia.gov.co\/colombia\/wp-json\/wp\/v2\/media?parent=216243"}],"wp:term":[{"taxonomy":"category","embeddable":true,"href":"https:\/\/www.fiscalia.gov.co\/colombia\/wp-json\/wp\/v2\/categories?post=216243"},{"taxonomy":"post_tag","embeddable":true,"href":"https:\/\/www.fiscalia.gov.co\/colombia\/wp-json\/wp\/v2\/tags?post=216243"}],"curies":[{"name":"wp","href":"https:\/\/api.w.org\/{rel}","templated":true}]}}