{"id":216067,"date":"2021-03-18T14:18:55","date_gmt":"2021-03-18T19:18:55","guid":{"rendered":"https:\/\/www.fiscalia.gov.co\/colombia\/?p=216067"},"modified":"2021-03-18T16:10:51","modified_gmt":"2021-03-18T21:10:51","slug":"asegurados-militares-en-retiro-y-particulares-por-presunta-corrupcion-en-contrato-de-seguridad-con-multinacionales-mineras","status":"publish","type":"post","link":"https:\/\/www.fiscalia.gov.co\/colombia\/corrupcion\/asegurados-militares-en-retiro-y-particulares-por-presunta-corrupcion-en-contrato-de-seguridad-con-multinacionales-mineras\/","title":{"rendered":"Asegurados militares en retiro y particulares por presunta corrupci\u00f3n en contrato de seguridad con multinacionales mineras"},"content":{"rendered":"<p>Luego de resolver el recurso de apelaci\u00f3n elevado por la\u00a0<strong>Fiscal\u00eda General de la Naci\u00f3n<\/strong>, el Juzgado 27 Penal del Circuito de Medell\u00edn revoc\u00f3 la medida de aseguramiento no privativa de la libertad e impuso medida de detenci\u00f3n domiciliaria en contra de 6 militares y 5 civiles, investigados por delitos como concierto para delinquir, cohecho propio, cohecho por dar u ofrecer, falsedad material en documento p\u00fablico, peculado por uso y administraci\u00f3n desleal.<\/p>\n<p>La decisi\u00f3n afecta a los coroneles del<strong>\u00a0Ej\u00e9rcito Nacional\u00a0<\/strong>retirados Germ\u00e1n Alfredo Pab\u00f3n Contreras, Roger Arturo Calder\u00f3n Garz\u00f3n, Eunison Leonardo Fonseca Reita, Juan Manuel Ord\u00f3\u00f1ez Vallejo y Luis Eduardo Castillo Arbel\u00e1ez; lo mismo que al coronel activo Elvis Leandro Mej\u00eda Egas, quienes se desempe\u00f1aron como comandantes o jefes de Estado Mayor del Batall\u00f3n Rifles acantonado en el municipio de Caucasia (Antioquia).<\/p>\n<p>Con la misma medida restrictiva de la libertad fueron cobijados los particulares Claudia Marcela Herrera Galvis y Darney de Jes\u00fas Ceballos, quienes se desempe\u00f1aban como representantes legales de dos empresas multinacionales mineras con sede en la capital antioque\u00f1a.<\/p>\n<p>Igual determinaci\u00f3n pesa contra Jhon Fredy Henao zapata, Alirio V\u00e1squez Rodr\u00edguez y Jaime Alberto Ag\u00f3n Camacho, quienes laboraron como jefes de seguridad de las compa\u00f1\u00edas mineras.<\/p>\n<p>De acuerdo con la investigaci\u00f3n adelantada por un fiscal de la Unidad de Delitos contra la Administraci\u00f3n P\u00fablica con el apoyo del\u00a0<strong>Grupo Anticorrupci\u00f3n de la Dij\u00edn ,<\/strong>\u00a0entre mayo de 2015 y junio de 2018, los militares y civiles habr\u00edan suscrito 18 acuerdos de seguridad por una cuant\u00eda de 904 millones de pesos, para brindar protecci\u00f3n a las empresas multinacionales para las labores de exploraci\u00f3n y explotaci\u00f3n minera.<\/p>\n<p>Estas actividades obligaron al traslado de equipos y tropas a diversas zonas de los departamentos de Antioquia y C\u00f3rdoba sin la debida autorizaci\u00f3n del Ministerio de Defensa.<\/p>\n<p>En decisi\u00f3n de primera instancia, el Juzgado 24 Penal Municipal de Medell\u00edn consider\u00f3 que s\u00ed hab\u00eda inferencia razonable de autor\u00eda para un delito de cohecho, pero se abstuvo de imponer medida de aseguramiento en contra de los civiles y militares investigados. \u00a0 El fallador de segunda instancia revoc\u00f3 el fallo inicial y orden\u00f3 la medida restrictiva de la libertad en el domicilio de los investigados, luego de determinar que si se cumpl\u00edan los fines de una detenci\u00f3n preventiva.<\/p>\n<p>La investigaci\u00f3n se adelanta bajo los lineamientos del Fiscal General de la Naci\u00f3n Francisco Barboss Delgado, de combatir la corrupci\u00f3n en las<strong>\u00a0Fuerzas Militares.<\/strong><\/p>\n<p>La Fiscal\u00eda hace p\u00fablica esta informaci\u00f3n por razones de inter\u00e9s general.<\/p>\n<p>LFML\/ AL\/MG<\/p>\n<p><em>La informaci\u00f3n contenida en este bolet\u00edn de prensa corresponde a la narraci\u00f3n de los hechos noticiosos objetivos, suministrados por los funcionarios encargados de adelantar las investigaciones penales al interior de la Fiscal\u00eda General de la Naci\u00f3n. Para el momento de la divulgaci\u00f3n de este comunicado, la situaci\u00f3n jur\u00eddica de la(s) persona(s) relacionada(s) se encuentra pendiente de resolver por la autoridad judicial competente, siempre bajo los preceptos de la presunci\u00f3n de inocencia, consagrados en el art\u00edculo 29 de la Constituci\u00f3n Pol\u00edtica y el art\u00edculo 7\u00ba de la Ley 906 de 2004.<\/em><\/p>\n<p>&nbsp;<\/p>\n\n<div class=\"twitter-share\"><a href=\"https:\/\/twitter.com\/intent\/tweet?via=fiscaliacol\" class=\"twitter-share-button\">Tweet<\/a><\/div>\n","protected":false},"excerpt":{"rendered":"<p>Luego de resolver el recurso de apelaci\u00f3n elevado por la\u00a0Fiscal\u00eda General de la Naci\u00f3n, el Juzgado 27 Penal del Circuito de Medell\u00edn revoc\u00f3 la medida de aseguramiento no privativa de [&hellip;]<\/p>\n","protected":false},"author":171,"featured_media":0,"comment_status":"closed","ping_status":"open","sticky":false,"template":"","format":"standard","meta":{"tdm_status":"","tdm_grid_status":"","footnotes":""},"categories":[24097,331,303],"tags":[9564,430,23965,427,3249,463,26310,21774,4705],"class_list":["post-216067","post","type-post","status-publish","format-standard","category-corrupcion","category-seccional-medellin","category-seccionales","tag-administracion-desleal","tag-cohecho","tag-concusion","tag-corrupcion","tag-dijin","tag-militares","tag-multinacionales-mineras","tag-peculado-por-uso","tag-unidad-de-delitos-contra-la-administracion-publica"],"yoast_head":"<!-- This site is optimized with the Yoast SEO plugin v24.3 - https:\/\/yoast.com\/wordpress\/plugins\/seo\/ -->\n<title>Fiscal\u00eda General de la Naci\u00f3n<\/title>\n<meta name=\"description\" content=\"P\u00e1gina oficial de la Fiscal\u00eda General de la Naci\u00f3n \u2013 Colombia. Garantizamos el acceso efectivo a la justicia, la verdad y la reparaci\u00f3n de las v\u00edctimas de los delitos.\" \/>\n<meta name=\"robots\" content=\"noindex, follow\" \/>\n<meta property=\"og:locale\" content=\"es_ES\" \/>\n<meta property=\"og:type\" content=\"article\" \/>\n<meta property=\"og:title\" content=\"Fiscal\u00eda General de la Naci\u00f3n\" \/>\n<meta property=\"og:description\" content=\"P\u00e1gina oficial de la Fiscal\u00eda General de la Naci\u00f3n \u2013 Colombia. Garantizamos el acceso efectivo a la justicia, la verdad y la reparaci\u00f3n de las v\u00edctimas de los delitos.\" \/>\n<meta property=\"og:url\" content=\"https:\/\/www.fiscalia.gov.co\/colombia\/corrupcion\/asegurados-militares-en-retiro-y-particulares-por-presunta-corrupcion-en-contrato-de-seguridad-con-multinacionales-mineras\/\" \/>\n<meta property=\"og:site_name\" content=\"Fiscal\u00eda General de la Naci\u00f3n\" \/>\n<meta property=\"article:publisher\" content=\"https:\/\/www.facebook.com\/FiscaliaCol\" \/>\n<meta property=\"article:published_time\" content=\"2021-03-18T19:18:55+00:00\" \/>\n<meta property=\"article:modified_time\" content=\"2021-03-18T21:10:51+00:00\" \/>\n<meta name=\"author\" content=\"Ana Mar\u00eda Gomez\" \/>\n<meta name=\"twitter:card\" content=\"summary_large_image\" \/>\n<meta name=\"twitter:creator\" content=\"@FiscaliaCol\" \/>\n<meta name=\"twitter:site\" content=\"@FiscaliaCol\" \/>\n<meta name=\"twitter:label1\" content=\"Escrito por\" \/>\n\t<meta name=\"twitter:data1\" content=\"Ana Mar\u00eda Gomez\" \/>\n\t<meta name=\"twitter:label2\" content=\"Tiempo de lectura\" \/>\n\t<meta name=\"twitter:data2\" content=\"3 minutos\" \/>\n<script type=\"application\/ld+json\" class=\"yoast-schema-graph\">{\"@context\":\"https:\/\/schema.org\",\"@graph\":[{\"@type\":\"Article\",\"@id\":\"https:\/\/www.fiscalia.gov.co\/colombia\/corrupcion\/asegurados-militares-en-retiro-y-particulares-por-presunta-corrupcion-en-contrato-de-seguridad-con-multinacionales-mineras\/#article\",\"isPartOf\":{\"@id\":\"https:\/\/www.fiscalia.gov.co\/colombia\/corrupcion\/asegurados-militares-en-retiro-y-particulares-por-presunta-corrupcion-en-contrato-de-seguridad-con-multinacionales-mineras\/\"},\"author\":{\"name\":\"Ana Mar\u00eda Gomez\",\"@id\":\"https:\/\/www.fiscalia.gov.co\/colombia\/#\/schema\/person\/06aa2210fe4d79203f428ff671dee360\"},\"headline\":\"Asegurados militares en retiro y particulares por presunta corrupci\u00f3n en contrato de seguridad con multinacionales mineras\",\"datePublished\":\"2021-03-18T19:18:55+00:00\",\"dateModified\":\"2021-03-18T21:10:51+00:00\",\"mainEntityOfPage\":{\"@id\":\"https:\/\/www.fiscalia.gov.co\/colombia\/corrupcion\/asegurados-militares-en-retiro-y-particulares-por-presunta-corrupcion-en-contrato-de-seguridad-con-multinacionales-mineras\/\"},\"wordCount\":570,\"publisher\":{\"@id\":\"https:\/\/www.fiscalia.gov.co\/colombia\/#organization\"},\"keywords\":[\"administraci\u00f3n desleal\",\"Cohecho\",\"Concusi\u00f3n\",\"Corrupci\u00f3n\",\"Dijin\",\"Militares\",\"MULTINACIONALES MINERAS.\",\"peculado por uso\",\"Unidad de Delitos contra la Administraci\u00f3n P\u00fablica\"],\"articleSection\":[\"Corrupci\u00f3n\",\"Seccional Medell\u00edn\",\"Seccionales\"],\"inLanguage\":\"es-CO\"},{\"@type\":\"WebPage\",\"@id\":\"https:\/\/www.fiscalia.gov.co\/colombia\/corrupcion\/asegurados-militares-en-retiro-y-particulares-por-presunta-corrupcion-en-contrato-de-seguridad-con-multinacionales-mineras\/\",\"url\":\"https:\/\/www.fiscalia.gov.co\/colombia\/corrupcion\/asegurados-militares-en-retiro-y-particulares-por-presunta-corrupcion-en-contrato-de-seguridad-con-multinacionales-mineras\/\",\"name\":\"Fiscal\u00eda General de la Naci\u00f3n\",\"isPartOf\":{\"@id\":\"https:\/\/www.fiscalia.gov.co\/colombia\/#website\"},\"datePublished\":\"2021-03-18T19:18:55+00:00\",\"dateModified\":\"2021-03-18T21:10:51+00:00\",\"description\":\"P\u00e1gina oficial de la Fiscal\u00eda General de la Naci\u00f3n \u2013 Colombia. Garantizamos el acceso efectivo a la justicia, la verdad y la reparaci\u00f3n de las v\u00edctimas de los delitos.\",\"breadcrumb\":{\"@id\":\"https:\/\/www.fiscalia.gov.co\/colombia\/corrupcion\/asegurados-militares-en-retiro-y-particulares-por-presunta-corrupcion-en-contrato-de-seguridad-con-multinacionales-mineras\/#breadcrumb\"},\"inLanguage\":\"es-CO\",\"potentialAction\":[{\"@type\":\"ReadAction\",\"target\":[\"https:\/\/www.fiscalia.gov.co\/colombia\/corrupcion\/asegurados-militares-en-retiro-y-particulares-por-presunta-corrupcion-en-contrato-de-seguridad-con-multinacionales-mineras\/\"]}]},{\"@type\":\"BreadcrumbList\",\"@id\":\"https:\/\/www.fiscalia.gov.co\/colombia\/corrupcion\/asegurados-militares-en-retiro-y-particulares-por-presunta-corrupcion-en-contrato-de-seguridad-con-multinacionales-mineras\/#breadcrumb\",\"itemListElement\":[{\"@type\":\"ListItem\",\"position\":1,\"name\":\"Home\",\"item\":\"https:\/\/www.fiscalia.gov.co\/colombia\/\"},{\"@type\":\"ListItem\",\"position\":2,\"name\":\"Asegurados militares en retiro y particulares por presunta corrupci\u00f3n en contrato de seguridad con multinacionales mineras\"}]},{\"@type\":\"WebSite\",\"@id\":\"https:\/\/www.fiscalia.gov.co\/colombia\/#website\",\"url\":\"https:\/\/www.fiscalia.gov.co\/colombia\/\",\"name\":\"Fiscal\u00eda General de la Naci\u00f3n\",\"description\":\"P\u00e1gina oficial de la Fiscal\u00eda General de la Naci\u00f3n \u2013 Colombia. Garantizamos el acceso efectivo a la justicia, la verdad y la reparaci\u00f3n de las v\u00edctimas de los delitos.\",\"publisher\":{\"@id\":\"https:\/\/www.fiscalia.gov.co\/colombia\/#organization\"},\"potentialAction\":[{\"@type\":\"SearchAction\",\"target\":{\"@type\":\"EntryPoint\",\"urlTemplate\":\"https:\/\/www.fiscalia.gov.co\/colombia\/?s={search_term_string}\"},\"query-input\":{\"@type\":\"PropertyValueSpecification\",\"valueRequired\":true,\"valueName\":\"search_term_string\"}}],\"inLanguage\":\"es-CO\"},{\"@type\":\"Organization\",\"@id\":\"https:\/\/www.fiscalia.gov.co\/colombia\/#organization\",\"name\":\"Fiscal\u00eda General de la Naci\u00f3n\",\"url\":\"https:\/\/www.fiscalia.gov.co\/colombia\/\",\"logo\":{\"@type\":\"ImageObject\",\"inLanguage\":\"es-CO\",\"@id\":\"https:\/\/www.fiscalia.gov.co\/colombia\/#\/schema\/logo\/image\/\",\"url\":\"https:\/\/www.fiscalia.gov.co\/colombia\/wp-content\/uploads\/LogoHorizontal_1.jpg\",\"contentUrl\":\"https:\/\/www.fiscalia.gov.co\/colombia\/wp-content\/uploads\/LogoHorizontal_1.jpg\",\"width\":300,\"height\":90,\"caption\":\"Fiscal\u00eda General de la Naci\u00f3n\"},\"image\":{\"@id\":\"https:\/\/www.fiscalia.gov.co\/colombia\/#\/schema\/logo\/image\/\"},\"sameAs\":[\"https:\/\/www.facebook.com\/FiscaliaCol\",\"https:\/\/x.com\/FiscaliaCol\",\"https:\/\/www.instagram.com\/fiscaliacol\",\"https:\/\/www.linkedin.com\/company\/fiscalia-general-de-la-naci-n\/\",\"https:\/\/youtube.com\/@fiscaliageneraldelanacion-4668?si=6nN79nyQICPU5iTh\"]},{\"@type\":\"Person\",\"@id\":\"https:\/\/www.fiscalia.gov.co\/colombia\/#\/schema\/person\/06aa2210fe4d79203f428ff671dee360\",\"name\":\"Ana Mar\u00eda Gomez\",\"image\":{\"@type\":\"ImageObject\",\"inLanguage\":\"es-CO\",\"@id\":\"https:\/\/www.fiscalia.gov.co\/colombia\/#\/schema\/person\/image\/\",\"url\":\"https:\/\/secure.gravatar.com\/avatar\/a38115d98a7f8a96cbb96af2b2c37a0b?s=96&d=mm&r=g\",\"contentUrl\":\"https:\/\/secure.gravatar.com\/avatar\/a38115d98a7f8a96cbb96af2b2c37a0b?s=96&d=mm&r=g\",\"caption\":\"Ana Mar\u00eda Gomez\"},\"url\":\"https:\/\/www.fiscalia.gov.co\/colombia\/author\/agomez\/\"}]}<\/script>\n<!-- \/ Yoast SEO plugin. -->","yoast_head_json":{"title":"Fiscal\u00eda General de la Naci\u00f3n","description":"P\u00e1gina oficial de la Fiscal\u00eda General de la Naci\u00f3n \u2013 Colombia. Garantizamos el acceso efectivo a la justicia, la verdad y la reparaci\u00f3n de las v\u00edctimas de los delitos.","robots":{"index":"noindex","follow":"follow"},"og_locale":"es_ES","og_type":"article","og_title":"Fiscal\u00eda General de la Naci\u00f3n","og_description":"P\u00e1gina oficial de la Fiscal\u00eda General de la Naci\u00f3n \u2013 Colombia. Garantizamos el acceso efectivo a la justicia, la verdad y la reparaci\u00f3n de las v\u00edctimas de los delitos.","og_url":"https:\/\/www.fiscalia.gov.co\/colombia\/corrupcion\/asegurados-militares-en-retiro-y-particulares-por-presunta-corrupcion-en-contrato-de-seguridad-con-multinacionales-mineras\/","og_site_name":"Fiscal\u00eda General de la Naci\u00f3n","article_publisher":"https:\/\/www.facebook.com\/FiscaliaCol","article_published_time":"2021-03-18T19:18:55+00:00","article_modified_time":"2021-03-18T21:10:51+00:00","author":"Ana Mar\u00eda Gomez","twitter_card":"summary_large_image","twitter_creator":"@FiscaliaCol","twitter_site":"@FiscaliaCol","twitter_misc":{"Escrito por":"Ana Mar\u00eda Gomez","Tiempo de lectura":"3 minutos"},"schema":{"@context":"https:\/\/schema.org","@graph":[{"@type":"Article","@id":"https:\/\/www.fiscalia.gov.co\/colombia\/corrupcion\/asegurados-militares-en-retiro-y-particulares-por-presunta-corrupcion-en-contrato-de-seguridad-con-multinacionales-mineras\/#article","isPartOf":{"@id":"https:\/\/www.fiscalia.gov.co\/colombia\/corrupcion\/asegurados-militares-en-retiro-y-particulares-por-presunta-corrupcion-en-contrato-de-seguridad-con-multinacionales-mineras\/"},"author":{"name":"Ana Mar\u00eda Gomez","@id":"https:\/\/www.fiscalia.gov.co\/colombia\/#\/schema\/person\/06aa2210fe4d79203f428ff671dee360"},"headline":"Asegurados militares en retiro y particulares por presunta corrupci\u00f3n en contrato de seguridad con multinacionales mineras","datePublished":"2021-03-18T19:18:55+00:00","dateModified":"2021-03-18T21:10:51+00:00","mainEntityOfPage":{"@id":"https:\/\/www.fiscalia.gov.co\/colombia\/corrupcion\/asegurados-militares-en-retiro-y-particulares-por-presunta-corrupcion-en-contrato-de-seguridad-con-multinacionales-mineras\/"},"wordCount":570,"publisher":{"@id":"https:\/\/www.fiscalia.gov.co\/colombia\/#organization"},"keywords":["administraci\u00f3n desleal","Cohecho","Concusi\u00f3n","Corrupci\u00f3n","Dijin","Militares","MULTINACIONALES MINERAS.","peculado por uso","Unidad de Delitos contra la Administraci\u00f3n P\u00fablica"],"articleSection":["Corrupci\u00f3n","Seccional Medell\u00edn","Seccionales"],"inLanguage":"es-CO"},{"@type":"WebPage","@id":"https:\/\/www.fiscalia.gov.co\/colombia\/corrupcion\/asegurados-militares-en-retiro-y-particulares-por-presunta-corrupcion-en-contrato-de-seguridad-con-multinacionales-mineras\/","url":"https:\/\/www.fiscalia.gov.co\/colombia\/corrupcion\/asegurados-militares-en-retiro-y-particulares-por-presunta-corrupcion-en-contrato-de-seguridad-con-multinacionales-mineras\/","name":"Fiscal\u00eda General de la Naci\u00f3n","isPartOf":{"@id":"https:\/\/www.fiscalia.gov.co\/colombia\/#website"},"datePublished":"2021-03-18T19:18:55+00:00","dateModified":"2021-03-18T21:10:51+00:00","description":"P\u00e1gina oficial de la Fiscal\u00eda General de la Naci\u00f3n \u2013 Colombia. Garantizamos el acceso efectivo a la justicia, la verdad y la reparaci\u00f3n de las v\u00edctimas de los delitos.","breadcrumb":{"@id":"https:\/\/www.fiscalia.gov.co\/colombia\/corrupcion\/asegurados-militares-en-retiro-y-particulares-por-presunta-corrupcion-en-contrato-de-seguridad-con-multinacionales-mineras\/#breadcrumb"},"inLanguage":"es-CO","potentialAction":[{"@type":"ReadAction","target":["https:\/\/www.fiscalia.gov.co\/colombia\/corrupcion\/asegurados-militares-en-retiro-y-particulares-por-presunta-corrupcion-en-contrato-de-seguridad-con-multinacionales-mineras\/"]}]},{"@type":"BreadcrumbList","@id":"https:\/\/www.fiscalia.gov.co\/colombia\/corrupcion\/asegurados-militares-en-retiro-y-particulares-por-presunta-corrupcion-en-contrato-de-seguridad-con-multinacionales-mineras\/#breadcrumb","itemListElement":[{"@type":"ListItem","position":1,"name":"Home","item":"https:\/\/www.fiscalia.gov.co\/colombia\/"},{"@type":"ListItem","position":2,"name":"Asegurados militares en retiro y particulares por presunta corrupci\u00f3n en contrato de seguridad con multinacionales mineras"}]},{"@type":"WebSite","@id":"https:\/\/www.fiscalia.gov.co\/colombia\/#website","url":"https:\/\/www.fiscalia.gov.co\/colombia\/","name":"Fiscal\u00eda General de la Naci\u00f3n","description":"P\u00e1gina oficial de la Fiscal\u00eda General de la Naci\u00f3n \u2013 Colombia. Garantizamos el acceso efectivo a la justicia, la verdad y la reparaci\u00f3n de las v\u00edctimas de los delitos.","publisher":{"@id":"https:\/\/www.fiscalia.gov.co\/colombia\/#organization"},"potentialAction":[{"@type":"SearchAction","target":{"@type":"EntryPoint","urlTemplate":"https:\/\/www.fiscalia.gov.co\/colombia\/?s={search_term_string}"},"query-input":{"@type":"PropertyValueSpecification","valueRequired":true,"valueName":"search_term_string"}}],"inLanguage":"es-CO"},{"@type":"Organization","@id":"https:\/\/www.fiscalia.gov.co\/colombia\/#organization","name":"Fiscal\u00eda General de la Naci\u00f3n","url":"https:\/\/www.fiscalia.gov.co\/colombia\/","logo":{"@type":"ImageObject","inLanguage":"es-CO","@id":"https:\/\/www.fiscalia.gov.co\/colombia\/#\/schema\/logo\/image\/","url":"https:\/\/www.fiscalia.gov.co\/colombia\/wp-content\/uploads\/LogoHorizontal_1.jpg","contentUrl":"https:\/\/www.fiscalia.gov.co\/colombia\/wp-content\/uploads\/LogoHorizontal_1.jpg","width":300,"height":90,"caption":"Fiscal\u00eda General de la Naci\u00f3n"},"image":{"@id":"https:\/\/www.fiscalia.gov.co\/colombia\/#\/schema\/logo\/image\/"},"sameAs":["https:\/\/www.facebook.com\/FiscaliaCol","https:\/\/x.com\/FiscaliaCol","https:\/\/www.instagram.com\/fiscaliacol","https:\/\/www.linkedin.com\/company\/fiscalia-general-de-la-naci-n\/","https:\/\/youtube.com\/@fiscaliageneraldelanacion-4668?si=6nN79nyQICPU5iTh"]},{"@type":"Person","@id":"https:\/\/www.fiscalia.gov.co\/colombia\/#\/schema\/person\/06aa2210fe4d79203f428ff671dee360","name":"Ana Mar\u00eda Gomez","image":{"@type":"ImageObject","inLanguage":"es-CO","@id":"https:\/\/www.fiscalia.gov.co\/colombia\/#\/schema\/person\/image\/","url":"https:\/\/secure.gravatar.com\/avatar\/a38115d98a7f8a96cbb96af2b2c37a0b?s=96&d=mm&r=g","contentUrl":"https:\/\/secure.gravatar.com\/avatar\/a38115d98a7f8a96cbb96af2b2c37a0b?s=96&d=mm&r=g","caption":"Ana Mar\u00eda Gomez"},"url":"https:\/\/www.fiscalia.gov.co\/colombia\/author\/agomez\/"}]}},"_links":{"self":[{"href":"https:\/\/www.fiscalia.gov.co\/colombia\/wp-json\/wp\/v2\/posts\/216067","targetHints":{"allow":["GET"]}}],"collection":[{"href":"https:\/\/www.fiscalia.gov.co\/colombia\/wp-json\/wp\/v2\/posts"}],"about":[{"href":"https:\/\/www.fiscalia.gov.co\/colombia\/wp-json\/wp\/v2\/types\/post"}],"author":[{"embeddable":true,"href":"https:\/\/www.fiscalia.gov.co\/colombia\/wp-json\/wp\/v2\/users\/171"}],"replies":[{"embeddable":true,"href":"https:\/\/www.fiscalia.gov.co\/colombia\/wp-json\/wp\/v2\/comments?post=216067"}],"version-history":[{"count":4,"href":"https:\/\/www.fiscalia.gov.co\/colombia\/wp-json\/wp\/v2\/posts\/216067\/revisions"}],"predecessor-version":[{"id":216108,"href":"https:\/\/www.fiscalia.gov.co\/colombia\/wp-json\/wp\/v2\/posts\/216067\/revisions\/216108"}],"wp:attachment":[{"href":"https:\/\/www.fiscalia.gov.co\/colombia\/wp-json\/wp\/v2\/media?parent=216067"}],"wp:term":[{"taxonomy":"category","embeddable":true,"href":"https:\/\/www.fiscalia.gov.co\/colombia\/wp-json\/wp\/v2\/categories?post=216067"},{"taxonomy":"post_tag","embeddable":true,"href":"https:\/\/www.fiscalia.gov.co\/colombia\/wp-json\/wp\/v2\/tags?post=216067"}],"curies":[{"name":"wp","href":"https:\/\/api.w.org\/{rel}","templated":true}]}}