{"id":216012,"date":"2021-03-18T08:11:50","date_gmt":"2021-03-18T13:11:50","guid":{"rendered":"https:\/\/www.fiscalia.gov.co\/colombia\/?p=216012"},"modified":"2021-03-24T16:26:16","modified_gmt":"2021-03-24T21:26:16","slug":"fiscalia-formulo-cargos-a-alias-macaco-por-162-hechos-criminales-que-dejaron-mas-de-250-victimas","status":"publish","type":"post","link":"https:\/\/www.fiscalia.gov.co\/colombia\/derechos-humanos\/fiscalia-formulo-cargos-a-alias-macaco-por-162-hechos-criminales-que-dejaron-mas-de-250-victimas\/","title":{"rendered":"Fiscal\u00eda formul\u00f3 cargos a alias Macaco por 162 hechos criminales que dejaron m\u00e1s de 250 v\u00edctimas"},"content":{"rendered":"<blockquote>\n<h4 style=\"text-align: left;\"><strong><em>Carlos Mario Jim\u00e9nez Naranjo acept\u00f3 su responsabilidad en los hechos que se le atribuyen. Reconoci\u00f3 violencia sexual, homicidios, desplazamientos, desapariciones, torturas y otras conductas il\u00edcitas en las que habr\u00eda participado el Bloque Central Bol\u00edvar de las AUC.<\/em><\/strong><\/h4>\n<\/blockquote>\n<p>Un fiscal de la Direcci\u00f3n Especializada contra las Violaciones a los Derechos Humanos formul\u00f3 cargos a Carlos Mario Jim\u00e9nez Naranjo, alias Macaco, por 162 hechos criminales que se le atribuyen como m\u00e1ximo cabecilla del entonces Bloque Central Bol\u00edvar, de las extintas AUC.<\/p>\n<p>El procesado, por l\u00ednea de mando, acept\u00f3 la totalidad de las conductas que le fueron presentadas en indagatoria cumplida en la c\u00e1rcel La Picota de Bogot\u00e1. En la diligencia participaron el abogado defensor, un delegado especial de la Procuradur\u00eda General de la Naci\u00f3n y representantes de las v\u00edctimas.<\/p>\n<p>En ese sentido, Jim\u00e9nez Naranjo reconoci\u00f3 los delitos de homicidio agravado, homicidio en persona protegida, terrorismo, desplazamiento forzado, desaparici\u00f3n forzada, tortura, secuestro, acceso carnal violento, acceso carnal violento en persona protegida y hurto.<\/p>\n<p>Los cr\u00edmenes investigados por la Fiscal\u00eda ocurrieron entre 2000 y 2004, en 10 departamentos del pa\u00eds (Santander, Putumayo, Risaralda, Caldas, Caquet\u00e1, Bol\u00edvar, Norte de Santander, Nari\u00f1o, Antioquia y Boyac\u00e1). En los mismos estar\u00edan involucradas las diferentes estructuras del Bloque Central Bol\u00edvar y figuran algo m\u00e1s de 250 v\u00edctimas.<\/p>\n<p>Entre los eventos aceptados por alias Macaco hay casos de violencia sexual, como el sucedido entre julio y agosto de 2001, en el sector El Placer, en Valle del Guamuez (Putumayo). Una joven de 19 a\u00f1os, quien trabajaba como mesera en un restaurante, fue agredida sexualmente en varias oportunidades por un grupo de paramilitares, que tambi\u00e9n la habr\u00edan obligado a vincularse a la organizaci\u00f3n. Posteriormente, la mujer escap\u00f3.<\/p>\n<p>Otros hechos son:<\/p>\n<ul>\n<li>Asesinato del periodista Flavio Iv\u00e1n Bedoya Sarria, en abril de 2001, en Tumaco (Nari\u00f1o).<\/li>\n<li>Secuestro, homicidio y desaparici\u00f3n de las hermanas M\u00f3nica, Jenny y Nelsy Gal\u00e1rraga, y otra integrante la misma familia, en enero de 2001, en San Miguel (Putumayo). En este caso tambi\u00e9n fueron desplazadas cuatro personas.<\/li>\n<li>Desplazamiento de familias campesinas que ocupaban la hacienda Las Pavas, en el corregimiento de Buenos Aires de El Pe\u00f1on, sur de Bol\u00edvar.<\/li>\n<\/ul>\n<p>La Fiscal\u00eda resolver\u00e1 la situaci\u00f3n jur\u00eddica de Jim\u00e9nez Naranjo y realizar\u00e1 la terminaci\u00f3n anticipada de la investigaci\u00f3n por aceptaci\u00f3n de cargos. El caso se pondr\u00e1 a consideraci\u00f3n de un juez de Bucaramanga (Santander) para sentencia condenatoria.<\/p>\n<p>La Fiscal\u00eda General de la Naci\u00f3n hace p\u00fablica esta informaci\u00f3n por razones de inter\u00e9s general<\/p>\n<p>JARG\/SGDH\/DJR<\/p>\n<p><strong>La Fiscal\u00eda habla con resultados.<\/strong><\/p>\n<p><i><span lang=\"ES\">La informaci\u00f3n contenida en este bolet\u00edn de prensa corresponde a la narraci\u00f3n de los hechos noticiosos objetivos, suministrados por los funcionarios encargados de adelantar las investigaciones penales al interior de la Fiscal\u00eda General de la Naci\u00f3n. Para el momento de la divulgaci\u00f3n de este comunicado, la situaci\u00f3n jur\u00eddica de la(s) persona(s) relacionada(s) se encuentra pendiente de resolver por la autoridad judicial competente, siempre bajo los preceptos de la presunci\u00f3n de inocencia, consagrados en el art\u00edculo 29 de la Constituci\u00f3n Pol\u00edtica y el art\u00edculo 7\u00ba de la Ley 906 de 2004.<\/span><\/i><span lang=\"ES\">\u00a0<b>\u00a0<\/b>\u00a0\u00a0\u00a0<\/span><\/p>\n\n<div class=\"twitter-share\"><a href=\"https:\/\/twitter.com\/intent\/tweet?via=fiscaliacol\" class=\"twitter-share-button\">Tweet<\/a><\/div>\n","protected":false},"excerpt":{"rendered":"<p>Carlos Mario Jim\u00e9nez Naranjo acept\u00f3 su responsabilidad en los hechos que se le atribuyen. Reconoci\u00f3 violencia sexual, homicidios, desplazamientos, desapariciones, torturas y otras conductas il\u00edcitas en las que habr\u00eda participado el Bloque Central Bol\u00edvar de las AUC. Un fiscal de la Direcci\u00f3n Especializada contra las Violaciones a los Derechos Humanos formul\u00f3 cargos a Carlos Mario [&hellip;]<\/p>\n","protected":false},"author":171,"featured_media":0,"comment_status":"closed","ping_status":"open","sticky":false,"template":"","format":"video","meta":{"tdm_status":"","tdm_grid_status":"","footnotes":""},"categories":[24102],"tags":[24185,4614],"class_list":{"0":"post-216012","1":"post","2":"type-post","3":"status-publish","4":"format-video","6":"category-derechos-humanos","7":"tag-fiscal-barbosa","8":"tag-fiscalia-2","9":"post_format-post-format-video"},"yoast_head":"<!-- This site is optimized with the Yoast SEO plugin v24.3 - https:\/\/yoast.com\/wordpress\/plugins\/seo\/ -->\n<title>Fiscal\u00eda General de la Naci\u00f3n<\/title>\n<meta name=\"description\" content=\"P\u00e1gina oficial de la Fiscal\u00eda General de la Naci\u00f3n \u2013 Colombia. Garantizamos el acceso efectivo a la justicia, la verdad y la reparaci\u00f3n de las v\u00edctimas de los delitos.\" \/>\n<meta name=\"robots\" content=\"noindex, follow\" \/>\n<meta property=\"og:locale\" content=\"es_ES\" \/>\n<meta property=\"og:type\" content=\"article\" \/>\n<meta property=\"og:title\" content=\"Fiscal\u00eda General de la Naci\u00f3n\" \/>\n<meta property=\"og:description\" content=\"P\u00e1gina oficial de la Fiscal\u00eda General de la Naci\u00f3n \u2013 Colombia. Garantizamos el acceso efectivo a la justicia, la verdad y la reparaci\u00f3n de las v\u00edctimas de los delitos.\" \/>\n<meta property=\"og:url\" content=\"https:\/\/www.fiscalia.gov.co\/colombia\/derechos-humanos\/fiscalia-formulo-cargos-a-alias-macaco-por-162-hechos-criminales-que-dejaron-mas-de-250-victimas\/\" \/>\n<meta property=\"og:site_name\" content=\"Fiscal\u00eda General de la Naci\u00f3n\" \/>\n<meta property=\"article:publisher\" content=\"https:\/\/www.facebook.com\/FiscaliaCol\" \/>\n<meta property=\"article:published_time\" content=\"2021-03-18T13:11:50+00:00\" \/>\n<meta property=\"article:modified_time\" content=\"2021-03-24T21:26:16+00:00\" \/>\n<meta name=\"author\" content=\"Ana Mar\u00eda Gomez\" \/>\n<meta name=\"twitter:card\" content=\"summary_large_image\" \/>\n<meta name=\"twitter:creator\" content=\"@FiscaliaCol\" \/>\n<meta name=\"twitter:site\" content=\"@FiscaliaCol\" \/>\n<meta name=\"twitter:label1\" content=\"Escrito por\" \/>\n\t<meta name=\"twitter:data1\" content=\"Ana Mar\u00eda Gomez\" \/>\n\t<meta name=\"twitter:label2\" content=\"Tiempo de lectura\" \/>\n\t<meta name=\"twitter:data2\" content=\"3 minutos\" \/>\n<script type=\"application\/ld+json\" class=\"yoast-schema-graph\">{\"@context\":\"https:\/\/schema.org\",\"@graph\":[{\"@type\":\"Article\",\"@id\":\"https:\/\/www.fiscalia.gov.co\/colombia\/derechos-humanos\/fiscalia-formulo-cargos-a-alias-macaco-por-162-hechos-criminales-que-dejaron-mas-de-250-victimas\/#article\",\"isPartOf\":{\"@id\":\"https:\/\/www.fiscalia.gov.co\/colombia\/derechos-humanos\/fiscalia-formulo-cargos-a-alias-macaco-por-162-hechos-criminales-que-dejaron-mas-de-250-victimas\/\"},\"author\":{\"name\":\"Ana Mar\u00eda Gomez\",\"@id\":\"https:\/\/www.fiscalia.gov.co\/colombia\/#\/schema\/person\/06aa2210fe4d79203f428ff671dee360\"},\"headline\":\"Fiscal\u00eda formul\u00f3 cargos a alias Macaco por 162 hechos criminales que dejaron m\u00e1s de 250 v\u00edctimas\",\"datePublished\":\"2021-03-18T13:11:50+00:00\",\"dateModified\":\"2021-03-24T21:26:16+00:00\",\"mainEntityOfPage\":{\"@id\":\"https:\/\/www.fiscalia.gov.co\/colombia\/derechos-humanos\/fiscalia-formulo-cargos-a-alias-macaco-por-162-hechos-criminales-que-dejaron-mas-de-250-victimas\/\"},\"wordCount\":568,\"publisher\":{\"@id\":\"https:\/\/www.fiscalia.gov.co\/colombia\/#organization\"},\"keywords\":[\"Fiscal Barbosa\",\"Fiscal\u00eda\"],\"articleSection\":[\"Derechos Humanos\"],\"inLanguage\":\"es-CO\"},{\"@type\":\"WebPage\",\"@id\":\"https:\/\/www.fiscalia.gov.co\/colombia\/derechos-humanos\/fiscalia-formulo-cargos-a-alias-macaco-por-162-hechos-criminales-que-dejaron-mas-de-250-victimas\/\",\"url\":\"https:\/\/www.fiscalia.gov.co\/colombia\/derechos-humanos\/fiscalia-formulo-cargos-a-alias-macaco-por-162-hechos-criminales-que-dejaron-mas-de-250-victimas\/\",\"name\":\"Fiscal\u00eda General de la Naci\u00f3n\",\"isPartOf\":{\"@id\":\"https:\/\/www.fiscalia.gov.co\/colombia\/#website\"},\"datePublished\":\"2021-03-18T13:11:50+00:00\",\"dateModified\":\"2021-03-24T21:26:16+00:00\",\"description\":\"P\u00e1gina oficial de la Fiscal\u00eda General de la Naci\u00f3n \u2013 Colombia. Garantizamos el acceso efectivo a la justicia, la verdad y la reparaci\u00f3n de las v\u00edctimas de los delitos.\",\"breadcrumb\":{\"@id\":\"https:\/\/www.fiscalia.gov.co\/colombia\/derechos-humanos\/fiscalia-formulo-cargos-a-alias-macaco-por-162-hechos-criminales-que-dejaron-mas-de-250-victimas\/#breadcrumb\"},\"inLanguage\":\"es-CO\",\"potentialAction\":[{\"@type\":\"ReadAction\",\"target\":[\"https:\/\/www.fiscalia.gov.co\/colombia\/derechos-humanos\/fiscalia-formulo-cargos-a-alias-macaco-por-162-hechos-criminales-que-dejaron-mas-de-250-victimas\/\"]}]},{\"@type\":\"BreadcrumbList\",\"@id\":\"https:\/\/www.fiscalia.gov.co\/colombia\/derechos-humanos\/fiscalia-formulo-cargos-a-alias-macaco-por-162-hechos-criminales-que-dejaron-mas-de-250-victimas\/#breadcrumb\",\"itemListElement\":[{\"@type\":\"ListItem\",\"position\":1,\"name\":\"Home\",\"item\":\"https:\/\/www.fiscalia.gov.co\/colombia\/\"},{\"@type\":\"ListItem\",\"position\":2,\"name\":\"Fiscal\u00eda formul\u00f3 cargos a alias Macaco por 162 hechos criminales que dejaron m\u00e1s de 250 v\u00edctimas\"}]},{\"@type\":\"WebSite\",\"@id\":\"https:\/\/www.fiscalia.gov.co\/colombia\/#website\",\"url\":\"https:\/\/www.fiscalia.gov.co\/colombia\/\",\"name\":\"Fiscal\u00eda General de la Naci\u00f3n\",\"description\":\"P\u00e1gina oficial de la Fiscal\u00eda General de la Naci\u00f3n \u2013 Colombia. Garantizamos el acceso efectivo a la justicia, la verdad y la reparaci\u00f3n de las v\u00edctimas de los delitos.\",\"publisher\":{\"@id\":\"https:\/\/www.fiscalia.gov.co\/colombia\/#organization\"},\"potentialAction\":[{\"@type\":\"SearchAction\",\"target\":{\"@type\":\"EntryPoint\",\"urlTemplate\":\"https:\/\/www.fiscalia.gov.co\/colombia\/?s={search_term_string}\"},\"query-input\":{\"@type\":\"PropertyValueSpecification\",\"valueRequired\":true,\"valueName\":\"search_term_string\"}}],\"inLanguage\":\"es-CO\"},{\"@type\":\"Organization\",\"@id\":\"https:\/\/www.fiscalia.gov.co\/colombia\/#organization\",\"name\":\"Fiscal\u00eda General de la Naci\u00f3n\",\"url\":\"https:\/\/www.fiscalia.gov.co\/colombia\/\",\"logo\":{\"@type\":\"ImageObject\",\"inLanguage\":\"es-CO\",\"@id\":\"https:\/\/www.fiscalia.gov.co\/colombia\/#\/schema\/logo\/image\/\",\"url\":\"https:\/\/www.fiscalia.gov.co\/colombia\/wp-content\/uploads\/LogoHorizontal_1.jpg\",\"contentUrl\":\"https:\/\/www.fiscalia.gov.co\/colombia\/wp-content\/uploads\/LogoHorizontal_1.jpg\",\"width\":300,\"height\":90,\"caption\":\"Fiscal\u00eda General de la Naci\u00f3n\"},\"image\":{\"@id\":\"https:\/\/www.fiscalia.gov.co\/colombia\/#\/schema\/logo\/image\/\"},\"sameAs\":[\"https:\/\/www.facebook.com\/FiscaliaCol\",\"https:\/\/x.com\/FiscaliaCol\",\"https:\/\/www.instagram.com\/fiscaliacol\",\"https:\/\/www.linkedin.com\/company\/fiscalia-general-de-la-naci-n\/\",\"https:\/\/youtube.com\/@fiscaliageneraldelanacion-4668?si=6nN79nyQICPU5iTh\"]},{\"@type\":\"Person\",\"@id\":\"https:\/\/www.fiscalia.gov.co\/colombia\/#\/schema\/person\/06aa2210fe4d79203f428ff671dee360\",\"name\":\"Ana Mar\u00eda Gomez\",\"image\":{\"@type\":\"ImageObject\",\"inLanguage\":\"es-CO\",\"@id\":\"https:\/\/www.fiscalia.gov.co\/colombia\/#\/schema\/person\/image\/\",\"url\":\"https:\/\/secure.gravatar.com\/avatar\/a38115d98a7f8a96cbb96af2b2c37a0b?s=96&d=mm&r=g\",\"contentUrl\":\"https:\/\/secure.gravatar.com\/avatar\/a38115d98a7f8a96cbb96af2b2c37a0b?s=96&d=mm&r=g\",\"caption\":\"Ana Mar\u00eda Gomez\"},\"url\":\"https:\/\/www.fiscalia.gov.co\/colombia\/author\/agomez\/\"}]}<\/script>\n<!-- \/ Yoast SEO plugin. -->","yoast_head_json":{"title":"Fiscal\u00eda General de la Naci\u00f3n","description":"P\u00e1gina oficial de la Fiscal\u00eda General de la Naci\u00f3n \u2013 Colombia. Garantizamos el acceso efectivo a la justicia, la verdad y la reparaci\u00f3n de las v\u00edctimas de los delitos.","robots":{"index":"noindex","follow":"follow"},"og_locale":"es_ES","og_type":"article","og_title":"Fiscal\u00eda General de la Naci\u00f3n","og_description":"P\u00e1gina oficial de la Fiscal\u00eda General de la Naci\u00f3n \u2013 Colombia. Garantizamos el acceso efectivo a la justicia, la verdad y la reparaci\u00f3n de las v\u00edctimas de los delitos.","og_url":"https:\/\/www.fiscalia.gov.co\/colombia\/derechos-humanos\/fiscalia-formulo-cargos-a-alias-macaco-por-162-hechos-criminales-que-dejaron-mas-de-250-victimas\/","og_site_name":"Fiscal\u00eda General de la Naci\u00f3n","article_publisher":"https:\/\/www.facebook.com\/FiscaliaCol","article_published_time":"2021-03-18T13:11:50+00:00","article_modified_time":"2021-03-24T21:26:16+00:00","author":"Ana Mar\u00eda Gomez","twitter_card":"summary_large_image","twitter_creator":"@FiscaliaCol","twitter_site":"@FiscaliaCol","twitter_misc":{"Escrito por":"Ana Mar\u00eda Gomez","Tiempo de lectura":"3 minutos"},"schema":{"@context":"https:\/\/schema.org","@graph":[{"@type":"Article","@id":"https:\/\/www.fiscalia.gov.co\/colombia\/derechos-humanos\/fiscalia-formulo-cargos-a-alias-macaco-por-162-hechos-criminales-que-dejaron-mas-de-250-victimas\/#article","isPartOf":{"@id":"https:\/\/www.fiscalia.gov.co\/colombia\/derechos-humanos\/fiscalia-formulo-cargos-a-alias-macaco-por-162-hechos-criminales-que-dejaron-mas-de-250-victimas\/"},"author":{"name":"Ana Mar\u00eda Gomez","@id":"https:\/\/www.fiscalia.gov.co\/colombia\/#\/schema\/person\/06aa2210fe4d79203f428ff671dee360"},"headline":"Fiscal\u00eda formul\u00f3 cargos a alias Macaco por 162 hechos criminales que dejaron m\u00e1s de 250 v\u00edctimas","datePublished":"2021-03-18T13:11:50+00:00","dateModified":"2021-03-24T21:26:16+00:00","mainEntityOfPage":{"@id":"https:\/\/www.fiscalia.gov.co\/colombia\/derechos-humanos\/fiscalia-formulo-cargos-a-alias-macaco-por-162-hechos-criminales-que-dejaron-mas-de-250-victimas\/"},"wordCount":568,"publisher":{"@id":"https:\/\/www.fiscalia.gov.co\/colombia\/#organization"},"keywords":["Fiscal Barbosa","Fiscal\u00eda"],"articleSection":["Derechos Humanos"],"inLanguage":"es-CO"},{"@type":"WebPage","@id":"https:\/\/www.fiscalia.gov.co\/colombia\/derechos-humanos\/fiscalia-formulo-cargos-a-alias-macaco-por-162-hechos-criminales-que-dejaron-mas-de-250-victimas\/","url":"https:\/\/www.fiscalia.gov.co\/colombia\/derechos-humanos\/fiscalia-formulo-cargos-a-alias-macaco-por-162-hechos-criminales-que-dejaron-mas-de-250-victimas\/","name":"Fiscal\u00eda General de la Naci\u00f3n","isPartOf":{"@id":"https:\/\/www.fiscalia.gov.co\/colombia\/#website"},"datePublished":"2021-03-18T13:11:50+00:00","dateModified":"2021-03-24T21:26:16+00:00","description":"P\u00e1gina oficial de la Fiscal\u00eda General de la Naci\u00f3n \u2013 Colombia. Garantizamos el acceso efectivo a la justicia, la verdad y la reparaci\u00f3n de las v\u00edctimas de los delitos.","breadcrumb":{"@id":"https:\/\/www.fiscalia.gov.co\/colombia\/derechos-humanos\/fiscalia-formulo-cargos-a-alias-macaco-por-162-hechos-criminales-que-dejaron-mas-de-250-victimas\/#breadcrumb"},"inLanguage":"es-CO","potentialAction":[{"@type":"ReadAction","target":["https:\/\/www.fiscalia.gov.co\/colombia\/derechos-humanos\/fiscalia-formulo-cargos-a-alias-macaco-por-162-hechos-criminales-que-dejaron-mas-de-250-victimas\/"]}]},{"@type":"BreadcrumbList","@id":"https:\/\/www.fiscalia.gov.co\/colombia\/derechos-humanos\/fiscalia-formulo-cargos-a-alias-macaco-por-162-hechos-criminales-que-dejaron-mas-de-250-victimas\/#breadcrumb","itemListElement":[{"@type":"ListItem","position":1,"name":"Home","item":"https:\/\/www.fiscalia.gov.co\/colombia\/"},{"@type":"ListItem","position":2,"name":"Fiscal\u00eda formul\u00f3 cargos a alias Macaco por 162 hechos criminales que dejaron m\u00e1s de 250 v\u00edctimas"}]},{"@type":"WebSite","@id":"https:\/\/www.fiscalia.gov.co\/colombia\/#website","url":"https:\/\/www.fiscalia.gov.co\/colombia\/","name":"Fiscal\u00eda General de la Naci\u00f3n","description":"P\u00e1gina oficial de la Fiscal\u00eda General de la Naci\u00f3n \u2013 Colombia. Garantizamos el acceso efectivo a la justicia, la verdad y la reparaci\u00f3n de las v\u00edctimas de los delitos.","publisher":{"@id":"https:\/\/www.fiscalia.gov.co\/colombia\/#organization"},"potentialAction":[{"@type":"SearchAction","target":{"@type":"EntryPoint","urlTemplate":"https:\/\/www.fiscalia.gov.co\/colombia\/?s={search_term_string}"},"query-input":{"@type":"PropertyValueSpecification","valueRequired":true,"valueName":"search_term_string"}}],"inLanguage":"es-CO"},{"@type":"Organization","@id":"https:\/\/www.fiscalia.gov.co\/colombia\/#organization","name":"Fiscal\u00eda General de la Naci\u00f3n","url":"https:\/\/www.fiscalia.gov.co\/colombia\/","logo":{"@type":"ImageObject","inLanguage":"es-CO","@id":"https:\/\/www.fiscalia.gov.co\/colombia\/#\/schema\/logo\/image\/","url":"https:\/\/www.fiscalia.gov.co\/colombia\/wp-content\/uploads\/LogoHorizontal_1.jpg","contentUrl":"https:\/\/www.fiscalia.gov.co\/colombia\/wp-content\/uploads\/LogoHorizontal_1.jpg","width":300,"height":90,"caption":"Fiscal\u00eda General de la Naci\u00f3n"},"image":{"@id":"https:\/\/www.fiscalia.gov.co\/colombia\/#\/schema\/logo\/image\/"},"sameAs":["https:\/\/www.facebook.com\/FiscaliaCol","https:\/\/x.com\/FiscaliaCol","https:\/\/www.instagram.com\/fiscaliacol","https:\/\/www.linkedin.com\/company\/fiscalia-general-de-la-naci-n\/","https:\/\/youtube.com\/@fiscaliageneraldelanacion-4668?si=6nN79nyQICPU5iTh"]},{"@type":"Person","@id":"https:\/\/www.fiscalia.gov.co\/colombia\/#\/schema\/person\/06aa2210fe4d79203f428ff671dee360","name":"Ana Mar\u00eda Gomez","image":{"@type":"ImageObject","inLanguage":"es-CO","@id":"https:\/\/www.fiscalia.gov.co\/colombia\/#\/schema\/person\/image\/","url":"https:\/\/secure.gravatar.com\/avatar\/a38115d98a7f8a96cbb96af2b2c37a0b?s=96&d=mm&r=g","contentUrl":"https:\/\/secure.gravatar.com\/avatar\/a38115d98a7f8a96cbb96af2b2c37a0b?s=96&d=mm&r=g","caption":"Ana Mar\u00eda Gomez"},"url":"https:\/\/www.fiscalia.gov.co\/colombia\/author\/agomez\/"}]}},"_links":{"self":[{"href":"https:\/\/www.fiscalia.gov.co\/colombia\/wp-json\/wp\/v2\/posts\/216012","targetHints":{"allow":["GET"]}}],"collection":[{"href":"https:\/\/www.fiscalia.gov.co\/colombia\/wp-json\/wp\/v2\/posts"}],"about":[{"href":"https:\/\/www.fiscalia.gov.co\/colombia\/wp-json\/wp\/v2\/types\/post"}],"author":[{"embeddable":true,"href":"https:\/\/www.fiscalia.gov.co\/colombia\/wp-json\/wp\/v2\/users\/171"}],"replies":[{"embeddable":true,"href":"https:\/\/www.fiscalia.gov.co\/colombia\/wp-json\/wp\/v2\/comments?post=216012"}],"version-history":[{"count":2,"href":"https:\/\/www.fiscalia.gov.co\/colombia\/wp-json\/wp\/v2\/posts\/216012\/revisions"}],"predecessor-version":[{"id":216014,"href":"https:\/\/www.fiscalia.gov.co\/colombia\/wp-json\/wp\/v2\/posts\/216012\/revisions\/216014"}],"wp:attachment":[{"href":"https:\/\/www.fiscalia.gov.co\/colombia\/wp-json\/wp\/v2\/media?parent=216012"}],"wp:term":[{"taxonomy":"category","embeddable":true,"href":"https:\/\/www.fiscalia.gov.co\/colombia\/wp-json\/wp\/v2\/categories?post=216012"},{"taxonomy":"post_tag","embeddable":true,"href":"https:\/\/www.fiscalia.gov.co\/colombia\/wp-json\/wp\/v2\/tags?post=216012"}],"curies":[{"name":"wp","href":"https:\/\/api.w.org\/{rel}","templated":true}]}}