{"id":215941,"date":"2021-03-17T08:01:57","date_gmt":"2021-03-17T13:01:57","guid":{"rendered":"https:\/\/www.fiscalia.gov.co\/colombia\/?p=215941"},"modified":"2021-03-17T08:01:57","modified_gmt":"2021-03-17T13:01:57","slug":"judicializado-alias-pajaro-presunto-disidente-que-habria-asesinado-a-un-defensor-de-derechos-humanos-en-bolivar","status":"publish","type":"post","link":"https:\/\/www.fiscalia.gov.co\/colombia\/defensores\/judicializado-alias-pajaro-presunto-disidente-que-habria-asesinado-a-un-defensor-de-derechos-humanos-en-bolivar\/","title":{"rendered":"Judicializado alias P\u00e1jaro, presunto disidente que habr\u00eda asesinado a un defensor de derechos humanos en Bol\u00edvar"},"content":{"rendered":"<div>\n<blockquote>\n<h4 class=\"x_MsoNormal\" style=\"text-align: left;\"><strong><i><span lang=\"ES\">Las investigaciones dan cuenta de que el hombre estar\u00eda vinculado a otras acciones criminales.\u00a0<\/span><\/i><\/strong><\/h4>\n<\/blockquote>\n<p class=\"x_MsoNormal\"><span lang=\"ES\">Como parte del proyecto investigativo Sur de Bol\u00edvar, con el que se busca el esclarecimiento de los cr\u00edmenes contra defensores de derechos humanos en esta zona del pa\u00eds, un fiscal de la Unidad Especial de Investigaci\u00f3n (UEI) judicializ\u00f3 a Dub\u00e1n Daniel Hern\u00e1ndez Mart\u00ednez,\u00a0<b>alias P\u00e1jaro<\/b>\u00a0o Pajarito, por su presunta responsabilidad en el asesinato del\u00a0<b>l\u00edder social V\u00edctor Trujillo Trujillo<\/b>, ocurrido el 15 de enero de 2019, en la vereda Puerto Guamo de<b>\u00a0Montecristo (Bol\u00edvar).\u00a0<\/b><\/span><\/p>\n<p class=\"x_MsoNormal\"><span lang=\"ES\">Alias P\u00e1jaro, supuesto disidente de las Farc, fue capturado por el\u00a0<b>Cuerpo \u00c9lite de la Dij\u00edn de la Polic\u00eda Nacional,<\/b>\u00a0con apoyo de la\u00a0<b>Fuerza de Tarea Conjunta Marte del Ej\u00e9rcito Nacional<\/b>. Ante un juez de control de garant\u00edas, la Fiscal\u00eda le imput\u00f3 los delitos de\u00a0<b>homicidio en persona protegida<\/b>\u00a0y\u00a0<b>rebeli\u00f3n.\u00a0<\/b><\/span><\/p>\n<p class=\"x_MsoNormal\"><span lang=\"ES\">En las verificaciones se constat\u00f3 que contra Hern\u00e1ndez Mart\u00ednez pesaba otra orden de captura por homicidio agravado, concierto para delinquir agravado; y fabricaci\u00f3n, tr\u00e1fico, porte o tenencia de armas de fuego accesorios, partes o municiones. El requerimiento est\u00e1 relacionado con hechos sucedidos el pasado 15 de febrero, en el parque principal de Santa Rosa del Sur (Bol\u00edvar). Alias Pajarito y otros supuestos disidentes, al parecer, asesinaron a un hombre porque, aparentemente, habr\u00eda participado en el crimen de una reincorporada de las Farc. <\/span><span lang=\"ES\">\u00a0<\/span><\/p>\n<p class=\"x_MsoNormal\"><span lang=\"ES\">En este proceso, el Juzgado Cuarto Penal Municipal, con funci\u00f3n de control de garant\u00edas de Medell\u00edn (Antioquia), acogi\u00f3 la petici\u00f3n del fiscal de la Unidad Especial de Investigaci\u00f3n y le impuso a alias P\u00e1jaro medida de aseguramiento en centro carcelario. Por estos mismos hechos y delitos, tambi\u00e9n fue asegurado Elder Jos\u00e9 C\u00e1rdenas Gaviria,\u00a0<b>alias Parcerito<\/b>.\u00a0<\/span><\/p>\n<p class=\"x_MsoNormal\"><span lang=\"ES\">Estos resultados obedecen a la estrategia de investigaci\u00f3n y judicializaci\u00f3n por afectaciones a defensores de derechos humanos, l\u00edderes sociales y reincorporados, definida por el Fiscal General de la Naci\u00f3n, Francisco Barbosa Delgado. \u00a0<\/span><\/p>\n<p class=\"x_MsoNormal\"><span lang=\"ES\">Esta informaci\u00f3n se publica por razones de inter\u00e9s general.\u00a0<\/span><\/p>\n<p class=\"x_MsoNormal\" align=\"center\"><b><span lang=\"ES\">La Fiscal\u00eda General de la Naci\u00f3n habla con resultados.\u00a0<\/span><\/b><\/p>\n<p class=\"x_MsoNormal\"><span lang=\"ES\">DLBM\/HC<\/span><span lang=\"ES\">\/JARG<\/span><span lang=\"ES-TRAD\">\u00a0<\/span><\/p>\n<\/div>\n<div>\n<div>\n<div><i><span lang=\"ES\">La informaci\u00f3n contenida en este bolet\u00edn de prensa corresponde a la narraci\u00f3n de los hechos noticiosos objetivos, suministrados por los funcionarios encargados de adelantar las investigaciones penales al interior de la Fiscal\u00eda General de la Naci\u00f3n. Para el momento de la divulgaci\u00f3n de este comunicado, la situaci\u00f3n jur\u00eddica de la(s) persona(s) relacionada(s) se encuentra pendiente de resolver por la autoridad judicial competente, siempre bajo los preceptos de la presunci\u00f3n de inocencia, consagrados en el art\u00edculo 29 de la Constituci\u00f3n Pol\u00edtica y el art\u00edculo 7\u00ba de la Ley 906 de 2004.<\/span><\/i><span lang=\"ES-CO\">\u00a0<\/span><\/div>\n<div><\/div>\n<div>Le puede interesar:<\/p>\n<p class=\"x_x_MsoNoSpacing\"><span lang=\"ES\"><a href=\"https:\/\/www.fiscalia.gov.co\/colombia\/seccionales\/carcel-para-alias-el-horrible-senalado-como-presunto-autor-del-homicidio-de-un-lider-juvenil\/\" target=\"_blank\" rel=\"noopener noreferrer\">C\u00e1rcel para alias el Horrible, se\u00f1alado como presunto autor del homicidio de un l\u00edder juvenil<\/a>\u00a0<\/span><\/p>\n<\/div>\n<\/div>\n<\/div>\n\n<div class=\"twitter-share\"><a href=\"https:\/\/twitter.com\/intent\/tweet?via=fiscaliacol\" class=\"twitter-share-button\">Tweet<\/a><\/div>\n","protected":false},"excerpt":{"rendered":"<p>Las investigaciones dan cuenta de que el hombre estar\u00eda vinculado a otras acciones criminales.\u00a0 Como parte del proyecto investigativo Sur de Bol\u00edvar, con el que se busca el esclarecimiento de los cr\u00edmenes contra defensores de derechos humanos en esta zona del pa\u00eds, un fiscal de la Unidad Especial de Investigaci\u00f3n (UEI) judicializ\u00f3 a Dub\u00e1n Daniel [&hellip;]<\/p>\n","protected":false},"author":171,"featured_media":0,"comment_status":"closed","ping_status":"open","sticky":false,"template":"","format":"standard","meta":{"_price":"","_stock":"","_tribe_ticket_header":"","_tribe_default_ticket_provider":"","_tribe_ticket_capacity":"0","_ticket_start_date":"","_ticket_end_date":"","_tribe_ticket_show_description":"","_tribe_ticket_show_not_going":false,"_tribe_ticket_use_global_stock":"","_tribe_ticket_global_stock_level":"","_global_stock_mode":"","_global_stock_cap":"","_tribe_rsvp_for_event":"","_tribe_ticket_going_count":"","_tribe_ticket_not_going_count":"","_tribe_tickets_list":"[]","_tribe_ticket_has_attendee_info_fields":false,"tdm_status":"","tdm_grid_status":"","footnotes":""},"categories":[24176],"tags":[1050,24287,24305,24187,1047,7716,26290,24449,24900],"class_list":{"0":"post-215941","1":"post","2":"type-post","3":"status-publish","4":"format-standard","6":"category-defensores","7":"tag-derechoa-humanos","8":"tag-disidencias-farc","9":"tag-fiscal-general-francisco-barbosa","10":"tag-fiscalia-colombia","11":"tag-fiscalia-general-de-la-nacion","12":"tag-homicidio-de-lider","13":"tag-lider-social-victor-trujillo","14":"tag-reincorporados","15":"tag-sur-de-bolivar"},"yoast_head":"<!-- This site is optimized with the Yoast SEO plugin v24.3 - https:\/\/yoast.com\/wordpress\/plugins\/seo\/ -->\n<title>Fiscal\u00eda General de la Naci\u00f3n<\/title>\n<meta name=\"description\" content=\"P\u00e1gina oficial de la Fiscal\u00eda General de la Naci\u00f3n \u2013 Colombia. Garantizamos el acceso efectivo a la justicia, la verdad y la reparaci\u00f3n de las v\u00edctimas de los delitos.\" \/>\n<meta name=\"robots\" content=\"noindex, follow\" \/>\n<meta property=\"og:locale\" content=\"es_ES\" \/>\n<meta property=\"og:type\" content=\"article\" \/>\n<meta property=\"og:title\" content=\"Fiscal\u00eda General de la Naci\u00f3n\" \/>\n<meta property=\"og:description\" content=\"P\u00e1gina oficial de la Fiscal\u00eda General de la Naci\u00f3n \u2013 Colombia. Garantizamos el acceso efectivo a la justicia, la verdad y la reparaci\u00f3n de las v\u00edctimas de los delitos.\" \/>\n<meta property=\"og:url\" content=\"https:\/\/www.fiscalia.gov.co\/colombia\/defensores\/judicializado-alias-pajaro-presunto-disidente-que-habria-asesinado-a-un-defensor-de-derechos-humanos-en-bolivar\/\" \/>\n<meta property=\"og:site_name\" content=\"Fiscal\u00eda General de la Naci\u00f3n\" \/>\n<meta property=\"article:publisher\" content=\"https:\/\/www.facebook.com\/FiscaliaCol\" \/>\n<meta property=\"article:published_time\" content=\"2021-03-17T13:01:57+00:00\" \/>\n<meta name=\"author\" content=\"Ana Mar\u00eda Gomez\" \/>\n<meta name=\"twitter:card\" content=\"summary_large_image\" \/>\n<meta name=\"twitter:creator\" content=\"@FiscaliaCol\" \/>\n<meta name=\"twitter:site\" content=\"@FiscaliaCol\" \/>\n<meta name=\"twitter:label1\" content=\"Escrito por\" \/>\n\t<meta name=\"twitter:data1\" content=\"Ana Mar\u00eda Gomez\" \/>\n\t<meta name=\"twitter:label2\" content=\"Tiempo de lectura\" \/>\n\t<meta name=\"twitter:data2\" content=\"2 minutos\" \/>\n<script type=\"application\/ld+json\" class=\"yoast-schema-graph\">{\"@context\":\"https:\/\/schema.org\",\"@graph\":[{\"@type\":\"Article\",\"@id\":\"https:\/\/www.fiscalia.gov.co\/colombia\/defensores\/judicializado-alias-pajaro-presunto-disidente-que-habria-asesinado-a-un-defensor-de-derechos-humanos-en-bolivar\/#article\",\"isPartOf\":{\"@id\":\"https:\/\/www.fiscalia.gov.co\/colombia\/defensores\/judicializado-alias-pajaro-presunto-disidente-que-habria-asesinado-a-un-defensor-de-derechos-humanos-en-bolivar\/\"},\"author\":{\"name\":\"Ana Mar\u00eda Gomez\",\"@id\":\"https:\/\/www.fiscalia.gov.co\/colombia\/#\/schema\/person\/06aa2210fe4d79203f428ff671dee360\"},\"headline\":\"Judicializado alias P\u00e1jaro, presunto disidente que habr\u00eda asesinado a un defensor de derechos humanos en Bol\u00edvar\",\"datePublished\":\"2021-03-17T13:01:57+00:00\",\"dateModified\":\"2021-03-17T13:01:57+00:00\",\"mainEntityOfPage\":{\"@id\":\"https:\/\/www.fiscalia.gov.co\/colombia\/defensores\/judicializado-alias-pajaro-presunto-disidente-que-habria-asesinado-a-un-defensor-de-derechos-humanos-en-bolivar\/\"},\"wordCount\":511,\"publisher\":{\"@id\":\"https:\/\/www.fiscalia.gov.co\/colombia\/#organization\"},\"keywords\":[\"Derechos Humanos\",\"disidencias Farc\",\"Fiscal General Francisco Barbosa\",\"Fiscal\u00eda Colombia\",\"Fiscal\u00eda General de la Naci\u00f3n\",\"Homicidio de l\u00edder\",\"l\u00edder social V\u00edctor Trujillo\",\"reincorporados\",\"Sur de Bol\u00edvar\"],\"articleSection\":[\"Defensores\"],\"inLanguage\":\"es-CO\"},{\"@type\":\"WebPage\",\"@id\":\"https:\/\/www.fiscalia.gov.co\/colombia\/defensores\/judicializado-alias-pajaro-presunto-disidente-que-habria-asesinado-a-un-defensor-de-derechos-humanos-en-bolivar\/\",\"url\":\"https:\/\/www.fiscalia.gov.co\/colombia\/defensores\/judicializado-alias-pajaro-presunto-disidente-que-habria-asesinado-a-un-defensor-de-derechos-humanos-en-bolivar\/\",\"name\":\"Fiscal\u00eda General de la Naci\u00f3n\",\"isPartOf\":{\"@id\":\"https:\/\/www.fiscalia.gov.co\/colombia\/#website\"},\"datePublished\":\"2021-03-17T13:01:57+00:00\",\"dateModified\":\"2021-03-17T13:01:57+00:00\",\"description\":\"P\u00e1gina oficial de la Fiscal\u00eda General de la Naci\u00f3n \u2013 Colombia. Garantizamos el acceso efectivo a la justicia, la verdad y la reparaci\u00f3n de las v\u00edctimas de los delitos.\",\"breadcrumb\":{\"@id\":\"https:\/\/www.fiscalia.gov.co\/colombia\/defensores\/judicializado-alias-pajaro-presunto-disidente-que-habria-asesinado-a-un-defensor-de-derechos-humanos-en-bolivar\/#breadcrumb\"},\"inLanguage\":\"es-CO\",\"potentialAction\":[{\"@type\":\"ReadAction\",\"target\":[\"https:\/\/www.fiscalia.gov.co\/colombia\/defensores\/judicializado-alias-pajaro-presunto-disidente-que-habria-asesinado-a-un-defensor-de-derechos-humanos-en-bolivar\/\"]}]},{\"@type\":\"BreadcrumbList\",\"@id\":\"https:\/\/www.fiscalia.gov.co\/colombia\/defensores\/judicializado-alias-pajaro-presunto-disidente-que-habria-asesinado-a-un-defensor-de-derechos-humanos-en-bolivar\/#breadcrumb\",\"itemListElement\":[{\"@type\":\"ListItem\",\"position\":1,\"name\":\"Home\",\"item\":\"https:\/\/www.fiscalia.gov.co\/colombia\/\"},{\"@type\":\"ListItem\",\"position\":2,\"name\":\"Judicializado alias P\u00e1jaro, presunto disidente que habr\u00eda asesinado a un defensor de derechos humanos en Bol\u00edvar\"}]},{\"@type\":\"WebSite\",\"@id\":\"https:\/\/www.fiscalia.gov.co\/colombia\/#website\",\"url\":\"https:\/\/www.fiscalia.gov.co\/colombia\/\",\"name\":\"Fiscal\u00eda General de la Naci\u00f3n\",\"description\":\"P\u00e1gina oficial de la Fiscal\u00eda General de la Naci\u00f3n \u2013 Colombia. Garantizamos el acceso efectivo a la justicia, la verdad y la reparaci\u00f3n de las v\u00edctimas de los delitos.\",\"publisher\":{\"@id\":\"https:\/\/www.fiscalia.gov.co\/colombia\/#organization\"},\"potentialAction\":[{\"@type\":\"SearchAction\",\"target\":{\"@type\":\"EntryPoint\",\"urlTemplate\":\"https:\/\/www.fiscalia.gov.co\/colombia\/?s={search_term_string}\"},\"query-input\":{\"@type\":\"PropertyValueSpecification\",\"valueRequired\":true,\"valueName\":\"search_term_string\"}}],\"inLanguage\":\"es-CO\"},{\"@type\":\"Organization\",\"@id\":\"https:\/\/www.fiscalia.gov.co\/colombia\/#organization\",\"name\":\"Fiscal\u00eda General de la Naci\u00f3n\",\"url\":\"https:\/\/www.fiscalia.gov.co\/colombia\/\",\"logo\":{\"@type\":\"ImageObject\",\"inLanguage\":\"es-CO\",\"@id\":\"https:\/\/www.fiscalia.gov.co\/colombia\/#\/schema\/logo\/image\/\",\"url\":\"https:\/\/www.fiscalia.gov.co\/colombia\/wp-content\/uploads\/LogoHorizontal_1.jpg\",\"contentUrl\":\"https:\/\/www.fiscalia.gov.co\/colombia\/wp-content\/uploads\/LogoHorizontal_1.jpg\",\"width\":300,\"height\":90,\"caption\":\"Fiscal\u00eda General de la Naci\u00f3n\"},\"image\":{\"@id\":\"https:\/\/www.fiscalia.gov.co\/colombia\/#\/schema\/logo\/image\/\"},\"sameAs\":[\"https:\/\/www.facebook.com\/FiscaliaCol\",\"https:\/\/x.com\/FiscaliaCol\",\"https:\/\/www.instagram.com\/fiscaliacol\",\"https:\/\/www.linkedin.com\/company\/fiscalia-general-de-la-naci-n\/\",\"https:\/\/youtube.com\/@fiscaliageneraldelanacion-4668?si=6nN79nyQICPU5iTh\"]},{\"@type\":\"Person\",\"@id\":\"https:\/\/www.fiscalia.gov.co\/colombia\/#\/schema\/person\/06aa2210fe4d79203f428ff671dee360\",\"name\":\"Ana Mar\u00eda Gomez\",\"image\":{\"@type\":\"ImageObject\",\"inLanguage\":\"es-CO\",\"@id\":\"https:\/\/www.fiscalia.gov.co\/colombia\/#\/schema\/person\/image\/\",\"url\":\"https:\/\/secure.gravatar.com\/avatar\/a38115d98a7f8a96cbb96af2b2c37a0b?s=96&d=mm&r=g\",\"contentUrl\":\"https:\/\/secure.gravatar.com\/avatar\/a38115d98a7f8a96cbb96af2b2c37a0b?s=96&d=mm&r=g\",\"caption\":\"Ana Mar\u00eda Gomez\"},\"url\":\"https:\/\/www.fiscalia.gov.co\/colombia\/author\/agomez\/\"}]}<\/script>\n<!-- \/ Yoast SEO plugin. -->","yoast_head_json":{"title":"Fiscal\u00eda General de la Naci\u00f3n","description":"P\u00e1gina oficial de la Fiscal\u00eda General de la Naci\u00f3n \u2013 Colombia. Garantizamos el acceso efectivo a la justicia, la verdad y la reparaci\u00f3n de las v\u00edctimas de los delitos.","robots":{"index":"noindex","follow":"follow"},"og_locale":"es_ES","og_type":"article","og_title":"Fiscal\u00eda General de la Naci\u00f3n","og_description":"P\u00e1gina oficial de la Fiscal\u00eda General de la Naci\u00f3n \u2013 Colombia. Garantizamos el acceso efectivo a la justicia, la verdad y la reparaci\u00f3n de las v\u00edctimas de los delitos.","og_url":"https:\/\/www.fiscalia.gov.co\/colombia\/defensores\/judicializado-alias-pajaro-presunto-disidente-que-habria-asesinado-a-un-defensor-de-derechos-humanos-en-bolivar\/","og_site_name":"Fiscal\u00eda General de la Naci\u00f3n","article_publisher":"https:\/\/www.facebook.com\/FiscaliaCol","article_published_time":"2021-03-17T13:01:57+00:00","author":"Ana Mar\u00eda Gomez","twitter_card":"summary_large_image","twitter_creator":"@FiscaliaCol","twitter_site":"@FiscaliaCol","twitter_misc":{"Escrito por":"Ana Mar\u00eda Gomez","Tiempo de lectura":"2 minutos"},"schema":{"@context":"https:\/\/schema.org","@graph":[{"@type":"Article","@id":"https:\/\/www.fiscalia.gov.co\/colombia\/defensores\/judicializado-alias-pajaro-presunto-disidente-que-habria-asesinado-a-un-defensor-de-derechos-humanos-en-bolivar\/#article","isPartOf":{"@id":"https:\/\/www.fiscalia.gov.co\/colombia\/defensores\/judicializado-alias-pajaro-presunto-disidente-que-habria-asesinado-a-un-defensor-de-derechos-humanos-en-bolivar\/"},"author":{"name":"Ana Mar\u00eda Gomez","@id":"https:\/\/www.fiscalia.gov.co\/colombia\/#\/schema\/person\/06aa2210fe4d79203f428ff671dee360"},"headline":"Judicializado alias P\u00e1jaro, presunto disidente que habr\u00eda asesinado a un defensor de derechos humanos en Bol\u00edvar","datePublished":"2021-03-17T13:01:57+00:00","dateModified":"2021-03-17T13:01:57+00:00","mainEntityOfPage":{"@id":"https:\/\/www.fiscalia.gov.co\/colombia\/defensores\/judicializado-alias-pajaro-presunto-disidente-que-habria-asesinado-a-un-defensor-de-derechos-humanos-en-bolivar\/"},"wordCount":511,"publisher":{"@id":"https:\/\/www.fiscalia.gov.co\/colombia\/#organization"},"keywords":["Derechos Humanos","disidencias Farc","Fiscal General Francisco Barbosa","Fiscal\u00eda Colombia","Fiscal\u00eda General de la Naci\u00f3n","Homicidio de l\u00edder","l\u00edder social V\u00edctor Trujillo","reincorporados","Sur de Bol\u00edvar"],"articleSection":["Defensores"],"inLanguage":"es-CO"},{"@type":"WebPage","@id":"https:\/\/www.fiscalia.gov.co\/colombia\/defensores\/judicializado-alias-pajaro-presunto-disidente-que-habria-asesinado-a-un-defensor-de-derechos-humanos-en-bolivar\/","url":"https:\/\/www.fiscalia.gov.co\/colombia\/defensores\/judicializado-alias-pajaro-presunto-disidente-que-habria-asesinado-a-un-defensor-de-derechos-humanos-en-bolivar\/","name":"Fiscal\u00eda General de la Naci\u00f3n","isPartOf":{"@id":"https:\/\/www.fiscalia.gov.co\/colombia\/#website"},"datePublished":"2021-03-17T13:01:57+00:00","dateModified":"2021-03-17T13:01:57+00:00","description":"P\u00e1gina oficial de la Fiscal\u00eda General de la Naci\u00f3n \u2013 Colombia. Garantizamos el acceso efectivo a la justicia, la verdad y la reparaci\u00f3n de las v\u00edctimas de los delitos.","breadcrumb":{"@id":"https:\/\/www.fiscalia.gov.co\/colombia\/defensores\/judicializado-alias-pajaro-presunto-disidente-que-habria-asesinado-a-un-defensor-de-derechos-humanos-en-bolivar\/#breadcrumb"},"inLanguage":"es-CO","potentialAction":[{"@type":"ReadAction","target":["https:\/\/www.fiscalia.gov.co\/colombia\/defensores\/judicializado-alias-pajaro-presunto-disidente-que-habria-asesinado-a-un-defensor-de-derechos-humanos-en-bolivar\/"]}]},{"@type":"BreadcrumbList","@id":"https:\/\/www.fiscalia.gov.co\/colombia\/defensores\/judicializado-alias-pajaro-presunto-disidente-que-habria-asesinado-a-un-defensor-de-derechos-humanos-en-bolivar\/#breadcrumb","itemListElement":[{"@type":"ListItem","position":1,"name":"Home","item":"https:\/\/www.fiscalia.gov.co\/colombia\/"},{"@type":"ListItem","position":2,"name":"Judicializado alias P\u00e1jaro, presunto disidente que habr\u00eda asesinado a un defensor de derechos humanos en Bol\u00edvar"}]},{"@type":"WebSite","@id":"https:\/\/www.fiscalia.gov.co\/colombia\/#website","url":"https:\/\/www.fiscalia.gov.co\/colombia\/","name":"Fiscal\u00eda General de la Naci\u00f3n","description":"P\u00e1gina oficial de la Fiscal\u00eda General de la Naci\u00f3n \u2013 Colombia. Garantizamos el acceso efectivo a la justicia, la verdad y la reparaci\u00f3n de las v\u00edctimas de los delitos.","publisher":{"@id":"https:\/\/www.fiscalia.gov.co\/colombia\/#organization"},"potentialAction":[{"@type":"SearchAction","target":{"@type":"EntryPoint","urlTemplate":"https:\/\/www.fiscalia.gov.co\/colombia\/?s={search_term_string}"},"query-input":{"@type":"PropertyValueSpecification","valueRequired":true,"valueName":"search_term_string"}}],"inLanguage":"es-CO"},{"@type":"Organization","@id":"https:\/\/www.fiscalia.gov.co\/colombia\/#organization","name":"Fiscal\u00eda General de la Naci\u00f3n","url":"https:\/\/www.fiscalia.gov.co\/colombia\/","logo":{"@type":"ImageObject","inLanguage":"es-CO","@id":"https:\/\/www.fiscalia.gov.co\/colombia\/#\/schema\/logo\/image\/","url":"https:\/\/www.fiscalia.gov.co\/colombia\/wp-content\/uploads\/LogoHorizontal_1.jpg","contentUrl":"https:\/\/www.fiscalia.gov.co\/colombia\/wp-content\/uploads\/LogoHorizontal_1.jpg","width":300,"height":90,"caption":"Fiscal\u00eda General de la Naci\u00f3n"},"image":{"@id":"https:\/\/www.fiscalia.gov.co\/colombia\/#\/schema\/logo\/image\/"},"sameAs":["https:\/\/www.facebook.com\/FiscaliaCol","https:\/\/x.com\/FiscaliaCol","https:\/\/www.instagram.com\/fiscaliacol","https:\/\/www.linkedin.com\/company\/fiscalia-general-de-la-naci-n\/","https:\/\/youtube.com\/@fiscaliageneraldelanacion-4668?si=6nN79nyQICPU5iTh"]},{"@type":"Person","@id":"https:\/\/www.fiscalia.gov.co\/colombia\/#\/schema\/person\/06aa2210fe4d79203f428ff671dee360","name":"Ana Mar\u00eda Gomez","image":{"@type":"ImageObject","inLanguage":"es-CO","@id":"https:\/\/www.fiscalia.gov.co\/colombia\/#\/schema\/person\/image\/","url":"https:\/\/secure.gravatar.com\/avatar\/a38115d98a7f8a96cbb96af2b2c37a0b?s=96&d=mm&r=g","contentUrl":"https:\/\/secure.gravatar.com\/avatar\/a38115d98a7f8a96cbb96af2b2c37a0b?s=96&d=mm&r=g","caption":"Ana Mar\u00eda Gomez"},"url":"https:\/\/www.fiscalia.gov.co\/colombia\/author\/agomez\/"}]}},"_links":{"self":[{"href":"https:\/\/www.fiscalia.gov.co\/colombia\/wp-json\/wp\/v2\/posts\/215941","targetHints":{"allow":["GET"]}}],"collection":[{"href":"https:\/\/www.fiscalia.gov.co\/colombia\/wp-json\/wp\/v2\/posts"}],"about":[{"href":"https:\/\/www.fiscalia.gov.co\/colombia\/wp-json\/wp\/v2\/types\/post"}],"author":[{"embeddable":true,"href":"https:\/\/www.fiscalia.gov.co\/colombia\/wp-json\/wp\/v2\/users\/171"}],"replies":[{"embeddable":true,"href":"https:\/\/www.fiscalia.gov.co\/colombia\/wp-json\/wp\/v2\/comments?post=215941"}],"version-history":[{"count":1,"href":"https:\/\/www.fiscalia.gov.co\/colombia\/wp-json\/wp\/v2\/posts\/215941\/revisions"}],"predecessor-version":[{"id":215942,"href":"https:\/\/www.fiscalia.gov.co\/colombia\/wp-json\/wp\/v2\/posts\/215941\/revisions\/215942"}],"wp:attachment":[{"href":"https:\/\/www.fiscalia.gov.co\/colombia\/wp-json\/wp\/v2\/media?parent=215941"}],"wp:term":[{"taxonomy":"category","embeddable":true,"href":"https:\/\/www.fiscalia.gov.co\/colombia\/wp-json\/wp\/v2\/categories?post=215941"},{"taxonomy":"post_tag","embeddable":true,"href":"https:\/\/www.fiscalia.gov.co\/colombia\/wp-json\/wp\/v2\/tags?post=215941"}],"curies":[{"name":"wp","href":"https:\/\/api.w.org\/{rel}","templated":true}]}}