{"id":215814,"date":"2021-03-16T08:05:10","date_gmt":"2021-03-16T13:05:10","guid":{"rendered":"https:\/\/www.fiscalia.gov.co\/colombia\/?p=215814"},"modified":"2021-03-24T15:43:06","modified_gmt":"2021-03-24T20:43:06","slug":"por-trafico-de-migrantes-envian-a-la-carcel-a-conductor-ayudante-y-auxiliar-de-un-bus-de-servicio-publico","status":"publish","type":"post","link":"https:\/\/www.fiscalia.gov.co\/colombia\/seguridad-territorial\/por-trafico-de-migrantes-envian-a-la-carcel-a-conductor-ayudante-y-auxiliar-de-un-bus-de-servicio-publico\/","title":{"rendered":"Por tr\u00e1fico de migrantes env\u00edan a la c\u00e1rcel a conductor, ayudante y auxiliar de un bus de servicio p\u00fablico"},"content":{"rendered":"<blockquote>\n<h4 style=\"text-align: left;\"><em><strong>Seg\u00fan la investigaci\u00f3n,\u00a028 extranjeros, entre ellos 3 menores de edad\u00a0se movilizaban\u00a0de manera ilegal.<\/strong><\/em><\/h4>\n<\/blockquote>\n<p>Luego de avalar los argumentos de la\u00a0Fiscal\u00eda General de la Naci\u00f3n, un juez de control de garant\u00edas envi\u00f3 a la c\u00e1rcel treshombres, como presuntos responsables\u00a0de transportar\u00a0en\u00a0un\u00a0bus intermunicipal a\u00a028 extranjeros,\u00a0quienes\u00a0al parecer,\u00a0no cumpl\u00edan con los requisitos de ingreso a Colombia. Los hechos ocurrieron en el municipio de\u00a0Bugalagrande\u00a0(Valle del Cauca).<\/p>\n<p>Los hoy investigados fueron capturados en flagrancia en un puesto de control de la Polic\u00eda de Carreteras, en inmediaciones del peaje de La Uribe, en la v\u00eda que de Andaluc\u00eda conduce a Cerritos, donde las autoridades hallaron en el interior del veh\u00edculo 24 personas de nacionalidad haitiana, 3 chilenos (menores de edad) y 1 dominicano.<\/p>\n<p>Los afectados con la\u00a0medida\u00a0privativa de la libertad en centro carcelario\u00a0son: Edwin Arley Urbina V\u00e1squez, Diego Fernando Mosquera G\u00f3mez y Josmar Alejandro Hern\u00e1ndez Fl\u00f3rez,\u00a0conductor y ayudantes, respectivamente, del bus de servicio p\u00fablico, quienes al momento de la inspecci\u00f3n no contaban con los documentos del automotor ni con la autorizaci\u00f3n de la empresa para\u00a0\u00a0desplazarse y realizar el viaje.<\/p>\n<p>En desarrollo de las audiencias preliminares, la Fiscal\u00eda le formul\u00f3 cargos a los capturados por el delito de\u00a0\u00a0<a href=\"https:\/\/www.fiscalia.gov.co\/colombia\/seccionales\/judicializados-17-presuntos-integrantes-de-estructuras-delincuenciales-dedicadas-al-trafico-de-migrantes-en-el-departamento-de-narino\/\" target=\"_blank\" rel=\"noopener noreferrer\">tr\u00e1fico de migrantes<\/a>.<\/p>\n<p>Los\u00a0extranjeros quedaron a disposici\u00f3n de Migraci\u00f3n Colombia.<\/p>\n<p>La Fiscal\u00eda General de la Naci\u00f3n p\u00fablica esta informaci\u00f3n por razones de inter\u00e9s general.<\/p>\n<p>MAP\/SMLR\/MG<\/p>\n<p><i><span lang=\"ES\">La informaci\u00f3n contenida en este bolet\u00edn de prensa corresponde a la narraci\u00f3n de los hechos noticiosos objetivos, suministrados por los funcionarios encargados de adelantar las investigaciones penales al interior de la Fiscal\u00eda General de la Naci\u00f3n. Para el momento de la divulgaci\u00f3n de este comunicado, la situaci\u00f3n jur\u00eddica de la(s) persona(s) relacionada(s) se encuentra pendiente de resolver por la autoridad judicial competente, siempre bajo los preceptos de la presunci\u00f3n de inocencia, consagrados en el art\u00edculo 29 de la Constituci\u00f3n Pol\u00edtica y el art\u00edculo 7\u00ba de la Ley 906 de 2004.<\/span><\/i><\/p>\n\n<div class=\"twitter-share\"><a href=\"https:\/\/twitter.com\/intent\/tweet?via=fiscaliacol\" class=\"twitter-share-button\">Tweet<\/a><\/div>\n","protected":false},"excerpt":{"rendered":"<p>Seg\u00fan la investigaci\u00f3n,\u00a028 extranjeros, entre ellos 3 menores de edad\u00a0se movilizaban\u00a0de manera ilegal. Luego de avalar los argumentos de la\u00a0Fiscal\u00eda General de la Naci\u00f3n, un juez de control de garant\u00edas [&hellip;]<\/p>\n","protected":false},"author":171,"featured_media":0,"comment_status":"closed","ping_status":"open","sticky":false,"template":"","format":"video","meta":{"tdm_status":"","tdm_grid_status":"","footnotes":""},"categories":[324,303,24099],"tags":[8010,14550,24551,26272,22621,78,24187,7169,1185,4634],"class_list":["post-215814","post","type-post","status-publish","format-video","category-seccional-cali","category-seccionales","category-seguridad-territorial","tag-capturados","tag-carcel","tag-centro-carcelario","tag-comiso","tag-extranjeros","tag-fiscal-general-de-la-nacion","tag-fiscalia-colombia","tag-flagrancia","tag-medida-de-aseguramiento","tag-trafico-de-migrantes","post_format-post-format-video"],"yoast_head":"<!-- This site is optimized with the Yoast SEO plugin v24.3 - https:\/\/yoast.com\/wordpress\/plugins\/seo\/ -->\n<title>Fiscal\u00eda General de la Naci\u00f3n<\/title>\n<meta name=\"description\" content=\"P\u00e1gina oficial de la Fiscal\u00eda General de la Naci\u00f3n \u2013 Colombia. Garantizamos el acceso efectivo a la justicia, la verdad y la reparaci\u00f3n de las v\u00edctimas de los delitos.\" \/>\n<meta name=\"robots\" content=\"noindex, follow\" \/>\n<meta property=\"og:locale\" content=\"es_ES\" \/>\n<meta property=\"og:type\" content=\"article\" \/>\n<meta property=\"og:title\" content=\"Fiscal\u00eda General de la Naci\u00f3n\" \/>\n<meta property=\"og:description\" content=\"P\u00e1gina oficial de la Fiscal\u00eda General de la Naci\u00f3n \u2013 Colombia. Garantizamos el acceso efectivo a la justicia, la verdad y la reparaci\u00f3n de las v\u00edctimas de los delitos.\" \/>\n<meta property=\"og:url\" content=\"https:\/\/www.fiscalia.gov.co\/colombia\/seguridad-territorial\/por-trafico-de-migrantes-envian-a-la-carcel-a-conductor-ayudante-y-auxiliar-de-un-bus-de-servicio-publico\/\" \/>\n<meta property=\"og:site_name\" content=\"Fiscal\u00eda General de la Naci\u00f3n\" \/>\n<meta property=\"article:publisher\" content=\"https:\/\/www.facebook.com\/FiscaliaCol\" \/>\n<meta property=\"article:published_time\" content=\"2021-03-16T13:05:10+00:00\" \/>\n<meta property=\"article:modified_time\" content=\"2021-03-24T20:43:06+00:00\" \/>\n<meta name=\"author\" content=\"Ana Mar\u00eda Gomez\" \/>\n<meta name=\"twitter:card\" content=\"summary_large_image\" \/>\n<meta name=\"twitter:creator\" content=\"@FiscaliaCol\" \/>\n<meta name=\"twitter:site\" content=\"@FiscaliaCol\" \/>\n<meta name=\"twitter:label1\" content=\"Escrito por\" \/>\n\t<meta name=\"twitter:data1\" content=\"Ana Mar\u00eda Gomez\" \/>\n\t<meta name=\"twitter:label2\" content=\"Tiempo de lectura\" \/>\n\t<meta name=\"twitter:data2\" content=\"2 minutos\" \/>\n<script type=\"application\/ld+json\" class=\"yoast-schema-graph\">{\"@context\":\"https:\/\/schema.org\",\"@graph\":[{\"@type\":\"Article\",\"@id\":\"https:\/\/www.fiscalia.gov.co\/colombia\/seguridad-territorial\/por-trafico-de-migrantes-envian-a-la-carcel-a-conductor-ayudante-y-auxiliar-de-un-bus-de-servicio-publico\/#article\",\"isPartOf\":{\"@id\":\"https:\/\/www.fiscalia.gov.co\/colombia\/seguridad-territorial\/por-trafico-de-migrantes-envian-a-la-carcel-a-conductor-ayudante-y-auxiliar-de-un-bus-de-servicio-publico\/\"},\"author\":{\"name\":\"Ana Mar\u00eda Gomez\",\"@id\":\"https:\/\/www.fiscalia.gov.co\/colombia\/#\/schema\/person\/06aa2210fe4d79203f428ff671dee360\"},\"headline\":\"Por tr\u00e1fico de migrantes env\u00edan a la c\u00e1rcel a conductor, ayudante y auxiliar de un bus de servicio p\u00fablico\",\"datePublished\":\"2021-03-16T13:05:10+00:00\",\"dateModified\":\"2021-03-24T20:43:06+00:00\",\"mainEntityOfPage\":{\"@id\":\"https:\/\/www.fiscalia.gov.co\/colombia\/seguridad-territorial\/por-trafico-de-migrantes-envian-a-la-carcel-a-conductor-ayudante-y-auxiliar-de-un-bus-de-servicio-publico\/\"},\"wordCount\":382,\"publisher\":{\"@id\":\"https:\/\/www.fiscalia.gov.co\/colombia\/#organization\"},\"keywords\":[\"Capturados\",\"C\u00e1rcel\",\"centro carcelario\",\"comiso\",\"Extranjeros\",\"Fiscal General de la Naci\u00f3n\",\"Fiscal\u00eda Colombia\",\"Flagrancia\",\"Medida de aseguramiento\",\"Tr\u00e1fico de migrantes\"],\"articleSection\":[\"Seccional Cali\",\"Seccionales\",\"Seguridad territorial\"],\"inLanguage\":\"es-CO\"},{\"@type\":\"WebPage\",\"@id\":\"https:\/\/www.fiscalia.gov.co\/colombia\/seguridad-territorial\/por-trafico-de-migrantes-envian-a-la-carcel-a-conductor-ayudante-y-auxiliar-de-un-bus-de-servicio-publico\/\",\"url\":\"https:\/\/www.fiscalia.gov.co\/colombia\/seguridad-territorial\/por-trafico-de-migrantes-envian-a-la-carcel-a-conductor-ayudante-y-auxiliar-de-un-bus-de-servicio-publico\/\",\"name\":\"Fiscal\u00eda General de la Naci\u00f3n\",\"isPartOf\":{\"@id\":\"https:\/\/www.fiscalia.gov.co\/colombia\/#website\"},\"datePublished\":\"2021-03-16T13:05:10+00:00\",\"dateModified\":\"2021-03-24T20:43:06+00:00\",\"description\":\"P\u00e1gina oficial de la Fiscal\u00eda General de la Naci\u00f3n \u2013 Colombia. Garantizamos el acceso efectivo a la justicia, la verdad y la reparaci\u00f3n de las v\u00edctimas de los delitos.\",\"breadcrumb\":{\"@id\":\"https:\/\/www.fiscalia.gov.co\/colombia\/seguridad-territorial\/por-trafico-de-migrantes-envian-a-la-carcel-a-conductor-ayudante-y-auxiliar-de-un-bus-de-servicio-publico\/#breadcrumb\"},\"inLanguage\":\"es-CO\",\"potentialAction\":[{\"@type\":\"ReadAction\",\"target\":[\"https:\/\/www.fiscalia.gov.co\/colombia\/seguridad-territorial\/por-trafico-de-migrantes-envian-a-la-carcel-a-conductor-ayudante-y-auxiliar-de-un-bus-de-servicio-publico\/\"]}]},{\"@type\":\"BreadcrumbList\",\"@id\":\"https:\/\/www.fiscalia.gov.co\/colombia\/seguridad-territorial\/por-trafico-de-migrantes-envian-a-la-carcel-a-conductor-ayudante-y-auxiliar-de-un-bus-de-servicio-publico\/#breadcrumb\",\"itemListElement\":[{\"@type\":\"ListItem\",\"position\":1,\"name\":\"Home\",\"item\":\"https:\/\/www.fiscalia.gov.co\/colombia\/\"},{\"@type\":\"ListItem\",\"position\":2,\"name\":\"Por tr\u00e1fico de migrantes env\u00edan a la c\u00e1rcel a conductor, ayudante y auxiliar de un bus de servicio p\u00fablico\"}]},{\"@type\":\"WebSite\",\"@id\":\"https:\/\/www.fiscalia.gov.co\/colombia\/#website\",\"url\":\"https:\/\/www.fiscalia.gov.co\/colombia\/\",\"name\":\"Fiscal\u00eda General de la Naci\u00f3n\",\"description\":\"P\u00e1gina oficial de la Fiscal\u00eda General de la Naci\u00f3n \u2013 Colombia. Garantizamos el acceso efectivo a la justicia, la verdad y la reparaci\u00f3n de las v\u00edctimas de los delitos.\",\"publisher\":{\"@id\":\"https:\/\/www.fiscalia.gov.co\/colombia\/#organization\"},\"potentialAction\":[{\"@type\":\"SearchAction\",\"target\":{\"@type\":\"EntryPoint\",\"urlTemplate\":\"https:\/\/www.fiscalia.gov.co\/colombia\/?s={search_term_string}\"},\"query-input\":{\"@type\":\"PropertyValueSpecification\",\"valueRequired\":true,\"valueName\":\"search_term_string\"}}],\"inLanguage\":\"es-CO\"},{\"@type\":\"Organization\",\"@id\":\"https:\/\/www.fiscalia.gov.co\/colombia\/#organization\",\"name\":\"Fiscal\u00eda General de la Naci\u00f3n\",\"url\":\"https:\/\/www.fiscalia.gov.co\/colombia\/\",\"logo\":{\"@type\":\"ImageObject\",\"inLanguage\":\"es-CO\",\"@id\":\"https:\/\/www.fiscalia.gov.co\/colombia\/#\/schema\/logo\/image\/\",\"url\":\"https:\/\/www.fiscalia.gov.co\/colombia\/wp-content\/uploads\/LogoHorizontal_1.jpg\",\"contentUrl\":\"https:\/\/www.fiscalia.gov.co\/colombia\/wp-content\/uploads\/LogoHorizontal_1.jpg\",\"width\":300,\"height\":90,\"caption\":\"Fiscal\u00eda General de la Naci\u00f3n\"},\"image\":{\"@id\":\"https:\/\/www.fiscalia.gov.co\/colombia\/#\/schema\/logo\/image\/\"},\"sameAs\":[\"https:\/\/www.facebook.com\/FiscaliaCol\",\"https:\/\/x.com\/FiscaliaCol\",\"https:\/\/www.instagram.com\/fiscaliacol\",\"https:\/\/www.linkedin.com\/company\/fiscalia-general-de-la-naci-n\/\",\"https:\/\/youtube.com\/@fiscaliageneraldelanacion-4668?si=6nN79nyQICPU5iTh\"]},{\"@type\":\"Person\",\"@id\":\"https:\/\/www.fiscalia.gov.co\/colombia\/#\/schema\/person\/06aa2210fe4d79203f428ff671dee360\",\"name\":\"Ana Mar\u00eda Gomez\",\"image\":{\"@type\":\"ImageObject\",\"inLanguage\":\"es-CO\",\"@id\":\"https:\/\/www.fiscalia.gov.co\/colombia\/#\/schema\/person\/image\/\",\"url\":\"https:\/\/secure.gravatar.com\/avatar\/a38115d98a7f8a96cbb96af2b2c37a0b?s=96&d=mm&r=g\",\"contentUrl\":\"https:\/\/secure.gravatar.com\/avatar\/a38115d98a7f8a96cbb96af2b2c37a0b?s=96&d=mm&r=g\",\"caption\":\"Ana Mar\u00eda Gomez\"},\"url\":\"https:\/\/www.fiscalia.gov.co\/colombia\/author\/agomez\/\"}]}<\/script>\n<!-- \/ Yoast SEO plugin. -->","yoast_head_json":{"title":"Fiscal\u00eda General de la Naci\u00f3n","description":"P\u00e1gina oficial de la Fiscal\u00eda General de la Naci\u00f3n \u2013 Colombia. Garantizamos el acceso efectivo a la justicia, la verdad y la reparaci\u00f3n de las v\u00edctimas de los delitos.","robots":{"index":"noindex","follow":"follow"},"og_locale":"es_ES","og_type":"article","og_title":"Fiscal\u00eda General de la Naci\u00f3n","og_description":"P\u00e1gina oficial de la Fiscal\u00eda General de la Naci\u00f3n \u2013 Colombia. Garantizamos el acceso efectivo a la justicia, la verdad y la reparaci\u00f3n de las v\u00edctimas de los delitos.","og_url":"https:\/\/www.fiscalia.gov.co\/colombia\/seguridad-territorial\/por-trafico-de-migrantes-envian-a-la-carcel-a-conductor-ayudante-y-auxiliar-de-un-bus-de-servicio-publico\/","og_site_name":"Fiscal\u00eda General de la Naci\u00f3n","article_publisher":"https:\/\/www.facebook.com\/FiscaliaCol","article_published_time":"2021-03-16T13:05:10+00:00","article_modified_time":"2021-03-24T20:43:06+00:00","author":"Ana Mar\u00eda Gomez","twitter_card":"summary_large_image","twitter_creator":"@FiscaliaCol","twitter_site":"@FiscaliaCol","twitter_misc":{"Escrito por":"Ana Mar\u00eda Gomez","Tiempo de lectura":"2 minutos"},"schema":{"@context":"https:\/\/schema.org","@graph":[{"@type":"Article","@id":"https:\/\/www.fiscalia.gov.co\/colombia\/seguridad-territorial\/por-trafico-de-migrantes-envian-a-la-carcel-a-conductor-ayudante-y-auxiliar-de-un-bus-de-servicio-publico\/#article","isPartOf":{"@id":"https:\/\/www.fiscalia.gov.co\/colombia\/seguridad-territorial\/por-trafico-de-migrantes-envian-a-la-carcel-a-conductor-ayudante-y-auxiliar-de-un-bus-de-servicio-publico\/"},"author":{"name":"Ana Mar\u00eda Gomez","@id":"https:\/\/www.fiscalia.gov.co\/colombia\/#\/schema\/person\/06aa2210fe4d79203f428ff671dee360"},"headline":"Por tr\u00e1fico de migrantes env\u00edan a la c\u00e1rcel a conductor, ayudante y auxiliar de un bus de servicio p\u00fablico","datePublished":"2021-03-16T13:05:10+00:00","dateModified":"2021-03-24T20:43:06+00:00","mainEntityOfPage":{"@id":"https:\/\/www.fiscalia.gov.co\/colombia\/seguridad-territorial\/por-trafico-de-migrantes-envian-a-la-carcel-a-conductor-ayudante-y-auxiliar-de-un-bus-de-servicio-publico\/"},"wordCount":382,"publisher":{"@id":"https:\/\/www.fiscalia.gov.co\/colombia\/#organization"},"keywords":["Capturados","C\u00e1rcel","centro carcelario","comiso","Extranjeros","Fiscal General de la Naci\u00f3n","Fiscal\u00eda Colombia","Flagrancia","Medida de aseguramiento","Tr\u00e1fico de migrantes"],"articleSection":["Seccional Cali","Seccionales","Seguridad territorial"],"inLanguage":"es-CO"},{"@type":"WebPage","@id":"https:\/\/www.fiscalia.gov.co\/colombia\/seguridad-territorial\/por-trafico-de-migrantes-envian-a-la-carcel-a-conductor-ayudante-y-auxiliar-de-un-bus-de-servicio-publico\/","url":"https:\/\/www.fiscalia.gov.co\/colombia\/seguridad-territorial\/por-trafico-de-migrantes-envian-a-la-carcel-a-conductor-ayudante-y-auxiliar-de-un-bus-de-servicio-publico\/","name":"Fiscal\u00eda General de la Naci\u00f3n","isPartOf":{"@id":"https:\/\/www.fiscalia.gov.co\/colombia\/#website"},"datePublished":"2021-03-16T13:05:10+00:00","dateModified":"2021-03-24T20:43:06+00:00","description":"P\u00e1gina oficial de la Fiscal\u00eda General de la Naci\u00f3n \u2013 Colombia. Garantizamos el acceso efectivo a la justicia, la verdad y la reparaci\u00f3n de las v\u00edctimas de los delitos.","breadcrumb":{"@id":"https:\/\/www.fiscalia.gov.co\/colombia\/seguridad-territorial\/por-trafico-de-migrantes-envian-a-la-carcel-a-conductor-ayudante-y-auxiliar-de-un-bus-de-servicio-publico\/#breadcrumb"},"inLanguage":"es-CO","potentialAction":[{"@type":"ReadAction","target":["https:\/\/www.fiscalia.gov.co\/colombia\/seguridad-territorial\/por-trafico-de-migrantes-envian-a-la-carcel-a-conductor-ayudante-y-auxiliar-de-un-bus-de-servicio-publico\/"]}]},{"@type":"BreadcrumbList","@id":"https:\/\/www.fiscalia.gov.co\/colombia\/seguridad-territorial\/por-trafico-de-migrantes-envian-a-la-carcel-a-conductor-ayudante-y-auxiliar-de-un-bus-de-servicio-publico\/#breadcrumb","itemListElement":[{"@type":"ListItem","position":1,"name":"Home","item":"https:\/\/www.fiscalia.gov.co\/colombia\/"},{"@type":"ListItem","position":2,"name":"Por tr\u00e1fico de migrantes env\u00edan a la c\u00e1rcel a conductor, ayudante y auxiliar de un bus de servicio p\u00fablico"}]},{"@type":"WebSite","@id":"https:\/\/www.fiscalia.gov.co\/colombia\/#website","url":"https:\/\/www.fiscalia.gov.co\/colombia\/","name":"Fiscal\u00eda General de la Naci\u00f3n","description":"P\u00e1gina oficial de la Fiscal\u00eda General de la Naci\u00f3n \u2013 Colombia. Garantizamos el acceso efectivo a la justicia, la verdad y la reparaci\u00f3n de las v\u00edctimas de los delitos.","publisher":{"@id":"https:\/\/www.fiscalia.gov.co\/colombia\/#organization"},"potentialAction":[{"@type":"SearchAction","target":{"@type":"EntryPoint","urlTemplate":"https:\/\/www.fiscalia.gov.co\/colombia\/?s={search_term_string}"},"query-input":{"@type":"PropertyValueSpecification","valueRequired":true,"valueName":"search_term_string"}}],"inLanguage":"es-CO"},{"@type":"Organization","@id":"https:\/\/www.fiscalia.gov.co\/colombia\/#organization","name":"Fiscal\u00eda General de la Naci\u00f3n","url":"https:\/\/www.fiscalia.gov.co\/colombia\/","logo":{"@type":"ImageObject","inLanguage":"es-CO","@id":"https:\/\/www.fiscalia.gov.co\/colombia\/#\/schema\/logo\/image\/","url":"https:\/\/www.fiscalia.gov.co\/colombia\/wp-content\/uploads\/LogoHorizontal_1.jpg","contentUrl":"https:\/\/www.fiscalia.gov.co\/colombia\/wp-content\/uploads\/LogoHorizontal_1.jpg","width":300,"height":90,"caption":"Fiscal\u00eda General de la Naci\u00f3n"},"image":{"@id":"https:\/\/www.fiscalia.gov.co\/colombia\/#\/schema\/logo\/image\/"},"sameAs":["https:\/\/www.facebook.com\/FiscaliaCol","https:\/\/x.com\/FiscaliaCol","https:\/\/www.instagram.com\/fiscaliacol","https:\/\/www.linkedin.com\/company\/fiscalia-general-de-la-naci-n\/","https:\/\/youtube.com\/@fiscaliageneraldelanacion-4668?si=6nN79nyQICPU5iTh"]},{"@type":"Person","@id":"https:\/\/www.fiscalia.gov.co\/colombia\/#\/schema\/person\/06aa2210fe4d79203f428ff671dee360","name":"Ana Mar\u00eda Gomez","image":{"@type":"ImageObject","inLanguage":"es-CO","@id":"https:\/\/www.fiscalia.gov.co\/colombia\/#\/schema\/person\/image\/","url":"https:\/\/secure.gravatar.com\/avatar\/a38115d98a7f8a96cbb96af2b2c37a0b?s=96&d=mm&r=g","contentUrl":"https:\/\/secure.gravatar.com\/avatar\/a38115d98a7f8a96cbb96af2b2c37a0b?s=96&d=mm&r=g","caption":"Ana Mar\u00eda Gomez"},"url":"https:\/\/www.fiscalia.gov.co\/colombia\/author\/agomez\/"}]}},"_links":{"self":[{"href":"https:\/\/www.fiscalia.gov.co\/colombia\/wp-json\/wp\/v2\/posts\/215814","targetHints":{"allow":["GET"]}}],"collection":[{"href":"https:\/\/www.fiscalia.gov.co\/colombia\/wp-json\/wp\/v2\/posts"}],"about":[{"href":"https:\/\/www.fiscalia.gov.co\/colombia\/wp-json\/wp\/v2\/types\/post"}],"author":[{"embeddable":true,"href":"https:\/\/www.fiscalia.gov.co\/colombia\/wp-json\/wp\/v2\/users\/171"}],"replies":[{"embeddable":true,"href":"https:\/\/www.fiscalia.gov.co\/colombia\/wp-json\/wp\/v2\/comments?post=215814"}],"version-history":[{"count":1,"href":"https:\/\/www.fiscalia.gov.co\/colombia\/wp-json\/wp\/v2\/posts\/215814\/revisions"}],"predecessor-version":[{"id":215815,"href":"https:\/\/www.fiscalia.gov.co\/colombia\/wp-json\/wp\/v2\/posts\/215814\/revisions\/215815"}],"wp:attachment":[{"href":"https:\/\/www.fiscalia.gov.co\/colombia\/wp-json\/wp\/v2\/media?parent=215814"}],"wp:term":[{"taxonomy":"category","embeddable":true,"href":"https:\/\/www.fiscalia.gov.co\/colombia\/wp-json\/wp\/v2\/categories?post=215814"},{"taxonomy":"post_tag","embeddable":true,"href":"https:\/\/www.fiscalia.gov.co\/colombia\/wp-json\/wp\/v2\/tags?post=215814"}],"curies":[{"name":"wp","href":"https:\/\/api.w.org\/{rel}","templated":true}]}}