{"id":215720,"date":"2021-03-15T09:23:21","date_gmt":"2021-03-15T14:23:21","guid":{"rendered":"https:\/\/www.fiscalia.gov.co\/colombia\/?p=215720"},"modified":"2021-03-18T09:39:33","modified_gmt":"2021-03-18T14:39:33","slug":"fiscalia-movil-continua-garantizando-a-los-ciudadanos-de-boyaca-acceso-a-la-justicia","status":"publish","type":"post","link":"https:\/\/www.fiscalia.gov.co\/colombia\/seccionales\/fiscalia-movil-continua-garantizando-a-los-ciudadanos-de-boyaca-acceso-a-la-justicia\/","title":{"rendered":"Fiscal\u00eda M\u00f3vil contin\u00faa garantizando a los ciudadanos de Boyac\u00e1 acceso a la justicia"},"content":{"rendered":"<p>La\u00a0<strong>Fiscal\u00eda en Boyac\u00e1\u00a0<\/strong>contin\u00faa llegando a los lugares donde m\u00e1s se requieren sus servicios. En esta ocasi\u00f3n\u00a0<a href=\"https:\/\/www.fiscalia.gov.co\/colombia\/seccionales\/la-fiscalia-movil-llego-al-municipio-de-pesca-en-boyaca\/\">la\u00a0<strong>Fiscal\u00eda M\u00f3vil hizo presencia<\/strong><\/a>\u00a0en la v<strong>ereda Pirgua, jurisdicci\u00f3n de Tunja;<\/strong>\u00a0y en el polideportivo del\u00a0<strong>barrio El Libertador<\/strong>\u00a0de la capital boyacense.<\/p>\n<p>En estas\u00a0<strong>dos jornadas<\/strong>\u00a0se\u00a0<strong>atendieron 120 usuarios<\/strong>\u00a0a quienes se les facilitaron los servicios requeridos para acceder a la justicia.<\/p>\n<p>El Barrio El Libertador ha sido identificado\u00a0<strong>en el censo delictivo<\/strong>\u00a0como un sector de la ciudad donde se\u00a0<strong>presentan altos \u00edndices de criminalidad,<\/strong>\u00a0sobre todo en din\u00e1micas relacionadas con\u00a0<strong>violencia basada en g\u00e9nero<\/strong>.<\/p>\n<p>Desde su puesta en funcionamiento, en 2020, la Fiscal\u00eda ha llegado a 9 municipios de Boyac\u00e1 acerc\u00e1ndose a los ciudadanos, tal como lo ha dispuesto el Fiscal General de la Naci\u00f3n en el Direccionamiento Estrat\u00e9gico 2020-2024.<\/p>\n<figure id=\"attachment_215723\" aria-describedby=\"caption-attachment-215723\" style=\"width: 696px\" class=\"wp-caption aligncenter\"><img loading=\"lazy\" decoding=\"async\" class=\"size-large wp-image-215723\" src=\"https:\/\/www.fiscalia.gov.co\/colombia\/wp-content\/uploads\/barrio-libertador-1024x576.jpeg\" alt=\"\" width=\"696\" height=\"392\" srcset=\"https:\/\/www.fiscalia.gov.co\/colombia\/wp-content\/uploads\/barrio-libertador-1024x576.jpeg 1024w, https:\/\/www.fiscalia.gov.co\/colombia\/wp-content\/uploads\/barrio-libertador-300x169.jpeg 300w, https:\/\/www.fiscalia.gov.co\/colombia\/wp-content\/uploads\/barrio-libertador-768x432.jpeg 768w, https:\/\/www.fiscalia.gov.co\/colombia\/wp-content\/uploads\/barrio-libertador-696x392.jpeg 696w, https:\/\/www.fiscalia.gov.co\/colombia\/wp-content\/uploads\/barrio-libertador-1068x601.jpeg 1068w, https:\/\/www.fiscalia.gov.co\/colombia\/wp-content\/uploads\/barrio-libertador-747x420.jpeg 747w, https:\/\/www.fiscalia.gov.co\/colombia\/wp-content\/uploads\/barrio-libertador.jpeg 1280w\" sizes=\"auto, (max-width: 696px) 100vw, 696px\" \/><figcaption id=\"caption-attachment-215723\" class=\"wp-caption-text\">El Barrio El Libertador ha sido identificado como un sector de la ciudad Tunja con altos \u00edndices de violencia basada en g\u00e9nero.<\/figcaption><\/figure>\n<p>Esto ha permitido atender 1.288 usuarios dela justicia quienes por distintas circunstancias no hab\u00edan podido instaurar sus denuncias, conocer sobre el avance en sus procesos o recibir orientaci\u00f3n respecto de los mismos.<\/p>\n<p>Se trata de\u00a0<strong>jornadas\u00a0interinstitucionales en donde los\u00a0<\/strong>funcionarios de la\u00a0<strong>secci\u00f3n de Atenci\u00f3n a Usuarios de la Fiscal\u00eda<\/strong>\u00a0<strong>General<\/strong>\u00a0trabajan de la mano con servidores del Instituto Colombiano de Bienestar Familiar (ICBF); de Migraci\u00f3n Colombia, del Gaula CTI &#8211; Militar, del Programa de Prevenci\u00f3n del Delito Futuro Colombia, de la Polic\u00eda Nacional y de las comisar\u00edas de familia para atender las diferentes necesidades de los ciudadanos.<\/p>\n<p>Durante la atenci\u00f3n a los usuarios se\u00a0<strong>cumplieron con todas las medidas de bioseguridad<\/strong>\u00a0implementadas por el Gobierno Nacional y la Fiscal\u00eda General de la Naci\u00f3n de cara a la prevenci\u00f3n del Covid19.<\/p>\n<p>Al trasladarse la Fiscal\u00eda a las\u00a0<strong>zonas m\u00e1s apartadas<\/strong>\u00a0del departamento la entidad no solo\u00a0<strong>garantiza a los usuarios y v\u00edctimas el acceso a la justicia,<\/strong>\u00a0sino que favorece la econom\u00eda de quienes requieren de sus servicios pues\u00a0<strong>evitan traslados entre municipios<\/strong>.<\/p>\n<p>En el mes de abril, la Fiscal\u00eda M\u00f3vil llegar\u00e1 a los municipios de\u00a0<strong>Tog\u00fc\u00ed y Tinjac\u00e1.<\/strong><\/p>\n<p>Llegar a los municipios donde la\u00a0<strong>Fiscal\u00eda no cuenta con una sede f\u00edsica<\/strong>\u00a0es una de las\u00a0<strong>prioridades del Fiscal General de la Naci\u00f3n, Francisco Barbosa Delgado, en su deseo de llevar la justicia a la calle y los territorios<\/strong>.<\/p>\n<p>La Fiscal\u00eda habla con resultados.<\/p>\n<p>MR\/MAGA\/MC<\/p>\n<p>&nbsp;<\/p>\n\n<div class=\"twitter-share\"><a href=\"https:\/\/twitter.com\/intent\/tweet?via=fiscaliacol\" class=\"twitter-share-button\">Tweet<\/a><\/div>\n","protected":false},"excerpt":{"rendered":"<p>La\u00a0Fiscal\u00eda en Boyac\u00e1\u00a0contin\u00faa llegando a los lugares donde m\u00e1s se requieren sus servicios. En esta ocasi\u00f3n\u00a0la\u00a0Fiscal\u00eda M\u00f3vil hizo presencia\u00a0en la vereda Pirgua, jurisdicci\u00f3n de Tunja;\u00a0y en el polideportivo del\u00a0barrio El [&hellip;]<\/p>\n","protected":false},"author":171,"featured_media":0,"comment_status":"closed","ping_status":"open","sticky":false,"template":"","format":"video","meta":{"tdm_status":"","tdm_grid_status":"","footnotes":""},"categories":[341,303],"tags":[24185,4614],"class_list":["post-215720","post","type-post","status-publish","format-video","category-seccional-tunja","category-seccionales","tag-fiscal-barbosa","tag-fiscalia-2","post_format-post-format-video"],"yoast_head":"<!-- This site is optimized with the Yoast SEO plugin v24.3 - https:\/\/yoast.com\/wordpress\/plugins\/seo\/ -->\n<title>Fiscal\u00eda General de la Naci\u00f3n<\/title>\n<meta name=\"description\" content=\"P\u00e1gina oficial de la Fiscal\u00eda General de la Naci\u00f3n \u2013 Colombia. Garantizamos el acceso efectivo a la justicia, la verdad y la reparaci\u00f3n de las v\u00edctimas de los delitos.\" \/>\n<meta name=\"robots\" content=\"noindex, follow\" \/>\n<meta property=\"og:locale\" content=\"es_ES\" \/>\n<meta property=\"og:type\" content=\"article\" \/>\n<meta property=\"og:title\" content=\"Fiscal\u00eda General de la Naci\u00f3n\" \/>\n<meta property=\"og:description\" content=\"P\u00e1gina oficial de la Fiscal\u00eda General de la Naci\u00f3n \u2013 Colombia. Garantizamos el acceso efectivo a la justicia, la verdad y la reparaci\u00f3n de las v\u00edctimas de los delitos.\" \/>\n<meta property=\"og:url\" content=\"https:\/\/www.fiscalia.gov.co\/colombia\/seccionales\/fiscalia-movil-continua-garantizando-a-los-ciudadanos-de-boyaca-acceso-a-la-justicia\/\" \/>\n<meta property=\"og:site_name\" content=\"Fiscal\u00eda General de la Naci\u00f3n\" \/>\n<meta property=\"article:publisher\" content=\"https:\/\/www.facebook.com\/FiscaliaCol\" \/>\n<meta property=\"article:published_time\" content=\"2021-03-15T14:23:21+00:00\" \/>\n<meta property=\"article:modified_time\" content=\"2021-03-18T14:39:33+00:00\" \/>\n<meta property=\"og:image\" content=\"https:\/\/www.fiscalia.gov.co\/colombia\/wp-content\/uploads\/barrio-libertador-1024x576.jpeg\" \/>\n<meta name=\"author\" content=\"Ana Mar\u00eda Gomez\" \/>\n<meta name=\"twitter:card\" content=\"summary_large_image\" \/>\n<meta name=\"twitter:creator\" content=\"@FiscaliaCol\" \/>\n<meta name=\"twitter:site\" content=\"@FiscaliaCol\" \/>\n<meta name=\"twitter:label1\" content=\"Escrito por\" \/>\n\t<meta name=\"twitter:data1\" content=\"Ana Mar\u00eda Gomez\" \/>\n\t<meta name=\"twitter:label2\" content=\"Tiempo de lectura\" \/>\n\t<meta name=\"twitter:data2\" content=\"2 minutos\" \/>\n<script type=\"application\/ld+json\" class=\"yoast-schema-graph\">{\"@context\":\"https:\/\/schema.org\",\"@graph\":[{\"@type\":\"Article\",\"@id\":\"https:\/\/www.fiscalia.gov.co\/colombia\/seccionales\/fiscalia-movil-continua-garantizando-a-los-ciudadanos-de-boyaca-acceso-a-la-justicia\/#article\",\"isPartOf\":{\"@id\":\"https:\/\/www.fiscalia.gov.co\/colombia\/seccionales\/fiscalia-movil-continua-garantizando-a-los-ciudadanos-de-boyaca-acceso-a-la-justicia\/\"},\"author\":{\"name\":\"Ana Mar\u00eda Gomez\",\"@id\":\"https:\/\/www.fiscalia.gov.co\/colombia\/#\/schema\/person\/06aa2210fe4d79203f428ff671dee360\"},\"headline\":\"Fiscal\u00eda M\u00f3vil contin\u00faa garantizando a los ciudadanos de Boyac\u00e1 acceso a la justicia\",\"datePublished\":\"2021-03-15T14:23:21+00:00\",\"dateModified\":\"2021-03-18T14:39:33+00:00\",\"mainEntityOfPage\":{\"@id\":\"https:\/\/www.fiscalia.gov.co\/colombia\/seccionales\/fiscalia-movil-continua-garantizando-a-los-ciudadanos-de-boyaca-acceso-a-la-justicia\/\"},\"wordCount\":450,\"publisher\":{\"@id\":\"https:\/\/www.fiscalia.gov.co\/colombia\/#organization\"},\"image\":{\"@id\":\"https:\/\/www.fiscalia.gov.co\/colombia\/seccionales\/fiscalia-movil-continua-garantizando-a-los-ciudadanos-de-boyaca-acceso-a-la-justicia\/#primaryimage\"},\"thumbnailUrl\":\"https:\/\/www.fiscalia.gov.co\/colombia\/wp-content\/uploads\/barrio-libertador-1024x576.jpeg\",\"keywords\":[\"Fiscal Barbosa\",\"Fiscal\u00eda\"],\"articleSection\":[\"Seccional Tunja\",\"Seccionales\"],\"inLanguage\":\"es-CO\"},{\"@type\":\"WebPage\",\"@id\":\"https:\/\/www.fiscalia.gov.co\/colombia\/seccionales\/fiscalia-movil-continua-garantizando-a-los-ciudadanos-de-boyaca-acceso-a-la-justicia\/\",\"url\":\"https:\/\/www.fiscalia.gov.co\/colombia\/seccionales\/fiscalia-movil-continua-garantizando-a-los-ciudadanos-de-boyaca-acceso-a-la-justicia\/\",\"name\":\"Fiscal\u00eda General de la Naci\u00f3n\",\"isPartOf\":{\"@id\":\"https:\/\/www.fiscalia.gov.co\/colombia\/#website\"},\"primaryImageOfPage\":{\"@id\":\"https:\/\/www.fiscalia.gov.co\/colombia\/seccionales\/fiscalia-movil-continua-garantizando-a-los-ciudadanos-de-boyaca-acceso-a-la-justicia\/#primaryimage\"},\"image\":{\"@id\":\"https:\/\/www.fiscalia.gov.co\/colombia\/seccionales\/fiscalia-movil-continua-garantizando-a-los-ciudadanos-de-boyaca-acceso-a-la-justicia\/#primaryimage\"},\"thumbnailUrl\":\"https:\/\/www.fiscalia.gov.co\/colombia\/wp-content\/uploads\/barrio-libertador-1024x576.jpeg\",\"datePublished\":\"2021-03-15T14:23:21+00:00\",\"dateModified\":\"2021-03-18T14:39:33+00:00\",\"description\":\"P\u00e1gina oficial de la Fiscal\u00eda General de la Naci\u00f3n \u2013 Colombia. Garantizamos el acceso efectivo a la justicia, la verdad y la reparaci\u00f3n de las v\u00edctimas de los delitos.\",\"breadcrumb\":{\"@id\":\"https:\/\/www.fiscalia.gov.co\/colombia\/seccionales\/fiscalia-movil-continua-garantizando-a-los-ciudadanos-de-boyaca-acceso-a-la-justicia\/#breadcrumb\"},\"inLanguage\":\"es-CO\",\"potentialAction\":[{\"@type\":\"ReadAction\",\"target\":[\"https:\/\/www.fiscalia.gov.co\/colombia\/seccionales\/fiscalia-movil-continua-garantizando-a-los-ciudadanos-de-boyaca-acceso-a-la-justicia\/\"]}]},{\"@type\":\"ImageObject\",\"inLanguage\":\"es-CO\",\"@id\":\"https:\/\/www.fiscalia.gov.co\/colombia\/seccionales\/fiscalia-movil-continua-garantizando-a-los-ciudadanos-de-boyaca-acceso-a-la-justicia\/#primaryimage\",\"url\":\"https:\/\/www.fiscalia.gov.co\/colombia\/wp-content\/uploads\/barrio-libertador-1024x576.jpeg\",\"contentUrl\":\"https:\/\/www.fiscalia.gov.co\/colombia\/wp-content\/uploads\/barrio-libertador-1024x576.jpeg\"},{\"@type\":\"BreadcrumbList\",\"@id\":\"https:\/\/www.fiscalia.gov.co\/colombia\/seccionales\/fiscalia-movil-continua-garantizando-a-los-ciudadanos-de-boyaca-acceso-a-la-justicia\/#breadcrumb\",\"itemListElement\":[{\"@type\":\"ListItem\",\"position\":1,\"name\":\"Home\",\"item\":\"https:\/\/www.fiscalia.gov.co\/colombia\/\"},{\"@type\":\"ListItem\",\"position\":2,\"name\":\"Fiscal\u00eda M\u00f3vil contin\u00faa garantizando a los ciudadanos de Boyac\u00e1 acceso a la justicia\"}]},{\"@type\":\"WebSite\",\"@id\":\"https:\/\/www.fiscalia.gov.co\/colombia\/#website\",\"url\":\"https:\/\/www.fiscalia.gov.co\/colombia\/\",\"name\":\"Fiscal\u00eda General de la Naci\u00f3n\",\"description\":\"P\u00e1gina oficial de la Fiscal\u00eda General de la Naci\u00f3n \u2013 Colombia. Garantizamos el acceso efectivo a la justicia, la verdad y la reparaci\u00f3n de las v\u00edctimas de los delitos.\",\"publisher\":{\"@id\":\"https:\/\/www.fiscalia.gov.co\/colombia\/#organization\"},\"potentialAction\":[{\"@type\":\"SearchAction\",\"target\":{\"@type\":\"EntryPoint\",\"urlTemplate\":\"https:\/\/www.fiscalia.gov.co\/colombia\/?s={search_term_string}\"},\"query-input\":{\"@type\":\"PropertyValueSpecification\",\"valueRequired\":true,\"valueName\":\"search_term_string\"}}],\"inLanguage\":\"es-CO\"},{\"@type\":\"Organization\",\"@id\":\"https:\/\/www.fiscalia.gov.co\/colombia\/#organization\",\"name\":\"Fiscal\u00eda General de la Naci\u00f3n\",\"url\":\"https:\/\/www.fiscalia.gov.co\/colombia\/\",\"logo\":{\"@type\":\"ImageObject\",\"inLanguage\":\"es-CO\",\"@id\":\"https:\/\/www.fiscalia.gov.co\/colombia\/#\/schema\/logo\/image\/\",\"url\":\"https:\/\/www.fiscalia.gov.co\/colombia\/wp-content\/uploads\/LogoHorizontal_1.jpg\",\"contentUrl\":\"https:\/\/www.fiscalia.gov.co\/colombia\/wp-content\/uploads\/LogoHorizontal_1.jpg\",\"width\":300,\"height\":90,\"caption\":\"Fiscal\u00eda General de la Naci\u00f3n\"},\"image\":{\"@id\":\"https:\/\/www.fiscalia.gov.co\/colombia\/#\/schema\/logo\/image\/\"},\"sameAs\":[\"https:\/\/www.facebook.com\/FiscaliaCol\",\"https:\/\/x.com\/FiscaliaCol\",\"https:\/\/www.instagram.com\/fiscaliacol\",\"https:\/\/www.linkedin.com\/company\/fiscalia-general-de-la-naci-n\/\",\"https:\/\/youtube.com\/@fiscaliageneraldelanacion-4668?si=6nN79nyQICPU5iTh\"]},{\"@type\":\"Person\",\"@id\":\"https:\/\/www.fiscalia.gov.co\/colombia\/#\/schema\/person\/06aa2210fe4d79203f428ff671dee360\",\"name\":\"Ana Mar\u00eda Gomez\",\"image\":{\"@type\":\"ImageObject\",\"inLanguage\":\"es-CO\",\"@id\":\"https:\/\/www.fiscalia.gov.co\/colombia\/#\/schema\/person\/image\/\",\"url\":\"https:\/\/secure.gravatar.com\/avatar\/a38115d98a7f8a96cbb96af2b2c37a0b?s=96&d=mm&r=g\",\"contentUrl\":\"https:\/\/secure.gravatar.com\/avatar\/a38115d98a7f8a96cbb96af2b2c37a0b?s=96&d=mm&r=g\",\"caption\":\"Ana Mar\u00eda Gomez\"},\"url\":\"https:\/\/www.fiscalia.gov.co\/colombia\/author\/agomez\/\"}]}<\/script>\n<!-- \/ Yoast SEO plugin. -->","yoast_head_json":{"title":"Fiscal\u00eda General de la Naci\u00f3n","description":"P\u00e1gina oficial de la Fiscal\u00eda General de la Naci\u00f3n \u2013 Colombia. Garantizamos el acceso efectivo a la justicia, la verdad y la reparaci\u00f3n de las v\u00edctimas de los delitos.","robots":{"index":"noindex","follow":"follow"},"og_locale":"es_ES","og_type":"article","og_title":"Fiscal\u00eda General de la Naci\u00f3n","og_description":"P\u00e1gina oficial de la Fiscal\u00eda General de la Naci\u00f3n \u2013 Colombia. Garantizamos el acceso efectivo a la justicia, la verdad y la reparaci\u00f3n de las v\u00edctimas de los delitos.","og_url":"https:\/\/www.fiscalia.gov.co\/colombia\/seccionales\/fiscalia-movil-continua-garantizando-a-los-ciudadanos-de-boyaca-acceso-a-la-justicia\/","og_site_name":"Fiscal\u00eda General de la Naci\u00f3n","article_publisher":"https:\/\/www.facebook.com\/FiscaliaCol","article_published_time":"2021-03-15T14:23:21+00:00","article_modified_time":"2021-03-18T14:39:33+00:00","og_image":[{"url":"https:\/\/www.fiscalia.gov.co\/colombia\/wp-content\/uploads\/barrio-libertador-1024x576.jpeg","type":"","width":"","height":""}],"author":"Ana Mar\u00eda Gomez","twitter_card":"summary_large_image","twitter_creator":"@FiscaliaCol","twitter_site":"@FiscaliaCol","twitter_misc":{"Escrito por":"Ana Mar\u00eda Gomez","Tiempo de lectura":"2 minutos"},"schema":{"@context":"https:\/\/schema.org","@graph":[{"@type":"Article","@id":"https:\/\/www.fiscalia.gov.co\/colombia\/seccionales\/fiscalia-movil-continua-garantizando-a-los-ciudadanos-de-boyaca-acceso-a-la-justicia\/#article","isPartOf":{"@id":"https:\/\/www.fiscalia.gov.co\/colombia\/seccionales\/fiscalia-movil-continua-garantizando-a-los-ciudadanos-de-boyaca-acceso-a-la-justicia\/"},"author":{"name":"Ana Mar\u00eda Gomez","@id":"https:\/\/www.fiscalia.gov.co\/colombia\/#\/schema\/person\/06aa2210fe4d79203f428ff671dee360"},"headline":"Fiscal\u00eda M\u00f3vil contin\u00faa garantizando a los ciudadanos de Boyac\u00e1 acceso a la justicia","datePublished":"2021-03-15T14:23:21+00:00","dateModified":"2021-03-18T14:39:33+00:00","mainEntityOfPage":{"@id":"https:\/\/www.fiscalia.gov.co\/colombia\/seccionales\/fiscalia-movil-continua-garantizando-a-los-ciudadanos-de-boyaca-acceso-a-la-justicia\/"},"wordCount":450,"publisher":{"@id":"https:\/\/www.fiscalia.gov.co\/colombia\/#organization"},"image":{"@id":"https:\/\/www.fiscalia.gov.co\/colombia\/seccionales\/fiscalia-movil-continua-garantizando-a-los-ciudadanos-de-boyaca-acceso-a-la-justicia\/#primaryimage"},"thumbnailUrl":"https:\/\/www.fiscalia.gov.co\/colombia\/wp-content\/uploads\/barrio-libertador-1024x576.jpeg","keywords":["Fiscal Barbosa","Fiscal\u00eda"],"articleSection":["Seccional Tunja","Seccionales"],"inLanguage":"es-CO"},{"@type":"WebPage","@id":"https:\/\/www.fiscalia.gov.co\/colombia\/seccionales\/fiscalia-movil-continua-garantizando-a-los-ciudadanos-de-boyaca-acceso-a-la-justicia\/","url":"https:\/\/www.fiscalia.gov.co\/colombia\/seccionales\/fiscalia-movil-continua-garantizando-a-los-ciudadanos-de-boyaca-acceso-a-la-justicia\/","name":"Fiscal\u00eda General de la Naci\u00f3n","isPartOf":{"@id":"https:\/\/www.fiscalia.gov.co\/colombia\/#website"},"primaryImageOfPage":{"@id":"https:\/\/www.fiscalia.gov.co\/colombia\/seccionales\/fiscalia-movil-continua-garantizando-a-los-ciudadanos-de-boyaca-acceso-a-la-justicia\/#primaryimage"},"image":{"@id":"https:\/\/www.fiscalia.gov.co\/colombia\/seccionales\/fiscalia-movil-continua-garantizando-a-los-ciudadanos-de-boyaca-acceso-a-la-justicia\/#primaryimage"},"thumbnailUrl":"https:\/\/www.fiscalia.gov.co\/colombia\/wp-content\/uploads\/barrio-libertador-1024x576.jpeg","datePublished":"2021-03-15T14:23:21+00:00","dateModified":"2021-03-18T14:39:33+00:00","description":"P\u00e1gina oficial de la Fiscal\u00eda General de la Naci\u00f3n \u2013 Colombia. Garantizamos el acceso efectivo a la justicia, la verdad y la reparaci\u00f3n de las v\u00edctimas de los delitos.","breadcrumb":{"@id":"https:\/\/www.fiscalia.gov.co\/colombia\/seccionales\/fiscalia-movil-continua-garantizando-a-los-ciudadanos-de-boyaca-acceso-a-la-justicia\/#breadcrumb"},"inLanguage":"es-CO","potentialAction":[{"@type":"ReadAction","target":["https:\/\/www.fiscalia.gov.co\/colombia\/seccionales\/fiscalia-movil-continua-garantizando-a-los-ciudadanos-de-boyaca-acceso-a-la-justicia\/"]}]},{"@type":"ImageObject","inLanguage":"es-CO","@id":"https:\/\/www.fiscalia.gov.co\/colombia\/seccionales\/fiscalia-movil-continua-garantizando-a-los-ciudadanos-de-boyaca-acceso-a-la-justicia\/#primaryimage","url":"https:\/\/www.fiscalia.gov.co\/colombia\/wp-content\/uploads\/barrio-libertador-1024x576.jpeg","contentUrl":"https:\/\/www.fiscalia.gov.co\/colombia\/wp-content\/uploads\/barrio-libertador-1024x576.jpeg"},{"@type":"BreadcrumbList","@id":"https:\/\/www.fiscalia.gov.co\/colombia\/seccionales\/fiscalia-movil-continua-garantizando-a-los-ciudadanos-de-boyaca-acceso-a-la-justicia\/#breadcrumb","itemListElement":[{"@type":"ListItem","position":1,"name":"Home","item":"https:\/\/www.fiscalia.gov.co\/colombia\/"},{"@type":"ListItem","position":2,"name":"Fiscal\u00eda M\u00f3vil contin\u00faa garantizando a los ciudadanos de Boyac\u00e1 acceso a la justicia"}]},{"@type":"WebSite","@id":"https:\/\/www.fiscalia.gov.co\/colombia\/#website","url":"https:\/\/www.fiscalia.gov.co\/colombia\/","name":"Fiscal\u00eda General de la Naci\u00f3n","description":"P\u00e1gina oficial de la Fiscal\u00eda General de la Naci\u00f3n \u2013 Colombia. Garantizamos el acceso efectivo a la justicia, la verdad y la reparaci\u00f3n de las v\u00edctimas de los delitos.","publisher":{"@id":"https:\/\/www.fiscalia.gov.co\/colombia\/#organization"},"potentialAction":[{"@type":"SearchAction","target":{"@type":"EntryPoint","urlTemplate":"https:\/\/www.fiscalia.gov.co\/colombia\/?s={search_term_string}"},"query-input":{"@type":"PropertyValueSpecification","valueRequired":true,"valueName":"search_term_string"}}],"inLanguage":"es-CO"},{"@type":"Organization","@id":"https:\/\/www.fiscalia.gov.co\/colombia\/#organization","name":"Fiscal\u00eda General de la Naci\u00f3n","url":"https:\/\/www.fiscalia.gov.co\/colombia\/","logo":{"@type":"ImageObject","inLanguage":"es-CO","@id":"https:\/\/www.fiscalia.gov.co\/colombia\/#\/schema\/logo\/image\/","url":"https:\/\/www.fiscalia.gov.co\/colombia\/wp-content\/uploads\/LogoHorizontal_1.jpg","contentUrl":"https:\/\/www.fiscalia.gov.co\/colombia\/wp-content\/uploads\/LogoHorizontal_1.jpg","width":300,"height":90,"caption":"Fiscal\u00eda General de la Naci\u00f3n"},"image":{"@id":"https:\/\/www.fiscalia.gov.co\/colombia\/#\/schema\/logo\/image\/"},"sameAs":["https:\/\/www.facebook.com\/FiscaliaCol","https:\/\/x.com\/FiscaliaCol","https:\/\/www.instagram.com\/fiscaliacol","https:\/\/www.linkedin.com\/company\/fiscalia-general-de-la-naci-n\/","https:\/\/youtube.com\/@fiscaliageneraldelanacion-4668?si=6nN79nyQICPU5iTh"]},{"@type":"Person","@id":"https:\/\/www.fiscalia.gov.co\/colombia\/#\/schema\/person\/06aa2210fe4d79203f428ff671dee360","name":"Ana Mar\u00eda Gomez","image":{"@type":"ImageObject","inLanguage":"es-CO","@id":"https:\/\/www.fiscalia.gov.co\/colombia\/#\/schema\/person\/image\/","url":"https:\/\/secure.gravatar.com\/avatar\/a38115d98a7f8a96cbb96af2b2c37a0b?s=96&d=mm&r=g","contentUrl":"https:\/\/secure.gravatar.com\/avatar\/a38115d98a7f8a96cbb96af2b2c37a0b?s=96&d=mm&r=g","caption":"Ana Mar\u00eda Gomez"},"url":"https:\/\/www.fiscalia.gov.co\/colombia\/author\/agomez\/"}]}},"_links":{"self":[{"href":"https:\/\/www.fiscalia.gov.co\/colombia\/wp-json\/wp\/v2\/posts\/215720","targetHints":{"allow":["GET"]}}],"collection":[{"href":"https:\/\/www.fiscalia.gov.co\/colombia\/wp-json\/wp\/v2\/posts"}],"about":[{"href":"https:\/\/www.fiscalia.gov.co\/colombia\/wp-json\/wp\/v2\/types\/post"}],"author":[{"embeddable":true,"href":"https:\/\/www.fiscalia.gov.co\/colombia\/wp-json\/wp\/v2\/users\/171"}],"replies":[{"embeddable":true,"href":"https:\/\/www.fiscalia.gov.co\/colombia\/wp-json\/wp\/v2\/comments?post=215720"}],"version-history":[{"count":1,"href":"https:\/\/www.fiscalia.gov.co\/colombia\/wp-json\/wp\/v2\/posts\/215720\/revisions"}],"predecessor-version":[{"id":215724,"href":"https:\/\/www.fiscalia.gov.co\/colombia\/wp-json\/wp\/v2\/posts\/215720\/revisions\/215724"}],"wp:attachment":[{"href":"https:\/\/www.fiscalia.gov.co\/colombia\/wp-json\/wp\/v2\/media?parent=215720"}],"wp:term":[{"taxonomy":"category","embeddable":true,"href":"https:\/\/www.fiscalia.gov.co\/colombia\/wp-json\/wp\/v2\/categories?post=215720"},{"taxonomy":"post_tag","embeddable":true,"href":"https:\/\/www.fiscalia.gov.co\/colombia\/wp-json\/wp\/v2\/tags?post=215720"}],"curies":[{"name":"wp","href":"https:\/\/api.w.org\/{rel}","templated":true}]}}