{"id":215625,"date":"2021-03-13T09:02:25","date_gmt":"2021-03-13T14:02:25","guid":{"rendered":"https:\/\/www.fiscalia.gov.co\/colombia\/?p=215625"},"modified":"2021-03-18T09:22:56","modified_gmt":"2021-03-18T14:22:56","slug":"golpe-al-patrimonio-ilicito-de-una-estructura-senalada-de-camuflar-cocaina-entre-contenedores-para-enviarla-a-centroamerica-y-europa","status":"publish","type":"post","link":"https:\/\/www.fiscalia.gov.co\/colombia\/seccionales\/seccional-bogota\/golpe-al-patrimonio-ilicito-de-una-estructura-senalada-de-camuflar-cocaina-entre-contenedores-para-enviarla-a-centroamerica-y-europa\/","title":{"rendered":"Golpe al patrimonio il\u00edcito de una estructura se\u00f1alada de camuflar coca\u00edna entre contenedores para enviarla a Centroam\u00e9rica y Europa"},"content":{"rendered":"<p><em><strong>Bienes avaluados en m\u00e1s de 7.000 millones de pesos fueron afectados con fines de extinci\u00f3n de dominio.<\/strong><\/em><\/p>\n<p>Como parte de la acciones investigativas definidas en la operaci\u00f3n \u2018<a href=\"https:\/\/www.fiscalia.gov.co\/colombia\/fiscal-general-de-la-nacion\/fiscal-general-de-la-nacion-francisco-barbosa-delgado-lanza-la-operacion-argenta-que-busca-golpear-el-patrimonio-ilicito-del-crimen-organizado\/\">Argenta<\/a>\u2019, dispuesta por el Fiscal General de la Naci\u00f3n, Francisco Barbosa Delgado, para afectar el patrimonio de las organizaciones criminales, la Direcci\u00f3n Especializada de <a href=\"https:\/\/www.fiscalia.gov.co\/colombia\/hechos-concretos\/extincion-de-dominio-a-propiedad-de-general-retirado-investigado-por-corrupcion\/\">Extinci\u00f3n del Derecho de Dominio<\/a> impuso medidas cautelares de embargo, secuestro y suspensi\u00f3n del poder dispositivo sobre seis bienes que pertenecer\u00edan a los cabecillas de una organizaci\u00f3n narcotraficante.<\/p>\n<p>El rastreo financiero realizado puso en evidencia las maniobras a las que habr\u00eda recurrido esta red ilegal para ocultar los recursos que obten\u00eda por la salida de clorhidrato de coca\u00edna por los puertos del Caribe colombiano. En algunas oportunidades, compraron propiedades que, supuestamente, usaron para acopiar el estupefaciente.<\/p>\n<p>Se destaca una finca de 25.000 metros cuadrados, ubicada en la vereda Ca\u00f1abrava \u2013 Aguaprieta de Turbaco (Bol\u00edvar), donde fueron incautados 439 kilogramos de coca\u00edna en 2020. Los dem\u00e1s bienes inmuebles afectados est\u00e1n localizados en Santa Marta (Magdalena) y Cartagena (Bol\u00edvar).<\/p>\n<p>De acuerdo con los elementos de prueba, la estructura impactada estar\u00eda conformada por 10 personas, quienes ser\u00edan las responsables de la log\u00edstica necesaria para camuflar coca\u00edna entre contenedores que sal\u00edan hacia los puertos de <strong>Holanda y Francia, en Europa; y de Guatemala y otros pa\u00edses de Centroam\u00e9rica.<\/strong><\/p>\n<p>Los se\u00f1alados integrantes de esta red tendr\u00edan nexos con el \u2018Clan del Golfo\u2019. Todos enfrentan procesos penales por diferentes eventos relacionados con el env\u00edo de cargamentos de droga y movimientos de altas sumas de dinero entre 2018 y 2020 en Cartagena y carreteras de la Costa Atl\u00e1ntica.<\/p>\n<p>La Fiscal\u00eda General de la Naci\u00f3n hace p\u00fablica esta informaci\u00f3n por razones de inter\u00e9s general.<\/p>\n<p>La Fiscal\u00eda habla con resultados.\u00a0\u00a0\u00a0\u00a0\u00a0\u00a0\u00a0\u00a0\u00a0\u00a0\u00a0\u00a0\u00a0\u00a0\u00a0\u00a0\u00a0\u00a0\u00a0\u00a0\u00a0\u00a0\u00a0\u00a0\u00a0\u00a0\u00a0\u00a0\u00a0\u00a0\u00a0\u00a0\u00a0\u00a0\u00a0\u00a0\u00a0\u00a0\u00a0\u00a0\u00a0\u00a0\u00a0\u00a0\u00a0\u00a0\u00a0\u00a0\u00a0\u00a0\u00a0\u00a0\u00a0\u00a0\u00a0 MAGA\/JARG\/PSY\/MCRC\/<\/p>\n<p><em>La informaci\u00f3n contenida en este bolet\u00edn de prensa corresponde a la narraci\u00f3n de los hechos noticiosos objetivos, suministrados por los funcionarios encargados de adelantar las investigaciones penales al interior de la Fiscal\u00eda General de la Naci\u00f3n. Para el momento de la divulgaci\u00f3n de este comunicado, la situaci\u00f3n jur\u00eddica de la(s) persona(s) relacionada(s) se encuentra pendiente de resolver por la autoridad judicial competente, siempre bajo los preceptos de la presunci\u00f3n de inocencia, consagrados en el art\u00edculo 29 de la Constituci\u00f3n Pol\u00edtica y el art\u00edculo 7\u00ba de la Ley 906 de 2004.<\/em><\/p>\n\n<div class=\"twitter-share\"><a href=\"https:\/\/twitter.com\/intent\/tweet?via=fiscaliacol\" class=\"twitter-share-button\">Tweet<\/a><\/div>\n","protected":false},"excerpt":{"rendered":"<p>Bienes avaluados en m\u00e1s de 7.000 millones de pesos fueron afectados con fines de extinci\u00f3n de dominio. Como parte de la acciones investigativas definidas en la operaci\u00f3n \u2018Argenta\u2019, dispuesta por el Fiscal General de la Naci\u00f3n, Francisco Barbosa Delgado, para afectar el patrimonio de las organizaciones criminales, la Direcci\u00f3n Especializada de Extinci\u00f3n del Derecho de [&hellip;]<\/p>\n","protected":false},"author":175,"featured_media":0,"comment_status":"closed","ping_status":"open","sticky":false,"template":"","format":"video","meta":{"tdm_status":"","tdm_grid_status":"","footnotes":""},"categories":[24116,321],"tags":[18672,24437,24475,78,24182,26239],"class_list":{"0":"post-215625","1":"post","2":"type-post","3":"status-publish","4":"format-video","6":"category-extincion-de-dominio","7":"category-seccional-bogota","8":"tag-clan-del-golfo","9":"tag-estupefaciente","10":"tag-extincion-del-derecho-de-dominio","11":"tag-fiscal-general-de-la-nacion","12":"tag-francisco-barbosa-delgado","13":"tag-operacion-argenta","14":"post_format-post-format-video"},"yoast_head":"<!-- This site is optimized with the Yoast SEO plugin v24.3 - https:\/\/yoast.com\/wordpress\/plugins\/seo\/ -->\n<title>Fiscal\u00eda General de la Naci\u00f3n<\/title>\n<meta name=\"description\" content=\"P\u00e1gina oficial de la Fiscal\u00eda General de la Naci\u00f3n \u2013 Colombia. Garantizamos el acceso efectivo a la justicia, la verdad y la reparaci\u00f3n de las v\u00edctimas de los delitos.\" \/>\n<meta name=\"robots\" content=\"noindex, follow\" \/>\n<meta property=\"og:locale\" content=\"es_ES\" \/>\n<meta property=\"og:type\" content=\"article\" \/>\n<meta property=\"og:title\" content=\"Fiscal\u00eda General de la Naci\u00f3n\" \/>\n<meta property=\"og:description\" content=\"P\u00e1gina oficial de la Fiscal\u00eda General de la Naci\u00f3n \u2013 Colombia. Garantizamos el acceso efectivo a la justicia, la verdad y la reparaci\u00f3n de las v\u00edctimas de los delitos.\" \/>\n<meta property=\"og:url\" content=\"https:\/\/www.fiscalia.gov.co\/colombia\/seccionales\/seccional-bogota\/golpe-al-patrimonio-ilicito-de-una-estructura-senalada-de-camuflar-cocaina-entre-contenedores-para-enviarla-a-centroamerica-y-europa\/\" \/>\n<meta property=\"og:site_name\" content=\"Fiscal\u00eda General de la Naci\u00f3n\" \/>\n<meta property=\"article:publisher\" content=\"https:\/\/www.facebook.com\/FiscaliaCol\" \/>\n<meta property=\"article:published_time\" content=\"2021-03-13T14:02:25+00:00\" \/>\n<meta property=\"article:modified_time\" content=\"2021-03-18T14:22:56+00:00\" \/>\n<meta name=\"author\" content=\"Katherine Loaiza Mart\u00ednez\" \/>\n<meta name=\"twitter:card\" content=\"summary_large_image\" \/>\n<meta name=\"twitter:creator\" content=\"@FiscaliaCol\" \/>\n<meta name=\"twitter:site\" content=\"@FiscaliaCol\" \/>\n<meta name=\"twitter:label1\" content=\"Escrito por\" \/>\n\t<meta name=\"twitter:data1\" content=\"Katherine Loaiza Mart\u00ednez\" \/>\n\t<meta name=\"twitter:label2\" content=\"Tiempo de lectura\" \/>\n\t<meta name=\"twitter:data2\" content=\"2 minutos\" \/>\n<script type=\"application\/ld+json\" class=\"yoast-schema-graph\">{\"@context\":\"https:\/\/schema.org\",\"@graph\":[{\"@type\":\"Article\",\"@id\":\"https:\/\/www.fiscalia.gov.co\/colombia\/seccionales\/seccional-bogota\/golpe-al-patrimonio-ilicito-de-una-estructura-senalada-de-camuflar-cocaina-entre-contenedores-para-enviarla-a-centroamerica-y-europa\/#article\",\"isPartOf\":{\"@id\":\"https:\/\/www.fiscalia.gov.co\/colombia\/seccionales\/seccional-bogota\/golpe-al-patrimonio-ilicito-de-una-estructura-senalada-de-camuflar-cocaina-entre-contenedores-para-enviarla-a-centroamerica-y-europa\/\"},\"author\":{\"name\":\"Katherine Loaiza Mart\u00ednez\",\"@id\":\"https:\/\/www.fiscalia.gov.co\/colombia\/#\/schema\/person\/2e76b9aba5ecf875ed565ce4de0e0415\"},\"headline\":\"Golpe al patrimonio il\u00edcito de una estructura se\u00f1alada de camuflar coca\u00edna entre contenedores para enviarla a Centroam\u00e9rica y Europa\",\"datePublished\":\"2021-03-13T14:02:25+00:00\",\"dateModified\":\"2021-03-18T14:22:56+00:00\",\"mainEntityOfPage\":{\"@id\":\"https:\/\/www.fiscalia.gov.co\/colombia\/seccionales\/seccional-bogota\/golpe-al-patrimonio-ilicito-de-una-estructura-senalada-de-camuflar-cocaina-entre-contenedores-para-enviarla-a-centroamerica-y-europa\/\"},\"wordCount\":438,\"publisher\":{\"@id\":\"https:\/\/www.fiscalia.gov.co\/colombia\/#organization\"},\"keywords\":[\"Clan del Golfo\",\"estupefaciente\",\"extinci\u00f3n del derecho de dominio\",\"Fiscal General de la Naci\u00f3n\",\"Francisco Barbosa Delgado\",\"operaci\u00f3n \u2018Argenta\u2019\"],\"articleSection\":[\"Extinci\u00f3n de dominio\",\"Seccional Bogot\u00e1\"],\"inLanguage\":\"es-CO\"},{\"@type\":\"WebPage\",\"@id\":\"https:\/\/www.fiscalia.gov.co\/colombia\/seccionales\/seccional-bogota\/golpe-al-patrimonio-ilicito-de-una-estructura-senalada-de-camuflar-cocaina-entre-contenedores-para-enviarla-a-centroamerica-y-europa\/\",\"url\":\"https:\/\/www.fiscalia.gov.co\/colombia\/seccionales\/seccional-bogota\/golpe-al-patrimonio-ilicito-de-una-estructura-senalada-de-camuflar-cocaina-entre-contenedores-para-enviarla-a-centroamerica-y-europa\/\",\"name\":\"Fiscal\u00eda General de la Naci\u00f3n\",\"isPartOf\":{\"@id\":\"https:\/\/www.fiscalia.gov.co\/colombia\/#website\"},\"datePublished\":\"2021-03-13T14:02:25+00:00\",\"dateModified\":\"2021-03-18T14:22:56+00:00\",\"description\":\"P\u00e1gina oficial de la Fiscal\u00eda General de la Naci\u00f3n \u2013 Colombia. Garantizamos el acceso efectivo a la justicia, la verdad y la reparaci\u00f3n de las v\u00edctimas de los delitos.\",\"breadcrumb\":{\"@id\":\"https:\/\/www.fiscalia.gov.co\/colombia\/seccionales\/seccional-bogota\/golpe-al-patrimonio-ilicito-de-una-estructura-senalada-de-camuflar-cocaina-entre-contenedores-para-enviarla-a-centroamerica-y-europa\/#breadcrumb\"},\"inLanguage\":\"es-CO\",\"potentialAction\":[{\"@type\":\"ReadAction\",\"target\":[\"https:\/\/www.fiscalia.gov.co\/colombia\/seccionales\/seccional-bogota\/golpe-al-patrimonio-ilicito-de-una-estructura-senalada-de-camuflar-cocaina-entre-contenedores-para-enviarla-a-centroamerica-y-europa\/\"]}]},{\"@type\":\"BreadcrumbList\",\"@id\":\"https:\/\/www.fiscalia.gov.co\/colombia\/seccionales\/seccional-bogota\/golpe-al-patrimonio-ilicito-de-una-estructura-senalada-de-camuflar-cocaina-entre-contenedores-para-enviarla-a-centroamerica-y-europa\/#breadcrumb\",\"itemListElement\":[{\"@type\":\"ListItem\",\"position\":1,\"name\":\"Home\",\"item\":\"https:\/\/www.fiscalia.gov.co\/colombia\/\"},{\"@type\":\"ListItem\",\"position\":2,\"name\":\"Golpe al patrimonio il\u00edcito de una estructura se\u00f1alada de camuflar coca\u00edna entre contenedores para enviarla a Centroam\u00e9rica y Europa\"}]},{\"@type\":\"WebSite\",\"@id\":\"https:\/\/www.fiscalia.gov.co\/colombia\/#website\",\"url\":\"https:\/\/www.fiscalia.gov.co\/colombia\/\",\"name\":\"Fiscal\u00eda General de la Naci\u00f3n\",\"description\":\"P\u00e1gina oficial de la Fiscal\u00eda General de la Naci\u00f3n \u2013 Colombia. Garantizamos el acceso efectivo a la justicia, la verdad y la reparaci\u00f3n de las v\u00edctimas de los delitos.\",\"publisher\":{\"@id\":\"https:\/\/www.fiscalia.gov.co\/colombia\/#organization\"},\"potentialAction\":[{\"@type\":\"SearchAction\",\"target\":{\"@type\":\"EntryPoint\",\"urlTemplate\":\"https:\/\/www.fiscalia.gov.co\/colombia\/?s={search_term_string}\"},\"query-input\":{\"@type\":\"PropertyValueSpecification\",\"valueRequired\":true,\"valueName\":\"search_term_string\"}}],\"inLanguage\":\"es-CO\"},{\"@type\":\"Organization\",\"@id\":\"https:\/\/www.fiscalia.gov.co\/colombia\/#organization\",\"name\":\"Fiscal\u00eda General de la Naci\u00f3n\",\"url\":\"https:\/\/www.fiscalia.gov.co\/colombia\/\",\"logo\":{\"@type\":\"ImageObject\",\"inLanguage\":\"es-CO\",\"@id\":\"https:\/\/www.fiscalia.gov.co\/colombia\/#\/schema\/logo\/image\/\",\"url\":\"https:\/\/www.fiscalia.gov.co\/colombia\/wp-content\/uploads\/LogoHorizontal_1.jpg\",\"contentUrl\":\"https:\/\/www.fiscalia.gov.co\/colombia\/wp-content\/uploads\/LogoHorizontal_1.jpg\",\"width\":300,\"height\":90,\"caption\":\"Fiscal\u00eda General de la Naci\u00f3n\"},\"image\":{\"@id\":\"https:\/\/www.fiscalia.gov.co\/colombia\/#\/schema\/logo\/image\/\"},\"sameAs\":[\"https:\/\/www.facebook.com\/FiscaliaCol\",\"https:\/\/x.com\/FiscaliaCol\",\"https:\/\/www.instagram.com\/fiscaliacol\",\"https:\/\/www.linkedin.com\/company\/fiscalia-general-de-la-naci-n\/\",\"https:\/\/youtube.com\/@fiscaliageneraldelanacion-4668?si=6nN79nyQICPU5iTh\"]},{\"@type\":\"Person\",\"@id\":\"https:\/\/www.fiscalia.gov.co\/colombia\/#\/schema\/person\/2e76b9aba5ecf875ed565ce4de0e0415\",\"name\":\"Katherine Loaiza Mart\u00ednez\",\"image\":{\"@type\":\"ImageObject\",\"inLanguage\":\"es-CO\",\"@id\":\"https:\/\/www.fiscalia.gov.co\/colombia\/#\/schema\/person\/image\/\",\"url\":\"https:\/\/secure.gravatar.com\/avatar\/ab775a2f394c1b83b6d6f78680e57b50?s=96&d=mm&r=g\",\"contentUrl\":\"https:\/\/secure.gravatar.com\/avatar\/ab775a2f394c1b83b6d6f78680e57b50?s=96&d=mm&r=g\",\"caption\":\"Katherine Loaiza Mart\u00ednez\"},\"url\":\"https:\/\/www.fiscalia.gov.co\/colombia\/author\/kloaiza\/\"}]}<\/script>\n<!-- \/ Yoast SEO plugin. -->","yoast_head_json":{"title":"Fiscal\u00eda General de la Naci\u00f3n","description":"P\u00e1gina oficial de la Fiscal\u00eda General de la Naci\u00f3n \u2013 Colombia. Garantizamos el acceso efectivo a la justicia, la verdad y la reparaci\u00f3n de las v\u00edctimas de los delitos.","robots":{"index":"noindex","follow":"follow"},"og_locale":"es_ES","og_type":"article","og_title":"Fiscal\u00eda General de la Naci\u00f3n","og_description":"P\u00e1gina oficial de la Fiscal\u00eda General de la Naci\u00f3n \u2013 Colombia. Garantizamos el acceso efectivo a la justicia, la verdad y la reparaci\u00f3n de las v\u00edctimas de los delitos.","og_url":"https:\/\/www.fiscalia.gov.co\/colombia\/seccionales\/seccional-bogota\/golpe-al-patrimonio-ilicito-de-una-estructura-senalada-de-camuflar-cocaina-entre-contenedores-para-enviarla-a-centroamerica-y-europa\/","og_site_name":"Fiscal\u00eda General de la Naci\u00f3n","article_publisher":"https:\/\/www.facebook.com\/FiscaliaCol","article_published_time":"2021-03-13T14:02:25+00:00","article_modified_time":"2021-03-18T14:22:56+00:00","author":"Katherine Loaiza Mart\u00ednez","twitter_card":"summary_large_image","twitter_creator":"@FiscaliaCol","twitter_site":"@FiscaliaCol","twitter_misc":{"Escrito por":"Katherine Loaiza Mart\u00ednez","Tiempo de lectura":"2 minutos"},"schema":{"@context":"https:\/\/schema.org","@graph":[{"@type":"Article","@id":"https:\/\/www.fiscalia.gov.co\/colombia\/seccionales\/seccional-bogota\/golpe-al-patrimonio-ilicito-de-una-estructura-senalada-de-camuflar-cocaina-entre-contenedores-para-enviarla-a-centroamerica-y-europa\/#article","isPartOf":{"@id":"https:\/\/www.fiscalia.gov.co\/colombia\/seccionales\/seccional-bogota\/golpe-al-patrimonio-ilicito-de-una-estructura-senalada-de-camuflar-cocaina-entre-contenedores-para-enviarla-a-centroamerica-y-europa\/"},"author":{"name":"Katherine Loaiza Mart\u00ednez","@id":"https:\/\/www.fiscalia.gov.co\/colombia\/#\/schema\/person\/2e76b9aba5ecf875ed565ce4de0e0415"},"headline":"Golpe al patrimonio il\u00edcito de una estructura se\u00f1alada de camuflar coca\u00edna entre contenedores para enviarla a Centroam\u00e9rica y Europa","datePublished":"2021-03-13T14:02:25+00:00","dateModified":"2021-03-18T14:22:56+00:00","mainEntityOfPage":{"@id":"https:\/\/www.fiscalia.gov.co\/colombia\/seccionales\/seccional-bogota\/golpe-al-patrimonio-ilicito-de-una-estructura-senalada-de-camuflar-cocaina-entre-contenedores-para-enviarla-a-centroamerica-y-europa\/"},"wordCount":438,"publisher":{"@id":"https:\/\/www.fiscalia.gov.co\/colombia\/#organization"},"keywords":["Clan del Golfo","estupefaciente","extinci\u00f3n del derecho de dominio","Fiscal General de la Naci\u00f3n","Francisco Barbosa Delgado","operaci\u00f3n \u2018Argenta\u2019"],"articleSection":["Extinci\u00f3n de dominio","Seccional Bogot\u00e1"],"inLanguage":"es-CO"},{"@type":"WebPage","@id":"https:\/\/www.fiscalia.gov.co\/colombia\/seccionales\/seccional-bogota\/golpe-al-patrimonio-ilicito-de-una-estructura-senalada-de-camuflar-cocaina-entre-contenedores-para-enviarla-a-centroamerica-y-europa\/","url":"https:\/\/www.fiscalia.gov.co\/colombia\/seccionales\/seccional-bogota\/golpe-al-patrimonio-ilicito-de-una-estructura-senalada-de-camuflar-cocaina-entre-contenedores-para-enviarla-a-centroamerica-y-europa\/","name":"Fiscal\u00eda General de la Naci\u00f3n","isPartOf":{"@id":"https:\/\/www.fiscalia.gov.co\/colombia\/#website"},"datePublished":"2021-03-13T14:02:25+00:00","dateModified":"2021-03-18T14:22:56+00:00","description":"P\u00e1gina oficial de la Fiscal\u00eda General de la Naci\u00f3n \u2013 Colombia. Garantizamos el acceso efectivo a la justicia, la verdad y la reparaci\u00f3n de las v\u00edctimas de los delitos.","breadcrumb":{"@id":"https:\/\/www.fiscalia.gov.co\/colombia\/seccionales\/seccional-bogota\/golpe-al-patrimonio-ilicito-de-una-estructura-senalada-de-camuflar-cocaina-entre-contenedores-para-enviarla-a-centroamerica-y-europa\/#breadcrumb"},"inLanguage":"es-CO","potentialAction":[{"@type":"ReadAction","target":["https:\/\/www.fiscalia.gov.co\/colombia\/seccionales\/seccional-bogota\/golpe-al-patrimonio-ilicito-de-una-estructura-senalada-de-camuflar-cocaina-entre-contenedores-para-enviarla-a-centroamerica-y-europa\/"]}]},{"@type":"BreadcrumbList","@id":"https:\/\/www.fiscalia.gov.co\/colombia\/seccionales\/seccional-bogota\/golpe-al-patrimonio-ilicito-de-una-estructura-senalada-de-camuflar-cocaina-entre-contenedores-para-enviarla-a-centroamerica-y-europa\/#breadcrumb","itemListElement":[{"@type":"ListItem","position":1,"name":"Home","item":"https:\/\/www.fiscalia.gov.co\/colombia\/"},{"@type":"ListItem","position":2,"name":"Golpe al patrimonio il\u00edcito de una estructura se\u00f1alada de camuflar coca\u00edna entre contenedores para enviarla a Centroam\u00e9rica y Europa"}]},{"@type":"WebSite","@id":"https:\/\/www.fiscalia.gov.co\/colombia\/#website","url":"https:\/\/www.fiscalia.gov.co\/colombia\/","name":"Fiscal\u00eda General de la Naci\u00f3n","description":"P\u00e1gina oficial de la Fiscal\u00eda General de la Naci\u00f3n \u2013 Colombia. Garantizamos el acceso efectivo a la justicia, la verdad y la reparaci\u00f3n de las v\u00edctimas de los delitos.","publisher":{"@id":"https:\/\/www.fiscalia.gov.co\/colombia\/#organization"},"potentialAction":[{"@type":"SearchAction","target":{"@type":"EntryPoint","urlTemplate":"https:\/\/www.fiscalia.gov.co\/colombia\/?s={search_term_string}"},"query-input":{"@type":"PropertyValueSpecification","valueRequired":true,"valueName":"search_term_string"}}],"inLanguage":"es-CO"},{"@type":"Organization","@id":"https:\/\/www.fiscalia.gov.co\/colombia\/#organization","name":"Fiscal\u00eda General de la Naci\u00f3n","url":"https:\/\/www.fiscalia.gov.co\/colombia\/","logo":{"@type":"ImageObject","inLanguage":"es-CO","@id":"https:\/\/www.fiscalia.gov.co\/colombia\/#\/schema\/logo\/image\/","url":"https:\/\/www.fiscalia.gov.co\/colombia\/wp-content\/uploads\/LogoHorizontal_1.jpg","contentUrl":"https:\/\/www.fiscalia.gov.co\/colombia\/wp-content\/uploads\/LogoHorizontal_1.jpg","width":300,"height":90,"caption":"Fiscal\u00eda General de la Naci\u00f3n"},"image":{"@id":"https:\/\/www.fiscalia.gov.co\/colombia\/#\/schema\/logo\/image\/"},"sameAs":["https:\/\/www.facebook.com\/FiscaliaCol","https:\/\/x.com\/FiscaliaCol","https:\/\/www.instagram.com\/fiscaliacol","https:\/\/www.linkedin.com\/company\/fiscalia-general-de-la-naci-n\/","https:\/\/youtube.com\/@fiscaliageneraldelanacion-4668?si=6nN79nyQICPU5iTh"]},{"@type":"Person","@id":"https:\/\/www.fiscalia.gov.co\/colombia\/#\/schema\/person\/2e76b9aba5ecf875ed565ce4de0e0415","name":"Katherine Loaiza Mart\u00ednez","image":{"@type":"ImageObject","inLanguage":"es-CO","@id":"https:\/\/www.fiscalia.gov.co\/colombia\/#\/schema\/person\/image\/","url":"https:\/\/secure.gravatar.com\/avatar\/ab775a2f394c1b83b6d6f78680e57b50?s=96&d=mm&r=g","contentUrl":"https:\/\/secure.gravatar.com\/avatar\/ab775a2f394c1b83b6d6f78680e57b50?s=96&d=mm&r=g","caption":"Katherine Loaiza Mart\u00ednez"},"url":"https:\/\/www.fiscalia.gov.co\/colombia\/author\/kloaiza\/"}]}},"_links":{"self":[{"href":"https:\/\/www.fiscalia.gov.co\/colombia\/wp-json\/wp\/v2\/posts\/215625","targetHints":{"allow":["GET"]}}],"collection":[{"href":"https:\/\/www.fiscalia.gov.co\/colombia\/wp-json\/wp\/v2\/posts"}],"about":[{"href":"https:\/\/www.fiscalia.gov.co\/colombia\/wp-json\/wp\/v2\/types\/post"}],"author":[{"embeddable":true,"href":"https:\/\/www.fiscalia.gov.co\/colombia\/wp-json\/wp\/v2\/users\/175"}],"replies":[{"embeddable":true,"href":"https:\/\/www.fiscalia.gov.co\/colombia\/wp-json\/wp\/v2\/comments?post=215625"}],"version-history":[{"count":2,"href":"https:\/\/www.fiscalia.gov.co\/colombia\/wp-json\/wp\/v2\/posts\/215625\/revisions"}],"predecessor-version":[{"id":215629,"href":"https:\/\/www.fiscalia.gov.co\/colombia\/wp-json\/wp\/v2\/posts\/215625\/revisions\/215629"}],"wp:attachment":[{"href":"https:\/\/www.fiscalia.gov.co\/colombia\/wp-json\/wp\/v2\/media?parent=215625"}],"wp:term":[{"taxonomy":"category","embeddable":true,"href":"https:\/\/www.fiscalia.gov.co\/colombia\/wp-json\/wp\/v2\/categories?post=215625"},{"taxonomy":"post_tag","embeddable":true,"href":"https:\/\/www.fiscalia.gov.co\/colombia\/wp-json\/wp\/v2\/tags?post=215625"}],"curies":[{"name":"wp","href":"https:\/\/api.w.org\/{rel}","templated":true}]}}