{"id":215509,"date":"2021-03-12T09:57:23","date_gmt":"2021-03-12T14:57:23","guid":{"rendered":"https:\/\/www.fiscalia.gov.co\/colombia\/?p=215509"},"modified":"2021-03-12T16:49:53","modified_gmt":"2021-03-12T21:49:53","slug":"capturados-presuntos-responsables-de-amenazas-contra-defensores-de-derechos-humanos-y-pobladores-de-el-salado","status":"publish","type":"post","link":"https:\/\/www.fiscalia.gov.co\/colombia\/defensores\/capturados-presuntos-responsables-de-amenazas-contra-defensores-de-derechos-humanos-y-pobladores-de-el-salado\/","title":{"rendered":"Capturados presuntos responsables de amenazas contra defensores de derechos humanos y pobladores de El Salado"},"content":{"rendered":"<blockquote>\n<h4 style=\"text-align: left;\"><em><strong>Los detenidos son la hermana y un vecino de una de las lideresas intimidadas.<\/strong><\/em><\/h4>\n<\/blockquote>\n<p>Desde el momento en el que la comunidad del corregimiento de El Salado, en Carmen de Bol\u00edvar (Bol\u00edvar), puso en conocimiento amenazas contra algunos pobladores y defensores de derechos humanos, el Fiscal General de la Naci\u00f3n, Francisco Barbosa Delgado, dispuso de un equipo itinerante, y articul\u00f3 las capacidades de la Delegada para la Seguridad Ciudadana y de la Direcci\u00f3n Especializada contra los Derechos Humanos para esclarecer lo ocurrido.<\/p>\n<p class=\"s5\"><span class=\"s7\"><span class=\"bumpedFont15\">Gracias al trabajo investigativo realizado<\/span><\/span><span class=\"s7\"><span class=\"bumpedFont15\"> en conjunto con <\/span><\/span><span class=\"s7\"><span class=\"bumpedFont15\">la Dijin de la Polic\u00eda Nacional, se obtuvo evidencia t\u00e9cnica suficiente que da cuenta de que los mensajes de texto intimidatorios conocidos e<\/span><\/span><span class=\"s7\"><span class=\"bumpedFont15\">ntre<\/span><\/span> <span class=\"s7\"><span class=\"bumpedFont15\">el <\/span><\/span><span class=\"s7\"><span class=\"bumpedFont15\">15 de enero y el <\/span><\/span><span class=\"s7\"><span class=\"bumpedFont15\">10 <\/span><\/span><span class=\"s7\"><span class=\"bumpedFont15\">de <\/span><\/span><span class=\"s7\"><span class=\"bumpedFont15\">marzo<\/span><\/span><span class=\"s7\"><span class=\"bumpedFont15\">del a\u00f1o en curso, y los panfletos que circularon entre los habitantes, al parecer, fueron enviados por la hermana y el vecino de una de las lideresas sociales v\u00edctima de las amenazas.<\/span><\/span><\/p>\n<p class=\"s5\"><span class=\"s7\"><span class=\"bumpedFont15\">Las verificaciones realizadas indican que, supuestamente, los mensajes compartidos v\u00eda celular salieron de l\u00edneas telef\u00f3nicas y equipos usados por estas dos personas, y se originaron desde el mismo corregimiento El Salado. Asimismo, se estableci\u00f3 que los panfletos con logos y alusiones a un supuesto grupo armado denominado \u2018\u00c1guilas Negras\u2019<\/span><\/span><span class=\"s7\"><span class=\"bumpedFont15\"> habr\u00edan sido <\/span><\/span><span class=\"s7\"><span class=\"bumpedFont15\">impresos en la casa de uno de los indiciados.<\/span><\/span><\/p>\n<p class=\"s5\"><span class=\"s7\"><span class=\"bumpedFont15\">\u201c<\/span><\/span><span class=\"s7\"><span class=\"bumpedFont15\">Es tremendamente lamentable que los dos capturados aparezcan como supuestas v\u00edctimas de las am<\/span><\/span><span class=\"s7\"><span class=\"bumpedFont15\">enazas<\/span><\/span><span class=\"s7\"><span class=\"bumpedFont15\">. Eso es un en<\/span><\/span><span class=\"s7\"><span class=\"bumpedFont15\">ga\u00f1o<\/span><\/span><span class=\"s7\"><span class=\"bumpedFont15\"> al pa\u00eds y a las instituciones<\/span><\/span><span class=\"s7\"><span class=\"bumpedFont15\">\u201d, precis\u00f3 el Fiscal General de la Naci\u00f3n, Francisco Barbosa Delgado, al dar a conocer los resultados de la investigaci\u00f3n.<\/span><\/span><\/p>\n<p class=\"s5\"><span class=\"s7\"><span class=\"bumpedFont15\">Los dos presuntos responsables de las intimidaciones fueron capturados en El Salado. En los procedimientos se incautaron <\/span><\/span><span class=\"s7\"><span class=\"bumpedFont15\">e<\/span><\/span><span class=\"s7\"><span class=\"bumpedFont15\">quipos celulares, tarjetas SIM, una impresora y otros elementos de prueba. <\/span><\/span><\/p>\n<p class=\"s5\"><span class=\"s7\"><span class=\"bumpedFont15\">Los detenidos ser\u00e1n presentados ante un juez de control de garant\u00edas de Cartagena (Bol\u00edvar). Una fiscal de la Direcci\u00f3n Especializada contra los Derechos Humanos les imputar\u00e1 los delitos de: amenazas contra defensores de derechos humanos, amenazas, desplazamiento forzado y terrorismo.<\/span><\/span><\/p>\n<p class=\"s5\"><span class=\"s7\"><span class=\"bumpedFont15\">La Fiscal\u00eda habla con resultados.<\/span><\/span>\u200b\u200b\u200b\u200b\u200b\u200b\u200b<\/p>\n<p class=\"s5\"><span class=\"s7\"><span class=\"bumpedFont15\">JARG\/<\/span><\/span><span class=\"s7\"><span class=\"bumpedFont15\">DJR.<\/span><\/span><\/p>\n<p><em>La informaci\u00f3n contenida en este bolet\u00edn de prensa corresponde a la narraci\u00f3n de los hechos noticiosos objetivos, suministrados por los funcionarios encargados de adelantar las investigaciones penales al interior de la Fiscal\u00eda General de la Naci\u00f3n. Para el momento de la divulgaci\u00f3n de este comunicado, la situaci\u00f3n jur\u00eddica de la(s) persona(s) relacionada(s) se encuentra pendiente de resolver por la autoridad judicial competente, siempre bajo los preceptos de la presunci\u00f3n de inocencia, consagrados en el art\u00edculo 29 de la Constituci\u00f3n Pol\u00edtica y el art\u00edculo 7\u00ba de la Ley 906 de 2004.<\/em><\/p>\n<p>&nbsp;<\/p>\n\n<div class=\"twitter-share\"><a href=\"https:\/\/twitter.com\/intent\/tweet?via=fiscaliacol\" class=\"twitter-share-button\">Tweet<\/a><\/div>\n","protected":false},"excerpt":{"rendered":"<p>Los detenidos son la hermana y un vecino de una de las lideresas intimidadas. Desde el momento en el que la comunidad del corregimiento de El Salado, en Carmen de Bol\u00edvar (Bol\u00edvar), puso en conocimiento amenazas contra algunos pobladores y defensores de derechos humanos, el Fiscal General de la Naci\u00f3n, Francisco Barbosa Delgado, dispuso de [&hellip;]<\/p>\n","protected":false},"author":171,"featured_media":0,"comment_status":"closed","ping_status":"open","sticky":false,"template":"","format":"video","meta":{"_price":"","_stock":"","_tribe_ticket_header":"","_tribe_default_ticket_provider":"","_tribe_ticket_capacity":"0","_ticket_start_date":"","_ticket_end_date":"","_tribe_ticket_show_description":"","_tribe_ticket_show_not_going":false,"_tribe_ticket_use_global_stock":"","_tribe_ticket_global_stock_level":"","_global_stock_mode":"","_global_stock_cap":"","_tribe_rsvp_for_event":"","_tribe_ticket_going_count":"","_tribe_ticket_not_going_count":"","_tribe_tickets_list":"[]","_tribe_ticket_has_attendee_info_fields":false,"tdm_status":"","tdm_grid_status":"","footnotes":""},"categories":[24176,24102,24096],"tags":[24185,4614],"class_list":{"0":"post-215509","1":"post","2":"type-post","3":"status-publish","4":"format-video","6":"category-defensores","7":"category-derechos-humanos","8":"category-fiscal-general-de-la-nacion","9":"tag-fiscal-barbosa","10":"tag-fiscalia-2","11":"post_format-post-format-video"},"yoast_head":"<!-- This site is optimized with the Yoast SEO plugin v24.3 - https:\/\/yoast.com\/wordpress\/plugins\/seo\/ -->\n<title>Fiscal\u00eda General de la Naci\u00f3n<\/title>\n<meta name=\"description\" content=\"P\u00e1gina oficial de la Fiscal\u00eda General de la Naci\u00f3n \u2013 Colombia. Garantizamos el acceso efectivo a la justicia, la verdad y la reparaci\u00f3n de las v\u00edctimas de los delitos.\" \/>\n<meta name=\"robots\" content=\"noindex, follow\" \/>\n<meta property=\"og:locale\" content=\"es_ES\" \/>\n<meta property=\"og:type\" content=\"article\" \/>\n<meta property=\"og:title\" content=\"Fiscal\u00eda General de la Naci\u00f3n\" \/>\n<meta property=\"og:description\" content=\"P\u00e1gina oficial de la Fiscal\u00eda General de la Naci\u00f3n \u2013 Colombia. Garantizamos el acceso efectivo a la justicia, la verdad y la reparaci\u00f3n de las v\u00edctimas de los delitos.\" \/>\n<meta property=\"og:url\" content=\"https:\/\/www.fiscalia.gov.co\/colombia\/defensores\/capturados-presuntos-responsables-de-amenazas-contra-defensores-de-derechos-humanos-y-pobladores-de-el-salado\/\" \/>\n<meta property=\"og:site_name\" content=\"Fiscal\u00eda General de la Naci\u00f3n\" \/>\n<meta property=\"article:publisher\" content=\"https:\/\/www.facebook.com\/FiscaliaCol\" \/>\n<meta property=\"article:published_time\" content=\"2021-03-12T14:57:23+00:00\" \/>\n<meta property=\"article:modified_time\" content=\"2021-03-12T21:49:53+00:00\" \/>\n<meta name=\"author\" content=\"Ana Mar\u00eda Gomez\" \/>\n<meta name=\"twitter:card\" content=\"summary_large_image\" \/>\n<meta name=\"twitter:creator\" content=\"@FiscaliaCol\" \/>\n<meta name=\"twitter:site\" content=\"@FiscaliaCol\" \/>\n<meta name=\"twitter:label1\" content=\"Escrito por\" \/>\n\t<meta name=\"twitter:data1\" content=\"Ana Mar\u00eda Gomez\" \/>\n\t<meta name=\"twitter:label2\" content=\"Tiempo de lectura\" \/>\n\t<meta name=\"twitter:data2\" content=\"2 minutos\" \/>\n<script type=\"application\/ld+json\" class=\"yoast-schema-graph\">{\"@context\":\"https:\/\/schema.org\",\"@graph\":[{\"@type\":\"Article\",\"@id\":\"https:\/\/www.fiscalia.gov.co\/colombia\/defensores\/capturados-presuntos-responsables-de-amenazas-contra-defensores-de-derechos-humanos-y-pobladores-de-el-salado\/#article\",\"isPartOf\":{\"@id\":\"https:\/\/www.fiscalia.gov.co\/colombia\/defensores\/capturados-presuntos-responsables-de-amenazas-contra-defensores-de-derechos-humanos-y-pobladores-de-el-salado\/\"},\"author\":{\"name\":\"Ana Mar\u00eda Gomez\",\"@id\":\"https:\/\/www.fiscalia.gov.co\/colombia\/#\/schema\/person\/06aa2210fe4d79203f428ff671dee360\"},\"headline\":\"Capturados presuntos responsables de amenazas contra defensores de derechos humanos y pobladores de El Salado\",\"datePublished\":\"2021-03-12T14:57:23+00:00\",\"dateModified\":\"2021-03-12T21:49:53+00:00\",\"mainEntityOfPage\":{\"@id\":\"https:\/\/www.fiscalia.gov.co\/colombia\/defensores\/capturados-presuntos-responsables-de-amenazas-contra-defensores-de-derechos-humanos-y-pobladores-de-el-salado\/\"},\"wordCount\":474,\"publisher\":{\"@id\":\"https:\/\/www.fiscalia.gov.co\/colombia\/#organization\"},\"keywords\":[\"Fiscal Barbosa\",\"Fiscal\u00eda\"],\"articleSection\":[\"Defensores\",\"Derechos Humanos\",\"Fiscal General de la Naci\u00f3n\"],\"inLanguage\":\"es-CO\"},{\"@type\":\"WebPage\",\"@id\":\"https:\/\/www.fiscalia.gov.co\/colombia\/defensores\/capturados-presuntos-responsables-de-amenazas-contra-defensores-de-derechos-humanos-y-pobladores-de-el-salado\/\",\"url\":\"https:\/\/www.fiscalia.gov.co\/colombia\/defensores\/capturados-presuntos-responsables-de-amenazas-contra-defensores-de-derechos-humanos-y-pobladores-de-el-salado\/\",\"name\":\"Fiscal\u00eda General de la Naci\u00f3n\",\"isPartOf\":{\"@id\":\"https:\/\/www.fiscalia.gov.co\/colombia\/#website\"},\"datePublished\":\"2021-03-12T14:57:23+00:00\",\"dateModified\":\"2021-03-12T21:49:53+00:00\",\"description\":\"P\u00e1gina oficial de la Fiscal\u00eda General de la Naci\u00f3n \u2013 Colombia. Garantizamos el acceso efectivo a la justicia, la verdad y la reparaci\u00f3n de las v\u00edctimas de los delitos.\",\"breadcrumb\":{\"@id\":\"https:\/\/www.fiscalia.gov.co\/colombia\/defensores\/capturados-presuntos-responsables-de-amenazas-contra-defensores-de-derechos-humanos-y-pobladores-de-el-salado\/#breadcrumb\"},\"inLanguage\":\"es-CO\",\"potentialAction\":[{\"@type\":\"ReadAction\",\"target\":[\"https:\/\/www.fiscalia.gov.co\/colombia\/defensores\/capturados-presuntos-responsables-de-amenazas-contra-defensores-de-derechos-humanos-y-pobladores-de-el-salado\/\"]}]},{\"@type\":\"BreadcrumbList\",\"@id\":\"https:\/\/www.fiscalia.gov.co\/colombia\/defensores\/capturados-presuntos-responsables-de-amenazas-contra-defensores-de-derechos-humanos-y-pobladores-de-el-salado\/#breadcrumb\",\"itemListElement\":[{\"@type\":\"ListItem\",\"position\":1,\"name\":\"Home\",\"item\":\"https:\/\/www.fiscalia.gov.co\/colombia\/\"},{\"@type\":\"ListItem\",\"position\":2,\"name\":\"Capturados presuntos responsables de amenazas contra defensores de derechos humanos y pobladores de El Salado\"}]},{\"@type\":\"WebSite\",\"@id\":\"https:\/\/www.fiscalia.gov.co\/colombia\/#website\",\"url\":\"https:\/\/www.fiscalia.gov.co\/colombia\/\",\"name\":\"Fiscal\u00eda General de la Naci\u00f3n\",\"description\":\"P\u00e1gina oficial de la Fiscal\u00eda General de la Naci\u00f3n \u2013 Colombia. Garantizamos el acceso efectivo a la justicia, la verdad y la reparaci\u00f3n de las v\u00edctimas de los delitos.\",\"publisher\":{\"@id\":\"https:\/\/www.fiscalia.gov.co\/colombia\/#organization\"},\"potentialAction\":[{\"@type\":\"SearchAction\",\"target\":{\"@type\":\"EntryPoint\",\"urlTemplate\":\"https:\/\/www.fiscalia.gov.co\/colombia\/?s={search_term_string}\"},\"query-input\":{\"@type\":\"PropertyValueSpecification\",\"valueRequired\":true,\"valueName\":\"search_term_string\"}}],\"inLanguage\":\"es-CO\"},{\"@type\":\"Organization\",\"@id\":\"https:\/\/www.fiscalia.gov.co\/colombia\/#organization\",\"name\":\"Fiscal\u00eda General de la Naci\u00f3n\",\"url\":\"https:\/\/www.fiscalia.gov.co\/colombia\/\",\"logo\":{\"@type\":\"ImageObject\",\"inLanguage\":\"es-CO\",\"@id\":\"https:\/\/www.fiscalia.gov.co\/colombia\/#\/schema\/logo\/image\/\",\"url\":\"https:\/\/www.fiscalia.gov.co\/colombia\/wp-content\/uploads\/LogoHorizontal_1.jpg\",\"contentUrl\":\"https:\/\/www.fiscalia.gov.co\/colombia\/wp-content\/uploads\/LogoHorizontal_1.jpg\",\"width\":300,\"height\":90,\"caption\":\"Fiscal\u00eda General de la Naci\u00f3n\"},\"image\":{\"@id\":\"https:\/\/www.fiscalia.gov.co\/colombia\/#\/schema\/logo\/image\/\"},\"sameAs\":[\"https:\/\/www.facebook.com\/FiscaliaCol\",\"https:\/\/x.com\/FiscaliaCol\",\"https:\/\/www.instagram.com\/fiscaliacol\",\"https:\/\/www.linkedin.com\/company\/fiscalia-general-de-la-naci-n\/\",\"https:\/\/youtube.com\/@fiscaliageneraldelanacion-4668?si=6nN79nyQICPU5iTh\"]},{\"@type\":\"Person\",\"@id\":\"https:\/\/www.fiscalia.gov.co\/colombia\/#\/schema\/person\/06aa2210fe4d79203f428ff671dee360\",\"name\":\"Ana Mar\u00eda Gomez\",\"image\":{\"@type\":\"ImageObject\",\"inLanguage\":\"es-CO\",\"@id\":\"https:\/\/www.fiscalia.gov.co\/colombia\/#\/schema\/person\/image\/\",\"url\":\"https:\/\/secure.gravatar.com\/avatar\/a38115d98a7f8a96cbb96af2b2c37a0b?s=96&d=mm&r=g\",\"contentUrl\":\"https:\/\/secure.gravatar.com\/avatar\/a38115d98a7f8a96cbb96af2b2c37a0b?s=96&d=mm&r=g\",\"caption\":\"Ana Mar\u00eda Gomez\"},\"url\":\"https:\/\/www.fiscalia.gov.co\/colombia\/author\/agomez\/\"}]}<\/script>\n<!-- \/ Yoast SEO plugin. -->","yoast_head_json":{"title":"Fiscal\u00eda General de la Naci\u00f3n","description":"P\u00e1gina oficial de la Fiscal\u00eda General de la Naci\u00f3n \u2013 Colombia. Garantizamos el acceso efectivo a la justicia, la verdad y la reparaci\u00f3n de las v\u00edctimas de los delitos.","robots":{"index":"noindex","follow":"follow"},"og_locale":"es_ES","og_type":"article","og_title":"Fiscal\u00eda General de la Naci\u00f3n","og_description":"P\u00e1gina oficial de la Fiscal\u00eda General de la Naci\u00f3n \u2013 Colombia. Garantizamos el acceso efectivo a la justicia, la verdad y la reparaci\u00f3n de las v\u00edctimas de los delitos.","og_url":"https:\/\/www.fiscalia.gov.co\/colombia\/defensores\/capturados-presuntos-responsables-de-amenazas-contra-defensores-de-derechos-humanos-y-pobladores-de-el-salado\/","og_site_name":"Fiscal\u00eda General de la Naci\u00f3n","article_publisher":"https:\/\/www.facebook.com\/FiscaliaCol","article_published_time":"2021-03-12T14:57:23+00:00","article_modified_time":"2021-03-12T21:49:53+00:00","author":"Ana Mar\u00eda Gomez","twitter_card":"summary_large_image","twitter_creator":"@FiscaliaCol","twitter_site":"@FiscaliaCol","twitter_misc":{"Escrito por":"Ana Mar\u00eda Gomez","Tiempo de lectura":"2 minutos"},"schema":{"@context":"https:\/\/schema.org","@graph":[{"@type":"Article","@id":"https:\/\/www.fiscalia.gov.co\/colombia\/defensores\/capturados-presuntos-responsables-de-amenazas-contra-defensores-de-derechos-humanos-y-pobladores-de-el-salado\/#article","isPartOf":{"@id":"https:\/\/www.fiscalia.gov.co\/colombia\/defensores\/capturados-presuntos-responsables-de-amenazas-contra-defensores-de-derechos-humanos-y-pobladores-de-el-salado\/"},"author":{"name":"Ana Mar\u00eda Gomez","@id":"https:\/\/www.fiscalia.gov.co\/colombia\/#\/schema\/person\/06aa2210fe4d79203f428ff671dee360"},"headline":"Capturados presuntos responsables de amenazas contra defensores de derechos humanos y pobladores de El Salado","datePublished":"2021-03-12T14:57:23+00:00","dateModified":"2021-03-12T21:49:53+00:00","mainEntityOfPage":{"@id":"https:\/\/www.fiscalia.gov.co\/colombia\/defensores\/capturados-presuntos-responsables-de-amenazas-contra-defensores-de-derechos-humanos-y-pobladores-de-el-salado\/"},"wordCount":474,"publisher":{"@id":"https:\/\/www.fiscalia.gov.co\/colombia\/#organization"},"keywords":["Fiscal Barbosa","Fiscal\u00eda"],"articleSection":["Defensores","Derechos Humanos","Fiscal General de la Naci\u00f3n"],"inLanguage":"es-CO"},{"@type":"WebPage","@id":"https:\/\/www.fiscalia.gov.co\/colombia\/defensores\/capturados-presuntos-responsables-de-amenazas-contra-defensores-de-derechos-humanos-y-pobladores-de-el-salado\/","url":"https:\/\/www.fiscalia.gov.co\/colombia\/defensores\/capturados-presuntos-responsables-de-amenazas-contra-defensores-de-derechos-humanos-y-pobladores-de-el-salado\/","name":"Fiscal\u00eda General de la Naci\u00f3n","isPartOf":{"@id":"https:\/\/www.fiscalia.gov.co\/colombia\/#website"},"datePublished":"2021-03-12T14:57:23+00:00","dateModified":"2021-03-12T21:49:53+00:00","description":"P\u00e1gina oficial de la Fiscal\u00eda General de la Naci\u00f3n \u2013 Colombia. Garantizamos el acceso efectivo a la justicia, la verdad y la reparaci\u00f3n de las v\u00edctimas de los delitos.","breadcrumb":{"@id":"https:\/\/www.fiscalia.gov.co\/colombia\/defensores\/capturados-presuntos-responsables-de-amenazas-contra-defensores-de-derechos-humanos-y-pobladores-de-el-salado\/#breadcrumb"},"inLanguage":"es-CO","potentialAction":[{"@type":"ReadAction","target":["https:\/\/www.fiscalia.gov.co\/colombia\/defensores\/capturados-presuntos-responsables-de-amenazas-contra-defensores-de-derechos-humanos-y-pobladores-de-el-salado\/"]}]},{"@type":"BreadcrumbList","@id":"https:\/\/www.fiscalia.gov.co\/colombia\/defensores\/capturados-presuntos-responsables-de-amenazas-contra-defensores-de-derechos-humanos-y-pobladores-de-el-salado\/#breadcrumb","itemListElement":[{"@type":"ListItem","position":1,"name":"Home","item":"https:\/\/www.fiscalia.gov.co\/colombia\/"},{"@type":"ListItem","position":2,"name":"Capturados presuntos responsables de amenazas contra defensores de derechos humanos y pobladores de El Salado"}]},{"@type":"WebSite","@id":"https:\/\/www.fiscalia.gov.co\/colombia\/#website","url":"https:\/\/www.fiscalia.gov.co\/colombia\/","name":"Fiscal\u00eda General de la Naci\u00f3n","description":"P\u00e1gina oficial de la Fiscal\u00eda General de la Naci\u00f3n \u2013 Colombia. Garantizamos el acceso efectivo a la justicia, la verdad y la reparaci\u00f3n de las v\u00edctimas de los delitos.","publisher":{"@id":"https:\/\/www.fiscalia.gov.co\/colombia\/#organization"},"potentialAction":[{"@type":"SearchAction","target":{"@type":"EntryPoint","urlTemplate":"https:\/\/www.fiscalia.gov.co\/colombia\/?s={search_term_string}"},"query-input":{"@type":"PropertyValueSpecification","valueRequired":true,"valueName":"search_term_string"}}],"inLanguage":"es-CO"},{"@type":"Organization","@id":"https:\/\/www.fiscalia.gov.co\/colombia\/#organization","name":"Fiscal\u00eda General de la Naci\u00f3n","url":"https:\/\/www.fiscalia.gov.co\/colombia\/","logo":{"@type":"ImageObject","inLanguage":"es-CO","@id":"https:\/\/www.fiscalia.gov.co\/colombia\/#\/schema\/logo\/image\/","url":"https:\/\/www.fiscalia.gov.co\/colombia\/wp-content\/uploads\/LogoHorizontal_1.jpg","contentUrl":"https:\/\/www.fiscalia.gov.co\/colombia\/wp-content\/uploads\/LogoHorizontal_1.jpg","width":300,"height":90,"caption":"Fiscal\u00eda General de la Naci\u00f3n"},"image":{"@id":"https:\/\/www.fiscalia.gov.co\/colombia\/#\/schema\/logo\/image\/"},"sameAs":["https:\/\/www.facebook.com\/FiscaliaCol","https:\/\/x.com\/FiscaliaCol","https:\/\/www.instagram.com\/fiscaliacol","https:\/\/www.linkedin.com\/company\/fiscalia-general-de-la-naci-n\/","https:\/\/youtube.com\/@fiscaliageneraldelanacion-4668?si=6nN79nyQICPU5iTh"]},{"@type":"Person","@id":"https:\/\/www.fiscalia.gov.co\/colombia\/#\/schema\/person\/06aa2210fe4d79203f428ff671dee360","name":"Ana Mar\u00eda Gomez","image":{"@type":"ImageObject","inLanguage":"es-CO","@id":"https:\/\/www.fiscalia.gov.co\/colombia\/#\/schema\/person\/image\/","url":"https:\/\/secure.gravatar.com\/avatar\/a38115d98a7f8a96cbb96af2b2c37a0b?s=96&d=mm&r=g","contentUrl":"https:\/\/secure.gravatar.com\/avatar\/a38115d98a7f8a96cbb96af2b2c37a0b?s=96&d=mm&r=g","caption":"Ana Mar\u00eda Gomez"},"url":"https:\/\/www.fiscalia.gov.co\/colombia\/author\/agomez\/"}]}},"_links":{"self":[{"href":"https:\/\/www.fiscalia.gov.co\/colombia\/wp-json\/wp\/v2\/posts\/215509","targetHints":{"allow":["GET"]}}],"collection":[{"href":"https:\/\/www.fiscalia.gov.co\/colombia\/wp-json\/wp\/v2\/posts"}],"about":[{"href":"https:\/\/www.fiscalia.gov.co\/colombia\/wp-json\/wp\/v2\/types\/post"}],"author":[{"embeddable":true,"href":"https:\/\/www.fiscalia.gov.co\/colombia\/wp-json\/wp\/v2\/users\/171"}],"replies":[{"embeddable":true,"href":"https:\/\/www.fiscalia.gov.co\/colombia\/wp-json\/wp\/v2\/comments?post=215509"}],"version-history":[{"count":5,"href":"https:\/\/www.fiscalia.gov.co\/colombia\/wp-json\/wp\/v2\/posts\/215509\/revisions"}],"predecessor-version":[{"id":215514,"href":"https:\/\/www.fiscalia.gov.co\/colombia\/wp-json\/wp\/v2\/posts\/215509\/revisions\/215514"}],"wp:attachment":[{"href":"https:\/\/www.fiscalia.gov.co\/colombia\/wp-json\/wp\/v2\/media?parent=215509"}],"wp:term":[{"taxonomy":"category","embeddable":true,"href":"https:\/\/www.fiscalia.gov.co\/colombia\/wp-json\/wp\/v2\/categories?post=215509"},{"taxonomy":"post_tag","embeddable":true,"href":"https:\/\/www.fiscalia.gov.co\/colombia\/wp-json\/wp\/v2\/tags?post=215509"}],"curies":[{"name":"wp","href":"https:\/\/api.w.org\/{rel}","templated":true}]}}