{"id":215464,"date":"2021-03-11T17:53:33","date_gmt":"2021-03-11T22:53:33","guid":{"rendered":"https:\/\/www.fiscalia.gov.co\/colombia\/?p=215464"},"modified":"2021-03-12T16:46:00","modified_gmt":"2021-03-12T21:46:00","slug":"tras-intervencion-en-5-comunas-de-cali-fiscalia-ha-logrado-un-79-de-efectividad-en-la-lucha-contra-la-delincuencia-en-la-ciudad","status":"publish","type":"post","link":"https:\/\/www.fiscalia.gov.co\/colombia\/el-fiscal-en-los-territorios\/tras-intervencion-en-5-comunas-de-cali-fiscalia-ha-logrado-un-79-de-efectividad-en-la-lucha-contra-la-delincuencia-en-la-ciudad\/","title":{"rendered":"Tras intervenci\u00f3n en 5 comunas de Cali, Fiscal\u00eda ha logrado un 79% de efectividad en la lucha contra la delincuencia en la ciudad"},"content":{"rendered":"<h4 style=\"text-align: left;\"><strong><em>En los \u00faltimos 23 d\u00edas, se han materializado las capturas de 448 personas por diversos delitos que afectan la seguridad ciudadana en la capital vallecaucana y 10 municipios m\u00e1s.<\/em><\/strong><\/h4>\n<p>Como parte de su pol\u00edtica institucional \u2018En las calles y en los territorios\u2019, el Fiscal General de la Naci\u00f3n, Francisco Barbosa Delgado, revel\u00f3 desde Cali, los avances en la ejecuci\u00f3n del Laboratorio de Recuperaci\u00f3n Zonal de las Comunas 13, 14, 15, 16 y 21, que integran el Distrito 4 de la ciudad, con lo cual se logr\u00f3 la <strong>captura de 115 personas<\/strong>, 77 en flagrancia y 38 por orden judicial, dentro de la focalizaci\u00f3n integral zonificada contra actores criminales y expendios de estupefacientes.<\/p>\n<p>El Fiscal Barbosa sostuvo una reuni\u00f3n con su grupo directivo, el equipo de la Direcci\u00f3n Seccional de Cali, el alcalde de la capital vallecaucana, Jorge Iv\u00e1n Ospina; y la Polic\u00eda Nacional para hacer seguimiento a la implementaci\u00f3n de esta estrategia que ha permitido combatir la delincuencia y donde se ha evidenciado mayor \u00edndice de homicidio, extorsi\u00f3n, lesiones personales, violencia intrafamiliar, entre otros delitos.<\/p>\n<p>Con la intervenci\u00f3n judicial igualmente se han identificado y golpeado los nodos de criminalidad urbana que afectan la seguridad y convivencia de la ciudadan\u00eda. Adem\u00e1s, se busca reducir el \u00edndice de muertes violentas en esas comunas y elevar la tasa de esclarecimiento de homicidios dolosos.<\/p>\n<p>Tras estas capturas realizadas en los \u00faltimos 23 d\u00edas, el ente investigador ha logrado un 79% de efectividad con la imposici\u00f3n de medidas de aseguramiento por parte de jueces de control de garant\u00edas: 83 personas fueron enviadas a la c\u00e1rcel y 7 quedaron con detenci\u00f3n domiciliaria.<\/p>\n<p>Entre los procesados est\u00e1n cuatro presuntos integrantes del <strong>grupo delincuencial La Antena<\/strong>, dedicado al hurto a personas y establecimientos comerciales en las citadas comunas, as\u00ed como al fleteo. Actualmente, se les adelantan investigaciones en las ciudades de Buga y Palmira.<\/p>\n<p>El ente acusador obtuvo medida de aseguramiento intramuros para los investigados, por los delitos de <strong>concierto para delinquir agravado y <\/strong><a href=\"https:\/\/www.fiscalia.gov.co\/colombia\/crimen-organizado\/por-extorsion-y-hurto-calificado-tres-presuntos-integrantes-de-la-banda-delictiva-la-local-fueron-enviados-a-la-carcel\/\"><strong>hurto calificado<\/strong><\/a>, luego de su captura durante diligencias de registro y allanamiento en viviendas de los barrios El Vallado y Decepaz.<\/p>\n<p>Por otra parte, en el marco de la estrategia de focalizaci\u00f3n se han realizado 99 allanamientos a viviendas, donde se han encontrado armas de fuego y se ha identificado que son usadas como centros de acopio, distribuci\u00f3n y comercializaci\u00f3n de sustancias il\u00edcitas (coca\u00edna, marihuana, bazuco y drogas sint\u00e9ticas), afectando entornos escolares, parques recreativos y plazoletas de eventos.<\/p>\n<p>En este mismo per\u00edodo han sido incautados 90 kilos de estupefacientes, que al parecer ser\u00edan comercializados bajo la modalidad de menudeo.<\/p>\n<p>La Fiscal\u00eda tambi\u00e9n logr\u00f3 la imposici\u00f3n de medidas cautelares con fines de extinci\u00f3n de dominio, sobre 9 inmuebles ubicados en los barrios El Diamante (Comuna 13), Los Mangos (Comuna 14), El Vallado (Comuna 15), Mariano Ramos (Comuna 16) y Decepaz (Comuna 21).<\/p>\n<p>\u201cQueremos enviarle un mensaje a la ciudad de Cali, la Fiscal\u00eda acompa\u00f1a a la Alcald\u00eda, a la Polic\u00eda Metropolitana en esta tarea conjunta de lograr no solamente un mayor esclarecimiento de los cr\u00edmenes como hemos venido ya teni\u00e9ndolo, con un 80% de esclarecimiento en feminicidio y con un 29% de esclarecimiento de homicidios en la ciudad\u201d, recalc\u00f3 el jefe del ente acusador.<\/p>\n<p>Por su parte, el alcalde Ospina exalt\u00f3 la estrategia y el trabajo articulado que se viene adelantando con la Fiscal\u00eda para poder confrontar de manera integral todas las manifestaciones de criminalidad y de violencia en la ciudad.<\/p>\n<p><strong>Otros municipios<\/strong><\/p>\n<p>La Seccional Cali, en desarrollo de la estrategia diferencial en los territorios, ha logrado contundentes resultados en los municipios de Yumbo, Dagua, La Cumbre, Vijes, Cerrito, Palmira, Pradera, Florida, Candelaria y Jamund\u00ed.<\/p>\n<p>En total, se han hecho efectivas 448 capturas, incluidas las de la capital vallecaucana, as\u00ed:<\/p>\n<ul>\n<li>Tr\u00e1fico de estupefacientes &#8211; 121<\/li>\n<li>Hurto &#8211; 83<\/li>\n<li>Tr\u00e1fico de armas &#8211; 75<\/li>\n<li>Homicidio &#8211; 38<\/li>\n<li>Violencia intrafamiliar &#8211; 34<\/li>\n<li>Delitos sexuales &#8211; 19<\/li>\n<li>Otros &#8211; 78<\/li>\n<\/ul>\n<p>Esta informaci\u00f3n se publica por razones de inter\u00e9s general. La Fiscal\u00eda General de la Naci\u00f3n habla con resultados.<\/p>\n<p>JGPV\/JFEL\/DLBM\/MRC.<\/p>\n\n<div class=\"twitter-share\"><a href=\"https:\/\/twitter.com\/intent\/tweet?via=fiscaliacol\" class=\"twitter-share-button\">Tweet<\/a><\/div>\n","protected":false},"excerpt":{"rendered":"<p>En los \u00faltimos 23 d\u00edas, se han materializado las capturas de 448 personas por diversos delitos que afectan la seguridad ciudadana en la capital vallecaucana y 10 municipios m\u00e1s. Como [&hellip;]<\/p>\n","protected":false},"author":171,"featured_media":0,"comment_status":"closed","ping_status":"open","sticky":false,"template":"","format":"video","meta":{"tdm_status":"","tdm_grid_status":"","footnotes":""},"categories":[25128,24096],"tags":[24185,4614],"class_list":["post-215464","post","type-post","status-publish","format-video","category-el-fiscal-en-los-territorios","category-fiscal-general-de-la-nacion","tag-fiscal-barbosa","tag-fiscalia-2","post_format-post-format-video"],"yoast_head":"<!-- This site is optimized with the Yoast SEO plugin v24.3 - https:\/\/yoast.com\/wordpress\/plugins\/seo\/ -->\n<title>Fiscal\u00eda General de la Naci\u00f3n<\/title>\n<meta name=\"description\" content=\"P\u00e1gina oficial de la Fiscal\u00eda General de la Naci\u00f3n \u2013 Colombia. Garantizamos el acceso efectivo a la justicia, la verdad y la reparaci\u00f3n de las v\u00edctimas de los delitos.\" \/>\n<meta name=\"robots\" content=\"noindex, follow\" \/>\n<meta property=\"og:locale\" content=\"es_ES\" \/>\n<meta property=\"og:type\" content=\"article\" \/>\n<meta property=\"og:title\" content=\"Fiscal\u00eda General de la Naci\u00f3n\" \/>\n<meta property=\"og:description\" content=\"P\u00e1gina oficial de la Fiscal\u00eda General de la Naci\u00f3n \u2013 Colombia. Garantizamos el acceso efectivo a la justicia, la verdad y la reparaci\u00f3n de las v\u00edctimas de los delitos.\" \/>\n<meta property=\"og:url\" content=\"https:\/\/www.fiscalia.gov.co\/colombia\/el-fiscal-en-los-territorios\/tras-intervencion-en-5-comunas-de-cali-fiscalia-ha-logrado-un-79-de-efectividad-en-la-lucha-contra-la-delincuencia-en-la-ciudad\/\" \/>\n<meta property=\"og:site_name\" content=\"Fiscal\u00eda General de la Naci\u00f3n\" \/>\n<meta property=\"article:publisher\" content=\"https:\/\/www.facebook.com\/FiscaliaCol\" \/>\n<meta property=\"article:published_time\" content=\"2021-03-11T22:53:33+00:00\" \/>\n<meta property=\"article:modified_time\" content=\"2021-03-12T21:46:00+00:00\" \/>\n<meta name=\"author\" content=\"Ana Mar\u00eda Gomez\" \/>\n<meta name=\"twitter:card\" content=\"summary_large_image\" \/>\n<meta name=\"twitter:creator\" content=\"@FiscaliaCol\" \/>\n<meta name=\"twitter:site\" content=\"@FiscaliaCol\" \/>\n<meta name=\"twitter:label1\" content=\"Escrito por\" \/>\n\t<meta name=\"twitter:data1\" content=\"Ana Mar\u00eda Gomez\" \/>\n\t<meta name=\"twitter:label2\" content=\"Tiempo de lectura\" \/>\n\t<meta name=\"twitter:data2\" content=\"3 minutos\" \/>\n<script type=\"application\/ld+json\" class=\"yoast-schema-graph\">{\"@context\":\"https:\/\/schema.org\",\"@graph\":[{\"@type\":\"Article\",\"@id\":\"https:\/\/www.fiscalia.gov.co\/colombia\/el-fiscal-en-los-territorios\/tras-intervencion-en-5-comunas-de-cali-fiscalia-ha-logrado-un-79-de-efectividad-en-la-lucha-contra-la-delincuencia-en-la-ciudad\/#article\",\"isPartOf\":{\"@id\":\"https:\/\/www.fiscalia.gov.co\/colombia\/el-fiscal-en-los-territorios\/tras-intervencion-en-5-comunas-de-cali-fiscalia-ha-logrado-un-79-de-efectividad-en-la-lucha-contra-la-delincuencia-en-la-ciudad\/\"},\"author\":{\"name\":\"Ana Mar\u00eda Gomez\",\"@id\":\"https:\/\/www.fiscalia.gov.co\/colombia\/#\/schema\/person\/06aa2210fe4d79203f428ff671dee360\"},\"headline\":\"Tras intervenci\u00f3n en 5 comunas de Cali, Fiscal\u00eda ha logrado un 79% de efectividad en la lucha contra la delincuencia en la ciudad\",\"datePublished\":\"2021-03-11T22:53:33+00:00\",\"dateModified\":\"2021-03-12T21:46:00+00:00\",\"mainEntityOfPage\":{\"@id\":\"https:\/\/www.fiscalia.gov.co\/colombia\/el-fiscal-en-los-territorios\/tras-intervencion-en-5-comunas-de-cali-fiscalia-ha-logrado-un-79-de-efectividad-en-la-lucha-contra-la-delincuencia-en-la-ciudad\/\"},\"wordCount\":700,\"publisher\":{\"@id\":\"https:\/\/www.fiscalia.gov.co\/colombia\/#organization\"},\"keywords\":[\"Fiscal Barbosa\",\"Fiscal\u00eda\"],\"articleSection\":[\"El Fiscal en los territorios\",\"Fiscal General de la Naci\u00f3n\"],\"inLanguage\":\"es-CO\"},{\"@type\":\"WebPage\",\"@id\":\"https:\/\/www.fiscalia.gov.co\/colombia\/el-fiscal-en-los-territorios\/tras-intervencion-en-5-comunas-de-cali-fiscalia-ha-logrado-un-79-de-efectividad-en-la-lucha-contra-la-delincuencia-en-la-ciudad\/\",\"url\":\"https:\/\/www.fiscalia.gov.co\/colombia\/el-fiscal-en-los-territorios\/tras-intervencion-en-5-comunas-de-cali-fiscalia-ha-logrado-un-79-de-efectividad-en-la-lucha-contra-la-delincuencia-en-la-ciudad\/\",\"name\":\"Fiscal\u00eda General de la Naci\u00f3n\",\"isPartOf\":{\"@id\":\"https:\/\/www.fiscalia.gov.co\/colombia\/#website\"},\"datePublished\":\"2021-03-11T22:53:33+00:00\",\"dateModified\":\"2021-03-12T21:46:00+00:00\",\"description\":\"P\u00e1gina oficial de la Fiscal\u00eda General de la Naci\u00f3n \u2013 Colombia. Garantizamos el acceso efectivo a la justicia, la verdad y la reparaci\u00f3n de las v\u00edctimas de los delitos.\",\"breadcrumb\":{\"@id\":\"https:\/\/www.fiscalia.gov.co\/colombia\/el-fiscal-en-los-territorios\/tras-intervencion-en-5-comunas-de-cali-fiscalia-ha-logrado-un-79-de-efectividad-en-la-lucha-contra-la-delincuencia-en-la-ciudad\/#breadcrumb\"},\"inLanguage\":\"es-CO\",\"potentialAction\":[{\"@type\":\"ReadAction\",\"target\":[\"https:\/\/www.fiscalia.gov.co\/colombia\/el-fiscal-en-los-territorios\/tras-intervencion-en-5-comunas-de-cali-fiscalia-ha-logrado-un-79-de-efectividad-en-la-lucha-contra-la-delincuencia-en-la-ciudad\/\"]}]},{\"@type\":\"BreadcrumbList\",\"@id\":\"https:\/\/www.fiscalia.gov.co\/colombia\/el-fiscal-en-los-territorios\/tras-intervencion-en-5-comunas-de-cali-fiscalia-ha-logrado-un-79-de-efectividad-en-la-lucha-contra-la-delincuencia-en-la-ciudad\/#breadcrumb\",\"itemListElement\":[{\"@type\":\"ListItem\",\"position\":1,\"name\":\"Home\",\"item\":\"https:\/\/www.fiscalia.gov.co\/colombia\/\"},{\"@type\":\"ListItem\",\"position\":2,\"name\":\"Tras intervenci\u00f3n en 5 comunas de Cali, Fiscal\u00eda ha logrado un 79% de efectividad en la lucha contra la delincuencia en la ciudad\"}]},{\"@type\":\"WebSite\",\"@id\":\"https:\/\/www.fiscalia.gov.co\/colombia\/#website\",\"url\":\"https:\/\/www.fiscalia.gov.co\/colombia\/\",\"name\":\"Fiscal\u00eda General de la Naci\u00f3n\",\"description\":\"P\u00e1gina oficial de la Fiscal\u00eda General de la Naci\u00f3n \u2013 Colombia. Garantizamos el acceso efectivo a la justicia, la verdad y la reparaci\u00f3n de las v\u00edctimas de los delitos.\",\"publisher\":{\"@id\":\"https:\/\/www.fiscalia.gov.co\/colombia\/#organization\"},\"potentialAction\":[{\"@type\":\"SearchAction\",\"target\":{\"@type\":\"EntryPoint\",\"urlTemplate\":\"https:\/\/www.fiscalia.gov.co\/colombia\/?s={search_term_string}\"},\"query-input\":{\"@type\":\"PropertyValueSpecification\",\"valueRequired\":true,\"valueName\":\"search_term_string\"}}],\"inLanguage\":\"es-CO\"},{\"@type\":\"Organization\",\"@id\":\"https:\/\/www.fiscalia.gov.co\/colombia\/#organization\",\"name\":\"Fiscal\u00eda General de la Naci\u00f3n\",\"url\":\"https:\/\/www.fiscalia.gov.co\/colombia\/\",\"logo\":{\"@type\":\"ImageObject\",\"inLanguage\":\"es-CO\",\"@id\":\"https:\/\/www.fiscalia.gov.co\/colombia\/#\/schema\/logo\/image\/\",\"url\":\"https:\/\/www.fiscalia.gov.co\/colombia\/wp-content\/uploads\/LogoHorizontal_1.jpg\",\"contentUrl\":\"https:\/\/www.fiscalia.gov.co\/colombia\/wp-content\/uploads\/LogoHorizontal_1.jpg\",\"width\":300,\"height\":90,\"caption\":\"Fiscal\u00eda General de la Naci\u00f3n\"},\"image\":{\"@id\":\"https:\/\/www.fiscalia.gov.co\/colombia\/#\/schema\/logo\/image\/\"},\"sameAs\":[\"https:\/\/www.facebook.com\/FiscaliaCol\",\"https:\/\/x.com\/FiscaliaCol\",\"https:\/\/www.instagram.com\/fiscaliacol\",\"https:\/\/www.linkedin.com\/company\/fiscalia-general-de-la-naci-n\/\",\"https:\/\/youtube.com\/@fiscaliageneraldelanacion-4668?si=6nN79nyQICPU5iTh\"]},{\"@type\":\"Person\",\"@id\":\"https:\/\/www.fiscalia.gov.co\/colombia\/#\/schema\/person\/06aa2210fe4d79203f428ff671dee360\",\"name\":\"Ana Mar\u00eda Gomez\",\"image\":{\"@type\":\"ImageObject\",\"inLanguage\":\"es-CO\",\"@id\":\"https:\/\/www.fiscalia.gov.co\/colombia\/#\/schema\/person\/image\/\",\"url\":\"https:\/\/secure.gravatar.com\/avatar\/a38115d98a7f8a96cbb96af2b2c37a0b?s=96&d=mm&r=g\",\"contentUrl\":\"https:\/\/secure.gravatar.com\/avatar\/a38115d98a7f8a96cbb96af2b2c37a0b?s=96&d=mm&r=g\",\"caption\":\"Ana Mar\u00eda Gomez\"},\"url\":\"https:\/\/www.fiscalia.gov.co\/colombia\/author\/agomez\/\"}]}<\/script>\n<!-- \/ Yoast SEO plugin. -->","yoast_head_json":{"title":"Fiscal\u00eda General de la Naci\u00f3n","description":"P\u00e1gina oficial de la Fiscal\u00eda General de la Naci\u00f3n \u2013 Colombia. Garantizamos el acceso efectivo a la justicia, la verdad y la reparaci\u00f3n de las v\u00edctimas de los delitos.","robots":{"index":"noindex","follow":"follow"},"og_locale":"es_ES","og_type":"article","og_title":"Fiscal\u00eda General de la Naci\u00f3n","og_description":"P\u00e1gina oficial de la Fiscal\u00eda General de la Naci\u00f3n \u2013 Colombia. Garantizamos el acceso efectivo a la justicia, la verdad y la reparaci\u00f3n de las v\u00edctimas de los delitos.","og_url":"https:\/\/www.fiscalia.gov.co\/colombia\/el-fiscal-en-los-territorios\/tras-intervencion-en-5-comunas-de-cali-fiscalia-ha-logrado-un-79-de-efectividad-en-la-lucha-contra-la-delincuencia-en-la-ciudad\/","og_site_name":"Fiscal\u00eda General de la Naci\u00f3n","article_publisher":"https:\/\/www.facebook.com\/FiscaliaCol","article_published_time":"2021-03-11T22:53:33+00:00","article_modified_time":"2021-03-12T21:46:00+00:00","author":"Ana Mar\u00eda Gomez","twitter_card":"summary_large_image","twitter_creator":"@FiscaliaCol","twitter_site":"@FiscaliaCol","twitter_misc":{"Escrito por":"Ana Mar\u00eda Gomez","Tiempo de lectura":"3 minutos"},"schema":{"@context":"https:\/\/schema.org","@graph":[{"@type":"Article","@id":"https:\/\/www.fiscalia.gov.co\/colombia\/el-fiscal-en-los-territorios\/tras-intervencion-en-5-comunas-de-cali-fiscalia-ha-logrado-un-79-de-efectividad-en-la-lucha-contra-la-delincuencia-en-la-ciudad\/#article","isPartOf":{"@id":"https:\/\/www.fiscalia.gov.co\/colombia\/el-fiscal-en-los-territorios\/tras-intervencion-en-5-comunas-de-cali-fiscalia-ha-logrado-un-79-de-efectividad-en-la-lucha-contra-la-delincuencia-en-la-ciudad\/"},"author":{"name":"Ana Mar\u00eda Gomez","@id":"https:\/\/www.fiscalia.gov.co\/colombia\/#\/schema\/person\/06aa2210fe4d79203f428ff671dee360"},"headline":"Tras intervenci\u00f3n en 5 comunas de Cali, Fiscal\u00eda ha logrado un 79% de efectividad en la lucha contra la delincuencia en la ciudad","datePublished":"2021-03-11T22:53:33+00:00","dateModified":"2021-03-12T21:46:00+00:00","mainEntityOfPage":{"@id":"https:\/\/www.fiscalia.gov.co\/colombia\/el-fiscal-en-los-territorios\/tras-intervencion-en-5-comunas-de-cali-fiscalia-ha-logrado-un-79-de-efectividad-en-la-lucha-contra-la-delincuencia-en-la-ciudad\/"},"wordCount":700,"publisher":{"@id":"https:\/\/www.fiscalia.gov.co\/colombia\/#organization"},"keywords":["Fiscal Barbosa","Fiscal\u00eda"],"articleSection":["El Fiscal en los territorios","Fiscal General de la Naci\u00f3n"],"inLanguage":"es-CO"},{"@type":"WebPage","@id":"https:\/\/www.fiscalia.gov.co\/colombia\/el-fiscal-en-los-territorios\/tras-intervencion-en-5-comunas-de-cali-fiscalia-ha-logrado-un-79-de-efectividad-en-la-lucha-contra-la-delincuencia-en-la-ciudad\/","url":"https:\/\/www.fiscalia.gov.co\/colombia\/el-fiscal-en-los-territorios\/tras-intervencion-en-5-comunas-de-cali-fiscalia-ha-logrado-un-79-de-efectividad-en-la-lucha-contra-la-delincuencia-en-la-ciudad\/","name":"Fiscal\u00eda General de la Naci\u00f3n","isPartOf":{"@id":"https:\/\/www.fiscalia.gov.co\/colombia\/#website"},"datePublished":"2021-03-11T22:53:33+00:00","dateModified":"2021-03-12T21:46:00+00:00","description":"P\u00e1gina oficial de la Fiscal\u00eda General de la Naci\u00f3n \u2013 Colombia. Garantizamos el acceso efectivo a la justicia, la verdad y la reparaci\u00f3n de las v\u00edctimas de los delitos.","breadcrumb":{"@id":"https:\/\/www.fiscalia.gov.co\/colombia\/el-fiscal-en-los-territorios\/tras-intervencion-en-5-comunas-de-cali-fiscalia-ha-logrado-un-79-de-efectividad-en-la-lucha-contra-la-delincuencia-en-la-ciudad\/#breadcrumb"},"inLanguage":"es-CO","potentialAction":[{"@type":"ReadAction","target":["https:\/\/www.fiscalia.gov.co\/colombia\/el-fiscal-en-los-territorios\/tras-intervencion-en-5-comunas-de-cali-fiscalia-ha-logrado-un-79-de-efectividad-en-la-lucha-contra-la-delincuencia-en-la-ciudad\/"]}]},{"@type":"BreadcrumbList","@id":"https:\/\/www.fiscalia.gov.co\/colombia\/el-fiscal-en-los-territorios\/tras-intervencion-en-5-comunas-de-cali-fiscalia-ha-logrado-un-79-de-efectividad-en-la-lucha-contra-la-delincuencia-en-la-ciudad\/#breadcrumb","itemListElement":[{"@type":"ListItem","position":1,"name":"Home","item":"https:\/\/www.fiscalia.gov.co\/colombia\/"},{"@type":"ListItem","position":2,"name":"Tras intervenci\u00f3n en 5 comunas de Cali, Fiscal\u00eda ha logrado un 79% de efectividad en la lucha contra la delincuencia en la ciudad"}]},{"@type":"WebSite","@id":"https:\/\/www.fiscalia.gov.co\/colombia\/#website","url":"https:\/\/www.fiscalia.gov.co\/colombia\/","name":"Fiscal\u00eda General de la Naci\u00f3n","description":"P\u00e1gina oficial de la Fiscal\u00eda General de la Naci\u00f3n \u2013 Colombia. Garantizamos el acceso efectivo a la justicia, la verdad y la reparaci\u00f3n de las v\u00edctimas de los delitos.","publisher":{"@id":"https:\/\/www.fiscalia.gov.co\/colombia\/#organization"},"potentialAction":[{"@type":"SearchAction","target":{"@type":"EntryPoint","urlTemplate":"https:\/\/www.fiscalia.gov.co\/colombia\/?s={search_term_string}"},"query-input":{"@type":"PropertyValueSpecification","valueRequired":true,"valueName":"search_term_string"}}],"inLanguage":"es-CO"},{"@type":"Organization","@id":"https:\/\/www.fiscalia.gov.co\/colombia\/#organization","name":"Fiscal\u00eda General de la Naci\u00f3n","url":"https:\/\/www.fiscalia.gov.co\/colombia\/","logo":{"@type":"ImageObject","inLanguage":"es-CO","@id":"https:\/\/www.fiscalia.gov.co\/colombia\/#\/schema\/logo\/image\/","url":"https:\/\/www.fiscalia.gov.co\/colombia\/wp-content\/uploads\/LogoHorizontal_1.jpg","contentUrl":"https:\/\/www.fiscalia.gov.co\/colombia\/wp-content\/uploads\/LogoHorizontal_1.jpg","width":300,"height":90,"caption":"Fiscal\u00eda General de la Naci\u00f3n"},"image":{"@id":"https:\/\/www.fiscalia.gov.co\/colombia\/#\/schema\/logo\/image\/"},"sameAs":["https:\/\/www.facebook.com\/FiscaliaCol","https:\/\/x.com\/FiscaliaCol","https:\/\/www.instagram.com\/fiscaliacol","https:\/\/www.linkedin.com\/company\/fiscalia-general-de-la-naci-n\/","https:\/\/youtube.com\/@fiscaliageneraldelanacion-4668?si=6nN79nyQICPU5iTh"]},{"@type":"Person","@id":"https:\/\/www.fiscalia.gov.co\/colombia\/#\/schema\/person\/06aa2210fe4d79203f428ff671dee360","name":"Ana Mar\u00eda Gomez","image":{"@type":"ImageObject","inLanguage":"es-CO","@id":"https:\/\/www.fiscalia.gov.co\/colombia\/#\/schema\/person\/image\/","url":"https:\/\/secure.gravatar.com\/avatar\/a38115d98a7f8a96cbb96af2b2c37a0b?s=96&d=mm&r=g","contentUrl":"https:\/\/secure.gravatar.com\/avatar\/a38115d98a7f8a96cbb96af2b2c37a0b?s=96&d=mm&r=g","caption":"Ana Mar\u00eda Gomez"},"url":"https:\/\/www.fiscalia.gov.co\/colombia\/author\/agomez\/"}]}},"_links":{"self":[{"href":"https:\/\/www.fiscalia.gov.co\/colombia\/wp-json\/wp\/v2\/posts\/215464","targetHints":{"allow":["GET"]}}],"collection":[{"href":"https:\/\/www.fiscalia.gov.co\/colombia\/wp-json\/wp\/v2\/posts"}],"about":[{"href":"https:\/\/www.fiscalia.gov.co\/colombia\/wp-json\/wp\/v2\/types\/post"}],"author":[{"embeddable":true,"href":"https:\/\/www.fiscalia.gov.co\/colombia\/wp-json\/wp\/v2\/users\/171"}],"replies":[{"embeddable":true,"href":"https:\/\/www.fiscalia.gov.co\/colombia\/wp-json\/wp\/v2\/comments?post=215464"}],"version-history":[{"count":1,"href":"https:\/\/www.fiscalia.gov.co\/colombia\/wp-json\/wp\/v2\/posts\/215464\/revisions"}],"predecessor-version":[{"id":215465,"href":"https:\/\/www.fiscalia.gov.co\/colombia\/wp-json\/wp\/v2\/posts\/215464\/revisions\/215465"}],"wp:attachment":[{"href":"https:\/\/www.fiscalia.gov.co\/colombia\/wp-json\/wp\/v2\/media?parent=215464"}],"wp:term":[{"taxonomy":"category","embeddable":true,"href":"https:\/\/www.fiscalia.gov.co\/colombia\/wp-json\/wp\/v2\/categories?post=215464"},{"taxonomy":"post_tag","embeddable":true,"href":"https:\/\/www.fiscalia.gov.co\/colombia\/wp-json\/wp\/v2\/tags?post=215464"}],"curies":[{"name":"wp","href":"https:\/\/api.w.org\/{rel}","templated":true}]}}