{"id":215239,"date":"2021-03-09T13:25:52","date_gmt":"2021-03-09T18:25:52","guid":{"rendered":"https:\/\/www.fiscalia.gov.co\/colombia\/?p=215239"},"modified":"2021-03-12T16:09:06","modified_gmt":"2021-03-12T21:09:06","slug":"condenado-a-mas-de-33-anos-de-prision-por-homicidio-de-habitante-de-calle","status":"publish","type":"post","link":"https:\/\/www.fiscalia.gov.co\/colombia\/seccionales\/seccional-medellin\/condenado-a-mas-de-33-anos-de-prision-por-homicidio-de-habitante-de-calle\/","title":{"rendered":"Condenado a m\u00e1s de 33 a\u00f1os de prisi\u00f3n por homicidio de habitante de calle"},"content":{"rendered":"<p class=\"x_x_x_MsoNormal\">Luego de ser vencido en juicio por la\u00a0<b>Fiscal\u00eda General de la Naci\u00f3n,<\/b>\u00a0el Juzgado 23 Penal del Circuito de Medell\u00edn sentenci\u00f3 a 33 a\u00f1os y 4 meses de prisi\u00f3n a Edilberto Jaramillo Moreno, de 26 a\u00f1os.<\/p>\n<p class=\"x_x_x_MsoNormal\">De acuerdo con la investigaci\u00f3n adelantada por un\u00a0<b>fiscal de la Unidad de Vida,<\/b>\u00a0la madrugada del 23 de agosto de 2019, en el centro de la capital antioque\u00f1a, el hoy sentenciado habr\u00eda herido con arma blanca\u00a0Walter Adolfo Vel\u00e1squez Garc\u00eda, de 30 a\u00f1os<a href=\"https:\/\/www.fiscalia.gov.co\/colombia\/seccionales\/asegurado-habitante-de-calle-por-homicidio-de-una-mujer-en-el-centro-de-medellin\/\" target=\"_blank\" rel=\"noopener noreferrer\">,<\/a>\u00a0caus\u00e1ndole la muerte.<\/p>\n<div class=\"x_x_x_MsoNormal\">Los investigadores establecieron que la v\u00edctima, quien era<a href=\"https:\/\/www.fiscalia.gov.co\/colombia\/seccionales\/asegurado-habitante-de-calle-por-homicidio-de-una-mujer-en-el-centro-de-medellin\/\" target=\"_blank\" rel=\"noopener noreferrer\">\u00a0habitante en situaci\u00f3n de calle<\/a>\u00a0recibi\u00f3 una herida en el coraz\u00f3n, luego de que pidiera una moneda al agresor.<\/div>\n<p class=\"x_x_x_MsoNormal\">Moreno Jaramillo, comerciante de oficio, fue capturado en flagrancia por la\u00a0<b>Polic\u00eda Nacional<\/b>\u00a0cuando trataba de huir del lugar en un taxi.<\/p>\n<p class=\"x_x_x_MsoNormal\">Durante el juicio oral la defensa intent\u00f3 probar la inimputabilidad de su defendido con peritos m\u00e9dicos y siqui\u00e1tricos pero el fallador desestim\u00f3 la situaci\u00f3n y lo conden\u00f3 por el delito de homicidio agravado por motivo f\u00fatil y aprovechando la inferioridad de la v\u00edctima.<\/p>\n<p class=\"x_x_x_MsoNormal\">El fallo de primera instancia fue apelado por la defensa y la Fiscal\u00eda ante la\u00a0<b>Sala Penal del Tribunal Superior de Medell\u00edn.\u00a0<\/b><\/p>\n<p class=\"x_x_x_MsoNormal\">La investigaci\u00f3n se adelant\u00f3 bajo los lineamientos del Fiscal General de la Naci\u00f3n de priorizar las investigaciones por delitos contra la vida.<\/p>\n<p class=\"x_x_x_MsoNormal\">La Fiscal\u00eda hace p\u00fablica esta informaci\u00f3n por razones de inter\u00e9s general.<\/p>\n<p class=\"x_x_x_MsoNormal\">LFML\/CU\/MG<\/p>\n\n<div class=\"twitter-share\"><a href=\"https:\/\/twitter.com\/intent\/tweet?via=fiscaliacol\" class=\"twitter-share-button\">Tweet<\/a><\/div>\n","protected":false},"excerpt":{"rendered":"<p>Luego de ser vencido en juicio por la\u00a0Fiscal\u00eda General de la Naci\u00f3n,\u00a0el Juzgado 23 Penal del Circuito de Medell\u00edn sentenci\u00f3 a 33 a\u00f1os y 4 meses de prisi\u00f3n a Edilberto Jaramillo Moreno, de 26 a\u00f1os. De acuerdo con la investigaci\u00f3n adelantada por un\u00a0fiscal de la Unidad de Vida,\u00a0la madrugada del 23 de agosto de 2019, [&hellip;]<\/p>\n","protected":false},"author":171,"featured_media":0,"comment_status":"closed","ping_status":"open","sticky":false,"template":"","format":"standard","meta":{"_price":"","_stock":"","_tribe_ticket_header":"","_tribe_default_ticket_provider":"","_tribe_ticket_capacity":"0","_ticket_start_date":"","_ticket_end_date":"","_tribe_ticket_show_description":"","_tribe_ticket_show_not_going":false,"_tribe_ticket_use_global_stock":"","_tribe_ticket_global_stock_level":"","_global_stock_mode":"","_global_stock_cap":"","_tribe_rsvp_for_event":"","_tribe_ticket_going_count":"","_tribe_ticket_not_going_count":"","_tribe_tickets_list":"[]","_tribe_ticket_has_attendee_info_fields":false,"tdm_status":"","tdm_grid_status":"","footnotes":""},"categories":[24174,331,303],"tags":[1047,26180,686,3417],"class_list":{"0":"post-215239","1":"post","2":"type-post","3":"status-publish","4":"format-standard","6":"category-hay-justicia","7":"category-seccional-medellin","8":"category-seccionales","9":"tag-fiscalia-general-de-la-nacion","10":"tag-habitante-de-calle","11":"tag-homicidio-agravado","12":"tag-unidad-de-vida"},"yoast_head":"<!-- This site is optimized with the Yoast SEO plugin v24.3 - https:\/\/yoast.com\/wordpress\/plugins\/seo\/ -->\n<title>Fiscal\u00eda General de la Naci\u00f3n<\/title>\n<meta name=\"description\" content=\"P\u00e1gina oficial de la Fiscal\u00eda General de la Naci\u00f3n \u2013 Colombia. Garantizamos el acceso efectivo a la justicia, la verdad y la reparaci\u00f3n de las v\u00edctimas de los delitos.\" \/>\n<meta name=\"robots\" content=\"noindex, follow\" \/>\n<meta property=\"og:locale\" content=\"es_ES\" \/>\n<meta property=\"og:type\" content=\"article\" \/>\n<meta property=\"og:title\" content=\"Fiscal\u00eda General de la Naci\u00f3n\" \/>\n<meta property=\"og:description\" content=\"P\u00e1gina oficial de la Fiscal\u00eda General de la Naci\u00f3n \u2013 Colombia. Garantizamos el acceso efectivo a la justicia, la verdad y la reparaci\u00f3n de las v\u00edctimas de los delitos.\" \/>\n<meta property=\"og:url\" content=\"https:\/\/www.fiscalia.gov.co\/colombia\/seccionales\/seccional-medellin\/condenado-a-mas-de-33-anos-de-prision-por-homicidio-de-habitante-de-calle\/\" \/>\n<meta property=\"og:site_name\" content=\"Fiscal\u00eda General de la Naci\u00f3n\" \/>\n<meta property=\"article:publisher\" content=\"https:\/\/www.facebook.com\/FiscaliaCol\" \/>\n<meta property=\"article:published_time\" content=\"2021-03-09T18:25:52+00:00\" \/>\n<meta property=\"article:modified_time\" content=\"2021-03-12T21:09:06+00:00\" \/>\n<meta name=\"author\" content=\"Ana Mar\u00eda Gomez\" \/>\n<meta name=\"twitter:card\" content=\"summary_large_image\" \/>\n<meta name=\"twitter:creator\" content=\"@FiscaliaCol\" \/>\n<meta name=\"twitter:site\" content=\"@FiscaliaCol\" \/>\n<meta name=\"twitter:label1\" content=\"Escrito por\" \/>\n\t<meta name=\"twitter:data1\" content=\"Ana Mar\u00eda Gomez\" \/>\n\t<meta name=\"twitter:label2\" content=\"Tiempo de lectura\" \/>\n\t<meta name=\"twitter:data2\" content=\"1 minuto\" \/>\n<script type=\"application\/ld+json\" class=\"yoast-schema-graph\">{\"@context\":\"https:\/\/schema.org\",\"@graph\":[{\"@type\":\"Article\",\"@id\":\"https:\/\/www.fiscalia.gov.co\/colombia\/seccionales\/seccional-medellin\/condenado-a-mas-de-33-anos-de-prision-por-homicidio-de-habitante-de-calle\/#article\",\"isPartOf\":{\"@id\":\"https:\/\/www.fiscalia.gov.co\/colombia\/seccionales\/seccional-medellin\/condenado-a-mas-de-33-anos-de-prision-por-homicidio-de-habitante-de-calle\/\"},\"author\":{\"name\":\"Ana Mar\u00eda Gomez\",\"@id\":\"https:\/\/www.fiscalia.gov.co\/colombia\/#\/schema\/person\/06aa2210fe4d79203f428ff671dee360\"},\"headline\":\"Condenado a m\u00e1s de 33 a\u00f1os de prisi\u00f3n por homicidio de habitante de calle\",\"datePublished\":\"2021-03-09T18:25:52+00:00\",\"dateModified\":\"2021-03-12T21:09:06+00:00\",\"mainEntityOfPage\":{\"@id\":\"https:\/\/www.fiscalia.gov.co\/colombia\/seccionales\/seccional-medellin\/condenado-a-mas-de-33-anos-de-prision-por-homicidio-de-habitante-de-calle\/\"},\"wordCount\":273,\"publisher\":{\"@id\":\"https:\/\/www.fiscalia.gov.co\/colombia\/#organization\"},\"keywords\":[\"Fiscal\u00eda General de la Naci\u00f3n\",\"HABITANTE DE CALLE\",\"Homicidio agravado\",\"Unidad de Vida\"],\"articleSection\":[\"Hay Justicia\",\"Seccional Medell\u00edn\",\"Seccionales\"],\"inLanguage\":\"es-CO\"},{\"@type\":\"WebPage\",\"@id\":\"https:\/\/www.fiscalia.gov.co\/colombia\/seccionales\/seccional-medellin\/condenado-a-mas-de-33-anos-de-prision-por-homicidio-de-habitante-de-calle\/\",\"url\":\"https:\/\/www.fiscalia.gov.co\/colombia\/seccionales\/seccional-medellin\/condenado-a-mas-de-33-anos-de-prision-por-homicidio-de-habitante-de-calle\/\",\"name\":\"Fiscal\u00eda General de la Naci\u00f3n\",\"isPartOf\":{\"@id\":\"https:\/\/www.fiscalia.gov.co\/colombia\/#website\"},\"datePublished\":\"2021-03-09T18:25:52+00:00\",\"dateModified\":\"2021-03-12T21:09:06+00:00\",\"description\":\"P\u00e1gina oficial de la Fiscal\u00eda General de la Naci\u00f3n \u2013 Colombia. Garantizamos el acceso efectivo a la justicia, la verdad y la reparaci\u00f3n de las v\u00edctimas de los delitos.\",\"breadcrumb\":{\"@id\":\"https:\/\/www.fiscalia.gov.co\/colombia\/seccionales\/seccional-medellin\/condenado-a-mas-de-33-anos-de-prision-por-homicidio-de-habitante-de-calle\/#breadcrumb\"},\"inLanguage\":\"es-CO\",\"potentialAction\":[{\"@type\":\"ReadAction\",\"target\":[\"https:\/\/www.fiscalia.gov.co\/colombia\/seccionales\/seccional-medellin\/condenado-a-mas-de-33-anos-de-prision-por-homicidio-de-habitante-de-calle\/\"]}]},{\"@type\":\"BreadcrumbList\",\"@id\":\"https:\/\/www.fiscalia.gov.co\/colombia\/seccionales\/seccional-medellin\/condenado-a-mas-de-33-anos-de-prision-por-homicidio-de-habitante-de-calle\/#breadcrumb\",\"itemListElement\":[{\"@type\":\"ListItem\",\"position\":1,\"name\":\"Home\",\"item\":\"https:\/\/www.fiscalia.gov.co\/colombia\/\"},{\"@type\":\"ListItem\",\"position\":2,\"name\":\"Condenado a m\u00e1s de 33 a\u00f1os de prisi\u00f3n por homicidio de habitante de calle\"}]},{\"@type\":\"WebSite\",\"@id\":\"https:\/\/www.fiscalia.gov.co\/colombia\/#website\",\"url\":\"https:\/\/www.fiscalia.gov.co\/colombia\/\",\"name\":\"Fiscal\u00eda General de la Naci\u00f3n\",\"description\":\"P\u00e1gina oficial de la Fiscal\u00eda General de la Naci\u00f3n \u2013 Colombia. Garantizamos el acceso efectivo a la justicia, la verdad y la reparaci\u00f3n de las v\u00edctimas de los delitos.\",\"publisher\":{\"@id\":\"https:\/\/www.fiscalia.gov.co\/colombia\/#organization\"},\"potentialAction\":[{\"@type\":\"SearchAction\",\"target\":{\"@type\":\"EntryPoint\",\"urlTemplate\":\"https:\/\/www.fiscalia.gov.co\/colombia\/?s={search_term_string}\"},\"query-input\":{\"@type\":\"PropertyValueSpecification\",\"valueRequired\":true,\"valueName\":\"search_term_string\"}}],\"inLanguage\":\"es-CO\"},{\"@type\":\"Organization\",\"@id\":\"https:\/\/www.fiscalia.gov.co\/colombia\/#organization\",\"name\":\"Fiscal\u00eda General de la Naci\u00f3n\",\"url\":\"https:\/\/www.fiscalia.gov.co\/colombia\/\",\"logo\":{\"@type\":\"ImageObject\",\"inLanguage\":\"es-CO\",\"@id\":\"https:\/\/www.fiscalia.gov.co\/colombia\/#\/schema\/logo\/image\/\",\"url\":\"https:\/\/www.fiscalia.gov.co\/colombia\/wp-content\/uploads\/LogoHorizontal_1.jpg\",\"contentUrl\":\"https:\/\/www.fiscalia.gov.co\/colombia\/wp-content\/uploads\/LogoHorizontal_1.jpg\",\"width\":300,\"height\":90,\"caption\":\"Fiscal\u00eda General de la Naci\u00f3n\"},\"image\":{\"@id\":\"https:\/\/www.fiscalia.gov.co\/colombia\/#\/schema\/logo\/image\/\"},\"sameAs\":[\"https:\/\/www.facebook.com\/FiscaliaCol\",\"https:\/\/x.com\/FiscaliaCol\",\"https:\/\/www.instagram.com\/fiscaliacol\",\"https:\/\/www.linkedin.com\/company\/fiscalia-general-de-la-naci-n\/\",\"https:\/\/youtube.com\/@fiscaliageneraldelanacion-4668?si=6nN79nyQICPU5iTh\"]},{\"@type\":\"Person\",\"@id\":\"https:\/\/www.fiscalia.gov.co\/colombia\/#\/schema\/person\/06aa2210fe4d79203f428ff671dee360\",\"name\":\"Ana Mar\u00eda Gomez\",\"image\":{\"@type\":\"ImageObject\",\"inLanguage\":\"es-CO\",\"@id\":\"https:\/\/www.fiscalia.gov.co\/colombia\/#\/schema\/person\/image\/\",\"url\":\"https:\/\/secure.gravatar.com\/avatar\/a38115d98a7f8a96cbb96af2b2c37a0b?s=96&d=mm&r=g\",\"contentUrl\":\"https:\/\/secure.gravatar.com\/avatar\/a38115d98a7f8a96cbb96af2b2c37a0b?s=96&d=mm&r=g\",\"caption\":\"Ana Mar\u00eda Gomez\"},\"url\":\"https:\/\/www.fiscalia.gov.co\/colombia\/author\/agomez\/\"}]}<\/script>\n<!-- \/ Yoast SEO plugin. -->","yoast_head_json":{"title":"Fiscal\u00eda General de la Naci\u00f3n","description":"P\u00e1gina oficial de la Fiscal\u00eda General de la Naci\u00f3n \u2013 Colombia. Garantizamos el acceso efectivo a la justicia, la verdad y la reparaci\u00f3n de las v\u00edctimas de los delitos.","robots":{"index":"noindex","follow":"follow"},"og_locale":"es_ES","og_type":"article","og_title":"Fiscal\u00eda General de la Naci\u00f3n","og_description":"P\u00e1gina oficial de la Fiscal\u00eda General de la Naci\u00f3n \u2013 Colombia. Garantizamos el acceso efectivo a la justicia, la verdad y la reparaci\u00f3n de las v\u00edctimas de los delitos.","og_url":"https:\/\/www.fiscalia.gov.co\/colombia\/seccionales\/seccional-medellin\/condenado-a-mas-de-33-anos-de-prision-por-homicidio-de-habitante-de-calle\/","og_site_name":"Fiscal\u00eda General de la Naci\u00f3n","article_publisher":"https:\/\/www.facebook.com\/FiscaliaCol","article_published_time":"2021-03-09T18:25:52+00:00","article_modified_time":"2021-03-12T21:09:06+00:00","author":"Ana Mar\u00eda Gomez","twitter_card":"summary_large_image","twitter_creator":"@FiscaliaCol","twitter_site":"@FiscaliaCol","twitter_misc":{"Escrito por":"Ana Mar\u00eda Gomez","Tiempo de lectura":"1 minuto"},"schema":{"@context":"https:\/\/schema.org","@graph":[{"@type":"Article","@id":"https:\/\/www.fiscalia.gov.co\/colombia\/seccionales\/seccional-medellin\/condenado-a-mas-de-33-anos-de-prision-por-homicidio-de-habitante-de-calle\/#article","isPartOf":{"@id":"https:\/\/www.fiscalia.gov.co\/colombia\/seccionales\/seccional-medellin\/condenado-a-mas-de-33-anos-de-prision-por-homicidio-de-habitante-de-calle\/"},"author":{"name":"Ana Mar\u00eda Gomez","@id":"https:\/\/www.fiscalia.gov.co\/colombia\/#\/schema\/person\/06aa2210fe4d79203f428ff671dee360"},"headline":"Condenado a m\u00e1s de 33 a\u00f1os de prisi\u00f3n por homicidio de habitante de calle","datePublished":"2021-03-09T18:25:52+00:00","dateModified":"2021-03-12T21:09:06+00:00","mainEntityOfPage":{"@id":"https:\/\/www.fiscalia.gov.co\/colombia\/seccionales\/seccional-medellin\/condenado-a-mas-de-33-anos-de-prision-por-homicidio-de-habitante-de-calle\/"},"wordCount":273,"publisher":{"@id":"https:\/\/www.fiscalia.gov.co\/colombia\/#organization"},"keywords":["Fiscal\u00eda General de la Naci\u00f3n","HABITANTE DE CALLE","Homicidio agravado","Unidad de Vida"],"articleSection":["Hay Justicia","Seccional Medell\u00edn","Seccionales"],"inLanguage":"es-CO"},{"@type":"WebPage","@id":"https:\/\/www.fiscalia.gov.co\/colombia\/seccionales\/seccional-medellin\/condenado-a-mas-de-33-anos-de-prision-por-homicidio-de-habitante-de-calle\/","url":"https:\/\/www.fiscalia.gov.co\/colombia\/seccionales\/seccional-medellin\/condenado-a-mas-de-33-anos-de-prision-por-homicidio-de-habitante-de-calle\/","name":"Fiscal\u00eda General de la Naci\u00f3n","isPartOf":{"@id":"https:\/\/www.fiscalia.gov.co\/colombia\/#website"},"datePublished":"2021-03-09T18:25:52+00:00","dateModified":"2021-03-12T21:09:06+00:00","description":"P\u00e1gina oficial de la Fiscal\u00eda General de la Naci\u00f3n \u2013 Colombia. Garantizamos el acceso efectivo a la justicia, la verdad y la reparaci\u00f3n de las v\u00edctimas de los delitos.","breadcrumb":{"@id":"https:\/\/www.fiscalia.gov.co\/colombia\/seccionales\/seccional-medellin\/condenado-a-mas-de-33-anos-de-prision-por-homicidio-de-habitante-de-calle\/#breadcrumb"},"inLanguage":"es-CO","potentialAction":[{"@type":"ReadAction","target":["https:\/\/www.fiscalia.gov.co\/colombia\/seccionales\/seccional-medellin\/condenado-a-mas-de-33-anos-de-prision-por-homicidio-de-habitante-de-calle\/"]}]},{"@type":"BreadcrumbList","@id":"https:\/\/www.fiscalia.gov.co\/colombia\/seccionales\/seccional-medellin\/condenado-a-mas-de-33-anos-de-prision-por-homicidio-de-habitante-de-calle\/#breadcrumb","itemListElement":[{"@type":"ListItem","position":1,"name":"Home","item":"https:\/\/www.fiscalia.gov.co\/colombia\/"},{"@type":"ListItem","position":2,"name":"Condenado a m\u00e1s de 33 a\u00f1os de prisi\u00f3n por homicidio de habitante de calle"}]},{"@type":"WebSite","@id":"https:\/\/www.fiscalia.gov.co\/colombia\/#website","url":"https:\/\/www.fiscalia.gov.co\/colombia\/","name":"Fiscal\u00eda General de la Naci\u00f3n","description":"P\u00e1gina oficial de la Fiscal\u00eda General de la Naci\u00f3n \u2013 Colombia. Garantizamos el acceso efectivo a la justicia, la verdad y la reparaci\u00f3n de las v\u00edctimas de los delitos.","publisher":{"@id":"https:\/\/www.fiscalia.gov.co\/colombia\/#organization"},"potentialAction":[{"@type":"SearchAction","target":{"@type":"EntryPoint","urlTemplate":"https:\/\/www.fiscalia.gov.co\/colombia\/?s={search_term_string}"},"query-input":{"@type":"PropertyValueSpecification","valueRequired":true,"valueName":"search_term_string"}}],"inLanguage":"es-CO"},{"@type":"Organization","@id":"https:\/\/www.fiscalia.gov.co\/colombia\/#organization","name":"Fiscal\u00eda General de la Naci\u00f3n","url":"https:\/\/www.fiscalia.gov.co\/colombia\/","logo":{"@type":"ImageObject","inLanguage":"es-CO","@id":"https:\/\/www.fiscalia.gov.co\/colombia\/#\/schema\/logo\/image\/","url":"https:\/\/www.fiscalia.gov.co\/colombia\/wp-content\/uploads\/LogoHorizontal_1.jpg","contentUrl":"https:\/\/www.fiscalia.gov.co\/colombia\/wp-content\/uploads\/LogoHorizontal_1.jpg","width":300,"height":90,"caption":"Fiscal\u00eda General de la Naci\u00f3n"},"image":{"@id":"https:\/\/www.fiscalia.gov.co\/colombia\/#\/schema\/logo\/image\/"},"sameAs":["https:\/\/www.facebook.com\/FiscaliaCol","https:\/\/x.com\/FiscaliaCol","https:\/\/www.instagram.com\/fiscaliacol","https:\/\/www.linkedin.com\/company\/fiscalia-general-de-la-naci-n\/","https:\/\/youtube.com\/@fiscaliageneraldelanacion-4668?si=6nN79nyQICPU5iTh"]},{"@type":"Person","@id":"https:\/\/www.fiscalia.gov.co\/colombia\/#\/schema\/person\/06aa2210fe4d79203f428ff671dee360","name":"Ana Mar\u00eda Gomez","image":{"@type":"ImageObject","inLanguage":"es-CO","@id":"https:\/\/www.fiscalia.gov.co\/colombia\/#\/schema\/person\/image\/","url":"https:\/\/secure.gravatar.com\/avatar\/a38115d98a7f8a96cbb96af2b2c37a0b?s=96&d=mm&r=g","contentUrl":"https:\/\/secure.gravatar.com\/avatar\/a38115d98a7f8a96cbb96af2b2c37a0b?s=96&d=mm&r=g","caption":"Ana Mar\u00eda Gomez"},"url":"https:\/\/www.fiscalia.gov.co\/colombia\/author\/agomez\/"}]}},"_links":{"self":[{"href":"https:\/\/www.fiscalia.gov.co\/colombia\/wp-json\/wp\/v2\/posts\/215239","targetHints":{"allow":["GET"]}}],"collection":[{"href":"https:\/\/www.fiscalia.gov.co\/colombia\/wp-json\/wp\/v2\/posts"}],"about":[{"href":"https:\/\/www.fiscalia.gov.co\/colombia\/wp-json\/wp\/v2\/types\/post"}],"author":[{"embeddable":true,"href":"https:\/\/www.fiscalia.gov.co\/colombia\/wp-json\/wp\/v2\/users\/171"}],"replies":[{"embeddable":true,"href":"https:\/\/www.fiscalia.gov.co\/colombia\/wp-json\/wp\/v2\/comments?post=215239"}],"version-history":[{"count":1,"href":"https:\/\/www.fiscalia.gov.co\/colombia\/wp-json\/wp\/v2\/posts\/215239\/revisions"}],"predecessor-version":[{"id":215240,"href":"https:\/\/www.fiscalia.gov.co\/colombia\/wp-json\/wp\/v2\/posts\/215239\/revisions\/215240"}],"wp:attachment":[{"href":"https:\/\/www.fiscalia.gov.co\/colombia\/wp-json\/wp\/v2\/media?parent=215239"}],"wp:term":[{"taxonomy":"category","embeddable":true,"href":"https:\/\/www.fiscalia.gov.co\/colombia\/wp-json\/wp\/v2\/categories?post=215239"},{"taxonomy":"post_tag","embeddable":true,"href":"https:\/\/www.fiscalia.gov.co\/colombia\/wp-json\/wp\/v2\/tags?post=215239"}],"curies":[{"name":"wp","href":"https:\/\/api.w.org\/{rel}","templated":true}]}}