{"id":215075,"date":"2021-03-08T10:29:05","date_gmt":"2021-03-08T15:29:05","guid":{"rendered":"https:\/\/www.fiscalia.gov.co\/colombia\/?p=215075"},"modified":"2021-03-12T15:23:26","modified_gmt":"2021-03-12T20:23:26","slug":"fiscalia-imputara-a-dos-exgobernadores-de-meta-y-a-otros-exfuncionarios-por-contratacion-de-obras-de-remodelacion-de-un-internado-en-el-parque-nacional-natural-tinigua","status":"publish","type":"post","link":"https:\/\/www.fiscalia.gov.co\/colombia\/derechos-humanos\/fiscalia-imputara-a-dos-exgobernadores-de-meta-y-a-otros-exfuncionarios-por-contratacion-de-obras-de-remodelacion-de-un-internado-en-el-parque-nacional-natural-tinigua\/","title":{"rendered":"Fiscal\u00eda imputar\u00e1 a dos exgobernadores de Meta y a otros exfuncionarios por contrataci\u00f3n de obras de remodelaci\u00f3n de un internado en el Parque Nacional Natural Tinigua"},"content":{"rendered":"<blockquote>\n<h4 style=\"text-align: left;\"><strong><em>Los entonces gobernadores, Dar\u00edo V\u00e1squez V\u00e1squez (2008-2011) y Alan Edmundo Jara Urzola (2012-2015), habr\u00edan permitido realizar construcciones en un \u00e1rea protegida de reserva forestal, sin licencia ambiental y desatendiendo las advertencias sobre el grave da\u00f1o que ocasionar\u00eda el proyecto.<\/em><\/strong><\/h4>\n<\/blockquote>\n<p>La acci\u00f3n investigativa articulada de la Fiscal\u00eda Delegada ante la Corte Suprema de Justicia y la Direcci\u00f3n Especializada contra las Violaciones a los Derechos Humanos puso en evidencia actuaciones irregulares en las que, supuestamente, incurrieron dos exgobernadores de Meta y algunos de sus colaboradores al contratar y permitir el avance de las obras de remodelaci\u00f3n de un colegio internado en el Parque Nacional Natural Tinigua.<\/p>\n<p>El 29 de abril de 2011, durante el periodo del entonces gobernador, Dar\u00edo V\u00e1squez V\u00e1squez, se suscribi\u00f3 el contrato N\u00b0 081 para el mejoramiento de la infraestructura del Internado Instituci\u00f3n Educativa Nuestra Se\u00f1ora de La Macarena, sede Juan Le\u00f3n, en la vereda Brisas del Guayabero, en La Macarena (Meta).<\/p>\n<p>El citado contrato, cuyo valor super\u00f3 los 4.100 millones de pesos, se realiz\u00f3 sin exigir licencia ambiental ni permisos de aprovechamiento forestal.<\/p>\n<p>Posteriormente, con la llegada a la gobernaci\u00f3n del se\u00f1or Alan Edmundo Jara Urzola, las obras iniciaron y, a pesar de que la Unidad Administrativa Especial del Sistema de Parques Nacionales le advirti\u00f3 al mandatario suspender cualquier proyecto de infraestructura y servicios en los Parques Nacionales Naturales del departamento, el gobernador continu\u00f3 la obra e hizo caso omiso a la solicitud.<\/p>\n<p>Para la Fiscal\u00eda, los entonces funcionarios que participaron en las distintas fases del proyecto, al parecer, incumplieron las normas ambientales y de contrataci\u00f3n vigentes. Adem\u00e1s, habr\u00edan puesto en grave riesgo a la flora, fauna, suelo y agua del Parque Nacional Natural Tinigua; y en alto grado de vulnerabilidad a los estudiantes y planta de profesores.<\/p>\n<p>En ese sentido, una fiscal delegada ante la Corte Suprema de Justicia imputar\u00e1 los delitos de contrato sin cumplimiento de requisitos legales y da\u00f1os en los recursos naturales agravado a los exgobernadores Dar\u00edo V\u00e1squez V\u00e1squez y Alan Edmundo Jara Urzola.<\/p>\n<p>Por su parte, la Direcci\u00f3n Especializada contra la Violaciones a los Derechos Humanos imputar\u00e1 los mismos delitos a los siguientes exfuncionarios:<\/p>\n<ul>\n<li>Gilberto Toro Franco, exgerente del Instituto de Desarrollo del Meta.<\/li>\n<li>Juan Carlos Medina Gonz\u00e1lez, exjefe de la Oficina Asesora Jur\u00eddica del Instituto de Desarrollo del Meta.<\/li>\n<li>Andr\u00e9s Perea Mej\u00eda, ex subgerente t\u00e9cnico del Instituto de Desarrollo del Meta.<\/li>\n<li>Javier Armando Castellanos Boh\u00f3rquez, ex director operativo del \u00c1rea de Estudios, Dise\u00f1os y Proyectos, adscrito a la Sub Gerencia T\u00e9cnica del Instituto de Desarrollo del Meta.<\/li>\n<\/ul>\n<p>Las solicitudes de audiencias de imputaci\u00f3n fueron radicadas ante el Tribunal Superior de Bogot\u00e1, para el caso de los dos exgobernadores; y en el Centro de Servicios Judiciales de los Juzgados Penales de Villavicencio (Meta), en lo que respecta a los otros exfuncionarios.<\/p>\n<p>La Fiscal\u00eda hace p\u00fablica esta informaci\u00f3n por razones de inter\u00e9s general.<\/p>\n<p><em>La informaci\u00f3n contenida en este bolet\u00edn de prensa corresponde a la narraci\u00f3n de los hechos noticiosos objetivos, suministrados por los funcionarios encargados de adelantar las investigaciones penales al interior de la Fiscal\u00eda General de la Naci\u00f3n. Para el momento de la divulgaci\u00f3n de este comunicado, la situaci\u00f3n jur\u00eddica de la(s) persona(s) relacionada(s) se encuentra pendiente de resolver por la autoridad judicial competente, siempre bajo los preceptos de la presunci\u00f3n de inocencia, consagrados en el art\u00edculo 29 de la Constituci\u00f3n Pol\u00edtica y el art\u00edculo 7\u00ba de la Ley 906 de 2004.<\/em><\/p>\n<p>&nbsp;<\/p>\n<p>&nbsp;<\/p>\n<p>&nbsp;<\/p>\n\n<div class=\"twitter-share\"><a href=\"https:\/\/twitter.com\/intent\/tweet?via=fiscaliacol\" class=\"twitter-share-button\">Tweet<\/a><\/div>\n","protected":false},"excerpt":{"rendered":"<p>Los entonces gobernadores, Dar\u00edo V\u00e1squez V\u00e1squez (2008-2011) y Alan Edmundo Jara Urzola (2012-2015), habr\u00edan permitido realizar construcciones en un \u00e1rea protegida de reserva forestal, sin licencia ambiental y desatendiendo las advertencias sobre el grave da\u00f1o que ocasionar\u00eda el proyecto. La acci\u00f3n investigativa articulada de la Fiscal\u00eda Delegada ante la Corte Suprema de Justicia y la [&hellip;]<\/p>\n","protected":false},"author":171,"featured_media":0,"comment_status":"closed","ping_status":"open","sticky":false,"template":"","format":"standard","meta":{"_price":"","_stock":"","_tribe_ticket_header":"","_tribe_default_ticket_provider":"","_tribe_ticket_capacity":"0","_ticket_start_date":"","_ticket_end_date":"","_tribe_ticket_show_description":"","_tribe_ticket_show_not_going":false,"_tribe_ticket_use_global_stock":"","_tribe_ticket_global_stock_level":"","_global_stock_mode":"","_global_stock_cap":"","_tribe_rsvp_for_event":"","_tribe_ticket_going_count":"","_tribe_ticket_not_going_count":"","_tribe_tickets_list":"[]","_tribe_ticket_has_attendee_info_fields":false,"tdm_status":"","tdm_grid_status":"","footnotes":""},"categories":[24124,24102],"tags":[24185,4614],"class_list":{"0":"post-215075","1":"post","2":"type-post","3":"status-publish","4":"format-standard","6":"category-dano-al-medio-ambiente","7":"category-derechos-humanos","8":"tag-fiscal-barbosa","9":"tag-fiscalia-2"},"yoast_head":"<!-- This site is optimized with the Yoast SEO plugin v24.3 - https:\/\/yoast.com\/wordpress\/plugins\/seo\/ -->\n<title>Fiscal\u00eda General de la Naci\u00f3n<\/title>\n<meta name=\"description\" content=\"P\u00e1gina oficial de la Fiscal\u00eda General de la Naci\u00f3n \u2013 Colombia. Garantizamos el acceso efectivo a la justicia, la verdad y la reparaci\u00f3n de las v\u00edctimas de los delitos.\" \/>\n<meta name=\"robots\" content=\"noindex, follow\" \/>\n<meta property=\"og:locale\" content=\"es_ES\" \/>\n<meta property=\"og:type\" content=\"article\" \/>\n<meta property=\"og:title\" content=\"Fiscal\u00eda General de la Naci\u00f3n\" \/>\n<meta property=\"og:description\" content=\"P\u00e1gina oficial de la Fiscal\u00eda General de la Naci\u00f3n \u2013 Colombia. Garantizamos el acceso efectivo a la justicia, la verdad y la reparaci\u00f3n de las v\u00edctimas de los delitos.\" \/>\n<meta property=\"og:url\" content=\"https:\/\/www.fiscalia.gov.co\/colombia\/derechos-humanos\/fiscalia-imputara-a-dos-exgobernadores-de-meta-y-a-otros-exfuncionarios-por-contratacion-de-obras-de-remodelacion-de-un-internado-en-el-parque-nacional-natural-tinigua\/\" \/>\n<meta property=\"og:site_name\" content=\"Fiscal\u00eda General de la Naci\u00f3n\" \/>\n<meta property=\"article:publisher\" content=\"https:\/\/www.facebook.com\/FiscaliaCol\" \/>\n<meta property=\"article:published_time\" content=\"2021-03-08T15:29:05+00:00\" \/>\n<meta property=\"article:modified_time\" content=\"2021-03-12T20:23:26+00:00\" \/>\n<meta name=\"author\" content=\"Ana Mar\u00eda Gomez\" \/>\n<meta name=\"twitter:card\" content=\"summary_large_image\" \/>\n<meta name=\"twitter:creator\" content=\"@FiscaliaCol\" \/>\n<meta name=\"twitter:site\" content=\"@FiscaliaCol\" \/>\n<meta name=\"twitter:label1\" content=\"Escrito por\" \/>\n\t<meta name=\"twitter:data1\" content=\"Ana Mar\u00eda Gomez\" \/>\n\t<meta name=\"twitter:label2\" content=\"Tiempo de lectura\" \/>\n\t<meta name=\"twitter:data2\" content=\"3 minutos\" \/>\n<script type=\"application\/ld+json\" class=\"yoast-schema-graph\">{\"@context\":\"https:\/\/schema.org\",\"@graph\":[{\"@type\":\"Article\",\"@id\":\"https:\/\/www.fiscalia.gov.co\/colombia\/derechos-humanos\/fiscalia-imputara-a-dos-exgobernadores-de-meta-y-a-otros-exfuncionarios-por-contratacion-de-obras-de-remodelacion-de-un-internado-en-el-parque-nacional-natural-tinigua\/#article\",\"isPartOf\":{\"@id\":\"https:\/\/www.fiscalia.gov.co\/colombia\/derechos-humanos\/fiscalia-imputara-a-dos-exgobernadores-de-meta-y-a-otros-exfuncionarios-por-contratacion-de-obras-de-remodelacion-de-un-internado-en-el-parque-nacional-natural-tinigua\/\"},\"author\":{\"name\":\"Ana Mar\u00eda Gomez\",\"@id\":\"https:\/\/www.fiscalia.gov.co\/colombia\/#\/schema\/person\/06aa2210fe4d79203f428ff671dee360\"},\"headline\":\"Fiscal\u00eda imputar\u00e1 a dos exgobernadores de Meta y a otros exfuncionarios por contrataci\u00f3n de obras de remodelaci\u00f3n de un internado en el Parque Nacional Natural Tinigua\",\"datePublished\":\"2021-03-08T15:29:05+00:00\",\"dateModified\":\"2021-03-12T20:23:26+00:00\",\"mainEntityOfPage\":{\"@id\":\"https:\/\/www.fiscalia.gov.co\/colombia\/derechos-humanos\/fiscalia-imputara-a-dos-exgobernadores-de-meta-y-a-otros-exfuncionarios-por-contratacion-de-obras-de-remodelacion-de-un-internado-en-el-parque-nacional-natural-tinigua\/\"},\"wordCount\":639,\"publisher\":{\"@id\":\"https:\/\/www.fiscalia.gov.co\/colombia\/#organization\"},\"keywords\":[\"Fiscal Barbosa\",\"Fiscal\u00eda\"],\"articleSection\":[\"Da\u00f1o al medio ambiente\",\"Derechos Humanos\"],\"inLanguage\":\"es-CO\"},{\"@type\":\"WebPage\",\"@id\":\"https:\/\/www.fiscalia.gov.co\/colombia\/derechos-humanos\/fiscalia-imputara-a-dos-exgobernadores-de-meta-y-a-otros-exfuncionarios-por-contratacion-de-obras-de-remodelacion-de-un-internado-en-el-parque-nacional-natural-tinigua\/\",\"url\":\"https:\/\/www.fiscalia.gov.co\/colombia\/derechos-humanos\/fiscalia-imputara-a-dos-exgobernadores-de-meta-y-a-otros-exfuncionarios-por-contratacion-de-obras-de-remodelacion-de-un-internado-en-el-parque-nacional-natural-tinigua\/\",\"name\":\"Fiscal\u00eda General de la Naci\u00f3n\",\"isPartOf\":{\"@id\":\"https:\/\/www.fiscalia.gov.co\/colombia\/#website\"},\"datePublished\":\"2021-03-08T15:29:05+00:00\",\"dateModified\":\"2021-03-12T20:23:26+00:00\",\"description\":\"P\u00e1gina oficial de la Fiscal\u00eda General de la Naci\u00f3n \u2013 Colombia. Garantizamos el acceso efectivo a la justicia, la verdad y la reparaci\u00f3n de las v\u00edctimas de los delitos.\",\"breadcrumb\":{\"@id\":\"https:\/\/www.fiscalia.gov.co\/colombia\/derechos-humanos\/fiscalia-imputara-a-dos-exgobernadores-de-meta-y-a-otros-exfuncionarios-por-contratacion-de-obras-de-remodelacion-de-un-internado-en-el-parque-nacional-natural-tinigua\/#breadcrumb\"},\"inLanguage\":\"es-CO\",\"potentialAction\":[{\"@type\":\"ReadAction\",\"target\":[\"https:\/\/www.fiscalia.gov.co\/colombia\/derechos-humanos\/fiscalia-imputara-a-dos-exgobernadores-de-meta-y-a-otros-exfuncionarios-por-contratacion-de-obras-de-remodelacion-de-un-internado-en-el-parque-nacional-natural-tinigua\/\"]}]},{\"@type\":\"BreadcrumbList\",\"@id\":\"https:\/\/www.fiscalia.gov.co\/colombia\/derechos-humanos\/fiscalia-imputara-a-dos-exgobernadores-de-meta-y-a-otros-exfuncionarios-por-contratacion-de-obras-de-remodelacion-de-un-internado-en-el-parque-nacional-natural-tinigua\/#breadcrumb\",\"itemListElement\":[{\"@type\":\"ListItem\",\"position\":1,\"name\":\"Home\",\"item\":\"https:\/\/www.fiscalia.gov.co\/colombia\/\"},{\"@type\":\"ListItem\",\"position\":2,\"name\":\"Fiscal\u00eda imputar\u00e1 a dos exgobernadores de Meta y a otros exfuncionarios por contrataci\u00f3n de obras de remodelaci\u00f3n de un internado en el Parque Nacional Natural Tinigua\"}]},{\"@type\":\"WebSite\",\"@id\":\"https:\/\/www.fiscalia.gov.co\/colombia\/#website\",\"url\":\"https:\/\/www.fiscalia.gov.co\/colombia\/\",\"name\":\"Fiscal\u00eda General de la Naci\u00f3n\",\"description\":\"P\u00e1gina oficial de la Fiscal\u00eda General de la Naci\u00f3n \u2013 Colombia. Garantizamos el acceso efectivo a la justicia, la verdad y la reparaci\u00f3n de las v\u00edctimas de los delitos.\",\"publisher\":{\"@id\":\"https:\/\/www.fiscalia.gov.co\/colombia\/#organization\"},\"potentialAction\":[{\"@type\":\"SearchAction\",\"target\":{\"@type\":\"EntryPoint\",\"urlTemplate\":\"https:\/\/www.fiscalia.gov.co\/colombia\/?s={search_term_string}\"},\"query-input\":{\"@type\":\"PropertyValueSpecification\",\"valueRequired\":true,\"valueName\":\"search_term_string\"}}],\"inLanguage\":\"es-CO\"},{\"@type\":\"Organization\",\"@id\":\"https:\/\/www.fiscalia.gov.co\/colombia\/#organization\",\"name\":\"Fiscal\u00eda General de la Naci\u00f3n\",\"url\":\"https:\/\/www.fiscalia.gov.co\/colombia\/\",\"logo\":{\"@type\":\"ImageObject\",\"inLanguage\":\"es-CO\",\"@id\":\"https:\/\/www.fiscalia.gov.co\/colombia\/#\/schema\/logo\/image\/\",\"url\":\"https:\/\/www.fiscalia.gov.co\/colombia\/wp-content\/uploads\/LogoHorizontal_1.jpg\",\"contentUrl\":\"https:\/\/www.fiscalia.gov.co\/colombia\/wp-content\/uploads\/LogoHorizontal_1.jpg\",\"width\":300,\"height\":90,\"caption\":\"Fiscal\u00eda General de la Naci\u00f3n\"},\"image\":{\"@id\":\"https:\/\/www.fiscalia.gov.co\/colombia\/#\/schema\/logo\/image\/\"},\"sameAs\":[\"https:\/\/www.facebook.com\/FiscaliaCol\",\"https:\/\/x.com\/FiscaliaCol\",\"https:\/\/www.instagram.com\/fiscaliacol\",\"https:\/\/www.linkedin.com\/company\/fiscalia-general-de-la-naci-n\/\",\"https:\/\/youtube.com\/@fiscaliageneraldelanacion-4668?si=6nN79nyQICPU5iTh\"]},{\"@type\":\"Person\",\"@id\":\"https:\/\/www.fiscalia.gov.co\/colombia\/#\/schema\/person\/06aa2210fe4d79203f428ff671dee360\",\"name\":\"Ana Mar\u00eda Gomez\",\"image\":{\"@type\":\"ImageObject\",\"inLanguage\":\"es-CO\",\"@id\":\"https:\/\/www.fiscalia.gov.co\/colombia\/#\/schema\/person\/image\/\",\"url\":\"https:\/\/secure.gravatar.com\/avatar\/a38115d98a7f8a96cbb96af2b2c37a0b?s=96&d=mm&r=g\",\"contentUrl\":\"https:\/\/secure.gravatar.com\/avatar\/a38115d98a7f8a96cbb96af2b2c37a0b?s=96&d=mm&r=g\",\"caption\":\"Ana Mar\u00eda Gomez\"},\"url\":\"https:\/\/www.fiscalia.gov.co\/colombia\/author\/agomez\/\"}]}<\/script>\n<!-- \/ Yoast SEO plugin. -->","yoast_head_json":{"title":"Fiscal\u00eda General de la Naci\u00f3n","description":"P\u00e1gina oficial de la Fiscal\u00eda General de la Naci\u00f3n \u2013 Colombia. Garantizamos el acceso efectivo a la justicia, la verdad y la reparaci\u00f3n de las v\u00edctimas de los delitos.","robots":{"index":"noindex","follow":"follow"},"og_locale":"es_ES","og_type":"article","og_title":"Fiscal\u00eda General de la Naci\u00f3n","og_description":"P\u00e1gina oficial de la Fiscal\u00eda General de la Naci\u00f3n \u2013 Colombia. Garantizamos el acceso efectivo a la justicia, la verdad y la reparaci\u00f3n de las v\u00edctimas de los delitos.","og_url":"https:\/\/www.fiscalia.gov.co\/colombia\/derechos-humanos\/fiscalia-imputara-a-dos-exgobernadores-de-meta-y-a-otros-exfuncionarios-por-contratacion-de-obras-de-remodelacion-de-un-internado-en-el-parque-nacional-natural-tinigua\/","og_site_name":"Fiscal\u00eda General de la Naci\u00f3n","article_publisher":"https:\/\/www.facebook.com\/FiscaliaCol","article_published_time":"2021-03-08T15:29:05+00:00","article_modified_time":"2021-03-12T20:23:26+00:00","author":"Ana Mar\u00eda Gomez","twitter_card":"summary_large_image","twitter_creator":"@FiscaliaCol","twitter_site":"@FiscaliaCol","twitter_misc":{"Escrito por":"Ana Mar\u00eda Gomez","Tiempo de lectura":"3 minutos"},"schema":{"@context":"https:\/\/schema.org","@graph":[{"@type":"Article","@id":"https:\/\/www.fiscalia.gov.co\/colombia\/derechos-humanos\/fiscalia-imputara-a-dos-exgobernadores-de-meta-y-a-otros-exfuncionarios-por-contratacion-de-obras-de-remodelacion-de-un-internado-en-el-parque-nacional-natural-tinigua\/#article","isPartOf":{"@id":"https:\/\/www.fiscalia.gov.co\/colombia\/derechos-humanos\/fiscalia-imputara-a-dos-exgobernadores-de-meta-y-a-otros-exfuncionarios-por-contratacion-de-obras-de-remodelacion-de-un-internado-en-el-parque-nacional-natural-tinigua\/"},"author":{"name":"Ana Mar\u00eda Gomez","@id":"https:\/\/www.fiscalia.gov.co\/colombia\/#\/schema\/person\/06aa2210fe4d79203f428ff671dee360"},"headline":"Fiscal\u00eda imputar\u00e1 a dos exgobernadores de Meta y a otros exfuncionarios por contrataci\u00f3n de obras de remodelaci\u00f3n de un internado en el Parque Nacional Natural Tinigua","datePublished":"2021-03-08T15:29:05+00:00","dateModified":"2021-03-12T20:23:26+00:00","mainEntityOfPage":{"@id":"https:\/\/www.fiscalia.gov.co\/colombia\/derechos-humanos\/fiscalia-imputara-a-dos-exgobernadores-de-meta-y-a-otros-exfuncionarios-por-contratacion-de-obras-de-remodelacion-de-un-internado-en-el-parque-nacional-natural-tinigua\/"},"wordCount":639,"publisher":{"@id":"https:\/\/www.fiscalia.gov.co\/colombia\/#organization"},"keywords":["Fiscal Barbosa","Fiscal\u00eda"],"articleSection":["Da\u00f1o al medio ambiente","Derechos Humanos"],"inLanguage":"es-CO"},{"@type":"WebPage","@id":"https:\/\/www.fiscalia.gov.co\/colombia\/derechos-humanos\/fiscalia-imputara-a-dos-exgobernadores-de-meta-y-a-otros-exfuncionarios-por-contratacion-de-obras-de-remodelacion-de-un-internado-en-el-parque-nacional-natural-tinigua\/","url":"https:\/\/www.fiscalia.gov.co\/colombia\/derechos-humanos\/fiscalia-imputara-a-dos-exgobernadores-de-meta-y-a-otros-exfuncionarios-por-contratacion-de-obras-de-remodelacion-de-un-internado-en-el-parque-nacional-natural-tinigua\/","name":"Fiscal\u00eda General de la Naci\u00f3n","isPartOf":{"@id":"https:\/\/www.fiscalia.gov.co\/colombia\/#website"},"datePublished":"2021-03-08T15:29:05+00:00","dateModified":"2021-03-12T20:23:26+00:00","description":"P\u00e1gina oficial de la Fiscal\u00eda General de la Naci\u00f3n \u2013 Colombia. Garantizamos el acceso efectivo a la justicia, la verdad y la reparaci\u00f3n de las v\u00edctimas de los delitos.","breadcrumb":{"@id":"https:\/\/www.fiscalia.gov.co\/colombia\/derechos-humanos\/fiscalia-imputara-a-dos-exgobernadores-de-meta-y-a-otros-exfuncionarios-por-contratacion-de-obras-de-remodelacion-de-un-internado-en-el-parque-nacional-natural-tinigua\/#breadcrumb"},"inLanguage":"es-CO","potentialAction":[{"@type":"ReadAction","target":["https:\/\/www.fiscalia.gov.co\/colombia\/derechos-humanos\/fiscalia-imputara-a-dos-exgobernadores-de-meta-y-a-otros-exfuncionarios-por-contratacion-de-obras-de-remodelacion-de-un-internado-en-el-parque-nacional-natural-tinigua\/"]}]},{"@type":"BreadcrumbList","@id":"https:\/\/www.fiscalia.gov.co\/colombia\/derechos-humanos\/fiscalia-imputara-a-dos-exgobernadores-de-meta-y-a-otros-exfuncionarios-por-contratacion-de-obras-de-remodelacion-de-un-internado-en-el-parque-nacional-natural-tinigua\/#breadcrumb","itemListElement":[{"@type":"ListItem","position":1,"name":"Home","item":"https:\/\/www.fiscalia.gov.co\/colombia\/"},{"@type":"ListItem","position":2,"name":"Fiscal\u00eda imputar\u00e1 a dos exgobernadores de Meta y a otros exfuncionarios por contrataci\u00f3n de obras de remodelaci\u00f3n de un internado en el Parque Nacional Natural Tinigua"}]},{"@type":"WebSite","@id":"https:\/\/www.fiscalia.gov.co\/colombia\/#website","url":"https:\/\/www.fiscalia.gov.co\/colombia\/","name":"Fiscal\u00eda General de la Naci\u00f3n","description":"P\u00e1gina oficial de la Fiscal\u00eda General de la Naci\u00f3n \u2013 Colombia. Garantizamos el acceso efectivo a la justicia, la verdad y la reparaci\u00f3n de las v\u00edctimas de los delitos.","publisher":{"@id":"https:\/\/www.fiscalia.gov.co\/colombia\/#organization"},"potentialAction":[{"@type":"SearchAction","target":{"@type":"EntryPoint","urlTemplate":"https:\/\/www.fiscalia.gov.co\/colombia\/?s={search_term_string}"},"query-input":{"@type":"PropertyValueSpecification","valueRequired":true,"valueName":"search_term_string"}}],"inLanguage":"es-CO"},{"@type":"Organization","@id":"https:\/\/www.fiscalia.gov.co\/colombia\/#organization","name":"Fiscal\u00eda General de la Naci\u00f3n","url":"https:\/\/www.fiscalia.gov.co\/colombia\/","logo":{"@type":"ImageObject","inLanguage":"es-CO","@id":"https:\/\/www.fiscalia.gov.co\/colombia\/#\/schema\/logo\/image\/","url":"https:\/\/www.fiscalia.gov.co\/colombia\/wp-content\/uploads\/LogoHorizontal_1.jpg","contentUrl":"https:\/\/www.fiscalia.gov.co\/colombia\/wp-content\/uploads\/LogoHorizontal_1.jpg","width":300,"height":90,"caption":"Fiscal\u00eda General de la Naci\u00f3n"},"image":{"@id":"https:\/\/www.fiscalia.gov.co\/colombia\/#\/schema\/logo\/image\/"},"sameAs":["https:\/\/www.facebook.com\/FiscaliaCol","https:\/\/x.com\/FiscaliaCol","https:\/\/www.instagram.com\/fiscaliacol","https:\/\/www.linkedin.com\/company\/fiscalia-general-de-la-naci-n\/","https:\/\/youtube.com\/@fiscaliageneraldelanacion-4668?si=6nN79nyQICPU5iTh"]},{"@type":"Person","@id":"https:\/\/www.fiscalia.gov.co\/colombia\/#\/schema\/person\/06aa2210fe4d79203f428ff671dee360","name":"Ana Mar\u00eda Gomez","image":{"@type":"ImageObject","inLanguage":"es-CO","@id":"https:\/\/www.fiscalia.gov.co\/colombia\/#\/schema\/person\/image\/","url":"https:\/\/secure.gravatar.com\/avatar\/a38115d98a7f8a96cbb96af2b2c37a0b?s=96&d=mm&r=g","contentUrl":"https:\/\/secure.gravatar.com\/avatar\/a38115d98a7f8a96cbb96af2b2c37a0b?s=96&d=mm&r=g","caption":"Ana Mar\u00eda Gomez"},"url":"https:\/\/www.fiscalia.gov.co\/colombia\/author\/agomez\/"}]}},"_links":{"self":[{"href":"https:\/\/www.fiscalia.gov.co\/colombia\/wp-json\/wp\/v2\/posts\/215075","targetHints":{"allow":["GET"]}}],"collection":[{"href":"https:\/\/www.fiscalia.gov.co\/colombia\/wp-json\/wp\/v2\/posts"}],"about":[{"href":"https:\/\/www.fiscalia.gov.co\/colombia\/wp-json\/wp\/v2\/types\/post"}],"author":[{"embeddable":true,"href":"https:\/\/www.fiscalia.gov.co\/colombia\/wp-json\/wp\/v2\/users\/171"}],"replies":[{"embeddable":true,"href":"https:\/\/www.fiscalia.gov.co\/colombia\/wp-json\/wp\/v2\/comments?post=215075"}],"version-history":[{"count":1,"href":"https:\/\/www.fiscalia.gov.co\/colombia\/wp-json\/wp\/v2\/posts\/215075\/revisions"}],"predecessor-version":[{"id":215076,"href":"https:\/\/www.fiscalia.gov.co\/colombia\/wp-json\/wp\/v2\/posts\/215075\/revisions\/215076"}],"wp:attachment":[{"href":"https:\/\/www.fiscalia.gov.co\/colombia\/wp-json\/wp\/v2\/media?parent=215075"}],"wp:term":[{"taxonomy":"category","embeddable":true,"href":"https:\/\/www.fiscalia.gov.co\/colombia\/wp-json\/wp\/v2\/categories?post=215075"},{"taxonomy":"post_tag","embeddable":true,"href":"https:\/\/www.fiscalia.gov.co\/colombia\/wp-json\/wp\/v2\/tags?post=215075"}],"curies":[{"name":"wp","href":"https:\/\/api.w.org\/{rel}","templated":true}]}}