{"id":215023,"date":"2021-03-06T15:58:43","date_gmt":"2021-03-06T20:58:43","guid":{"rendered":"https:\/\/www.fiscalia.gov.co\/colombia\/?p=215023"},"modified":"2021-03-12T15:09:08","modified_gmt":"2021-03-12T20:09:08","slug":"fiscalia-apela-aseguramiento-domiciliario-para-dos-funcionarios-de-la-secretaria-de-transito-de-putumayo","status":"publish","type":"post","link":"https:\/\/www.fiscalia.gov.co\/colombia\/lucha-contra-corrupcion\/fiscalia-apela-aseguramiento-domiciliario-para-dos-funcionarios-de-la-secretaria-de-transito-de-putumayo\/","title":{"rendered":"Fiscal\u00eda apela aseguramiento domiciliario para dos funcionarios de la Secretar\u00eda de Tr\u00e1nsito de Putumayo"},"content":{"rendered":"<p>En audiencias preliminares la Fiscal\u00eda imput\u00f3 a Jhon Eduardo C\u00e1ceres Siza y Andrea Fernanda Meneses Guerra,\u00a0<strong>funcionarios de la Secretar\u00eda de Tr\u00e1nsito de Puerto As\u00eds (Putumayo) como presuntos responsables de los delitos de concusi\u00f3n y\u00a0<\/strong><a href=\"https:\/\/www.fiscalia.gov.co\/colombia\/seccionales\/capturada-exconcejala-de-florencia-caqueta-condenada-por-cohecho-impropio\/\"><strong>cohecho<\/strong><\/a><strong>\u00a0propio. Ninguno acept\u00f3 los cargos.\u00a0<\/strong><\/p>\n<p>Seg\u00fan los hechos que se investigan, C\u00e1ceres Siza, en calidad de agente de tr\u00e1nsito, al parecer ven\u00eda haciendo\u00a0<strong>exigencias econ\u00f3micas de hasta $2.700.000<\/strong>\u00a0a una persona, a cambio de\u00a0<strong>no subir al sistema oficial un comparendo que le habr\u00eda hecho, y que seg\u00fan el implicado costaba 10 millones de pesos.<\/strong><\/p>\n<p>Dicho comparendo, estar\u00eda relacionado con\u00a0un supuesto que le habr\u00eda\u00a0hecho a la v\u00edctima porque, al parecer\u00a0en una inspecci\u00f3n de transito la prueba de alcoholemia arroj\u00f3\u00a0un grado 2 de alcohol en la sangre. De la misma manera, el implicado habr\u00eda asegurado que solo con el referido pago entregar\u00eda la\u00a0<strong>moto que hab\u00eda inmovilizado, adem\u00e1s de devolverle la licencia\u00a0 de conducci\u00f3n<\/strong>\u00a0y la c\u00e9dula de ciudadan\u00eda.<\/p>\n<p>Para concretar el pago exigido por el funcionario, se presume este cit\u00f3 a la v\u00edctima a las instalaciones del Instituto Municipal de Tr\u00e1nsito y Movilidad de Puerto As\u00eds (Putumayo), el pasado 2 de marzo.<\/p>\n<p>En dicho lugar, al parecer, el ciudadano deb\u00eda entregarle la suma\u00a0<strong>a Meses Guerra<\/strong>\u00a0quien presuntamente\u00a0<strong>recibi\u00f3 el dinero, al cont\u00f3 y la guard\u00f3 en su bolso. La mujer fue capturada en flagrancia<\/strong>\u00a0por uniformados del Gaula de la Polic\u00eda Nacional tras se\u00f1alamientos de la v\u00edctima.<\/p>\n<p>Ante un juez con funci\u00f3n de control de garant\u00edas la\u00a0<strong>Fiscal\u00eda solicit\u00f3 medida de aseguramiento en establecimiento carcelario<\/strong>, pero el juez decidi\u00f3 imponer medida de aseguramiento\u00a0<strong>domiciliaria contra el hombre; y no privativa de la libertad contra la implicada<\/strong>. Tal decisi\u00f3n fue\u00a0<strong>apelada por el ente acusador.<\/strong><\/p>\n<p>El juez competente declar\u00f3 legal la\u00a0<strong>incautaci\u00f3n de dos celulares, varias \u00f3rdenes de comparendo, varias c\u00e9dulas de ciudadan\u00eda y\u00a0licencias de conducci\u00f3n<\/strong>\u00a0con fines de investigaci\u00f3n.<\/p>\n<p>Estos resultados hacen parte de la pol\u00edtica institucional del\u00a0<strong>Fiscal General de la Naci\u00f3n, Francisco Barbosa Delgado,<\/strong>\u00a0<strong>\u2018En la calle y en los territorios\u2019<\/strong>, en la lucha contra la corrupci\u00f3n.<\/p>\n<p>La Fiscal\u00eda publica esta informaci\u00f3n por razones de inter\u00e9s general.<\/p>\n<p><strong>LMGM\/MAGA\/GRM<\/strong><\/p>\n<p><em>La informaci\u00f3n contenida en este bolet\u00edn de prensa corresponde a la narraci\u00f3n de los hechos noticiosos objetivos, suministrados por los funcionarios encargados de adelantar las investigaciones penales al interior de la Fiscal\u00eda General de la Naci\u00f3n. Para el momento de la divulgaci\u00f3n de este comunicado, la situaci\u00f3n jur\u00eddica de la(s) persona(s) relacionada(s) se encuentra pendiente de resolver por la autoridad judicial competente, siempre bajo los preceptos de la presunci\u00f3n de inocencia, consagrados en el art\u00edculo 29 de la Constituci\u00f3n Pol\u00edtica y el art\u00edculo 7\u00ba de la Ley 906 de 2004.<\/em><\/p>\n<p>&nbsp;<\/p>\n\n<div class=\"twitter-share\"><a href=\"https:\/\/twitter.com\/intent\/tweet?via=fiscaliacol\" class=\"twitter-share-button\">Tweet<\/a><\/div>\n","protected":false},"excerpt":{"rendered":"<p>En audiencias preliminares la Fiscal\u00eda imput\u00f3 a Jhon Eduardo C\u00e1ceres Siza y Andrea Fernanda Meneses Guerra,\u00a0funcionarios de la Secretar\u00eda de Tr\u00e1nsito de Puerto As\u00eds (Putumayo) como presuntos responsables de los [&hellip;]<\/p>\n","protected":false},"author":171,"featured_media":0,"comment_status":"closed","ping_status":"open","sticky":false,"template":"","format":"standard","meta":{"tdm_status":"","tdm_grid_status":"","footnotes":""},"categories":[24107,2910,303],"tags":[24955,430,23965,427,24185,7113],"class_list":["post-215023","post","type-post","status-publish","format-standard","category-lucha-contra-corrupcion","category-seccional-mocoa","category-seccionales","tag-captura-en-flagrancia","tag-cohecho","tag-concusion","tag-corrupcion","tag-fiscal-barbosa","tag-secretaria-de-transito"],"yoast_head":"<!-- This site is optimized with the Yoast SEO plugin v24.3 - https:\/\/yoast.com\/wordpress\/plugins\/seo\/ -->\n<title>Fiscal\u00eda General de la Naci\u00f3n<\/title>\n<meta name=\"description\" content=\"P\u00e1gina oficial de la Fiscal\u00eda General de la Naci\u00f3n \u2013 Colombia. Garantizamos el acceso efectivo a la justicia, la verdad y la reparaci\u00f3n de las v\u00edctimas de los delitos.\" \/>\n<meta name=\"robots\" content=\"noindex, follow\" \/>\n<meta property=\"og:locale\" content=\"es_ES\" \/>\n<meta property=\"og:type\" content=\"article\" \/>\n<meta property=\"og:title\" content=\"Fiscal\u00eda General de la Naci\u00f3n\" \/>\n<meta property=\"og:description\" content=\"P\u00e1gina oficial de la Fiscal\u00eda General de la Naci\u00f3n \u2013 Colombia. Garantizamos el acceso efectivo a la justicia, la verdad y la reparaci\u00f3n de las v\u00edctimas de los delitos.\" \/>\n<meta property=\"og:url\" content=\"https:\/\/www.fiscalia.gov.co\/colombia\/lucha-contra-corrupcion\/fiscalia-apela-aseguramiento-domiciliario-para-dos-funcionarios-de-la-secretaria-de-transito-de-putumayo\/\" \/>\n<meta property=\"og:site_name\" content=\"Fiscal\u00eda General de la Naci\u00f3n\" \/>\n<meta property=\"article:publisher\" content=\"https:\/\/www.facebook.com\/FiscaliaCol\" \/>\n<meta property=\"article:published_time\" content=\"2021-03-06T20:58:43+00:00\" \/>\n<meta property=\"article:modified_time\" content=\"2021-03-12T20:09:08+00:00\" \/>\n<meta name=\"author\" content=\"Ana Mar\u00eda Gomez\" \/>\n<meta name=\"twitter:card\" content=\"summary_large_image\" \/>\n<meta name=\"twitter:creator\" content=\"@FiscaliaCol\" \/>\n<meta name=\"twitter:site\" content=\"@FiscaliaCol\" \/>\n<meta name=\"twitter:label1\" content=\"Escrito por\" \/>\n\t<meta name=\"twitter:data1\" content=\"Ana Mar\u00eda Gomez\" \/>\n\t<meta name=\"twitter:label2\" content=\"Tiempo de lectura\" \/>\n\t<meta name=\"twitter:data2\" content=\"2 minutos\" \/>\n<script type=\"application\/ld+json\" class=\"yoast-schema-graph\">{\"@context\":\"https:\/\/schema.org\",\"@graph\":[{\"@type\":\"Article\",\"@id\":\"https:\/\/www.fiscalia.gov.co\/colombia\/lucha-contra-corrupcion\/fiscalia-apela-aseguramiento-domiciliario-para-dos-funcionarios-de-la-secretaria-de-transito-de-putumayo\/#article\",\"isPartOf\":{\"@id\":\"https:\/\/www.fiscalia.gov.co\/colombia\/lucha-contra-corrupcion\/fiscalia-apela-aseguramiento-domiciliario-para-dos-funcionarios-de-la-secretaria-de-transito-de-putumayo\/\"},\"author\":{\"name\":\"Ana Mar\u00eda Gomez\",\"@id\":\"https:\/\/www.fiscalia.gov.co\/colombia\/#\/schema\/person\/06aa2210fe4d79203f428ff671dee360\"},\"headline\":\"Fiscal\u00eda apela aseguramiento domiciliario para dos funcionarios de la Secretar\u00eda de Tr\u00e1nsito de Putumayo\",\"datePublished\":\"2021-03-06T20:58:43+00:00\",\"dateModified\":\"2021-03-12T20:09:08+00:00\",\"mainEntityOfPage\":{\"@id\":\"https:\/\/www.fiscalia.gov.co\/colombia\/lucha-contra-corrupcion\/fiscalia-apela-aseguramiento-domiciliario-para-dos-funcionarios-de-la-secretaria-de-transito-de-putumayo\/\"},\"wordCount\":516,\"publisher\":{\"@id\":\"https:\/\/www.fiscalia.gov.co\/colombia\/#organization\"},\"keywords\":[\"captura en flagrancia\",\"Cohecho\",\"Concusi\u00f3n\",\"Corrupci\u00f3n\",\"Fiscal Barbosa\",\"Secretar\u00eda de Tr\u00e1nsito\"],\"articleSection\":[\"Corrupci\u00f3n\",\"Seccional Mocoa\",\"Seccionales\"],\"inLanguage\":\"es-CO\"},{\"@type\":\"WebPage\",\"@id\":\"https:\/\/www.fiscalia.gov.co\/colombia\/lucha-contra-corrupcion\/fiscalia-apela-aseguramiento-domiciliario-para-dos-funcionarios-de-la-secretaria-de-transito-de-putumayo\/\",\"url\":\"https:\/\/www.fiscalia.gov.co\/colombia\/lucha-contra-corrupcion\/fiscalia-apela-aseguramiento-domiciliario-para-dos-funcionarios-de-la-secretaria-de-transito-de-putumayo\/\",\"name\":\"Fiscal\u00eda General de la Naci\u00f3n\",\"isPartOf\":{\"@id\":\"https:\/\/www.fiscalia.gov.co\/colombia\/#website\"},\"datePublished\":\"2021-03-06T20:58:43+00:00\",\"dateModified\":\"2021-03-12T20:09:08+00:00\",\"description\":\"P\u00e1gina oficial de la Fiscal\u00eda General de la Naci\u00f3n \u2013 Colombia. Garantizamos el acceso efectivo a la justicia, la verdad y la reparaci\u00f3n de las v\u00edctimas de los delitos.\",\"breadcrumb\":{\"@id\":\"https:\/\/www.fiscalia.gov.co\/colombia\/lucha-contra-corrupcion\/fiscalia-apela-aseguramiento-domiciliario-para-dos-funcionarios-de-la-secretaria-de-transito-de-putumayo\/#breadcrumb\"},\"inLanguage\":\"es-CO\",\"potentialAction\":[{\"@type\":\"ReadAction\",\"target\":[\"https:\/\/www.fiscalia.gov.co\/colombia\/lucha-contra-corrupcion\/fiscalia-apela-aseguramiento-domiciliario-para-dos-funcionarios-de-la-secretaria-de-transito-de-putumayo\/\"]}]},{\"@type\":\"BreadcrumbList\",\"@id\":\"https:\/\/www.fiscalia.gov.co\/colombia\/lucha-contra-corrupcion\/fiscalia-apela-aseguramiento-domiciliario-para-dos-funcionarios-de-la-secretaria-de-transito-de-putumayo\/#breadcrumb\",\"itemListElement\":[{\"@type\":\"ListItem\",\"position\":1,\"name\":\"Home\",\"item\":\"https:\/\/www.fiscalia.gov.co\/colombia\/\"},{\"@type\":\"ListItem\",\"position\":2,\"name\":\"Fiscal\u00eda apela aseguramiento domiciliario para dos funcionarios de la Secretar\u00eda de Tr\u00e1nsito de Putumayo\"}]},{\"@type\":\"WebSite\",\"@id\":\"https:\/\/www.fiscalia.gov.co\/colombia\/#website\",\"url\":\"https:\/\/www.fiscalia.gov.co\/colombia\/\",\"name\":\"Fiscal\u00eda General de la Naci\u00f3n\",\"description\":\"P\u00e1gina oficial de la Fiscal\u00eda General de la Naci\u00f3n \u2013 Colombia. Garantizamos el acceso efectivo a la justicia, la verdad y la reparaci\u00f3n de las v\u00edctimas de los delitos.\",\"publisher\":{\"@id\":\"https:\/\/www.fiscalia.gov.co\/colombia\/#organization\"},\"potentialAction\":[{\"@type\":\"SearchAction\",\"target\":{\"@type\":\"EntryPoint\",\"urlTemplate\":\"https:\/\/www.fiscalia.gov.co\/colombia\/?s={search_term_string}\"},\"query-input\":{\"@type\":\"PropertyValueSpecification\",\"valueRequired\":true,\"valueName\":\"search_term_string\"}}],\"inLanguage\":\"es-CO\"},{\"@type\":\"Organization\",\"@id\":\"https:\/\/www.fiscalia.gov.co\/colombia\/#organization\",\"name\":\"Fiscal\u00eda General de la Naci\u00f3n\",\"url\":\"https:\/\/www.fiscalia.gov.co\/colombia\/\",\"logo\":{\"@type\":\"ImageObject\",\"inLanguage\":\"es-CO\",\"@id\":\"https:\/\/www.fiscalia.gov.co\/colombia\/#\/schema\/logo\/image\/\",\"url\":\"https:\/\/www.fiscalia.gov.co\/colombia\/wp-content\/uploads\/LogoHorizontal_1.jpg\",\"contentUrl\":\"https:\/\/www.fiscalia.gov.co\/colombia\/wp-content\/uploads\/LogoHorizontal_1.jpg\",\"width\":300,\"height\":90,\"caption\":\"Fiscal\u00eda General de la Naci\u00f3n\"},\"image\":{\"@id\":\"https:\/\/www.fiscalia.gov.co\/colombia\/#\/schema\/logo\/image\/\"},\"sameAs\":[\"https:\/\/www.facebook.com\/FiscaliaCol\",\"https:\/\/x.com\/FiscaliaCol\",\"https:\/\/www.instagram.com\/fiscaliacol\",\"https:\/\/www.linkedin.com\/company\/fiscalia-general-de-la-naci-n\/\",\"https:\/\/youtube.com\/@fiscaliageneraldelanacion-4668?si=6nN79nyQICPU5iTh\"]},{\"@type\":\"Person\",\"@id\":\"https:\/\/www.fiscalia.gov.co\/colombia\/#\/schema\/person\/06aa2210fe4d79203f428ff671dee360\",\"name\":\"Ana Mar\u00eda Gomez\",\"image\":{\"@type\":\"ImageObject\",\"inLanguage\":\"es-CO\",\"@id\":\"https:\/\/www.fiscalia.gov.co\/colombia\/#\/schema\/person\/image\/\",\"url\":\"https:\/\/secure.gravatar.com\/avatar\/a38115d98a7f8a96cbb96af2b2c37a0b?s=96&d=mm&r=g\",\"contentUrl\":\"https:\/\/secure.gravatar.com\/avatar\/a38115d98a7f8a96cbb96af2b2c37a0b?s=96&d=mm&r=g\",\"caption\":\"Ana Mar\u00eda Gomez\"},\"url\":\"https:\/\/www.fiscalia.gov.co\/colombia\/author\/agomez\/\"}]}<\/script>\n<!-- \/ Yoast SEO plugin. -->","yoast_head_json":{"title":"Fiscal\u00eda General de la Naci\u00f3n","description":"P\u00e1gina oficial de la Fiscal\u00eda General de la Naci\u00f3n \u2013 Colombia. Garantizamos el acceso efectivo a la justicia, la verdad y la reparaci\u00f3n de las v\u00edctimas de los delitos.","robots":{"index":"noindex","follow":"follow"},"og_locale":"es_ES","og_type":"article","og_title":"Fiscal\u00eda General de la Naci\u00f3n","og_description":"P\u00e1gina oficial de la Fiscal\u00eda General de la Naci\u00f3n \u2013 Colombia. Garantizamos el acceso efectivo a la justicia, la verdad y la reparaci\u00f3n de las v\u00edctimas de los delitos.","og_url":"https:\/\/www.fiscalia.gov.co\/colombia\/lucha-contra-corrupcion\/fiscalia-apela-aseguramiento-domiciliario-para-dos-funcionarios-de-la-secretaria-de-transito-de-putumayo\/","og_site_name":"Fiscal\u00eda General de la Naci\u00f3n","article_publisher":"https:\/\/www.facebook.com\/FiscaliaCol","article_published_time":"2021-03-06T20:58:43+00:00","article_modified_time":"2021-03-12T20:09:08+00:00","author":"Ana Mar\u00eda Gomez","twitter_card":"summary_large_image","twitter_creator":"@FiscaliaCol","twitter_site":"@FiscaliaCol","twitter_misc":{"Escrito por":"Ana Mar\u00eda Gomez","Tiempo de lectura":"2 minutos"},"schema":{"@context":"https:\/\/schema.org","@graph":[{"@type":"Article","@id":"https:\/\/www.fiscalia.gov.co\/colombia\/lucha-contra-corrupcion\/fiscalia-apela-aseguramiento-domiciliario-para-dos-funcionarios-de-la-secretaria-de-transito-de-putumayo\/#article","isPartOf":{"@id":"https:\/\/www.fiscalia.gov.co\/colombia\/lucha-contra-corrupcion\/fiscalia-apela-aseguramiento-domiciliario-para-dos-funcionarios-de-la-secretaria-de-transito-de-putumayo\/"},"author":{"name":"Ana Mar\u00eda Gomez","@id":"https:\/\/www.fiscalia.gov.co\/colombia\/#\/schema\/person\/06aa2210fe4d79203f428ff671dee360"},"headline":"Fiscal\u00eda apela aseguramiento domiciliario para dos funcionarios de la Secretar\u00eda de Tr\u00e1nsito de Putumayo","datePublished":"2021-03-06T20:58:43+00:00","dateModified":"2021-03-12T20:09:08+00:00","mainEntityOfPage":{"@id":"https:\/\/www.fiscalia.gov.co\/colombia\/lucha-contra-corrupcion\/fiscalia-apela-aseguramiento-domiciliario-para-dos-funcionarios-de-la-secretaria-de-transito-de-putumayo\/"},"wordCount":516,"publisher":{"@id":"https:\/\/www.fiscalia.gov.co\/colombia\/#organization"},"keywords":["captura en flagrancia","Cohecho","Concusi\u00f3n","Corrupci\u00f3n","Fiscal Barbosa","Secretar\u00eda de Tr\u00e1nsito"],"articleSection":["Corrupci\u00f3n","Seccional Mocoa","Seccionales"],"inLanguage":"es-CO"},{"@type":"WebPage","@id":"https:\/\/www.fiscalia.gov.co\/colombia\/lucha-contra-corrupcion\/fiscalia-apela-aseguramiento-domiciliario-para-dos-funcionarios-de-la-secretaria-de-transito-de-putumayo\/","url":"https:\/\/www.fiscalia.gov.co\/colombia\/lucha-contra-corrupcion\/fiscalia-apela-aseguramiento-domiciliario-para-dos-funcionarios-de-la-secretaria-de-transito-de-putumayo\/","name":"Fiscal\u00eda General de la Naci\u00f3n","isPartOf":{"@id":"https:\/\/www.fiscalia.gov.co\/colombia\/#website"},"datePublished":"2021-03-06T20:58:43+00:00","dateModified":"2021-03-12T20:09:08+00:00","description":"P\u00e1gina oficial de la Fiscal\u00eda General de la Naci\u00f3n \u2013 Colombia. Garantizamos el acceso efectivo a la justicia, la verdad y la reparaci\u00f3n de las v\u00edctimas de los delitos.","breadcrumb":{"@id":"https:\/\/www.fiscalia.gov.co\/colombia\/lucha-contra-corrupcion\/fiscalia-apela-aseguramiento-domiciliario-para-dos-funcionarios-de-la-secretaria-de-transito-de-putumayo\/#breadcrumb"},"inLanguage":"es-CO","potentialAction":[{"@type":"ReadAction","target":["https:\/\/www.fiscalia.gov.co\/colombia\/lucha-contra-corrupcion\/fiscalia-apela-aseguramiento-domiciliario-para-dos-funcionarios-de-la-secretaria-de-transito-de-putumayo\/"]}]},{"@type":"BreadcrumbList","@id":"https:\/\/www.fiscalia.gov.co\/colombia\/lucha-contra-corrupcion\/fiscalia-apela-aseguramiento-domiciliario-para-dos-funcionarios-de-la-secretaria-de-transito-de-putumayo\/#breadcrumb","itemListElement":[{"@type":"ListItem","position":1,"name":"Home","item":"https:\/\/www.fiscalia.gov.co\/colombia\/"},{"@type":"ListItem","position":2,"name":"Fiscal\u00eda apela aseguramiento domiciliario para dos funcionarios de la Secretar\u00eda de Tr\u00e1nsito de Putumayo"}]},{"@type":"WebSite","@id":"https:\/\/www.fiscalia.gov.co\/colombia\/#website","url":"https:\/\/www.fiscalia.gov.co\/colombia\/","name":"Fiscal\u00eda General de la Naci\u00f3n","description":"P\u00e1gina oficial de la Fiscal\u00eda General de la Naci\u00f3n \u2013 Colombia. Garantizamos el acceso efectivo a la justicia, la verdad y la reparaci\u00f3n de las v\u00edctimas de los delitos.","publisher":{"@id":"https:\/\/www.fiscalia.gov.co\/colombia\/#organization"},"potentialAction":[{"@type":"SearchAction","target":{"@type":"EntryPoint","urlTemplate":"https:\/\/www.fiscalia.gov.co\/colombia\/?s={search_term_string}"},"query-input":{"@type":"PropertyValueSpecification","valueRequired":true,"valueName":"search_term_string"}}],"inLanguage":"es-CO"},{"@type":"Organization","@id":"https:\/\/www.fiscalia.gov.co\/colombia\/#organization","name":"Fiscal\u00eda General de la Naci\u00f3n","url":"https:\/\/www.fiscalia.gov.co\/colombia\/","logo":{"@type":"ImageObject","inLanguage":"es-CO","@id":"https:\/\/www.fiscalia.gov.co\/colombia\/#\/schema\/logo\/image\/","url":"https:\/\/www.fiscalia.gov.co\/colombia\/wp-content\/uploads\/LogoHorizontal_1.jpg","contentUrl":"https:\/\/www.fiscalia.gov.co\/colombia\/wp-content\/uploads\/LogoHorizontal_1.jpg","width":300,"height":90,"caption":"Fiscal\u00eda General de la Naci\u00f3n"},"image":{"@id":"https:\/\/www.fiscalia.gov.co\/colombia\/#\/schema\/logo\/image\/"},"sameAs":["https:\/\/www.facebook.com\/FiscaliaCol","https:\/\/x.com\/FiscaliaCol","https:\/\/www.instagram.com\/fiscaliacol","https:\/\/www.linkedin.com\/company\/fiscalia-general-de-la-naci-n\/","https:\/\/youtube.com\/@fiscaliageneraldelanacion-4668?si=6nN79nyQICPU5iTh"]},{"@type":"Person","@id":"https:\/\/www.fiscalia.gov.co\/colombia\/#\/schema\/person\/06aa2210fe4d79203f428ff671dee360","name":"Ana Mar\u00eda Gomez","image":{"@type":"ImageObject","inLanguage":"es-CO","@id":"https:\/\/www.fiscalia.gov.co\/colombia\/#\/schema\/person\/image\/","url":"https:\/\/secure.gravatar.com\/avatar\/a38115d98a7f8a96cbb96af2b2c37a0b?s=96&d=mm&r=g","contentUrl":"https:\/\/secure.gravatar.com\/avatar\/a38115d98a7f8a96cbb96af2b2c37a0b?s=96&d=mm&r=g","caption":"Ana Mar\u00eda Gomez"},"url":"https:\/\/www.fiscalia.gov.co\/colombia\/author\/agomez\/"}]}},"_links":{"self":[{"href":"https:\/\/www.fiscalia.gov.co\/colombia\/wp-json\/wp\/v2\/posts\/215023","targetHints":{"allow":["GET"]}}],"collection":[{"href":"https:\/\/www.fiscalia.gov.co\/colombia\/wp-json\/wp\/v2\/posts"}],"about":[{"href":"https:\/\/www.fiscalia.gov.co\/colombia\/wp-json\/wp\/v2\/types\/post"}],"author":[{"embeddable":true,"href":"https:\/\/www.fiscalia.gov.co\/colombia\/wp-json\/wp\/v2\/users\/171"}],"replies":[{"embeddable":true,"href":"https:\/\/www.fiscalia.gov.co\/colombia\/wp-json\/wp\/v2\/comments?post=215023"}],"version-history":[{"count":1,"href":"https:\/\/www.fiscalia.gov.co\/colombia\/wp-json\/wp\/v2\/posts\/215023\/revisions"}],"predecessor-version":[{"id":215024,"href":"https:\/\/www.fiscalia.gov.co\/colombia\/wp-json\/wp\/v2\/posts\/215023\/revisions\/215024"}],"wp:attachment":[{"href":"https:\/\/www.fiscalia.gov.co\/colombia\/wp-json\/wp\/v2\/media?parent=215023"}],"wp:term":[{"taxonomy":"category","embeddable":true,"href":"https:\/\/www.fiscalia.gov.co\/colombia\/wp-json\/wp\/v2\/categories?post=215023"},{"taxonomy":"post_tag","embeddable":true,"href":"https:\/\/www.fiscalia.gov.co\/colombia\/wp-json\/wp\/v2\/tags?post=215023"}],"curies":[{"name":"wp","href":"https:\/\/api.w.org\/{rel}","templated":true}]}}