{"id":214933,"date":"2021-03-05T10:49:09","date_gmt":"2021-03-05T15:49:09","guid":{"rendered":"https:\/\/www.fiscalia.gov.co\/colombia\/?p=214933"},"modified":"2021-03-12T14:45:07","modified_gmt":"2021-03-12T19:45:07","slug":"fiscalia-judicializo-a-presuntos-responsables-de-violencia-intrafamiliar-en-jornada-de-traslados-de-escritos-de-acusacion","status":"publish","type":"post","link":"https:\/\/www.fiscalia.gov.co\/colombia\/violencia-sexual-e-intrafamiliar\/fiscalia-judicializo-a-presuntos-responsables-de-violencia-intrafamiliar-en-jornada-de-traslados-de-escritos-de-acusacion\/","title":{"rendered":"Fiscal\u00eda judicializ\u00f3 a presuntos responsables de violencia intrafamiliar en jornada de traslados de escritos de acusaci\u00f3n"},"content":{"rendered":"<p>Durante la \u00faltima semana de febrero la Seccional Huila de la Fiscal\u00eda General\u00a0\u00a0de la Naci\u00f3n llev\u00f3 a cabo una\u00a0<strong>jornada de traslados de escritos de acusaci\u00f3n<\/strong>\u00a0por el delito de\u00a0<strong>violencia intrafamiliar.\u00a0<\/strong>Durante estos d\u00edas se lograron\u00a0<strong>44 traslados de escritos de acusaci\u00f3n<\/strong>; el CTI apoyado por el Ej\u00e9rcito\u00a0<strong>materializ\u00f3 10 capturas\u00a0<\/strong>en diferentes municipios; y se obtuvieron\u00a0<strong>6 medidas de aseguramiento privativas de la libertad.<\/strong><\/p>\n<p>Las v\u00edctimas fueron\u00a0<strong>mujeres agredidas\u00a0<\/strong><a href=\"https:\/\/www.fiscalia.gov.co\/colombia\/violencia-sexual-e-intrafamiliar\/privado-de-la-libertad-presunto-responsable-de-abuso-sexual-y-violencia-intrafamiliar\/\"><strong>f\u00edsica y psicol\u00f3gicamente<\/strong><\/a><strong>\u00a0por sus compa\u00f1eros o excompa\u00f1eros sentimentales<\/strong>\u00a0siendo los hechos registrados en su mayor\u00eda en Pitalito; otros sucedieron en Altamira, Campoalegre\u00a0y Acevedo.<\/p>\n<ul>\n<li>Entre los hechos conocidos, llama la atenci\u00f3n el caso de Yan Carlos Cruz Jim\u00e9nez quien fue cobijado con\u00a0<strong>medida de aseguramiento en centro carcelario<\/strong>\u00a0luego de que la Fiscal\u00eda lo imputara como presunto responsable del delito de\u00a0<strong>violencia intrafamiliar reiterada\u00a0<\/strong>en contra de<strong>\u00a0<\/strong>su ex compa\u00f1era sentimental. Seg\u00fan consta en el proceso la v\u00edctima, al parecer, era\u00a0<strong>amenazada por el implicado con un arma blanca\u00a0<\/strong>porque, al parecer, ten\u00eda otra relaci\u00f3n.<\/li>\n<\/ul>\n<ul>\n<li>Otro caso est\u00e1 relacionado con Alonso Guevara Joven. Bajo la Ley de Procedimiento Abreviado la Fiscal\u00eda realiz\u00f3 el\u00a0<strong>traslado de escrito de acusaci\u00f3n por violencia intrafamiliar agravada<\/strong>\u00a0contra Guevara quien, al parecer, agredi\u00f3 f\u00edsicamente a su compa\u00f1era sentimental a quien habr\u00eda golpeado mientras\u00a0<strong>se encontraba en estado de embarazo<\/strong>\u00a0en Acevedo (Huila). Los hechos se habr\u00edan presentado el 31 de julio de 2020. El juez que conoci\u00f3 el caso impuso\u00a0<strong>medida de aseguramiento en establecimiento carcelario contra el implicado.\u00a0<\/strong><\/li>\n<li>El 9 de julio de 2020, al parecer, Rub\u00e9n Dar\u00edo Manrique golpe\u00f3 a su excompa\u00f1era y afect\u00f3 la vivienda donde ella resid\u00eda, al parecer, por celos. En el marco de la discusi\u00f3n, presuntamente, la mujer fue herida con un pedazo de vidrio de una ventana que habr\u00eda sido rota por Manrique.\u00a0 La Fiscal\u00eda logr\u00f3\u00a0<strong>medida de aseguramiento intramuros<\/strong>\u00a0en contra del implicado a quien acus\u00f3 por el delito de\u00a0<strong>violencia intrafamiliar agravada.\u00a0<\/strong>La Seccional Huila rechaza los\u00a0<strong>actos de violencia contra la mujer que afectan la\u00a0seguridad y la armon\u00eda de los n\u00facleos familiares<\/strong>, de acuerdo a los\u00a0objetivos estrat\u00e9gicos enmarcados por\u00a0 el Fiscal General de la Naci\u00f3n,\u00a0 Francisco Barbosa Delgado, e invita las v\u00edctimas de este delito\u00a0 a denunciarlos trav\u00e9s de la\u00a0<strong>L\u00ednea nacional 0180000919748\u00a0 y\u00a0 Celular\u00a0122 del\u00a0<\/strong><a href=\"https:\/\/www.fiscalia.gov.co\/colombia\/servicios-de-informacion-al-ciudadano\/centro-de-contacto\/\"><strong>Centro de Contacto<\/strong><\/a>, as\u00ed como en\u00a0plataforma\u00a0<strong>ADenunciar<\/strong>, disponible en las p\u00e1ginas web de la Fiscal\u00eda (<a href=\"http:\/\/www.fiscalia.gov.co\/\">www.fiscalia.gov.co<\/a>)\u00a0y de la Polic\u00eda Nacional (<a href=\"http:\/\/www.policia.gov.co\/\">www.policia.gov.co<\/a>).<\/li>\n<\/ul>\n<p>Para\u00a0interponer denuncias relacionadas con la din\u00e1mica\u00a0<strong>de violencia sexual e<\/strong><\/p>\n<p><strong>intrafamiliar,\u00a0<\/strong>la Seccional Huila cuenta con los siguientes correos:\u00a0<a href=\"mailto:francenith.pascuas@fiscalia.gov.co\">francenith.pascuas@fiscalia.gov.co<\/a>, y\u00a0<a href=\"mailto:diana.lozano@fiscalia.gov.co\">diana.lozano@fiscalia.gov.co<\/a>\u00a0Tambi\u00e9n se dispone de la\u00a0<strong>l\u00ednea nacional 155<\/strong>\u00a0contra la violencia de g\u00e9nero.\u00a0Para atender\u00a0<strong>actos urgentes relacionados con violencia sexual e intrafamiliar<\/strong>\u00a0la Fiscal\u00eda en Huila tiene las siguientes l\u00edneas de atenci\u00f3n:<\/p>\n<p><strong>Neiva:<\/strong>\u00a03183471815<\/p>\n<p><strong>Pitalito:<\/strong>3163995699 &#8211; 3183471588<\/p>\n<p><strong>Algeciras- Campoalegre- Hobo-\u00a0 Rivera:<\/strong>\u00a03102084930<\/p>\n<p><strong>La Plata:<\/strong>\u00a03164821501<\/p>\n<p><strong>Garz\u00f3n:<\/strong>\u00a03138163922<\/p>\n<p>La Fiscal\u00eda publica esta informaci\u00f3n por razones de inter\u00e9s general.<\/p>\n<p><strong>LMGM\/MAGA\/AMCA<\/strong><\/p>\n<p><em>La informaci\u00f3n contenida en este bolet\u00edn de prensa corresponde a la narraci\u00f3n de los hechos noticiosos objetivos, suministrados por los funcionarios encargados de adelantar las investigaciones penales al interior de la Fiscal\u00eda General de la Naci\u00f3n. Para el momento de la divulgaci\u00f3n de este comunicado, la situaci\u00f3n jur\u00eddica de la(s) persona(s) relacionada(s) se encuentra pendiente de resolver por la autoridad judicial competente, siempre bajo los preceptos de la presunci\u00f3n de inocencia, consagrados en el art\u00edculo 29 de la Constituci\u00f3n Pol\u00edtica y el art\u00edculo 7\u00ba de la Ley 906 de 2004.<\/em><\/p>\n<p>&nbsp;<\/p>\n\n<div class=\"twitter-share\"><a href=\"https:\/\/twitter.com\/intent\/tweet?via=fiscaliacol\" class=\"twitter-share-button\">Tweet<\/a><\/div>\n","protected":false},"excerpt":{"rendered":"<p>Durante la \u00faltima semana de febrero la Seccional Huila de la Fiscal\u00eda General\u00a0\u00a0de la Naci\u00f3n llev\u00f3 a cabo una\u00a0jornada de traslados de escritos de acusaci\u00f3n\u00a0por el delito de\u00a0violencia intrafamiliar.\u00a0Durante estos d\u00edas se lograron\u00a044 traslados de escritos de acusaci\u00f3n; el CTI apoyado por el Ej\u00e9rcito\u00a0materializ\u00f3 10 capturas\u00a0en diferentes municipios; y se obtuvieron\u00a06 medidas de aseguramiento privativas [&hellip;]<\/p>\n","protected":false},"author":171,"featured_media":0,"comment_status":"closed","ping_status":"open","sticky":false,"template":"","format":"video","meta":{"_price":"","_stock":"","_tribe_ticket_header":"","_tribe_default_ticket_provider":"","_tribe_ticket_capacity":"0","_ticket_start_date":"","_ticket_end_date":"","_tribe_ticket_show_description":"","_tribe_ticket_show_not_going":false,"_tribe_ticket_use_global_stock":"","_tribe_ticket_global_stock_level":"","_global_stock_mode":"","_global_stock_cap":"","_tribe_rsvp_for_event":"","_tribe_ticket_going_count":"","_tribe_ticket_not_going_count":"","_tribe_tickets_list":"[]","_tribe_ticket_has_attendee_info_fields":false,"tdm_status":"","tdm_grid_status":"","footnotes":""},"categories":[333,303,24127],"tags":[24369,26127,26130,26128,26129],"class_list":{"0":"post-214933","1":"post","2":"type-post","3":"status-publish","4":"format-video","6":"category-seccional-neiva","7":"category-seccionales","8":"category-violencia-sexual-e-intrafamiliar","9":"tag-derechos-mujeres","10":"tag-jornada-violencia-intrafamiliar-huila","11":"tag-lineas-de-denuncia","12":"tag-traslado-escritos-de-acusacion","13":"tag-violencia-intrafamiliar-y-sexual","14":"post_format-post-format-video"},"yoast_head":"<!-- This site is optimized with the Yoast SEO plugin v24.3 - https:\/\/yoast.com\/wordpress\/plugins\/seo\/ -->\n<title>Fiscal\u00eda General de la Naci\u00f3n<\/title>\n<meta name=\"description\" content=\"P\u00e1gina oficial de la Fiscal\u00eda General de la Naci\u00f3n \u2013 Colombia. Garantizamos el acceso efectivo a la justicia, la verdad y la reparaci\u00f3n de las v\u00edctimas de los delitos.\" \/>\n<meta name=\"robots\" content=\"noindex, follow\" \/>\n<meta property=\"og:locale\" content=\"es_ES\" \/>\n<meta property=\"og:type\" content=\"article\" \/>\n<meta property=\"og:title\" content=\"Fiscal\u00eda General de la Naci\u00f3n\" \/>\n<meta property=\"og:description\" content=\"P\u00e1gina oficial de la Fiscal\u00eda General de la Naci\u00f3n \u2013 Colombia. Garantizamos el acceso efectivo a la justicia, la verdad y la reparaci\u00f3n de las v\u00edctimas de los delitos.\" \/>\n<meta property=\"og:url\" content=\"https:\/\/www.fiscalia.gov.co\/colombia\/violencia-sexual-e-intrafamiliar\/fiscalia-judicializo-a-presuntos-responsables-de-violencia-intrafamiliar-en-jornada-de-traslados-de-escritos-de-acusacion\/\" \/>\n<meta property=\"og:site_name\" content=\"Fiscal\u00eda General de la Naci\u00f3n\" \/>\n<meta property=\"article:publisher\" content=\"https:\/\/www.facebook.com\/FiscaliaCol\" \/>\n<meta property=\"article:published_time\" content=\"2021-03-05T15:49:09+00:00\" \/>\n<meta property=\"article:modified_time\" content=\"2021-03-12T19:45:07+00:00\" \/>\n<meta name=\"author\" content=\"Ana Mar\u00eda Gomez\" \/>\n<meta name=\"twitter:card\" content=\"summary_large_image\" \/>\n<meta name=\"twitter:creator\" content=\"@FiscaliaCol\" \/>\n<meta name=\"twitter:site\" content=\"@FiscaliaCol\" \/>\n<meta name=\"twitter:label1\" content=\"Escrito por\" \/>\n\t<meta name=\"twitter:data1\" content=\"Ana Mar\u00eda Gomez\" \/>\n\t<meta name=\"twitter:label2\" content=\"Tiempo de lectura\" \/>\n\t<meta name=\"twitter:data2\" content=\"3 minutos\" \/>\n<script type=\"application\/ld+json\" class=\"yoast-schema-graph\">{\"@context\":\"https:\/\/schema.org\",\"@graph\":[{\"@type\":\"Article\",\"@id\":\"https:\/\/www.fiscalia.gov.co\/colombia\/violencia-sexual-e-intrafamiliar\/fiscalia-judicializo-a-presuntos-responsables-de-violencia-intrafamiliar-en-jornada-de-traslados-de-escritos-de-acusacion\/#article\",\"isPartOf\":{\"@id\":\"https:\/\/www.fiscalia.gov.co\/colombia\/violencia-sexual-e-intrafamiliar\/fiscalia-judicializo-a-presuntos-responsables-de-violencia-intrafamiliar-en-jornada-de-traslados-de-escritos-de-acusacion\/\"},\"author\":{\"name\":\"Ana Mar\u00eda Gomez\",\"@id\":\"https:\/\/www.fiscalia.gov.co\/colombia\/#\/schema\/person\/06aa2210fe4d79203f428ff671dee360\"},\"headline\":\"Fiscal\u00eda judicializ\u00f3 a presuntos responsables de violencia intrafamiliar en jornada de traslados de escritos de acusaci\u00f3n\",\"datePublished\":\"2021-03-05T15:49:09+00:00\",\"dateModified\":\"2021-03-12T19:45:07+00:00\",\"mainEntityOfPage\":{\"@id\":\"https:\/\/www.fiscalia.gov.co\/colombia\/violencia-sexual-e-intrafamiliar\/fiscalia-judicializo-a-presuntos-responsables-de-violencia-intrafamiliar-en-jornada-de-traslados-de-escritos-de-acusacion\/\"},\"wordCount\":658,\"publisher\":{\"@id\":\"https:\/\/www.fiscalia.gov.co\/colombia\/#organization\"},\"keywords\":[\"derechos mujeres\",\"jornada violencia intrafamiliar Huila\",\"l\u00edneas de denuncia\",\"traslado escritos de acusaci\u00f3n\",\"violencia intrafamiliar y sexual\"],\"articleSection\":[\"Seccional Neiva\",\"Seccionales\",\"Violencia sexual e intrafamiliar\"],\"inLanguage\":\"es-CO\"},{\"@type\":\"WebPage\",\"@id\":\"https:\/\/www.fiscalia.gov.co\/colombia\/violencia-sexual-e-intrafamiliar\/fiscalia-judicializo-a-presuntos-responsables-de-violencia-intrafamiliar-en-jornada-de-traslados-de-escritos-de-acusacion\/\",\"url\":\"https:\/\/www.fiscalia.gov.co\/colombia\/violencia-sexual-e-intrafamiliar\/fiscalia-judicializo-a-presuntos-responsables-de-violencia-intrafamiliar-en-jornada-de-traslados-de-escritos-de-acusacion\/\",\"name\":\"Fiscal\u00eda General de la Naci\u00f3n\",\"isPartOf\":{\"@id\":\"https:\/\/www.fiscalia.gov.co\/colombia\/#website\"},\"datePublished\":\"2021-03-05T15:49:09+00:00\",\"dateModified\":\"2021-03-12T19:45:07+00:00\",\"description\":\"P\u00e1gina oficial de la Fiscal\u00eda General de la Naci\u00f3n \u2013 Colombia. Garantizamos el acceso efectivo a la justicia, la verdad y la reparaci\u00f3n de las v\u00edctimas de los delitos.\",\"breadcrumb\":{\"@id\":\"https:\/\/www.fiscalia.gov.co\/colombia\/violencia-sexual-e-intrafamiliar\/fiscalia-judicializo-a-presuntos-responsables-de-violencia-intrafamiliar-en-jornada-de-traslados-de-escritos-de-acusacion\/#breadcrumb\"},\"inLanguage\":\"es-CO\",\"potentialAction\":[{\"@type\":\"ReadAction\",\"target\":[\"https:\/\/www.fiscalia.gov.co\/colombia\/violencia-sexual-e-intrafamiliar\/fiscalia-judicializo-a-presuntos-responsables-de-violencia-intrafamiliar-en-jornada-de-traslados-de-escritos-de-acusacion\/\"]}]},{\"@type\":\"BreadcrumbList\",\"@id\":\"https:\/\/www.fiscalia.gov.co\/colombia\/violencia-sexual-e-intrafamiliar\/fiscalia-judicializo-a-presuntos-responsables-de-violencia-intrafamiliar-en-jornada-de-traslados-de-escritos-de-acusacion\/#breadcrumb\",\"itemListElement\":[{\"@type\":\"ListItem\",\"position\":1,\"name\":\"Home\",\"item\":\"https:\/\/www.fiscalia.gov.co\/colombia\/\"},{\"@type\":\"ListItem\",\"position\":2,\"name\":\"Fiscal\u00eda judicializ\u00f3 a presuntos responsables de violencia intrafamiliar en jornada de traslados de escritos de acusaci\u00f3n\"}]},{\"@type\":\"WebSite\",\"@id\":\"https:\/\/www.fiscalia.gov.co\/colombia\/#website\",\"url\":\"https:\/\/www.fiscalia.gov.co\/colombia\/\",\"name\":\"Fiscal\u00eda General de la Naci\u00f3n\",\"description\":\"P\u00e1gina oficial de la Fiscal\u00eda General de la Naci\u00f3n \u2013 Colombia. Garantizamos el acceso efectivo a la justicia, la verdad y la reparaci\u00f3n de las v\u00edctimas de los delitos.\",\"publisher\":{\"@id\":\"https:\/\/www.fiscalia.gov.co\/colombia\/#organization\"},\"potentialAction\":[{\"@type\":\"SearchAction\",\"target\":{\"@type\":\"EntryPoint\",\"urlTemplate\":\"https:\/\/www.fiscalia.gov.co\/colombia\/?s={search_term_string}\"},\"query-input\":{\"@type\":\"PropertyValueSpecification\",\"valueRequired\":true,\"valueName\":\"search_term_string\"}}],\"inLanguage\":\"es-CO\"},{\"@type\":\"Organization\",\"@id\":\"https:\/\/www.fiscalia.gov.co\/colombia\/#organization\",\"name\":\"Fiscal\u00eda General de la Naci\u00f3n\",\"url\":\"https:\/\/www.fiscalia.gov.co\/colombia\/\",\"logo\":{\"@type\":\"ImageObject\",\"inLanguage\":\"es-CO\",\"@id\":\"https:\/\/www.fiscalia.gov.co\/colombia\/#\/schema\/logo\/image\/\",\"url\":\"https:\/\/www.fiscalia.gov.co\/colombia\/wp-content\/uploads\/LogoHorizontal_1.jpg\",\"contentUrl\":\"https:\/\/www.fiscalia.gov.co\/colombia\/wp-content\/uploads\/LogoHorizontal_1.jpg\",\"width\":300,\"height\":90,\"caption\":\"Fiscal\u00eda General de la Naci\u00f3n\"},\"image\":{\"@id\":\"https:\/\/www.fiscalia.gov.co\/colombia\/#\/schema\/logo\/image\/\"},\"sameAs\":[\"https:\/\/www.facebook.com\/FiscaliaCol\",\"https:\/\/x.com\/FiscaliaCol\",\"https:\/\/www.instagram.com\/fiscaliacol\",\"https:\/\/www.linkedin.com\/company\/fiscalia-general-de-la-naci-n\/\",\"https:\/\/youtube.com\/@fiscaliageneraldelanacion-4668?si=6nN79nyQICPU5iTh\"]},{\"@type\":\"Person\",\"@id\":\"https:\/\/www.fiscalia.gov.co\/colombia\/#\/schema\/person\/06aa2210fe4d79203f428ff671dee360\",\"name\":\"Ana Mar\u00eda Gomez\",\"image\":{\"@type\":\"ImageObject\",\"inLanguage\":\"es-CO\",\"@id\":\"https:\/\/www.fiscalia.gov.co\/colombia\/#\/schema\/person\/image\/\",\"url\":\"https:\/\/secure.gravatar.com\/avatar\/a38115d98a7f8a96cbb96af2b2c37a0b?s=96&d=mm&r=g\",\"contentUrl\":\"https:\/\/secure.gravatar.com\/avatar\/a38115d98a7f8a96cbb96af2b2c37a0b?s=96&d=mm&r=g\",\"caption\":\"Ana Mar\u00eda Gomez\"},\"url\":\"https:\/\/www.fiscalia.gov.co\/colombia\/author\/agomez\/\"}]}<\/script>\n<!-- \/ Yoast SEO plugin. -->","yoast_head_json":{"title":"Fiscal\u00eda General de la Naci\u00f3n","description":"P\u00e1gina oficial de la Fiscal\u00eda General de la Naci\u00f3n \u2013 Colombia. Garantizamos el acceso efectivo a la justicia, la verdad y la reparaci\u00f3n de las v\u00edctimas de los delitos.","robots":{"index":"noindex","follow":"follow"},"og_locale":"es_ES","og_type":"article","og_title":"Fiscal\u00eda General de la Naci\u00f3n","og_description":"P\u00e1gina oficial de la Fiscal\u00eda General de la Naci\u00f3n \u2013 Colombia. Garantizamos el acceso efectivo a la justicia, la verdad y la reparaci\u00f3n de las v\u00edctimas de los delitos.","og_url":"https:\/\/www.fiscalia.gov.co\/colombia\/violencia-sexual-e-intrafamiliar\/fiscalia-judicializo-a-presuntos-responsables-de-violencia-intrafamiliar-en-jornada-de-traslados-de-escritos-de-acusacion\/","og_site_name":"Fiscal\u00eda General de la Naci\u00f3n","article_publisher":"https:\/\/www.facebook.com\/FiscaliaCol","article_published_time":"2021-03-05T15:49:09+00:00","article_modified_time":"2021-03-12T19:45:07+00:00","author":"Ana Mar\u00eda Gomez","twitter_card":"summary_large_image","twitter_creator":"@FiscaliaCol","twitter_site":"@FiscaliaCol","twitter_misc":{"Escrito por":"Ana Mar\u00eda Gomez","Tiempo de lectura":"3 minutos"},"schema":{"@context":"https:\/\/schema.org","@graph":[{"@type":"Article","@id":"https:\/\/www.fiscalia.gov.co\/colombia\/violencia-sexual-e-intrafamiliar\/fiscalia-judicializo-a-presuntos-responsables-de-violencia-intrafamiliar-en-jornada-de-traslados-de-escritos-de-acusacion\/#article","isPartOf":{"@id":"https:\/\/www.fiscalia.gov.co\/colombia\/violencia-sexual-e-intrafamiliar\/fiscalia-judicializo-a-presuntos-responsables-de-violencia-intrafamiliar-en-jornada-de-traslados-de-escritos-de-acusacion\/"},"author":{"name":"Ana Mar\u00eda Gomez","@id":"https:\/\/www.fiscalia.gov.co\/colombia\/#\/schema\/person\/06aa2210fe4d79203f428ff671dee360"},"headline":"Fiscal\u00eda judicializ\u00f3 a presuntos responsables de violencia intrafamiliar en jornada de traslados de escritos de acusaci\u00f3n","datePublished":"2021-03-05T15:49:09+00:00","dateModified":"2021-03-12T19:45:07+00:00","mainEntityOfPage":{"@id":"https:\/\/www.fiscalia.gov.co\/colombia\/violencia-sexual-e-intrafamiliar\/fiscalia-judicializo-a-presuntos-responsables-de-violencia-intrafamiliar-en-jornada-de-traslados-de-escritos-de-acusacion\/"},"wordCount":658,"publisher":{"@id":"https:\/\/www.fiscalia.gov.co\/colombia\/#organization"},"keywords":["derechos mujeres","jornada violencia intrafamiliar Huila","l\u00edneas de denuncia","traslado escritos de acusaci\u00f3n","violencia intrafamiliar y sexual"],"articleSection":["Seccional Neiva","Seccionales","Violencia sexual e intrafamiliar"],"inLanguage":"es-CO"},{"@type":"WebPage","@id":"https:\/\/www.fiscalia.gov.co\/colombia\/violencia-sexual-e-intrafamiliar\/fiscalia-judicializo-a-presuntos-responsables-de-violencia-intrafamiliar-en-jornada-de-traslados-de-escritos-de-acusacion\/","url":"https:\/\/www.fiscalia.gov.co\/colombia\/violencia-sexual-e-intrafamiliar\/fiscalia-judicializo-a-presuntos-responsables-de-violencia-intrafamiliar-en-jornada-de-traslados-de-escritos-de-acusacion\/","name":"Fiscal\u00eda General de la Naci\u00f3n","isPartOf":{"@id":"https:\/\/www.fiscalia.gov.co\/colombia\/#website"},"datePublished":"2021-03-05T15:49:09+00:00","dateModified":"2021-03-12T19:45:07+00:00","description":"P\u00e1gina oficial de la Fiscal\u00eda General de la Naci\u00f3n \u2013 Colombia. Garantizamos el acceso efectivo a la justicia, la verdad y la reparaci\u00f3n de las v\u00edctimas de los delitos.","breadcrumb":{"@id":"https:\/\/www.fiscalia.gov.co\/colombia\/violencia-sexual-e-intrafamiliar\/fiscalia-judicializo-a-presuntos-responsables-de-violencia-intrafamiliar-en-jornada-de-traslados-de-escritos-de-acusacion\/#breadcrumb"},"inLanguage":"es-CO","potentialAction":[{"@type":"ReadAction","target":["https:\/\/www.fiscalia.gov.co\/colombia\/violencia-sexual-e-intrafamiliar\/fiscalia-judicializo-a-presuntos-responsables-de-violencia-intrafamiliar-en-jornada-de-traslados-de-escritos-de-acusacion\/"]}]},{"@type":"BreadcrumbList","@id":"https:\/\/www.fiscalia.gov.co\/colombia\/violencia-sexual-e-intrafamiliar\/fiscalia-judicializo-a-presuntos-responsables-de-violencia-intrafamiliar-en-jornada-de-traslados-de-escritos-de-acusacion\/#breadcrumb","itemListElement":[{"@type":"ListItem","position":1,"name":"Home","item":"https:\/\/www.fiscalia.gov.co\/colombia\/"},{"@type":"ListItem","position":2,"name":"Fiscal\u00eda judicializ\u00f3 a presuntos responsables de violencia intrafamiliar en jornada de traslados de escritos de acusaci\u00f3n"}]},{"@type":"WebSite","@id":"https:\/\/www.fiscalia.gov.co\/colombia\/#website","url":"https:\/\/www.fiscalia.gov.co\/colombia\/","name":"Fiscal\u00eda General de la Naci\u00f3n","description":"P\u00e1gina oficial de la Fiscal\u00eda General de la Naci\u00f3n \u2013 Colombia. Garantizamos el acceso efectivo a la justicia, la verdad y la reparaci\u00f3n de las v\u00edctimas de los delitos.","publisher":{"@id":"https:\/\/www.fiscalia.gov.co\/colombia\/#organization"},"potentialAction":[{"@type":"SearchAction","target":{"@type":"EntryPoint","urlTemplate":"https:\/\/www.fiscalia.gov.co\/colombia\/?s={search_term_string}"},"query-input":{"@type":"PropertyValueSpecification","valueRequired":true,"valueName":"search_term_string"}}],"inLanguage":"es-CO"},{"@type":"Organization","@id":"https:\/\/www.fiscalia.gov.co\/colombia\/#organization","name":"Fiscal\u00eda General de la Naci\u00f3n","url":"https:\/\/www.fiscalia.gov.co\/colombia\/","logo":{"@type":"ImageObject","inLanguage":"es-CO","@id":"https:\/\/www.fiscalia.gov.co\/colombia\/#\/schema\/logo\/image\/","url":"https:\/\/www.fiscalia.gov.co\/colombia\/wp-content\/uploads\/LogoHorizontal_1.jpg","contentUrl":"https:\/\/www.fiscalia.gov.co\/colombia\/wp-content\/uploads\/LogoHorizontal_1.jpg","width":300,"height":90,"caption":"Fiscal\u00eda General de la Naci\u00f3n"},"image":{"@id":"https:\/\/www.fiscalia.gov.co\/colombia\/#\/schema\/logo\/image\/"},"sameAs":["https:\/\/www.facebook.com\/FiscaliaCol","https:\/\/x.com\/FiscaliaCol","https:\/\/www.instagram.com\/fiscaliacol","https:\/\/www.linkedin.com\/company\/fiscalia-general-de-la-naci-n\/","https:\/\/youtube.com\/@fiscaliageneraldelanacion-4668?si=6nN79nyQICPU5iTh"]},{"@type":"Person","@id":"https:\/\/www.fiscalia.gov.co\/colombia\/#\/schema\/person\/06aa2210fe4d79203f428ff671dee360","name":"Ana Mar\u00eda Gomez","image":{"@type":"ImageObject","inLanguage":"es-CO","@id":"https:\/\/www.fiscalia.gov.co\/colombia\/#\/schema\/person\/image\/","url":"https:\/\/secure.gravatar.com\/avatar\/a38115d98a7f8a96cbb96af2b2c37a0b?s=96&d=mm&r=g","contentUrl":"https:\/\/secure.gravatar.com\/avatar\/a38115d98a7f8a96cbb96af2b2c37a0b?s=96&d=mm&r=g","caption":"Ana Mar\u00eda Gomez"},"url":"https:\/\/www.fiscalia.gov.co\/colombia\/author\/agomez\/"}]}},"_links":{"self":[{"href":"https:\/\/www.fiscalia.gov.co\/colombia\/wp-json\/wp\/v2\/posts\/214933","targetHints":{"allow":["GET"]}}],"collection":[{"href":"https:\/\/www.fiscalia.gov.co\/colombia\/wp-json\/wp\/v2\/posts"}],"about":[{"href":"https:\/\/www.fiscalia.gov.co\/colombia\/wp-json\/wp\/v2\/types\/post"}],"author":[{"embeddable":true,"href":"https:\/\/www.fiscalia.gov.co\/colombia\/wp-json\/wp\/v2\/users\/171"}],"replies":[{"embeddable":true,"href":"https:\/\/www.fiscalia.gov.co\/colombia\/wp-json\/wp\/v2\/comments?post=214933"}],"version-history":[{"count":2,"href":"https:\/\/www.fiscalia.gov.co\/colombia\/wp-json\/wp\/v2\/posts\/214933\/revisions"}],"predecessor-version":[{"id":215253,"href":"https:\/\/www.fiscalia.gov.co\/colombia\/wp-json\/wp\/v2\/posts\/214933\/revisions\/215253"}],"wp:attachment":[{"href":"https:\/\/www.fiscalia.gov.co\/colombia\/wp-json\/wp\/v2\/media?parent=214933"}],"wp:term":[{"taxonomy":"category","embeddable":true,"href":"https:\/\/www.fiscalia.gov.co\/colombia\/wp-json\/wp\/v2\/categories?post=214933"},{"taxonomy":"post_tag","embeddable":true,"href":"https:\/\/www.fiscalia.gov.co\/colombia\/wp-json\/wp\/v2\/tags?post=214933"}],"curies":[{"name":"wp","href":"https:\/\/api.w.org\/{rel}","templated":true}]}}