{"id":214760,"date":"2021-03-03T09:05:41","date_gmt":"2021-03-03T14:05:41","guid":{"rendered":"https:\/\/www.fiscalia.gov.co\/colombia\/?p=214760"},"modified":"2021-03-12T14:30:32","modified_gmt":"2021-03-12T19:30:32","slug":"fiscalia-impone-medidas-cautelares-con-fines-de-extincion-de-dominio-a-bienes-de-red-que-saco-del-pais-estupefacientes-en-vuelos-charter","status":"publish","type":"post","link":"https:\/\/www.fiscalia.gov.co\/colombia\/seccionales\/seccional-bogota\/fiscalia-impone-medidas-cautelares-con-fines-de-extincion-de-dominio-a-bienes-de-red-que-saco-del-pais-estupefacientes-en-vuelos-charter\/","title":{"rendered":"Fiscal\u00eda impone medidas cautelares con fines de extinci\u00f3n de dominio a bienes de red que sac\u00f3 del pa\u00eds estupefacientes en vuelos ch\u00e1rter"},"content":{"rendered":"<blockquote>\n<h4 style=\"text-align: left;\"><strong><em>Las propiedades afectadas superar\u00edan en valor los 64.500 millones de pesos<\/em><\/strong><\/h4>\n<\/blockquote>\n<p>La Fiscal\u00eda General de la Naci\u00f3n, a trav\u00e9s de la Direcci\u00f3n Especializada de <a href=\"https:\/\/www.fiscalia.gov.co\/colombia\/seccionales\/ocupados-con-fines-de-extincion-de-dominio-bienes-por-22-000-millones-de-pesos-que-pertenecerian-a-la-estructura-narcotraficante-la-oficina\/\"><strong>Extinci\u00f3n del Derecho de Dominio<\/strong><\/a>, impuso medidas cautelares de embargo, secuestro y suspensi\u00f3n del poder dispositivo sobre cuatro inmuebles y cinco veh\u00edculos cuyos propietarios ser\u00edan <strong>Jaime Hern\u00e1n Vel\u00e1squez Hern\u00e1ndez, alias El Viejo; y H\u00e9ctor Armando Ortega Paredes, alias Leo<\/strong>, presuntos cabecillas de una red que sac\u00f3 estupefacientes del pa\u00eds en vuelos ch\u00e1rter.<\/p>\n<p>Las diligencias de ocupaci\u00f3n se cumplieron gracias al trabajo articulado de la Fiscal\u00eda y la Dijin de la Polic\u00eda Nacional, con apoyo de la agencia estadounidense DEA y el Ej\u00e9rcito Nacional en El Cerrito y Palmira (Valle del Cauca).<\/p>\n<figure id=\"attachment_214762\" aria-describedby=\"caption-attachment-214762\" style=\"width: 696px\" class=\"wp-caption alignleft\"><img loading=\"lazy\" decoding=\"async\" class=\"size-large wp-image-214762\" src=\"https:\/\/www.fiscalia.gov.co\/colombia\/wp-content\/uploads\/IMG-20210301-WA0050-766x1024.jpg\" alt=\"\" width=\"696\" height=\"930\" srcset=\"https:\/\/www.fiscalia.gov.co\/colombia\/wp-content\/uploads\/IMG-20210301-WA0050-766x1024.jpg 766w, https:\/\/www.fiscalia.gov.co\/colombia\/wp-content\/uploads\/IMG-20210301-WA0050-224x300.jpg 224w, https:\/\/www.fiscalia.gov.co\/colombia\/wp-content\/uploads\/IMG-20210301-WA0050-768x1026.jpg 768w, https:\/\/www.fiscalia.gov.co\/colombia\/wp-content\/uploads\/IMG-20210301-WA0050-696x930.jpg 696w, https:\/\/www.fiscalia.gov.co\/colombia\/wp-content\/uploads\/IMG-20210301-WA0050-314x420.jpg 314w, https:\/\/www.fiscalia.gov.co\/colombia\/wp-content\/uploads\/IMG-20210301-WA0050.jpg 868w\" sizes=\"auto, (max-width: 696px) 100vw, 696px\" \/><figcaption id=\"caption-attachment-214762\" class=\"wp-caption-text\">Bienes afectados con medidas cautelares habr\u00edan sido adquiridos con dineros del tr\u00e1fico de estupefacientes.<\/figcaption><\/figure>\n<p>Los bienes afectados superar\u00edan en valor los 64.500 millones de pesos. Los rastreos financieros indican que habr\u00edan sido adquiridos con dineros producto del env\u00edo de cargamentos de coca\u00edna en vuelos ch\u00e1rter a contactos del cartel mexicano de Sinaloa en Centroam\u00e9rica.<\/p>\n<p>Las investigaciones contra esta estructura permitieron conocer que entre sus integrantes estaban dos controladores a\u00e9reos que, al aparecer, facilitaban el tr\u00e1nsito de las aeronaves cargadas con droga por los <strong>aeropuertos Alfonso Bonilla Arag\u00f3n (Palmira), Santa Ana (Cartago) y Gerardo Tobar L\u00f3pez (Buenaventura)<\/strong>.<\/p>\n<p>Esta importante acci\u00f3n contra el patrimonio il\u00edcito de las organizaciones narcotraficantes responde a los lineamientos definidos por el <strong>Fiscal General de la Naci\u00f3n, Francisco Barbosa Delgado, en el Direccionamiento Estrat\u00e9gico 2020 \u2013 2024<\/strong>.<\/p>\n<p>La Fiscal\u00eda publica esta informaci\u00f3n por razones de inter\u00e9s general.<\/p>\n<p><strong>La Fiscal\u00eda habla con resultados<\/strong><\/p>\n<p>MAGA\/JARG\/PSY\/<\/p>\n<p><em>La informaci\u00f3n contenida en este bolet\u00edn de prensa corresponde a la narraci\u00f3n de los hechos noticiosos objetivos, suministrados por los funcionarios encargados de adelantar las investigaciones penales al interior de la Fiscal\u00eda General de la Naci\u00f3n. Para el momento de la divulgaci\u00f3n de este comunicado, la situaci\u00f3n jur\u00eddica de la(s) persona(s) relacionada(s) se encuentra pendiente de resolver por la autoridad judicial competente, siempre bajo los preceptos de la presunci\u00f3n de inocencia, consagrados en el art\u00edculo 29 de la Constituci\u00f3n Pol\u00edtica y el art\u00edculo 7\u00ba de la Ley 906 de 2004.<\/em><\/p>\n\n<div class=\"twitter-share\"><a href=\"https:\/\/twitter.com\/intent\/tweet?via=fiscaliacol\" class=\"twitter-share-button\">Tweet<\/a><\/div>\n","protected":false},"excerpt":{"rendered":"<p>Las propiedades afectadas superar\u00edan en valor los 64.500 millones de pesos La Fiscal\u00eda General de la Naci\u00f3n, a trav\u00e9s de la Direcci\u00f3n Especializada de Extinci\u00f3n del Derecho de Dominio, impuso medidas cautelares de embargo, secuestro y suspensi\u00f3n del poder dispositivo sobre cuatro inmuebles y cinco veh\u00edculos cuyos propietarios ser\u00edan Jaime Hern\u00e1n Vel\u00e1squez Hern\u00e1ndez, alias El [&hellip;]<\/p>\n","protected":false},"author":171,"featured_media":0,"comment_status":"closed","ping_status":"open","sticky":false,"template":"","format":"standard","meta":{"tdm_status":"","tdm_grid_status":"","footnotes":""},"categories":[24116,321,303],"tags":[26112,1047],"class_list":{"0":"post-214760","1":"post","2":"type-post","3":"status-publish","4":"format-standard","6":"category-extincion-de-dominio","7":"category-seccional-bogota","8":"category-seccionales","9":"tag-fiscal-francisco-barbosa-delgado-narcojets-cocaina-extincion-de-dominio-medidas-cautelares","10":"tag-fiscalia-general-de-la-nacion"},"yoast_head":"<!-- This site is optimized with the Yoast SEO plugin v24.3 - https:\/\/yoast.com\/wordpress\/plugins\/seo\/ -->\n<title>Fiscal\u00eda General de la Naci\u00f3n<\/title>\n<meta name=\"description\" content=\"P\u00e1gina oficial de la Fiscal\u00eda General de la Naci\u00f3n \u2013 Colombia. Garantizamos el acceso efectivo a la justicia, la verdad y la reparaci\u00f3n de las v\u00edctimas de los delitos.\" \/>\n<meta name=\"robots\" content=\"noindex, follow\" \/>\n<meta property=\"og:locale\" content=\"es_ES\" \/>\n<meta property=\"og:type\" content=\"article\" \/>\n<meta property=\"og:title\" content=\"Fiscal\u00eda General de la Naci\u00f3n\" \/>\n<meta property=\"og:description\" content=\"P\u00e1gina oficial de la Fiscal\u00eda General de la Naci\u00f3n \u2013 Colombia. Garantizamos el acceso efectivo a la justicia, la verdad y la reparaci\u00f3n de las v\u00edctimas de los delitos.\" \/>\n<meta property=\"og:url\" content=\"https:\/\/www.fiscalia.gov.co\/colombia\/seccionales\/seccional-bogota\/fiscalia-impone-medidas-cautelares-con-fines-de-extincion-de-dominio-a-bienes-de-red-que-saco-del-pais-estupefacientes-en-vuelos-charter\/\" \/>\n<meta property=\"og:site_name\" content=\"Fiscal\u00eda General de la Naci\u00f3n\" \/>\n<meta property=\"article:publisher\" content=\"https:\/\/www.facebook.com\/FiscaliaCol\" \/>\n<meta property=\"article:published_time\" content=\"2021-03-03T14:05:41+00:00\" \/>\n<meta property=\"article:modified_time\" content=\"2021-03-12T19:30:32+00:00\" \/>\n<meta property=\"og:image\" content=\"https:\/\/www.fiscalia.gov.co\/colombia\/wp-content\/uploads\/IMG-20210301-WA0050-766x1024.jpg\" \/>\n<meta name=\"author\" content=\"Ana Mar\u00eda Gomez\" \/>\n<meta name=\"twitter:card\" content=\"summary_large_image\" \/>\n<meta name=\"twitter:creator\" content=\"@FiscaliaCol\" \/>\n<meta name=\"twitter:site\" content=\"@FiscaliaCol\" \/>\n<meta name=\"twitter:label1\" content=\"Escrito por\" \/>\n\t<meta name=\"twitter:data1\" content=\"Ana Mar\u00eda Gomez\" \/>\n\t<meta name=\"twitter:label2\" content=\"Tiempo de lectura\" \/>\n\t<meta name=\"twitter:data2\" content=\"2 minutos\" \/>\n<script type=\"application\/ld+json\" class=\"yoast-schema-graph\">{\"@context\":\"https:\/\/schema.org\",\"@graph\":[{\"@type\":\"Article\",\"@id\":\"https:\/\/www.fiscalia.gov.co\/colombia\/seccionales\/seccional-bogota\/fiscalia-impone-medidas-cautelares-con-fines-de-extincion-de-dominio-a-bienes-de-red-que-saco-del-pais-estupefacientes-en-vuelos-charter\/#article\",\"isPartOf\":{\"@id\":\"https:\/\/www.fiscalia.gov.co\/colombia\/seccionales\/seccional-bogota\/fiscalia-impone-medidas-cautelares-con-fines-de-extincion-de-dominio-a-bienes-de-red-que-saco-del-pais-estupefacientes-en-vuelos-charter\/\"},\"author\":{\"name\":\"Ana Mar\u00eda Gomez\",\"@id\":\"https:\/\/www.fiscalia.gov.co\/colombia\/#\/schema\/person\/06aa2210fe4d79203f428ff671dee360\"},\"headline\":\"Fiscal\u00eda impone medidas cautelares con fines de extinci\u00f3n de dominio a bienes de red que sac\u00f3 del pa\u00eds estupefacientes en vuelos ch\u00e1rter\",\"datePublished\":\"2021-03-03T14:05:41+00:00\",\"dateModified\":\"2021-03-12T19:30:32+00:00\",\"mainEntityOfPage\":{\"@id\":\"https:\/\/www.fiscalia.gov.co\/colombia\/seccionales\/seccional-bogota\/fiscalia-impone-medidas-cautelares-con-fines-de-extincion-de-dominio-a-bienes-de-red-que-saco-del-pais-estupefacientes-en-vuelos-charter\/\"},\"wordCount\":431,\"publisher\":{\"@id\":\"https:\/\/www.fiscalia.gov.co\/colombia\/#organization\"},\"image\":{\"@id\":\"https:\/\/www.fiscalia.gov.co\/colombia\/seccionales\/seccional-bogota\/fiscalia-impone-medidas-cautelares-con-fines-de-extincion-de-dominio-a-bienes-de-red-que-saco-del-pais-estupefacientes-en-vuelos-charter\/#primaryimage\"},\"thumbnailUrl\":\"https:\/\/www.fiscalia.gov.co\/colombia\/wp-content\/uploads\/IMG-20210301-WA0050-766x1024.jpg\",\"keywords\":[\"Fiscal Francisco Barbosa Delgado Narcojets coca\u00edna Extinci\u00f3n de dominio Medidas Cautelares.\",\"Fiscal\u00eda General de la Naci\u00f3n\"],\"articleSection\":[\"Extinci\u00f3n de dominio\",\"Seccional Bogot\u00e1\",\"Seccionales\"],\"inLanguage\":\"es-CO\"},{\"@type\":\"WebPage\",\"@id\":\"https:\/\/www.fiscalia.gov.co\/colombia\/seccionales\/seccional-bogota\/fiscalia-impone-medidas-cautelares-con-fines-de-extincion-de-dominio-a-bienes-de-red-que-saco-del-pais-estupefacientes-en-vuelos-charter\/\",\"url\":\"https:\/\/www.fiscalia.gov.co\/colombia\/seccionales\/seccional-bogota\/fiscalia-impone-medidas-cautelares-con-fines-de-extincion-de-dominio-a-bienes-de-red-que-saco-del-pais-estupefacientes-en-vuelos-charter\/\",\"name\":\"Fiscal\u00eda General de la Naci\u00f3n\",\"isPartOf\":{\"@id\":\"https:\/\/www.fiscalia.gov.co\/colombia\/#website\"},\"primaryImageOfPage\":{\"@id\":\"https:\/\/www.fiscalia.gov.co\/colombia\/seccionales\/seccional-bogota\/fiscalia-impone-medidas-cautelares-con-fines-de-extincion-de-dominio-a-bienes-de-red-que-saco-del-pais-estupefacientes-en-vuelos-charter\/#primaryimage\"},\"image\":{\"@id\":\"https:\/\/www.fiscalia.gov.co\/colombia\/seccionales\/seccional-bogota\/fiscalia-impone-medidas-cautelares-con-fines-de-extincion-de-dominio-a-bienes-de-red-que-saco-del-pais-estupefacientes-en-vuelos-charter\/#primaryimage\"},\"thumbnailUrl\":\"https:\/\/www.fiscalia.gov.co\/colombia\/wp-content\/uploads\/IMG-20210301-WA0050-766x1024.jpg\",\"datePublished\":\"2021-03-03T14:05:41+00:00\",\"dateModified\":\"2021-03-12T19:30:32+00:00\",\"description\":\"P\u00e1gina oficial de la Fiscal\u00eda General de la Naci\u00f3n \u2013 Colombia. Garantizamos el acceso efectivo a la justicia, la verdad y la reparaci\u00f3n de las v\u00edctimas de los delitos.\",\"breadcrumb\":{\"@id\":\"https:\/\/www.fiscalia.gov.co\/colombia\/seccionales\/seccional-bogota\/fiscalia-impone-medidas-cautelares-con-fines-de-extincion-de-dominio-a-bienes-de-red-que-saco-del-pais-estupefacientes-en-vuelos-charter\/#breadcrumb\"},\"inLanguage\":\"es-CO\",\"potentialAction\":[{\"@type\":\"ReadAction\",\"target\":[\"https:\/\/www.fiscalia.gov.co\/colombia\/seccionales\/seccional-bogota\/fiscalia-impone-medidas-cautelares-con-fines-de-extincion-de-dominio-a-bienes-de-red-que-saco-del-pais-estupefacientes-en-vuelos-charter\/\"]}]},{\"@type\":\"ImageObject\",\"inLanguage\":\"es-CO\",\"@id\":\"https:\/\/www.fiscalia.gov.co\/colombia\/seccionales\/seccional-bogota\/fiscalia-impone-medidas-cautelares-con-fines-de-extincion-de-dominio-a-bienes-de-red-que-saco-del-pais-estupefacientes-en-vuelos-charter\/#primaryimage\",\"url\":\"https:\/\/www.fiscalia.gov.co\/colombia\/wp-content\/uploads\/IMG-20210301-WA0050.jpg\",\"contentUrl\":\"https:\/\/www.fiscalia.gov.co\/colombia\/wp-content\/uploads\/IMG-20210301-WA0050.jpg\",\"width\":868,\"height\":1160,\"caption\":\"Bienes afectados con medidas cautelares habr\u00edan sido adquiridos con dineros del tr\u00e1fico de estupefacientes.\"},{\"@type\":\"BreadcrumbList\",\"@id\":\"https:\/\/www.fiscalia.gov.co\/colombia\/seccionales\/seccional-bogota\/fiscalia-impone-medidas-cautelares-con-fines-de-extincion-de-dominio-a-bienes-de-red-que-saco-del-pais-estupefacientes-en-vuelos-charter\/#breadcrumb\",\"itemListElement\":[{\"@type\":\"ListItem\",\"position\":1,\"name\":\"Home\",\"item\":\"https:\/\/www.fiscalia.gov.co\/colombia\/\"},{\"@type\":\"ListItem\",\"position\":2,\"name\":\"Fiscal\u00eda impone medidas cautelares con fines de extinci\u00f3n de dominio a bienes de red que sac\u00f3 del pa\u00eds estupefacientes en vuelos ch\u00e1rter\"}]},{\"@type\":\"WebSite\",\"@id\":\"https:\/\/www.fiscalia.gov.co\/colombia\/#website\",\"url\":\"https:\/\/www.fiscalia.gov.co\/colombia\/\",\"name\":\"Fiscal\u00eda General de la Naci\u00f3n\",\"description\":\"P\u00e1gina oficial de la Fiscal\u00eda General de la Naci\u00f3n \u2013 Colombia. Garantizamos el acceso efectivo a la justicia, la verdad y la reparaci\u00f3n de las v\u00edctimas de los delitos.\",\"publisher\":{\"@id\":\"https:\/\/www.fiscalia.gov.co\/colombia\/#organization\"},\"potentialAction\":[{\"@type\":\"SearchAction\",\"target\":{\"@type\":\"EntryPoint\",\"urlTemplate\":\"https:\/\/www.fiscalia.gov.co\/colombia\/?s={search_term_string}\"},\"query-input\":{\"@type\":\"PropertyValueSpecification\",\"valueRequired\":true,\"valueName\":\"search_term_string\"}}],\"inLanguage\":\"es-CO\"},{\"@type\":\"Organization\",\"@id\":\"https:\/\/www.fiscalia.gov.co\/colombia\/#organization\",\"name\":\"Fiscal\u00eda General de la Naci\u00f3n\",\"url\":\"https:\/\/www.fiscalia.gov.co\/colombia\/\",\"logo\":{\"@type\":\"ImageObject\",\"inLanguage\":\"es-CO\",\"@id\":\"https:\/\/www.fiscalia.gov.co\/colombia\/#\/schema\/logo\/image\/\",\"url\":\"https:\/\/www.fiscalia.gov.co\/colombia\/wp-content\/uploads\/LogoHorizontal_1.jpg\",\"contentUrl\":\"https:\/\/www.fiscalia.gov.co\/colombia\/wp-content\/uploads\/LogoHorizontal_1.jpg\",\"width\":300,\"height\":90,\"caption\":\"Fiscal\u00eda General de la Naci\u00f3n\"},\"image\":{\"@id\":\"https:\/\/www.fiscalia.gov.co\/colombia\/#\/schema\/logo\/image\/\"},\"sameAs\":[\"https:\/\/www.facebook.com\/FiscaliaCol\",\"https:\/\/x.com\/FiscaliaCol\",\"https:\/\/www.instagram.com\/fiscaliacol\",\"https:\/\/www.linkedin.com\/company\/fiscalia-general-de-la-naci-n\/\",\"https:\/\/youtube.com\/@fiscaliageneraldelanacion-4668?si=6nN79nyQICPU5iTh\"]},{\"@type\":\"Person\",\"@id\":\"https:\/\/www.fiscalia.gov.co\/colombia\/#\/schema\/person\/06aa2210fe4d79203f428ff671dee360\",\"name\":\"Ana Mar\u00eda Gomez\",\"image\":{\"@type\":\"ImageObject\",\"inLanguage\":\"es-CO\",\"@id\":\"https:\/\/www.fiscalia.gov.co\/colombia\/#\/schema\/person\/image\/\",\"url\":\"https:\/\/secure.gravatar.com\/avatar\/a38115d98a7f8a96cbb96af2b2c37a0b?s=96&d=mm&r=g\",\"contentUrl\":\"https:\/\/secure.gravatar.com\/avatar\/a38115d98a7f8a96cbb96af2b2c37a0b?s=96&d=mm&r=g\",\"caption\":\"Ana Mar\u00eda Gomez\"},\"url\":\"https:\/\/www.fiscalia.gov.co\/colombia\/author\/agomez\/\"}]}<\/script>\n<!-- \/ Yoast SEO plugin. -->","yoast_head_json":{"title":"Fiscal\u00eda General de la Naci\u00f3n","description":"P\u00e1gina oficial de la Fiscal\u00eda General de la Naci\u00f3n \u2013 Colombia. Garantizamos el acceso efectivo a la justicia, la verdad y la reparaci\u00f3n de las v\u00edctimas de los delitos.","robots":{"index":"noindex","follow":"follow"},"og_locale":"es_ES","og_type":"article","og_title":"Fiscal\u00eda General de la Naci\u00f3n","og_description":"P\u00e1gina oficial de la Fiscal\u00eda General de la Naci\u00f3n \u2013 Colombia. Garantizamos el acceso efectivo a la justicia, la verdad y la reparaci\u00f3n de las v\u00edctimas de los delitos.","og_url":"https:\/\/www.fiscalia.gov.co\/colombia\/seccionales\/seccional-bogota\/fiscalia-impone-medidas-cautelares-con-fines-de-extincion-de-dominio-a-bienes-de-red-que-saco-del-pais-estupefacientes-en-vuelos-charter\/","og_site_name":"Fiscal\u00eda General de la Naci\u00f3n","article_publisher":"https:\/\/www.facebook.com\/FiscaliaCol","article_published_time":"2021-03-03T14:05:41+00:00","article_modified_time":"2021-03-12T19:30:32+00:00","og_image":[{"url":"https:\/\/www.fiscalia.gov.co\/colombia\/wp-content\/uploads\/IMG-20210301-WA0050-766x1024.jpg","type":"","width":"","height":""}],"author":"Ana Mar\u00eda Gomez","twitter_card":"summary_large_image","twitter_creator":"@FiscaliaCol","twitter_site":"@FiscaliaCol","twitter_misc":{"Escrito por":"Ana Mar\u00eda Gomez","Tiempo de lectura":"2 minutos"},"schema":{"@context":"https:\/\/schema.org","@graph":[{"@type":"Article","@id":"https:\/\/www.fiscalia.gov.co\/colombia\/seccionales\/seccional-bogota\/fiscalia-impone-medidas-cautelares-con-fines-de-extincion-de-dominio-a-bienes-de-red-que-saco-del-pais-estupefacientes-en-vuelos-charter\/#article","isPartOf":{"@id":"https:\/\/www.fiscalia.gov.co\/colombia\/seccionales\/seccional-bogota\/fiscalia-impone-medidas-cautelares-con-fines-de-extincion-de-dominio-a-bienes-de-red-que-saco-del-pais-estupefacientes-en-vuelos-charter\/"},"author":{"name":"Ana Mar\u00eda Gomez","@id":"https:\/\/www.fiscalia.gov.co\/colombia\/#\/schema\/person\/06aa2210fe4d79203f428ff671dee360"},"headline":"Fiscal\u00eda impone medidas cautelares con fines de extinci\u00f3n de dominio a bienes de red que sac\u00f3 del pa\u00eds estupefacientes en vuelos ch\u00e1rter","datePublished":"2021-03-03T14:05:41+00:00","dateModified":"2021-03-12T19:30:32+00:00","mainEntityOfPage":{"@id":"https:\/\/www.fiscalia.gov.co\/colombia\/seccionales\/seccional-bogota\/fiscalia-impone-medidas-cautelares-con-fines-de-extincion-de-dominio-a-bienes-de-red-que-saco-del-pais-estupefacientes-en-vuelos-charter\/"},"wordCount":431,"publisher":{"@id":"https:\/\/www.fiscalia.gov.co\/colombia\/#organization"},"image":{"@id":"https:\/\/www.fiscalia.gov.co\/colombia\/seccionales\/seccional-bogota\/fiscalia-impone-medidas-cautelares-con-fines-de-extincion-de-dominio-a-bienes-de-red-que-saco-del-pais-estupefacientes-en-vuelos-charter\/#primaryimage"},"thumbnailUrl":"https:\/\/www.fiscalia.gov.co\/colombia\/wp-content\/uploads\/IMG-20210301-WA0050-766x1024.jpg","keywords":["Fiscal Francisco Barbosa Delgado Narcojets coca\u00edna Extinci\u00f3n de dominio Medidas Cautelares.","Fiscal\u00eda General de la Naci\u00f3n"],"articleSection":["Extinci\u00f3n de dominio","Seccional Bogot\u00e1","Seccionales"],"inLanguage":"es-CO"},{"@type":"WebPage","@id":"https:\/\/www.fiscalia.gov.co\/colombia\/seccionales\/seccional-bogota\/fiscalia-impone-medidas-cautelares-con-fines-de-extincion-de-dominio-a-bienes-de-red-que-saco-del-pais-estupefacientes-en-vuelos-charter\/","url":"https:\/\/www.fiscalia.gov.co\/colombia\/seccionales\/seccional-bogota\/fiscalia-impone-medidas-cautelares-con-fines-de-extincion-de-dominio-a-bienes-de-red-que-saco-del-pais-estupefacientes-en-vuelos-charter\/","name":"Fiscal\u00eda General de la Naci\u00f3n","isPartOf":{"@id":"https:\/\/www.fiscalia.gov.co\/colombia\/#website"},"primaryImageOfPage":{"@id":"https:\/\/www.fiscalia.gov.co\/colombia\/seccionales\/seccional-bogota\/fiscalia-impone-medidas-cautelares-con-fines-de-extincion-de-dominio-a-bienes-de-red-que-saco-del-pais-estupefacientes-en-vuelos-charter\/#primaryimage"},"image":{"@id":"https:\/\/www.fiscalia.gov.co\/colombia\/seccionales\/seccional-bogota\/fiscalia-impone-medidas-cautelares-con-fines-de-extincion-de-dominio-a-bienes-de-red-que-saco-del-pais-estupefacientes-en-vuelos-charter\/#primaryimage"},"thumbnailUrl":"https:\/\/www.fiscalia.gov.co\/colombia\/wp-content\/uploads\/IMG-20210301-WA0050-766x1024.jpg","datePublished":"2021-03-03T14:05:41+00:00","dateModified":"2021-03-12T19:30:32+00:00","description":"P\u00e1gina oficial de la Fiscal\u00eda General de la Naci\u00f3n \u2013 Colombia. Garantizamos el acceso efectivo a la justicia, la verdad y la reparaci\u00f3n de las v\u00edctimas de los delitos.","breadcrumb":{"@id":"https:\/\/www.fiscalia.gov.co\/colombia\/seccionales\/seccional-bogota\/fiscalia-impone-medidas-cautelares-con-fines-de-extincion-de-dominio-a-bienes-de-red-que-saco-del-pais-estupefacientes-en-vuelos-charter\/#breadcrumb"},"inLanguage":"es-CO","potentialAction":[{"@type":"ReadAction","target":["https:\/\/www.fiscalia.gov.co\/colombia\/seccionales\/seccional-bogota\/fiscalia-impone-medidas-cautelares-con-fines-de-extincion-de-dominio-a-bienes-de-red-que-saco-del-pais-estupefacientes-en-vuelos-charter\/"]}]},{"@type":"ImageObject","inLanguage":"es-CO","@id":"https:\/\/www.fiscalia.gov.co\/colombia\/seccionales\/seccional-bogota\/fiscalia-impone-medidas-cautelares-con-fines-de-extincion-de-dominio-a-bienes-de-red-que-saco-del-pais-estupefacientes-en-vuelos-charter\/#primaryimage","url":"https:\/\/www.fiscalia.gov.co\/colombia\/wp-content\/uploads\/IMG-20210301-WA0050.jpg","contentUrl":"https:\/\/www.fiscalia.gov.co\/colombia\/wp-content\/uploads\/IMG-20210301-WA0050.jpg","width":868,"height":1160,"caption":"Bienes afectados con medidas cautelares habr\u00edan sido adquiridos con dineros del tr\u00e1fico de estupefacientes."},{"@type":"BreadcrumbList","@id":"https:\/\/www.fiscalia.gov.co\/colombia\/seccionales\/seccional-bogota\/fiscalia-impone-medidas-cautelares-con-fines-de-extincion-de-dominio-a-bienes-de-red-que-saco-del-pais-estupefacientes-en-vuelos-charter\/#breadcrumb","itemListElement":[{"@type":"ListItem","position":1,"name":"Home","item":"https:\/\/www.fiscalia.gov.co\/colombia\/"},{"@type":"ListItem","position":2,"name":"Fiscal\u00eda impone medidas cautelares con fines de extinci\u00f3n de dominio a bienes de red que sac\u00f3 del pa\u00eds estupefacientes en vuelos ch\u00e1rter"}]},{"@type":"WebSite","@id":"https:\/\/www.fiscalia.gov.co\/colombia\/#website","url":"https:\/\/www.fiscalia.gov.co\/colombia\/","name":"Fiscal\u00eda General de la Naci\u00f3n","description":"P\u00e1gina oficial de la Fiscal\u00eda General de la Naci\u00f3n \u2013 Colombia. Garantizamos el acceso efectivo a la justicia, la verdad y la reparaci\u00f3n de las v\u00edctimas de los delitos.","publisher":{"@id":"https:\/\/www.fiscalia.gov.co\/colombia\/#organization"},"potentialAction":[{"@type":"SearchAction","target":{"@type":"EntryPoint","urlTemplate":"https:\/\/www.fiscalia.gov.co\/colombia\/?s={search_term_string}"},"query-input":{"@type":"PropertyValueSpecification","valueRequired":true,"valueName":"search_term_string"}}],"inLanguage":"es-CO"},{"@type":"Organization","@id":"https:\/\/www.fiscalia.gov.co\/colombia\/#organization","name":"Fiscal\u00eda General de la Naci\u00f3n","url":"https:\/\/www.fiscalia.gov.co\/colombia\/","logo":{"@type":"ImageObject","inLanguage":"es-CO","@id":"https:\/\/www.fiscalia.gov.co\/colombia\/#\/schema\/logo\/image\/","url":"https:\/\/www.fiscalia.gov.co\/colombia\/wp-content\/uploads\/LogoHorizontal_1.jpg","contentUrl":"https:\/\/www.fiscalia.gov.co\/colombia\/wp-content\/uploads\/LogoHorizontal_1.jpg","width":300,"height":90,"caption":"Fiscal\u00eda General de la Naci\u00f3n"},"image":{"@id":"https:\/\/www.fiscalia.gov.co\/colombia\/#\/schema\/logo\/image\/"},"sameAs":["https:\/\/www.facebook.com\/FiscaliaCol","https:\/\/x.com\/FiscaliaCol","https:\/\/www.instagram.com\/fiscaliacol","https:\/\/www.linkedin.com\/company\/fiscalia-general-de-la-naci-n\/","https:\/\/youtube.com\/@fiscaliageneraldelanacion-4668?si=6nN79nyQICPU5iTh"]},{"@type":"Person","@id":"https:\/\/www.fiscalia.gov.co\/colombia\/#\/schema\/person\/06aa2210fe4d79203f428ff671dee360","name":"Ana Mar\u00eda Gomez","image":{"@type":"ImageObject","inLanguage":"es-CO","@id":"https:\/\/www.fiscalia.gov.co\/colombia\/#\/schema\/person\/image\/","url":"https:\/\/secure.gravatar.com\/avatar\/a38115d98a7f8a96cbb96af2b2c37a0b?s=96&d=mm&r=g","contentUrl":"https:\/\/secure.gravatar.com\/avatar\/a38115d98a7f8a96cbb96af2b2c37a0b?s=96&d=mm&r=g","caption":"Ana Mar\u00eda Gomez"},"url":"https:\/\/www.fiscalia.gov.co\/colombia\/author\/agomez\/"}]}},"_links":{"self":[{"href":"https:\/\/www.fiscalia.gov.co\/colombia\/wp-json\/wp\/v2\/posts\/214760","targetHints":{"allow":["GET"]}}],"collection":[{"href":"https:\/\/www.fiscalia.gov.co\/colombia\/wp-json\/wp\/v2\/posts"}],"about":[{"href":"https:\/\/www.fiscalia.gov.co\/colombia\/wp-json\/wp\/v2\/types\/post"}],"author":[{"embeddable":true,"href":"https:\/\/www.fiscalia.gov.co\/colombia\/wp-json\/wp\/v2\/users\/171"}],"replies":[{"embeddable":true,"href":"https:\/\/www.fiscalia.gov.co\/colombia\/wp-json\/wp\/v2\/comments?post=214760"}],"version-history":[{"count":3,"href":"https:\/\/www.fiscalia.gov.co\/colombia\/wp-json\/wp\/v2\/posts\/214760\/revisions"}],"predecessor-version":[{"id":214764,"href":"https:\/\/www.fiscalia.gov.co\/colombia\/wp-json\/wp\/v2\/posts\/214760\/revisions\/214764"}],"wp:attachment":[{"href":"https:\/\/www.fiscalia.gov.co\/colombia\/wp-json\/wp\/v2\/media?parent=214760"}],"wp:term":[{"taxonomy":"category","embeddable":true,"href":"https:\/\/www.fiscalia.gov.co\/colombia\/wp-json\/wp\/v2\/categories?post=214760"},{"taxonomy":"post_tag","embeddable":true,"href":"https:\/\/www.fiscalia.gov.co\/colombia\/wp-json\/wp\/v2\/tags?post=214760"}],"curies":[{"name":"wp","href":"https:\/\/api.w.org\/{rel}","templated":true}]}}