{"id":214611,"date":"2021-03-01T15:14:56","date_gmt":"2021-03-01T20:14:56","guid":{"rendered":"https:\/\/www.fiscalia.gov.co\/colombia\/?p=214611"},"modified":"2021-03-01T15:14:56","modified_gmt":"2021-03-01T20:14:56","slug":"privado-de-la-libertad-alias-polvora-presunto-cabecilla-de-la-organizacion-criminal-la-local-los-espartanos","status":"publish","type":"post","link":"https:\/\/www.fiscalia.gov.co\/colombia\/crimen-organizado\/privado-de-la-libertad-alias-polvora-presunto-cabecilla-de-la-organizacion-criminal-la-local-los-espartanos\/","title":{"rendered":"Privado de la libertad alias P\u00f3lvora, presunto cabecilla de la organizaci\u00f3n criminal La Local &#8211; Los Espartanos"},"content":{"rendered":"<blockquote>\n<h4 class=\"x_MsoNormal\" style=\"text-align: left;\"><strong><i>El hombre cumplir\u00e1 la medida en el<\/i><i>\u00a0Establecimiento Penitenciario y Carcelario de Alta y Mediana Seguridad de Valledupar (Cesar), La Tramac\u00faa.<\/i><i>\u00a0<\/i><\/strong><\/h4>\n<\/blockquote>\n<p class=\"x_MsoNormal\">Jos\u00e9 Everth Ortiz Rodr\u00edguez,\u00a0<b>alias P\u00f3lvora<\/b>, presunto cabecilla de la banda La Local, subdivisi\u00f3n\u00a0<a href=\"https:\/\/www.fiscalia.gov.co\/colombia\/seccionales\/seccional-cali\/medida-de-aseguramiento-contra-alias-el-negro-presunto-cabecilla-de-la-banda-la-local-por-porte-ilegal-de-un-fusil-m-16\/\" target=\"_blank\" rel=\"noopener noreferrer\">Los Espartanos<\/a>,\u00a0fue cobijado con\u00a0<b>medida de aseguramiento<\/b>\u00a0en establecimiento carcelario, por el Juez Segundo Penal con funciones de control de garant\u00edas de Buenaventura (Valle del Cauca).<\/p>\n<p class=\"x_MsoNormal\">La Fiscal\u00eda le imput\u00f3 cargos como presunto responsable de los delitos de\u00a0<b>secuestro extorsivo agravado<\/b>\u00a0en concurso heterog\u00e9neo con\u00a0<b>fabricaci\u00f3n, tr\u00e1fico y porte de armas de armas de fuego<\/b>, accesorios, partes y municiones agravado, en concurso heterog\u00e9neo con\u00a0<a href=\"https:\/\/www.fiscalia.gov.co\/colombia\/seccionales\/medida-de-aseguramiento-no-privativa-de-la-libertad-por-violencia-contra-servidor-publico\/\" target=\"_blank\" rel=\"noopener noreferrer\">violencia contra servidor p\u00fablico<\/a>.<\/p>\n<p class=\"x_MsoNormal\">Alias P\u00f3lvora, quien no acept\u00f3 el cargo, fue capturado el pasado 27 de febrero durante un operativo de registro y control en una vivienda abandonada del<b>\u00a0barrio Punta del Este<\/b>, en esa ciudad vallecaucana, por unidades de la Polic\u00eda Nacional adscritos a la Sij\u00edn y al Grupo de Operaciones Especiales (Goes). Hombres armados que al parecer lo acompa\u00f1aban en el lugar, se enfrentaron a las autoridades y huyeron por la parte trasera del inmueble. En la reacci\u00f3n policial, el hoy procesado result\u00f3 herido.<\/p>\n<p class=\"x_MsoNormal\">Los hechos, por los cuales el presunto cabecilla de Los Espartanos en la comuna 5 de este puerto fue judicializado, ocurrieron el 18 de agosto de 2020 en el puente El Pi\u00f1al. All\u00ed, dos personas que se bajaron de un bus de servicio intermunicipal fueron abordadas por un grupo de 10 hombres armados, que las interrog\u00f3 sobre su visita en ese sector. Posteriormente, los sujetos que se identificaron como miembros de la banda La Local los subieron a dos motocicletas con rumbo a uno de los barrios del puerto.<\/p>\n<p class=\"x_MsoNormal\">Tras ingresar a las v\u00edctimas a una vivienda donde fueron custodiadas, les habr\u00edan exigido $3.000.000 para dejarlas en libertad. Uno de los retenidos logr\u00f3 convencer a un secuestrador de acompa\u00f1arlo a un cajero autom\u00e1tico para retirar el dinero, mientras su amigo se quedaba en la casa. La v\u00edctima logr\u00f3 escaparse y llegar hasta las instalaciones de la Armada Nacional, donde pidi\u00f3 ayuda para la liberaci\u00f3n se su amigo.<\/p>\n<p class=\"x_MsoNormal\">Unidades del Gaula llegaron a la casa y encontraron a\u00a0<b>la v\u00edctima atada de pies y manos.\u00a0<\/b><\/p>\n<p class=\"x_MsoNormal\">Seg\u00fan la investigaci\u00f3n de la Fiscal\u00eda, Jos\u00e9 Everth Ortiz tambi\u00e9n habr\u00eda participado en la muerte de 6 personas asesinadas en Buenaventura, el pasado 30 de diciembre, debido a la divisi\u00f3n de la\u00a0<b>banda La Local<\/b>, entre Los Chotas y Los Espartanos.<\/p>\n<p class=\"x_MsoNormal\">El juez segundo penal emiti\u00f3 la orden de encarcelamiento para que alias P\u00f3lvora sea remitido a la c\u00e1rcel La Tramac\u00faa de Valledupar (Cesar).<\/p>\n<p class=\"x_MsoNormal\">Estos resultados responden a la estrategia investigativa para contrarrestar la criminalidad organizada y los fen\u00f3menos delictivos que afectan la seguridad ciudadana, desarrollada bajo el Direccionamiento Estrat\u00e9gico trazado por el Fiscal General de la Naci\u00f3n, Francisco Barbosa Delgado.<\/p>\n<p class=\"x_MsoNormal\">Esta informaci\u00f3n se hace p\u00fablica por razones de inter\u00e9s general.<\/p>\n<p class=\"x_MsoNormal\">La Fiscal\u00eda General de la Naci\u00f3n habla con resultados.<\/p>\n<p class=\"x_MsoNormal\">JGPV\/DP\/DLBM<\/p>\n<p class=\"x_MsoNormal\"><i><span lang=\"ES\">La informaci\u00f3n contenida en este bolet\u00edn de prensa corresponde a la narraci\u00f3n de los hechos noticiosos objetivos, suministrados por los funcionarios encargados de adelantar las investigaciones penales al interior de la Fiscal\u00eda General de la Naci\u00f3n. Para el momento de la divulgaci\u00f3n de este comunicado, la situaci\u00f3n jur\u00eddica de la(s) persona(s) relacionada(s) se encuentra pendiente de resolver por la autoridad judicial competente, siempre bajo los preceptos de la presunci\u00f3n de inocencia, consagrados en el art\u00edculo 29 de la Constituci\u00f3n Pol\u00edtica y el art\u00edculo 7\u00ba de la Ley 906 de 2004.<\/span><\/i><span lang=\"ES\">\u00a0\u00a0\u00a0\u00a0<\/span><\/p>\n<p class=\"x_MsoNormal\">Le puede interesar:<b>\u00a0\u00a0<\/b><a href=\"https:\/\/www.fiscalia.gov.co\/colombia\/seguridad-ciudadana\/asegurado-alias-larry-supuesto-tercer-cabecilla-de-la-banda-la-local\/\" target=\"_blank\" rel=\"noopener noreferrer\">Asegurado alias Larry, supuesto tercer cabecilla de la banda La Local\u00a0<\/a><b>\u00a0<\/b><\/p>\n\n<div class=\"twitter-share\"><a href=\"https:\/\/twitter.com\/intent\/tweet?via=fiscaliacol\" class=\"twitter-share-button\">Tweet<\/a><\/div>\n","protected":false},"excerpt":{"rendered":"<p>El hombre cumplir\u00e1 la medida en el\u00a0Establecimiento Penitenciario y Carcelario de Alta y Mediana Seguridad de Valledupar (Cesar), La Tramac\u00faa.\u00a0 Jos\u00e9 Everth Ortiz Rodr\u00edguez,\u00a0alias P\u00f3lvora, presunto cabecilla de la banda La Local, subdivisi\u00f3n\u00a0Los Espartanos,\u00a0fue cobijado con\u00a0medida de aseguramiento\u00a0en establecimiento carcelario, por el Juez Segundo Penal con funciones de control de garant\u00edas de Buenaventura (Valle del [&hellip;]<\/p>\n","protected":false},"author":171,"featured_media":0,"comment_status":"closed","ping_status":"open","sticky":false,"template":"","format":"standard","meta":{"tdm_status":"","tdm_grid_status":"","footnotes":""},"categories":[24098,324,303],"tags":[24460,7484,24526,24481,1047,26048,11101,7453],"class_list":{"0":"post-214611","1":"post","2":"type-post","3":"status-publish","4":"format-standard","6":"category-crimen-organizado","7":"category-seccional-cali","8":"category-seccionales","9":"tag-banda-delictiva-la-local","10":"tag-crimen-organizado","11":"tag-fiscal-general-francisco-barbosa-delgado","12":"tag-fiscalia-de-colombia","13":"tag-fiscalia-general-de-la-nacion","14":"tag-los-espartanos","15":"tag-seguridad-ciudadana","16":"tag-violencia-contra-servidor-publico"},"yoast_head":"<!-- This site is optimized with the Yoast SEO plugin v24.3 - https:\/\/yoast.com\/wordpress\/plugins\/seo\/ -->\n<title>Fiscal\u00eda General de la Naci\u00f3n<\/title>\n<meta name=\"description\" content=\"P\u00e1gina oficial de la Fiscal\u00eda General de la Naci\u00f3n \u2013 Colombia. Garantizamos el acceso efectivo a la justicia, la verdad y la reparaci\u00f3n de las v\u00edctimas de los delitos.\" \/>\n<meta name=\"robots\" content=\"noindex, follow\" \/>\n<meta property=\"og:locale\" content=\"es_ES\" \/>\n<meta property=\"og:type\" content=\"article\" \/>\n<meta property=\"og:title\" content=\"Fiscal\u00eda General de la Naci\u00f3n\" \/>\n<meta property=\"og:description\" content=\"P\u00e1gina oficial de la Fiscal\u00eda General de la Naci\u00f3n \u2013 Colombia. Garantizamos el acceso efectivo a la justicia, la verdad y la reparaci\u00f3n de las v\u00edctimas de los delitos.\" \/>\n<meta property=\"og:url\" content=\"https:\/\/www.fiscalia.gov.co\/colombia\/crimen-organizado\/privado-de-la-libertad-alias-polvora-presunto-cabecilla-de-la-organizacion-criminal-la-local-los-espartanos\/\" \/>\n<meta property=\"og:site_name\" content=\"Fiscal\u00eda General de la Naci\u00f3n\" \/>\n<meta property=\"article:publisher\" content=\"https:\/\/www.facebook.com\/FiscaliaCol\" \/>\n<meta property=\"article:published_time\" content=\"2021-03-01T20:14:56+00:00\" \/>\n<meta name=\"author\" content=\"Ana Mar\u00eda Gomez\" \/>\n<meta name=\"twitter:card\" content=\"summary_large_image\" \/>\n<meta name=\"twitter:creator\" content=\"@FiscaliaCol\" \/>\n<meta name=\"twitter:site\" content=\"@FiscaliaCol\" \/>\n<meta name=\"twitter:label1\" content=\"Escrito por\" \/>\n\t<meta name=\"twitter:data1\" content=\"Ana Mar\u00eda Gomez\" \/>\n\t<meta name=\"twitter:label2\" content=\"Tiempo de lectura\" \/>\n\t<meta name=\"twitter:data2\" content=\"3 minutos\" \/>\n<script type=\"application\/ld+json\" class=\"yoast-schema-graph\">{\"@context\":\"https:\/\/schema.org\",\"@graph\":[{\"@type\":\"Article\",\"@id\":\"https:\/\/www.fiscalia.gov.co\/colombia\/crimen-organizado\/privado-de-la-libertad-alias-polvora-presunto-cabecilla-de-la-organizacion-criminal-la-local-los-espartanos\/#article\",\"isPartOf\":{\"@id\":\"https:\/\/www.fiscalia.gov.co\/colombia\/crimen-organizado\/privado-de-la-libertad-alias-polvora-presunto-cabecilla-de-la-organizacion-criminal-la-local-los-espartanos\/\"},\"author\":{\"name\":\"Ana Mar\u00eda Gomez\",\"@id\":\"https:\/\/www.fiscalia.gov.co\/colombia\/#\/schema\/person\/06aa2210fe4d79203f428ff671dee360\"},\"headline\":\"Privado de la libertad alias P\u00f3lvora, presunto cabecilla de la organizaci\u00f3n criminal La Local &#8211; Los Espartanos\",\"datePublished\":\"2021-03-01T20:14:56+00:00\",\"dateModified\":\"2021-03-01T20:14:56+00:00\",\"mainEntityOfPage\":{\"@id\":\"https:\/\/www.fiscalia.gov.co\/colombia\/crimen-organizado\/privado-de-la-libertad-alias-polvora-presunto-cabecilla-de-la-organizacion-criminal-la-local-los-espartanos\/\"},\"wordCount\":652,\"publisher\":{\"@id\":\"https:\/\/www.fiscalia.gov.co\/colombia\/#organization\"},\"keywords\":[\"banda delictiva La Local\",\"Crimen organizado\",\"Fiscal General Francisco Barbosa Delgado\",\"Fiscal\u00eda de Colombia\",\"Fiscal\u00eda General de la Naci\u00f3n\",\"Los Espartanos\",\"Seguridad ciudadana\",\"violencia contra servidor p\u00fablico\"],\"articleSection\":[\"Crimen organizado\",\"Seccional Cali\",\"Seccionales\"],\"inLanguage\":\"es-CO\"},{\"@type\":\"WebPage\",\"@id\":\"https:\/\/www.fiscalia.gov.co\/colombia\/crimen-organizado\/privado-de-la-libertad-alias-polvora-presunto-cabecilla-de-la-organizacion-criminal-la-local-los-espartanos\/\",\"url\":\"https:\/\/www.fiscalia.gov.co\/colombia\/crimen-organizado\/privado-de-la-libertad-alias-polvora-presunto-cabecilla-de-la-organizacion-criminal-la-local-los-espartanos\/\",\"name\":\"Fiscal\u00eda General de la Naci\u00f3n\",\"isPartOf\":{\"@id\":\"https:\/\/www.fiscalia.gov.co\/colombia\/#website\"},\"datePublished\":\"2021-03-01T20:14:56+00:00\",\"dateModified\":\"2021-03-01T20:14:56+00:00\",\"description\":\"P\u00e1gina oficial de la Fiscal\u00eda General de la Naci\u00f3n \u2013 Colombia. Garantizamos el acceso efectivo a la justicia, la verdad y la reparaci\u00f3n de las v\u00edctimas de los delitos.\",\"breadcrumb\":{\"@id\":\"https:\/\/www.fiscalia.gov.co\/colombia\/crimen-organizado\/privado-de-la-libertad-alias-polvora-presunto-cabecilla-de-la-organizacion-criminal-la-local-los-espartanos\/#breadcrumb\"},\"inLanguage\":\"es-CO\",\"potentialAction\":[{\"@type\":\"ReadAction\",\"target\":[\"https:\/\/www.fiscalia.gov.co\/colombia\/crimen-organizado\/privado-de-la-libertad-alias-polvora-presunto-cabecilla-de-la-organizacion-criminal-la-local-los-espartanos\/\"]}]},{\"@type\":\"BreadcrumbList\",\"@id\":\"https:\/\/www.fiscalia.gov.co\/colombia\/crimen-organizado\/privado-de-la-libertad-alias-polvora-presunto-cabecilla-de-la-organizacion-criminal-la-local-los-espartanos\/#breadcrumb\",\"itemListElement\":[{\"@type\":\"ListItem\",\"position\":1,\"name\":\"Home\",\"item\":\"https:\/\/www.fiscalia.gov.co\/colombia\/\"},{\"@type\":\"ListItem\",\"position\":2,\"name\":\"Privado de la libertad alias P\u00f3lvora, presunto cabecilla de la organizaci\u00f3n criminal La Local &#8211; Los Espartanos\"}]},{\"@type\":\"WebSite\",\"@id\":\"https:\/\/www.fiscalia.gov.co\/colombia\/#website\",\"url\":\"https:\/\/www.fiscalia.gov.co\/colombia\/\",\"name\":\"Fiscal\u00eda General de la Naci\u00f3n\",\"description\":\"P\u00e1gina oficial de la Fiscal\u00eda General de la Naci\u00f3n \u2013 Colombia. Garantizamos el acceso efectivo a la justicia, la verdad y la reparaci\u00f3n de las v\u00edctimas de los delitos.\",\"publisher\":{\"@id\":\"https:\/\/www.fiscalia.gov.co\/colombia\/#organization\"},\"potentialAction\":[{\"@type\":\"SearchAction\",\"target\":{\"@type\":\"EntryPoint\",\"urlTemplate\":\"https:\/\/www.fiscalia.gov.co\/colombia\/?s={search_term_string}\"},\"query-input\":{\"@type\":\"PropertyValueSpecification\",\"valueRequired\":true,\"valueName\":\"search_term_string\"}}],\"inLanguage\":\"es-CO\"},{\"@type\":\"Organization\",\"@id\":\"https:\/\/www.fiscalia.gov.co\/colombia\/#organization\",\"name\":\"Fiscal\u00eda General de la Naci\u00f3n\",\"url\":\"https:\/\/www.fiscalia.gov.co\/colombia\/\",\"logo\":{\"@type\":\"ImageObject\",\"inLanguage\":\"es-CO\",\"@id\":\"https:\/\/www.fiscalia.gov.co\/colombia\/#\/schema\/logo\/image\/\",\"url\":\"https:\/\/www.fiscalia.gov.co\/colombia\/wp-content\/uploads\/LogoHorizontal_1.jpg\",\"contentUrl\":\"https:\/\/www.fiscalia.gov.co\/colombia\/wp-content\/uploads\/LogoHorizontal_1.jpg\",\"width\":300,\"height\":90,\"caption\":\"Fiscal\u00eda General de la Naci\u00f3n\"},\"image\":{\"@id\":\"https:\/\/www.fiscalia.gov.co\/colombia\/#\/schema\/logo\/image\/\"},\"sameAs\":[\"https:\/\/www.facebook.com\/FiscaliaCol\",\"https:\/\/x.com\/FiscaliaCol\",\"https:\/\/www.instagram.com\/fiscaliacol\",\"https:\/\/www.linkedin.com\/company\/fiscalia-general-de-la-naci-n\/\",\"https:\/\/youtube.com\/@fiscaliageneraldelanacion-4668?si=6nN79nyQICPU5iTh\"]},{\"@type\":\"Person\",\"@id\":\"https:\/\/www.fiscalia.gov.co\/colombia\/#\/schema\/person\/06aa2210fe4d79203f428ff671dee360\",\"name\":\"Ana Mar\u00eda Gomez\",\"image\":{\"@type\":\"ImageObject\",\"inLanguage\":\"es-CO\",\"@id\":\"https:\/\/www.fiscalia.gov.co\/colombia\/#\/schema\/person\/image\/\",\"url\":\"https:\/\/secure.gravatar.com\/avatar\/a38115d98a7f8a96cbb96af2b2c37a0b?s=96&d=mm&r=g\",\"contentUrl\":\"https:\/\/secure.gravatar.com\/avatar\/a38115d98a7f8a96cbb96af2b2c37a0b?s=96&d=mm&r=g\",\"caption\":\"Ana Mar\u00eda Gomez\"},\"url\":\"https:\/\/www.fiscalia.gov.co\/colombia\/author\/agomez\/\"}]}<\/script>\n<!-- \/ Yoast SEO plugin. -->","yoast_head_json":{"title":"Fiscal\u00eda General de la Naci\u00f3n","description":"P\u00e1gina oficial de la Fiscal\u00eda General de la Naci\u00f3n \u2013 Colombia. Garantizamos el acceso efectivo a la justicia, la verdad y la reparaci\u00f3n de las v\u00edctimas de los delitos.","robots":{"index":"noindex","follow":"follow"},"og_locale":"es_ES","og_type":"article","og_title":"Fiscal\u00eda General de la Naci\u00f3n","og_description":"P\u00e1gina oficial de la Fiscal\u00eda General de la Naci\u00f3n \u2013 Colombia. Garantizamos el acceso efectivo a la justicia, la verdad y la reparaci\u00f3n de las v\u00edctimas de los delitos.","og_url":"https:\/\/www.fiscalia.gov.co\/colombia\/crimen-organizado\/privado-de-la-libertad-alias-polvora-presunto-cabecilla-de-la-organizacion-criminal-la-local-los-espartanos\/","og_site_name":"Fiscal\u00eda General de la Naci\u00f3n","article_publisher":"https:\/\/www.facebook.com\/FiscaliaCol","article_published_time":"2021-03-01T20:14:56+00:00","author":"Ana Mar\u00eda Gomez","twitter_card":"summary_large_image","twitter_creator":"@FiscaliaCol","twitter_site":"@FiscaliaCol","twitter_misc":{"Escrito por":"Ana Mar\u00eda Gomez","Tiempo de lectura":"3 minutos"},"schema":{"@context":"https:\/\/schema.org","@graph":[{"@type":"Article","@id":"https:\/\/www.fiscalia.gov.co\/colombia\/crimen-organizado\/privado-de-la-libertad-alias-polvora-presunto-cabecilla-de-la-organizacion-criminal-la-local-los-espartanos\/#article","isPartOf":{"@id":"https:\/\/www.fiscalia.gov.co\/colombia\/crimen-organizado\/privado-de-la-libertad-alias-polvora-presunto-cabecilla-de-la-organizacion-criminal-la-local-los-espartanos\/"},"author":{"name":"Ana Mar\u00eda Gomez","@id":"https:\/\/www.fiscalia.gov.co\/colombia\/#\/schema\/person\/06aa2210fe4d79203f428ff671dee360"},"headline":"Privado de la libertad alias P\u00f3lvora, presunto cabecilla de la organizaci\u00f3n criminal La Local &#8211; Los Espartanos","datePublished":"2021-03-01T20:14:56+00:00","dateModified":"2021-03-01T20:14:56+00:00","mainEntityOfPage":{"@id":"https:\/\/www.fiscalia.gov.co\/colombia\/crimen-organizado\/privado-de-la-libertad-alias-polvora-presunto-cabecilla-de-la-organizacion-criminal-la-local-los-espartanos\/"},"wordCount":652,"publisher":{"@id":"https:\/\/www.fiscalia.gov.co\/colombia\/#organization"},"keywords":["banda delictiva La Local","Crimen organizado","Fiscal General Francisco Barbosa Delgado","Fiscal\u00eda de Colombia","Fiscal\u00eda General de la Naci\u00f3n","Los Espartanos","Seguridad ciudadana","violencia contra servidor p\u00fablico"],"articleSection":["Crimen organizado","Seccional Cali","Seccionales"],"inLanguage":"es-CO"},{"@type":"WebPage","@id":"https:\/\/www.fiscalia.gov.co\/colombia\/crimen-organizado\/privado-de-la-libertad-alias-polvora-presunto-cabecilla-de-la-organizacion-criminal-la-local-los-espartanos\/","url":"https:\/\/www.fiscalia.gov.co\/colombia\/crimen-organizado\/privado-de-la-libertad-alias-polvora-presunto-cabecilla-de-la-organizacion-criminal-la-local-los-espartanos\/","name":"Fiscal\u00eda General de la Naci\u00f3n","isPartOf":{"@id":"https:\/\/www.fiscalia.gov.co\/colombia\/#website"},"datePublished":"2021-03-01T20:14:56+00:00","dateModified":"2021-03-01T20:14:56+00:00","description":"P\u00e1gina oficial de la Fiscal\u00eda General de la Naci\u00f3n \u2013 Colombia. Garantizamos el acceso efectivo a la justicia, la verdad y la reparaci\u00f3n de las v\u00edctimas de los delitos.","breadcrumb":{"@id":"https:\/\/www.fiscalia.gov.co\/colombia\/crimen-organizado\/privado-de-la-libertad-alias-polvora-presunto-cabecilla-de-la-organizacion-criminal-la-local-los-espartanos\/#breadcrumb"},"inLanguage":"es-CO","potentialAction":[{"@type":"ReadAction","target":["https:\/\/www.fiscalia.gov.co\/colombia\/crimen-organizado\/privado-de-la-libertad-alias-polvora-presunto-cabecilla-de-la-organizacion-criminal-la-local-los-espartanos\/"]}]},{"@type":"BreadcrumbList","@id":"https:\/\/www.fiscalia.gov.co\/colombia\/crimen-organizado\/privado-de-la-libertad-alias-polvora-presunto-cabecilla-de-la-organizacion-criminal-la-local-los-espartanos\/#breadcrumb","itemListElement":[{"@type":"ListItem","position":1,"name":"Home","item":"https:\/\/www.fiscalia.gov.co\/colombia\/"},{"@type":"ListItem","position":2,"name":"Privado de la libertad alias P\u00f3lvora, presunto cabecilla de la organizaci\u00f3n criminal La Local &#8211; Los Espartanos"}]},{"@type":"WebSite","@id":"https:\/\/www.fiscalia.gov.co\/colombia\/#website","url":"https:\/\/www.fiscalia.gov.co\/colombia\/","name":"Fiscal\u00eda General de la Naci\u00f3n","description":"P\u00e1gina oficial de la Fiscal\u00eda General de la Naci\u00f3n \u2013 Colombia. Garantizamos el acceso efectivo a la justicia, la verdad y la reparaci\u00f3n de las v\u00edctimas de los delitos.","publisher":{"@id":"https:\/\/www.fiscalia.gov.co\/colombia\/#organization"},"potentialAction":[{"@type":"SearchAction","target":{"@type":"EntryPoint","urlTemplate":"https:\/\/www.fiscalia.gov.co\/colombia\/?s={search_term_string}"},"query-input":{"@type":"PropertyValueSpecification","valueRequired":true,"valueName":"search_term_string"}}],"inLanguage":"es-CO"},{"@type":"Organization","@id":"https:\/\/www.fiscalia.gov.co\/colombia\/#organization","name":"Fiscal\u00eda General de la Naci\u00f3n","url":"https:\/\/www.fiscalia.gov.co\/colombia\/","logo":{"@type":"ImageObject","inLanguage":"es-CO","@id":"https:\/\/www.fiscalia.gov.co\/colombia\/#\/schema\/logo\/image\/","url":"https:\/\/www.fiscalia.gov.co\/colombia\/wp-content\/uploads\/LogoHorizontal_1.jpg","contentUrl":"https:\/\/www.fiscalia.gov.co\/colombia\/wp-content\/uploads\/LogoHorizontal_1.jpg","width":300,"height":90,"caption":"Fiscal\u00eda General de la Naci\u00f3n"},"image":{"@id":"https:\/\/www.fiscalia.gov.co\/colombia\/#\/schema\/logo\/image\/"},"sameAs":["https:\/\/www.facebook.com\/FiscaliaCol","https:\/\/x.com\/FiscaliaCol","https:\/\/www.instagram.com\/fiscaliacol","https:\/\/www.linkedin.com\/company\/fiscalia-general-de-la-naci-n\/","https:\/\/youtube.com\/@fiscaliageneraldelanacion-4668?si=6nN79nyQICPU5iTh"]},{"@type":"Person","@id":"https:\/\/www.fiscalia.gov.co\/colombia\/#\/schema\/person\/06aa2210fe4d79203f428ff671dee360","name":"Ana Mar\u00eda Gomez","image":{"@type":"ImageObject","inLanguage":"es-CO","@id":"https:\/\/www.fiscalia.gov.co\/colombia\/#\/schema\/person\/image\/","url":"https:\/\/secure.gravatar.com\/avatar\/a38115d98a7f8a96cbb96af2b2c37a0b?s=96&d=mm&r=g","contentUrl":"https:\/\/secure.gravatar.com\/avatar\/a38115d98a7f8a96cbb96af2b2c37a0b?s=96&d=mm&r=g","caption":"Ana Mar\u00eda Gomez"},"url":"https:\/\/www.fiscalia.gov.co\/colombia\/author\/agomez\/"}]}},"_links":{"self":[{"href":"https:\/\/www.fiscalia.gov.co\/colombia\/wp-json\/wp\/v2\/posts\/214611","targetHints":{"allow":["GET"]}}],"collection":[{"href":"https:\/\/www.fiscalia.gov.co\/colombia\/wp-json\/wp\/v2\/posts"}],"about":[{"href":"https:\/\/www.fiscalia.gov.co\/colombia\/wp-json\/wp\/v2\/types\/post"}],"author":[{"embeddable":true,"href":"https:\/\/www.fiscalia.gov.co\/colombia\/wp-json\/wp\/v2\/users\/171"}],"replies":[{"embeddable":true,"href":"https:\/\/www.fiscalia.gov.co\/colombia\/wp-json\/wp\/v2\/comments?post=214611"}],"version-history":[{"count":1,"href":"https:\/\/www.fiscalia.gov.co\/colombia\/wp-json\/wp\/v2\/posts\/214611\/revisions"}],"predecessor-version":[{"id":214612,"href":"https:\/\/www.fiscalia.gov.co\/colombia\/wp-json\/wp\/v2\/posts\/214611\/revisions\/214612"}],"wp:attachment":[{"href":"https:\/\/www.fiscalia.gov.co\/colombia\/wp-json\/wp\/v2\/media?parent=214611"}],"wp:term":[{"taxonomy":"category","embeddable":true,"href":"https:\/\/www.fiscalia.gov.co\/colombia\/wp-json\/wp\/v2\/categories?post=214611"},{"taxonomy":"post_tag","embeddable":true,"href":"https:\/\/www.fiscalia.gov.co\/colombia\/wp-json\/wp\/v2\/tags?post=214611"}],"curies":[{"name":"wp","href":"https:\/\/api.w.org\/{rel}","templated":true}]}}