{"id":214226,"date":"2021-02-24T10:36:03","date_gmt":"2021-02-24T15:36:03","guid":{"rendered":"https:\/\/www.fiscalia.gov.co\/colombia\/?p=214226"},"modified":"2021-02-24T10:36:03","modified_gmt":"2021-02-24T15:36:03","slug":"impactada-organizacion-delincuencial-quimera-dedicada-a-la-comercializacion-de-estupefacientes-en-risaralda","status":"publish","type":"post","link":"https:\/\/www.fiscalia.gov.co\/colombia\/trafico-de-estupefacientes\/impactada-organizacion-delincuencial-quimera-dedicada-a-la-comercializacion-de-estupefacientes-en-risaralda\/","title":{"rendered":"Impactada organizaci\u00f3n delincuencial Quimera, dedicada a la comercializaci\u00f3n de estupefacientes en Risaralda"},"content":{"rendered":"<p>Funcionarios del Cuerpo T\u00e9cnico de Investigaci\u00f3n (CTI) de la Seccional Risaralda, apoyados por la Sijin de la Polic\u00eda Nacional, capturaron en Santa Rosa de Cabal (Risaralda) a Gildardo Henao Ram\u00edrez, alias \u2018Gildo\u2019, Marielle Osorio Valencia, al tiempo que notificaron a Juan Ricardo Burbano Zuluaga; presuntos integrantes de la banda delincuencial Quimera.<\/p>\n<p><span style=\"font-style: inherit; font-weight: inherit;\">Los implicados fueron presentados ante el juez penal municipal de Santa Rosa de Cabal donde la Fiscal\u00eda los imput\u00f3 como presuntos responsables de delitos como concierto para delinquir con fines de tr\u00e1fico, fabricaci\u00f3n o porte de\u00a0<\/span><a href=\"https:\/\/www.fiscalia.gov.co\/colombia\/trafico-de-estupefacientes\/desarticulada-organizacion-delincuencial-caminantes-dedicada-al-parecer-a-la-venta-de-sustancias-estupefacientes-en-quinchia-risaralda\/\" data-auth=\"NotApplicable\">estupefacientes,<\/a>\u00a0en concurso heterog\u00e9neo con tr\u00e1fico de estupefacientes. Ninguno de los cargos fue aceptado por los implicados.<\/p>\n<p><span style=\"font-style: inherit; font-weight: inherit;\">Al t\u00e9rmino de las audiencias concentradas y por solicitud de la Fiscal\u00eda General, el juez de control de garant\u00edas dispuso medida de aseguramiento en establecimiento carcelario para Henao Ram\u00edrez, y domiciliaria para Osorio Valencia. Burbano Zuluaga, por su parte, fue notificado del proceso judicial en su contra en un centro penitenciario donde cumple una condena por otro delito.<\/span><\/p>\n<p><span style=\"font-style: inherit; font-weight: inherit;\">Labores de polic\u00eda judicial evidencia c\u00f3mo la organizaci\u00f3n delincuencial conocida como Quimera se dedica a la producci\u00f3n, dosificaci\u00f3n y distribuci\u00f3n de\u00a0<\/span><a href=\"https:\/\/www.fiscalia.gov.co\/colombia\/seccionales\/desarticulan-la-organizacion-delincuencial-apolo-dedicada-a-la-venta-de-estupefacientes-en-mistrato-risaralda\/\" data-auth=\"NotApplicable\">estupefacientes<\/a>\u00a0como marihuana y coca\u00edna. Esta actividad ser\u00eda realizada desde que las sustancias il\u00edcitas son cultivadas en el Cauca, para luego realizar su transporte hacia\u00a0<a href=\"https:\/\/www.fiscalia.gov.co\/colombia\/seccionales\/desmantelado-centro-de-almacenamiento-y-expendio-de-estupefacientes-en-santa-rosa-de-cabal-risaralda\/\" data-auth=\"NotApplicable\">Santa Rosa de Cabal<\/a>\u00a0(Risaralda) donde tendr\u00edan lugares establecidos para su expendio.<\/p>\n<p><span style=\"font-style: inherit; font-weight: inherit;\">La evidencia f\u00edsica recopilada demuestra como desde 2019 Quimera enviaba estupefacientes a diferentes municipios, donde es dosificaba y distribuida. Las sustancias eran camufladas en caletas ubicadas en veh\u00edculos particulares.<\/span><\/p>\n<p><span style=\"font-style: inherit; font-weight: inherit;\">Estos resultados corresponden a los lineamientos trazados en el Direccionamiento Estrat\u00e9gico 2020-2024 liderado por el Fiscal General de la Naci\u00f3n, Francisco Barbosa Delgado, en su lucha contra los delitos que atentan contra la salud y la seguridad ciudadana.\u00a0<\/span><\/p>\n<p><span style=\"font-style: inherit; font-weight: inherit;\">La Fiscal\u00eda publica esta informaci\u00f3n por considerarla de inter\u00e9s general.\u00a0<\/span><\/p>\n<p><strong><span style=\"font-style: inherit; font-weight: inherit;\">CLCG\/MAGA\/MCHA<\/span><\/strong><span style=\"font-style: inherit; font-weight: inherit;\">\u00a0<\/span><\/p>\n<p><em><span style=\"font-style: inherit; font-weight: inherit;\">La informaci\u00f3n contenida en este bolet\u00edn de prensa corresponde a la narraci\u00f3n de los hechos noticiosos objetivos, suministrados por los funcionarios encargados de adelantar las investigaciones penales al interior de la Fiscal\u00eda General de la Naci\u00f3n. Para el momento de la divulgaci\u00f3n de este comunicado, la situaci\u00f3n jur\u00eddica de la(s) persona(s) relacionada(s) se encuentra pendiente de resolver por la autoridad judicial competente, siempre bajo los preceptos de la presunci\u00f3n de inocencia, consagrados en el art\u00edculo 29 de la Constituci\u00f3n Pol\u00edtica y el art\u00edculo 7\u00ba de la Ley 906 de 2004.<\/span><\/em><\/p>\n<p>&nbsp;<\/p>\n<p>&nbsp;<\/p>\n\n<div class=\"twitter-share\"><a href=\"https:\/\/twitter.com\/intent\/tweet?via=fiscaliacol\" class=\"twitter-share-button\">Tweet<\/a><\/div>\n","protected":false},"excerpt":{"rendered":"<p>Funcionarios del Cuerpo T\u00e9cnico de Investigaci\u00f3n (CTI) de la Seccional Risaralda, apoyados por la Sijin de la Polic\u00eda Nacional, capturaron en Santa Rosa de Cabal (Risaralda) a Gildardo Henao Ram\u00edrez, alias \u2018Gildo\u2019, Marielle Osorio Valencia, al tiempo que notificaron a Juan Ricardo Burbano Zuluaga; presuntos integrantes de la banda delincuencial Quimera. Los implicados fueron presentados [&hellip;]<\/p>\n","protected":false},"author":171,"featured_media":0,"comment_status":"closed","ping_status":"open","sticky":false,"template":"","format":"standard","meta":{"_price":"","_stock":"","_tribe_ticket_header":"","_tribe_default_ticket_provider":"","_tribe_ticket_capacity":"0","_ticket_start_date":"","_ticket_end_date":"","_tribe_ticket_show_description":"","_tribe_ticket_show_not_going":false,"_tribe_ticket_use_global_stock":"","_tribe_ticket_global_stock_level":"","_global_stock_mode":"","_global_stock_cap":"","_tribe_rsvp_for_event":"","_tribe_ticket_going_count":"","_tribe_ticket_not_going_count":"","_tribe_tickets_list":"[]","_tribe_ticket_has_attendee_info_fields":false,"tdm_status":"","tdm_grid_status":"","footnotes":""},"categories":[335,303,24103],"tags":[26007],"class_list":{"0":"post-214226","1":"post","2":"type-post","3":"status-publish","4":"format-standard","6":"category-seccional-pereira","7":"category-seccionales","8":"category-trafico-de-estupefacientes","9":"tag-santa-rosa-de-cabal-estupefacientes-risaralda-ollas-cti"},"yoast_head":"<!-- This site is optimized with the Yoast SEO plugin v24.3 - https:\/\/yoast.com\/wordpress\/plugins\/seo\/ -->\n<title>Fiscal\u00eda General de la Naci\u00f3n<\/title>\n<meta name=\"description\" content=\"P\u00e1gina oficial de la Fiscal\u00eda General de la Naci\u00f3n \u2013 Colombia. Garantizamos el acceso efectivo a la justicia, la verdad y la reparaci\u00f3n de las v\u00edctimas de los delitos.\" \/>\n<meta name=\"robots\" content=\"noindex, follow\" \/>\n<meta property=\"og:locale\" content=\"es_ES\" \/>\n<meta property=\"og:type\" content=\"article\" \/>\n<meta property=\"og:title\" content=\"Fiscal\u00eda General de la Naci\u00f3n\" \/>\n<meta property=\"og:description\" content=\"P\u00e1gina oficial de la Fiscal\u00eda General de la Naci\u00f3n \u2013 Colombia. Garantizamos el acceso efectivo a la justicia, la verdad y la reparaci\u00f3n de las v\u00edctimas de los delitos.\" \/>\n<meta property=\"og:url\" content=\"https:\/\/www.fiscalia.gov.co\/colombia\/trafico-de-estupefacientes\/impactada-organizacion-delincuencial-quimera-dedicada-a-la-comercializacion-de-estupefacientes-en-risaralda\/\" \/>\n<meta property=\"og:site_name\" content=\"Fiscal\u00eda General de la Naci\u00f3n\" \/>\n<meta property=\"article:publisher\" content=\"https:\/\/www.facebook.com\/FiscaliaCol\" \/>\n<meta property=\"article:published_time\" content=\"2021-02-24T15:36:03+00:00\" \/>\n<meta name=\"author\" content=\"Ana Mar\u00eda Gomez\" \/>\n<meta name=\"twitter:card\" content=\"summary_large_image\" \/>\n<meta name=\"twitter:creator\" content=\"@FiscaliaCol\" \/>\n<meta name=\"twitter:site\" content=\"@FiscaliaCol\" \/>\n<meta name=\"twitter:label1\" content=\"Escrito por\" \/>\n\t<meta name=\"twitter:data1\" content=\"Ana Mar\u00eda Gomez\" \/>\n\t<meta name=\"twitter:label2\" content=\"Tiempo de lectura\" \/>\n\t<meta name=\"twitter:data2\" content=\"2 minutos\" \/>\n<script type=\"application\/ld+json\" class=\"yoast-schema-graph\">{\"@context\":\"https:\/\/schema.org\",\"@graph\":[{\"@type\":\"Article\",\"@id\":\"https:\/\/www.fiscalia.gov.co\/colombia\/trafico-de-estupefacientes\/impactada-organizacion-delincuencial-quimera-dedicada-a-la-comercializacion-de-estupefacientes-en-risaralda\/#article\",\"isPartOf\":{\"@id\":\"https:\/\/www.fiscalia.gov.co\/colombia\/trafico-de-estupefacientes\/impactada-organizacion-delincuencial-quimera-dedicada-a-la-comercializacion-de-estupefacientes-en-risaralda\/\"},\"author\":{\"name\":\"Ana Mar\u00eda Gomez\",\"@id\":\"https:\/\/www.fiscalia.gov.co\/colombia\/#\/schema\/person\/06aa2210fe4d79203f428ff671dee360\"},\"headline\":\"Impactada organizaci\u00f3n delincuencial Quimera, dedicada a la comercializaci\u00f3n de estupefacientes en Risaralda\",\"datePublished\":\"2021-02-24T15:36:03+00:00\",\"dateModified\":\"2021-02-24T15:36:03+00:00\",\"mainEntityOfPage\":{\"@id\":\"https:\/\/www.fiscalia.gov.co\/colombia\/trafico-de-estupefacientes\/impactada-organizacion-delincuencial-quimera-dedicada-a-la-comercializacion-de-estupefacientes-en-risaralda\/\"},\"wordCount\":447,\"publisher\":{\"@id\":\"https:\/\/www.fiscalia.gov.co\/colombia\/#organization\"},\"keywords\":[\"SANTA ROSA DE CABAL -ESTUPEFACIENTES - RISARALDA -OLLAS - CTI\"],\"articleSection\":[\"Seccional Pereira\",\"Seccionales\",\"Tr\u00e1fico de estupefacientes\"],\"inLanguage\":\"es-CO\"},{\"@type\":\"WebPage\",\"@id\":\"https:\/\/www.fiscalia.gov.co\/colombia\/trafico-de-estupefacientes\/impactada-organizacion-delincuencial-quimera-dedicada-a-la-comercializacion-de-estupefacientes-en-risaralda\/\",\"url\":\"https:\/\/www.fiscalia.gov.co\/colombia\/trafico-de-estupefacientes\/impactada-organizacion-delincuencial-quimera-dedicada-a-la-comercializacion-de-estupefacientes-en-risaralda\/\",\"name\":\"Fiscal\u00eda General de la Naci\u00f3n\",\"isPartOf\":{\"@id\":\"https:\/\/www.fiscalia.gov.co\/colombia\/#website\"},\"datePublished\":\"2021-02-24T15:36:03+00:00\",\"dateModified\":\"2021-02-24T15:36:03+00:00\",\"description\":\"P\u00e1gina oficial de la Fiscal\u00eda General de la Naci\u00f3n \u2013 Colombia. Garantizamos el acceso efectivo a la justicia, la verdad y la reparaci\u00f3n de las v\u00edctimas de los delitos.\",\"breadcrumb\":{\"@id\":\"https:\/\/www.fiscalia.gov.co\/colombia\/trafico-de-estupefacientes\/impactada-organizacion-delincuencial-quimera-dedicada-a-la-comercializacion-de-estupefacientes-en-risaralda\/#breadcrumb\"},\"inLanguage\":\"es-CO\",\"potentialAction\":[{\"@type\":\"ReadAction\",\"target\":[\"https:\/\/www.fiscalia.gov.co\/colombia\/trafico-de-estupefacientes\/impactada-organizacion-delincuencial-quimera-dedicada-a-la-comercializacion-de-estupefacientes-en-risaralda\/\"]}]},{\"@type\":\"BreadcrumbList\",\"@id\":\"https:\/\/www.fiscalia.gov.co\/colombia\/trafico-de-estupefacientes\/impactada-organizacion-delincuencial-quimera-dedicada-a-la-comercializacion-de-estupefacientes-en-risaralda\/#breadcrumb\",\"itemListElement\":[{\"@type\":\"ListItem\",\"position\":1,\"name\":\"Home\",\"item\":\"https:\/\/www.fiscalia.gov.co\/colombia\/\"},{\"@type\":\"ListItem\",\"position\":2,\"name\":\"Impactada organizaci\u00f3n delincuencial Quimera, dedicada a la comercializaci\u00f3n de estupefacientes en Risaralda\"}]},{\"@type\":\"WebSite\",\"@id\":\"https:\/\/www.fiscalia.gov.co\/colombia\/#website\",\"url\":\"https:\/\/www.fiscalia.gov.co\/colombia\/\",\"name\":\"Fiscal\u00eda General de la Naci\u00f3n\",\"description\":\"P\u00e1gina oficial de la Fiscal\u00eda General de la Naci\u00f3n \u2013 Colombia. Garantizamos el acceso efectivo a la justicia, la verdad y la reparaci\u00f3n de las v\u00edctimas de los delitos.\",\"publisher\":{\"@id\":\"https:\/\/www.fiscalia.gov.co\/colombia\/#organization\"},\"potentialAction\":[{\"@type\":\"SearchAction\",\"target\":{\"@type\":\"EntryPoint\",\"urlTemplate\":\"https:\/\/www.fiscalia.gov.co\/colombia\/?s={search_term_string}\"},\"query-input\":{\"@type\":\"PropertyValueSpecification\",\"valueRequired\":true,\"valueName\":\"search_term_string\"}}],\"inLanguage\":\"es-CO\"},{\"@type\":\"Organization\",\"@id\":\"https:\/\/www.fiscalia.gov.co\/colombia\/#organization\",\"name\":\"Fiscal\u00eda General de la Naci\u00f3n\",\"url\":\"https:\/\/www.fiscalia.gov.co\/colombia\/\",\"logo\":{\"@type\":\"ImageObject\",\"inLanguage\":\"es-CO\",\"@id\":\"https:\/\/www.fiscalia.gov.co\/colombia\/#\/schema\/logo\/image\/\",\"url\":\"https:\/\/www.fiscalia.gov.co\/colombia\/wp-content\/uploads\/LogoHorizontal_1.jpg\",\"contentUrl\":\"https:\/\/www.fiscalia.gov.co\/colombia\/wp-content\/uploads\/LogoHorizontal_1.jpg\",\"width\":300,\"height\":90,\"caption\":\"Fiscal\u00eda General de la Naci\u00f3n\"},\"image\":{\"@id\":\"https:\/\/www.fiscalia.gov.co\/colombia\/#\/schema\/logo\/image\/\"},\"sameAs\":[\"https:\/\/www.facebook.com\/FiscaliaCol\",\"https:\/\/x.com\/FiscaliaCol\",\"https:\/\/www.instagram.com\/fiscaliacol\",\"https:\/\/www.linkedin.com\/company\/fiscalia-general-de-la-naci-n\/\",\"https:\/\/youtube.com\/@fiscaliageneraldelanacion-4668?si=6nN79nyQICPU5iTh\"]},{\"@type\":\"Person\",\"@id\":\"https:\/\/www.fiscalia.gov.co\/colombia\/#\/schema\/person\/06aa2210fe4d79203f428ff671dee360\",\"name\":\"Ana Mar\u00eda Gomez\",\"image\":{\"@type\":\"ImageObject\",\"inLanguage\":\"es-CO\",\"@id\":\"https:\/\/www.fiscalia.gov.co\/colombia\/#\/schema\/person\/image\/\",\"url\":\"https:\/\/secure.gravatar.com\/avatar\/a38115d98a7f8a96cbb96af2b2c37a0b?s=96&d=mm&r=g\",\"contentUrl\":\"https:\/\/secure.gravatar.com\/avatar\/a38115d98a7f8a96cbb96af2b2c37a0b?s=96&d=mm&r=g\",\"caption\":\"Ana Mar\u00eda Gomez\"},\"url\":\"https:\/\/www.fiscalia.gov.co\/colombia\/author\/agomez\/\"}]}<\/script>\n<!-- \/ Yoast SEO plugin. -->","yoast_head_json":{"title":"Fiscal\u00eda General de la Naci\u00f3n","description":"P\u00e1gina oficial de la Fiscal\u00eda General de la Naci\u00f3n \u2013 Colombia. Garantizamos el acceso efectivo a la justicia, la verdad y la reparaci\u00f3n de las v\u00edctimas de los delitos.","robots":{"index":"noindex","follow":"follow"},"og_locale":"es_ES","og_type":"article","og_title":"Fiscal\u00eda General de la Naci\u00f3n","og_description":"P\u00e1gina oficial de la Fiscal\u00eda General de la Naci\u00f3n \u2013 Colombia. Garantizamos el acceso efectivo a la justicia, la verdad y la reparaci\u00f3n de las v\u00edctimas de los delitos.","og_url":"https:\/\/www.fiscalia.gov.co\/colombia\/trafico-de-estupefacientes\/impactada-organizacion-delincuencial-quimera-dedicada-a-la-comercializacion-de-estupefacientes-en-risaralda\/","og_site_name":"Fiscal\u00eda General de la Naci\u00f3n","article_publisher":"https:\/\/www.facebook.com\/FiscaliaCol","article_published_time":"2021-02-24T15:36:03+00:00","author":"Ana Mar\u00eda Gomez","twitter_card":"summary_large_image","twitter_creator":"@FiscaliaCol","twitter_site":"@FiscaliaCol","twitter_misc":{"Escrito por":"Ana Mar\u00eda Gomez","Tiempo de lectura":"2 minutos"},"schema":{"@context":"https:\/\/schema.org","@graph":[{"@type":"Article","@id":"https:\/\/www.fiscalia.gov.co\/colombia\/trafico-de-estupefacientes\/impactada-organizacion-delincuencial-quimera-dedicada-a-la-comercializacion-de-estupefacientes-en-risaralda\/#article","isPartOf":{"@id":"https:\/\/www.fiscalia.gov.co\/colombia\/trafico-de-estupefacientes\/impactada-organizacion-delincuencial-quimera-dedicada-a-la-comercializacion-de-estupefacientes-en-risaralda\/"},"author":{"name":"Ana Mar\u00eda Gomez","@id":"https:\/\/www.fiscalia.gov.co\/colombia\/#\/schema\/person\/06aa2210fe4d79203f428ff671dee360"},"headline":"Impactada organizaci\u00f3n delincuencial Quimera, dedicada a la comercializaci\u00f3n de estupefacientes en Risaralda","datePublished":"2021-02-24T15:36:03+00:00","dateModified":"2021-02-24T15:36:03+00:00","mainEntityOfPage":{"@id":"https:\/\/www.fiscalia.gov.co\/colombia\/trafico-de-estupefacientes\/impactada-organizacion-delincuencial-quimera-dedicada-a-la-comercializacion-de-estupefacientes-en-risaralda\/"},"wordCount":447,"publisher":{"@id":"https:\/\/www.fiscalia.gov.co\/colombia\/#organization"},"keywords":["SANTA ROSA DE CABAL -ESTUPEFACIENTES - RISARALDA -OLLAS - CTI"],"articleSection":["Seccional Pereira","Seccionales","Tr\u00e1fico de estupefacientes"],"inLanguage":"es-CO"},{"@type":"WebPage","@id":"https:\/\/www.fiscalia.gov.co\/colombia\/trafico-de-estupefacientes\/impactada-organizacion-delincuencial-quimera-dedicada-a-la-comercializacion-de-estupefacientes-en-risaralda\/","url":"https:\/\/www.fiscalia.gov.co\/colombia\/trafico-de-estupefacientes\/impactada-organizacion-delincuencial-quimera-dedicada-a-la-comercializacion-de-estupefacientes-en-risaralda\/","name":"Fiscal\u00eda General de la Naci\u00f3n","isPartOf":{"@id":"https:\/\/www.fiscalia.gov.co\/colombia\/#website"},"datePublished":"2021-02-24T15:36:03+00:00","dateModified":"2021-02-24T15:36:03+00:00","description":"P\u00e1gina oficial de la Fiscal\u00eda General de la Naci\u00f3n \u2013 Colombia. Garantizamos el acceso efectivo a la justicia, la verdad y la reparaci\u00f3n de las v\u00edctimas de los delitos.","breadcrumb":{"@id":"https:\/\/www.fiscalia.gov.co\/colombia\/trafico-de-estupefacientes\/impactada-organizacion-delincuencial-quimera-dedicada-a-la-comercializacion-de-estupefacientes-en-risaralda\/#breadcrumb"},"inLanguage":"es-CO","potentialAction":[{"@type":"ReadAction","target":["https:\/\/www.fiscalia.gov.co\/colombia\/trafico-de-estupefacientes\/impactada-organizacion-delincuencial-quimera-dedicada-a-la-comercializacion-de-estupefacientes-en-risaralda\/"]}]},{"@type":"BreadcrumbList","@id":"https:\/\/www.fiscalia.gov.co\/colombia\/trafico-de-estupefacientes\/impactada-organizacion-delincuencial-quimera-dedicada-a-la-comercializacion-de-estupefacientes-en-risaralda\/#breadcrumb","itemListElement":[{"@type":"ListItem","position":1,"name":"Home","item":"https:\/\/www.fiscalia.gov.co\/colombia\/"},{"@type":"ListItem","position":2,"name":"Impactada organizaci\u00f3n delincuencial Quimera, dedicada a la comercializaci\u00f3n de estupefacientes en Risaralda"}]},{"@type":"WebSite","@id":"https:\/\/www.fiscalia.gov.co\/colombia\/#website","url":"https:\/\/www.fiscalia.gov.co\/colombia\/","name":"Fiscal\u00eda General de la Naci\u00f3n","description":"P\u00e1gina oficial de la Fiscal\u00eda General de la Naci\u00f3n \u2013 Colombia. Garantizamos el acceso efectivo a la justicia, la verdad y la reparaci\u00f3n de las v\u00edctimas de los delitos.","publisher":{"@id":"https:\/\/www.fiscalia.gov.co\/colombia\/#organization"},"potentialAction":[{"@type":"SearchAction","target":{"@type":"EntryPoint","urlTemplate":"https:\/\/www.fiscalia.gov.co\/colombia\/?s={search_term_string}"},"query-input":{"@type":"PropertyValueSpecification","valueRequired":true,"valueName":"search_term_string"}}],"inLanguage":"es-CO"},{"@type":"Organization","@id":"https:\/\/www.fiscalia.gov.co\/colombia\/#organization","name":"Fiscal\u00eda General de la Naci\u00f3n","url":"https:\/\/www.fiscalia.gov.co\/colombia\/","logo":{"@type":"ImageObject","inLanguage":"es-CO","@id":"https:\/\/www.fiscalia.gov.co\/colombia\/#\/schema\/logo\/image\/","url":"https:\/\/www.fiscalia.gov.co\/colombia\/wp-content\/uploads\/LogoHorizontal_1.jpg","contentUrl":"https:\/\/www.fiscalia.gov.co\/colombia\/wp-content\/uploads\/LogoHorizontal_1.jpg","width":300,"height":90,"caption":"Fiscal\u00eda General de la Naci\u00f3n"},"image":{"@id":"https:\/\/www.fiscalia.gov.co\/colombia\/#\/schema\/logo\/image\/"},"sameAs":["https:\/\/www.facebook.com\/FiscaliaCol","https:\/\/x.com\/FiscaliaCol","https:\/\/www.instagram.com\/fiscaliacol","https:\/\/www.linkedin.com\/company\/fiscalia-general-de-la-naci-n\/","https:\/\/youtube.com\/@fiscaliageneraldelanacion-4668?si=6nN79nyQICPU5iTh"]},{"@type":"Person","@id":"https:\/\/www.fiscalia.gov.co\/colombia\/#\/schema\/person\/06aa2210fe4d79203f428ff671dee360","name":"Ana Mar\u00eda Gomez","image":{"@type":"ImageObject","inLanguage":"es-CO","@id":"https:\/\/www.fiscalia.gov.co\/colombia\/#\/schema\/person\/image\/","url":"https:\/\/secure.gravatar.com\/avatar\/a38115d98a7f8a96cbb96af2b2c37a0b?s=96&d=mm&r=g","contentUrl":"https:\/\/secure.gravatar.com\/avatar\/a38115d98a7f8a96cbb96af2b2c37a0b?s=96&d=mm&r=g","caption":"Ana Mar\u00eda Gomez"},"url":"https:\/\/www.fiscalia.gov.co\/colombia\/author\/agomez\/"}]}},"_links":{"self":[{"href":"https:\/\/www.fiscalia.gov.co\/colombia\/wp-json\/wp\/v2\/posts\/214226","targetHints":{"allow":["GET"]}}],"collection":[{"href":"https:\/\/www.fiscalia.gov.co\/colombia\/wp-json\/wp\/v2\/posts"}],"about":[{"href":"https:\/\/www.fiscalia.gov.co\/colombia\/wp-json\/wp\/v2\/types\/post"}],"author":[{"embeddable":true,"href":"https:\/\/www.fiscalia.gov.co\/colombia\/wp-json\/wp\/v2\/users\/171"}],"replies":[{"embeddable":true,"href":"https:\/\/www.fiscalia.gov.co\/colombia\/wp-json\/wp\/v2\/comments?post=214226"}],"version-history":[{"count":1,"href":"https:\/\/www.fiscalia.gov.co\/colombia\/wp-json\/wp\/v2\/posts\/214226\/revisions"}],"predecessor-version":[{"id":214227,"href":"https:\/\/www.fiscalia.gov.co\/colombia\/wp-json\/wp\/v2\/posts\/214226\/revisions\/214227"}],"wp:attachment":[{"href":"https:\/\/www.fiscalia.gov.co\/colombia\/wp-json\/wp\/v2\/media?parent=214226"}],"wp:term":[{"taxonomy":"category","embeddable":true,"href":"https:\/\/www.fiscalia.gov.co\/colombia\/wp-json\/wp\/v2\/categories?post=214226"},{"taxonomy":"post_tag","embeddable":true,"href":"https:\/\/www.fiscalia.gov.co\/colombia\/wp-json\/wp\/v2\/tags?post=214226"}],"curies":[{"name":"wp","href":"https:\/\/api.w.org\/{rel}","templated":true}]}}