{"id":214198,"date":"2021-02-24T08:05:44","date_gmt":"2021-02-24T13:05:44","guid":{"rendered":"https:\/\/www.fiscalia.gov.co\/colombia\/?p=214198"},"modified":"2021-03-01T12:40:41","modified_gmt":"2021-03-01T17:40:41","slug":"condena-de-12-anos-de-prision-y-orden-de-captura-para-exjuez-de-lorica-cordoba-por-fallos-irregulares-de-tutelas","status":"publish","type":"post","link":"https:\/\/www.fiscalia.gov.co\/colombia\/lucha-contra-corrupcion\/condena-de-12-anos-de-prision-y-orden-de-captura-para-exjuez-de-lorica-cordoba-por-fallos-irregulares-de-tutelas\/","title":{"rendered":"Condena de 12 a\u00f1os de prisi\u00f3n y orden de captura para exjuez de Lorica (C\u00f3rdoba) por fallos irregulares de tutelas"},"content":{"rendered":"<h4><strong><em>\u00c1<\/em><em>lvaro Alfonso Chica Y\u00e1\u00f1ez dispuso el pago de pensiones y pretensiones salariales millonarias a extrabajadores de la liquidada Telecom.<\/em><\/strong><\/h4>\n<p>Ante la contundencia de los <a href=\"https:\/\/www.fiscalia.gov.co\/colombia\/hechos-concretos\/el-fiscal-barbosa-anuncio-importante-resultado-en-la-lucha-contra-la-corrupcion-en-san-andres\/\">elementos de prueba recopilados por la Fiscal\u00eda General<\/a> de la Naci\u00f3n, la Sala Penal de la Corte Suprema de Justicia dej\u00f3 en firme la <strong>condena de 12 a\u00f1os y 6 meses de prisi\u00f3n<\/strong> contra el exjuez promiscuo de Lorica (C\u00f3rdoba), <strong>\u00c1lvaro Alfonso Chica Y\u00e1\u00f1ez<\/strong>, por el reconocimiento irregular de pensiones a trav\u00e9s de fallos de tutela.<\/p>\n<p>Por estos hechos, el alto tribunal reafirm\u00f3 que el <a href=\"https:\/\/www.fiscalia.gov.co\/colombia\/hay-justicia\/condenado-oficial-en-retiro-por-actos-de-corrupcion-en-la-agencia-logistica-de-las-fuerzas-militares\/\">exfuncionario es responsable de los delitos<\/a> de <strong>prevaricato por acci\u00f3n y peculado por apropiaci\u00f3n en favor de terceros,<\/strong> y orden\u00f3 su inmediata captura para que la pena sea efectiva en centro carcelario.<\/p>\n<p>El exjuez, <strong>en por lo menos tres decisiones<\/strong>, atendi\u00f3 favorablemente las pretensiones de personas que tuvieron v\u00ednculo laboral con Telecom y <strong>ped\u00edan ser incluidos en el plan pensional anticipado.<\/strong> Los elementos de prueba dan cuenta de que los accionantes <a href=\"https:\/\/www.fiscalia.gov.co\/colombia\/corrupcion\/privado-de-la-libertad-representante-legal-de-eps-en-cauca-por-presuntos-actos-de-corrupcion\/\">no cumpl\u00edan los requisitos de ley<\/a> para acceder a este beneficio. Adicionalmente, no resid\u00edan ni trabajaron en C\u00f3rdoba, y acudieron sin justificaci\u00f3n alguna a ese departamento para interponer las tutelas.<\/p>\n<p>Esta condena hace parte de <a href=\"https:\/\/www.fiscalia.gov.co\/colombia\/hay-justicia\/condenado-exalcalde-de-valledupar-cesar-por-corrupcion-al-sufragante\/\">una investigaci\u00f3n matriz<\/a> en la que fueron detectados 86 fallos de tutela, en los que distintos jueces ordenaron a Telecom pagar cerca <strong>de 6.000 millones de pesos en pensiones y conceptos salariales.<\/strong><\/p>\n<p>La Fiscal\u00eda General de la Naci\u00f3n publica esta informaci\u00f3n por razones de inter\u00e9s general.<\/p>\n<p>LAGP\/JARG\/EAC\/MCRC\/<\/p>\n<p><strong>La Fiscal\u00eda habla con resultados<\/strong><\/p>\n<p><strong>\u00a0<\/strong><\/p>\n\n<div class=\"twitter-share\"><a href=\"https:\/\/twitter.com\/intent\/tweet?via=fiscaliacol\" class=\"twitter-share-button\">Tweet<\/a><\/div>\n","protected":false},"excerpt":{"rendered":"<p>\u00c1lvaro Alfonso Chica Y\u00e1\u00f1ez dispuso el pago de pensiones y pretensiones salariales millonarias a extrabajadores de la liquidada Telecom. Ante la contundencia de los elementos de prueba recopilados por la [&hellip;]<\/p>\n","protected":false},"author":171,"featured_media":0,"comment_status":"closed","ping_status":"open","sticky":false,"template":"","format":"video","meta":{"tdm_status":"","tdm_grid_status":"","footnotes":""},"categories":[24107],"tags":[293,427,25998,25702],"class_list":["post-214198","post","type-post","status-publish","format-video","category-lucha-contra-corrupcion","tag-condena","tag-corrupcion","tag-delito-contra-la-administracion-de-justicia","tag-direccion-especializada-contra-la-corrupcion","post_format-post-format-video"],"yoast_head":"<!-- This site is optimized with the Yoast SEO plugin v24.3 - https:\/\/yoast.com\/wordpress\/plugins\/seo\/ -->\n<title>Fiscal\u00eda General de la Naci\u00f3n<\/title>\n<meta name=\"description\" content=\"P\u00e1gina oficial de la Fiscal\u00eda General de la Naci\u00f3n \u2013 Colombia. Garantizamos el acceso efectivo a la justicia, la verdad y la reparaci\u00f3n de las v\u00edctimas de los delitos.\" \/>\n<meta name=\"robots\" content=\"noindex, follow\" \/>\n<meta property=\"og:locale\" content=\"es_ES\" \/>\n<meta property=\"og:type\" content=\"article\" \/>\n<meta property=\"og:title\" content=\"Fiscal\u00eda General de la Naci\u00f3n\" \/>\n<meta property=\"og:description\" content=\"P\u00e1gina oficial de la Fiscal\u00eda General de la Naci\u00f3n \u2013 Colombia. Garantizamos el acceso efectivo a la justicia, la verdad y la reparaci\u00f3n de las v\u00edctimas de los delitos.\" \/>\n<meta property=\"og:url\" content=\"https:\/\/www.fiscalia.gov.co\/colombia\/lucha-contra-corrupcion\/condena-de-12-anos-de-prision-y-orden-de-captura-para-exjuez-de-lorica-cordoba-por-fallos-irregulares-de-tutelas\/\" \/>\n<meta property=\"og:site_name\" content=\"Fiscal\u00eda General de la Naci\u00f3n\" \/>\n<meta property=\"article:publisher\" content=\"https:\/\/www.facebook.com\/FiscaliaCol\" \/>\n<meta property=\"article:published_time\" content=\"2021-02-24T13:05:44+00:00\" \/>\n<meta property=\"article:modified_time\" content=\"2021-03-01T17:40:41+00:00\" \/>\n<meta name=\"author\" content=\"Ana Mar\u00eda Gomez\" \/>\n<meta name=\"twitter:card\" content=\"summary_large_image\" \/>\n<meta name=\"twitter:creator\" content=\"@FiscaliaCol\" \/>\n<meta name=\"twitter:site\" content=\"@FiscaliaCol\" \/>\n<meta name=\"twitter:label1\" content=\"Escrito por\" \/>\n\t<meta name=\"twitter:data1\" content=\"Ana Mar\u00eda Gomez\" \/>\n\t<meta name=\"twitter:label2\" content=\"Tiempo de lectura\" \/>\n\t<meta name=\"twitter:data2\" content=\"1 minuto\" \/>\n<script type=\"application\/ld+json\" class=\"yoast-schema-graph\">{\"@context\":\"https:\/\/schema.org\",\"@graph\":[{\"@type\":\"Article\",\"@id\":\"https:\/\/www.fiscalia.gov.co\/colombia\/lucha-contra-corrupcion\/condena-de-12-anos-de-prision-y-orden-de-captura-para-exjuez-de-lorica-cordoba-por-fallos-irregulares-de-tutelas\/#article\",\"isPartOf\":{\"@id\":\"https:\/\/www.fiscalia.gov.co\/colombia\/lucha-contra-corrupcion\/condena-de-12-anos-de-prision-y-orden-de-captura-para-exjuez-de-lorica-cordoba-por-fallos-irregulares-de-tutelas\/\"},\"author\":{\"name\":\"Ana Mar\u00eda Gomez\",\"@id\":\"https:\/\/www.fiscalia.gov.co\/colombia\/#\/schema\/person\/06aa2210fe4d79203f428ff671dee360\"},\"headline\":\"Condena de 12 a\u00f1os de prisi\u00f3n y orden de captura para exjuez de Lorica (C\u00f3rdoba) por fallos irregulares de tutelas\",\"datePublished\":\"2021-02-24T13:05:44+00:00\",\"dateModified\":\"2021-03-01T17:40:41+00:00\",\"mainEntityOfPage\":{\"@id\":\"https:\/\/www.fiscalia.gov.co\/colombia\/lucha-contra-corrupcion\/condena-de-12-anos-de-prision-y-orden-de-captura-para-exjuez-de-lorica-cordoba-por-fallos-irregulares-de-tutelas\/\"},\"wordCount\":290,\"publisher\":{\"@id\":\"https:\/\/www.fiscalia.gov.co\/colombia\/#organization\"},\"keywords\":[\"Condena\",\"Corrupci\u00f3n\",\"Delito contra la Administraci\u00f3n de Justicia.\",\"Direcci\u00f3n Especializada contra la Corrupci\u00f3n.\"],\"articleSection\":[\"Corrupci\u00f3n\"],\"inLanguage\":\"es-CO\"},{\"@type\":\"WebPage\",\"@id\":\"https:\/\/www.fiscalia.gov.co\/colombia\/lucha-contra-corrupcion\/condena-de-12-anos-de-prision-y-orden-de-captura-para-exjuez-de-lorica-cordoba-por-fallos-irregulares-de-tutelas\/\",\"url\":\"https:\/\/www.fiscalia.gov.co\/colombia\/lucha-contra-corrupcion\/condena-de-12-anos-de-prision-y-orden-de-captura-para-exjuez-de-lorica-cordoba-por-fallos-irregulares-de-tutelas\/\",\"name\":\"Fiscal\u00eda General de la Naci\u00f3n\",\"isPartOf\":{\"@id\":\"https:\/\/www.fiscalia.gov.co\/colombia\/#website\"},\"datePublished\":\"2021-02-24T13:05:44+00:00\",\"dateModified\":\"2021-03-01T17:40:41+00:00\",\"description\":\"P\u00e1gina oficial de la Fiscal\u00eda General de la Naci\u00f3n \u2013 Colombia. Garantizamos el acceso efectivo a la justicia, la verdad y la reparaci\u00f3n de las v\u00edctimas de los delitos.\",\"breadcrumb\":{\"@id\":\"https:\/\/www.fiscalia.gov.co\/colombia\/lucha-contra-corrupcion\/condena-de-12-anos-de-prision-y-orden-de-captura-para-exjuez-de-lorica-cordoba-por-fallos-irregulares-de-tutelas\/#breadcrumb\"},\"inLanguage\":\"es-CO\",\"potentialAction\":[{\"@type\":\"ReadAction\",\"target\":[\"https:\/\/www.fiscalia.gov.co\/colombia\/lucha-contra-corrupcion\/condena-de-12-anos-de-prision-y-orden-de-captura-para-exjuez-de-lorica-cordoba-por-fallos-irregulares-de-tutelas\/\"]}]},{\"@type\":\"BreadcrumbList\",\"@id\":\"https:\/\/www.fiscalia.gov.co\/colombia\/lucha-contra-corrupcion\/condena-de-12-anos-de-prision-y-orden-de-captura-para-exjuez-de-lorica-cordoba-por-fallos-irregulares-de-tutelas\/#breadcrumb\",\"itemListElement\":[{\"@type\":\"ListItem\",\"position\":1,\"name\":\"Home\",\"item\":\"https:\/\/www.fiscalia.gov.co\/colombia\/\"},{\"@type\":\"ListItem\",\"position\":2,\"name\":\"Condena de 12 a\u00f1os de prisi\u00f3n y orden de captura para exjuez de Lorica (C\u00f3rdoba) por fallos irregulares de tutelas\"}]},{\"@type\":\"WebSite\",\"@id\":\"https:\/\/www.fiscalia.gov.co\/colombia\/#website\",\"url\":\"https:\/\/www.fiscalia.gov.co\/colombia\/\",\"name\":\"Fiscal\u00eda General de la Naci\u00f3n\",\"description\":\"P\u00e1gina oficial de la Fiscal\u00eda General de la Naci\u00f3n \u2013 Colombia. Garantizamos el acceso efectivo a la justicia, la verdad y la reparaci\u00f3n de las v\u00edctimas de los delitos.\",\"publisher\":{\"@id\":\"https:\/\/www.fiscalia.gov.co\/colombia\/#organization\"},\"potentialAction\":[{\"@type\":\"SearchAction\",\"target\":{\"@type\":\"EntryPoint\",\"urlTemplate\":\"https:\/\/www.fiscalia.gov.co\/colombia\/?s={search_term_string}\"},\"query-input\":{\"@type\":\"PropertyValueSpecification\",\"valueRequired\":true,\"valueName\":\"search_term_string\"}}],\"inLanguage\":\"es-CO\"},{\"@type\":\"Organization\",\"@id\":\"https:\/\/www.fiscalia.gov.co\/colombia\/#organization\",\"name\":\"Fiscal\u00eda General de la Naci\u00f3n\",\"url\":\"https:\/\/www.fiscalia.gov.co\/colombia\/\",\"logo\":{\"@type\":\"ImageObject\",\"inLanguage\":\"es-CO\",\"@id\":\"https:\/\/www.fiscalia.gov.co\/colombia\/#\/schema\/logo\/image\/\",\"url\":\"https:\/\/www.fiscalia.gov.co\/colombia\/wp-content\/uploads\/LogoHorizontal_1.jpg\",\"contentUrl\":\"https:\/\/www.fiscalia.gov.co\/colombia\/wp-content\/uploads\/LogoHorizontal_1.jpg\",\"width\":300,\"height\":90,\"caption\":\"Fiscal\u00eda General de la Naci\u00f3n\"},\"image\":{\"@id\":\"https:\/\/www.fiscalia.gov.co\/colombia\/#\/schema\/logo\/image\/\"},\"sameAs\":[\"https:\/\/www.facebook.com\/FiscaliaCol\",\"https:\/\/x.com\/FiscaliaCol\",\"https:\/\/www.instagram.com\/fiscaliacol\",\"https:\/\/www.linkedin.com\/company\/fiscalia-general-de-la-naci-n\/\",\"https:\/\/youtube.com\/@fiscaliageneraldelanacion-4668?si=6nN79nyQICPU5iTh\"]},{\"@type\":\"Person\",\"@id\":\"https:\/\/www.fiscalia.gov.co\/colombia\/#\/schema\/person\/06aa2210fe4d79203f428ff671dee360\",\"name\":\"Ana Mar\u00eda Gomez\",\"image\":{\"@type\":\"ImageObject\",\"inLanguage\":\"es-CO\",\"@id\":\"https:\/\/www.fiscalia.gov.co\/colombia\/#\/schema\/person\/image\/\",\"url\":\"https:\/\/secure.gravatar.com\/avatar\/a38115d98a7f8a96cbb96af2b2c37a0b?s=96&d=mm&r=g\",\"contentUrl\":\"https:\/\/secure.gravatar.com\/avatar\/a38115d98a7f8a96cbb96af2b2c37a0b?s=96&d=mm&r=g\",\"caption\":\"Ana Mar\u00eda Gomez\"},\"url\":\"https:\/\/www.fiscalia.gov.co\/colombia\/author\/agomez\/\"}]}<\/script>\n<!-- \/ Yoast SEO plugin. -->","yoast_head_json":{"title":"Fiscal\u00eda General de la Naci\u00f3n","description":"P\u00e1gina oficial de la Fiscal\u00eda General de la Naci\u00f3n \u2013 Colombia. Garantizamos el acceso efectivo a la justicia, la verdad y la reparaci\u00f3n de las v\u00edctimas de los delitos.","robots":{"index":"noindex","follow":"follow"},"og_locale":"es_ES","og_type":"article","og_title":"Fiscal\u00eda General de la Naci\u00f3n","og_description":"P\u00e1gina oficial de la Fiscal\u00eda General de la Naci\u00f3n \u2013 Colombia. Garantizamos el acceso efectivo a la justicia, la verdad y la reparaci\u00f3n de las v\u00edctimas de los delitos.","og_url":"https:\/\/www.fiscalia.gov.co\/colombia\/lucha-contra-corrupcion\/condena-de-12-anos-de-prision-y-orden-de-captura-para-exjuez-de-lorica-cordoba-por-fallos-irregulares-de-tutelas\/","og_site_name":"Fiscal\u00eda General de la Naci\u00f3n","article_publisher":"https:\/\/www.facebook.com\/FiscaliaCol","article_published_time":"2021-02-24T13:05:44+00:00","article_modified_time":"2021-03-01T17:40:41+00:00","author":"Ana Mar\u00eda Gomez","twitter_card":"summary_large_image","twitter_creator":"@FiscaliaCol","twitter_site":"@FiscaliaCol","twitter_misc":{"Escrito por":"Ana Mar\u00eda Gomez","Tiempo de lectura":"1 minuto"},"schema":{"@context":"https:\/\/schema.org","@graph":[{"@type":"Article","@id":"https:\/\/www.fiscalia.gov.co\/colombia\/lucha-contra-corrupcion\/condena-de-12-anos-de-prision-y-orden-de-captura-para-exjuez-de-lorica-cordoba-por-fallos-irregulares-de-tutelas\/#article","isPartOf":{"@id":"https:\/\/www.fiscalia.gov.co\/colombia\/lucha-contra-corrupcion\/condena-de-12-anos-de-prision-y-orden-de-captura-para-exjuez-de-lorica-cordoba-por-fallos-irregulares-de-tutelas\/"},"author":{"name":"Ana Mar\u00eda Gomez","@id":"https:\/\/www.fiscalia.gov.co\/colombia\/#\/schema\/person\/06aa2210fe4d79203f428ff671dee360"},"headline":"Condena de 12 a\u00f1os de prisi\u00f3n y orden de captura para exjuez de Lorica (C\u00f3rdoba) por fallos irregulares de tutelas","datePublished":"2021-02-24T13:05:44+00:00","dateModified":"2021-03-01T17:40:41+00:00","mainEntityOfPage":{"@id":"https:\/\/www.fiscalia.gov.co\/colombia\/lucha-contra-corrupcion\/condena-de-12-anos-de-prision-y-orden-de-captura-para-exjuez-de-lorica-cordoba-por-fallos-irregulares-de-tutelas\/"},"wordCount":290,"publisher":{"@id":"https:\/\/www.fiscalia.gov.co\/colombia\/#organization"},"keywords":["Condena","Corrupci\u00f3n","Delito contra la Administraci\u00f3n de Justicia.","Direcci\u00f3n Especializada contra la Corrupci\u00f3n."],"articleSection":["Corrupci\u00f3n"],"inLanguage":"es-CO"},{"@type":"WebPage","@id":"https:\/\/www.fiscalia.gov.co\/colombia\/lucha-contra-corrupcion\/condena-de-12-anos-de-prision-y-orden-de-captura-para-exjuez-de-lorica-cordoba-por-fallos-irregulares-de-tutelas\/","url":"https:\/\/www.fiscalia.gov.co\/colombia\/lucha-contra-corrupcion\/condena-de-12-anos-de-prision-y-orden-de-captura-para-exjuez-de-lorica-cordoba-por-fallos-irregulares-de-tutelas\/","name":"Fiscal\u00eda General de la Naci\u00f3n","isPartOf":{"@id":"https:\/\/www.fiscalia.gov.co\/colombia\/#website"},"datePublished":"2021-02-24T13:05:44+00:00","dateModified":"2021-03-01T17:40:41+00:00","description":"P\u00e1gina oficial de la Fiscal\u00eda General de la Naci\u00f3n \u2013 Colombia. Garantizamos el acceso efectivo a la justicia, la verdad y la reparaci\u00f3n de las v\u00edctimas de los delitos.","breadcrumb":{"@id":"https:\/\/www.fiscalia.gov.co\/colombia\/lucha-contra-corrupcion\/condena-de-12-anos-de-prision-y-orden-de-captura-para-exjuez-de-lorica-cordoba-por-fallos-irregulares-de-tutelas\/#breadcrumb"},"inLanguage":"es-CO","potentialAction":[{"@type":"ReadAction","target":["https:\/\/www.fiscalia.gov.co\/colombia\/lucha-contra-corrupcion\/condena-de-12-anos-de-prision-y-orden-de-captura-para-exjuez-de-lorica-cordoba-por-fallos-irregulares-de-tutelas\/"]}]},{"@type":"BreadcrumbList","@id":"https:\/\/www.fiscalia.gov.co\/colombia\/lucha-contra-corrupcion\/condena-de-12-anos-de-prision-y-orden-de-captura-para-exjuez-de-lorica-cordoba-por-fallos-irregulares-de-tutelas\/#breadcrumb","itemListElement":[{"@type":"ListItem","position":1,"name":"Home","item":"https:\/\/www.fiscalia.gov.co\/colombia\/"},{"@type":"ListItem","position":2,"name":"Condena de 12 a\u00f1os de prisi\u00f3n y orden de captura para exjuez de Lorica (C\u00f3rdoba) por fallos irregulares de tutelas"}]},{"@type":"WebSite","@id":"https:\/\/www.fiscalia.gov.co\/colombia\/#website","url":"https:\/\/www.fiscalia.gov.co\/colombia\/","name":"Fiscal\u00eda General de la Naci\u00f3n","description":"P\u00e1gina oficial de la Fiscal\u00eda General de la Naci\u00f3n \u2013 Colombia. Garantizamos el acceso efectivo a la justicia, la verdad y la reparaci\u00f3n de las v\u00edctimas de los delitos.","publisher":{"@id":"https:\/\/www.fiscalia.gov.co\/colombia\/#organization"},"potentialAction":[{"@type":"SearchAction","target":{"@type":"EntryPoint","urlTemplate":"https:\/\/www.fiscalia.gov.co\/colombia\/?s={search_term_string}"},"query-input":{"@type":"PropertyValueSpecification","valueRequired":true,"valueName":"search_term_string"}}],"inLanguage":"es-CO"},{"@type":"Organization","@id":"https:\/\/www.fiscalia.gov.co\/colombia\/#organization","name":"Fiscal\u00eda General de la Naci\u00f3n","url":"https:\/\/www.fiscalia.gov.co\/colombia\/","logo":{"@type":"ImageObject","inLanguage":"es-CO","@id":"https:\/\/www.fiscalia.gov.co\/colombia\/#\/schema\/logo\/image\/","url":"https:\/\/www.fiscalia.gov.co\/colombia\/wp-content\/uploads\/LogoHorizontal_1.jpg","contentUrl":"https:\/\/www.fiscalia.gov.co\/colombia\/wp-content\/uploads\/LogoHorizontal_1.jpg","width":300,"height":90,"caption":"Fiscal\u00eda General de la Naci\u00f3n"},"image":{"@id":"https:\/\/www.fiscalia.gov.co\/colombia\/#\/schema\/logo\/image\/"},"sameAs":["https:\/\/www.facebook.com\/FiscaliaCol","https:\/\/x.com\/FiscaliaCol","https:\/\/www.instagram.com\/fiscaliacol","https:\/\/www.linkedin.com\/company\/fiscalia-general-de-la-naci-n\/","https:\/\/youtube.com\/@fiscaliageneraldelanacion-4668?si=6nN79nyQICPU5iTh"]},{"@type":"Person","@id":"https:\/\/www.fiscalia.gov.co\/colombia\/#\/schema\/person\/06aa2210fe4d79203f428ff671dee360","name":"Ana Mar\u00eda Gomez","image":{"@type":"ImageObject","inLanguage":"es-CO","@id":"https:\/\/www.fiscalia.gov.co\/colombia\/#\/schema\/person\/image\/","url":"https:\/\/secure.gravatar.com\/avatar\/a38115d98a7f8a96cbb96af2b2c37a0b?s=96&d=mm&r=g","contentUrl":"https:\/\/secure.gravatar.com\/avatar\/a38115d98a7f8a96cbb96af2b2c37a0b?s=96&d=mm&r=g","caption":"Ana Mar\u00eda Gomez"},"url":"https:\/\/www.fiscalia.gov.co\/colombia\/author\/agomez\/"}]}},"_links":{"self":[{"href":"https:\/\/www.fiscalia.gov.co\/colombia\/wp-json\/wp\/v2\/posts\/214198","targetHints":{"allow":["GET"]}}],"collection":[{"href":"https:\/\/www.fiscalia.gov.co\/colombia\/wp-json\/wp\/v2\/posts"}],"about":[{"href":"https:\/\/www.fiscalia.gov.co\/colombia\/wp-json\/wp\/v2\/types\/post"}],"author":[{"embeddable":true,"href":"https:\/\/www.fiscalia.gov.co\/colombia\/wp-json\/wp\/v2\/users\/171"}],"replies":[{"embeddable":true,"href":"https:\/\/www.fiscalia.gov.co\/colombia\/wp-json\/wp\/v2\/comments?post=214198"}],"version-history":[{"count":1,"href":"https:\/\/www.fiscalia.gov.co\/colombia\/wp-json\/wp\/v2\/posts\/214198\/revisions"}],"predecessor-version":[{"id":214199,"href":"https:\/\/www.fiscalia.gov.co\/colombia\/wp-json\/wp\/v2\/posts\/214198\/revisions\/214199"}],"wp:attachment":[{"href":"https:\/\/www.fiscalia.gov.co\/colombia\/wp-json\/wp\/v2\/media?parent=214198"}],"wp:term":[{"taxonomy":"category","embeddable":true,"href":"https:\/\/www.fiscalia.gov.co\/colombia\/wp-json\/wp\/v2\/categories?post=214198"},{"taxonomy":"post_tag","embeddable":true,"href":"https:\/\/www.fiscalia.gov.co\/colombia\/wp-json\/wp\/v2\/tags?post=214198"}],"curies":[{"name":"wp","href":"https:\/\/api.w.org\/{rel}","templated":true}]}}