{"id":213916,"date":"2021-02-20T14:19:57","date_gmt":"2021-02-20T19:19:57","guid":{"rendered":"https:\/\/www.fiscalia.gov.co\/colombia\/?p=213916"},"modified":"2021-02-25T19:54:19","modified_gmt":"2021-02-26T00:54:19","slug":"carcel-para-un-presunto-integrante-del-eln-que-habria-participado-en-emboscada-que-dejo-dos-policias-muertos-en-narino","status":"publish","type":"post","link":"https:\/\/www.fiscalia.gov.co\/colombia\/seccionales\/seccional-pasto\/carcel-para-un-presunto-integrante-del-eln-que-habria-participado-en-emboscada-que-dejo-dos-policias-muertos-en-narino\/","title":{"rendered":"C\u00e1rcel para un presunto integrante del ELN que habr\u00eda participado en emboscada que dej\u00f3 dos polic\u00edas muertos en Nari\u00f1o"},"content":{"rendered":"<p>\u00d3mar Robinson Vallejo Espa\u00f1a, se\u00f1alado integrante de la <strong>compa\u00f1\u00eda Jos\u00e9 Luis Cabrera Ruales del <a href=\"https:\/\/www.fiscalia.gov.co\/colombia\/trafico-de-estupefacientes\/destruido-laboratorio-para-el-procesamiento-de-cocaina-del-eln-en-narino\/\">ELN<\/a><\/strong>, fue privado de la libertad en centro carcelario por solicitud de la Fiscal\u00eda General de la Naci\u00f3n.<\/p>\n<figure id=\"attachment_213917\" aria-describedby=\"caption-attachment-213917\" style=\"width: 1280px\" class=\"wp-caption aligncenter\"><img loading=\"lazy\" decoding=\"async\" class=\"wp-image-213917 size-full\" src=\"https:\/\/www.fiscalia.gov.co\/colombia\/wp-content\/uploads\/Omar-Robinson-Vallejo-Espa\u00f1a-presunto-miembro-del-ELN-capturado-luego-de-la-muerte-de-dos-polic\u00edas-durante-una-emboscada.jpeg\" alt=\"\" width=\"1280\" height=\"960\" srcset=\"https:\/\/www.fiscalia.gov.co\/colombia\/wp-content\/uploads\/Omar-Robinson-Vallejo-Espa\u00f1a-presunto-miembro-del-ELN-capturado-luego-de-la-muerte-de-dos-polic\u00edas-durante-una-emboscada.jpeg 1280w, https:\/\/www.fiscalia.gov.co\/colombia\/wp-content\/uploads\/Omar-Robinson-Vallejo-Espa\u00f1a-presunto-miembro-del-ELN-capturado-luego-de-la-muerte-de-dos-polic\u00edas-durante-una-emboscada-300x225.jpeg 300w, https:\/\/www.fiscalia.gov.co\/colombia\/wp-content\/uploads\/Omar-Robinson-Vallejo-Espa\u00f1a-presunto-miembro-del-ELN-capturado-luego-de-la-muerte-de-dos-polic\u00edas-durante-una-emboscada-1024x768.jpeg 1024w, https:\/\/www.fiscalia.gov.co\/colombia\/wp-content\/uploads\/Omar-Robinson-Vallejo-Espa\u00f1a-presunto-miembro-del-ELN-capturado-luego-de-la-muerte-de-dos-polic\u00edas-durante-una-emboscada-768x576.jpeg 768w, https:\/\/www.fiscalia.gov.co\/colombia\/wp-content\/uploads\/Omar-Robinson-Vallejo-Espa\u00f1a-presunto-miembro-del-ELN-capturado-luego-de-la-muerte-de-dos-polic\u00edas-durante-una-emboscada-696x522.jpeg 696w, https:\/\/www.fiscalia.gov.co\/colombia\/wp-content\/uploads\/Omar-Robinson-Vallejo-Espa\u00f1a-presunto-miembro-del-ELN-capturado-luego-de-la-muerte-de-dos-polic\u00edas-durante-una-emboscada-1068x801.jpeg 1068w, https:\/\/www.fiscalia.gov.co\/colombia\/wp-content\/uploads\/Omar-Robinson-Vallejo-Espa\u00f1a-presunto-miembro-del-ELN-capturado-luego-de-la-muerte-de-dos-polic\u00edas-durante-una-emboscada-560x420.jpeg 560w, https:\/\/www.fiscalia.gov.co\/colombia\/wp-content\/uploads\/Omar-Robinson-Vallejo-Espa\u00f1a-presunto-miembro-del-ELN-capturado-luego-de-la-muerte-de-dos-polic\u00edas-durante-una-emboscada-80x60.jpeg 80w, https:\/\/www.fiscalia.gov.co\/colombia\/wp-content\/uploads\/Omar-Robinson-Vallejo-Espa\u00f1a-presunto-miembro-del-ELN-capturado-luego-de-la-muerte-de-dos-polic\u00edas-durante-una-emboscada-265x198.jpeg 265w\" sizes=\"auto, (max-width: 1280px) 100vw, 1280px\" \/><figcaption id=\"caption-attachment-213917\" class=\"wp-caption-text\">\u00d3mar Robinson Vallejo Espa\u00f1a fue capturado luego de su presunta participaci\u00f3n en una emboscada a la fuerza p\u00fablica.<\/figcaption><\/figure>\n<p>Esta persona fue capturada el pasado 17 de febrero por la Polic\u00eda Nacional en la vereda La Boyera de Cumbal (Nari\u00f1o), luego de que presuntamente participara en el ataque a una patrulla que realizaba labores de vigilancia y control en la vereda Nazate del corregimiento Chiles, en el municipio mencionado.<\/p>\n<p>En la acci\u00f3n criminal fueron asesinados <strong>el patrullero Justino Alex\u00e1nder D\u00e1vila y el subintendente Jonathan Bastidas Villaci.\u00a0<\/strong><\/p>\n<p>Luego del hostigamiento, Vallejo Espa\u00f1a y otros dos hombres que lo acompa\u00f1aban habr\u00edan robado un veh\u00edculo que estaba en la zona para intentar escapar. En la huida fueron interceptados por unidades de la Polic\u00eda Nacional, a las que enfrentaron. Los presuntos c\u00f3mplices murieron en el intercambio de disparos.<\/p>\n<p>En la inspecci\u00f3n al automotor los uniformados encontraron 6 pistolas 9 mil\u00edmetros con proveedores, 60 cartuchos del mismo calibre, un fusil 5.56 y tres proveedores para el mismo, 68 cartuchos 5.56, 2 granadas de fragmentaci\u00f3n y 2 tel\u00e9fonos celulares.<\/p>\n<p>Por estos hechos, la Fiscal\u00eda present\u00f3 al detenido ante el juez promiscuo municipal con funciones de control de garant\u00edas de Cumbal (Nari\u00f1o) y le imput\u00f3 los delitos de homicidio agravado; fabricaci\u00f3n, tr\u00e1fico, y porte de armas de uso. Los cargos no fueron aceptados. Contra el procesado pesaba una orden de captura por el delito de rebeli\u00f3n.<\/p>\n<p>La judicializaci\u00f3n de esta persona responde a la estrategia para combatir la criminalidad en los territorios, definida como una prioridad en el Direccionamiento Estrat\u00e9gico del Fiscal General de la Naci\u00f3n, Francisco Barbosa Delgado.<\/p>\n<p>Esta informaci\u00f3n se publica por razones de inter\u00e9s general.<\/p>\n<p>La Fiscal\u00eda General de la Naci\u00f3n habla con resultados.<\/p>\n<p>JGPV\/JPC\/DLBM\/JARG<\/p>\n<div class=\"td-post-content tagdiv-type\">\n<div class=\"td-post-content tagdiv-type\">\n<div class=\"td-post-content tagdiv-type\">\n<p><em><span lang=\"ES\">La informaci\u00f3n contenida en este bolet\u00edn de prensa corresponde a la narraci\u00f3n de los hechos noticiosos objetivos, suministrados por los funcionarios encargados de adelantar las investigaciones penales al interior de la Fiscal\u00eda General de la Naci\u00f3n. Para el momento de la divulgaci\u00f3n de este comunicado, la situaci\u00f3n jur\u00eddica de la(s) persona(s) relacionada(s) se encuentra pendiente de resolver por la autoridad judicial competente, siempre bajo los preceptos de la presunci\u00f3n de inocencia, consagrados en el art\u00edculo 29 de la Constituci\u00f3n Pol\u00edtica y el art\u00edculo 7\u00ba de la Ley 906 de 2004.<\/span><\/em><\/p>\n<\/div>\n<\/div>\n<\/div>\n<p>Le puede interesar: <a href=\"https:\/\/www.fiscalia.gov.co\/colombia\/crimen-organizado\/carcel-para-tres-presuntos-integrantes-del-eln-senalados-de-participar-en-extorsiones-y-ataques-a-la-fuerza-publica-en-arauca\/\">C\u00e1rcel para tres presuntos integrantes del ELN se\u00f1alados de participar en extorsiones y ataques a la fuerza p\u00fablica en Arauca\u00a0<\/a><\/p>\n\n<div class=\"twitter-share\"><a href=\"https:\/\/twitter.com\/intent\/tweet?via=fiscaliacol\" class=\"twitter-share-button\">Tweet<\/a><\/div>\n","protected":false},"excerpt":{"rendered":"<p>\u00d3mar Robinson Vallejo Espa\u00f1a, se\u00f1alado integrante de la compa\u00f1\u00eda Jos\u00e9 Luis Cabrera Ruales del ELN, fue privado de la libertad en centro carcelario por solicitud de la Fiscal\u00eda General de la Naci\u00f3n. Esta persona fue capturada el pasado 17 de febrero por la Polic\u00eda Nacional en la vereda La Boyera de Cumbal (Nari\u00f1o), luego de [&hellip;]<\/p>\n","protected":false},"author":175,"featured_media":0,"comment_status":"closed","ping_status":"open","sticky":false,"template":"","format":"video","meta":{"_price":"","_stock":"","_tribe_ticket_header":"","_tribe_default_ticket_provider":"","_tribe_ticket_capacity":"0","_ticket_start_date":"","_ticket_end_date":"","_tribe_ticket_show_description":"","_tribe_ticket_show_not_going":false,"_tribe_ticket_use_global_stock":"","_tribe_ticket_global_stock_level":"","_global_stock_mode":"","_global_stock_cap":"","_tribe_rsvp_for_event":"","_tribe_ticket_going_count":"","_tribe_ticket_not_going_count":"","_tribe_tickets_list":"[]","_tribe_ticket_has_attendee_info_fields":false,"tdm_status":"","tdm_grid_status":"","footnotes":""},"categories":[24098,334],"tags":[25931,762,13568,24526,24481,1047,558],"class_list":{"0":"post-213916","1":"post","2":"type-post","3":"status-publish","4":"format-video","6":"category-crimen-organizado","7":"category-seccional-pasto","8":"tag-ejercito-de-liberacion-nacional","9":"tag-eln","10":"tag-emboscada","11":"tag-fiscal-general-francisco-barbosa-delgado","12":"tag-fiscalia-de-colombia","13":"tag-fiscalia-general-de-la-nacion","14":"tag-policia-nacional","15":"post_format-post-format-video"},"yoast_head":"<!-- This site is optimized with the Yoast SEO plugin v24.3 - https:\/\/yoast.com\/wordpress\/plugins\/seo\/ -->\n<title>Fiscal\u00eda General de la Naci\u00f3n<\/title>\n<meta name=\"description\" content=\"P\u00e1gina oficial de la Fiscal\u00eda General de la Naci\u00f3n \u2013 Colombia. Garantizamos el acceso efectivo a la justicia, la verdad y la reparaci\u00f3n de las v\u00edctimas de los delitos.\" \/>\n<meta name=\"robots\" content=\"noindex, follow\" \/>\n<meta property=\"og:locale\" content=\"es_ES\" \/>\n<meta property=\"og:type\" content=\"article\" \/>\n<meta property=\"og:title\" content=\"Fiscal\u00eda General de la Naci\u00f3n\" \/>\n<meta property=\"og:description\" content=\"P\u00e1gina oficial de la Fiscal\u00eda General de la Naci\u00f3n \u2013 Colombia. Garantizamos el acceso efectivo a la justicia, la verdad y la reparaci\u00f3n de las v\u00edctimas de los delitos.\" \/>\n<meta property=\"og:url\" content=\"https:\/\/www.fiscalia.gov.co\/colombia\/seccionales\/seccional-pasto\/carcel-para-un-presunto-integrante-del-eln-que-habria-participado-en-emboscada-que-dejo-dos-policias-muertos-en-narino\/\" \/>\n<meta property=\"og:site_name\" content=\"Fiscal\u00eda General de la Naci\u00f3n\" \/>\n<meta property=\"article:publisher\" content=\"https:\/\/www.facebook.com\/FiscaliaCol\" \/>\n<meta property=\"article:published_time\" content=\"2021-02-20T19:19:57+00:00\" \/>\n<meta property=\"article:modified_time\" content=\"2021-02-26T00:54:19+00:00\" \/>\n<meta name=\"author\" content=\"Katherine Loaiza Mart\u00ednez\" \/>\n<meta name=\"twitter:card\" content=\"summary_large_image\" \/>\n<meta name=\"twitter:creator\" content=\"@FiscaliaCol\" \/>\n<meta name=\"twitter:site\" content=\"@FiscaliaCol\" \/>\n<meta name=\"twitter:label1\" content=\"Escrito por\" \/>\n\t<meta name=\"twitter:data1\" content=\"Katherine Loaiza Mart\u00ednez\" \/>\n\t<meta name=\"twitter:label2\" content=\"Tiempo de lectura\" \/>\n\t<meta name=\"twitter:data2\" content=\"2 minutos\" \/>\n<script type=\"application\/ld+json\" class=\"yoast-schema-graph\">{\"@context\":\"https:\/\/schema.org\",\"@graph\":[{\"@type\":\"Article\",\"@id\":\"https:\/\/www.fiscalia.gov.co\/colombia\/seccionales\/seccional-pasto\/carcel-para-un-presunto-integrante-del-eln-que-habria-participado-en-emboscada-que-dejo-dos-policias-muertos-en-narino\/#article\",\"isPartOf\":{\"@id\":\"https:\/\/www.fiscalia.gov.co\/colombia\/seccionales\/seccional-pasto\/carcel-para-un-presunto-integrante-del-eln-que-habria-participado-en-emboscada-que-dejo-dos-policias-muertos-en-narino\/\"},\"author\":{\"name\":\"Katherine Loaiza Mart\u00ednez\",\"@id\":\"https:\/\/www.fiscalia.gov.co\/colombia\/#\/schema\/person\/2e76b9aba5ecf875ed565ce4de0e0415\"},\"headline\":\"C\u00e1rcel para un presunto integrante del ELN que habr\u00eda participado en emboscada que dej\u00f3 dos polic\u00edas muertos en Nari\u00f1o\",\"datePublished\":\"2021-02-20T19:19:57+00:00\",\"dateModified\":\"2021-02-26T00:54:19+00:00\",\"mainEntityOfPage\":{\"@id\":\"https:\/\/www.fiscalia.gov.co\/colombia\/seccionales\/seccional-pasto\/carcel-para-un-presunto-integrante-del-eln-que-habria-participado-en-emboscada-que-dejo-dos-policias-muertos-en-narino\/\"},\"wordCount\":500,\"publisher\":{\"@id\":\"https:\/\/www.fiscalia.gov.co\/colombia\/#organization\"},\"keywords\":[\"Ej\u00e9rcito de Liberaci\u00f3n Nacional\",\"Eln\",\"Emboscada\",\"Fiscal General Francisco Barbosa Delgado\",\"Fiscal\u00eda de Colombia\",\"Fiscal\u00eda General de la Naci\u00f3n\",\"Polic\u00eda Nacional\"],\"articleSection\":[\"Crimen organizado\",\"Seccional Pasto\"],\"inLanguage\":\"es-CO\"},{\"@type\":\"WebPage\",\"@id\":\"https:\/\/www.fiscalia.gov.co\/colombia\/seccionales\/seccional-pasto\/carcel-para-un-presunto-integrante-del-eln-que-habria-participado-en-emboscada-que-dejo-dos-policias-muertos-en-narino\/\",\"url\":\"https:\/\/www.fiscalia.gov.co\/colombia\/seccionales\/seccional-pasto\/carcel-para-un-presunto-integrante-del-eln-que-habria-participado-en-emboscada-que-dejo-dos-policias-muertos-en-narino\/\",\"name\":\"Fiscal\u00eda General de la Naci\u00f3n\",\"isPartOf\":{\"@id\":\"https:\/\/www.fiscalia.gov.co\/colombia\/#website\"},\"datePublished\":\"2021-02-20T19:19:57+00:00\",\"dateModified\":\"2021-02-26T00:54:19+00:00\",\"description\":\"P\u00e1gina oficial de la Fiscal\u00eda General de la Naci\u00f3n \u2013 Colombia. Garantizamos el acceso efectivo a la justicia, la verdad y la reparaci\u00f3n de las v\u00edctimas de los delitos.\",\"breadcrumb\":{\"@id\":\"https:\/\/www.fiscalia.gov.co\/colombia\/seccionales\/seccional-pasto\/carcel-para-un-presunto-integrante-del-eln-que-habria-participado-en-emboscada-que-dejo-dos-policias-muertos-en-narino\/#breadcrumb\"},\"inLanguage\":\"es-CO\",\"potentialAction\":[{\"@type\":\"ReadAction\",\"target\":[\"https:\/\/www.fiscalia.gov.co\/colombia\/seccionales\/seccional-pasto\/carcel-para-un-presunto-integrante-del-eln-que-habria-participado-en-emboscada-que-dejo-dos-policias-muertos-en-narino\/\"]}]},{\"@type\":\"BreadcrumbList\",\"@id\":\"https:\/\/www.fiscalia.gov.co\/colombia\/seccionales\/seccional-pasto\/carcel-para-un-presunto-integrante-del-eln-que-habria-participado-en-emboscada-que-dejo-dos-policias-muertos-en-narino\/#breadcrumb\",\"itemListElement\":[{\"@type\":\"ListItem\",\"position\":1,\"name\":\"Home\",\"item\":\"https:\/\/www.fiscalia.gov.co\/colombia\/\"},{\"@type\":\"ListItem\",\"position\":2,\"name\":\"C\u00e1rcel para un presunto integrante del ELN que habr\u00eda participado en emboscada que dej\u00f3 dos polic\u00edas muertos en Nari\u00f1o\"}]},{\"@type\":\"WebSite\",\"@id\":\"https:\/\/www.fiscalia.gov.co\/colombia\/#website\",\"url\":\"https:\/\/www.fiscalia.gov.co\/colombia\/\",\"name\":\"Fiscal\u00eda General de la Naci\u00f3n\",\"description\":\"P\u00e1gina oficial de la Fiscal\u00eda General de la Naci\u00f3n \u2013 Colombia. Garantizamos el acceso efectivo a la justicia, la verdad y la reparaci\u00f3n de las v\u00edctimas de los delitos.\",\"publisher\":{\"@id\":\"https:\/\/www.fiscalia.gov.co\/colombia\/#organization\"},\"potentialAction\":[{\"@type\":\"SearchAction\",\"target\":{\"@type\":\"EntryPoint\",\"urlTemplate\":\"https:\/\/www.fiscalia.gov.co\/colombia\/?s={search_term_string}\"},\"query-input\":{\"@type\":\"PropertyValueSpecification\",\"valueRequired\":true,\"valueName\":\"search_term_string\"}}],\"inLanguage\":\"es-CO\"},{\"@type\":\"Organization\",\"@id\":\"https:\/\/www.fiscalia.gov.co\/colombia\/#organization\",\"name\":\"Fiscal\u00eda General de la Naci\u00f3n\",\"url\":\"https:\/\/www.fiscalia.gov.co\/colombia\/\",\"logo\":{\"@type\":\"ImageObject\",\"inLanguage\":\"es-CO\",\"@id\":\"https:\/\/www.fiscalia.gov.co\/colombia\/#\/schema\/logo\/image\/\",\"url\":\"https:\/\/www.fiscalia.gov.co\/colombia\/wp-content\/uploads\/LogoHorizontal_1.jpg\",\"contentUrl\":\"https:\/\/www.fiscalia.gov.co\/colombia\/wp-content\/uploads\/LogoHorizontal_1.jpg\",\"width\":300,\"height\":90,\"caption\":\"Fiscal\u00eda General de la Naci\u00f3n\"},\"image\":{\"@id\":\"https:\/\/www.fiscalia.gov.co\/colombia\/#\/schema\/logo\/image\/\"},\"sameAs\":[\"https:\/\/www.facebook.com\/FiscaliaCol\",\"https:\/\/x.com\/FiscaliaCol\",\"https:\/\/www.instagram.com\/fiscaliacol\",\"https:\/\/www.linkedin.com\/company\/fiscalia-general-de-la-naci-n\/\",\"https:\/\/youtube.com\/@fiscaliageneraldelanacion-4668?si=6nN79nyQICPU5iTh\"]},{\"@type\":\"Person\",\"@id\":\"https:\/\/www.fiscalia.gov.co\/colombia\/#\/schema\/person\/2e76b9aba5ecf875ed565ce4de0e0415\",\"name\":\"Katherine Loaiza Mart\u00ednez\",\"image\":{\"@type\":\"ImageObject\",\"inLanguage\":\"es-CO\",\"@id\":\"https:\/\/www.fiscalia.gov.co\/colombia\/#\/schema\/person\/image\/\",\"url\":\"https:\/\/secure.gravatar.com\/avatar\/ab775a2f394c1b83b6d6f78680e57b50?s=96&d=mm&r=g\",\"contentUrl\":\"https:\/\/secure.gravatar.com\/avatar\/ab775a2f394c1b83b6d6f78680e57b50?s=96&d=mm&r=g\",\"caption\":\"Katherine Loaiza Mart\u00ednez\"},\"url\":\"https:\/\/www.fiscalia.gov.co\/colombia\/author\/kloaiza\/\"}]}<\/script>\n<!-- \/ Yoast SEO plugin. -->","yoast_head_json":{"title":"Fiscal\u00eda General de la Naci\u00f3n","description":"P\u00e1gina oficial de la Fiscal\u00eda General de la Naci\u00f3n \u2013 Colombia. Garantizamos el acceso efectivo a la justicia, la verdad y la reparaci\u00f3n de las v\u00edctimas de los delitos.","robots":{"index":"noindex","follow":"follow"},"og_locale":"es_ES","og_type":"article","og_title":"Fiscal\u00eda General de la Naci\u00f3n","og_description":"P\u00e1gina oficial de la Fiscal\u00eda General de la Naci\u00f3n \u2013 Colombia. Garantizamos el acceso efectivo a la justicia, la verdad y la reparaci\u00f3n de las v\u00edctimas de los delitos.","og_url":"https:\/\/www.fiscalia.gov.co\/colombia\/seccionales\/seccional-pasto\/carcel-para-un-presunto-integrante-del-eln-que-habria-participado-en-emboscada-que-dejo-dos-policias-muertos-en-narino\/","og_site_name":"Fiscal\u00eda General de la Naci\u00f3n","article_publisher":"https:\/\/www.facebook.com\/FiscaliaCol","article_published_time":"2021-02-20T19:19:57+00:00","article_modified_time":"2021-02-26T00:54:19+00:00","author":"Katherine Loaiza Mart\u00ednez","twitter_card":"summary_large_image","twitter_creator":"@FiscaliaCol","twitter_site":"@FiscaliaCol","twitter_misc":{"Escrito por":"Katherine Loaiza Mart\u00ednez","Tiempo de lectura":"2 minutos"},"schema":{"@context":"https:\/\/schema.org","@graph":[{"@type":"Article","@id":"https:\/\/www.fiscalia.gov.co\/colombia\/seccionales\/seccional-pasto\/carcel-para-un-presunto-integrante-del-eln-que-habria-participado-en-emboscada-que-dejo-dos-policias-muertos-en-narino\/#article","isPartOf":{"@id":"https:\/\/www.fiscalia.gov.co\/colombia\/seccionales\/seccional-pasto\/carcel-para-un-presunto-integrante-del-eln-que-habria-participado-en-emboscada-que-dejo-dos-policias-muertos-en-narino\/"},"author":{"name":"Katherine Loaiza Mart\u00ednez","@id":"https:\/\/www.fiscalia.gov.co\/colombia\/#\/schema\/person\/2e76b9aba5ecf875ed565ce4de0e0415"},"headline":"C\u00e1rcel para un presunto integrante del ELN que habr\u00eda participado en emboscada que dej\u00f3 dos polic\u00edas muertos en Nari\u00f1o","datePublished":"2021-02-20T19:19:57+00:00","dateModified":"2021-02-26T00:54:19+00:00","mainEntityOfPage":{"@id":"https:\/\/www.fiscalia.gov.co\/colombia\/seccionales\/seccional-pasto\/carcel-para-un-presunto-integrante-del-eln-que-habria-participado-en-emboscada-que-dejo-dos-policias-muertos-en-narino\/"},"wordCount":500,"publisher":{"@id":"https:\/\/www.fiscalia.gov.co\/colombia\/#organization"},"keywords":["Ej\u00e9rcito de Liberaci\u00f3n Nacional","Eln","Emboscada","Fiscal General Francisco Barbosa Delgado","Fiscal\u00eda de Colombia","Fiscal\u00eda General de la Naci\u00f3n","Polic\u00eda Nacional"],"articleSection":["Crimen organizado","Seccional Pasto"],"inLanguage":"es-CO"},{"@type":"WebPage","@id":"https:\/\/www.fiscalia.gov.co\/colombia\/seccionales\/seccional-pasto\/carcel-para-un-presunto-integrante-del-eln-que-habria-participado-en-emboscada-que-dejo-dos-policias-muertos-en-narino\/","url":"https:\/\/www.fiscalia.gov.co\/colombia\/seccionales\/seccional-pasto\/carcel-para-un-presunto-integrante-del-eln-que-habria-participado-en-emboscada-que-dejo-dos-policias-muertos-en-narino\/","name":"Fiscal\u00eda General de la Naci\u00f3n","isPartOf":{"@id":"https:\/\/www.fiscalia.gov.co\/colombia\/#website"},"datePublished":"2021-02-20T19:19:57+00:00","dateModified":"2021-02-26T00:54:19+00:00","description":"P\u00e1gina oficial de la Fiscal\u00eda General de la Naci\u00f3n \u2013 Colombia. Garantizamos el acceso efectivo a la justicia, la verdad y la reparaci\u00f3n de las v\u00edctimas de los delitos.","breadcrumb":{"@id":"https:\/\/www.fiscalia.gov.co\/colombia\/seccionales\/seccional-pasto\/carcel-para-un-presunto-integrante-del-eln-que-habria-participado-en-emboscada-que-dejo-dos-policias-muertos-en-narino\/#breadcrumb"},"inLanguage":"es-CO","potentialAction":[{"@type":"ReadAction","target":["https:\/\/www.fiscalia.gov.co\/colombia\/seccionales\/seccional-pasto\/carcel-para-un-presunto-integrante-del-eln-que-habria-participado-en-emboscada-que-dejo-dos-policias-muertos-en-narino\/"]}]},{"@type":"BreadcrumbList","@id":"https:\/\/www.fiscalia.gov.co\/colombia\/seccionales\/seccional-pasto\/carcel-para-un-presunto-integrante-del-eln-que-habria-participado-en-emboscada-que-dejo-dos-policias-muertos-en-narino\/#breadcrumb","itemListElement":[{"@type":"ListItem","position":1,"name":"Home","item":"https:\/\/www.fiscalia.gov.co\/colombia\/"},{"@type":"ListItem","position":2,"name":"C\u00e1rcel para un presunto integrante del ELN que habr\u00eda participado en emboscada que dej\u00f3 dos polic\u00edas muertos en Nari\u00f1o"}]},{"@type":"WebSite","@id":"https:\/\/www.fiscalia.gov.co\/colombia\/#website","url":"https:\/\/www.fiscalia.gov.co\/colombia\/","name":"Fiscal\u00eda General de la Naci\u00f3n","description":"P\u00e1gina oficial de la Fiscal\u00eda General de la Naci\u00f3n \u2013 Colombia. Garantizamos el acceso efectivo a la justicia, la verdad y la reparaci\u00f3n de las v\u00edctimas de los delitos.","publisher":{"@id":"https:\/\/www.fiscalia.gov.co\/colombia\/#organization"},"potentialAction":[{"@type":"SearchAction","target":{"@type":"EntryPoint","urlTemplate":"https:\/\/www.fiscalia.gov.co\/colombia\/?s={search_term_string}"},"query-input":{"@type":"PropertyValueSpecification","valueRequired":true,"valueName":"search_term_string"}}],"inLanguage":"es-CO"},{"@type":"Organization","@id":"https:\/\/www.fiscalia.gov.co\/colombia\/#organization","name":"Fiscal\u00eda General de la Naci\u00f3n","url":"https:\/\/www.fiscalia.gov.co\/colombia\/","logo":{"@type":"ImageObject","inLanguage":"es-CO","@id":"https:\/\/www.fiscalia.gov.co\/colombia\/#\/schema\/logo\/image\/","url":"https:\/\/www.fiscalia.gov.co\/colombia\/wp-content\/uploads\/LogoHorizontal_1.jpg","contentUrl":"https:\/\/www.fiscalia.gov.co\/colombia\/wp-content\/uploads\/LogoHorizontal_1.jpg","width":300,"height":90,"caption":"Fiscal\u00eda General de la Naci\u00f3n"},"image":{"@id":"https:\/\/www.fiscalia.gov.co\/colombia\/#\/schema\/logo\/image\/"},"sameAs":["https:\/\/www.facebook.com\/FiscaliaCol","https:\/\/x.com\/FiscaliaCol","https:\/\/www.instagram.com\/fiscaliacol","https:\/\/www.linkedin.com\/company\/fiscalia-general-de-la-naci-n\/","https:\/\/youtube.com\/@fiscaliageneraldelanacion-4668?si=6nN79nyQICPU5iTh"]},{"@type":"Person","@id":"https:\/\/www.fiscalia.gov.co\/colombia\/#\/schema\/person\/2e76b9aba5ecf875ed565ce4de0e0415","name":"Katherine Loaiza Mart\u00ednez","image":{"@type":"ImageObject","inLanguage":"es-CO","@id":"https:\/\/www.fiscalia.gov.co\/colombia\/#\/schema\/person\/image\/","url":"https:\/\/secure.gravatar.com\/avatar\/ab775a2f394c1b83b6d6f78680e57b50?s=96&d=mm&r=g","contentUrl":"https:\/\/secure.gravatar.com\/avatar\/ab775a2f394c1b83b6d6f78680e57b50?s=96&d=mm&r=g","caption":"Katherine Loaiza Mart\u00ednez"},"url":"https:\/\/www.fiscalia.gov.co\/colombia\/author\/kloaiza\/"}]}},"_links":{"self":[{"href":"https:\/\/www.fiscalia.gov.co\/colombia\/wp-json\/wp\/v2\/posts\/213916","targetHints":{"allow":["GET"]}}],"collection":[{"href":"https:\/\/www.fiscalia.gov.co\/colombia\/wp-json\/wp\/v2\/posts"}],"about":[{"href":"https:\/\/www.fiscalia.gov.co\/colombia\/wp-json\/wp\/v2\/types\/post"}],"author":[{"embeddable":true,"href":"https:\/\/www.fiscalia.gov.co\/colombia\/wp-json\/wp\/v2\/users\/175"}],"replies":[{"embeddable":true,"href":"https:\/\/www.fiscalia.gov.co\/colombia\/wp-json\/wp\/v2\/comments?post=213916"}],"version-history":[{"count":3,"href":"https:\/\/www.fiscalia.gov.co\/colombia\/wp-json\/wp\/v2\/posts\/213916\/revisions"}],"predecessor-version":[{"id":213920,"href":"https:\/\/www.fiscalia.gov.co\/colombia\/wp-json\/wp\/v2\/posts\/213916\/revisions\/213920"}],"wp:attachment":[{"href":"https:\/\/www.fiscalia.gov.co\/colombia\/wp-json\/wp\/v2\/media?parent=213916"}],"wp:term":[{"taxonomy":"category","embeddable":true,"href":"https:\/\/www.fiscalia.gov.co\/colombia\/wp-json\/wp\/v2\/categories?post=213916"},{"taxonomy":"post_tag","embeddable":true,"href":"https:\/\/www.fiscalia.gov.co\/colombia\/wp-json\/wp\/v2\/tags?post=213916"}],"curies":[{"name":"wp","href":"https:\/\/api.w.org\/{rel}","templated":true}]}}