{"id":213892,"date":"2021-02-20T08:20:46","date_gmt":"2021-02-20T13:20:46","guid":{"rendered":"https:\/\/www.fiscalia.gov.co\/colombia\/?p=213892"},"modified":"2021-02-25T19:50:58","modified_gmt":"2021-02-26T00:50:58","slug":"fiscalia-judicializo-a-dos-funcionarias-de-la-alcaldia-de-pasto-por-presunta-apropiacion-de-dineros-producto-del-pago-de-impuestos","status":"publish","type":"post","link":"https:\/\/www.fiscalia.gov.co\/colombia\/lucha-contra-corrupcion\/fiscalia-judicializo-a-dos-funcionarias-de-la-alcaldia-de-pasto-por-presunta-apropiacion-de-dineros-producto-del-pago-de-impuestos\/","title":{"rendered":"Fiscal\u00eda judicializ\u00f3 a dos funcionarias de la alcald\u00eda de Pasto por presunta apropiaci\u00f3n de dineros producto del pago de impuestos\u00a0"},"content":{"rendered":"<p>Un fiscal de la Unidad de Delitos contra la Administraci\u00f3n P\u00fablica de la Seccional Nari\u00f1o logr\u00f3 que un juez con funci\u00f3n de control de garant\u00edas, dictara medida de aseguramiento en contra Silvia M\u00f3nica Guerrero Guerrero y Gloria Esperanza Acosta, actuales funcionarias de la alcald\u00eda de Pasto.<\/p>\n<p>Con el material probatorio recaudado dentro de la investigaci\u00f3n, el ente acusador imput\u00f3 a las dos mujeres por su presunta responsabilidad en los delitos de peculado por apropiaci\u00f3n y falsedad material en documento p\u00fablico. Ninguna de las dos procesadas mujeres se allan\u00f3 a cargos.<\/p>\n<p>Las funcionarias fueron detenidas el pasado mi\u00e9rcoles 17 de febrero por servidores del Cuerpo T\u00e9cnico de Investigaci\u00f3n (CTI), cuando se dirig\u00edan a las instalaciones de la sede administrativa, luego de notificarlas de la orden de captura que pesaba en su contra.<\/p>\n<p>La investigaci\u00f3n se relaciona con lo ocurrido durante los a\u00f1os 2016, 2017 y 2018, cuando Guerrero y Acosta, adscritas a la Secretar\u00eda de Planeaci\u00f3n de la alcald\u00eda de Pasto, habr\u00edan abordado a contribuyentes que requer\u00edan liquidaciones para el pago de impuestos en compensaci\u00f3n y espacio p\u00fablico, prometi\u00e9ndoles agilizar los tr\u00e1mites, al interior de ese despacho.<\/p>\n<p>Al parecer, una vez recib\u00edan el dinero correspondiente al pago de los impuestos, exped\u00edan recibos falsos con los cuales se obten\u00edan las licencias de construcci\u00f3n de inmuebles ante las curadur\u00edas. La Fiscal\u00eda logr\u00f3 establecer que los dineros presuntamente recaudados por las dos funcionarias, nunca ingresaron a las arcas del municipio. La suma ascender\u00eda a 265 millones de pesos.<\/p>\n<p>Estos resultados responden a la estrategia investigativa para contrarrestar la corrupci\u00f3n en la administraci\u00f3n p\u00fablica, seg\u00fan lo dispuesto por el Fiscal General de la Naci\u00f3n, Francisco Barbosa Delgado, para garantizar el buen uso de los recursos p\u00fablicos.<\/p>\n<p>La Fiscal\u00eda General de la Naci\u00f3n habla con resultados.<\/p>\n<p>JGPV\/ LZ\/DLBM.<\/p>\n<p><em>La informaci\u00f3n contenida en este bolet\u00edn de prensa corresponde a la narraci\u00f3n de los hechos noticiosos objetivos, suministrados por los funcionarios encargados de adelantar las investigaciones penales al interior de la Fiscal\u00eda General de la Naci\u00f3n. Para el momento de la divulgaci\u00f3n de este comunicado, la situaci\u00f3n jur\u00eddica de la(s) persona(s) relacionada(s) se encuentra pendiente de resolver por la autoridad judicial competente, siempre bajo los preceptos de la presunci\u00f3n de inocencia, consagrados en el art\u00edculo 29 de la Constituci\u00f3n Pol\u00edtica y el art\u00edculo 7\u00ba de la Ley 906 de 2004.\u00a0\u00a0\u00a0\u00a0<\/em><\/p>\n<p>Le puede interesar:\u00a0 <a href=\"https:\/\/www.fiscalia.gov.co\/colombia\/corrupcion\/judicializados-exfuncionario-de-la-dian-de-armenia-y-dos-personas-mas-por-peculado-por-apropiacion-y-otros-delitos\/\">Judicializados exfuncionario de la Dian de Armenia y dos personas m\u00e1s por peculado por apropiaci\u00f3n y otros delitos<\/a><\/p>\n\n<div class=\"twitter-share\"><a href=\"https:\/\/twitter.com\/intent\/tweet?via=fiscaliacol\" class=\"twitter-share-button\">Tweet<\/a><\/div>\n","protected":false},"excerpt":{"rendered":"<p>Un fiscal de la Unidad de Delitos contra la Administraci\u00f3n P\u00fablica de la Seccional Nari\u00f1o logr\u00f3 que un juez con funci\u00f3n de control de garant\u00edas, dictara medida de aseguramiento en [&hellip;]<\/p>\n","protected":false},"author":175,"featured_media":0,"comment_status":"closed","ping_status":"open","sticky":false,"template":"","format":"video","meta":{"tdm_status":"","tdm_grid_status":"","footnotes":""},"categories":[24107,334],"tags":[465,427,2179,24526,24481,1047,19053,1229],"class_list":["post-213892","post","type-post","status-publish","format-video","category-lucha-contra-corrupcion","category-seccional-pasto","tag-administracion-publica","tag-corrupcion","tag-falsedad-en-documento-publico","tag-fiscal-general-francisco-barbosa-delgado","tag-fiscalia-de-colombia","tag-fiscalia-general-de-la-nacion","tag-impuestos","tag-peculado-por-apropiacion","post_format-post-format-video"],"yoast_head":"<!-- This site is optimized with the Yoast SEO plugin v24.3 - https:\/\/yoast.com\/wordpress\/plugins\/seo\/ -->\n<title>Fiscal\u00eda General de la Naci\u00f3n<\/title>\n<meta name=\"description\" content=\"P\u00e1gina oficial de la Fiscal\u00eda General de la Naci\u00f3n \u2013 Colombia. Garantizamos el acceso efectivo a la justicia, la verdad y la reparaci\u00f3n de las v\u00edctimas de los delitos.\" \/>\n<meta name=\"robots\" content=\"noindex, follow\" \/>\n<meta property=\"og:locale\" content=\"es_ES\" \/>\n<meta property=\"og:type\" content=\"article\" \/>\n<meta property=\"og:title\" content=\"Fiscal\u00eda General de la Naci\u00f3n\" \/>\n<meta property=\"og:description\" content=\"P\u00e1gina oficial de la Fiscal\u00eda General de la Naci\u00f3n \u2013 Colombia. Garantizamos el acceso efectivo a la justicia, la verdad y la reparaci\u00f3n de las v\u00edctimas de los delitos.\" \/>\n<meta property=\"og:url\" content=\"https:\/\/www.fiscalia.gov.co\/colombia\/lucha-contra-corrupcion\/fiscalia-judicializo-a-dos-funcionarias-de-la-alcaldia-de-pasto-por-presunta-apropiacion-de-dineros-producto-del-pago-de-impuestos\/\" \/>\n<meta property=\"og:site_name\" content=\"Fiscal\u00eda General de la Naci\u00f3n\" \/>\n<meta property=\"article:publisher\" content=\"https:\/\/www.facebook.com\/FiscaliaCol\" \/>\n<meta property=\"article:published_time\" content=\"2021-02-20T13:20:46+00:00\" \/>\n<meta property=\"article:modified_time\" content=\"2021-02-26T00:50:58+00:00\" \/>\n<meta name=\"author\" content=\"Katherine Loaiza Mart\u00ednez\" \/>\n<meta name=\"twitter:card\" content=\"summary_large_image\" \/>\n<meta name=\"twitter:creator\" content=\"@FiscaliaCol\" \/>\n<meta name=\"twitter:site\" content=\"@FiscaliaCol\" \/>\n<meta name=\"twitter:label1\" content=\"Escrito por\" \/>\n\t<meta name=\"twitter:data1\" content=\"Katherine Loaiza Mart\u00ednez\" \/>\n\t<meta name=\"twitter:label2\" content=\"Tiempo de lectura\" \/>\n\t<meta name=\"twitter:data2\" content=\"2 minutos\" \/>\n<script type=\"application\/ld+json\" class=\"yoast-schema-graph\">{\"@context\":\"https:\/\/schema.org\",\"@graph\":[{\"@type\":\"Article\",\"@id\":\"https:\/\/www.fiscalia.gov.co\/colombia\/lucha-contra-corrupcion\/fiscalia-judicializo-a-dos-funcionarias-de-la-alcaldia-de-pasto-por-presunta-apropiacion-de-dineros-producto-del-pago-de-impuestos\/#article\",\"isPartOf\":{\"@id\":\"https:\/\/www.fiscalia.gov.co\/colombia\/lucha-contra-corrupcion\/fiscalia-judicializo-a-dos-funcionarias-de-la-alcaldia-de-pasto-por-presunta-apropiacion-de-dineros-producto-del-pago-de-impuestos\/\"},\"author\":{\"name\":\"Katherine Loaiza Mart\u00ednez\",\"@id\":\"https:\/\/www.fiscalia.gov.co\/colombia\/#\/schema\/person\/2e76b9aba5ecf875ed565ce4de0e0415\"},\"headline\":\"Fiscal\u00eda judicializ\u00f3 a dos funcionarias de la alcald\u00eda de Pasto por presunta apropiaci\u00f3n de dineros producto del pago de impuestos\u00a0\",\"datePublished\":\"2021-02-20T13:20:46+00:00\",\"dateModified\":\"2021-02-26T00:50:58+00:00\",\"mainEntityOfPage\":{\"@id\":\"https:\/\/www.fiscalia.gov.co\/colombia\/lucha-contra-corrupcion\/fiscalia-judicializo-a-dos-funcionarias-de-la-alcaldia-de-pasto-por-presunta-apropiacion-de-dineros-producto-del-pago-de-impuestos\/\"},\"wordCount\":476,\"publisher\":{\"@id\":\"https:\/\/www.fiscalia.gov.co\/colombia\/#organization\"},\"keywords\":[\"Administraci\u00f3n p\u00fablica\",\"Corrupci\u00f3n\",\"Falsedad en documento p\u00fablico\",\"Fiscal General Francisco Barbosa Delgado\",\"Fiscal\u00eda de Colombia\",\"Fiscal\u00eda General de la Naci\u00f3n\",\"Impuestos\",\"Peculado por apropiaci\u00f3n\"],\"articleSection\":[\"Corrupci\u00f3n\",\"Seccional Pasto\"],\"inLanguage\":\"es-CO\"},{\"@type\":\"WebPage\",\"@id\":\"https:\/\/www.fiscalia.gov.co\/colombia\/lucha-contra-corrupcion\/fiscalia-judicializo-a-dos-funcionarias-de-la-alcaldia-de-pasto-por-presunta-apropiacion-de-dineros-producto-del-pago-de-impuestos\/\",\"url\":\"https:\/\/www.fiscalia.gov.co\/colombia\/lucha-contra-corrupcion\/fiscalia-judicializo-a-dos-funcionarias-de-la-alcaldia-de-pasto-por-presunta-apropiacion-de-dineros-producto-del-pago-de-impuestos\/\",\"name\":\"Fiscal\u00eda General de la Naci\u00f3n\",\"isPartOf\":{\"@id\":\"https:\/\/www.fiscalia.gov.co\/colombia\/#website\"},\"datePublished\":\"2021-02-20T13:20:46+00:00\",\"dateModified\":\"2021-02-26T00:50:58+00:00\",\"description\":\"P\u00e1gina oficial de la Fiscal\u00eda General de la Naci\u00f3n \u2013 Colombia. Garantizamos el acceso efectivo a la justicia, la verdad y la reparaci\u00f3n de las v\u00edctimas de los delitos.\",\"breadcrumb\":{\"@id\":\"https:\/\/www.fiscalia.gov.co\/colombia\/lucha-contra-corrupcion\/fiscalia-judicializo-a-dos-funcionarias-de-la-alcaldia-de-pasto-por-presunta-apropiacion-de-dineros-producto-del-pago-de-impuestos\/#breadcrumb\"},\"inLanguage\":\"es-CO\",\"potentialAction\":[{\"@type\":\"ReadAction\",\"target\":[\"https:\/\/www.fiscalia.gov.co\/colombia\/lucha-contra-corrupcion\/fiscalia-judicializo-a-dos-funcionarias-de-la-alcaldia-de-pasto-por-presunta-apropiacion-de-dineros-producto-del-pago-de-impuestos\/\"]}]},{\"@type\":\"BreadcrumbList\",\"@id\":\"https:\/\/www.fiscalia.gov.co\/colombia\/lucha-contra-corrupcion\/fiscalia-judicializo-a-dos-funcionarias-de-la-alcaldia-de-pasto-por-presunta-apropiacion-de-dineros-producto-del-pago-de-impuestos\/#breadcrumb\",\"itemListElement\":[{\"@type\":\"ListItem\",\"position\":1,\"name\":\"Home\",\"item\":\"https:\/\/www.fiscalia.gov.co\/colombia\/\"},{\"@type\":\"ListItem\",\"position\":2,\"name\":\"Fiscal\u00eda judicializ\u00f3 a dos funcionarias de la alcald\u00eda de Pasto por presunta apropiaci\u00f3n de dineros producto del pago de impuestos\u00a0\"}]},{\"@type\":\"WebSite\",\"@id\":\"https:\/\/www.fiscalia.gov.co\/colombia\/#website\",\"url\":\"https:\/\/www.fiscalia.gov.co\/colombia\/\",\"name\":\"Fiscal\u00eda General de la Naci\u00f3n\",\"description\":\"P\u00e1gina oficial de la Fiscal\u00eda General de la Naci\u00f3n \u2013 Colombia. Garantizamos el acceso efectivo a la justicia, la verdad y la reparaci\u00f3n de las v\u00edctimas de los delitos.\",\"publisher\":{\"@id\":\"https:\/\/www.fiscalia.gov.co\/colombia\/#organization\"},\"potentialAction\":[{\"@type\":\"SearchAction\",\"target\":{\"@type\":\"EntryPoint\",\"urlTemplate\":\"https:\/\/www.fiscalia.gov.co\/colombia\/?s={search_term_string}\"},\"query-input\":{\"@type\":\"PropertyValueSpecification\",\"valueRequired\":true,\"valueName\":\"search_term_string\"}}],\"inLanguage\":\"es-CO\"},{\"@type\":\"Organization\",\"@id\":\"https:\/\/www.fiscalia.gov.co\/colombia\/#organization\",\"name\":\"Fiscal\u00eda General de la Naci\u00f3n\",\"url\":\"https:\/\/www.fiscalia.gov.co\/colombia\/\",\"logo\":{\"@type\":\"ImageObject\",\"inLanguage\":\"es-CO\",\"@id\":\"https:\/\/www.fiscalia.gov.co\/colombia\/#\/schema\/logo\/image\/\",\"url\":\"https:\/\/www.fiscalia.gov.co\/colombia\/wp-content\/uploads\/LogoHorizontal_1.jpg\",\"contentUrl\":\"https:\/\/www.fiscalia.gov.co\/colombia\/wp-content\/uploads\/LogoHorizontal_1.jpg\",\"width\":300,\"height\":90,\"caption\":\"Fiscal\u00eda General de la Naci\u00f3n\"},\"image\":{\"@id\":\"https:\/\/www.fiscalia.gov.co\/colombia\/#\/schema\/logo\/image\/\"},\"sameAs\":[\"https:\/\/www.facebook.com\/FiscaliaCol\",\"https:\/\/x.com\/FiscaliaCol\",\"https:\/\/www.instagram.com\/fiscaliacol\",\"https:\/\/www.linkedin.com\/company\/fiscalia-general-de-la-naci-n\/\",\"https:\/\/youtube.com\/@fiscaliageneraldelanacion-4668?si=6nN79nyQICPU5iTh\"]},{\"@type\":\"Person\",\"@id\":\"https:\/\/www.fiscalia.gov.co\/colombia\/#\/schema\/person\/2e76b9aba5ecf875ed565ce4de0e0415\",\"name\":\"Katherine Loaiza Mart\u00ednez\",\"image\":{\"@type\":\"ImageObject\",\"inLanguage\":\"es-CO\",\"@id\":\"https:\/\/www.fiscalia.gov.co\/colombia\/#\/schema\/person\/image\/\",\"url\":\"https:\/\/secure.gravatar.com\/avatar\/ab775a2f394c1b83b6d6f78680e57b50?s=96&d=mm&r=g\",\"contentUrl\":\"https:\/\/secure.gravatar.com\/avatar\/ab775a2f394c1b83b6d6f78680e57b50?s=96&d=mm&r=g\",\"caption\":\"Katherine Loaiza Mart\u00ednez\"},\"url\":\"https:\/\/www.fiscalia.gov.co\/colombia\/author\/kloaiza\/\"}]}<\/script>\n<!-- \/ Yoast SEO plugin. -->","yoast_head_json":{"title":"Fiscal\u00eda General de la Naci\u00f3n","description":"P\u00e1gina oficial de la Fiscal\u00eda General de la Naci\u00f3n \u2013 Colombia. Garantizamos el acceso efectivo a la justicia, la verdad y la reparaci\u00f3n de las v\u00edctimas de los delitos.","robots":{"index":"noindex","follow":"follow"},"og_locale":"es_ES","og_type":"article","og_title":"Fiscal\u00eda General de la Naci\u00f3n","og_description":"P\u00e1gina oficial de la Fiscal\u00eda General de la Naci\u00f3n \u2013 Colombia. Garantizamos el acceso efectivo a la justicia, la verdad y la reparaci\u00f3n de las v\u00edctimas de los delitos.","og_url":"https:\/\/www.fiscalia.gov.co\/colombia\/lucha-contra-corrupcion\/fiscalia-judicializo-a-dos-funcionarias-de-la-alcaldia-de-pasto-por-presunta-apropiacion-de-dineros-producto-del-pago-de-impuestos\/","og_site_name":"Fiscal\u00eda General de la Naci\u00f3n","article_publisher":"https:\/\/www.facebook.com\/FiscaliaCol","article_published_time":"2021-02-20T13:20:46+00:00","article_modified_time":"2021-02-26T00:50:58+00:00","author":"Katherine Loaiza Mart\u00ednez","twitter_card":"summary_large_image","twitter_creator":"@FiscaliaCol","twitter_site":"@FiscaliaCol","twitter_misc":{"Escrito por":"Katherine Loaiza Mart\u00ednez","Tiempo de lectura":"2 minutos"},"schema":{"@context":"https:\/\/schema.org","@graph":[{"@type":"Article","@id":"https:\/\/www.fiscalia.gov.co\/colombia\/lucha-contra-corrupcion\/fiscalia-judicializo-a-dos-funcionarias-de-la-alcaldia-de-pasto-por-presunta-apropiacion-de-dineros-producto-del-pago-de-impuestos\/#article","isPartOf":{"@id":"https:\/\/www.fiscalia.gov.co\/colombia\/lucha-contra-corrupcion\/fiscalia-judicializo-a-dos-funcionarias-de-la-alcaldia-de-pasto-por-presunta-apropiacion-de-dineros-producto-del-pago-de-impuestos\/"},"author":{"name":"Katherine Loaiza Mart\u00ednez","@id":"https:\/\/www.fiscalia.gov.co\/colombia\/#\/schema\/person\/2e76b9aba5ecf875ed565ce4de0e0415"},"headline":"Fiscal\u00eda judicializ\u00f3 a dos funcionarias de la alcald\u00eda de Pasto por presunta apropiaci\u00f3n de dineros producto del pago de impuestos\u00a0","datePublished":"2021-02-20T13:20:46+00:00","dateModified":"2021-02-26T00:50:58+00:00","mainEntityOfPage":{"@id":"https:\/\/www.fiscalia.gov.co\/colombia\/lucha-contra-corrupcion\/fiscalia-judicializo-a-dos-funcionarias-de-la-alcaldia-de-pasto-por-presunta-apropiacion-de-dineros-producto-del-pago-de-impuestos\/"},"wordCount":476,"publisher":{"@id":"https:\/\/www.fiscalia.gov.co\/colombia\/#organization"},"keywords":["Administraci\u00f3n p\u00fablica","Corrupci\u00f3n","Falsedad en documento p\u00fablico","Fiscal General Francisco Barbosa Delgado","Fiscal\u00eda de Colombia","Fiscal\u00eda General de la Naci\u00f3n","Impuestos","Peculado por apropiaci\u00f3n"],"articleSection":["Corrupci\u00f3n","Seccional Pasto"],"inLanguage":"es-CO"},{"@type":"WebPage","@id":"https:\/\/www.fiscalia.gov.co\/colombia\/lucha-contra-corrupcion\/fiscalia-judicializo-a-dos-funcionarias-de-la-alcaldia-de-pasto-por-presunta-apropiacion-de-dineros-producto-del-pago-de-impuestos\/","url":"https:\/\/www.fiscalia.gov.co\/colombia\/lucha-contra-corrupcion\/fiscalia-judicializo-a-dos-funcionarias-de-la-alcaldia-de-pasto-por-presunta-apropiacion-de-dineros-producto-del-pago-de-impuestos\/","name":"Fiscal\u00eda General de la Naci\u00f3n","isPartOf":{"@id":"https:\/\/www.fiscalia.gov.co\/colombia\/#website"},"datePublished":"2021-02-20T13:20:46+00:00","dateModified":"2021-02-26T00:50:58+00:00","description":"P\u00e1gina oficial de la Fiscal\u00eda General de la Naci\u00f3n \u2013 Colombia. Garantizamos el acceso efectivo a la justicia, la verdad y la reparaci\u00f3n de las v\u00edctimas de los delitos.","breadcrumb":{"@id":"https:\/\/www.fiscalia.gov.co\/colombia\/lucha-contra-corrupcion\/fiscalia-judicializo-a-dos-funcionarias-de-la-alcaldia-de-pasto-por-presunta-apropiacion-de-dineros-producto-del-pago-de-impuestos\/#breadcrumb"},"inLanguage":"es-CO","potentialAction":[{"@type":"ReadAction","target":["https:\/\/www.fiscalia.gov.co\/colombia\/lucha-contra-corrupcion\/fiscalia-judicializo-a-dos-funcionarias-de-la-alcaldia-de-pasto-por-presunta-apropiacion-de-dineros-producto-del-pago-de-impuestos\/"]}]},{"@type":"BreadcrumbList","@id":"https:\/\/www.fiscalia.gov.co\/colombia\/lucha-contra-corrupcion\/fiscalia-judicializo-a-dos-funcionarias-de-la-alcaldia-de-pasto-por-presunta-apropiacion-de-dineros-producto-del-pago-de-impuestos\/#breadcrumb","itemListElement":[{"@type":"ListItem","position":1,"name":"Home","item":"https:\/\/www.fiscalia.gov.co\/colombia\/"},{"@type":"ListItem","position":2,"name":"Fiscal\u00eda judicializ\u00f3 a dos funcionarias de la alcald\u00eda de Pasto por presunta apropiaci\u00f3n de dineros producto del pago de impuestos\u00a0"}]},{"@type":"WebSite","@id":"https:\/\/www.fiscalia.gov.co\/colombia\/#website","url":"https:\/\/www.fiscalia.gov.co\/colombia\/","name":"Fiscal\u00eda General de la Naci\u00f3n","description":"P\u00e1gina oficial de la Fiscal\u00eda General de la Naci\u00f3n \u2013 Colombia. Garantizamos el acceso efectivo a la justicia, la verdad y la reparaci\u00f3n de las v\u00edctimas de los delitos.","publisher":{"@id":"https:\/\/www.fiscalia.gov.co\/colombia\/#organization"},"potentialAction":[{"@type":"SearchAction","target":{"@type":"EntryPoint","urlTemplate":"https:\/\/www.fiscalia.gov.co\/colombia\/?s={search_term_string}"},"query-input":{"@type":"PropertyValueSpecification","valueRequired":true,"valueName":"search_term_string"}}],"inLanguage":"es-CO"},{"@type":"Organization","@id":"https:\/\/www.fiscalia.gov.co\/colombia\/#organization","name":"Fiscal\u00eda General de la Naci\u00f3n","url":"https:\/\/www.fiscalia.gov.co\/colombia\/","logo":{"@type":"ImageObject","inLanguage":"es-CO","@id":"https:\/\/www.fiscalia.gov.co\/colombia\/#\/schema\/logo\/image\/","url":"https:\/\/www.fiscalia.gov.co\/colombia\/wp-content\/uploads\/LogoHorizontal_1.jpg","contentUrl":"https:\/\/www.fiscalia.gov.co\/colombia\/wp-content\/uploads\/LogoHorizontal_1.jpg","width":300,"height":90,"caption":"Fiscal\u00eda General de la Naci\u00f3n"},"image":{"@id":"https:\/\/www.fiscalia.gov.co\/colombia\/#\/schema\/logo\/image\/"},"sameAs":["https:\/\/www.facebook.com\/FiscaliaCol","https:\/\/x.com\/FiscaliaCol","https:\/\/www.instagram.com\/fiscaliacol","https:\/\/www.linkedin.com\/company\/fiscalia-general-de-la-naci-n\/","https:\/\/youtube.com\/@fiscaliageneraldelanacion-4668?si=6nN79nyQICPU5iTh"]},{"@type":"Person","@id":"https:\/\/www.fiscalia.gov.co\/colombia\/#\/schema\/person\/2e76b9aba5ecf875ed565ce4de0e0415","name":"Katherine Loaiza Mart\u00ednez","image":{"@type":"ImageObject","inLanguage":"es-CO","@id":"https:\/\/www.fiscalia.gov.co\/colombia\/#\/schema\/person\/image\/","url":"https:\/\/secure.gravatar.com\/avatar\/ab775a2f394c1b83b6d6f78680e57b50?s=96&d=mm&r=g","contentUrl":"https:\/\/secure.gravatar.com\/avatar\/ab775a2f394c1b83b6d6f78680e57b50?s=96&d=mm&r=g","caption":"Katherine Loaiza Mart\u00ednez"},"url":"https:\/\/www.fiscalia.gov.co\/colombia\/author\/kloaiza\/"}]}},"_links":{"self":[{"href":"https:\/\/www.fiscalia.gov.co\/colombia\/wp-json\/wp\/v2\/posts\/213892","targetHints":{"allow":["GET"]}}],"collection":[{"href":"https:\/\/www.fiscalia.gov.co\/colombia\/wp-json\/wp\/v2\/posts"}],"about":[{"href":"https:\/\/www.fiscalia.gov.co\/colombia\/wp-json\/wp\/v2\/types\/post"}],"author":[{"embeddable":true,"href":"https:\/\/www.fiscalia.gov.co\/colombia\/wp-json\/wp\/v2\/users\/175"}],"replies":[{"embeddable":true,"href":"https:\/\/www.fiscalia.gov.co\/colombia\/wp-json\/wp\/v2\/comments?post=213892"}],"version-history":[{"count":1,"href":"https:\/\/www.fiscalia.gov.co\/colombia\/wp-json\/wp\/v2\/posts\/213892\/revisions"}],"predecessor-version":[{"id":213893,"href":"https:\/\/www.fiscalia.gov.co\/colombia\/wp-json\/wp\/v2\/posts\/213892\/revisions\/213893"}],"wp:attachment":[{"href":"https:\/\/www.fiscalia.gov.co\/colombia\/wp-json\/wp\/v2\/media?parent=213892"}],"wp:term":[{"taxonomy":"category","embeddable":true,"href":"https:\/\/www.fiscalia.gov.co\/colombia\/wp-json\/wp\/v2\/categories?post=213892"},{"taxonomy":"post_tag","embeddable":true,"href":"https:\/\/www.fiscalia.gov.co\/colombia\/wp-json\/wp\/v2\/tags?post=213892"}],"curies":[{"name":"wp","href":"https:\/\/api.w.org\/{rel}","templated":true}]}}