{"id":213759,"date":"2021-02-18T17:40:27","date_gmt":"2021-02-18T22:40:27","guid":{"rendered":"https:\/\/www.fiscalia.gov.co\/colombia\/?p=213759"},"modified":"2021-02-23T11:44:41","modified_gmt":"2021-02-23T16:44:41","slug":"condenado-un-hombre-a-15-anos-de-prision-por-tentativa-de-feminicidio-contra-su-ex-pareja-sentimental","status":"publish","type":"post","link":"https:\/\/www.fiscalia.gov.co\/colombia\/hay-justicia\/condenado-un-hombre-a-15-anos-de-prision-por-tentativa-de-feminicidio-contra-su-ex-pareja-sentimental\/","title":{"rendered":"Condenado un hombre a 15 a\u00f1os de prisi\u00f3n por tentativa de feminicidio contra su ex pareja sentimental"},"content":{"rendered":"<h4><strong>#HayJusticia<\/strong><\/h4>\n<p><span lang=\"ES-MX\">Un juez de conocimiento sentenci\u00f3\u00a0<\/span><span lang=\"ES-MX\">15 a\u00f1os y 5 meses de prisi\u00f3n a\u00a0Gerson Nicol\u00e1s Garavito,\u00a0 luego de avalar un preacuerdo que el procesado hizo a trav\u00e9s de su defensa con la<b>\u00a0Fiscal\u00eda<\/b>, en el cual acept\u00f3 su responsabilidad por el delito<\/span>\u00a0por el\u00a0delito de\u00a0<a href=\"http:\/\/www.fiscalia.gov.co\/colombia\/seguridad-ciudadana\/medida-de-aseguramiento-para-un-hombre-como-presunto-responsable-del-feminicidio-de-su-hija-de-4-anos-en-cali\/\" target=\"_blank\" rel=\"noopener noreferrer\" data-auth=\"NotApplicable\">feminicidio<\/a>\u00a0en grado de tentativa.<\/p>\n<p><span lang=\"ES-MX\">Los hechos ocurrieron el 10 de mayo de 2020 en el barrio Hacienda la Meseta del municipio de Gir\u00f3n (Santander), cuando el condenado atac\u00f3 con un arma blanca a su ex pareja sentimental, quien se encontraba departiendo en la casa de una amiga.\u00a0<\/span><\/p>\n<p><span lang=\"ES-MX\">La v\u00edctima fue trasladada a un centro asistencial para recibir atenci\u00f3n m\u00e9dica.<\/span><span lang=\"ES-MX\"><br \/>\n<\/span><\/p>\n<p>El hombre fue capturado por orden judicial\u00a010 d\u00edas despu\u00e9s de los hechos, siendo presentado ante un juez con funci\u00f3n de control de garant\u00edas en audiencias concentradas, quien lo cobij\u00f3 con medida de aseguramiento en centro carcelario.<\/p>\n<div>Estos resultados responden a la estrategia investigativa para judicializar a los responsables de agresiones contra la mujer y que afectan la sana convivencia, de acuerdo con lo dispuesto por el\u00a0<b>Fiscal General de la Naci\u00f3n, Francisco Barbosa Delgado.\u00a0\u00a0<\/b><\/div>\n<p><span lang=\"ES-MX\">La Fiscal\u00eda hace p\u00fablica la informaci\u00f3n por considerarlo de inter\u00e9s general.<\/span><\/p>\n<p dir=\"auto\"><span lang=\"ES-MX\">DRAO\/MG\/CP<\/span><\/p>\n\n<div class=\"twitter-share\"><a href=\"https:\/\/twitter.com\/intent\/tweet?via=fiscaliacol\" class=\"twitter-share-button\">Tweet<\/a><\/div>\n","protected":false},"excerpt":{"rendered":"<p>#HayJusticia Un juez de conocimiento sentenci\u00f3\u00a015 a\u00f1os y 5 meses de prisi\u00f3n a\u00a0Gerson Nicol\u00e1s Garavito,\u00a0 luego de avalar un preacuerdo que el procesado hizo a trav\u00e9s de su defensa con la\u00a0Fiscal\u00eda, en el cual acept\u00f3 su responsabilidad por el delito\u00a0por el\u00a0delito de\u00a0feminicidio\u00a0en grado de tentativa. Los hechos ocurrieron el 10 de mayo de 2020 en [&hellip;]<\/p>\n","protected":false},"author":162,"featured_media":0,"comment_status":"closed","ping_status":"open","sticky":false,"template":"","format":"video","meta":{"_price":"","_stock":"","_tribe_ticket_header":"","_tribe_default_ticket_provider":"","_tribe_ticket_capacity":"0","_ticket_start_date":"","_ticket_end_date":"","_tribe_ticket_show_description":"","_tribe_ticket_show_not_going":false,"_tribe_ticket_use_global_stock":"","_tribe_ticket_global_stock_level":"","_global_stock_mode":"","_global_stock_cap":"","_tribe_rsvp_for_event":"","_tribe_ticket_going_count":"","_tribe_ticket_not_going_count":"","_tribe_tickets_list":"[]","_tribe_ticket_has_attendee_info_fields":false,"tdm_status":"","tdm_grid_status":"","footnotes":""},"categories":[24174,322,303],"tags":[479],"class_list":{"0":"post-213759","1":"post","2":"type-post","3":"status-publish","4":"format-video","6":"category-hay-justicia","7":"category-seccional-bucaramanga","8":"category-seccionales","9":"tag-tentativa-de-homicidio","10":"post_format-post-format-video"},"yoast_head":"<!-- This site is optimized with the Yoast SEO plugin v24.3 - https:\/\/yoast.com\/wordpress\/plugins\/seo\/ -->\n<title>Fiscal\u00eda General de la Naci\u00f3n<\/title>\n<meta name=\"description\" content=\"P\u00e1gina oficial de la Fiscal\u00eda General de la Naci\u00f3n \u2013 Colombia. Garantizamos el acceso efectivo a la justicia, la verdad y la reparaci\u00f3n de las v\u00edctimas de los delitos.\" \/>\n<meta name=\"robots\" content=\"noindex, follow\" \/>\n<meta property=\"og:locale\" content=\"es_ES\" \/>\n<meta property=\"og:type\" content=\"article\" \/>\n<meta property=\"og:title\" content=\"Fiscal\u00eda General de la Naci\u00f3n\" \/>\n<meta property=\"og:description\" content=\"P\u00e1gina oficial de la Fiscal\u00eda General de la Naci\u00f3n \u2013 Colombia. Garantizamos el acceso efectivo a la justicia, la verdad y la reparaci\u00f3n de las v\u00edctimas de los delitos.\" \/>\n<meta property=\"og:url\" content=\"https:\/\/www.fiscalia.gov.co\/colombia\/hay-justicia\/condenado-un-hombre-a-15-anos-de-prision-por-tentativa-de-feminicidio-contra-su-ex-pareja-sentimental\/\" \/>\n<meta property=\"og:site_name\" content=\"Fiscal\u00eda General de la Naci\u00f3n\" \/>\n<meta property=\"article:publisher\" content=\"https:\/\/www.facebook.com\/FiscaliaCol\" \/>\n<meta property=\"article:published_time\" content=\"2021-02-18T22:40:27+00:00\" \/>\n<meta property=\"article:modified_time\" content=\"2021-02-23T16:44:41+00:00\" \/>\n<meta name=\"author\" content=\"Direcci\u00f3n de Comunicaciones Fiscal\u00eda General de la Naci\u00f3n\" \/>\n<meta name=\"twitter:card\" content=\"summary_large_image\" \/>\n<meta name=\"twitter:creator\" content=\"@FiscaliaCol\" \/>\n<meta name=\"twitter:site\" content=\"@FiscaliaCol\" \/>\n<meta name=\"twitter:label1\" content=\"Escrito por\" \/>\n\t<meta name=\"twitter:data1\" content=\"Direcci\u00f3n de Comunicaciones Fiscal\u00eda General de la Naci\u00f3n\" \/>\n\t<meta name=\"twitter:label2\" content=\"Tiempo de lectura\" \/>\n\t<meta name=\"twitter:data2\" content=\"1 minuto\" \/>\n<script type=\"application\/ld+json\" class=\"yoast-schema-graph\">{\"@context\":\"https:\/\/schema.org\",\"@graph\":[{\"@type\":\"Article\",\"@id\":\"https:\/\/www.fiscalia.gov.co\/colombia\/hay-justicia\/condenado-un-hombre-a-15-anos-de-prision-por-tentativa-de-feminicidio-contra-su-ex-pareja-sentimental\/#article\",\"isPartOf\":{\"@id\":\"https:\/\/www.fiscalia.gov.co\/colombia\/hay-justicia\/condenado-un-hombre-a-15-anos-de-prision-por-tentativa-de-feminicidio-contra-su-ex-pareja-sentimental\/\"},\"author\":{\"name\":\"Direcci\u00f3n de Comunicaciones Fiscal\u00eda General de la Naci\u00f3n\",\"@id\":\"https:\/\/www.fiscalia.gov.co\/colombia\/#\/schema\/person\/bf28d8ae7f1b287bbe3af484b04f43ea\"},\"headline\":\"Condenado un hombre a 15 a\u00f1os de prisi\u00f3n por tentativa de feminicidio contra su ex pareja sentimental\",\"datePublished\":\"2021-02-18T22:40:27+00:00\",\"dateModified\":\"2021-02-23T16:44:41+00:00\",\"mainEntityOfPage\":{\"@id\":\"https:\/\/www.fiscalia.gov.co\/colombia\/hay-justicia\/condenado-un-hombre-a-15-anos-de-prision-por-tentativa-de-feminicidio-contra-su-ex-pareja-sentimental\/\"},\"wordCount\":227,\"publisher\":{\"@id\":\"https:\/\/www.fiscalia.gov.co\/colombia\/#organization\"},\"keywords\":[\"Tentativa de homicidio\"],\"articleSection\":[\"Hay Justicia\",\"Seccional Bucaramanga\",\"Seccionales\"],\"inLanguage\":\"es-CO\"},{\"@type\":\"WebPage\",\"@id\":\"https:\/\/www.fiscalia.gov.co\/colombia\/hay-justicia\/condenado-un-hombre-a-15-anos-de-prision-por-tentativa-de-feminicidio-contra-su-ex-pareja-sentimental\/\",\"url\":\"https:\/\/www.fiscalia.gov.co\/colombia\/hay-justicia\/condenado-un-hombre-a-15-anos-de-prision-por-tentativa-de-feminicidio-contra-su-ex-pareja-sentimental\/\",\"name\":\"Fiscal\u00eda General de la Naci\u00f3n\",\"isPartOf\":{\"@id\":\"https:\/\/www.fiscalia.gov.co\/colombia\/#website\"},\"datePublished\":\"2021-02-18T22:40:27+00:00\",\"dateModified\":\"2021-02-23T16:44:41+00:00\",\"description\":\"P\u00e1gina oficial de la Fiscal\u00eda General de la Naci\u00f3n \u2013 Colombia. Garantizamos el acceso efectivo a la justicia, la verdad y la reparaci\u00f3n de las v\u00edctimas de los delitos.\",\"breadcrumb\":{\"@id\":\"https:\/\/www.fiscalia.gov.co\/colombia\/hay-justicia\/condenado-un-hombre-a-15-anos-de-prision-por-tentativa-de-feminicidio-contra-su-ex-pareja-sentimental\/#breadcrumb\"},\"inLanguage\":\"es-CO\",\"potentialAction\":[{\"@type\":\"ReadAction\",\"target\":[\"https:\/\/www.fiscalia.gov.co\/colombia\/hay-justicia\/condenado-un-hombre-a-15-anos-de-prision-por-tentativa-de-feminicidio-contra-su-ex-pareja-sentimental\/\"]}]},{\"@type\":\"BreadcrumbList\",\"@id\":\"https:\/\/www.fiscalia.gov.co\/colombia\/hay-justicia\/condenado-un-hombre-a-15-anos-de-prision-por-tentativa-de-feminicidio-contra-su-ex-pareja-sentimental\/#breadcrumb\",\"itemListElement\":[{\"@type\":\"ListItem\",\"position\":1,\"name\":\"Home\",\"item\":\"https:\/\/www.fiscalia.gov.co\/colombia\/\"},{\"@type\":\"ListItem\",\"position\":2,\"name\":\"Condenado un hombre a 15 a\u00f1os de prisi\u00f3n por tentativa de feminicidio contra su ex pareja sentimental\"}]},{\"@type\":\"WebSite\",\"@id\":\"https:\/\/www.fiscalia.gov.co\/colombia\/#website\",\"url\":\"https:\/\/www.fiscalia.gov.co\/colombia\/\",\"name\":\"Fiscal\u00eda General de la Naci\u00f3n\",\"description\":\"P\u00e1gina oficial de la Fiscal\u00eda General de la Naci\u00f3n \u2013 Colombia. Garantizamos el acceso efectivo a la justicia, la verdad y la reparaci\u00f3n de las v\u00edctimas de los delitos.\",\"publisher\":{\"@id\":\"https:\/\/www.fiscalia.gov.co\/colombia\/#organization\"},\"potentialAction\":[{\"@type\":\"SearchAction\",\"target\":{\"@type\":\"EntryPoint\",\"urlTemplate\":\"https:\/\/www.fiscalia.gov.co\/colombia\/?s={search_term_string}\"},\"query-input\":{\"@type\":\"PropertyValueSpecification\",\"valueRequired\":true,\"valueName\":\"search_term_string\"}}],\"inLanguage\":\"es-CO\"},{\"@type\":\"Organization\",\"@id\":\"https:\/\/www.fiscalia.gov.co\/colombia\/#organization\",\"name\":\"Fiscal\u00eda General de la Naci\u00f3n\",\"url\":\"https:\/\/www.fiscalia.gov.co\/colombia\/\",\"logo\":{\"@type\":\"ImageObject\",\"inLanguage\":\"es-CO\",\"@id\":\"https:\/\/www.fiscalia.gov.co\/colombia\/#\/schema\/logo\/image\/\",\"url\":\"https:\/\/www.fiscalia.gov.co\/colombia\/wp-content\/uploads\/LogoHorizontal_1.jpg\",\"contentUrl\":\"https:\/\/www.fiscalia.gov.co\/colombia\/wp-content\/uploads\/LogoHorizontal_1.jpg\",\"width\":300,\"height\":90,\"caption\":\"Fiscal\u00eda General de la Naci\u00f3n\"},\"image\":{\"@id\":\"https:\/\/www.fiscalia.gov.co\/colombia\/#\/schema\/logo\/image\/\"},\"sameAs\":[\"https:\/\/www.facebook.com\/FiscaliaCol\",\"https:\/\/x.com\/FiscaliaCol\",\"https:\/\/www.instagram.com\/fiscaliacol\",\"https:\/\/www.linkedin.com\/company\/fiscalia-general-de-la-naci-n\/\",\"https:\/\/youtube.com\/@fiscaliageneraldelanacion-4668?si=6nN79nyQICPU5iTh\"]},{\"@type\":\"Person\",\"@id\":\"https:\/\/www.fiscalia.gov.co\/colombia\/#\/schema\/person\/bf28d8ae7f1b287bbe3af484b04f43ea\",\"name\":\"Direcci\u00f3n de Comunicaciones Fiscal\u00eda General de la Naci\u00f3n\",\"image\":{\"@type\":\"ImageObject\",\"inLanguage\":\"es-CO\",\"@id\":\"https:\/\/www.fiscalia.gov.co\/colombia\/#\/schema\/person\/image\/\",\"url\":\"https:\/\/secure.gravatar.com\/avatar\/9d55ae161d32da16dbdd0b380c080a5f?s=96&d=mm&r=g\",\"contentUrl\":\"https:\/\/secure.gravatar.com\/avatar\/9d55ae161d32da16dbdd0b380c080a5f?s=96&d=mm&r=g\",\"caption\":\"Direcci\u00f3n de Comunicaciones Fiscal\u00eda General de la Naci\u00f3n\"},\"url\":\"https:\/\/www.fiscalia.gov.co\/colombia\/author\/kbonilla\/\"}]}<\/script>\n<!-- \/ Yoast SEO plugin. -->","yoast_head_json":{"title":"Fiscal\u00eda General de la Naci\u00f3n","description":"P\u00e1gina oficial de la Fiscal\u00eda General de la Naci\u00f3n \u2013 Colombia. Garantizamos el acceso efectivo a la justicia, la verdad y la reparaci\u00f3n de las v\u00edctimas de los delitos.","robots":{"index":"noindex","follow":"follow"},"og_locale":"es_ES","og_type":"article","og_title":"Fiscal\u00eda General de la Naci\u00f3n","og_description":"P\u00e1gina oficial de la Fiscal\u00eda General de la Naci\u00f3n \u2013 Colombia. Garantizamos el acceso efectivo a la justicia, la verdad y la reparaci\u00f3n de las v\u00edctimas de los delitos.","og_url":"https:\/\/www.fiscalia.gov.co\/colombia\/hay-justicia\/condenado-un-hombre-a-15-anos-de-prision-por-tentativa-de-feminicidio-contra-su-ex-pareja-sentimental\/","og_site_name":"Fiscal\u00eda General de la Naci\u00f3n","article_publisher":"https:\/\/www.facebook.com\/FiscaliaCol","article_published_time":"2021-02-18T22:40:27+00:00","article_modified_time":"2021-02-23T16:44:41+00:00","author":"Direcci\u00f3n de Comunicaciones Fiscal\u00eda General de la Naci\u00f3n","twitter_card":"summary_large_image","twitter_creator":"@FiscaliaCol","twitter_site":"@FiscaliaCol","twitter_misc":{"Escrito por":"Direcci\u00f3n de Comunicaciones Fiscal\u00eda General de la Naci\u00f3n","Tiempo de lectura":"1 minuto"},"schema":{"@context":"https:\/\/schema.org","@graph":[{"@type":"Article","@id":"https:\/\/www.fiscalia.gov.co\/colombia\/hay-justicia\/condenado-un-hombre-a-15-anos-de-prision-por-tentativa-de-feminicidio-contra-su-ex-pareja-sentimental\/#article","isPartOf":{"@id":"https:\/\/www.fiscalia.gov.co\/colombia\/hay-justicia\/condenado-un-hombre-a-15-anos-de-prision-por-tentativa-de-feminicidio-contra-su-ex-pareja-sentimental\/"},"author":{"name":"Direcci\u00f3n de Comunicaciones Fiscal\u00eda General de la Naci\u00f3n","@id":"https:\/\/www.fiscalia.gov.co\/colombia\/#\/schema\/person\/bf28d8ae7f1b287bbe3af484b04f43ea"},"headline":"Condenado un hombre a 15 a\u00f1os de prisi\u00f3n por tentativa de feminicidio contra su ex pareja sentimental","datePublished":"2021-02-18T22:40:27+00:00","dateModified":"2021-02-23T16:44:41+00:00","mainEntityOfPage":{"@id":"https:\/\/www.fiscalia.gov.co\/colombia\/hay-justicia\/condenado-un-hombre-a-15-anos-de-prision-por-tentativa-de-feminicidio-contra-su-ex-pareja-sentimental\/"},"wordCount":227,"publisher":{"@id":"https:\/\/www.fiscalia.gov.co\/colombia\/#organization"},"keywords":["Tentativa de homicidio"],"articleSection":["Hay Justicia","Seccional Bucaramanga","Seccionales"],"inLanguage":"es-CO"},{"@type":"WebPage","@id":"https:\/\/www.fiscalia.gov.co\/colombia\/hay-justicia\/condenado-un-hombre-a-15-anos-de-prision-por-tentativa-de-feminicidio-contra-su-ex-pareja-sentimental\/","url":"https:\/\/www.fiscalia.gov.co\/colombia\/hay-justicia\/condenado-un-hombre-a-15-anos-de-prision-por-tentativa-de-feminicidio-contra-su-ex-pareja-sentimental\/","name":"Fiscal\u00eda General de la Naci\u00f3n","isPartOf":{"@id":"https:\/\/www.fiscalia.gov.co\/colombia\/#website"},"datePublished":"2021-02-18T22:40:27+00:00","dateModified":"2021-02-23T16:44:41+00:00","description":"P\u00e1gina oficial de la Fiscal\u00eda General de la Naci\u00f3n \u2013 Colombia. Garantizamos el acceso efectivo a la justicia, la verdad y la reparaci\u00f3n de las v\u00edctimas de los delitos.","breadcrumb":{"@id":"https:\/\/www.fiscalia.gov.co\/colombia\/hay-justicia\/condenado-un-hombre-a-15-anos-de-prision-por-tentativa-de-feminicidio-contra-su-ex-pareja-sentimental\/#breadcrumb"},"inLanguage":"es-CO","potentialAction":[{"@type":"ReadAction","target":["https:\/\/www.fiscalia.gov.co\/colombia\/hay-justicia\/condenado-un-hombre-a-15-anos-de-prision-por-tentativa-de-feminicidio-contra-su-ex-pareja-sentimental\/"]}]},{"@type":"BreadcrumbList","@id":"https:\/\/www.fiscalia.gov.co\/colombia\/hay-justicia\/condenado-un-hombre-a-15-anos-de-prision-por-tentativa-de-feminicidio-contra-su-ex-pareja-sentimental\/#breadcrumb","itemListElement":[{"@type":"ListItem","position":1,"name":"Home","item":"https:\/\/www.fiscalia.gov.co\/colombia\/"},{"@type":"ListItem","position":2,"name":"Condenado un hombre a 15 a\u00f1os de prisi\u00f3n por tentativa de feminicidio contra su ex pareja sentimental"}]},{"@type":"WebSite","@id":"https:\/\/www.fiscalia.gov.co\/colombia\/#website","url":"https:\/\/www.fiscalia.gov.co\/colombia\/","name":"Fiscal\u00eda General de la Naci\u00f3n","description":"P\u00e1gina oficial de la Fiscal\u00eda General de la Naci\u00f3n \u2013 Colombia. Garantizamos el acceso efectivo a la justicia, la verdad y la reparaci\u00f3n de las v\u00edctimas de los delitos.","publisher":{"@id":"https:\/\/www.fiscalia.gov.co\/colombia\/#organization"},"potentialAction":[{"@type":"SearchAction","target":{"@type":"EntryPoint","urlTemplate":"https:\/\/www.fiscalia.gov.co\/colombia\/?s={search_term_string}"},"query-input":{"@type":"PropertyValueSpecification","valueRequired":true,"valueName":"search_term_string"}}],"inLanguage":"es-CO"},{"@type":"Organization","@id":"https:\/\/www.fiscalia.gov.co\/colombia\/#organization","name":"Fiscal\u00eda General de la Naci\u00f3n","url":"https:\/\/www.fiscalia.gov.co\/colombia\/","logo":{"@type":"ImageObject","inLanguage":"es-CO","@id":"https:\/\/www.fiscalia.gov.co\/colombia\/#\/schema\/logo\/image\/","url":"https:\/\/www.fiscalia.gov.co\/colombia\/wp-content\/uploads\/LogoHorizontal_1.jpg","contentUrl":"https:\/\/www.fiscalia.gov.co\/colombia\/wp-content\/uploads\/LogoHorizontal_1.jpg","width":300,"height":90,"caption":"Fiscal\u00eda General de la Naci\u00f3n"},"image":{"@id":"https:\/\/www.fiscalia.gov.co\/colombia\/#\/schema\/logo\/image\/"},"sameAs":["https:\/\/www.facebook.com\/FiscaliaCol","https:\/\/x.com\/FiscaliaCol","https:\/\/www.instagram.com\/fiscaliacol","https:\/\/www.linkedin.com\/company\/fiscalia-general-de-la-naci-n\/","https:\/\/youtube.com\/@fiscaliageneraldelanacion-4668?si=6nN79nyQICPU5iTh"]},{"@type":"Person","@id":"https:\/\/www.fiscalia.gov.co\/colombia\/#\/schema\/person\/bf28d8ae7f1b287bbe3af484b04f43ea","name":"Direcci\u00f3n de Comunicaciones Fiscal\u00eda General de la Naci\u00f3n","image":{"@type":"ImageObject","inLanguage":"es-CO","@id":"https:\/\/www.fiscalia.gov.co\/colombia\/#\/schema\/person\/image\/","url":"https:\/\/secure.gravatar.com\/avatar\/9d55ae161d32da16dbdd0b380c080a5f?s=96&d=mm&r=g","contentUrl":"https:\/\/secure.gravatar.com\/avatar\/9d55ae161d32da16dbdd0b380c080a5f?s=96&d=mm&r=g","caption":"Direcci\u00f3n de Comunicaciones Fiscal\u00eda General de la Naci\u00f3n"},"url":"https:\/\/www.fiscalia.gov.co\/colombia\/author\/kbonilla\/"}]}},"_links":{"self":[{"href":"https:\/\/www.fiscalia.gov.co\/colombia\/wp-json\/wp\/v2\/posts\/213759","targetHints":{"allow":["GET"]}}],"collection":[{"href":"https:\/\/www.fiscalia.gov.co\/colombia\/wp-json\/wp\/v2\/posts"}],"about":[{"href":"https:\/\/www.fiscalia.gov.co\/colombia\/wp-json\/wp\/v2\/types\/post"}],"author":[{"embeddable":true,"href":"https:\/\/www.fiscalia.gov.co\/colombia\/wp-json\/wp\/v2\/users\/162"}],"replies":[{"embeddable":true,"href":"https:\/\/www.fiscalia.gov.co\/colombia\/wp-json\/wp\/v2\/comments?post=213759"}],"version-history":[{"count":4,"href":"https:\/\/www.fiscalia.gov.co\/colombia\/wp-json\/wp\/v2\/posts\/213759\/revisions"}],"predecessor-version":[{"id":213765,"href":"https:\/\/www.fiscalia.gov.co\/colombia\/wp-json\/wp\/v2\/posts\/213759\/revisions\/213765"}],"wp:attachment":[{"href":"https:\/\/www.fiscalia.gov.co\/colombia\/wp-json\/wp\/v2\/media?parent=213759"}],"wp:term":[{"taxonomy":"category","embeddable":true,"href":"https:\/\/www.fiscalia.gov.co\/colombia\/wp-json\/wp\/v2\/categories?post=213759"},{"taxonomy":"post_tag","embeddable":true,"href":"https:\/\/www.fiscalia.gov.co\/colombia\/wp-json\/wp\/v2\/tags?post=213759"}],"curies":[{"name":"wp","href":"https:\/\/api.w.org\/{rel}","templated":true}]}}