{"id":213652,"date":"2021-02-18T11:45:07","date_gmt":"2021-02-18T16:45:07","guid":{"rendered":"https:\/\/www.fiscalia.gov.co\/colombia\/?p=213652"},"modified":"2021-02-23T11:40:37","modified_gmt":"2021-02-23T16:40:37","slug":"privado-de-la-libertad-un-hombre-que-acepto-cargos-por-feminicidio-agravado-de-su-expareja-en-cali","status":"publish","type":"post","link":"https:\/\/www.fiscalia.gov.co\/colombia\/seccionales\/privado-de-la-libertad-un-hombre-que-acepto-cargos-por-feminicidio-agravado-de-su-expareja-en-cali\/","title":{"rendered":"Privado de la libertad un hombre que acept\u00f3 cargos por feminicidio agravado de su expareja en Cali"},"content":{"rendered":"<p class=\"x_xxmsonormal\"><span lang=\"ES\">Por solicitud de la Fiscal\u00eda, el juez 31 penal con funciones de control de garant\u00edas de Cali (Valle del Cauca) afect\u00f3 con medida de aseguramiento en centro carcelario a Jos\u00e9 Eduardo Flores Cardona, como presunto autor material del delito de\u00a0<\/span><a href=\"https:\/\/www.fiscalia.gov.co\/colombia\/seccionales\/a-prision-como-presunto-responsable-de-feminicidio-agravado\/\" target=\"_blank\" rel=\"noopener noreferrer\" data-auth=\"NotApplicable\"><span lang=\"ES\">feminicidio agravado<\/span><\/a><span lang=\"ES\">\u00a0en concurso con\u00a0<\/span><b>fabricaci\u00f3n, tr\u00e1fico y porte de armas de fuego, accesorios, partes y municiones.\u00a0\u00a0<\/b>\u00a0<span lang=\"ES\">\u00a0<\/span><\/p>\n<p class=\"x_xxmsonormal\"><span lang=\"ES\">El hombre fue detenido este 15 de febrero en una finca de la vereda Maracaibo en el municipio de Versalles (Valle del Cauca), a donde supuestamente lleg\u00f3 hace un a\u00f1o para evadir la acci\u00f3n de las autoridades. Servidores del\u00a0<\/span><b>Cuerpo T\u00e9cnico de Investigaci\u00f3n (CTI)<\/b>, unidades de la\u00a0<b>Polic\u00eda Nacional<\/b>\u00a0y el\u00a0<b>Ej\u00e9rcito<\/b>\u00a0lograron ubicarlo y llegaron hasta el inmueble para hacer efectiva la orden que pesaba en su contra.<\/p>\n<p class=\"x_xxmsonormal\"><span lang=\"ES\">En el momento de la captura Flores Cardona al parecer dispar\u00f3 contra los uniformados que realizaban el procedimiento y, en la reacci\u00f3n de las autoridades, el investigado result\u00f3 herido en una pierna. De inmediato el hombre fue trasladado a una cl\u00ednica de Tulu\u00e1, en el mismo departamento, donde se realizaron las audiencias concentradas de manera virtual.\u00a0<\/span><\/p>\n<p class=\"x_xxmsonormal\"><b><span lang=\"ES\">El proceso\u00a0<\/span><\/b><b>\u00a0<\/b><\/p>\n<p class=\"x_xxmsonormal\"><span lang=\"ES\">De acuerdo con la investigaci\u00f3n que adelanta la Fiscal\u00eda, el 25 de enero de 2020 Jos\u00e9 Eduardo Flores supuestamente\u00a0<\/span><b>dispar\u00f3 un arma de fuego<\/b>\u00a0en siete oportunidades contra su excompa\u00f1era sentimental, dej\u00e1ndola gravemente herida.<\/p>\n<p class=\"x_xxmsonormal\"><span lang=\"ES\">La v\u00edctima fue trasladada por varios vecinos del sector a un centro hospitalario, pero falleci\u00f3 cuando recib\u00eda atenci\u00f3n m\u00e9dica especializada. El presunto agresor huy\u00f3 del sitio.\u00a0<\/span><\/p>\n<p class=\"x_xxmsonormal\"><span lang=\"ES\">La mujer hab\u00eda decidido terminar la relaci\u00f3n con Flores Cardona, con quien conviv\u00eda desde hac\u00eda 7 a\u00f1os, debido a presuntos\u00a0<\/span><a href=\"https:\/\/www.fiscalia.gov.co\/colombia\/seccionales\/seccional-cali\/por-presuntos-maltratos-a-su-companera-sentimental-delante-de-sus-hijos-un-hombre-fue-enviado-a-la-carcel-en-cali\" target=\"_blank\" rel=\"noopener noreferrer\" data-auth=\"NotApplicable\"><span lang=\"ES\">maltratos<\/span><\/a><span lang=\"ES\">\u00a0f\u00edsicos y agresiones verbales que el hombre le causaba.\u00a0\u00a0<\/span>\u00a0<span lang=\"ES\">\u00a0<\/span><\/p>\n<p class=\"x_xxmsonormal\"><span lang=\"ES\">Seg\u00fan el testimonio de una de las hijas de la v\u00edctima, el 13 de enero de ese a\u00f1o, la mujer le pidi\u00f3 a su presunto agresor que abandonara la casa, pero este la habr\u00eda amenazado de muerte si lo dejaba. Desde ese d\u00eda al parecer empez\u00f3 a vigilarla y a seguirla cuando sal\u00eda de la casa.\u00a0<\/span><\/p>\n<p class=\"x_xxmsonormal\"><span lang=\"ES\">Durante las audiencias concentradas, el investigado\u00a0<\/span><b>acept\u00f3 los cargos<\/b>\u00a0imputados por el ente acusador.\u00a0\u00a0\u00a0<span lang=\"ES\">\u00a0<\/span><\/p>\n<p class=\"x_xxmsonormal\"><span lang=\"ES\">Estos resultados responden a la estrategia investigativa para contrarrestar la violencia de g\u00e9nero y los delitos que atentan contra la integridad de las mujeres, desarrollada bajo el Direccionamiento Estrat\u00e9gico del Fiscal General de la Naci\u00f3n, Francisco Barbosa Delgado, con el fin de garantizar la protecci\u00f3n de sus derechos y judicializar a los responsables.\u00a0<\/span><\/p>\n<p class=\"x_xxmsonormal\"><span lang=\"ES\">El ente acusador hace p\u00fablica esta informaci\u00f3n por razones de inter\u00e9s general.\u00a0<\/span><\/p>\n<p class=\"x_xxmsonormal\"><span lang=\"ES\">La Fiscal\u00eda General de la Naci\u00f3n habla con resultados.<\/span>\u00a0\u00a0<span lang=\"ES\">\u00a0<\/span><\/p>\n<p class=\"x_xxmsonormal\"><span lang=\"ES\">JGPV\/DR\/DLBM<\/span>\/MRC.<\/p>\n<p class=\"x_MsoNormal\"><span lang=\"ES-TRAD\">\u00a0<\/span><\/p>\n<p class=\"x_x_xmsonormal\"><i><span lang=\"ES\">La informaci\u00f3n contenida en este bolet\u00edn de prensa corresponde a la narraci\u00f3n de los hechos noticiosos objetivos, suministrados por los funcionarios encargados de adelantar las investigaciones penales al interior de la Fiscal\u00eda General de la Naci\u00f3n. Para el momento de la divulgaci\u00f3n de este comunicado, la situaci\u00f3n jur\u00eddica de la(s) persona(s) relacionada(s) se encuentra pendiente de resolver por la autoridad judicial competente, siempre bajo los preceptos de la presunci\u00f3n de inocencia, consagrados en el art\u00edculo 29 de la Constituci\u00f3n Pol\u00edtica y el art\u00edculo 7\u00ba de la Ley 906 de 2004<\/span><\/i><i><span lang=\"ES\">.<\/span><\/i>\u00a0\u00a0\u00a0<span lang=\"ES\">\u00a0\u00a0<\/span><\/p>\n<p class=\"x_x_xmsonormal\"><span lang=\"ES\">\u00a0<\/span><\/p>\n<p class=\"x_x_MsoNoSpacing\"><span lang=\"ES\">Le puede interesar:\u00a0\u00a0<\/span><a href=\"https:\/\/www.fiscalia.gov.co\/colombia\/seccionales\/medida-intramuros-para-un-hombre-por-feminicidio-agravado-y-otros-delitos\/\" target=\"_blank\" rel=\"noopener noreferrer\" data-auth=\"NotApplicable\"><span lang=\"ES\">Medida intramuros para un hombre por feminicidio agravado y otros delitos<\/span><\/a><span lang=\"ES\">\u00a0<\/span><span lang=\"ES\">\u00a0<\/span><\/p>\n\n<div class=\"twitter-share\"><a href=\"https:\/\/twitter.com\/intent\/tweet?via=fiscaliacol\" class=\"twitter-share-button\">Tweet<\/a><\/div>\n","protected":false},"excerpt":{"rendered":"<p>Por solicitud de la Fiscal\u00eda, el juez 31 penal con funciones de control de garant\u00edas de Cali (Valle del Cauca) afect\u00f3 con medida de aseguramiento en centro carcelario a Jos\u00e9 [&hellip;]<\/p>\n","protected":false},"author":162,"featured_media":0,"comment_status":"closed","ping_status":"open","sticky":false,"template":"","format":"video","meta":{"tdm_status":"","tdm_grid_status":"","footnotes":""},"categories":[324,303,24099],"tags":[14729,24526,24481,1047,17503,1176],"class_list":["post-213652","post","type-post","status-publish","format-video","category-seccional-cali","category-seccionales","category-seguridad-territorial","tag-feminicidio-agravado","tag-fiscal-general-francisco-barbosa-delgado","tag-fiscalia-de-colombia","tag-fiscalia-general-de-la-nacion","tag-maltrato-fisico","tag-violencia-de-genero","post_format-post-format-video"],"yoast_head":"<!-- This site is optimized with the Yoast SEO plugin v24.3 - https:\/\/yoast.com\/wordpress\/plugins\/seo\/ -->\n<title>Fiscal\u00eda General de la Naci\u00f3n<\/title>\n<meta name=\"description\" content=\"P\u00e1gina oficial de la Fiscal\u00eda General de la Naci\u00f3n \u2013 Colombia. Garantizamos el acceso efectivo a la justicia, la verdad y la reparaci\u00f3n de las v\u00edctimas de los delitos.\" \/>\n<meta name=\"robots\" content=\"noindex, follow\" \/>\n<meta property=\"og:locale\" content=\"es_ES\" \/>\n<meta property=\"og:type\" content=\"article\" \/>\n<meta property=\"og:title\" content=\"Fiscal\u00eda General de la Naci\u00f3n\" \/>\n<meta property=\"og:description\" content=\"P\u00e1gina oficial de la Fiscal\u00eda General de la Naci\u00f3n \u2013 Colombia. Garantizamos el acceso efectivo a la justicia, la verdad y la reparaci\u00f3n de las v\u00edctimas de los delitos.\" \/>\n<meta property=\"og:url\" content=\"https:\/\/www.fiscalia.gov.co\/colombia\/seccionales\/privado-de-la-libertad-un-hombre-que-acepto-cargos-por-feminicidio-agravado-de-su-expareja-en-cali\/\" \/>\n<meta property=\"og:site_name\" content=\"Fiscal\u00eda General de la Naci\u00f3n\" \/>\n<meta property=\"article:publisher\" content=\"https:\/\/www.facebook.com\/FiscaliaCol\" \/>\n<meta property=\"article:published_time\" content=\"2021-02-18T16:45:07+00:00\" \/>\n<meta property=\"article:modified_time\" content=\"2021-02-23T16:40:37+00:00\" \/>\n<meta name=\"author\" content=\"Direcci\u00f3n de Comunicaciones Fiscal\u00eda General de la Naci\u00f3n\" \/>\n<meta name=\"twitter:card\" content=\"summary_large_image\" \/>\n<meta name=\"twitter:creator\" content=\"@FiscaliaCol\" \/>\n<meta name=\"twitter:site\" content=\"@FiscaliaCol\" \/>\n<meta name=\"twitter:label1\" content=\"Escrito por\" \/>\n\t<meta name=\"twitter:data1\" content=\"Direcci\u00f3n de Comunicaciones Fiscal\u00eda General de la Naci\u00f3n\" \/>\n\t<meta name=\"twitter:label2\" content=\"Tiempo de lectura\" \/>\n\t<meta name=\"twitter:data2\" content=\"3 minutos\" \/>\n<script type=\"application\/ld+json\" class=\"yoast-schema-graph\">{\"@context\":\"https:\/\/schema.org\",\"@graph\":[{\"@type\":\"Article\",\"@id\":\"https:\/\/www.fiscalia.gov.co\/colombia\/seccionales\/privado-de-la-libertad-un-hombre-que-acepto-cargos-por-feminicidio-agravado-de-su-expareja-en-cali\/#article\",\"isPartOf\":{\"@id\":\"https:\/\/www.fiscalia.gov.co\/colombia\/seccionales\/privado-de-la-libertad-un-hombre-que-acepto-cargos-por-feminicidio-agravado-de-su-expareja-en-cali\/\"},\"author\":{\"name\":\"Direcci\u00f3n de Comunicaciones Fiscal\u00eda General de la Naci\u00f3n\",\"@id\":\"https:\/\/www.fiscalia.gov.co\/colombia\/#\/schema\/person\/bf28d8ae7f1b287bbe3af484b04f43ea\"},\"headline\":\"Privado de la libertad un hombre que acept\u00f3 cargos por feminicidio agravado de su expareja en Cali\",\"datePublished\":\"2021-02-18T16:45:07+00:00\",\"dateModified\":\"2021-02-23T16:40:37+00:00\",\"mainEntityOfPage\":{\"@id\":\"https:\/\/www.fiscalia.gov.co\/colombia\/seccionales\/privado-de-la-libertad-un-hombre-que-acepto-cargos-por-feminicidio-agravado-de-su-expareja-en-cali\/\"},\"wordCount\":590,\"publisher\":{\"@id\":\"https:\/\/www.fiscalia.gov.co\/colombia\/#organization\"},\"keywords\":[\"Feminicidio agravado\",\"Fiscal General Francisco Barbosa Delgado\",\"Fiscal\u00eda de Colombia\",\"Fiscal\u00eda General de la Naci\u00f3n\",\"Maltrato f\u00edsico\",\"Violencia de g\u00e9nero\"],\"articleSection\":[\"Seccional Cali\",\"Seccionales\",\"Seguridad territorial\"],\"inLanguage\":\"es-CO\"},{\"@type\":\"WebPage\",\"@id\":\"https:\/\/www.fiscalia.gov.co\/colombia\/seccionales\/privado-de-la-libertad-un-hombre-que-acepto-cargos-por-feminicidio-agravado-de-su-expareja-en-cali\/\",\"url\":\"https:\/\/www.fiscalia.gov.co\/colombia\/seccionales\/privado-de-la-libertad-un-hombre-que-acepto-cargos-por-feminicidio-agravado-de-su-expareja-en-cali\/\",\"name\":\"Fiscal\u00eda General de la Naci\u00f3n\",\"isPartOf\":{\"@id\":\"https:\/\/www.fiscalia.gov.co\/colombia\/#website\"},\"datePublished\":\"2021-02-18T16:45:07+00:00\",\"dateModified\":\"2021-02-23T16:40:37+00:00\",\"description\":\"P\u00e1gina oficial de la Fiscal\u00eda General de la Naci\u00f3n \u2013 Colombia. Garantizamos el acceso efectivo a la justicia, la verdad y la reparaci\u00f3n de las v\u00edctimas de los delitos.\",\"breadcrumb\":{\"@id\":\"https:\/\/www.fiscalia.gov.co\/colombia\/seccionales\/privado-de-la-libertad-un-hombre-que-acepto-cargos-por-feminicidio-agravado-de-su-expareja-en-cali\/#breadcrumb\"},\"inLanguage\":\"es-CO\",\"potentialAction\":[{\"@type\":\"ReadAction\",\"target\":[\"https:\/\/www.fiscalia.gov.co\/colombia\/seccionales\/privado-de-la-libertad-un-hombre-que-acepto-cargos-por-feminicidio-agravado-de-su-expareja-en-cali\/\"]}]},{\"@type\":\"BreadcrumbList\",\"@id\":\"https:\/\/www.fiscalia.gov.co\/colombia\/seccionales\/privado-de-la-libertad-un-hombre-que-acepto-cargos-por-feminicidio-agravado-de-su-expareja-en-cali\/#breadcrumb\",\"itemListElement\":[{\"@type\":\"ListItem\",\"position\":1,\"name\":\"Home\",\"item\":\"https:\/\/www.fiscalia.gov.co\/colombia\/\"},{\"@type\":\"ListItem\",\"position\":2,\"name\":\"Privado de la libertad un hombre que acept\u00f3 cargos por feminicidio agravado de su expareja en Cali\"}]},{\"@type\":\"WebSite\",\"@id\":\"https:\/\/www.fiscalia.gov.co\/colombia\/#website\",\"url\":\"https:\/\/www.fiscalia.gov.co\/colombia\/\",\"name\":\"Fiscal\u00eda General de la Naci\u00f3n\",\"description\":\"P\u00e1gina oficial de la Fiscal\u00eda General de la Naci\u00f3n \u2013 Colombia. Garantizamos el acceso efectivo a la justicia, la verdad y la reparaci\u00f3n de las v\u00edctimas de los delitos.\",\"publisher\":{\"@id\":\"https:\/\/www.fiscalia.gov.co\/colombia\/#organization\"},\"potentialAction\":[{\"@type\":\"SearchAction\",\"target\":{\"@type\":\"EntryPoint\",\"urlTemplate\":\"https:\/\/www.fiscalia.gov.co\/colombia\/?s={search_term_string}\"},\"query-input\":{\"@type\":\"PropertyValueSpecification\",\"valueRequired\":true,\"valueName\":\"search_term_string\"}}],\"inLanguage\":\"es-CO\"},{\"@type\":\"Organization\",\"@id\":\"https:\/\/www.fiscalia.gov.co\/colombia\/#organization\",\"name\":\"Fiscal\u00eda General de la Naci\u00f3n\",\"url\":\"https:\/\/www.fiscalia.gov.co\/colombia\/\",\"logo\":{\"@type\":\"ImageObject\",\"inLanguage\":\"es-CO\",\"@id\":\"https:\/\/www.fiscalia.gov.co\/colombia\/#\/schema\/logo\/image\/\",\"url\":\"https:\/\/www.fiscalia.gov.co\/colombia\/wp-content\/uploads\/LogoHorizontal_1.jpg\",\"contentUrl\":\"https:\/\/www.fiscalia.gov.co\/colombia\/wp-content\/uploads\/LogoHorizontal_1.jpg\",\"width\":300,\"height\":90,\"caption\":\"Fiscal\u00eda General de la Naci\u00f3n\"},\"image\":{\"@id\":\"https:\/\/www.fiscalia.gov.co\/colombia\/#\/schema\/logo\/image\/\"},\"sameAs\":[\"https:\/\/www.facebook.com\/FiscaliaCol\",\"https:\/\/x.com\/FiscaliaCol\",\"https:\/\/www.instagram.com\/fiscaliacol\",\"https:\/\/www.linkedin.com\/company\/fiscalia-general-de-la-naci-n\/\",\"https:\/\/youtube.com\/@fiscaliageneraldelanacion-4668?si=6nN79nyQICPU5iTh\"]},{\"@type\":\"Person\",\"@id\":\"https:\/\/www.fiscalia.gov.co\/colombia\/#\/schema\/person\/bf28d8ae7f1b287bbe3af484b04f43ea\",\"name\":\"Direcci\u00f3n de Comunicaciones Fiscal\u00eda General de la Naci\u00f3n\",\"image\":{\"@type\":\"ImageObject\",\"inLanguage\":\"es-CO\",\"@id\":\"https:\/\/www.fiscalia.gov.co\/colombia\/#\/schema\/person\/image\/\",\"url\":\"https:\/\/secure.gravatar.com\/avatar\/9d55ae161d32da16dbdd0b380c080a5f?s=96&d=mm&r=g\",\"contentUrl\":\"https:\/\/secure.gravatar.com\/avatar\/9d55ae161d32da16dbdd0b380c080a5f?s=96&d=mm&r=g\",\"caption\":\"Direcci\u00f3n de Comunicaciones Fiscal\u00eda General de la Naci\u00f3n\"},\"url\":\"https:\/\/www.fiscalia.gov.co\/colombia\/author\/kbonilla\/\"}]}<\/script>\n<!-- \/ Yoast SEO plugin. -->","yoast_head_json":{"title":"Fiscal\u00eda General de la Naci\u00f3n","description":"P\u00e1gina oficial de la Fiscal\u00eda General de la Naci\u00f3n \u2013 Colombia. Garantizamos el acceso efectivo a la justicia, la verdad y la reparaci\u00f3n de las v\u00edctimas de los delitos.","robots":{"index":"noindex","follow":"follow"},"og_locale":"es_ES","og_type":"article","og_title":"Fiscal\u00eda General de la Naci\u00f3n","og_description":"P\u00e1gina oficial de la Fiscal\u00eda General de la Naci\u00f3n \u2013 Colombia. Garantizamos el acceso efectivo a la justicia, la verdad y la reparaci\u00f3n de las v\u00edctimas de los delitos.","og_url":"https:\/\/www.fiscalia.gov.co\/colombia\/seccionales\/privado-de-la-libertad-un-hombre-que-acepto-cargos-por-feminicidio-agravado-de-su-expareja-en-cali\/","og_site_name":"Fiscal\u00eda General de la Naci\u00f3n","article_publisher":"https:\/\/www.facebook.com\/FiscaliaCol","article_published_time":"2021-02-18T16:45:07+00:00","article_modified_time":"2021-02-23T16:40:37+00:00","author":"Direcci\u00f3n de Comunicaciones Fiscal\u00eda General de la Naci\u00f3n","twitter_card":"summary_large_image","twitter_creator":"@FiscaliaCol","twitter_site":"@FiscaliaCol","twitter_misc":{"Escrito por":"Direcci\u00f3n de Comunicaciones Fiscal\u00eda General de la Naci\u00f3n","Tiempo de lectura":"3 minutos"},"schema":{"@context":"https:\/\/schema.org","@graph":[{"@type":"Article","@id":"https:\/\/www.fiscalia.gov.co\/colombia\/seccionales\/privado-de-la-libertad-un-hombre-que-acepto-cargos-por-feminicidio-agravado-de-su-expareja-en-cali\/#article","isPartOf":{"@id":"https:\/\/www.fiscalia.gov.co\/colombia\/seccionales\/privado-de-la-libertad-un-hombre-que-acepto-cargos-por-feminicidio-agravado-de-su-expareja-en-cali\/"},"author":{"name":"Direcci\u00f3n de Comunicaciones Fiscal\u00eda General de la Naci\u00f3n","@id":"https:\/\/www.fiscalia.gov.co\/colombia\/#\/schema\/person\/bf28d8ae7f1b287bbe3af484b04f43ea"},"headline":"Privado de la libertad un hombre que acept\u00f3 cargos por feminicidio agravado de su expareja en Cali","datePublished":"2021-02-18T16:45:07+00:00","dateModified":"2021-02-23T16:40:37+00:00","mainEntityOfPage":{"@id":"https:\/\/www.fiscalia.gov.co\/colombia\/seccionales\/privado-de-la-libertad-un-hombre-que-acepto-cargos-por-feminicidio-agravado-de-su-expareja-en-cali\/"},"wordCount":590,"publisher":{"@id":"https:\/\/www.fiscalia.gov.co\/colombia\/#organization"},"keywords":["Feminicidio agravado","Fiscal General Francisco Barbosa Delgado","Fiscal\u00eda de Colombia","Fiscal\u00eda General de la Naci\u00f3n","Maltrato f\u00edsico","Violencia de g\u00e9nero"],"articleSection":["Seccional Cali","Seccionales","Seguridad territorial"],"inLanguage":"es-CO"},{"@type":"WebPage","@id":"https:\/\/www.fiscalia.gov.co\/colombia\/seccionales\/privado-de-la-libertad-un-hombre-que-acepto-cargos-por-feminicidio-agravado-de-su-expareja-en-cali\/","url":"https:\/\/www.fiscalia.gov.co\/colombia\/seccionales\/privado-de-la-libertad-un-hombre-que-acepto-cargos-por-feminicidio-agravado-de-su-expareja-en-cali\/","name":"Fiscal\u00eda General de la Naci\u00f3n","isPartOf":{"@id":"https:\/\/www.fiscalia.gov.co\/colombia\/#website"},"datePublished":"2021-02-18T16:45:07+00:00","dateModified":"2021-02-23T16:40:37+00:00","description":"P\u00e1gina oficial de la Fiscal\u00eda General de la Naci\u00f3n \u2013 Colombia. Garantizamos el acceso efectivo a la justicia, la verdad y la reparaci\u00f3n de las v\u00edctimas de los delitos.","breadcrumb":{"@id":"https:\/\/www.fiscalia.gov.co\/colombia\/seccionales\/privado-de-la-libertad-un-hombre-que-acepto-cargos-por-feminicidio-agravado-de-su-expareja-en-cali\/#breadcrumb"},"inLanguage":"es-CO","potentialAction":[{"@type":"ReadAction","target":["https:\/\/www.fiscalia.gov.co\/colombia\/seccionales\/privado-de-la-libertad-un-hombre-que-acepto-cargos-por-feminicidio-agravado-de-su-expareja-en-cali\/"]}]},{"@type":"BreadcrumbList","@id":"https:\/\/www.fiscalia.gov.co\/colombia\/seccionales\/privado-de-la-libertad-un-hombre-que-acepto-cargos-por-feminicidio-agravado-de-su-expareja-en-cali\/#breadcrumb","itemListElement":[{"@type":"ListItem","position":1,"name":"Home","item":"https:\/\/www.fiscalia.gov.co\/colombia\/"},{"@type":"ListItem","position":2,"name":"Privado de la libertad un hombre que acept\u00f3 cargos por feminicidio agravado de su expareja en Cali"}]},{"@type":"WebSite","@id":"https:\/\/www.fiscalia.gov.co\/colombia\/#website","url":"https:\/\/www.fiscalia.gov.co\/colombia\/","name":"Fiscal\u00eda General de la Naci\u00f3n","description":"P\u00e1gina oficial de la Fiscal\u00eda General de la Naci\u00f3n \u2013 Colombia. Garantizamos el acceso efectivo a la justicia, la verdad y la reparaci\u00f3n de las v\u00edctimas de los delitos.","publisher":{"@id":"https:\/\/www.fiscalia.gov.co\/colombia\/#organization"},"potentialAction":[{"@type":"SearchAction","target":{"@type":"EntryPoint","urlTemplate":"https:\/\/www.fiscalia.gov.co\/colombia\/?s={search_term_string}"},"query-input":{"@type":"PropertyValueSpecification","valueRequired":true,"valueName":"search_term_string"}}],"inLanguage":"es-CO"},{"@type":"Organization","@id":"https:\/\/www.fiscalia.gov.co\/colombia\/#organization","name":"Fiscal\u00eda General de la Naci\u00f3n","url":"https:\/\/www.fiscalia.gov.co\/colombia\/","logo":{"@type":"ImageObject","inLanguage":"es-CO","@id":"https:\/\/www.fiscalia.gov.co\/colombia\/#\/schema\/logo\/image\/","url":"https:\/\/www.fiscalia.gov.co\/colombia\/wp-content\/uploads\/LogoHorizontal_1.jpg","contentUrl":"https:\/\/www.fiscalia.gov.co\/colombia\/wp-content\/uploads\/LogoHorizontal_1.jpg","width":300,"height":90,"caption":"Fiscal\u00eda General de la Naci\u00f3n"},"image":{"@id":"https:\/\/www.fiscalia.gov.co\/colombia\/#\/schema\/logo\/image\/"},"sameAs":["https:\/\/www.facebook.com\/FiscaliaCol","https:\/\/x.com\/FiscaliaCol","https:\/\/www.instagram.com\/fiscaliacol","https:\/\/www.linkedin.com\/company\/fiscalia-general-de-la-naci-n\/","https:\/\/youtube.com\/@fiscaliageneraldelanacion-4668?si=6nN79nyQICPU5iTh"]},{"@type":"Person","@id":"https:\/\/www.fiscalia.gov.co\/colombia\/#\/schema\/person\/bf28d8ae7f1b287bbe3af484b04f43ea","name":"Direcci\u00f3n de Comunicaciones Fiscal\u00eda General de la Naci\u00f3n","image":{"@type":"ImageObject","inLanguage":"es-CO","@id":"https:\/\/www.fiscalia.gov.co\/colombia\/#\/schema\/person\/image\/","url":"https:\/\/secure.gravatar.com\/avatar\/9d55ae161d32da16dbdd0b380c080a5f?s=96&d=mm&r=g","contentUrl":"https:\/\/secure.gravatar.com\/avatar\/9d55ae161d32da16dbdd0b380c080a5f?s=96&d=mm&r=g","caption":"Direcci\u00f3n de Comunicaciones Fiscal\u00eda General de la Naci\u00f3n"},"url":"https:\/\/www.fiscalia.gov.co\/colombia\/author\/kbonilla\/"}]}},"_links":{"self":[{"href":"https:\/\/www.fiscalia.gov.co\/colombia\/wp-json\/wp\/v2\/posts\/213652","targetHints":{"allow":["GET"]}}],"collection":[{"href":"https:\/\/www.fiscalia.gov.co\/colombia\/wp-json\/wp\/v2\/posts"}],"about":[{"href":"https:\/\/www.fiscalia.gov.co\/colombia\/wp-json\/wp\/v2\/types\/post"}],"author":[{"embeddable":true,"href":"https:\/\/www.fiscalia.gov.co\/colombia\/wp-json\/wp\/v2\/users\/162"}],"replies":[{"embeddable":true,"href":"https:\/\/www.fiscalia.gov.co\/colombia\/wp-json\/wp\/v2\/comments?post=213652"}],"version-history":[{"count":2,"href":"https:\/\/www.fiscalia.gov.co\/colombia\/wp-json\/wp\/v2\/posts\/213652\/revisions"}],"predecessor-version":[{"id":214134,"href":"https:\/\/www.fiscalia.gov.co\/colombia\/wp-json\/wp\/v2\/posts\/213652\/revisions\/214134"}],"wp:attachment":[{"href":"https:\/\/www.fiscalia.gov.co\/colombia\/wp-json\/wp\/v2\/media?parent=213652"}],"wp:term":[{"taxonomy":"category","embeddable":true,"href":"https:\/\/www.fiscalia.gov.co\/colombia\/wp-json\/wp\/v2\/categories?post=213652"},{"taxonomy":"post_tag","embeddable":true,"href":"https:\/\/www.fiscalia.gov.co\/colombia\/wp-json\/wp\/v2\/tags?post=213652"}],"curies":[{"name":"wp","href":"https:\/\/api.w.org\/{rel}","templated":true}]}}