{"id":213277,"date":"2021-02-13T14:59:20","date_gmt":"2021-02-13T19:59:20","guid":{"rendered":"https:\/\/www.fiscalia.gov.co\/colombia\/?p=213277"},"modified":"2021-02-22T14:21:32","modified_gmt":"2021-02-22T19:21:32","slug":"asegurados-tres-hombres-que-presuntamente-se-hacian-pasar-por-conductores-de-transporte-publico-para-abusar-sexualmente-de-sus-pasajeras","status":"publish","type":"post","link":"https:\/\/www.fiscalia.gov.co\/colombia\/violencia-sexual-e-intrafamiliar\/asegurados-tres-hombres-que-presuntamente-se-hacian-pasar-por-conductores-de-transporte-publico-para-abusar-sexualmente-de-sus-pasajeras\/","title":{"rendered":"Asegurados tres hombres que, presuntamente, se hac\u00edan pasar por conductores de transporte p\u00fablico para abusar sexualmente de sus pasajeras"},"content":{"rendered":"<p class=\"x_Cuerpo\"><span class=\"x_Ninguno\"><span lang=\"ES-TRAD\">Por solicitud de un fiscal de la Seccional Atl\u00e1ntico, un juez de control de garant\u00edas de Barranquilla cobij\u00f3 con medida de aseguramiento en centro carcelario a: J<b>ean Carlos Escorcia Nova, alias El Menor<\/b>;\u00a0<\/span><\/span><span class=\"x_Ninguno\"><b><span lang=\"PT\">Ricardo Rodr<\/span><span lang=\"ES-TRAD\">\u00edguez Guti<\/span><\/b><\/span><span class=\"x_Ninguno\"><b><span lang=\"FR\">\u00e9<\/span><span lang=\"ES-TRAD\">rrez, alias El Picha<\/span><\/b><span lang=\"ES-TRAD\">, y a\u00a0<\/span><\/span><span class=\"x_Ninguno\"><b><span lang=\"PT\">Antony Edgardo Amaris Jim<\/span><\/b><\/span><span class=\"x_Ninguno\"><b><span lang=\"FR\">\u00e9<\/span><span lang=\"ES-TRAD\">nez<\/span><\/b><span lang=\"ES-TRAD\">, presuntamente, responsables de los delitos de\u00a0<\/span><\/span><span lang=\"ES-TRAD\"><a href=\"https:\/\/www.fiscalia.gov.co\/colombia\/seccionales\/asegurado-por-secuestro-simple-y-hurto-de-tres-ciclomontanistas\/\" target=\"_blank\" rel=\"noopener noreferrer\" data-auth=\"NotApplicable\"><span class=\"x_Hyperlink0\"><b>secuestro simple<\/b><\/span><\/a><span class=\"x_Ninguno\">,\u00a0<\/span><a href=\"https:\/\/www.fiscalia.gov.co\/colombia\/seccionales\/fiscalia-del-huila-apelo-decision-de-libertad-para-un-mototaxista-imputado-por-acceso-carnal-violento-a-una-de-sus-pasajeras\/\" target=\"_blank\" rel=\"noopener noreferrer\" data-auth=\"NotApplicable\"><span class=\"x_Hyperlink0\"><b><span lang=\"IT\">acceso carnal violento<\/span>\u00a0agravado<\/b><\/span><\/a><span class=\"x_Ninguno\">\u00a0y\u00a0<\/span><a href=\"https:\/\/www.fiscalia.gov.co\/colombia\/seccionales\/capturado-para-cumplir-condena-por-hurto-calificado-agravado-4\/\" target=\"_blank\" rel=\"noopener noreferrer\" data-auth=\"NotApplicable\"><span class=\"x_Hyperlink0\"><b><span lang=\"PT\">hurto calificado agravado<\/span><\/b><\/span><\/a><\/span><span class=\"x_Ninguno\"><span lang=\"PT\">\u00a0<\/span><span lang=\"ES-TRAD\">que ser\u00edan cometidos en varios municipios del Atl\u00e1ntico, principalmente, en Soledad y en Barranquilla.<\/span><\/span><\/p>\n<p class=\"x_Cuerpo\"><span class=\"x_Ninguno\"><span lang=\"ES-TRAD\">Labores de polic\u00eda judicial evidenciaron c\u00f3mo los procesados, al parecer, se val\u00edan de dos veh\u00edculos en los que prestaban el servicio de trasporte p\u00fablico colectivo, lo cual les permit\u00eda recoger a varias personas durante los trayectos.<\/span><\/span><\/p>\n<p class=\"x_Cuerpo\"><span class=\"x_Ninguno\"><span lang=\"ES-TRAD\">Los implicados fueron individualizados luego de conocer, al menos, 10 denuncias de mujeres quienes relataron c\u00f3mo los procesados las habr\u00edan abusado sexualmente. La evidencia f\u00edsica recaudada demostrar\u00eda que uno de los capturados cumpl\u00eda el rol de conductor y los dem\u00e1s el de pasajeros.<\/span><\/span><\/p>\n<p class=\"x_Cuerpo\"><span class=\"x_Ninguno\"><span lang=\"ES-TRAD\">Las mujeres sub\u00edan a los veh\u00edculos que hab\u00edan solicitado previamente. Durante el recorrido las pasajeras eran intimidadas, sus pertenencias les eran hurtadas y algunas, al parecer, eran abusadas sexualmente y luego abandonadas en lugares despoblados.<\/span><\/span><\/p>\n<p class=\"x_Cuerpo\"><span class=\"x_Ninguno\"><span lang=\"ES-TRAD\">Los imputados fueron capturados por integrantes del Cuerpo T<\/span><\/span><span class=\"x_Ninguno\"><span lang=\"FR\">\u00e9<\/span><span lang=\"ES-TRAD\">cnico de Investigaci\u00f3n (CTI) de la Fiscal\u00eda en coordinaci\u00f3n con miembros de la Polic\u00eda Nacional y del Ej<\/span><\/span><span class=\"x_Ninguno\"><span lang=\"FR\">\u00e9<\/span><\/span><span class=\"x_Ninguno\"><span lang=\"PT\">rcito Nacional.<\/span><\/span><\/p>\n<p class=\"x_Cuerpo\"><span lang=\"ES-TRAD\">Las acciones de la Fiscal\u00eda se dan en el marco del\u00a0<span class=\"x_Ninguno\"><b>Direccionamiento Estrat<\/b><\/span><\/span><span class=\"x_Ninguno\"><b><span lang=\"FR\">\u00e9<\/span><span lang=\"ES-TRAD\">gico 2020-2024 trazado por el Fiscal General de la Naci\u00f3<\/span><\/b><\/span><span class=\"x_Ninguno\"><b><span lang=\"PT\">n, Francisco Barbosa Delgado<\/span><\/b><\/span><span lang=\"ES-TRAD\">, para quien la seguridad ciudadana es una prioridad, al igual que los delitos que atentan contra las mujeres.<\/span><\/p>\n<p class=\"x_Cuerpo\"><span lang=\"ES-TRAD\">La Fiscal\u00eda publica esta informaci\u00f3n por razones de inter<\/span><span lang=\"FR\">\u00e9<\/span><span lang=\"PT\">s general.<\/span><\/p>\n<p class=\"x_Cuerpo\"><span lang=\"ES-TRAD\">\u00a0 \u00a0 \u00a0 \u00a0 \u00a0 \u00a0 \u00a0 \u00a0 \u00a0 \u00a0 \u00a0 \u00a0 \u00a0 \u00a0 \u00a0 \u00a0 \u00a0 \u00a0 \u00a0 \u00a0 \u00a0 \u00a0 \u00a0 \u00a0 \u00a0 \u00a0 \u00a0 \u00a0 \u00a0 \u00a0 \u00a0 \u00a0 \u00a0 \u00a0 \u00a0 \u00a0 \u00a0 <\/span><span lang=\"ES-TRAD\">\u00a0 \u00a0 \u00a0 \u00a0 \u00a0 \u00a0 \u00a0 \u00a0 \u00a0 \u00a0 \u00a0 \u00a0 \u00a0 \u00a0 \u00a0 \u00a0 \u00a0SKCR\/MAGA\/VPIZ\/MCRC<\/span><\/p>\n<p><em><span lang=\"ES\">La informaci\u00f3n contenida en este bolet\u00edn de prensa corresponde a la narraci\u00f3n de los hechos noticiosos objetivos, suministrados por los funcionarios encargados de adelantar las investigaciones penales al interior de la Fiscal\u00eda General de la Naci\u00f3n. Para el momento de la divulgaci\u00f3n de este comunicado, la situaci\u00f3n jur\u00eddica de la(s) persona(s) relacionada(s) se encuentra pendiente de resolver por la autoridad judicial competente, siempre bajo los preceptos de la presunci\u00f3n de inocencia, consagrados en el art\u00edculo 29 de la Constituci\u00f3n Pol\u00edtica y el art\u00edculo 7\u00ba de la Ley 906 de 2004.<\/span><\/em><\/p>\n<p>&nbsp;<\/p>\n\n<div class=\"twitter-share\"><a href=\"https:\/\/twitter.com\/intent\/tweet?via=fiscaliacol\" class=\"twitter-share-button\">Tweet<\/a><\/div>\n","protected":false},"excerpt":{"rendered":"<p>Por solicitud de un fiscal de la Seccional Atl\u00e1ntico, un juez de control de garant\u00edas de Barranquilla cobij\u00f3 con medida de aseguramiento en centro carcelario a: Jean Carlos Escorcia Nova, [&hellip;]<\/p>\n","protected":false},"author":171,"featured_media":0,"comment_status":"closed","ping_status":"open","sticky":false,"template":"","format":"video","meta":{"tdm_status":"","tdm_grid_status":"","footnotes":""},"categories":[320,303,24127],"tags":[801,10,1047,24182,11689],"class_list":["post-213277","post","type-post","status-publish","format-video","category-seccional-barranquilla","category-seccionales","category-violencia-sexual-e-intrafamiliar","tag-abuso-sexual","tag-fiscal-general","tag-fiscalia-general-de-la-nacion","tag-francisco-barbosa-delgado","tag-taxistas","post_format-post-format-video"],"yoast_head":"<!-- This site is optimized with the Yoast SEO plugin v24.3 - https:\/\/yoast.com\/wordpress\/plugins\/seo\/ -->\n<title>Fiscal\u00eda General de la Naci\u00f3n<\/title>\n<meta name=\"description\" content=\"P\u00e1gina oficial de la Fiscal\u00eda General de la Naci\u00f3n \u2013 Colombia. Garantizamos el acceso efectivo a la justicia, la verdad y la reparaci\u00f3n de las v\u00edctimas de los delitos.\" \/>\n<meta name=\"robots\" content=\"noindex, follow\" \/>\n<meta property=\"og:locale\" content=\"es_ES\" \/>\n<meta property=\"og:type\" content=\"article\" \/>\n<meta property=\"og:title\" content=\"Fiscal\u00eda General de la Naci\u00f3n\" \/>\n<meta property=\"og:description\" content=\"P\u00e1gina oficial de la Fiscal\u00eda General de la Naci\u00f3n \u2013 Colombia. Garantizamos el acceso efectivo a la justicia, la verdad y la reparaci\u00f3n de las v\u00edctimas de los delitos.\" \/>\n<meta property=\"og:url\" content=\"https:\/\/www.fiscalia.gov.co\/colombia\/violencia-sexual-e-intrafamiliar\/asegurados-tres-hombres-que-presuntamente-se-hacian-pasar-por-conductores-de-transporte-publico-para-abusar-sexualmente-de-sus-pasajeras\/\" \/>\n<meta property=\"og:site_name\" content=\"Fiscal\u00eda General de la Naci\u00f3n\" \/>\n<meta property=\"article:publisher\" content=\"https:\/\/www.facebook.com\/FiscaliaCol\" \/>\n<meta property=\"article:published_time\" content=\"2021-02-13T19:59:20+00:00\" \/>\n<meta property=\"article:modified_time\" content=\"2021-02-22T19:21:32+00:00\" \/>\n<meta name=\"author\" content=\"Ana Mar\u00eda Gomez\" \/>\n<meta name=\"twitter:card\" content=\"summary_large_image\" \/>\n<meta name=\"twitter:creator\" content=\"@FiscaliaCol\" \/>\n<meta name=\"twitter:site\" content=\"@FiscaliaCol\" \/>\n<meta name=\"twitter:label1\" content=\"Escrito por\" \/>\n\t<meta name=\"twitter:data1\" content=\"Ana Mar\u00eda Gomez\" \/>\n\t<meta name=\"twitter:label2\" content=\"Tiempo de lectura\" \/>\n\t<meta name=\"twitter:data2\" content=\"2 minutos\" \/>\n<script type=\"application\/ld+json\" class=\"yoast-schema-graph\">{\"@context\":\"https:\/\/schema.org\",\"@graph\":[{\"@type\":\"Article\",\"@id\":\"https:\/\/www.fiscalia.gov.co\/colombia\/violencia-sexual-e-intrafamiliar\/asegurados-tres-hombres-que-presuntamente-se-hacian-pasar-por-conductores-de-transporte-publico-para-abusar-sexualmente-de-sus-pasajeras\/#article\",\"isPartOf\":{\"@id\":\"https:\/\/www.fiscalia.gov.co\/colombia\/violencia-sexual-e-intrafamiliar\/asegurados-tres-hombres-que-presuntamente-se-hacian-pasar-por-conductores-de-transporte-publico-para-abusar-sexualmente-de-sus-pasajeras\/\"},\"author\":{\"name\":\"Ana Mar\u00eda Gomez\",\"@id\":\"https:\/\/www.fiscalia.gov.co\/colombia\/#\/schema\/person\/06aa2210fe4d79203f428ff671dee360\"},\"headline\":\"Asegurados tres hombres que, presuntamente, se hac\u00edan pasar por conductores de transporte p\u00fablico para abusar sexualmente de sus pasajeras\",\"datePublished\":\"2021-02-13T19:59:20+00:00\",\"dateModified\":\"2021-02-22T19:21:32+00:00\",\"mainEntityOfPage\":{\"@id\":\"https:\/\/www.fiscalia.gov.co\/colombia\/violencia-sexual-e-intrafamiliar\/asegurados-tres-hombres-que-presuntamente-se-hacian-pasar-por-conductores-de-transporte-publico-para-abusar-sexualmente-de-sus-pasajeras\/\"},\"wordCount\":430,\"publisher\":{\"@id\":\"https:\/\/www.fiscalia.gov.co\/colombia\/#organization\"},\"keywords\":[\"Abuso sexual\",\"Fiscal General\",\"Fiscal\u00eda General de la Naci\u00f3n\",\"Francisco Barbosa Delgado\",\"taxistas\"],\"articleSection\":[\"Seccional Barranquilla\",\"Seccionales\",\"Violencia sexual e intrafamiliar\"],\"inLanguage\":\"es-CO\"},{\"@type\":\"WebPage\",\"@id\":\"https:\/\/www.fiscalia.gov.co\/colombia\/violencia-sexual-e-intrafamiliar\/asegurados-tres-hombres-que-presuntamente-se-hacian-pasar-por-conductores-de-transporte-publico-para-abusar-sexualmente-de-sus-pasajeras\/\",\"url\":\"https:\/\/www.fiscalia.gov.co\/colombia\/violencia-sexual-e-intrafamiliar\/asegurados-tres-hombres-que-presuntamente-se-hacian-pasar-por-conductores-de-transporte-publico-para-abusar-sexualmente-de-sus-pasajeras\/\",\"name\":\"Fiscal\u00eda General de la Naci\u00f3n\",\"isPartOf\":{\"@id\":\"https:\/\/www.fiscalia.gov.co\/colombia\/#website\"},\"datePublished\":\"2021-02-13T19:59:20+00:00\",\"dateModified\":\"2021-02-22T19:21:32+00:00\",\"description\":\"P\u00e1gina oficial de la Fiscal\u00eda General de la Naci\u00f3n \u2013 Colombia. Garantizamos el acceso efectivo a la justicia, la verdad y la reparaci\u00f3n de las v\u00edctimas de los delitos.\",\"breadcrumb\":{\"@id\":\"https:\/\/www.fiscalia.gov.co\/colombia\/violencia-sexual-e-intrafamiliar\/asegurados-tres-hombres-que-presuntamente-se-hacian-pasar-por-conductores-de-transporte-publico-para-abusar-sexualmente-de-sus-pasajeras\/#breadcrumb\"},\"inLanguage\":\"es-CO\",\"potentialAction\":[{\"@type\":\"ReadAction\",\"target\":[\"https:\/\/www.fiscalia.gov.co\/colombia\/violencia-sexual-e-intrafamiliar\/asegurados-tres-hombres-que-presuntamente-se-hacian-pasar-por-conductores-de-transporte-publico-para-abusar-sexualmente-de-sus-pasajeras\/\"]}]},{\"@type\":\"BreadcrumbList\",\"@id\":\"https:\/\/www.fiscalia.gov.co\/colombia\/violencia-sexual-e-intrafamiliar\/asegurados-tres-hombres-que-presuntamente-se-hacian-pasar-por-conductores-de-transporte-publico-para-abusar-sexualmente-de-sus-pasajeras\/#breadcrumb\",\"itemListElement\":[{\"@type\":\"ListItem\",\"position\":1,\"name\":\"Home\",\"item\":\"https:\/\/www.fiscalia.gov.co\/colombia\/\"},{\"@type\":\"ListItem\",\"position\":2,\"name\":\"Asegurados tres hombres que, presuntamente, se hac\u00edan pasar por conductores de transporte p\u00fablico para abusar sexualmente de sus pasajeras\"}]},{\"@type\":\"WebSite\",\"@id\":\"https:\/\/www.fiscalia.gov.co\/colombia\/#website\",\"url\":\"https:\/\/www.fiscalia.gov.co\/colombia\/\",\"name\":\"Fiscal\u00eda General de la Naci\u00f3n\",\"description\":\"P\u00e1gina oficial de la Fiscal\u00eda General de la Naci\u00f3n \u2013 Colombia. Garantizamos el acceso efectivo a la justicia, la verdad y la reparaci\u00f3n de las v\u00edctimas de los delitos.\",\"publisher\":{\"@id\":\"https:\/\/www.fiscalia.gov.co\/colombia\/#organization\"},\"potentialAction\":[{\"@type\":\"SearchAction\",\"target\":{\"@type\":\"EntryPoint\",\"urlTemplate\":\"https:\/\/www.fiscalia.gov.co\/colombia\/?s={search_term_string}\"},\"query-input\":{\"@type\":\"PropertyValueSpecification\",\"valueRequired\":true,\"valueName\":\"search_term_string\"}}],\"inLanguage\":\"es-CO\"},{\"@type\":\"Organization\",\"@id\":\"https:\/\/www.fiscalia.gov.co\/colombia\/#organization\",\"name\":\"Fiscal\u00eda General de la Naci\u00f3n\",\"url\":\"https:\/\/www.fiscalia.gov.co\/colombia\/\",\"logo\":{\"@type\":\"ImageObject\",\"inLanguage\":\"es-CO\",\"@id\":\"https:\/\/www.fiscalia.gov.co\/colombia\/#\/schema\/logo\/image\/\",\"url\":\"https:\/\/www.fiscalia.gov.co\/colombia\/wp-content\/uploads\/LogoHorizontal_1.jpg\",\"contentUrl\":\"https:\/\/www.fiscalia.gov.co\/colombia\/wp-content\/uploads\/LogoHorizontal_1.jpg\",\"width\":300,\"height\":90,\"caption\":\"Fiscal\u00eda General de la Naci\u00f3n\"},\"image\":{\"@id\":\"https:\/\/www.fiscalia.gov.co\/colombia\/#\/schema\/logo\/image\/\"},\"sameAs\":[\"https:\/\/www.facebook.com\/FiscaliaCol\",\"https:\/\/x.com\/FiscaliaCol\",\"https:\/\/www.instagram.com\/fiscaliacol\",\"https:\/\/www.linkedin.com\/company\/fiscalia-general-de-la-naci-n\/\",\"https:\/\/youtube.com\/@fiscaliageneraldelanacion-4668?si=6nN79nyQICPU5iTh\"]},{\"@type\":\"Person\",\"@id\":\"https:\/\/www.fiscalia.gov.co\/colombia\/#\/schema\/person\/06aa2210fe4d79203f428ff671dee360\",\"name\":\"Ana Mar\u00eda Gomez\",\"image\":{\"@type\":\"ImageObject\",\"inLanguage\":\"es-CO\",\"@id\":\"https:\/\/www.fiscalia.gov.co\/colombia\/#\/schema\/person\/image\/\",\"url\":\"https:\/\/secure.gravatar.com\/avatar\/a38115d98a7f8a96cbb96af2b2c37a0b?s=96&d=mm&r=g\",\"contentUrl\":\"https:\/\/secure.gravatar.com\/avatar\/a38115d98a7f8a96cbb96af2b2c37a0b?s=96&d=mm&r=g\",\"caption\":\"Ana Mar\u00eda Gomez\"},\"url\":\"https:\/\/www.fiscalia.gov.co\/colombia\/author\/agomez\/\"}]}<\/script>\n<!-- \/ Yoast SEO plugin. -->","yoast_head_json":{"title":"Fiscal\u00eda General de la Naci\u00f3n","description":"P\u00e1gina oficial de la Fiscal\u00eda General de la Naci\u00f3n \u2013 Colombia. Garantizamos el acceso efectivo a la justicia, la verdad y la reparaci\u00f3n de las v\u00edctimas de los delitos.","robots":{"index":"noindex","follow":"follow"},"og_locale":"es_ES","og_type":"article","og_title":"Fiscal\u00eda General de la Naci\u00f3n","og_description":"P\u00e1gina oficial de la Fiscal\u00eda General de la Naci\u00f3n \u2013 Colombia. Garantizamos el acceso efectivo a la justicia, la verdad y la reparaci\u00f3n de las v\u00edctimas de los delitos.","og_url":"https:\/\/www.fiscalia.gov.co\/colombia\/violencia-sexual-e-intrafamiliar\/asegurados-tres-hombres-que-presuntamente-se-hacian-pasar-por-conductores-de-transporte-publico-para-abusar-sexualmente-de-sus-pasajeras\/","og_site_name":"Fiscal\u00eda General de la Naci\u00f3n","article_publisher":"https:\/\/www.facebook.com\/FiscaliaCol","article_published_time":"2021-02-13T19:59:20+00:00","article_modified_time":"2021-02-22T19:21:32+00:00","author":"Ana Mar\u00eda Gomez","twitter_card":"summary_large_image","twitter_creator":"@FiscaliaCol","twitter_site":"@FiscaliaCol","twitter_misc":{"Escrito por":"Ana Mar\u00eda Gomez","Tiempo de lectura":"2 minutos"},"schema":{"@context":"https:\/\/schema.org","@graph":[{"@type":"Article","@id":"https:\/\/www.fiscalia.gov.co\/colombia\/violencia-sexual-e-intrafamiliar\/asegurados-tres-hombres-que-presuntamente-se-hacian-pasar-por-conductores-de-transporte-publico-para-abusar-sexualmente-de-sus-pasajeras\/#article","isPartOf":{"@id":"https:\/\/www.fiscalia.gov.co\/colombia\/violencia-sexual-e-intrafamiliar\/asegurados-tres-hombres-que-presuntamente-se-hacian-pasar-por-conductores-de-transporte-publico-para-abusar-sexualmente-de-sus-pasajeras\/"},"author":{"name":"Ana Mar\u00eda Gomez","@id":"https:\/\/www.fiscalia.gov.co\/colombia\/#\/schema\/person\/06aa2210fe4d79203f428ff671dee360"},"headline":"Asegurados tres hombres que, presuntamente, se hac\u00edan pasar por conductores de transporte p\u00fablico para abusar sexualmente de sus pasajeras","datePublished":"2021-02-13T19:59:20+00:00","dateModified":"2021-02-22T19:21:32+00:00","mainEntityOfPage":{"@id":"https:\/\/www.fiscalia.gov.co\/colombia\/violencia-sexual-e-intrafamiliar\/asegurados-tres-hombres-que-presuntamente-se-hacian-pasar-por-conductores-de-transporte-publico-para-abusar-sexualmente-de-sus-pasajeras\/"},"wordCount":430,"publisher":{"@id":"https:\/\/www.fiscalia.gov.co\/colombia\/#organization"},"keywords":["Abuso sexual","Fiscal General","Fiscal\u00eda General de la Naci\u00f3n","Francisco Barbosa Delgado","taxistas"],"articleSection":["Seccional Barranquilla","Seccionales","Violencia sexual e intrafamiliar"],"inLanguage":"es-CO"},{"@type":"WebPage","@id":"https:\/\/www.fiscalia.gov.co\/colombia\/violencia-sexual-e-intrafamiliar\/asegurados-tres-hombres-que-presuntamente-se-hacian-pasar-por-conductores-de-transporte-publico-para-abusar-sexualmente-de-sus-pasajeras\/","url":"https:\/\/www.fiscalia.gov.co\/colombia\/violencia-sexual-e-intrafamiliar\/asegurados-tres-hombres-que-presuntamente-se-hacian-pasar-por-conductores-de-transporte-publico-para-abusar-sexualmente-de-sus-pasajeras\/","name":"Fiscal\u00eda General de la Naci\u00f3n","isPartOf":{"@id":"https:\/\/www.fiscalia.gov.co\/colombia\/#website"},"datePublished":"2021-02-13T19:59:20+00:00","dateModified":"2021-02-22T19:21:32+00:00","description":"P\u00e1gina oficial de la Fiscal\u00eda General de la Naci\u00f3n \u2013 Colombia. Garantizamos el acceso efectivo a la justicia, la verdad y la reparaci\u00f3n de las v\u00edctimas de los delitos.","breadcrumb":{"@id":"https:\/\/www.fiscalia.gov.co\/colombia\/violencia-sexual-e-intrafamiliar\/asegurados-tres-hombres-que-presuntamente-se-hacian-pasar-por-conductores-de-transporte-publico-para-abusar-sexualmente-de-sus-pasajeras\/#breadcrumb"},"inLanguage":"es-CO","potentialAction":[{"@type":"ReadAction","target":["https:\/\/www.fiscalia.gov.co\/colombia\/violencia-sexual-e-intrafamiliar\/asegurados-tres-hombres-que-presuntamente-se-hacian-pasar-por-conductores-de-transporte-publico-para-abusar-sexualmente-de-sus-pasajeras\/"]}]},{"@type":"BreadcrumbList","@id":"https:\/\/www.fiscalia.gov.co\/colombia\/violencia-sexual-e-intrafamiliar\/asegurados-tres-hombres-que-presuntamente-se-hacian-pasar-por-conductores-de-transporte-publico-para-abusar-sexualmente-de-sus-pasajeras\/#breadcrumb","itemListElement":[{"@type":"ListItem","position":1,"name":"Home","item":"https:\/\/www.fiscalia.gov.co\/colombia\/"},{"@type":"ListItem","position":2,"name":"Asegurados tres hombres que, presuntamente, se hac\u00edan pasar por conductores de transporte p\u00fablico para abusar sexualmente de sus pasajeras"}]},{"@type":"WebSite","@id":"https:\/\/www.fiscalia.gov.co\/colombia\/#website","url":"https:\/\/www.fiscalia.gov.co\/colombia\/","name":"Fiscal\u00eda General de la Naci\u00f3n","description":"P\u00e1gina oficial de la Fiscal\u00eda General de la Naci\u00f3n \u2013 Colombia. Garantizamos el acceso efectivo a la justicia, la verdad y la reparaci\u00f3n de las v\u00edctimas de los delitos.","publisher":{"@id":"https:\/\/www.fiscalia.gov.co\/colombia\/#organization"},"potentialAction":[{"@type":"SearchAction","target":{"@type":"EntryPoint","urlTemplate":"https:\/\/www.fiscalia.gov.co\/colombia\/?s={search_term_string}"},"query-input":{"@type":"PropertyValueSpecification","valueRequired":true,"valueName":"search_term_string"}}],"inLanguage":"es-CO"},{"@type":"Organization","@id":"https:\/\/www.fiscalia.gov.co\/colombia\/#organization","name":"Fiscal\u00eda General de la Naci\u00f3n","url":"https:\/\/www.fiscalia.gov.co\/colombia\/","logo":{"@type":"ImageObject","inLanguage":"es-CO","@id":"https:\/\/www.fiscalia.gov.co\/colombia\/#\/schema\/logo\/image\/","url":"https:\/\/www.fiscalia.gov.co\/colombia\/wp-content\/uploads\/LogoHorizontal_1.jpg","contentUrl":"https:\/\/www.fiscalia.gov.co\/colombia\/wp-content\/uploads\/LogoHorizontal_1.jpg","width":300,"height":90,"caption":"Fiscal\u00eda General de la Naci\u00f3n"},"image":{"@id":"https:\/\/www.fiscalia.gov.co\/colombia\/#\/schema\/logo\/image\/"},"sameAs":["https:\/\/www.facebook.com\/FiscaliaCol","https:\/\/x.com\/FiscaliaCol","https:\/\/www.instagram.com\/fiscaliacol","https:\/\/www.linkedin.com\/company\/fiscalia-general-de-la-naci-n\/","https:\/\/youtube.com\/@fiscaliageneraldelanacion-4668?si=6nN79nyQICPU5iTh"]},{"@type":"Person","@id":"https:\/\/www.fiscalia.gov.co\/colombia\/#\/schema\/person\/06aa2210fe4d79203f428ff671dee360","name":"Ana Mar\u00eda Gomez","image":{"@type":"ImageObject","inLanguage":"es-CO","@id":"https:\/\/www.fiscalia.gov.co\/colombia\/#\/schema\/person\/image\/","url":"https:\/\/secure.gravatar.com\/avatar\/a38115d98a7f8a96cbb96af2b2c37a0b?s=96&d=mm&r=g","contentUrl":"https:\/\/secure.gravatar.com\/avatar\/a38115d98a7f8a96cbb96af2b2c37a0b?s=96&d=mm&r=g","caption":"Ana Mar\u00eda Gomez"},"url":"https:\/\/www.fiscalia.gov.co\/colombia\/author\/agomez\/"}]}},"_links":{"self":[{"href":"https:\/\/www.fiscalia.gov.co\/colombia\/wp-json\/wp\/v2\/posts\/213277","targetHints":{"allow":["GET"]}}],"collection":[{"href":"https:\/\/www.fiscalia.gov.co\/colombia\/wp-json\/wp\/v2\/posts"}],"about":[{"href":"https:\/\/www.fiscalia.gov.co\/colombia\/wp-json\/wp\/v2\/types\/post"}],"author":[{"embeddable":true,"href":"https:\/\/www.fiscalia.gov.co\/colombia\/wp-json\/wp\/v2\/users\/171"}],"replies":[{"embeddable":true,"href":"https:\/\/www.fiscalia.gov.co\/colombia\/wp-json\/wp\/v2\/comments?post=213277"}],"version-history":[{"count":1,"href":"https:\/\/www.fiscalia.gov.co\/colombia\/wp-json\/wp\/v2\/posts\/213277\/revisions"}],"predecessor-version":[{"id":213278,"href":"https:\/\/www.fiscalia.gov.co\/colombia\/wp-json\/wp\/v2\/posts\/213277\/revisions\/213278"}],"wp:attachment":[{"href":"https:\/\/www.fiscalia.gov.co\/colombia\/wp-json\/wp\/v2\/media?parent=213277"}],"wp:term":[{"taxonomy":"category","embeddable":true,"href":"https:\/\/www.fiscalia.gov.co\/colombia\/wp-json\/wp\/v2\/categories?post=213277"},{"taxonomy":"post_tag","embeddable":true,"href":"https:\/\/www.fiscalia.gov.co\/colombia\/wp-json\/wp\/v2\/tags?post=213277"}],"curies":[{"name":"wp","href":"https:\/\/api.w.org\/{rel}","templated":true}]}}