{"id":213213,"date":"2021-02-12T10:58:18","date_gmt":"2021-02-12T15:58:18","guid":{"rendered":"https:\/\/www.fiscalia.gov.co\/colombia\/?p=213213"},"modified":"2021-02-12T10:58:18","modified_gmt":"2021-02-12T15:58:18","slug":"otras-imputaciones-contra-presuntos-integrantes-del-grupo-delictivo-los-quimicos","status":"publish","type":"post","link":"https:\/\/www.fiscalia.gov.co\/colombia\/seccionales\/otras-imputaciones-contra-presuntos-integrantes-del-grupo-delictivo-los-quimicos\/","title":{"rendered":"Otras imputaciones contra presuntos integrantes del grupo delictivo Los Qu\u00edmicos"},"content":{"rendered":"<blockquote class=\"td_quote_box td_box_center\">\n<h4 class=\"x_x_MsoNormal\" style=\"text-align: left;\"><strong><i>&#8211; La Fiscal\u00eda los notific\u00f3 en la c\u00e1rcel, donde se encontraban privados de la libertad por otros delitos.<\/i><i>\u00a0<\/i><\/strong><\/h4>\n<h4 class=\"x_x_MsoNormal\" style=\"text-align: left;\"><strong><i>&#8211; Con estas dos imputaciones son 19 los judicializados y privados de la libertad del mismo grupo delictivo.<\/i><\/strong><\/h4>\n<\/blockquote>\n<p class=\"x_x_MsoNormal\"><span lang=\"ES\">Con la formulaci\u00f3n de imputaci\u00f3n y privaci\u00f3n de la libertad de Diego Fernando Mej\u00eda y Guillermo Jos\u00e9 M\u00e1rquez Meneses, la\u00a0<b>Fiscal\u00eda General de la Naci\u00f3n\u00a0<\/b>culmin\u00f3 la judicializaci\u00f3n de 19 presuntos integrantes del grupo delincuencial\u00a0<a href=\"https:\/\/www.fiscalia.gov.co\/colombia\/seccionales\/fiscalia-esclarece-25-hechos-delictivos-en-menos-de-una-semana-en-buga-valle\/\" target=\"_blank\" rel=\"noopener noreferrer\" data-auth=\"NotApplicable\">Los Qu\u00edmicos<\/a>, dedicado al tr\u00e1fico de estupefacientes y homicidios selectivos, en el municipio de Guadalajara de Buga (Valle del Cauca).<\/span><\/p>\n<p class=\"x_x_MsoNormal\">Aunque\u00a0Mej\u00eda y M\u00e1rquez Meneses,\u00a0fueron capturados por otros hechos delictivos y quedaron privados de la libertad con medida de aseguramiento, el juez aval\u00f3 la petici\u00f3n del ente acusador en esta ocasi\u00f3n e impuso nueva medida carcelaria, por ser los\u00a0presuntos responsables de participar en siete hechos delictivos (4 homicidios y 3 tentativas de homicidio), ocurridos entre los meses de abril y octubre del 2020.<\/p>\n<p class=\"x_x_MsoNormal\"><span lang=\"ES\">Seg\u00fan las investigaciones, &#8216;Los Qu\u00edmicos&#8217; ejerc\u00edan su accionar delictivo en la Ciudad Se\u00f1ora, y supuestamente sus integrantes recib\u00edan \u00f3rdenes de un hombre quien se encuentra privado de la libertad, en la c\u00e1rcel de La Picota, en Bogot\u00e1. Al parecer, menores de edad tambi\u00e9n formar\u00edan parte de dicha organizaci\u00f3n delincuencial.<\/span><\/p>\n<p class=\"x_x_MsoNormal\"><span lang=\"ES\">En las audiencias preliminares, la<b>\u00a0Fiscal\u00eda<\/b>\u00a0formul\u00f3 imputaci\u00f3n de cargos a los dos hombres por los delitos de homicidio agravado; tentativa de homicidio; fabricaci\u00f3n, tr\u00e1fico, porte o tenencia de armas de fuego, partes o municiones; uso de menores de edad para la comisi\u00f3n de delitos y concierto para delinquir agravado, los cuales no aceptaron.\u00a0<\/span><\/p>\n<p class=\"x_x_MsoNormal\">Lo anterior, responde al cumplimiento de la estrategia de esclarecer los hechos en los que se atenta contra la integridad de las personas para proteger sus derechos enmarcados dentro de los lineamientos del\u00a0<b>Fiscal General de la Naci\u00f3n, Francisco Barbosa Delgado<\/b>, en su pol\u00edtica institucional \u201cEn las calles y en los territorios\u201d.<\/p>\n<p class=\"x_x_MsoNormal\"><span lang=\"ES\">La Fiscal\u00eda General de la Naci\u00f3n p\u00fablica esta informaci\u00f3n por razones de inter\u00e9s general.<\/span><span lang=\"ES\">\u00a0<\/span><\/p>\n<p class=\"x_x_MsoNormal\"><span style=\"font-family: Arial, sans-serif;\"><b>MAP\/SMLR\/MG<\/b><\/span><\/p>\n<p>&nbsp;<\/p>\n<p class=\"x_x_MsoNormal\"><span style=\"font-family: Arial, sans-serif;\"><i>La informaci\u00f3n contenida en este bolet\u00edn de prensa corresponde a la narraci\u00f3n de los hechos noticiosos objetivos, suministrados por los funcionarios encargados de adelantar las investigaciones penales al interior de la Fiscal\u00eda General de la Naci\u00f3n. Para el momento de la divulgaci\u00f3n de este comunicado, la situaci\u00f3n jur\u00eddica de la(s) persona(s) relacionada(s) se encuentra pendiente de resolver por la autoridad judicial competente, siempre bajo los preceptos de la presunci\u00f3n de inocencia, consagrados en el art\u00edculo 29 de la Constituci\u00f3n Pol\u00edtica y el art\u00edculo 7\u00ba de la Ley 906 de 2004.<\/i><\/span><\/p>\n\n<div class=\"twitter-share\"><a href=\"https:\/\/twitter.com\/intent\/tweet?via=fiscaliacol\" class=\"twitter-share-button\">Tweet<\/a><\/div>\n","protected":false},"excerpt":{"rendered":"<p>&#8211; La Fiscal\u00eda los notific\u00f3 en la c\u00e1rcel, donde se encontraban privados de la libertad por otros delitos.\u00a0 &#8211; Con estas dos imputaciones son 19 los judicializados y privados de la libertad del mismo grupo delictivo. Con la formulaci\u00f3n de imputaci\u00f3n y privaci\u00f3n de la libertad de Diego Fernando Mej\u00eda y Guillermo Jos\u00e9 M\u00e1rquez Meneses, [&hellip;]<\/p>\n","protected":false},"author":162,"featured_media":0,"comment_status":"closed","ping_status":"open","sticky":false,"template":"","format":"standard","meta":{"tdm_status":"","tdm_grid_status":"","footnotes":""},"categories":[324,303,24099],"tags":[25070,78,24187,25810,25530,15087,1185,25811,14817,24963,916],"class_list":{"0":"post-213213","1":"post","2":"type-post","3":"status-publish","4":"format-standard","6":"category-seccional-cali","7":"category-seccionales","8":"category-seguridad-territorial","9":"tag-centros-carcelarios","10":"tag-fiscal-general-de-la-nacion","11":"tag-fiscalia-colombia","12":"tag-formulacion-de-imputacion","13":"tag-homicidio-agravado-tentativa-de-homicidio-fabricacion","14":"tag-los-quimicos","15":"tag-medida-de-aseguramiento","16":"tag-partes-o-municiones-uso-de-menores-de-edad-para-la-comision-de-delitos-y-concierto-para-delinquir-agravado","17":"tag-porte-o-tenencia-de-armas-de-fuego","18":"tag-privados-de-la-libertad","19":"tag-trafico"},"yoast_head":"<!-- This site is optimized with the Yoast SEO plugin v24.3 - https:\/\/yoast.com\/wordpress\/plugins\/seo\/ -->\n<title>Fiscal\u00eda General de la Naci\u00f3n<\/title>\n<meta name=\"description\" content=\"P\u00e1gina oficial de la Fiscal\u00eda General de la Naci\u00f3n \u2013 Colombia. Garantizamos el acceso efectivo a la justicia, la verdad y la reparaci\u00f3n de las v\u00edctimas de los delitos.\" \/>\n<meta name=\"robots\" content=\"noindex, follow\" \/>\n<meta property=\"og:locale\" content=\"es_ES\" \/>\n<meta property=\"og:type\" content=\"article\" \/>\n<meta property=\"og:title\" content=\"Fiscal\u00eda General de la Naci\u00f3n\" \/>\n<meta property=\"og:description\" content=\"P\u00e1gina oficial de la Fiscal\u00eda General de la Naci\u00f3n \u2013 Colombia. Garantizamos el acceso efectivo a la justicia, la verdad y la reparaci\u00f3n de las v\u00edctimas de los delitos.\" \/>\n<meta property=\"og:url\" content=\"https:\/\/www.fiscalia.gov.co\/colombia\/seccionales\/otras-imputaciones-contra-presuntos-integrantes-del-grupo-delictivo-los-quimicos\/\" \/>\n<meta property=\"og:site_name\" content=\"Fiscal\u00eda General de la Naci\u00f3n\" \/>\n<meta property=\"article:publisher\" content=\"https:\/\/www.facebook.com\/FiscaliaCol\" \/>\n<meta property=\"article:published_time\" content=\"2021-02-12T15:58:18+00:00\" \/>\n<meta name=\"author\" content=\"Direcci\u00f3n de Comunicaciones Fiscal\u00eda General de la Naci\u00f3n\" \/>\n<meta name=\"twitter:card\" content=\"summary_large_image\" \/>\n<meta name=\"twitter:creator\" content=\"@FiscaliaCol\" \/>\n<meta name=\"twitter:site\" content=\"@FiscaliaCol\" \/>\n<meta name=\"twitter:label1\" content=\"Escrito por\" \/>\n\t<meta name=\"twitter:data1\" content=\"Direcci\u00f3n de Comunicaciones Fiscal\u00eda General de la Naci\u00f3n\" \/>\n\t<meta name=\"twitter:label2\" content=\"Tiempo de lectura\" \/>\n\t<meta name=\"twitter:data2\" content=\"2 minutos\" \/>\n<script type=\"application\/ld+json\" class=\"yoast-schema-graph\">{\"@context\":\"https:\/\/schema.org\",\"@graph\":[{\"@type\":\"Article\",\"@id\":\"https:\/\/www.fiscalia.gov.co\/colombia\/seccionales\/otras-imputaciones-contra-presuntos-integrantes-del-grupo-delictivo-los-quimicos\/#article\",\"isPartOf\":{\"@id\":\"https:\/\/www.fiscalia.gov.co\/colombia\/seccionales\/otras-imputaciones-contra-presuntos-integrantes-del-grupo-delictivo-los-quimicos\/\"},\"author\":{\"name\":\"Direcci\u00f3n de Comunicaciones Fiscal\u00eda General de la Naci\u00f3n\",\"@id\":\"https:\/\/www.fiscalia.gov.co\/colombia\/#\/schema\/person\/bf28d8ae7f1b287bbe3af484b04f43ea\"},\"headline\":\"Otras imputaciones contra presuntos integrantes del grupo delictivo Los Qu\u00edmicos\",\"datePublished\":\"2021-02-12T15:58:18+00:00\",\"dateModified\":\"2021-02-12T15:58:18+00:00\",\"mainEntityOfPage\":{\"@id\":\"https:\/\/www.fiscalia.gov.co\/colombia\/seccionales\/otras-imputaciones-contra-presuntos-integrantes-del-grupo-delictivo-los-quimicos\/\"},\"wordCount\":474,\"publisher\":{\"@id\":\"https:\/\/www.fiscalia.gov.co\/colombia\/#organization\"},\"keywords\":[\"centros carcelarios\",\"Fiscal General de la Naci\u00f3n\",\"Fiscal\u00eda Colombia\",\"formulaci\u00f3n de imputaci\u00f3n\",\"homicidio agravado; tentativa de homicidio; fabricaci\u00f3n\",\"Los Qu\u00edmicos\",\"Medida de aseguramiento\",\"partes o municiones; uso de menores de edad para la comisi\u00f3n de delitos y concierto para delinquir agravado.\",\"porte o tenencia de armas de fuego\",\"privados de la libertad\",\"Tr\u00e1fico\"],\"articleSection\":[\"Seccional Cali\",\"Seccionales\",\"Seguridad territorial\"],\"inLanguage\":\"es-CO\"},{\"@type\":\"WebPage\",\"@id\":\"https:\/\/www.fiscalia.gov.co\/colombia\/seccionales\/otras-imputaciones-contra-presuntos-integrantes-del-grupo-delictivo-los-quimicos\/\",\"url\":\"https:\/\/www.fiscalia.gov.co\/colombia\/seccionales\/otras-imputaciones-contra-presuntos-integrantes-del-grupo-delictivo-los-quimicos\/\",\"name\":\"Fiscal\u00eda General de la Naci\u00f3n\",\"isPartOf\":{\"@id\":\"https:\/\/www.fiscalia.gov.co\/colombia\/#website\"},\"datePublished\":\"2021-02-12T15:58:18+00:00\",\"dateModified\":\"2021-02-12T15:58:18+00:00\",\"description\":\"P\u00e1gina oficial de la Fiscal\u00eda General de la Naci\u00f3n \u2013 Colombia. Garantizamos el acceso efectivo a la justicia, la verdad y la reparaci\u00f3n de las v\u00edctimas de los delitos.\",\"breadcrumb\":{\"@id\":\"https:\/\/www.fiscalia.gov.co\/colombia\/seccionales\/otras-imputaciones-contra-presuntos-integrantes-del-grupo-delictivo-los-quimicos\/#breadcrumb\"},\"inLanguage\":\"es-CO\",\"potentialAction\":[{\"@type\":\"ReadAction\",\"target\":[\"https:\/\/www.fiscalia.gov.co\/colombia\/seccionales\/otras-imputaciones-contra-presuntos-integrantes-del-grupo-delictivo-los-quimicos\/\"]}]},{\"@type\":\"BreadcrumbList\",\"@id\":\"https:\/\/www.fiscalia.gov.co\/colombia\/seccionales\/otras-imputaciones-contra-presuntos-integrantes-del-grupo-delictivo-los-quimicos\/#breadcrumb\",\"itemListElement\":[{\"@type\":\"ListItem\",\"position\":1,\"name\":\"Home\",\"item\":\"https:\/\/www.fiscalia.gov.co\/colombia\/\"},{\"@type\":\"ListItem\",\"position\":2,\"name\":\"Otras imputaciones contra presuntos integrantes del grupo delictivo Los Qu\u00edmicos\"}]},{\"@type\":\"WebSite\",\"@id\":\"https:\/\/www.fiscalia.gov.co\/colombia\/#website\",\"url\":\"https:\/\/www.fiscalia.gov.co\/colombia\/\",\"name\":\"Fiscal\u00eda General de la Naci\u00f3n\",\"description\":\"P\u00e1gina oficial de la Fiscal\u00eda General de la Naci\u00f3n \u2013 Colombia. Garantizamos el acceso efectivo a la justicia, la verdad y la reparaci\u00f3n de las v\u00edctimas de los delitos.\",\"publisher\":{\"@id\":\"https:\/\/www.fiscalia.gov.co\/colombia\/#organization\"},\"potentialAction\":[{\"@type\":\"SearchAction\",\"target\":{\"@type\":\"EntryPoint\",\"urlTemplate\":\"https:\/\/www.fiscalia.gov.co\/colombia\/?s={search_term_string}\"},\"query-input\":{\"@type\":\"PropertyValueSpecification\",\"valueRequired\":true,\"valueName\":\"search_term_string\"}}],\"inLanguage\":\"es-CO\"},{\"@type\":\"Organization\",\"@id\":\"https:\/\/www.fiscalia.gov.co\/colombia\/#organization\",\"name\":\"Fiscal\u00eda General de la Naci\u00f3n\",\"url\":\"https:\/\/www.fiscalia.gov.co\/colombia\/\",\"logo\":{\"@type\":\"ImageObject\",\"inLanguage\":\"es-CO\",\"@id\":\"https:\/\/www.fiscalia.gov.co\/colombia\/#\/schema\/logo\/image\/\",\"url\":\"https:\/\/www.fiscalia.gov.co\/colombia\/wp-content\/uploads\/LogoHorizontal_1.jpg\",\"contentUrl\":\"https:\/\/www.fiscalia.gov.co\/colombia\/wp-content\/uploads\/LogoHorizontal_1.jpg\",\"width\":300,\"height\":90,\"caption\":\"Fiscal\u00eda General de la Naci\u00f3n\"},\"image\":{\"@id\":\"https:\/\/www.fiscalia.gov.co\/colombia\/#\/schema\/logo\/image\/\"},\"sameAs\":[\"https:\/\/www.facebook.com\/FiscaliaCol\",\"https:\/\/x.com\/FiscaliaCol\",\"https:\/\/www.instagram.com\/fiscaliacol\",\"https:\/\/www.linkedin.com\/company\/fiscalia-general-de-la-naci-n\/\",\"https:\/\/youtube.com\/@fiscaliageneraldelanacion-4668?si=6nN79nyQICPU5iTh\"]},{\"@type\":\"Person\",\"@id\":\"https:\/\/www.fiscalia.gov.co\/colombia\/#\/schema\/person\/bf28d8ae7f1b287bbe3af484b04f43ea\",\"name\":\"Direcci\u00f3n de Comunicaciones Fiscal\u00eda General de la Naci\u00f3n\",\"image\":{\"@type\":\"ImageObject\",\"inLanguage\":\"es-CO\",\"@id\":\"https:\/\/www.fiscalia.gov.co\/colombia\/#\/schema\/person\/image\/\",\"url\":\"https:\/\/secure.gravatar.com\/avatar\/9d55ae161d32da16dbdd0b380c080a5f?s=96&d=mm&r=g\",\"contentUrl\":\"https:\/\/secure.gravatar.com\/avatar\/9d55ae161d32da16dbdd0b380c080a5f?s=96&d=mm&r=g\",\"caption\":\"Direcci\u00f3n de Comunicaciones Fiscal\u00eda General de la Naci\u00f3n\"},\"url\":\"https:\/\/www.fiscalia.gov.co\/colombia\/author\/kbonilla\/\"}]}<\/script>\n<!-- \/ Yoast SEO plugin. -->","yoast_head_json":{"title":"Fiscal\u00eda General de la Naci\u00f3n","description":"P\u00e1gina oficial de la Fiscal\u00eda General de la Naci\u00f3n \u2013 Colombia. Garantizamos el acceso efectivo a la justicia, la verdad y la reparaci\u00f3n de las v\u00edctimas de los delitos.","robots":{"index":"noindex","follow":"follow"},"og_locale":"es_ES","og_type":"article","og_title":"Fiscal\u00eda General de la Naci\u00f3n","og_description":"P\u00e1gina oficial de la Fiscal\u00eda General de la Naci\u00f3n \u2013 Colombia. Garantizamos el acceso efectivo a la justicia, la verdad y la reparaci\u00f3n de las v\u00edctimas de los delitos.","og_url":"https:\/\/www.fiscalia.gov.co\/colombia\/seccionales\/otras-imputaciones-contra-presuntos-integrantes-del-grupo-delictivo-los-quimicos\/","og_site_name":"Fiscal\u00eda General de la Naci\u00f3n","article_publisher":"https:\/\/www.facebook.com\/FiscaliaCol","article_published_time":"2021-02-12T15:58:18+00:00","author":"Direcci\u00f3n de Comunicaciones Fiscal\u00eda General de la Naci\u00f3n","twitter_card":"summary_large_image","twitter_creator":"@FiscaliaCol","twitter_site":"@FiscaliaCol","twitter_misc":{"Escrito por":"Direcci\u00f3n de Comunicaciones Fiscal\u00eda General de la Naci\u00f3n","Tiempo de lectura":"2 minutos"},"schema":{"@context":"https:\/\/schema.org","@graph":[{"@type":"Article","@id":"https:\/\/www.fiscalia.gov.co\/colombia\/seccionales\/otras-imputaciones-contra-presuntos-integrantes-del-grupo-delictivo-los-quimicos\/#article","isPartOf":{"@id":"https:\/\/www.fiscalia.gov.co\/colombia\/seccionales\/otras-imputaciones-contra-presuntos-integrantes-del-grupo-delictivo-los-quimicos\/"},"author":{"name":"Direcci\u00f3n de Comunicaciones Fiscal\u00eda General de la Naci\u00f3n","@id":"https:\/\/www.fiscalia.gov.co\/colombia\/#\/schema\/person\/bf28d8ae7f1b287bbe3af484b04f43ea"},"headline":"Otras imputaciones contra presuntos integrantes del grupo delictivo Los Qu\u00edmicos","datePublished":"2021-02-12T15:58:18+00:00","dateModified":"2021-02-12T15:58:18+00:00","mainEntityOfPage":{"@id":"https:\/\/www.fiscalia.gov.co\/colombia\/seccionales\/otras-imputaciones-contra-presuntos-integrantes-del-grupo-delictivo-los-quimicos\/"},"wordCount":474,"publisher":{"@id":"https:\/\/www.fiscalia.gov.co\/colombia\/#organization"},"keywords":["centros carcelarios","Fiscal General de la Naci\u00f3n","Fiscal\u00eda Colombia","formulaci\u00f3n de imputaci\u00f3n","homicidio agravado; tentativa de homicidio; fabricaci\u00f3n","Los Qu\u00edmicos","Medida de aseguramiento","partes o municiones; uso de menores de edad para la comisi\u00f3n de delitos y concierto para delinquir agravado.","porte o tenencia de armas de fuego","privados de la libertad","Tr\u00e1fico"],"articleSection":["Seccional Cali","Seccionales","Seguridad territorial"],"inLanguage":"es-CO"},{"@type":"WebPage","@id":"https:\/\/www.fiscalia.gov.co\/colombia\/seccionales\/otras-imputaciones-contra-presuntos-integrantes-del-grupo-delictivo-los-quimicos\/","url":"https:\/\/www.fiscalia.gov.co\/colombia\/seccionales\/otras-imputaciones-contra-presuntos-integrantes-del-grupo-delictivo-los-quimicos\/","name":"Fiscal\u00eda General de la Naci\u00f3n","isPartOf":{"@id":"https:\/\/www.fiscalia.gov.co\/colombia\/#website"},"datePublished":"2021-02-12T15:58:18+00:00","dateModified":"2021-02-12T15:58:18+00:00","description":"P\u00e1gina oficial de la Fiscal\u00eda General de la Naci\u00f3n \u2013 Colombia. Garantizamos el acceso efectivo a la justicia, la verdad y la reparaci\u00f3n de las v\u00edctimas de los delitos.","breadcrumb":{"@id":"https:\/\/www.fiscalia.gov.co\/colombia\/seccionales\/otras-imputaciones-contra-presuntos-integrantes-del-grupo-delictivo-los-quimicos\/#breadcrumb"},"inLanguage":"es-CO","potentialAction":[{"@type":"ReadAction","target":["https:\/\/www.fiscalia.gov.co\/colombia\/seccionales\/otras-imputaciones-contra-presuntos-integrantes-del-grupo-delictivo-los-quimicos\/"]}]},{"@type":"BreadcrumbList","@id":"https:\/\/www.fiscalia.gov.co\/colombia\/seccionales\/otras-imputaciones-contra-presuntos-integrantes-del-grupo-delictivo-los-quimicos\/#breadcrumb","itemListElement":[{"@type":"ListItem","position":1,"name":"Home","item":"https:\/\/www.fiscalia.gov.co\/colombia\/"},{"@type":"ListItem","position":2,"name":"Otras imputaciones contra presuntos integrantes del grupo delictivo Los Qu\u00edmicos"}]},{"@type":"WebSite","@id":"https:\/\/www.fiscalia.gov.co\/colombia\/#website","url":"https:\/\/www.fiscalia.gov.co\/colombia\/","name":"Fiscal\u00eda General de la Naci\u00f3n","description":"P\u00e1gina oficial de la Fiscal\u00eda General de la Naci\u00f3n \u2013 Colombia. Garantizamos el acceso efectivo a la justicia, la verdad y la reparaci\u00f3n de las v\u00edctimas de los delitos.","publisher":{"@id":"https:\/\/www.fiscalia.gov.co\/colombia\/#organization"},"potentialAction":[{"@type":"SearchAction","target":{"@type":"EntryPoint","urlTemplate":"https:\/\/www.fiscalia.gov.co\/colombia\/?s={search_term_string}"},"query-input":{"@type":"PropertyValueSpecification","valueRequired":true,"valueName":"search_term_string"}}],"inLanguage":"es-CO"},{"@type":"Organization","@id":"https:\/\/www.fiscalia.gov.co\/colombia\/#organization","name":"Fiscal\u00eda General de la Naci\u00f3n","url":"https:\/\/www.fiscalia.gov.co\/colombia\/","logo":{"@type":"ImageObject","inLanguage":"es-CO","@id":"https:\/\/www.fiscalia.gov.co\/colombia\/#\/schema\/logo\/image\/","url":"https:\/\/www.fiscalia.gov.co\/colombia\/wp-content\/uploads\/LogoHorizontal_1.jpg","contentUrl":"https:\/\/www.fiscalia.gov.co\/colombia\/wp-content\/uploads\/LogoHorizontal_1.jpg","width":300,"height":90,"caption":"Fiscal\u00eda General de la Naci\u00f3n"},"image":{"@id":"https:\/\/www.fiscalia.gov.co\/colombia\/#\/schema\/logo\/image\/"},"sameAs":["https:\/\/www.facebook.com\/FiscaliaCol","https:\/\/x.com\/FiscaliaCol","https:\/\/www.instagram.com\/fiscaliacol","https:\/\/www.linkedin.com\/company\/fiscalia-general-de-la-naci-n\/","https:\/\/youtube.com\/@fiscaliageneraldelanacion-4668?si=6nN79nyQICPU5iTh"]},{"@type":"Person","@id":"https:\/\/www.fiscalia.gov.co\/colombia\/#\/schema\/person\/bf28d8ae7f1b287bbe3af484b04f43ea","name":"Direcci\u00f3n de Comunicaciones Fiscal\u00eda General de la Naci\u00f3n","image":{"@type":"ImageObject","inLanguage":"es-CO","@id":"https:\/\/www.fiscalia.gov.co\/colombia\/#\/schema\/person\/image\/","url":"https:\/\/secure.gravatar.com\/avatar\/9d55ae161d32da16dbdd0b380c080a5f?s=96&d=mm&r=g","contentUrl":"https:\/\/secure.gravatar.com\/avatar\/9d55ae161d32da16dbdd0b380c080a5f?s=96&d=mm&r=g","caption":"Direcci\u00f3n de Comunicaciones Fiscal\u00eda General de la Naci\u00f3n"},"url":"https:\/\/www.fiscalia.gov.co\/colombia\/author\/kbonilla\/"}]}},"_links":{"self":[{"href":"https:\/\/www.fiscalia.gov.co\/colombia\/wp-json\/wp\/v2\/posts\/213213","targetHints":{"allow":["GET"]}}],"collection":[{"href":"https:\/\/www.fiscalia.gov.co\/colombia\/wp-json\/wp\/v2\/posts"}],"about":[{"href":"https:\/\/www.fiscalia.gov.co\/colombia\/wp-json\/wp\/v2\/types\/post"}],"author":[{"embeddable":true,"href":"https:\/\/www.fiscalia.gov.co\/colombia\/wp-json\/wp\/v2\/users\/162"}],"replies":[{"embeddable":true,"href":"https:\/\/www.fiscalia.gov.co\/colombia\/wp-json\/wp\/v2\/comments?post=213213"}],"version-history":[{"count":1,"href":"https:\/\/www.fiscalia.gov.co\/colombia\/wp-json\/wp\/v2\/posts\/213213\/revisions"}],"predecessor-version":[{"id":213214,"href":"https:\/\/www.fiscalia.gov.co\/colombia\/wp-json\/wp\/v2\/posts\/213213\/revisions\/213214"}],"wp:attachment":[{"href":"https:\/\/www.fiscalia.gov.co\/colombia\/wp-json\/wp\/v2\/media?parent=213213"}],"wp:term":[{"taxonomy":"category","embeddable":true,"href":"https:\/\/www.fiscalia.gov.co\/colombia\/wp-json\/wp\/v2\/categories?post=213213"},{"taxonomy":"post_tag","embeddable":true,"href":"https:\/\/www.fiscalia.gov.co\/colombia\/wp-json\/wp\/v2\/tags?post=213213"}],"curies":[{"name":"wp","href":"https:\/\/api.w.org\/{rel}","templated":true}]}}