{"id":213195,"date":"2021-02-13T07:06:08","date_gmt":"2021-02-13T12:06:08","guid":{"rendered":"https:\/\/www.fiscalia.gov.co\/colombia\/?p=213195"},"modified":"2021-02-22T14:20:44","modified_gmt":"2021-02-22T19:20:44","slug":"ocupados-con-fines-de-extincion-de-dominio-bienes-por-22-000-millones-de-pesos-que-pertenecerian-a-la-estructura-narcotraficante-la-oficina","status":"publish","type":"post","link":"https:\/\/www.fiscalia.gov.co\/colombia\/seccionales\/ocupados-con-fines-de-extincion-de-dominio-bienes-por-22-000-millones-de-pesos-que-pertenecerian-a-la-estructura-narcotraficante-la-oficina\/","title":{"rendered":"Ocupados con fines de extinci\u00f3n de dominio bienes por 22.000 millones de pesos que pertenecer\u00edan a la estructura narcotraficante \u2018La Oficina\u2019"},"content":{"rendered":"<p class=\"x_MsoNormal\"><span lang=\"ES\">Un fiscal de la Direcci\u00f3n Especializada de\u00a0<\/span><span lang=\"ES-TRAD\"><a href=\"https:\/\/www.fiscalia.gov.co\/colombia\/extincion-de-dominio\/ocupados-con-fines-de-extincion-de-dominio-bienes-que-habrian-sido-usados-para-almacenar-y-comercializar-bicicletas-hurtadas\/\" target=\"_blank\" rel=\"noopener noreferrer\" data-auth=\"NotApplicable\"><span lang=\"ES\">Extinci\u00f3n del Derecho de Dominio<\/span><\/a><\/span><span lang=\"ES\">\u00a0de la Fiscal\u00eda General de la Naci\u00f3n impuso medidas cautelares de embargo, secuestro y suspensi\u00f3n del poder dispositivo a 36 bienes, entre inmuebles, sociedades y productos financieros, que pertenecer\u00edan a la organizaci\u00f3n narcotraficante \u2018La Oficina\u2019.<\/span><\/p>\n<p class=\"x_MsoNormal\"><span lang=\"ES\">Las propiedades, cuyo valor ascender\u00eda a 22.000 millones de pesos, fueron ocupadas en diligencias realizadas en Envigado, Venecia, Sabaneta, La Ceja, Santa fe de Antioquia, Bello y Medell\u00edn (Antioquia) y Jamund\u00ed (Valle del Cauca). En las acciones particip\u00f3 el CTI de la Fiscal\u00eda con apoyados por el Batall\u00f3n de Polic\u00eda Militar No4 del Ej\u00e9rcito Nacional.<\/span><\/p>\n<p class=\"x_MsoNormal\"><span lang=\"ES\">De acuerdo con las investigaciones, estos bienes habr\u00edan sido adquiridos por dos de los se\u00f1alados cabecillas de esta estructura, o estar\u00edan a nombre de presuntos testaferros que prestaron sus nombres para ocultar el patrimonio obtenido de actividades il\u00edcitas como el narcotr\u00e1fico, extorsiones y homicidios selectivos, entre otras.<\/span><\/p>\n<p class=\"x_MsoNormal\"><span lang=\"ES-CO\">Algunos de los propietarios de los predios afectados ser\u00eda Jhon James Pulgar\u00edn Agudelo, alias Servi, quien fue\u00a0<\/span><span lang=\"ES-TRAD\">extraditado a Estados Unidos en diciembre de 2020. Este hombre, al parecer, hac\u00eda los cobros por los env\u00edos de droga y era el encargado de ocultar las rentas ilegales de \u2018<\/span><span lang=\"ES-TRAD\"><a href=\"https:\/\/www.fiscalia.gov.co\/colombia\/seccionales\/a-la-carcel-presunto-integrante-de-la-oficina-investigado-por-homicidio-de-padre-e-hijo-en-betania-antioquia\/\" target=\"_blank\" rel=\"noopener noreferrer\" data-auth=\"NotApplicable\">La Oficina<\/a><\/span><span lang=\"ES-TRAD\">\u2019, a trav\u00e9s de una compa\u00f1\u00eda de empaques industriales que, supuestamente, lavaba activos por 30.000 millones de pesos al a\u00f1o.<\/span><\/p>\n<p class=\"x_MsoNormal\"><span lang=\"ES-CO\">Otro de los presuntos due\u00f1os de los bienes,\u00a0<\/span><span lang=\"ES-TRAD\">Sebasti\u00e1n Murillo Echeverri, alias Lindolfo, fue cabecilla de la estructura delincuencial \u2018La Oficina\u2019. Murillo acept\u00f3 su responsabilidad en los delitos de concierto para delinquir agravado, tr\u00e1fico de armas, homicidio y ocultamiento de evidencias, por lo que fue condenado a 18 a\u00f1os de prisi\u00f3n.<\/span><\/p>\n<p class=\"x_MsoNormal\"><span lang=\"ES-TRAD\">Otro de los nombres que figuran como propietarios de cuantiosos bienes es el de Edwuar Garc\u00eda Arboleda, alias Ori\u00f3n, asesinado en 2016. Dichas propiedades estaban en cabeza de su exesposa Claudia Patricia Cardona.<\/span><\/p>\n<p class=\"x_MsoNormal\"><span lang=\"ES-TRAD\">La persecuci\u00f3n de las rentas y activos il\u00edcitos de los grupos criminales es una prioridad definida por el Fiscal General de la Naci\u00f3n, Francisco Barbosa Delgado, en el Direccionamiento Estrat\u00e9gico 2020 \u2013 2024.<\/span><\/p>\n<p class=\"x_MsoNormal\"><span lang=\"ES-TRAD\">El ente investigador publica esta informaci\u00f3n por razones de inter\u00e9s general.<\/span><span lang=\"ES-TRAD\">\u00a0<\/span><\/p>\n<p class=\"x_MsoNormal\" align=\"center\"><b><span lang=\"ES-TRAD\">La Fiscal\u00eda General habla con resultados.<\/span><\/b><\/p>\n<p class=\"x_MsoNormal\"><span lang=\"ES-TRAD\">MAGA\/JARG\/PSY\/MCRC\/<\/span><\/p>\n<p><em><span lang=\"ES\">La informaci\u00f3n contenida en este bolet\u00edn de prensa corresponde a la narraci\u00f3n de los hechos noticiosos objetivos, suministrados por los funcionarios encargados de adelantar las investigaciones penales al interior de la Fiscal\u00eda General de la Naci\u00f3n. Para el momento de la divulgaci\u00f3n de este comunicado, la situaci\u00f3n jur\u00eddica de la(s) persona(s) relacionada(s) se encuentra pendiente de resolver por la autoridad judicial competente, siempre bajo los preceptos de la presunci\u00f3n de inocencia, consagrados en el art\u00edculo 29 de la Constituci\u00f3n Pol\u00edtica y el art\u00edculo 7\u00ba de la Ley 906 de 2004.<\/span><\/em><\/p>\n\n<div class=\"twitter-share\"><a href=\"https:\/\/twitter.com\/intent\/tweet?via=fiscaliacol\" class=\"twitter-share-button\">Tweet<\/a><\/div>\n","protected":false},"excerpt":{"rendered":"<p>Un fiscal de la Direcci\u00f3n Especializada de\u00a0Extinci\u00f3n del Derecho de Dominio\u00a0de la Fiscal\u00eda General de la Naci\u00f3n impuso medidas cautelares de embargo, secuestro y suspensi\u00f3n del poder dispositivo a 36 bienes, entre inmuebles, sociedades y productos financieros, que pertenecer\u00edan a la organizaci\u00f3n narcotraficante \u2018La Oficina\u2019. Las propiedades, cuyo valor ascender\u00eda a 22.000 millones de pesos, [&hellip;]<\/p>\n","protected":false},"author":171,"featured_media":0,"comment_status":"closed","ping_status":"open","sticky":false,"template":"","format":"video","meta":{"tdm_status":"","tdm_grid_status":"","footnotes":""},"categories":[24116,331,303],"tags":[10,1047,25817,15659],"class_list":{"0":"post-213195","1":"post","2":"type-post","3":"status-publish","4":"format-video","6":"category-extincion-de-dominio","7":"category-seccional-medellin","8":"category-seccionales","9":"tag-fiscal-general","10":"tag-fiscalia-general-de-la-nacion","11":"tag-francisco-barbosa-delgado-extincion-del-derecho-de-dominio","12":"tag-la-oficina","13":"post_format-post-format-video"},"yoast_head":"<!-- This site is optimized with the Yoast SEO plugin v24.3 - https:\/\/yoast.com\/wordpress\/plugins\/seo\/ -->\n<title>Fiscal\u00eda General de la Naci\u00f3n<\/title>\n<meta name=\"description\" content=\"P\u00e1gina oficial de la Fiscal\u00eda General de la Naci\u00f3n \u2013 Colombia. Garantizamos el acceso efectivo a la justicia, la verdad y la reparaci\u00f3n de las v\u00edctimas de los delitos.\" \/>\n<meta name=\"robots\" content=\"noindex, follow\" \/>\n<meta property=\"og:locale\" content=\"es_ES\" \/>\n<meta property=\"og:type\" content=\"article\" \/>\n<meta property=\"og:title\" content=\"Fiscal\u00eda General de la Naci\u00f3n\" \/>\n<meta property=\"og:description\" content=\"P\u00e1gina oficial de la Fiscal\u00eda General de la Naci\u00f3n \u2013 Colombia. Garantizamos el acceso efectivo a la justicia, la verdad y la reparaci\u00f3n de las v\u00edctimas de los delitos.\" \/>\n<meta property=\"og:url\" content=\"https:\/\/www.fiscalia.gov.co\/colombia\/seccionales\/ocupados-con-fines-de-extincion-de-dominio-bienes-por-22-000-millones-de-pesos-que-pertenecerian-a-la-estructura-narcotraficante-la-oficina\/\" \/>\n<meta property=\"og:site_name\" content=\"Fiscal\u00eda General de la Naci\u00f3n\" \/>\n<meta property=\"article:publisher\" content=\"https:\/\/www.facebook.com\/FiscaliaCol\" \/>\n<meta property=\"article:published_time\" content=\"2021-02-13T12:06:08+00:00\" \/>\n<meta property=\"article:modified_time\" content=\"2021-02-22T19:20:44+00:00\" \/>\n<meta name=\"author\" content=\"Ana Mar\u00eda Gomez\" \/>\n<meta name=\"twitter:card\" content=\"summary_large_image\" \/>\n<meta name=\"twitter:creator\" content=\"@FiscaliaCol\" \/>\n<meta name=\"twitter:site\" content=\"@FiscaliaCol\" \/>\n<meta name=\"twitter:label1\" content=\"Escrito por\" \/>\n\t<meta name=\"twitter:data1\" content=\"Ana Mar\u00eda Gomez\" \/>\n\t<meta name=\"twitter:label2\" content=\"Tiempo de lectura\" \/>\n\t<meta name=\"twitter:data2\" content=\"2 minutos\" \/>\n<script type=\"application\/ld+json\" class=\"yoast-schema-graph\">{\"@context\":\"https:\/\/schema.org\",\"@graph\":[{\"@type\":\"Article\",\"@id\":\"https:\/\/www.fiscalia.gov.co\/colombia\/seccionales\/ocupados-con-fines-de-extincion-de-dominio-bienes-por-22-000-millones-de-pesos-que-pertenecerian-a-la-estructura-narcotraficante-la-oficina\/#article\",\"isPartOf\":{\"@id\":\"https:\/\/www.fiscalia.gov.co\/colombia\/seccionales\/ocupados-con-fines-de-extincion-de-dominio-bienes-por-22-000-millones-de-pesos-que-pertenecerian-a-la-estructura-narcotraficante-la-oficina\/\"},\"author\":{\"name\":\"Ana Mar\u00eda Gomez\",\"@id\":\"https:\/\/www.fiscalia.gov.co\/colombia\/#\/schema\/person\/06aa2210fe4d79203f428ff671dee360\"},\"headline\":\"Ocupados con fines de extinci\u00f3n de dominio bienes por 22.000 millones de pesos que pertenecer\u00edan a la estructura narcotraficante \u2018La Oficina\u2019\",\"datePublished\":\"2021-02-13T12:06:08+00:00\",\"dateModified\":\"2021-02-22T19:20:44+00:00\",\"mainEntityOfPage\":{\"@id\":\"https:\/\/www.fiscalia.gov.co\/colombia\/seccionales\/ocupados-con-fines-de-extincion-de-dominio-bienes-por-22-000-millones-de-pesos-que-pertenecerian-a-la-estructura-narcotraficante-la-oficina\/\"},\"wordCount\":509,\"publisher\":{\"@id\":\"https:\/\/www.fiscalia.gov.co\/colombia\/#organization\"},\"keywords\":[\"Fiscal General\",\"Fiscal\u00eda General de la Naci\u00f3n\",\"Francisco Barbosa Delgado Extinci\u00f3n del derecho de dominio\",\"La Oficina\"],\"articleSection\":[\"Extinci\u00f3n de dominio\",\"Seccional Medell\u00edn\",\"Seccionales\"],\"inLanguage\":\"es-CO\"},{\"@type\":\"WebPage\",\"@id\":\"https:\/\/www.fiscalia.gov.co\/colombia\/seccionales\/ocupados-con-fines-de-extincion-de-dominio-bienes-por-22-000-millones-de-pesos-que-pertenecerian-a-la-estructura-narcotraficante-la-oficina\/\",\"url\":\"https:\/\/www.fiscalia.gov.co\/colombia\/seccionales\/ocupados-con-fines-de-extincion-de-dominio-bienes-por-22-000-millones-de-pesos-que-pertenecerian-a-la-estructura-narcotraficante-la-oficina\/\",\"name\":\"Fiscal\u00eda General de la Naci\u00f3n\",\"isPartOf\":{\"@id\":\"https:\/\/www.fiscalia.gov.co\/colombia\/#website\"},\"datePublished\":\"2021-02-13T12:06:08+00:00\",\"dateModified\":\"2021-02-22T19:20:44+00:00\",\"description\":\"P\u00e1gina oficial de la Fiscal\u00eda General de la Naci\u00f3n \u2013 Colombia. Garantizamos el acceso efectivo a la justicia, la verdad y la reparaci\u00f3n de las v\u00edctimas de los delitos.\",\"breadcrumb\":{\"@id\":\"https:\/\/www.fiscalia.gov.co\/colombia\/seccionales\/ocupados-con-fines-de-extincion-de-dominio-bienes-por-22-000-millones-de-pesos-que-pertenecerian-a-la-estructura-narcotraficante-la-oficina\/#breadcrumb\"},\"inLanguage\":\"es-CO\",\"potentialAction\":[{\"@type\":\"ReadAction\",\"target\":[\"https:\/\/www.fiscalia.gov.co\/colombia\/seccionales\/ocupados-con-fines-de-extincion-de-dominio-bienes-por-22-000-millones-de-pesos-que-pertenecerian-a-la-estructura-narcotraficante-la-oficina\/\"]}]},{\"@type\":\"BreadcrumbList\",\"@id\":\"https:\/\/www.fiscalia.gov.co\/colombia\/seccionales\/ocupados-con-fines-de-extincion-de-dominio-bienes-por-22-000-millones-de-pesos-que-pertenecerian-a-la-estructura-narcotraficante-la-oficina\/#breadcrumb\",\"itemListElement\":[{\"@type\":\"ListItem\",\"position\":1,\"name\":\"Home\",\"item\":\"https:\/\/www.fiscalia.gov.co\/colombia\/\"},{\"@type\":\"ListItem\",\"position\":2,\"name\":\"Ocupados con fines de extinci\u00f3n de dominio bienes por 22.000 millones de pesos que pertenecer\u00edan a la estructura narcotraficante \u2018La Oficina\u2019\"}]},{\"@type\":\"WebSite\",\"@id\":\"https:\/\/www.fiscalia.gov.co\/colombia\/#website\",\"url\":\"https:\/\/www.fiscalia.gov.co\/colombia\/\",\"name\":\"Fiscal\u00eda General de la Naci\u00f3n\",\"description\":\"P\u00e1gina oficial de la Fiscal\u00eda General de la Naci\u00f3n \u2013 Colombia. Garantizamos el acceso efectivo a la justicia, la verdad y la reparaci\u00f3n de las v\u00edctimas de los delitos.\",\"publisher\":{\"@id\":\"https:\/\/www.fiscalia.gov.co\/colombia\/#organization\"},\"potentialAction\":[{\"@type\":\"SearchAction\",\"target\":{\"@type\":\"EntryPoint\",\"urlTemplate\":\"https:\/\/www.fiscalia.gov.co\/colombia\/?s={search_term_string}\"},\"query-input\":{\"@type\":\"PropertyValueSpecification\",\"valueRequired\":true,\"valueName\":\"search_term_string\"}}],\"inLanguage\":\"es-CO\"},{\"@type\":\"Organization\",\"@id\":\"https:\/\/www.fiscalia.gov.co\/colombia\/#organization\",\"name\":\"Fiscal\u00eda General de la Naci\u00f3n\",\"url\":\"https:\/\/www.fiscalia.gov.co\/colombia\/\",\"logo\":{\"@type\":\"ImageObject\",\"inLanguage\":\"es-CO\",\"@id\":\"https:\/\/www.fiscalia.gov.co\/colombia\/#\/schema\/logo\/image\/\",\"url\":\"https:\/\/www.fiscalia.gov.co\/colombia\/wp-content\/uploads\/LogoHorizontal_1.jpg\",\"contentUrl\":\"https:\/\/www.fiscalia.gov.co\/colombia\/wp-content\/uploads\/LogoHorizontal_1.jpg\",\"width\":300,\"height\":90,\"caption\":\"Fiscal\u00eda General de la Naci\u00f3n\"},\"image\":{\"@id\":\"https:\/\/www.fiscalia.gov.co\/colombia\/#\/schema\/logo\/image\/\"},\"sameAs\":[\"https:\/\/www.facebook.com\/FiscaliaCol\",\"https:\/\/x.com\/FiscaliaCol\",\"https:\/\/www.instagram.com\/fiscaliacol\",\"https:\/\/www.linkedin.com\/company\/fiscalia-general-de-la-naci-n\/\",\"https:\/\/youtube.com\/@fiscaliageneraldelanacion-4668?si=6nN79nyQICPU5iTh\"]},{\"@type\":\"Person\",\"@id\":\"https:\/\/www.fiscalia.gov.co\/colombia\/#\/schema\/person\/06aa2210fe4d79203f428ff671dee360\",\"name\":\"Ana Mar\u00eda Gomez\",\"image\":{\"@type\":\"ImageObject\",\"inLanguage\":\"es-CO\",\"@id\":\"https:\/\/www.fiscalia.gov.co\/colombia\/#\/schema\/person\/image\/\",\"url\":\"https:\/\/secure.gravatar.com\/avatar\/a38115d98a7f8a96cbb96af2b2c37a0b?s=96&d=mm&r=g\",\"contentUrl\":\"https:\/\/secure.gravatar.com\/avatar\/a38115d98a7f8a96cbb96af2b2c37a0b?s=96&d=mm&r=g\",\"caption\":\"Ana Mar\u00eda Gomez\"},\"url\":\"https:\/\/www.fiscalia.gov.co\/colombia\/author\/agomez\/\"}]}<\/script>\n<!-- \/ Yoast SEO plugin. -->","yoast_head_json":{"title":"Fiscal\u00eda General de la Naci\u00f3n","description":"P\u00e1gina oficial de la Fiscal\u00eda General de la Naci\u00f3n \u2013 Colombia. Garantizamos el acceso efectivo a la justicia, la verdad y la reparaci\u00f3n de las v\u00edctimas de los delitos.","robots":{"index":"noindex","follow":"follow"},"og_locale":"es_ES","og_type":"article","og_title":"Fiscal\u00eda General de la Naci\u00f3n","og_description":"P\u00e1gina oficial de la Fiscal\u00eda General de la Naci\u00f3n \u2013 Colombia. Garantizamos el acceso efectivo a la justicia, la verdad y la reparaci\u00f3n de las v\u00edctimas de los delitos.","og_url":"https:\/\/www.fiscalia.gov.co\/colombia\/seccionales\/ocupados-con-fines-de-extincion-de-dominio-bienes-por-22-000-millones-de-pesos-que-pertenecerian-a-la-estructura-narcotraficante-la-oficina\/","og_site_name":"Fiscal\u00eda General de la Naci\u00f3n","article_publisher":"https:\/\/www.facebook.com\/FiscaliaCol","article_published_time":"2021-02-13T12:06:08+00:00","article_modified_time":"2021-02-22T19:20:44+00:00","author":"Ana Mar\u00eda Gomez","twitter_card":"summary_large_image","twitter_creator":"@FiscaliaCol","twitter_site":"@FiscaliaCol","twitter_misc":{"Escrito por":"Ana Mar\u00eda Gomez","Tiempo de lectura":"2 minutos"},"schema":{"@context":"https:\/\/schema.org","@graph":[{"@type":"Article","@id":"https:\/\/www.fiscalia.gov.co\/colombia\/seccionales\/ocupados-con-fines-de-extincion-de-dominio-bienes-por-22-000-millones-de-pesos-que-pertenecerian-a-la-estructura-narcotraficante-la-oficina\/#article","isPartOf":{"@id":"https:\/\/www.fiscalia.gov.co\/colombia\/seccionales\/ocupados-con-fines-de-extincion-de-dominio-bienes-por-22-000-millones-de-pesos-que-pertenecerian-a-la-estructura-narcotraficante-la-oficina\/"},"author":{"name":"Ana Mar\u00eda Gomez","@id":"https:\/\/www.fiscalia.gov.co\/colombia\/#\/schema\/person\/06aa2210fe4d79203f428ff671dee360"},"headline":"Ocupados con fines de extinci\u00f3n de dominio bienes por 22.000 millones de pesos que pertenecer\u00edan a la estructura narcotraficante \u2018La Oficina\u2019","datePublished":"2021-02-13T12:06:08+00:00","dateModified":"2021-02-22T19:20:44+00:00","mainEntityOfPage":{"@id":"https:\/\/www.fiscalia.gov.co\/colombia\/seccionales\/ocupados-con-fines-de-extincion-de-dominio-bienes-por-22-000-millones-de-pesos-que-pertenecerian-a-la-estructura-narcotraficante-la-oficina\/"},"wordCount":509,"publisher":{"@id":"https:\/\/www.fiscalia.gov.co\/colombia\/#organization"},"keywords":["Fiscal General","Fiscal\u00eda General de la Naci\u00f3n","Francisco Barbosa Delgado Extinci\u00f3n del derecho de dominio","La Oficina"],"articleSection":["Extinci\u00f3n de dominio","Seccional Medell\u00edn","Seccionales"],"inLanguage":"es-CO"},{"@type":"WebPage","@id":"https:\/\/www.fiscalia.gov.co\/colombia\/seccionales\/ocupados-con-fines-de-extincion-de-dominio-bienes-por-22-000-millones-de-pesos-que-pertenecerian-a-la-estructura-narcotraficante-la-oficina\/","url":"https:\/\/www.fiscalia.gov.co\/colombia\/seccionales\/ocupados-con-fines-de-extincion-de-dominio-bienes-por-22-000-millones-de-pesos-que-pertenecerian-a-la-estructura-narcotraficante-la-oficina\/","name":"Fiscal\u00eda General de la Naci\u00f3n","isPartOf":{"@id":"https:\/\/www.fiscalia.gov.co\/colombia\/#website"},"datePublished":"2021-02-13T12:06:08+00:00","dateModified":"2021-02-22T19:20:44+00:00","description":"P\u00e1gina oficial de la Fiscal\u00eda General de la Naci\u00f3n \u2013 Colombia. Garantizamos el acceso efectivo a la justicia, la verdad y la reparaci\u00f3n de las v\u00edctimas de los delitos.","breadcrumb":{"@id":"https:\/\/www.fiscalia.gov.co\/colombia\/seccionales\/ocupados-con-fines-de-extincion-de-dominio-bienes-por-22-000-millones-de-pesos-que-pertenecerian-a-la-estructura-narcotraficante-la-oficina\/#breadcrumb"},"inLanguage":"es-CO","potentialAction":[{"@type":"ReadAction","target":["https:\/\/www.fiscalia.gov.co\/colombia\/seccionales\/ocupados-con-fines-de-extincion-de-dominio-bienes-por-22-000-millones-de-pesos-que-pertenecerian-a-la-estructura-narcotraficante-la-oficina\/"]}]},{"@type":"BreadcrumbList","@id":"https:\/\/www.fiscalia.gov.co\/colombia\/seccionales\/ocupados-con-fines-de-extincion-de-dominio-bienes-por-22-000-millones-de-pesos-que-pertenecerian-a-la-estructura-narcotraficante-la-oficina\/#breadcrumb","itemListElement":[{"@type":"ListItem","position":1,"name":"Home","item":"https:\/\/www.fiscalia.gov.co\/colombia\/"},{"@type":"ListItem","position":2,"name":"Ocupados con fines de extinci\u00f3n de dominio bienes por 22.000 millones de pesos que pertenecer\u00edan a la estructura narcotraficante \u2018La Oficina\u2019"}]},{"@type":"WebSite","@id":"https:\/\/www.fiscalia.gov.co\/colombia\/#website","url":"https:\/\/www.fiscalia.gov.co\/colombia\/","name":"Fiscal\u00eda General de la Naci\u00f3n","description":"P\u00e1gina oficial de la Fiscal\u00eda General de la Naci\u00f3n \u2013 Colombia. Garantizamos el acceso efectivo a la justicia, la verdad y la reparaci\u00f3n de las v\u00edctimas de los delitos.","publisher":{"@id":"https:\/\/www.fiscalia.gov.co\/colombia\/#organization"},"potentialAction":[{"@type":"SearchAction","target":{"@type":"EntryPoint","urlTemplate":"https:\/\/www.fiscalia.gov.co\/colombia\/?s={search_term_string}"},"query-input":{"@type":"PropertyValueSpecification","valueRequired":true,"valueName":"search_term_string"}}],"inLanguage":"es-CO"},{"@type":"Organization","@id":"https:\/\/www.fiscalia.gov.co\/colombia\/#organization","name":"Fiscal\u00eda General de la Naci\u00f3n","url":"https:\/\/www.fiscalia.gov.co\/colombia\/","logo":{"@type":"ImageObject","inLanguage":"es-CO","@id":"https:\/\/www.fiscalia.gov.co\/colombia\/#\/schema\/logo\/image\/","url":"https:\/\/www.fiscalia.gov.co\/colombia\/wp-content\/uploads\/LogoHorizontal_1.jpg","contentUrl":"https:\/\/www.fiscalia.gov.co\/colombia\/wp-content\/uploads\/LogoHorizontal_1.jpg","width":300,"height":90,"caption":"Fiscal\u00eda General de la Naci\u00f3n"},"image":{"@id":"https:\/\/www.fiscalia.gov.co\/colombia\/#\/schema\/logo\/image\/"},"sameAs":["https:\/\/www.facebook.com\/FiscaliaCol","https:\/\/x.com\/FiscaliaCol","https:\/\/www.instagram.com\/fiscaliacol","https:\/\/www.linkedin.com\/company\/fiscalia-general-de-la-naci-n\/","https:\/\/youtube.com\/@fiscaliageneraldelanacion-4668?si=6nN79nyQICPU5iTh"]},{"@type":"Person","@id":"https:\/\/www.fiscalia.gov.co\/colombia\/#\/schema\/person\/06aa2210fe4d79203f428ff671dee360","name":"Ana Mar\u00eda Gomez","image":{"@type":"ImageObject","inLanguage":"es-CO","@id":"https:\/\/www.fiscalia.gov.co\/colombia\/#\/schema\/person\/image\/","url":"https:\/\/secure.gravatar.com\/avatar\/a38115d98a7f8a96cbb96af2b2c37a0b?s=96&d=mm&r=g","contentUrl":"https:\/\/secure.gravatar.com\/avatar\/a38115d98a7f8a96cbb96af2b2c37a0b?s=96&d=mm&r=g","caption":"Ana Mar\u00eda Gomez"},"url":"https:\/\/www.fiscalia.gov.co\/colombia\/author\/agomez\/"}]}},"_links":{"self":[{"href":"https:\/\/www.fiscalia.gov.co\/colombia\/wp-json\/wp\/v2\/posts\/213195","targetHints":{"allow":["GET"]}}],"collection":[{"href":"https:\/\/www.fiscalia.gov.co\/colombia\/wp-json\/wp\/v2\/posts"}],"about":[{"href":"https:\/\/www.fiscalia.gov.co\/colombia\/wp-json\/wp\/v2\/types\/post"}],"author":[{"embeddable":true,"href":"https:\/\/www.fiscalia.gov.co\/colombia\/wp-json\/wp\/v2\/users\/171"}],"replies":[{"embeddable":true,"href":"https:\/\/www.fiscalia.gov.co\/colombia\/wp-json\/wp\/v2\/comments?post=213195"}],"version-history":[{"count":2,"href":"https:\/\/www.fiscalia.gov.co\/colombia\/wp-json\/wp\/v2\/posts\/213195\/revisions"}],"predecessor-version":[{"id":214001,"href":"https:\/\/www.fiscalia.gov.co\/colombia\/wp-json\/wp\/v2\/posts\/213195\/revisions\/214001"}],"wp:attachment":[{"href":"https:\/\/www.fiscalia.gov.co\/colombia\/wp-json\/wp\/v2\/media?parent=213195"}],"wp:term":[{"taxonomy":"category","embeddable":true,"href":"https:\/\/www.fiscalia.gov.co\/colombia\/wp-json\/wp\/v2\/categories?post=213195"},{"taxonomy":"post_tag","embeddable":true,"href":"https:\/\/www.fiscalia.gov.co\/colombia\/wp-json\/wp\/v2\/tags?post=213195"}],"curies":[{"name":"wp","href":"https:\/\/api.w.org\/{rel}","templated":true}]}}