{"id":213189,"date":"2021-02-12T06:30:20","date_gmt":"2021-02-12T11:30:20","guid":{"rendered":"https:\/\/www.fiscalia.gov.co\/colombia\/?p=213189"},"modified":"2021-02-22T13:43:44","modified_gmt":"2021-02-22T18:43:44","slug":"fiscalia-obtuvo-medida-de-aseguramiento-contra-presunto-autor-del-crimen-de-un-abogado-penalista-ocurrido-en-cali","status":"publish","type":"post","link":"https:\/\/www.fiscalia.gov.co\/colombia\/seguridad-territorial\/fiscalia-obtuvo-medida-de-aseguramiento-contra-presunto-autor-del-crimen-de-un-abogado-penalista-ocurrido-en-cali\/","title":{"rendered":"Fiscal\u00eda obtuvo medida de aseguramiento contra presunto autor del crimen de un abogado penalista ocurrido en Cali"},"content":{"rendered":"<div>\n<p class=\"x_MsoNormal\"><span lang=\"ES\">En menos de 48 horas, la Fi<\/span><span lang=\"ES\">scal\u00eda General de la Naci\u00f3n logr\u00f3 la judicializaci\u00f3n\u00a0<\/span><span lang=\"ES\">del presunto autor material del\u00a0<\/span><span lang=\"ES\">homicidio del<\/span><span lang=\"ES\">\u00a0<b>abogado penalista Carlos Andr\u00e9s Lemos Pava<\/b>, de 40 a\u00f1os, ocurrido e<\/span><span lang=\"ES\">ste<\/span><span lang=\"ES\">\u00a0martes 9 de febrero en un restaurante\u00a0<\/span><span lang=\"ES\">del\u00a0<\/span><span lang=\"ES\">sector de Santa M<\/span><span lang=\"ES\">\u00f3n<\/span><span lang=\"ES\">ica, en el norte de\u00a0<\/span><span lang=\"ES\">Cali (Valle del Cauca)<\/span><span lang=\"ES\">, donde se encontraba\u00a0<\/span><span lang=\"ES\">almorzando\u00a0<\/span><span lang=\"ES\">con\u00a0<\/span><span lang=\"ES\">dos acompa\u00f1antes<\/span><span lang=\"ES\">.\u00a0\u00a0<\/span><\/p>\n<p class=\"x_MsoNormal\"><span lang=\"ES\">Como\u00a0<\/span><span lang=\"ES\">John Edison Reyes Bedoya fue<\/span><span lang=\"ES\">\u00a0identificado el posible homicida, quien fue<\/span><span lang=\"ES\">\u00a0privado de la libertad\u00a0<\/span><span lang=\"ES\">con medida de aseguramiento intramuros\u00a0<\/span><span lang=\"ES\">por el\u00a0<\/span><span lang=\"ES\">j<\/span><span lang=\"ES\">uez 25\u00a0<\/span><span lang=\"ES\">penal de control de<\/span><span lang=\"ES\">\u00a0garant\u00edas<\/span><span lang=\"ES\">\u00a0de esa ciudad<\/span><span lang=\"ES\">,<\/span><span lang=\"ES\">\u00a0luego de que un fiscal de la Seccional Cali le imput\u00f3 el delito de<\/span><span lang=\"ES\">\u00a0<\/span><b><span lang=\"ES-TRAD\"><a href=\"https:\/\/www.fiscalia.gov.co\/colombia\/seguridad-ciudadana\/a-la-carcel-un-hombre-por-homicidio-agravado-y-otros-delitos-en-quibdo-choco\/\" target=\"_blank\" rel=\"noopener noreferrer\" data-auth=\"NotApplicable\"><span lang=\"ES\">homicidio agravado<\/span><\/a><\/span><\/b><span lang=\"ES\">\u00a0en concurso heterog\u00e9neo con\u00a0<b>fabricaci\u00f3n, tr<\/b><\/span><b><span lang=\"ES\">\u00e1fico<\/span><\/b><b><span lang=\"ES\">\u00a0y porte de armas de fuego, accesorios, partes y municiones.\u00a0\u00a0<\/span><\/b><\/p>\n<p class=\"x_MsoNormal\"><span lang=\"ES\">De acuerdo con las investigaciones, Reyes Bedoya lleg\u00f3\u00a0<\/span><span lang=\"ES\">a pocas cuadras\u00a0<\/span><span lang=\"ES\">del restaurante en una motocicleta,\u00a0<\/span><span lang=\"ES\">vigilado<\/span><span lang=\"ES\">\u00a0por otros dos hombres qui<\/span><span lang=\"ES\">enes tambi\u00e9n se movilizaban en\u00a0<\/span><span lang=\"ES\">moto. Se dirigi\u00f3 a pie al sitio,\u00a0<\/span><span lang=\"ES\">supuestamente\u00a0<\/span><span lang=\"ES\">observ\u00f3\u00a0<\/span><span lang=\"ES\">donde estaba\u00a0<\/span><span lang=\"ES\">la v\u00edctima<\/span><span lang=\"ES\">, ingres\u00f3<\/span><span lang=\"ES\">\u00a0al establecimiento comerci<\/span><span lang=\"ES\">al, desenfund\u00f3 un arma de fuego<\/span><span lang=\"ES\">\u00a0y\u00a0<b>le propin\u00f3 3 impactos de bala<\/b>.<\/span><span lang=\"ES\">\u00a0Tras perpetrar el crimen,\u00a0<\/span><span lang=\"ES\">el presunto sicario sali\u00f3 corriendo del\u00a0<\/span><span lang=\"ES\">local<\/span><span lang=\"ES\">\u00a0y, a unos cuantos metros del sitio, abord\u00f3 un taxi que pasaba por el sector.\u00a0\u00a0<\/span><span lang=\"ES\">\u00a0<\/span><\/p>\n<p class=\"x_MsoNormal\"><span lang=\"ES\">El hombre fue capturado\u00a0<\/span><span lang=\"ES\">momentos despu\u00e9s\u00a0<\/span><span lang=\"ES\">por agentes de la<b>\u00a0Polic\u00eda Metropolitana<\/b>\u00a0<\/span><span lang=\"ES\">en un ret\u00e9n, cerca de un centro comercial<\/span><span lang=\"ES\">, donde fue requerido el conductor del taxi.\u00a0<\/span><span lang=\"ES\">Durante\u00a0<\/span><span lang=\"ES\">la requisa\u00a0<\/span><span lang=\"ES\">al automotor, al taxista y a Reyes Bedoya, a este \u00faltimo le fue hallado entre la ropa que llevaba en las manos<\/span><span lang=\"ES\">\u00a0<\/span><span lang=\"ES-TRAD\"><a href=\"https:\/\/www.fiscalia.gov.co\/colombia\/seccionales\/seccional-cali\/carcel-para-dos-hombres-que-supuestamente-escondian-un-revolver-calibre-38\/\" target=\"_blank\" rel=\"noopener noreferrer\" data-auth=\"NotApplicable\"><span lang=\"ES\">un rev\u00f3lver calibre 38<\/span><\/a><\/span><span lang=\"ES\">\u00a0con tres cartuchos percutidos<\/span><span lang=\"ES\">, del cual no ten\u00eda salvoconducto<\/span><span lang=\"ES\">.\u00a0\u00a0<\/span><\/p>\n<p class=\"x_MsoNormal\"><span lang=\"ES\">Despu\u00e9s de su captura y la r\u00e1pida reacci\u00f3n de las autoridades, se evidenci\u00f3 que las prendas que cargaba el detenido y que se habr\u00eda cambiado en el taxi,<\/span><span lang=\"ES\">\u00a0eran las mismas que vest\u00eda el agresor del abogado Lemos Pava en el momento de<\/span><span lang=\"ES\">l<\/span><span lang=\"ES\"><b>\u00a0asesinato<\/b><\/span><span lang=\"ES\">, el cual qued\u00f3 grabado en las c\u00e1maras de seguridad del restaurante<\/span><span lang=\"ES\">.\u00a0\u00a0<\/span><\/p>\n<p class=\"x_MsoNormal\"><span lang=\"ES\">De acuerdo con\u00a0<\/span><span lang=\"ES\">los sistemas de informaci\u00f3n, el hoy capturado<\/span><span lang=\"ES\">\u00a0registra 5 anotaciones penales por los delitos d<\/span><span lang=\"ES\">e porte ilegal de armas en 2018,<\/span><span lang=\"ES\">\u00a0un homicidio en el mismo a\u00f1o, indiciado por tr\u00e1fico de armas,\u00a0<\/span><span lang=\"ES\">y como p<\/span><span lang=\"ES\">resunto autor de 2 homicidios<\/span><span lang=\"ES\">\u00a0m\u00e1s<\/span><span lang=\"ES\">\u00a0en los a\u00f1os 2019 y 2020.\u00a0\u00a0<\/span><\/p>\n<p class=\"x_MsoNormal\"><span lang=\"ES\">Estos resultados responden a la estrategia investigativa para contrarrestar los fen\u00f3menos delictivos<\/span><span lang=\"ES\">\u00a0de alto impacto<\/span><span lang=\"ES\">\u00a0que afectan la seguridad ciudadana, desarrollada bajo el Direccionamiento Estrat\u00e9gico trazado por el Fiscal General de la Naci\u00f3n, Francisco Barbosa Delgado.\u00a0\u00a0<\/span><\/p>\n<p class=\"x_MsoNormal\"><span lang=\"ES\">La Fiscal\u00eda General de la Naci\u00f3n habla con resultados.\u00a0<\/span><\/p>\n<p class=\"x_MsoNormal\"><span lang=\"ES\">JGPV\/DR\/DLBM\/MRC.<\/span><span lang=\"ES\">\u00a0<\/span><span lang=\"ES\">\u00a0<\/span><\/p>\n<\/div>\n<div>\n<p class=\"x_MsoNormal\"><i><span lang=\"ES\">La informaci\u00f3n contenida en este bolet\u00edn de prensa corresponde a la narraci\u00f3n de los hechos noticiosos objetivos, suministrados por los funcionarios encargados de adelantar las investigaciones penales al interior de la Fiscal\u00eda General de la Naci\u00f3n. Para el momento de la divulgaci\u00f3n de este comunicado, la situaci\u00f3n jur\u00eddica de la(s) persona(s) relacionada(s) se encuentra pendiente de resolver por la autoridad judicial competente, siempre bajo los preceptos de la presunci\u00f3n de inocencia, consagrados en el art\u00edculo 29 de la Constituci\u00f3n Pol\u00edtica y el art\u00edculo 7\u00ba de la Ley 906 de 2004.<\/span><\/i><\/p>\n<\/div>\n<div>\n<p>Le puede interesar:\u00a0<a href=\"https:\/\/www.fiscalia.gov.co\/colombia\/crimen-organizado\/medida-de-aseguramiento-para-alias-mano-negra-por-homicidio-agravado-en-tumaco\/\" target=\"_blank\" rel=\"noopener noreferrer\" data-auth=\"NotApplicable\">Medida de aseguramiento para alias Mano Negra por homicidio agravado en Tumaco\u00a0<\/a><\/p>\n<\/div>\n\n<div class=\"twitter-share\"><a href=\"https:\/\/twitter.com\/intent\/tweet?via=fiscaliacol\" class=\"twitter-share-button\">Tweet<\/a><\/div>\n","protected":false},"excerpt":{"rendered":"<p>En menos de 48 horas, la Fiscal\u00eda General de la Naci\u00f3n logr\u00f3 la judicializaci\u00f3n\u00a0del presunto autor material del\u00a0homicidio del\u00a0abogado penalista Carlos Andr\u00e9s Lemos Pava, de 40 a\u00f1os, ocurrido este\u00a0martes 9 [&hellip;]<\/p>\n","protected":false},"author":171,"featured_media":0,"comment_status":"closed","ping_status":"open","sticky":false,"template":"","format":"video","meta":{"tdm_status":"","tdm_grid_status":"","footnotes":""},"categories":[324,303,24099],"tags":[25809,24526,24481,1047,686,24559,25191,11101,2380],"class_list":["post-213189","post","type-post","status-publish","format-video","category-seccional-cali","category-seccionales","category-seguridad-territorial","tag-abogado-penalista","tag-fiscal-general-francisco-barbosa-delgado","tag-fiscalia-de-colombia","tag-fiscalia-general-de-la-nacion","tag-homicidio-agravado","tag-homicidios-en-cali","tag-revolver-calibre-38","tag-seguridad-ciudadana","tag-sicario","post_format-post-format-video"],"yoast_head":"<!-- This site is optimized with the Yoast SEO plugin v24.3 - https:\/\/yoast.com\/wordpress\/plugins\/seo\/ -->\n<title>Fiscal\u00eda General de la Naci\u00f3n<\/title>\n<meta name=\"description\" content=\"P\u00e1gina oficial de la Fiscal\u00eda General de la Naci\u00f3n \u2013 Colombia. Garantizamos el acceso efectivo a la justicia, la verdad y la reparaci\u00f3n de las v\u00edctimas de los delitos.\" \/>\n<meta name=\"robots\" content=\"noindex, follow\" \/>\n<meta property=\"og:locale\" content=\"es_ES\" \/>\n<meta property=\"og:type\" content=\"article\" \/>\n<meta property=\"og:title\" content=\"Fiscal\u00eda General de la Naci\u00f3n\" \/>\n<meta property=\"og:description\" content=\"P\u00e1gina oficial de la Fiscal\u00eda General de la Naci\u00f3n \u2013 Colombia. Garantizamos el acceso efectivo a la justicia, la verdad y la reparaci\u00f3n de las v\u00edctimas de los delitos.\" \/>\n<meta property=\"og:url\" content=\"https:\/\/www.fiscalia.gov.co\/colombia\/seguridad-territorial\/fiscalia-obtuvo-medida-de-aseguramiento-contra-presunto-autor-del-crimen-de-un-abogado-penalista-ocurrido-en-cali\/\" \/>\n<meta property=\"og:site_name\" content=\"Fiscal\u00eda General de la Naci\u00f3n\" \/>\n<meta property=\"article:publisher\" content=\"https:\/\/www.facebook.com\/FiscaliaCol\" \/>\n<meta property=\"article:published_time\" content=\"2021-02-12T11:30:20+00:00\" \/>\n<meta property=\"article:modified_time\" content=\"2021-02-22T18:43:44+00:00\" \/>\n<meta name=\"author\" content=\"Ana Mar\u00eda Gomez\" \/>\n<meta name=\"twitter:card\" content=\"summary_large_image\" \/>\n<meta name=\"twitter:creator\" content=\"@FiscaliaCol\" \/>\n<meta name=\"twitter:site\" content=\"@FiscaliaCol\" \/>\n<meta name=\"twitter:label1\" content=\"Escrito por\" \/>\n\t<meta name=\"twitter:data1\" content=\"Ana Mar\u00eda Gomez\" \/>\n\t<meta name=\"twitter:label2\" content=\"Tiempo de lectura\" \/>\n\t<meta name=\"twitter:data2\" content=\"3 minutos\" \/>\n<script type=\"application\/ld+json\" class=\"yoast-schema-graph\">{\"@context\":\"https:\/\/schema.org\",\"@graph\":[{\"@type\":\"Article\",\"@id\":\"https:\/\/www.fiscalia.gov.co\/colombia\/seguridad-territorial\/fiscalia-obtuvo-medida-de-aseguramiento-contra-presunto-autor-del-crimen-de-un-abogado-penalista-ocurrido-en-cali\/#article\",\"isPartOf\":{\"@id\":\"https:\/\/www.fiscalia.gov.co\/colombia\/seguridad-territorial\/fiscalia-obtuvo-medida-de-aseguramiento-contra-presunto-autor-del-crimen-de-un-abogado-penalista-ocurrido-en-cali\/\"},\"author\":{\"name\":\"Ana Mar\u00eda Gomez\",\"@id\":\"https:\/\/www.fiscalia.gov.co\/colombia\/#\/schema\/person\/06aa2210fe4d79203f428ff671dee360\"},\"headline\":\"Fiscal\u00eda obtuvo medida de aseguramiento contra presunto autor del crimen de un abogado penalista ocurrido en Cali\",\"datePublished\":\"2021-02-12T11:30:20+00:00\",\"dateModified\":\"2021-02-22T18:43:44+00:00\",\"mainEntityOfPage\":{\"@id\":\"https:\/\/www.fiscalia.gov.co\/colombia\/seguridad-territorial\/fiscalia-obtuvo-medida-de-aseguramiento-contra-presunto-autor-del-crimen-de-un-abogado-penalista-ocurrido-en-cali\/\"},\"wordCount\":590,\"publisher\":{\"@id\":\"https:\/\/www.fiscalia.gov.co\/colombia\/#organization\"},\"keywords\":[\"abogado penalista\",\"Fiscal General Francisco Barbosa Delgado\",\"Fiscal\u00eda de Colombia\",\"Fiscal\u00eda General de la Naci\u00f3n\",\"Homicidio agravado\",\"homicidios en Cali\",\"rev\u00f3lver calibre 38\",\"Seguridad ciudadana\",\"Sicario\"],\"articleSection\":[\"Seccional Cali\",\"Seccionales\",\"Seguridad territorial\"],\"inLanguage\":\"es-CO\"},{\"@type\":\"WebPage\",\"@id\":\"https:\/\/www.fiscalia.gov.co\/colombia\/seguridad-territorial\/fiscalia-obtuvo-medida-de-aseguramiento-contra-presunto-autor-del-crimen-de-un-abogado-penalista-ocurrido-en-cali\/\",\"url\":\"https:\/\/www.fiscalia.gov.co\/colombia\/seguridad-territorial\/fiscalia-obtuvo-medida-de-aseguramiento-contra-presunto-autor-del-crimen-de-un-abogado-penalista-ocurrido-en-cali\/\",\"name\":\"Fiscal\u00eda General de la Naci\u00f3n\",\"isPartOf\":{\"@id\":\"https:\/\/www.fiscalia.gov.co\/colombia\/#website\"},\"datePublished\":\"2021-02-12T11:30:20+00:00\",\"dateModified\":\"2021-02-22T18:43:44+00:00\",\"description\":\"P\u00e1gina oficial de la Fiscal\u00eda General de la Naci\u00f3n \u2013 Colombia. Garantizamos el acceso efectivo a la justicia, la verdad y la reparaci\u00f3n de las v\u00edctimas de los delitos.\",\"breadcrumb\":{\"@id\":\"https:\/\/www.fiscalia.gov.co\/colombia\/seguridad-territorial\/fiscalia-obtuvo-medida-de-aseguramiento-contra-presunto-autor-del-crimen-de-un-abogado-penalista-ocurrido-en-cali\/#breadcrumb\"},\"inLanguage\":\"es-CO\",\"potentialAction\":[{\"@type\":\"ReadAction\",\"target\":[\"https:\/\/www.fiscalia.gov.co\/colombia\/seguridad-territorial\/fiscalia-obtuvo-medida-de-aseguramiento-contra-presunto-autor-del-crimen-de-un-abogado-penalista-ocurrido-en-cali\/\"]}]},{\"@type\":\"BreadcrumbList\",\"@id\":\"https:\/\/www.fiscalia.gov.co\/colombia\/seguridad-territorial\/fiscalia-obtuvo-medida-de-aseguramiento-contra-presunto-autor-del-crimen-de-un-abogado-penalista-ocurrido-en-cali\/#breadcrumb\",\"itemListElement\":[{\"@type\":\"ListItem\",\"position\":1,\"name\":\"Home\",\"item\":\"https:\/\/www.fiscalia.gov.co\/colombia\/\"},{\"@type\":\"ListItem\",\"position\":2,\"name\":\"Fiscal\u00eda obtuvo medida de aseguramiento contra presunto autor del crimen de un abogado penalista ocurrido en Cali\"}]},{\"@type\":\"WebSite\",\"@id\":\"https:\/\/www.fiscalia.gov.co\/colombia\/#website\",\"url\":\"https:\/\/www.fiscalia.gov.co\/colombia\/\",\"name\":\"Fiscal\u00eda General de la Naci\u00f3n\",\"description\":\"P\u00e1gina oficial de la Fiscal\u00eda General de la Naci\u00f3n \u2013 Colombia. Garantizamos el acceso efectivo a la justicia, la verdad y la reparaci\u00f3n de las v\u00edctimas de los delitos.\",\"publisher\":{\"@id\":\"https:\/\/www.fiscalia.gov.co\/colombia\/#organization\"},\"potentialAction\":[{\"@type\":\"SearchAction\",\"target\":{\"@type\":\"EntryPoint\",\"urlTemplate\":\"https:\/\/www.fiscalia.gov.co\/colombia\/?s={search_term_string}\"},\"query-input\":{\"@type\":\"PropertyValueSpecification\",\"valueRequired\":true,\"valueName\":\"search_term_string\"}}],\"inLanguage\":\"es-CO\"},{\"@type\":\"Organization\",\"@id\":\"https:\/\/www.fiscalia.gov.co\/colombia\/#organization\",\"name\":\"Fiscal\u00eda General de la Naci\u00f3n\",\"url\":\"https:\/\/www.fiscalia.gov.co\/colombia\/\",\"logo\":{\"@type\":\"ImageObject\",\"inLanguage\":\"es-CO\",\"@id\":\"https:\/\/www.fiscalia.gov.co\/colombia\/#\/schema\/logo\/image\/\",\"url\":\"https:\/\/www.fiscalia.gov.co\/colombia\/wp-content\/uploads\/LogoHorizontal_1.jpg\",\"contentUrl\":\"https:\/\/www.fiscalia.gov.co\/colombia\/wp-content\/uploads\/LogoHorizontal_1.jpg\",\"width\":300,\"height\":90,\"caption\":\"Fiscal\u00eda General de la Naci\u00f3n\"},\"image\":{\"@id\":\"https:\/\/www.fiscalia.gov.co\/colombia\/#\/schema\/logo\/image\/\"},\"sameAs\":[\"https:\/\/www.facebook.com\/FiscaliaCol\",\"https:\/\/x.com\/FiscaliaCol\",\"https:\/\/www.instagram.com\/fiscaliacol\",\"https:\/\/www.linkedin.com\/company\/fiscalia-general-de-la-naci-n\/\",\"https:\/\/youtube.com\/@fiscaliageneraldelanacion-4668?si=6nN79nyQICPU5iTh\"]},{\"@type\":\"Person\",\"@id\":\"https:\/\/www.fiscalia.gov.co\/colombia\/#\/schema\/person\/06aa2210fe4d79203f428ff671dee360\",\"name\":\"Ana Mar\u00eda Gomez\",\"image\":{\"@type\":\"ImageObject\",\"inLanguage\":\"es-CO\",\"@id\":\"https:\/\/www.fiscalia.gov.co\/colombia\/#\/schema\/person\/image\/\",\"url\":\"https:\/\/secure.gravatar.com\/avatar\/a38115d98a7f8a96cbb96af2b2c37a0b?s=96&d=mm&r=g\",\"contentUrl\":\"https:\/\/secure.gravatar.com\/avatar\/a38115d98a7f8a96cbb96af2b2c37a0b?s=96&d=mm&r=g\",\"caption\":\"Ana Mar\u00eda Gomez\"},\"url\":\"https:\/\/www.fiscalia.gov.co\/colombia\/author\/agomez\/\"}]}<\/script>\n<!-- \/ Yoast SEO plugin. -->","yoast_head_json":{"title":"Fiscal\u00eda General de la Naci\u00f3n","description":"P\u00e1gina oficial de la Fiscal\u00eda General de la Naci\u00f3n \u2013 Colombia. Garantizamos el acceso efectivo a la justicia, la verdad y la reparaci\u00f3n de las v\u00edctimas de los delitos.","robots":{"index":"noindex","follow":"follow"},"og_locale":"es_ES","og_type":"article","og_title":"Fiscal\u00eda General de la Naci\u00f3n","og_description":"P\u00e1gina oficial de la Fiscal\u00eda General de la Naci\u00f3n \u2013 Colombia. Garantizamos el acceso efectivo a la justicia, la verdad y la reparaci\u00f3n de las v\u00edctimas de los delitos.","og_url":"https:\/\/www.fiscalia.gov.co\/colombia\/seguridad-territorial\/fiscalia-obtuvo-medida-de-aseguramiento-contra-presunto-autor-del-crimen-de-un-abogado-penalista-ocurrido-en-cali\/","og_site_name":"Fiscal\u00eda General de la Naci\u00f3n","article_publisher":"https:\/\/www.facebook.com\/FiscaliaCol","article_published_time":"2021-02-12T11:30:20+00:00","article_modified_time":"2021-02-22T18:43:44+00:00","author":"Ana Mar\u00eda Gomez","twitter_card":"summary_large_image","twitter_creator":"@FiscaliaCol","twitter_site":"@FiscaliaCol","twitter_misc":{"Escrito por":"Ana Mar\u00eda Gomez","Tiempo de lectura":"3 minutos"},"schema":{"@context":"https:\/\/schema.org","@graph":[{"@type":"Article","@id":"https:\/\/www.fiscalia.gov.co\/colombia\/seguridad-territorial\/fiscalia-obtuvo-medida-de-aseguramiento-contra-presunto-autor-del-crimen-de-un-abogado-penalista-ocurrido-en-cali\/#article","isPartOf":{"@id":"https:\/\/www.fiscalia.gov.co\/colombia\/seguridad-territorial\/fiscalia-obtuvo-medida-de-aseguramiento-contra-presunto-autor-del-crimen-de-un-abogado-penalista-ocurrido-en-cali\/"},"author":{"name":"Ana Mar\u00eda Gomez","@id":"https:\/\/www.fiscalia.gov.co\/colombia\/#\/schema\/person\/06aa2210fe4d79203f428ff671dee360"},"headline":"Fiscal\u00eda obtuvo medida de aseguramiento contra presunto autor del crimen de un abogado penalista ocurrido en Cali","datePublished":"2021-02-12T11:30:20+00:00","dateModified":"2021-02-22T18:43:44+00:00","mainEntityOfPage":{"@id":"https:\/\/www.fiscalia.gov.co\/colombia\/seguridad-territorial\/fiscalia-obtuvo-medida-de-aseguramiento-contra-presunto-autor-del-crimen-de-un-abogado-penalista-ocurrido-en-cali\/"},"wordCount":590,"publisher":{"@id":"https:\/\/www.fiscalia.gov.co\/colombia\/#organization"},"keywords":["abogado penalista","Fiscal General Francisco Barbosa Delgado","Fiscal\u00eda de Colombia","Fiscal\u00eda General de la Naci\u00f3n","Homicidio agravado","homicidios en Cali","rev\u00f3lver calibre 38","Seguridad ciudadana","Sicario"],"articleSection":["Seccional Cali","Seccionales","Seguridad territorial"],"inLanguage":"es-CO"},{"@type":"WebPage","@id":"https:\/\/www.fiscalia.gov.co\/colombia\/seguridad-territorial\/fiscalia-obtuvo-medida-de-aseguramiento-contra-presunto-autor-del-crimen-de-un-abogado-penalista-ocurrido-en-cali\/","url":"https:\/\/www.fiscalia.gov.co\/colombia\/seguridad-territorial\/fiscalia-obtuvo-medida-de-aseguramiento-contra-presunto-autor-del-crimen-de-un-abogado-penalista-ocurrido-en-cali\/","name":"Fiscal\u00eda General de la Naci\u00f3n","isPartOf":{"@id":"https:\/\/www.fiscalia.gov.co\/colombia\/#website"},"datePublished":"2021-02-12T11:30:20+00:00","dateModified":"2021-02-22T18:43:44+00:00","description":"P\u00e1gina oficial de la Fiscal\u00eda General de la Naci\u00f3n \u2013 Colombia. Garantizamos el acceso efectivo a la justicia, la verdad y la reparaci\u00f3n de las v\u00edctimas de los delitos.","breadcrumb":{"@id":"https:\/\/www.fiscalia.gov.co\/colombia\/seguridad-territorial\/fiscalia-obtuvo-medida-de-aseguramiento-contra-presunto-autor-del-crimen-de-un-abogado-penalista-ocurrido-en-cali\/#breadcrumb"},"inLanguage":"es-CO","potentialAction":[{"@type":"ReadAction","target":["https:\/\/www.fiscalia.gov.co\/colombia\/seguridad-territorial\/fiscalia-obtuvo-medida-de-aseguramiento-contra-presunto-autor-del-crimen-de-un-abogado-penalista-ocurrido-en-cali\/"]}]},{"@type":"BreadcrumbList","@id":"https:\/\/www.fiscalia.gov.co\/colombia\/seguridad-territorial\/fiscalia-obtuvo-medida-de-aseguramiento-contra-presunto-autor-del-crimen-de-un-abogado-penalista-ocurrido-en-cali\/#breadcrumb","itemListElement":[{"@type":"ListItem","position":1,"name":"Home","item":"https:\/\/www.fiscalia.gov.co\/colombia\/"},{"@type":"ListItem","position":2,"name":"Fiscal\u00eda obtuvo medida de aseguramiento contra presunto autor del crimen de un abogado penalista ocurrido en Cali"}]},{"@type":"WebSite","@id":"https:\/\/www.fiscalia.gov.co\/colombia\/#website","url":"https:\/\/www.fiscalia.gov.co\/colombia\/","name":"Fiscal\u00eda General de la Naci\u00f3n","description":"P\u00e1gina oficial de la Fiscal\u00eda General de la Naci\u00f3n \u2013 Colombia. Garantizamos el acceso efectivo a la justicia, la verdad y la reparaci\u00f3n de las v\u00edctimas de los delitos.","publisher":{"@id":"https:\/\/www.fiscalia.gov.co\/colombia\/#organization"},"potentialAction":[{"@type":"SearchAction","target":{"@type":"EntryPoint","urlTemplate":"https:\/\/www.fiscalia.gov.co\/colombia\/?s={search_term_string}"},"query-input":{"@type":"PropertyValueSpecification","valueRequired":true,"valueName":"search_term_string"}}],"inLanguage":"es-CO"},{"@type":"Organization","@id":"https:\/\/www.fiscalia.gov.co\/colombia\/#organization","name":"Fiscal\u00eda General de la Naci\u00f3n","url":"https:\/\/www.fiscalia.gov.co\/colombia\/","logo":{"@type":"ImageObject","inLanguage":"es-CO","@id":"https:\/\/www.fiscalia.gov.co\/colombia\/#\/schema\/logo\/image\/","url":"https:\/\/www.fiscalia.gov.co\/colombia\/wp-content\/uploads\/LogoHorizontal_1.jpg","contentUrl":"https:\/\/www.fiscalia.gov.co\/colombia\/wp-content\/uploads\/LogoHorizontal_1.jpg","width":300,"height":90,"caption":"Fiscal\u00eda General de la Naci\u00f3n"},"image":{"@id":"https:\/\/www.fiscalia.gov.co\/colombia\/#\/schema\/logo\/image\/"},"sameAs":["https:\/\/www.facebook.com\/FiscaliaCol","https:\/\/x.com\/FiscaliaCol","https:\/\/www.instagram.com\/fiscaliacol","https:\/\/www.linkedin.com\/company\/fiscalia-general-de-la-naci-n\/","https:\/\/youtube.com\/@fiscaliageneraldelanacion-4668?si=6nN79nyQICPU5iTh"]},{"@type":"Person","@id":"https:\/\/www.fiscalia.gov.co\/colombia\/#\/schema\/person\/06aa2210fe4d79203f428ff671dee360","name":"Ana Mar\u00eda Gomez","image":{"@type":"ImageObject","inLanguage":"es-CO","@id":"https:\/\/www.fiscalia.gov.co\/colombia\/#\/schema\/person\/image\/","url":"https:\/\/secure.gravatar.com\/avatar\/a38115d98a7f8a96cbb96af2b2c37a0b?s=96&d=mm&r=g","contentUrl":"https:\/\/secure.gravatar.com\/avatar\/a38115d98a7f8a96cbb96af2b2c37a0b?s=96&d=mm&r=g","caption":"Ana Mar\u00eda Gomez"},"url":"https:\/\/www.fiscalia.gov.co\/colombia\/author\/agomez\/"}]}},"_links":{"self":[{"href":"https:\/\/www.fiscalia.gov.co\/colombia\/wp-json\/wp\/v2\/posts\/213189","targetHints":{"allow":["GET"]}}],"collection":[{"href":"https:\/\/www.fiscalia.gov.co\/colombia\/wp-json\/wp\/v2\/posts"}],"about":[{"href":"https:\/\/www.fiscalia.gov.co\/colombia\/wp-json\/wp\/v2\/types\/post"}],"author":[{"embeddable":true,"href":"https:\/\/www.fiscalia.gov.co\/colombia\/wp-json\/wp\/v2\/users\/171"}],"replies":[{"embeddable":true,"href":"https:\/\/www.fiscalia.gov.co\/colombia\/wp-json\/wp\/v2\/comments?post=213189"}],"version-history":[{"count":1,"href":"https:\/\/www.fiscalia.gov.co\/colombia\/wp-json\/wp\/v2\/posts\/213189\/revisions"}],"predecessor-version":[{"id":213190,"href":"https:\/\/www.fiscalia.gov.co\/colombia\/wp-json\/wp\/v2\/posts\/213189\/revisions\/213190"}],"wp:attachment":[{"href":"https:\/\/www.fiscalia.gov.co\/colombia\/wp-json\/wp\/v2\/media?parent=213189"}],"wp:term":[{"taxonomy":"category","embeddable":true,"href":"https:\/\/www.fiscalia.gov.co\/colombia\/wp-json\/wp\/v2\/categories?post=213189"},{"taxonomy":"post_tag","embeddable":true,"href":"https:\/\/www.fiscalia.gov.co\/colombia\/wp-json\/wp\/v2\/tags?post=213189"}],"curies":[{"name":"wp","href":"https:\/\/api.w.org\/{rel}","templated":true}]}}