{"id":213036,"date":"2021-02-11T06:15:11","date_gmt":"2021-02-11T11:15:11","guid":{"rendered":"https:\/\/www.fiscalia.gov.co\/colombia\/?p=213036"},"modified":"2021-02-11T07:37:06","modified_gmt":"2021-02-11T12:37:06","slug":"judicializados-presuntos-integrantes-de-red-delincuencial-senalada-de-secuestrar-a-una-familia-que-pretendia-comprar-un-vehiculo","status":"publish","type":"post","link":"https:\/\/www.fiscalia.gov.co\/colombia\/seguridad-territorial\/judicializados-presuntos-integrantes-de-red-delincuencial-senalada-de-secuestrar-a-una-familia-que-pretendia-comprar-un-vehiculo\/","title":{"rendered":"Judicializados presuntos integrantes de red delincuencial se\u00f1alada de secuestrar a una familia que pretend\u00eda comprar un veh\u00edculo"},"content":{"rendered":"<h4><strong><em>Los supuestos delincuentes habr\u00edan ofrecido el automotor por redes sociales a un precio muy por debajo del valor real.<\/em><\/strong><\/h4>\n<p>Una llamativa publicaci\u00f3n en redes sociales: veh\u00edculos a precios c\u00f3modos y con facilidades de pago. Una oferta atractiva para una familia que se contact\u00f3 con los presuntos vendedores y acept\u00f3 viajar de Bogot\u00e1 a Ricaurte (Cundinamarca) para, supuestamente, cerrar el negocio.<\/p>\n<p>Una pareja, sus dos hijos y un sobrino llegaron a una casa quinta del citado municipio, en la que estar\u00eda exhibido el automotor. Sin embargo, los compradores cruzaron la puerta del inmueble y de inmediato fueron sometidos e intimidados con armas de fuego. Los se\u00f1alados delincuentes les habr\u00edan indicado que los dejar\u00edan en libertad si entregaban la totalidad del dinero que iban a dar por el autom\u00f3vil.<\/p>\n<p>Los dos adultos, al parecer, fueron acompa\u00f1ados y obligados a ir a una entidad bancaria cercana para retirar la suma exigida; mientras que los j\u00f3venes quedaron retenidos en la vivienda. Unidades del Gaula de la Polic\u00eda Nacional llegaron a la casa quinta, rescataron a los hermanos y a su primo, y capturaron en flagrancia a tres personas.<\/p>\n<p>Ante un juez de control de garant\u00edas, un fiscal de la Seccional Cundinamarca imput\u00f3 a los detenidos los delitos de secuestro extorsivo agravado y hurto calificado y agravado. Los procesados recibieron medida de aseguramiento en centro carcelario.<\/p>\n<p>Los afectados con la decisi\u00f3n son: Juan David Mu\u00f1oz Cer\u00f3n, Fabi\u00e1n Andr\u00e9s Palomino Lozano y Miller Duv\u00e1n Vel\u00e1squez Mendoza.<\/p>\n<p>La Fiscal\u00eda contin\u00faa las investigaciones para establecer si estos hombres estar\u00edan vinculados a otros eventos similares, en los que personas fueron enga\u00f1adas con anuncios de ventas de veh\u00edculos en redes sociales.<\/p>\n<p>Los delitos que afectan la seguridad ciudadana fueron priorizados por el Fiscal General de la Naci\u00f3n, Francisco Barbosa Delgado, en el Direccionamiento Estrat\u00e9gico 2020 \u2013 2024.<\/p>\n<p><strong>La Fiscal\u00eda habla con resultados.\u00a0\u00a0\u00a0\u00a0\u00a0\u00a0\u00a0\u00a0\u00a0\u00a0\u00a0\u00a0\u00a0<\/strong><\/p>\n<p>CMRM\/JARG<\/p>\n<p><i><span lang=\"ES\">La informaci\u00f3n contenida en este bolet\u00edn de prensa corresponde a la narraci\u00f3n de los hechos noticiosos objetivos, suministrados por los funcionarios encargados de adelantar las investigaciones penales al interior de la Fiscal\u00eda General de la Naci\u00f3n. Para el momento de la divulgaci\u00f3n de este comunicado, la situaci\u00f3n jur\u00eddica de la(s) persona(s) relacionada(s) se encuentra pendiente de resolver por la autoridad judicial competente, siempre bajo los preceptos de la presunci\u00f3n de inocencia, consagrados en el art\u00edculo 29 de la Constituci\u00f3n Pol\u00edtica y el art\u00edculo 7\u00ba de la Ley 906 de 2004.<\/span><\/i><\/p>\n\n<div class=\"twitter-share\"><a href=\"https:\/\/twitter.com\/intent\/tweet?via=fiscaliacol\" class=\"twitter-share-button\">Tweet<\/a><\/div>\n","protected":false},"excerpt":{"rendered":"<p>Los supuestos delincuentes habr\u00edan ofrecido el automotor por redes sociales a un precio muy por debajo del valor real. Una llamativa publicaci\u00f3n en redes sociales: veh\u00edculos a precios c\u00f3modos y con facilidades de pago. Una oferta atractiva para una familia que se contact\u00f3 con los presuntos vendedores y acept\u00f3 viajar de Bogot\u00e1 a Ricaurte (Cundinamarca) [&hellip;]<\/p>\n","protected":false},"author":171,"featured_media":0,"comment_status":"closed","ping_status":"open","sticky":false,"template":"","format":"standard","meta":{"_price":"","_stock":"","_tribe_ticket_header":"","_tribe_default_ticket_provider":"","_tribe_ticket_capacity":"0","_ticket_start_date":"","_ticket_end_date":"","_tribe_ticket_show_description":"","_tribe_ticket_show_not_going":false,"_tribe_ticket_use_global_stock":"","_tribe_ticket_global_stock_level":"","_global_stock_mode":"","_global_stock_cap":"","_tribe_rsvp_for_event":"","_tribe_ticket_going_count":"","_tribe_ticket_not_going_count":"","_tribe_tickets_list":"[]","_tribe_ticket_has_attendee_info_fields":false,"tdm_status":"","tdm_grid_status":"","footnotes":""},"categories":[327,303,24099],"tags":[14221,24185,4614,23964],"class_list":{"0":"post-213036","1":"post","2":"type-post","3":"status-publish","4":"format-standard","6":"category-seccional-cundinamarca","7":"category-seccionales","8":"category-seguridad-territorial","9":"tag-familia","10":"tag-fiscal-barbosa","11":"tag-fiscalia-2","12":"tag-secuestro"},"yoast_head":"<!-- This site is optimized with the Yoast SEO plugin v24.3 - https:\/\/yoast.com\/wordpress\/plugins\/seo\/ -->\n<title>Fiscal\u00eda General de la Naci\u00f3n<\/title>\n<meta name=\"description\" content=\"P\u00e1gina oficial de la Fiscal\u00eda General de la Naci\u00f3n \u2013 Colombia. Garantizamos el acceso efectivo a la justicia, la verdad y la reparaci\u00f3n de las v\u00edctimas de los delitos.\" \/>\n<meta name=\"robots\" content=\"noindex, follow\" \/>\n<meta property=\"og:locale\" content=\"es_ES\" \/>\n<meta property=\"og:type\" content=\"article\" \/>\n<meta property=\"og:title\" content=\"Fiscal\u00eda General de la Naci\u00f3n\" \/>\n<meta property=\"og:description\" content=\"P\u00e1gina oficial de la Fiscal\u00eda General de la Naci\u00f3n \u2013 Colombia. Garantizamos el acceso efectivo a la justicia, la verdad y la reparaci\u00f3n de las v\u00edctimas de los delitos.\" \/>\n<meta property=\"og:url\" content=\"https:\/\/www.fiscalia.gov.co\/colombia\/seguridad-territorial\/judicializados-presuntos-integrantes-de-red-delincuencial-senalada-de-secuestrar-a-una-familia-que-pretendia-comprar-un-vehiculo\/\" \/>\n<meta property=\"og:site_name\" content=\"Fiscal\u00eda General de la Naci\u00f3n\" \/>\n<meta property=\"article:publisher\" content=\"https:\/\/www.facebook.com\/FiscaliaCol\" \/>\n<meta property=\"article:published_time\" content=\"2021-02-11T11:15:11+00:00\" \/>\n<meta property=\"article:modified_time\" content=\"2021-02-11T12:37:06+00:00\" \/>\n<meta name=\"author\" content=\"Ana Mar\u00eda Gomez\" \/>\n<meta name=\"twitter:card\" content=\"summary_large_image\" \/>\n<meta name=\"twitter:creator\" content=\"@FiscaliaCol\" \/>\n<meta name=\"twitter:site\" content=\"@FiscaliaCol\" \/>\n<meta name=\"twitter:label1\" content=\"Escrito por\" \/>\n\t<meta name=\"twitter:data1\" content=\"Ana Mar\u00eda Gomez\" \/>\n\t<meta name=\"twitter:label2\" content=\"Tiempo de lectura\" \/>\n\t<meta name=\"twitter:data2\" content=\"2 minutos\" \/>\n<script type=\"application\/ld+json\" class=\"yoast-schema-graph\">{\"@context\":\"https:\/\/schema.org\",\"@graph\":[{\"@type\":\"Article\",\"@id\":\"https:\/\/www.fiscalia.gov.co\/colombia\/seguridad-territorial\/judicializados-presuntos-integrantes-de-red-delincuencial-senalada-de-secuestrar-a-una-familia-que-pretendia-comprar-un-vehiculo\/#article\",\"isPartOf\":{\"@id\":\"https:\/\/www.fiscalia.gov.co\/colombia\/seguridad-territorial\/judicializados-presuntos-integrantes-de-red-delincuencial-senalada-de-secuestrar-a-una-familia-que-pretendia-comprar-un-vehiculo\/\"},\"author\":{\"name\":\"Ana Mar\u00eda Gomez\",\"@id\":\"https:\/\/www.fiscalia.gov.co\/colombia\/#\/schema\/person\/06aa2210fe4d79203f428ff671dee360\"},\"headline\":\"Judicializados presuntos integrantes de red delincuencial se\u00f1alada de secuestrar a una familia que pretend\u00eda comprar un veh\u00edculo\",\"datePublished\":\"2021-02-11T11:15:11+00:00\",\"dateModified\":\"2021-02-11T12:37:06+00:00\",\"mainEntityOfPage\":{\"@id\":\"https:\/\/www.fiscalia.gov.co\/colombia\/seguridad-territorial\/judicializados-presuntos-integrantes-de-red-delincuencial-senalada-de-secuestrar-a-una-familia-que-pretendia-comprar-un-vehiculo\/\"},\"wordCount\":451,\"publisher\":{\"@id\":\"https:\/\/www.fiscalia.gov.co\/colombia\/#organization\"},\"keywords\":[\"Familia\",\"Fiscal Barbosa\",\"Fiscal\u00eda\",\"Secuestro\"],\"articleSection\":[\"Seccional Cundinamarca\",\"Seccionales\",\"Seguridad territorial\"],\"inLanguage\":\"es-CO\"},{\"@type\":\"WebPage\",\"@id\":\"https:\/\/www.fiscalia.gov.co\/colombia\/seguridad-territorial\/judicializados-presuntos-integrantes-de-red-delincuencial-senalada-de-secuestrar-a-una-familia-que-pretendia-comprar-un-vehiculo\/\",\"url\":\"https:\/\/www.fiscalia.gov.co\/colombia\/seguridad-territorial\/judicializados-presuntos-integrantes-de-red-delincuencial-senalada-de-secuestrar-a-una-familia-que-pretendia-comprar-un-vehiculo\/\",\"name\":\"Fiscal\u00eda General de la Naci\u00f3n\",\"isPartOf\":{\"@id\":\"https:\/\/www.fiscalia.gov.co\/colombia\/#website\"},\"datePublished\":\"2021-02-11T11:15:11+00:00\",\"dateModified\":\"2021-02-11T12:37:06+00:00\",\"description\":\"P\u00e1gina oficial de la Fiscal\u00eda General de la Naci\u00f3n \u2013 Colombia. Garantizamos el acceso efectivo a la justicia, la verdad y la reparaci\u00f3n de las v\u00edctimas de los delitos.\",\"breadcrumb\":{\"@id\":\"https:\/\/www.fiscalia.gov.co\/colombia\/seguridad-territorial\/judicializados-presuntos-integrantes-de-red-delincuencial-senalada-de-secuestrar-a-una-familia-que-pretendia-comprar-un-vehiculo\/#breadcrumb\"},\"inLanguage\":\"es-CO\",\"potentialAction\":[{\"@type\":\"ReadAction\",\"target\":[\"https:\/\/www.fiscalia.gov.co\/colombia\/seguridad-territorial\/judicializados-presuntos-integrantes-de-red-delincuencial-senalada-de-secuestrar-a-una-familia-que-pretendia-comprar-un-vehiculo\/\"]}]},{\"@type\":\"BreadcrumbList\",\"@id\":\"https:\/\/www.fiscalia.gov.co\/colombia\/seguridad-territorial\/judicializados-presuntos-integrantes-de-red-delincuencial-senalada-de-secuestrar-a-una-familia-que-pretendia-comprar-un-vehiculo\/#breadcrumb\",\"itemListElement\":[{\"@type\":\"ListItem\",\"position\":1,\"name\":\"Home\",\"item\":\"https:\/\/www.fiscalia.gov.co\/colombia\/\"},{\"@type\":\"ListItem\",\"position\":2,\"name\":\"Judicializados presuntos integrantes de red delincuencial se\u00f1alada de secuestrar a una familia que pretend\u00eda comprar un veh\u00edculo\"}]},{\"@type\":\"WebSite\",\"@id\":\"https:\/\/www.fiscalia.gov.co\/colombia\/#website\",\"url\":\"https:\/\/www.fiscalia.gov.co\/colombia\/\",\"name\":\"Fiscal\u00eda General de la Naci\u00f3n\",\"description\":\"P\u00e1gina oficial de la Fiscal\u00eda General de la Naci\u00f3n \u2013 Colombia. Garantizamos el acceso efectivo a la justicia, la verdad y la reparaci\u00f3n de las v\u00edctimas de los delitos.\",\"publisher\":{\"@id\":\"https:\/\/www.fiscalia.gov.co\/colombia\/#organization\"},\"potentialAction\":[{\"@type\":\"SearchAction\",\"target\":{\"@type\":\"EntryPoint\",\"urlTemplate\":\"https:\/\/www.fiscalia.gov.co\/colombia\/?s={search_term_string}\"},\"query-input\":{\"@type\":\"PropertyValueSpecification\",\"valueRequired\":true,\"valueName\":\"search_term_string\"}}],\"inLanguage\":\"es-CO\"},{\"@type\":\"Organization\",\"@id\":\"https:\/\/www.fiscalia.gov.co\/colombia\/#organization\",\"name\":\"Fiscal\u00eda General de la Naci\u00f3n\",\"url\":\"https:\/\/www.fiscalia.gov.co\/colombia\/\",\"logo\":{\"@type\":\"ImageObject\",\"inLanguage\":\"es-CO\",\"@id\":\"https:\/\/www.fiscalia.gov.co\/colombia\/#\/schema\/logo\/image\/\",\"url\":\"https:\/\/www.fiscalia.gov.co\/colombia\/wp-content\/uploads\/LogoHorizontal_1.jpg\",\"contentUrl\":\"https:\/\/www.fiscalia.gov.co\/colombia\/wp-content\/uploads\/LogoHorizontal_1.jpg\",\"width\":300,\"height\":90,\"caption\":\"Fiscal\u00eda General de la Naci\u00f3n\"},\"image\":{\"@id\":\"https:\/\/www.fiscalia.gov.co\/colombia\/#\/schema\/logo\/image\/\"},\"sameAs\":[\"https:\/\/www.facebook.com\/FiscaliaCol\",\"https:\/\/x.com\/FiscaliaCol\",\"https:\/\/www.instagram.com\/fiscaliacol\",\"https:\/\/www.linkedin.com\/company\/fiscalia-general-de-la-naci-n\/\",\"https:\/\/youtube.com\/@fiscaliageneraldelanacion-4668?si=6nN79nyQICPU5iTh\"]},{\"@type\":\"Person\",\"@id\":\"https:\/\/www.fiscalia.gov.co\/colombia\/#\/schema\/person\/06aa2210fe4d79203f428ff671dee360\",\"name\":\"Ana Mar\u00eda Gomez\",\"image\":{\"@type\":\"ImageObject\",\"inLanguage\":\"es-CO\",\"@id\":\"https:\/\/www.fiscalia.gov.co\/colombia\/#\/schema\/person\/image\/\",\"url\":\"https:\/\/secure.gravatar.com\/avatar\/a38115d98a7f8a96cbb96af2b2c37a0b?s=96&d=mm&r=g\",\"contentUrl\":\"https:\/\/secure.gravatar.com\/avatar\/a38115d98a7f8a96cbb96af2b2c37a0b?s=96&d=mm&r=g\",\"caption\":\"Ana Mar\u00eda Gomez\"},\"url\":\"https:\/\/www.fiscalia.gov.co\/colombia\/author\/agomez\/\"}]}<\/script>\n<!-- \/ Yoast SEO plugin. -->","yoast_head_json":{"title":"Fiscal\u00eda General de la Naci\u00f3n","description":"P\u00e1gina oficial de la Fiscal\u00eda General de la Naci\u00f3n \u2013 Colombia. Garantizamos el acceso efectivo a la justicia, la verdad y la reparaci\u00f3n de las v\u00edctimas de los delitos.","robots":{"index":"noindex","follow":"follow"},"og_locale":"es_ES","og_type":"article","og_title":"Fiscal\u00eda General de la Naci\u00f3n","og_description":"P\u00e1gina oficial de la Fiscal\u00eda General de la Naci\u00f3n \u2013 Colombia. Garantizamos el acceso efectivo a la justicia, la verdad y la reparaci\u00f3n de las v\u00edctimas de los delitos.","og_url":"https:\/\/www.fiscalia.gov.co\/colombia\/seguridad-territorial\/judicializados-presuntos-integrantes-de-red-delincuencial-senalada-de-secuestrar-a-una-familia-que-pretendia-comprar-un-vehiculo\/","og_site_name":"Fiscal\u00eda General de la Naci\u00f3n","article_publisher":"https:\/\/www.facebook.com\/FiscaliaCol","article_published_time":"2021-02-11T11:15:11+00:00","article_modified_time":"2021-02-11T12:37:06+00:00","author":"Ana Mar\u00eda Gomez","twitter_card":"summary_large_image","twitter_creator":"@FiscaliaCol","twitter_site":"@FiscaliaCol","twitter_misc":{"Escrito por":"Ana Mar\u00eda Gomez","Tiempo de lectura":"2 minutos"},"schema":{"@context":"https:\/\/schema.org","@graph":[{"@type":"Article","@id":"https:\/\/www.fiscalia.gov.co\/colombia\/seguridad-territorial\/judicializados-presuntos-integrantes-de-red-delincuencial-senalada-de-secuestrar-a-una-familia-que-pretendia-comprar-un-vehiculo\/#article","isPartOf":{"@id":"https:\/\/www.fiscalia.gov.co\/colombia\/seguridad-territorial\/judicializados-presuntos-integrantes-de-red-delincuencial-senalada-de-secuestrar-a-una-familia-que-pretendia-comprar-un-vehiculo\/"},"author":{"name":"Ana Mar\u00eda Gomez","@id":"https:\/\/www.fiscalia.gov.co\/colombia\/#\/schema\/person\/06aa2210fe4d79203f428ff671dee360"},"headline":"Judicializados presuntos integrantes de red delincuencial se\u00f1alada de secuestrar a una familia que pretend\u00eda comprar un veh\u00edculo","datePublished":"2021-02-11T11:15:11+00:00","dateModified":"2021-02-11T12:37:06+00:00","mainEntityOfPage":{"@id":"https:\/\/www.fiscalia.gov.co\/colombia\/seguridad-territorial\/judicializados-presuntos-integrantes-de-red-delincuencial-senalada-de-secuestrar-a-una-familia-que-pretendia-comprar-un-vehiculo\/"},"wordCount":451,"publisher":{"@id":"https:\/\/www.fiscalia.gov.co\/colombia\/#organization"},"keywords":["Familia","Fiscal Barbosa","Fiscal\u00eda","Secuestro"],"articleSection":["Seccional Cundinamarca","Seccionales","Seguridad territorial"],"inLanguage":"es-CO"},{"@type":"WebPage","@id":"https:\/\/www.fiscalia.gov.co\/colombia\/seguridad-territorial\/judicializados-presuntos-integrantes-de-red-delincuencial-senalada-de-secuestrar-a-una-familia-que-pretendia-comprar-un-vehiculo\/","url":"https:\/\/www.fiscalia.gov.co\/colombia\/seguridad-territorial\/judicializados-presuntos-integrantes-de-red-delincuencial-senalada-de-secuestrar-a-una-familia-que-pretendia-comprar-un-vehiculo\/","name":"Fiscal\u00eda General de la Naci\u00f3n","isPartOf":{"@id":"https:\/\/www.fiscalia.gov.co\/colombia\/#website"},"datePublished":"2021-02-11T11:15:11+00:00","dateModified":"2021-02-11T12:37:06+00:00","description":"P\u00e1gina oficial de la Fiscal\u00eda General de la Naci\u00f3n \u2013 Colombia. Garantizamos el acceso efectivo a la justicia, la verdad y la reparaci\u00f3n de las v\u00edctimas de los delitos.","breadcrumb":{"@id":"https:\/\/www.fiscalia.gov.co\/colombia\/seguridad-territorial\/judicializados-presuntos-integrantes-de-red-delincuencial-senalada-de-secuestrar-a-una-familia-que-pretendia-comprar-un-vehiculo\/#breadcrumb"},"inLanguage":"es-CO","potentialAction":[{"@type":"ReadAction","target":["https:\/\/www.fiscalia.gov.co\/colombia\/seguridad-territorial\/judicializados-presuntos-integrantes-de-red-delincuencial-senalada-de-secuestrar-a-una-familia-que-pretendia-comprar-un-vehiculo\/"]}]},{"@type":"BreadcrumbList","@id":"https:\/\/www.fiscalia.gov.co\/colombia\/seguridad-territorial\/judicializados-presuntos-integrantes-de-red-delincuencial-senalada-de-secuestrar-a-una-familia-que-pretendia-comprar-un-vehiculo\/#breadcrumb","itemListElement":[{"@type":"ListItem","position":1,"name":"Home","item":"https:\/\/www.fiscalia.gov.co\/colombia\/"},{"@type":"ListItem","position":2,"name":"Judicializados presuntos integrantes de red delincuencial se\u00f1alada de secuestrar a una familia que pretend\u00eda comprar un veh\u00edculo"}]},{"@type":"WebSite","@id":"https:\/\/www.fiscalia.gov.co\/colombia\/#website","url":"https:\/\/www.fiscalia.gov.co\/colombia\/","name":"Fiscal\u00eda General de la Naci\u00f3n","description":"P\u00e1gina oficial de la Fiscal\u00eda General de la Naci\u00f3n \u2013 Colombia. Garantizamos el acceso efectivo a la justicia, la verdad y la reparaci\u00f3n de las v\u00edctimas de los delitos.","publisher":{"@id":"https:\/\/www.fiscalia.gov.co\/colombia\/#organization"},"potentialAction":[{"@type":"SearchAction","target":{"@type":"EntryPoint","urlTemplate":"https:\/\/www.fiscalia.gov.co\/colombia\/?s={search_term_string}"},"query-input":{"@type":"PropertyValueSpecification","valueRequired":true,"valueName":"search_term_string"}}],"inLanguage":"es-CO"},{"@type":"Organization","@id":"https:\/\/www.fiscalia.gov.co\/colombia\/#organization","name":"Fiscal\u00eda General de la Naci\u00f3n","url":"https:\/\/www.fiscalia.gov.co\/colombia\/","logo":{"@type":"ImageObject","inLanguage":"es-CO","@id":"https:\/\/www.fiscalia.gov.co\/colombia\/#\/schema\/logo\/image\/","url":"https:\/\/www.fiscalia.gov.co\/colombia\/wp-content\/uploads\/LogoHorizontal_1.jpg","contentUrl":"https:\/\/www.fiscalia.gov.co\/colombia\/wp-content\/uploads\/LogoHorizontal_1.jpg","width":300,"height":90,"caption":"Fiscal\u00eda General de la Naci\u00f3n"},"image":{"@id":"https:\/\/www.fiscalia.gov.co\/colombia\/#\/schema\/logo\/image\/"},"sameAs":["https:\/\/www.facebook.com\/FiscaliaCol","https:\/\/x.com\/FiscaliaCol","https:\/\/www.instagram.com\/fiscaliacol","https:\/\/www.linkedin.com\/company\/fiscalia-general-de-la-naci-n\/","https:\/\/youtube.com\/@fiscaliageneraldelanacion-4668?si=6nN79nyQICPU5iTh"]},{"@type":"Person","@id":"https:\/\/www.fiscalia.gov.co\/colombia\/#\/schema\/person\/06aa2210fe4d79203f428ff671dee360","name":"Ana Mar\u00eda Gomez","image":{"@type":"ImageObject","inLanguage":"es-CO","@id":"https:\/\/www.fiscalia.gov.co\/colombia\/#\/schema\/person\/image\/","url":"https:\/\/secure.gravatar.com\/avatar\/a38115d98a7f8a96cbb96af2b2c37a0b?s=96&d=mm&r=g","contentUrl":"https:\/\/secure.gravatar.com\/avatar\/a38115d98a7f8a96cbb96af2b2c37a0b?s=96&d=mm&r=g","caption":"Ana Mar\u00eda Gomez"},"url":"https:\/\/www.fiscalia.gov.co\/colombia\/author\/agomez\/"}]}},"_links":{"self":[{"href":"https:\/\/www.fiscalia.gov.co\/colombia\/wp-json\/wp\/v2\/posts\/213036","targetHints":{"allow":["GET"]}}],"collection":[{"href":"https:\/\/www.fiscalia.gov.co\/colombia\/wp-json\/wp\/v2\/posts"}],"about":[{"href":"https:\/\/www.fiscalia.gov.co\/colombia\/wp-json\/wp\/v2\/types\/post"}],"author":[{"embeddable":true,"href":"https:\/\/www.fiscalia.gov.co\/colombia\/wp-json\/wp\/v2\/users\/171"}],"replies":[{"embeddable":true,"href":"https:\/\/www.fiscalia.gov.co\/colombia\/wp-json\/wp\/v2\/comments?post=213036"}],"version-history":[{"count":3,"href":"https:\/\/www.fiscalia.gov.co\/colombia\/wp-json\/wp\/v2\/posts\/213036\/revisions"}],"predecessor-version":[{"id":213039,"href":"https:\/\/www.fiscalia.gov.co\/colombia\/wp-json\/wp\/v2\/posts\/213036\/revisions\/213039"}],"wp:attachment":[{"href":"https:\/\/www.fiscalia.gov.co\/colombia\/wp-json\/wp\/v2\/media?parent=213036"}],"wp:term":[{"taxonomy":"category","embeddable":true,"href":"https:\/\/www.fiscalia.gov.co\/colombia\/wp-json\/wp\/v2\/categories?post=213036"},{"taxonomy":"post_tag","embeddable":true,"href":"https:\/\/www.fiscalia.gov.co\/colombia\/wp-json\/wp\/v2\/tags?post=213036"}],"curies":[{"name":"wp","href":"https:\/\/api.w.org\/{rel}","templated":true}]}}