{"id":213011,"date":"2021-02-10T16:08:40","date_gmt":"2021-02-10T21:08:40","guid":{"rendered":"https:\/\/www.fiscalia.gov.co\/colombia\/?p=213011"},"modified":"2021-02-10T16:09:55","modified_gmt":"2021-02-10T21:09:55","slug":"fiscalia-judicializo-a-alias-cheo-presunto-cabecilla-de-la-faccion-los-espartanos-de-la-banda-delincuencial-la-local","status":"publish","type":"post","link":"https:\/\/www.fiscalia.gov.co\/colombia\/crimen-organizado\/fiscalia-judicializo-a-alias-cheo-presunto-cabecilla-de-la-faccion-los-espartanos-de-la-banda-delincuencial-la-local\/","title":{"rendered":"Fiscal\u00eda judicializ\u00f3 a alias Cheo, presunto cabecilla de la facci\u00f3n Los Espartanos de la banda delincuencial La Local"},"content":{"rendered":"<p class=\"x_MsoNormal\"><span lang=\"ES\">El juez tercero penal municipal de Buenaventura (Valle del Cauca) envi\u00f3 a la c\u00e1rcel a Diren Alfonso Piedrah\u00edta Alegr\u00eda, alias Cheo, presunto cabecilla de la facci\u00f3n\u00a0<\/span><a href=\"https:\/\/www.fiscalia.gov.co\/colombia\/seguridad-ciudadana\/asegurado-presunto-integrante-de-la-banda-los-espartanos-por-homicidio-agravado\/\" target=\"_blank\" rel=\"noopener noreferrer\" data-auth=\"NotApplicable\"><span lang=\"ES\">Los Espartanos<\/span><\/a><span lang=\"ES\">\u00a0de la dividida\u00a0<b>banda criminal La Local<\/b>, que hace presencia en el sector La Isla,\u00a0de esa ciudad.\u00a0<\/span><span lang=\"ES\">\u00a0<\/span><\/p>\n<p class=\"x_MsoNormal\"><span lang=\"ES\">El servidor judicial dispuso el traslado de alias Cheo a la c\u00e1rcel San Isidro de Popay\u00e1n (Cauca), con el prop\u00f3sito de aislarlo de sus supuestos lugartenientes, luego de que la Fiscal\u00eda le imput\u00f3 cargos por su presunta responsabilidad en los delitos de\u00a0<b>homicidio agravado<\/b>\u00a0<b>en grado de tentativa<\/b>, y\u00a0<b>fabricaci\u00f3n, tr\u00e1fico y porte de armas de fuego, accesorios, partes, y municiones agravado.<\/b>\u00a0\u00a0<\/span><span lang=\"ES\">\u00a0<\/span><\/p>\n<figure id=\"attachment_213013\" aria-describedby=\"caption-attachment-213013\" style=\"width: 696px\" class=\"wp-caption aligncenter\"><img loading=\"lazy\" decoding=\"async\" class=\"size-large wp-image-213013\" src=\"https:\/\/www.fiscalia.gov.co\/colombia\/wp-content\/uploads\/Diren-Alfonso-Piedrahita-alias-Cheo-cabecilla-de-Los-Espartanos-1024x768.jpeg\" alt=\"\" width=\"696\" height=\"522\" srcset=\"https:\/\/www.fiscalia.gov.co\/colombia\/wp-content\/uploads\/Diren-Alfonso-Piedrahita-alias-Cheo-cabecilla-de-Los-Espartanos-1024x768.jpeg 1024w, https:\/\/www.fiscalia.gov.co\/colombia\/wp-content\/uploads\/Diren-Alfonso-Piedrahita-alias-Cheo-cabecilla-de-Los-Espartanos-300x225.jpeg 300w, https:\/\/www.fiscalia.gov.co\/colombia\/wp-content\/uploads\/Diren-Alfonso-Piedrahita-alias-Cheo-cabecilla-de-Los-Espartanos-768x576.jpeg 768w, https:\/\/www.fiscalia.gov.co\/colombia\/wp-content\/uploads\/Diren-Alfonso-Piedrahita-alias-Cheo-cabecilla-de-Los-Espartanos-696x522.jpeg 696w, https:\/\/www.fiscalia.gov.co\/colombia\/wp-content\/uploads\/Diren-Alfonso-Piedrahita-alias-Cheo-cabecilla-de-Los-Espartanos-1068x801.jpeg 1068w, https:\/\/www.fiscalia.gov.co\/colombia\/wp-content\/uploads\/Diren-Alfonso-Piedrahita-alias-Cheo-cabecilla-de-Los-Espartanos-560x420.jpeg 560w, https:\/\/www.fiscalia.gov.co\/colombia\/wp-content\/uploads\/Diren-Alfonso-Piedrahita-alias-Cheo-cabecilla-de-Los-Espartanos-80x60.jpeg 80w, https:\/\/www.fiscalia.gov.co\/colombia\/wp-content\/uploads\/Diren-Alfonso-Piedrahita-alias-Cheo-cabecilla-de-Los-Espartanos-265x198.jpeg 265w, https:\/\/www.fiscalia.gov.co\/colombia\/wp-content\/uploads\/Diren-Alfonso-Piedrahita-alias-Cheo-cabecilla-de-Los-Espartanos.jpeg 1280w\" sizes=\"auto, (max-width: 696px) 100vw, 696px\" \/><figcaption id=\"caption-attachment-213013\" class=\"wp-caption-text\">Alias Cheo al parecer era el cabecilla de la estructura Los Espartanos, que se disputa el control de microtr\u00e1fico, las extorsiones y el tr\u00e1fico de armas en Buenaventura con la banda Los Chotas, ambas, facciones de la organizaci\u00f3n criminal La Local.<\/figcaption><\/figure>\n<p class=\"x_MsoNormal\"><span lang=\"ES\">Piedrah\u00edta Alegr\u00eda fue capturado en un sector del barrio Pueblo Nuevo, Comuna 3, cuando agentes de la Sij\u00edn junto con unidades del Grupo de Operaciones Especiales (Goes), el Ej\u00e9rcito y la Armada Nacional lo interceptaron, en cumplimiento de la orden que pesaba en su contra.\u00a0<\/span><\/p>\n<p class=\"x_MsoNormal\"><span lang=\"ES\">Seg\u00fan lo establecido, este hombre registra 8 anotaciones judiciales desde 2008, por los delitos de rebeli\u00f3n, ya que al parecer milit\u00f3 activamente en las hoy\u00a0<b>extintas Farc<\/b>; as\u00ed como por hurto, desplazamiento forzado y concierto para delinquir.\u00a0<\/span><\/p>\n<p class=\"x_MsoNormal\"><span lang=\"ES\">Adem\u00e1s, el investigado afronta otro proceso penal por hechos ocurridos el 9 de noviembre de 2018 en el barrio Alfonso L\u00f3pez, cuando William Paname\u00f1o Viveros, alias Laisa, excombatiente de las Farc, se movilizaba en una motocicleta por ese sector, cuando fue atacado por 15 presuntos integrantes armados de la banda La Local, quienes lo hirieron en la espalda y los brazos, como advertencia para que no incursionara en el territorio copado por esta organizaci\u00f3n criminal.\u00a0\u00a0<\/span><\/p>\n<p class=\"x_MsoNormal\"><span lang=\"ES\">Las indagaciones permiten inferir que Piedrah\u00edta Alegr\u00eda supuestamente fue uno de los atacantes de Paname\u00f1o.\u00a0\u00a0<\/span><span lang=\"ES\">\u00a0<\/span><\/p>\n<p class=\"x_MsoNormal\"><span lang=\"ES\">Durante las audiencias concentradas, el posible cabecilla de Los Espartanos no se allan\u00f3 a cargos.\u00a0<\/span><span lang=\"ES\">\u00a0<\/span><\/p>\n<p class=\"x_MsoNormal\"><span lang=\"ES\">En las investigaciones se evidenci\u00f3 que la estructura a la que pertenecer\u00eda alias Cheo sostiene una guerra abierta contra la facci\u00f3n de la banda La Local,\u00a0<\/span><a href=\"https:\/\/www.fiscalia.gov.co\/colombia\/seguridad-ciudadana\/carcel-para-tres-presuntos-miembros-del-grupo-delictivo-los-chotas-quienes-al-parecer-portaban-armas-de\" target=\"_blank\" rel=\"noopener noreferrer\" data-auth=\"NotApplicable\"><span lang=\"ES\">Los Chotas<\/span><\/a><span lang=\"ES\">, disput\u00e1ndose el control de las redes de microtr\u00e1fico, las extorsiones al comercio y el tr\u00e1fico de armas en este puerto sobre el Pac\u00edfico.\u00a0\u00a0<\/span><\/p>\n<p class=\"x_MsoNormal\"><span lang=\"ES\">Este resultado hace parte de la estrategia investigativa y de intervenci\u00f3n que se realiza en Buenaventura en la lucha frontal contra la criminalidad organizada, seg\u00fan los lineamientos del Fiscal General Francisco Barbosa, quien defini\u00f3 este objetivo como una prioridad en su Direccionamiento Estrat\u00e9gico.\u00a0<\/span><\/p>\n<p class=\"x_MsoNormal\"><span lang=\"ES\">JGPV\/ FM\/DLBM.\u00a0<\/span><span lang=\"ES\">\u00a0<\/span><span lang=\"ES\">\u00a0\u00a0<\/span><\/p>\n<p class=\"x_MsoNormal\"><i><span lang=\"ES\">La informaci\u00f3n contenida en este bolet\u00edn de prensa corresponde a la narraci\u00f3n de los hechos noticiosos objetivos, suministrados por los funcionarios encargados de adelantar las investigaciones penales al interior de la Fiscal\u00eda General de la Naci\u00f3n. Para el momento de la divulgaci\u00f3n de este comunicado, la situaci\u00f3n jur\u00eddica de la(s) persona(s) relacionada(s) se encuentra pendiente de resolver por la autoridad judicial competente, siempre bajo los preceptos de la presunci\u00f3n de inocencia, consagrados en el art\u00edculo 29 de la Constituci\u00f3n Pol\u00edtica y el art\u00edculo 7\u00ba de la Ley 906 de 2004.<\/span><\/i><\/p>\n<p class=\"x_MsoNormal\"><b><span lang=\"ES\">Le puede interesar:\u00a0\u00a0<\/span><\/b><a href=\"https:\/\/www.fiscalia.gov.co\/colombia\/crimen-organizado\/fiscalia-judicializo-a-76-presuntos-integrantes-de-las-organizaciones-delincuenciales-la-local-y-los-espartanos-en-buenaventura\/\" target=\"_blank\" rel=\"noopener noreferrer\" data-auth=\"NotApplicable\"><span lang=\"ES\">Fiscal\u00eda judicializ\u00f3 a 76 presuntos integrantes de las organizaciones delincuenciales La Local y Los Espartanos, en Buenaventura<\/span><\/a><span lang=\"ES\">\u00a0<\/span><b><span lang=\"ES\">\u00a0<\/span><\/b><\/p>\n\n<div class=\"twitter-share\"><a href=\"https:\/\/twitter.com\/intent\/tweet?via=fiscaliacol\" class=\"twitter-share-button\">Tweet<\/a><\/div>\n","protected":false},"excerpt":{"rendered":"<p>El juez tercero penal municipal de Buenaventura (Valle del Cauca) envi\u00f3 a la c\u00e1rcel a Diren Alfonso Piedrah\u00edta Alegr\u00eda, alias Cheo, presunto cabecilla de la facci\u00f3n\u00a0Los Espartanos\u00a0de la dividida\u00a0banda criminal La Local, que hace presencia en el sector La Isla,\u00a0de esa ciudad.\u00a0\u00a0 El servidor judicial dispuso el traslado de alias Cheo a la c\u00e1rcel San [&hellip;]<\/p>\n","protected":false},"author":171,"featured_media":0,"comment_status":"closed","ping_status":"open","sticky":false,"template":"","format":"standard","meta":{"tdm_status":"","tdm_grid_status":"","footnotes":""},"categories":[24098,324,303],"tags":[25144,7484,24526,24481,1047,25767],"class_list":{"0":"post-213011","1":"post","2":"type-post","3":"status-publish","4":"format-standard","6":"category-crimen-organizado","7":"category-seccional-cali","8":"category-seccionales","9":"tag-banda-criminal-la-local","10":"tag-crimen-organizado","11":"tag-fiscal-general-francisco-barbosa-delgado","12":"tag-fiscalia-de-colombia","13":"tag-fiscalia-general-de-la-nacion","14":"tag-grupo-los-espartanos"},"yoast_head":"<!-- This site is optimized with the Yoast SEO plugin v24.3 - https:\/\/yoast.com\/wordpress\/plugins\/seo\/ -->\n<title>Fiscal\u00eda General de la Naci\u00f3n<\/title>\n<meta name=\"description\" content=\"P\u00e1gina oficial de la Fiscal\u00eda General de la Naci\u00f3n \u2013 Colombia. Garantizamos el acceso efectivo a la justicia, la verdad y la reparaci\u00f3n de las v\u00edctimas de los delitos.\" \/>\n<meta name=\"robots\" content=\"noindex, follow\" \/>\n<meta property=\"og:locale\" content=\"es_ES\" \/>\n<meta property=\"og:type\" content=\"article\" \/>\n<meta property=\"og:title\" content=\"Fiscal\u00eda General de la Naci\u00f3n\" \/>\n<meta property=\"og:description\" content=\"P\u00e1gina oficial de la Fiscal\u00eda General de la Naci\u00f3n \u2013 Colombia. Garantizamos el acceso efectivo a la justicia, la verdad y la reparaci\u00f3n de las v\u00edctimas de los delitos.\" \/>\n<meta property=\"og:url\" content=\"https:\/\/www.fiscalia.gov.co\/colombia\/crimen-organizado\/fiscalia-judicializo-a-alias-cheo-presunto-cabecilla-de-la-faccion-los-espartanos-de-la-banda-delincuencial-la-local\/\" \/>\n<meta property=\"og:site_name\" content=\"Fiscal\u00eda General de la Naci\u00f3n\" \/>\n<meta property=\"article:publisher\" content=\"https:\/\/www.facebook.com\/FiscaliaCol\" \/>\n<meta property=\"article:published_time\" content=\"2021-02-10T21:08:40+00:00\" \/>\n<meta property=\"article:modified_time\" content=\"2021-02-10T21:09:55+00:00\" \/>\n<meta property=\"og:image\" content=\"https:\/\/www.fiscalia.gov.co\/colombia\/wp-content\/uploads\/Diren-Alfonso-Piedrahita-alias-Cheo-cabecilla-de-Los-Espartanos-1024x768.jpeg\" \/>\n<meta name=\"author\" content=\"Ana Mar\u00eda Gomez\" \/>\n<meta name=\"twitter:card\" content=\"summary_large_image\" \/>\n<meta name=\"twitter:creator\" content=\"@FiscaliaCol\" \/>\n<meta name=\"twitter:site\" content=\"@FiscaliaCol\" \/>\n<meta name=\"twitter:label1\" content=\"Escrito por\" \/>\n\t<meta name=\"twitter:data1\" content=\"Ana Mar\u00eda Gomez\" \/>\n\t<meta name=\"twitter:label2\" content=\"Tiempo de lectura\" \/>\n\t<meta name=\"twitter:data2\" content=\"3 minutos\" \/>\n<script type=\"application\/ld+json\" class=\"yoast-schema-graph\">{\"@context\":\"https:\/\/schema.org\",\"@graph\":[{\"@type\":\"Article\",\"@id\":\"https:\/\/www.fiscalia.gov.co\/colombia\/crimen-organizado\/fiscalia-judicializo-a-alias-cheo-presunto-cabecilla-de-la-faccion-los-espartanos-de-la-banda-delincuencial-la-local\/#article\",\"isPartOf\":{\"@id\":\"https:\/\/www.fiscalia.gov.co\/colombia\/crimen-organizado\/fiscalia-judicializo-a-alias-cheo-presunto-cabecilla-de-la-faccion-los-espartanos-de-la-banda-delincuencial-la-local\/\"},\"author\":{\"name\":\"Ana Mar\u00eda Gomez\",\"@id\":\"https:\/\/www.fiscalia.gov.co\/colombia\/#\/schema\/person\/06aa2210fe4d79203f428ff671dee360\"},\"headline\":\"Fiscal\u00eda judicializ\u00f3 a alias Cheo, presunto cabecilla de la facci\u00f3n Los Espartanos de la banda delincuencial La Local\",\"datePublished\":\"2021-02-10T21:08:40+00:00\",\"dateModified\":\"2021-02-10T21:09:55+00:00\",\"mainEntityOfPage\":{\"@id\":\"https:\/\/www.fiscalia.gov.co\/colombia\/crimen-organizado\/fiscalia-judicializo-a-alias-cheo-presunto-cabecilla-de-la-faccion-los-espartanos-de-la-banda-delincuencial-la-local\/\"},\"wordCount\":611,\"publisher\":{\"@id\":\"https:\/\/www.fiscalia.gov.co\/colombia\/#organization\"},\"image\":{\"@id\":\"https:\/\/www.fiscalia.gov.co\/colombia\/crimen-organizado\/fiscalia-judicializo-a-alias-cheo-presunto-cabecilla-de-la-faccion-los-espartanos-de-la-banda-delincuencial-la-local\/#primaryimage\"},\"thumbnailUrl\":\"https:\/\/www.fiscalia.gov.co\/colombia\/wp-content\/uploads\/Diren-Alfonso-Piedrahita-alias-Cheo-cabecilla-de-Los-Espartanos-1024x768.jpeg\",\"keywords\":[\"banda criminal La Local\",\"Crimen organizado\",\"Fiscal General Francisco Barbosa Delgado\",\"Fiscal\u00eda de Colombia\",\"Fiscal\u00eda General de la Naci\u00f3n\",\"Grupo Los Espartanos\"],\"articleSection\":[\"Crimen organizado\",\"Seccional Cali\",\"Seccionales\"],\"inLanguage\":\"es-CO\"},{\"@type\":\"WebPage\",\"@id\":\"https:\/\/www.fiscalia.gov.co\/colombia\/crimen-organizado\/fiscalia-judicializo-a-alias-cheo-presunto-cabecilla-de-la-faccion-los-espartanos-de-la-banda-delincuencial-la-local\/\",\"url\":\"https:\/\/www.fiscalia.gov.co\/colombia\/crimen-organizado\/fiscalia-judicializo-a-alias-cheo-presunto-cabecilla-de-la-faccion-los-espartanos-de-la-banda-delincuencial-la-local\/\",\"name\":\"Fiscal\u00eda General de la Naci\u00f3n\",\"isPartOf\":{\"@id\":\"https:\/\/www.fiscalia.gov.co\/colombia\/#website\"},\"primaryImageOfPage\":{\"@id\":\"https:\/\/www.fiscalia.gov.co\/colombia\/crimen-organizado\/fiscalia-judicializo-a-alias-cheo-presunto-cabecilla-de-la-faccion-los-espartanos-de-la-banda-delincuencial-la-local\/#primaryimage\"},\"image\":{\"@id\":\"https:\/\/www.fiscalia.gov.co\/colombia\/crimen-organizado\/fiscalia-judicializo-a-alias-cheo-presunto-cabecilla-de-la-faccion-los-espartanos-de-la-banda-delincuencial-la-local\/#primaryimage\"},\"thumbnailUrl\":\"https:\/\/www.fiscalia.gov.co\/colombia\/wp-content\/uploads\/Diren-Alfonso-Piedrahita-alias-Cheo-cabecilla-de-Los-Espartanos-1024x768.jpeg\",\"datePublished\":\"2021-02-10T21:08:40+00:00\",\"dateModified\":\"2021-02-10T21:09:55+00:00\",\"description\":\"P\u00e1gina oficial de la Fiscal\u00eda General de la Naci\u00f3n \u2013 Colombia. Garantizamos el acceso efectivo a la justicia, la verdad y la reparaci\u00f3n de las v\u00edctimas de los delitos.\",\"breadcrumb\":{\"@id\":\"https:\/\/www.fiscalia.gov.co\/colombia\/crimen-organizado\/fiscalia-judicializo-a-alias-cheo-presunto-cabecilla-de-la-faccion-los-espartanos-de-la-banda-delincuencial-la-local\/#breadcrumb\"},\"inLanguage\":\"es-CO\",\"potentialAction\":[{\"@type\":\"ReadAction\",\"target\":[\"https:\/\/www.fiscalia.gov.co\/colombia\/crimen-organizado\/fiscalia-judicializo-a-alias-cheo-presunto-cabecilla-de-la-faccion-los-espartanos-de-la-banda-delincuencial-la-local\/\"]}]},{\"@type\":\"ImageObject\",\"inLanguage\":\"es-CO\",\"@id\":\"https:\/\/www.fiscalia.gov.co\/colombia\/crimen-organizado\/fiscalia-judicializo-a-alias-cheo-presunto-cabecilla-de-la-faccion-los-espartanos-de-la-banda-delincuencial-la-local\/#primaryimage\",\"url\":\"https:\/\/www.fiscalia.gov.co\/colombia\/wp-content\/uploads\/Diren-Alfonso-Piedrahita-alias-Cheo-cabecilla-de-Los-Espartanos-1024x768.jpeg\",\"contentUrl\":\"https:\/\/www.fiscalia.gov.co\/colombia\/wp-content\/uploads\/Diren-Alfonso-Piedrahita-alias-Cheo-cabecilla-de-Los-Espartanos-1024x768.jpeg\"},{\"@type\":\"BreadcrumbList\",\"@id\":\"https:\/\/www.fiscalia.gov.co\/colombia\/crimen-organizado\/fiscalia-judicializo-a-alias-cheo-presunto-cabecilla-de-la-faccion-los-espartanos-de-la-banda-delincuencial-la-local\/#breadcrumb\",\"itemListElement\":[{\"@type\":\"ListItem\",\"position\":1,\"name\":\"Home\",\"item\":\"https:\/\/www.fiscalia.gov.co\/colombia\/\"},{\"@type\":\"ListItem\",\"position\":2,\"name\":\"Fiscal\u00eda judicializ\u00f3 a alias Cheo, presunto cabecilla de la facci\u00f3n Los Espartanos de la banda delincuencial La Local\"}]},{\"@type\":\"WebSite\",\"@id\":\"https:\/\/www.fiscalia.gov.co\/colombia\/#website\",\"url\":\"https:\/\/www.fiscalia.gov.co\/colombia\/\",\"name\":\"Fiscal\u00eda General de la Naci\u00f3n\",\"description\":\"P\u00e1gina oficial de la Fiscal\u00eda General de la Naci\u00f3n \u2013 Colombia. Garantizamos el acceso efectivo a la justicia, la verdad y la reparaci\u00f3n de las v\u00edctimas de los delitos.\",\"publisher\":{\"@id\":\"https:\/\/www.fiscalia.gov.co\/colombia\/#organization\"},\"potentialAction\":[{\"@type\":\"SearchAction\",\"target\":{\"@type\":\"EntryPoint\",\"urlTemplate\":\"https:\/\/www.fiscalia.gov.co\/colombia\/?s={search_term_string}\"},\"query-input\":{\"@type\":\"PropertyValueSpecification\",\"valueRequired\":true,\"valueName\":\"search_term_string\"}}],\"inLanguage\":\"es-CO\"},{\"@type\":\"Organization\",\"@id\":\"https:\/\/www.fiscalia.gov.co\/colombia\/#organization\",\"name\":\"Fiscal\u00eda General de la Naci\u00f3n\",\"url\":\"https:\/\/www.fiscalia.gov.co\/colombia\/\",\"logo\":{\"@type\":\"ImageObject\",\"inLanguage\":\"es-CO\",\"@id\":\"https:\/\/www.fiscalia.gov.co\/colombia\/#\/schema\/logo\/image\/\",\"url\":\"https:\/\/www.fiscalia.gov.co\/colombia\/wp-content\/uploads\/LogoHorizontal_1.jpg\",\"contentUrl\":\"https:\/\/www.fiscalia.gov.co\/colombia\/wp-content\/uploads\/LogoHorizontal_1.jpg\",\"width\":300,\"height\":90,\"caption\":\"Fiscal\u00eda General de la Naci\u00f3n\"},\"image\":{\"@id\":\"https:\/\/www.fiscalia.gov.co\/colombia\/#\/schema\/logo\/image\/\"},\"sameAs\":[\"https:\/\/www.facebook.com\/FiscaliaCol\",\"https:\/\/x.com\/FiscaliaCol\",\"https:\/\/www.instagram.com\/fiscaliacol\",\"https:\/\/www.linkedin.com\/company\/fiscalia-general-de-la-naci-n\/\",\"https:\/\/youtube.com\/@fiscaliageneraldelanacion-4668?si=6nN79nyQICPU5iTh\"]},{\"@type\":\"Person\",\"@id\":\"https:\/\/www.fiscalia.gov.co\/colombia\/#\/schema\/person\/06aa2210fe4d79203f428ff671dee360\",\"name\":\"Ana Mar\u00eda Gomez\",\"image\":{\"@type\":\"ImageObject\",\"inLanguage\":\"es-CO\",\"@id\":\"https:\/\/www.fiscalia.gov.co\/colombia\/#\/schema\/person\/image\/\",\"url\":\"https:\/\/secure.gravatar.com\/avatar\/a38115d98a7f8a96cbb96af2b2c37a0b?s=96&d=mm&r=g\",\"contentUrl\":\"https:\/\/secure.gravatar.com\/avatar\/a38115d98a7f8a96cbb96af2b2c37a0b?s=96&d=mm&r=g\",\"caption\":\"Ana Mar\u00eda Gomez\"},\"url\":\"https:\/\/www.fiscalia.gov.co\/colombia\/author\/agomez\/\"}]}<\/script>\n<!-- \/ Yoast SEO plugin. -->","yoast_head_json":{"title":"Fiscal\u00eda General de la Naci\u00f3n","description":"P\u00e1gina oficial de la Fiscal\u00eda General de la Naci\u00f3n \u2013 Colombia. Garantizamos el acceso efectivo a la justicia, la verdad y la reparaci\u00f3n de las v\u00edctimas de los delitos.","robots":{"index":"noindex","follow":"follow"},"og_locale":"es_ES","og_type":"article","og_title":"Fiscal\u00eda General de la Naci\u00f3n","og_description":"P\u00e1gina oficial de la Fiscal\u00eda General de la Naci\u00f3n \u2013 Colombia. Garantizamos el acceso efectivo a la justicia, la verdad y la reparaci\u00f3n de las v\u00edctimas de los delitos.","og_url":"https:\/\/www.fiscalia.gov.co\/colombia\/crimen-organizado\/fiscalia-judicializo-a-alias-cheo-presunto-cabecilla-de-la-faccion-los-espartanos-de-la-banda-delincuencial-la-local\/","og_site_name":"Fiscal\u00eda General de la Naci\u00f3n","article_publisher":"https:\/\/www.facebook.com\/FiscaliaCol","article_published_time":"2021-02-10T21:08:40+00:00","article_modified_time":"2021-02-10T21:09:55+00:00","og_image":[{"url":"https:\/\/www.fiscalia.gov.co\/colombia\/wp-content\/uploads\/Diren-Alfonso-Piedrahita-alias-Cheo-cabecilla-de-Los-Espartanos-1024x768.jpeg","type":"","width":"","height":""}],"author":"Ana Mar\u00eda Gomez","twitter_card":"summary_large_image","twitter_creator":"@FiscaliaCol","twitter_site":"@FiscaliaCol","twitter_misc":{"Escrito por":"Ana Mar\u00eda Gomez","Tiempo de lectura":"3 minutos"},"schema":{"@context":"https:\/\/schema.org","@graph":[{"@type":"Article","@id":"https:\/\/www.fiscalia.gov.co\/colombia\/crimen-organizado\/fiscalia-judicializo-a-alias-cheo-presunto-cabecilla-de-la-faccion-los-espartanos-de-la-banda-delincuencial-la-local\/#article","isPartOf":{"@id":"https:\/\/www.fiscalia.gov.co\/colombia\/crimen-organizado\/fiscalia-judicializo-a-alias-cheo-presunto-cabecilla-de-la-faccion-los-espartanos-de-la-banda-delincuencial-la-local\/"},"author":{"name":"Ana Mar\u00eda Gomez","@id":"https:\/\/www.fiscalia.gov.co\/colombia\/#\/schema\/person\/06aa2210fe4d79203f428ff671dee360"},"headline":"Fiscal\u00eda judicializ\u00f3 a alias Cheo, presunto cabecilla de la facci\u00f3n Los Espartanos de la banda delincuencial La Local","datePublished":"2021-02-10T21:08:40+00:00","dateModified":"2021-02-10T21:09:55+00:00","mainEntityOfPage":{"@id":"https:\/\/www.fiscalia.gov.co\/colombia\/crimen-organizado\/fiscalia-judicializo-a-alias-cheo-presunto-cabecilla-de-la-faccion-los-espartanos-de-la-banda-delincuencial-la-local\/"},"wordCount":611,"publisher":{"@id":"https:\/\/www.fiscalia.gov.co\/colombia\/#organization"},"image":{"@id":"https:\/\/www.fiscalia.gov.co\/colombia\/crimen-organizado\/fiscalia-judicializo-a-alias-cheo-presunto-cabecilla-de-la-faccion-los-espartanos-de-la-banda-delincuencial-la-local\/#primaryimage"},"thumbnailUrl":"https:\/\/www.fiscalia.gov.co\/colombia\/wp-content\/uploads\/Diren-Alfonso-Piedrahita-alias-Cheo-cabecilla-de-Los-Espartanos-1024x768.jpeg","keywords":["banda criminal La Local","Crimen organizado","Fiscal General Francisco Barbosa Delgado","Fiscal\u00eda de Colombia","Fiscal\u00eda General de la Naci\u00f3n","Grupo Los Espartanos"],"articleSection":["Crimen organizado","Seccional Cali","Seccionales"],"inLanguage":"es-CO"},{"@type":"WebPage","@id":"https:\/\/www.fiscalia.gov.co\/colombia\/crimen-organizado\/fiscalia-judicializo-a-alias-cheo-presunto-cabecilla-de-la-faccion-los-espartanos-de-la-banda-delincuencial-la-local\/","url":"https:\/\/www.fiscalia.gov.co\/colombia\/crimen-organizado\/fiscalia-judicializo-a-alias-cheo-presunto-cabecilla-de-la-faccion-los-espartanos-de-la-banda-delincuencial-la-local\/","name":"Fiscal\u00eda General de la Naci\u00f3n","isPartOf":{"@id":"https:\/\/www.fiscalia.gov.co\/colombia\/#website"},"primaryImageOfPage":{"@id":"https:\/\/www.fiscalia.gov.co\/colombia\/crimen-organizado\/fiscalia-judicializo-a-alias-cheo-presunto-cabecilla-de-la-faccion-los-espartanos-de-la-banda-delincuencial-la-local\/#primaryimage"},"image":{"@id":"https:\/\/www.fiscalia.gov.co\/colombia\/crimen-organizado\/fiscalia-judicializo-a-alias-cheo-presunto-cabecilla-de-la-faccion-los-espartanos-de-la-banda-delincuencial-la-local\/#primaryimage"},"thumbnailUrl":"https:\/\/www.fiscalia.gov.co\/colombia\/wp-content\/uploads\/Diren-Alfonso-Piedrahita-alias-Cheo-cabecilla-de-Los-Espartanos-1024x768.jpeg","datePublished":"2021-02-10T21:08:40+00:00","dateModified":"2021-02-10T21:09:55+00:00","description":"P\u00e1gina oficial de la Fiscal\u00eda General de la Naci\u00f3n \u2013 Colombia. Garantizamos el acceso efectivo a la justicia, la verdad y la reparaci\u00f3n de las v\u00edctimas de los delitos.","breadcrumb":{"@id":"https:\/\/www.fiscalia.gov.co\/colombia\/crimen-organizado\/fiscalia-judicializo-a-alias-cheo-presunto-cabecilla-de-la-faccion-los-espartanos-de-la-banda-delincuencial-la-local\/#breadcrumb"},"inLanguage":"es-CO","potentialAction":[{"@type":"ReadAction","target":["https:\/\/www.fiscalia.gov.co\/colombia\/crimen-organizado\/fiscalia-judicializo-a-alias-cheo-presunto-cabecilla-de-la-faccion-los-espartanos-de-la-banda-delincuencial-la-local\/"]}]},{"@type":"ImageObject","inLanguage":"es-CO","@id":"https:\/\/www.fiscalia.gov.co\/colombia\/crimen-organizado\/fiscalia-judicializo-a-alias-cheo-presunto-cabecilla-de-la-faccion-los-espartanos-de-la-banda-delincuencial-la-local\/#primaryimage","url":"https:\/\/www.fiscalia.gov.co\/colombia\/wp-content\/uploads\/Diren-Alfonso-Piedrahita-alias-Cheo-cabecilla-de-Los-Espartanos-1024x768.jpeg","contentUrl":"https:\/\/www.fiscalia.gov.co\/colombia\/wp-content\/uploads\/Diren-Alfonso-Piedrahita-alias-Cheo-cabecilla-de-Los-Espartanos-1024x768.jpeg"},{"@type":"BreadcrumbList","@id":"https:\/\/www.fiscalia.gov.co\/colombia\/crimen-organizado\/fiscalia-judicializo-a-alias-cheo-presunto-cabecilla-de-la-faccion-los-espartanos-de-la-banda-delincuencial-la-local\/#breadcrumb","itemListElement":[{"@type":"ListItem","position":1,"name":"Home","item":"https:\/\/www.fiscalia.gov.co\/colombia\/"},{"@type":"ListItem","position":2,"name":"Fiscal\u00eda judicializ\u00f3 a alias Cheo, presunto cabecilla de la facci\u00f3n Los Espartanos de la banda delincuencial La Local"}]},{"@type":"WebSite","@id":"https:\/\/www.fiscalia.gov.co\/colombia\/#website","url":"https:\/\/www.fiscalia.gov.co\/colombia\/","name":"Fiscal\u00eda General de la Naci\u00f3n","description":"P\u00e1gina oficial de la Fiscal\u00eda General de la Naci\u00f3n \u2013 Colombia. Garantizamos el acceso efectivo a la justicia, la verdad y la reparaci\u00f3n de las v\u00edctimas de los delitos.","publisher":{"@id":"https:\/\/www.fiscalia.gov.co\/colombia\/#organization"},"potentialAction":[{"@type":"SearchAction","target":{"@type":"EntryPoint","urlTemplate":"https:\/\/www.fiscalia.gov.co\/colombia\/?s={search_term_string}"},"query-input":{"@type":"PropertyValueSpecification","valueRequired":true,"valueName":"search_term_string"}}],"inLanguage":"es-CO"},{"@type":"Organization","@id":"https:\/\/www.fiscalia.gov.co\/colombia\/#organization","name":"Fiscal\u00eda General de la Naci\u00f3n","url":"https:\/\/www.fiscalia.gov.co\/colombia\/","logo":{"@type":"ImageObject","inLanguage":"es-CO","@id":"https:\/\/www.fiscalia.gov.co\/colombia\/#\/schema\/logo\/image\/","url":"https:\/\/www.fiscalia.gov.co\/colombia\/wp-content\/uploads\/LogoHorizontal_1.jpg","contentUrl":"https:\/\/www.fiscalia.gov.co\/colombia\/wp-content\/uploads\/LogoHorizontal_1.jpg","width":300,"height":90,"caption":"Fiscal\u00eda General de la Naci\u00f3n"},"image":{"@id":"https:\/\/www.fiscalia.gov.co\/colombia\/#\/schema\/logo\/image\/"},"sameAs":["https:\/\/www.facebook.com\/FiscaliaCol","https:\/\/x.com\/FiscaliaCol","https:\/\/www.instagram.com\/fiscaliacol","https:\/\/www.linkedin.com\/company\/fiscalia-general-de-la-naci-n\/","https:\/\/youtube.com\/@fiscaliageneraldelanacion-4668?si=6nN79nyQICPU5iTh"]},{"@type":"Person","@id":"https:\/\/www.fiscalia.gov.co\/colombia\/#\/schema\/person\/06aa2210fe4d79203f428ff671dee360","name":"Ana Mar\u00eda Gomez","image":{"@type":"ImageObject","inLanguage":"es-CO","@id":"https:\/\/www.fiscalia.gov.co\/colombia\/#\/schema\/person\/image\/","url":"https:\/\/secure.gravatar.com\/avatar\/a38115d98a7f8a96cbb96af2b2c37a0b?s=96&d=mm&r=g","contentUrl":"https:\/\/secure.gravatar.com\/avatar\/a38115d98a7f8a96cbb96af2b2c37a0b?s=96&d=mm&r=g","caption":"Ana Mar\u00eda Gomez"},"url":"https:\/\/www.fiscalia.gov.co\/colombia\/author\/agomez\/"}]}},"_links":{"self":[{"href":"https:\/\/www.fiscalia.gov.co\/colombia\/wp-json\/wp\/v2\/posts\/213011","targetHints":{"allow":["GET"]}}],"collection":[{"href":"https:\/\/www.fiscalia.gov.co\/colombia\/wp-json\/wp\/v2\/posts"}],"about":[{"href":"https:\/\/www.fiscalia.gov.co\/colombia\/wp-json\/wp\/v2\/types\/post"}],"author":[{"embeddable":true,"href":"https:\/\/www.fiscalia.gov.co\/colombia\/wp-json\/wp\/v2\/users\/171"}],"replies":[{"embeddable":true,"href":"https:\/\/www.fiscalia.gov.co\/colombia\/wp-json\/wp\/v2\/comments?post=213011"}],"version-history":[{"count":2,"href":"https:\/\/www.fiscalia.gov.co\/colombia\/wp-json\/wp\/v2\/posts\/213011\/revisions"}],"predecessor-version":[{"id":213014,"href":"https:\/\/www.fiscalia.gov.co\/colombia\/wp-json\/wp\/v2\/posts\/213011\/revisions\/213014"}],"wp:attachment":[{"href":"https:\/\/www.fiscalia.gov.co\/colombia\/wp-json\/wp\/v2\/media?parent=213011"}],"wp:term":[{"taxonomy":"category","embeddable":true,"href":"https:\/\/www.fiscalia.gov.co\/colombia\/wp-json\/wp\/v2\/categories?post=213011"},{"taxonomy":"post_tag","embeddable":true,"href":"https:\/\/www.fiscalia.gov.co\/colombia\/wp-json\/wp\/v2\/tags?post=213011"}],"curies":[{"name":"wp","href":"https:\/\/api.w.org\/{rel}","templated":true}]}}