{"id":213004,"date":"2021-02-10T15:52:01","date_gmt":"2021-02-10T20:52:01","guid":{"rendered":"https:\/\/www.fiscalia.gov.co\/colombia\/?p=213004"},"modified":"2021-02-10T15:52:01","modified_gmt":"2021-02-10T20:52:01","slug":"judicializado-hombre-que-al-parecer-torturo-y-agredio-sexualmente-a-su-companera-sentimental-en-manizales","status":"publish","type":"post","link":"https:\/\/www.fiscalia.gov.co\/colombia\/seguridad-territorial\/judicializado-hombre-que-al-parecer-torturo-y-agredio-sexualmente-a-su-companera-sentimental-en-manizales\/","title":{"rendered":"Judicializado hombre que al parecer tortur\u00f3 y agredi\u00f3 sexualmente a su compa\u00f1era sentimental en Manizales"},"content":{"rendered":"<p><span lang=\"ES\">La Fiscal\u00eda General de la Naci\u00f3n, a trav\u00e9s de la Seccional Caldas, obtuvo medida de aseguramiento en centro carcelario en contra de\u00a0<b>Daniel Andr\u00e9s Jaramillo<\/b>, como presunto responsable de los delitos de\u00a0<b>tortura agravada\u00a0<\/b>en concurso heterog\u00e9neo con<b>\u00a0acceso carnal violento agravado<\/b>.<\/span><span lang=\"ES\">\u00a0<\/span><span lang=\"ES\">\u00a0<\/span><\/p>\n<p><span lang=\"ES\">De acuerdo con los elementos materiales probatorios presentados durante las diligencias, el fin de semana \u00faltimo el hoy investigado supuestamente aprovech\u00f3 el estado de indefensi\u00f3n de su compa\u00f1era sentimental y la golpe\u00f3 durante la noche, adem\u00e1s de que al parecer la amenaz\u00f3 de muerte. Se conoci\u00f3 que tambi\u00e9n la habr\u00eda agredido sexualmente en un barrio de Manizales (Caldas).<b>\u00a0<\/b><\/span><span lang=\"ES\">\u00a0<\/span><\/p>\n<p><span lang=\"ES\">Seg\u00fan el relato de la v\u00edctima, presuntamente por celos, este le revis\u00f3 su celular y empez\u00f3 a hacerle reclamos por unos mensajes que hab\u00eda recibido. Fue entonces cuando aparentemente empez\u00f3 a golpearla<b>\u00a0<\/b>en la cara y en la cabeza, y le propin\u00f3 patadas en diferentes partes del cuerpo.\u00a0<\/span><\/p>\n<p><span lang=\"ES\">Posteriormente, con arma blanca, la habr\u00eda intimidado e intentado ahorcar con un pantal\u00f3n. La mujer fue v\u00edctima de diferentes formas de maltrato tanto f\u00edsico como psicol\u00f3gico, y habr\u00eda sido sometida al abuso sexual.\u00a0<\/span><\/p>\n<p><span lang=\"ES\">Cuando el hombre aparentemente se fue a otro cuarto por una varilla para seguirle pegando, la v\u00edctima aprovech\u00f3 para vestirse y salir corriendo en busca de ayuda.\u00a0<\/span><\/p>\n<p><span lang=\"ES\">Varios vecinos que evidenciaron la situaci\u00f3n de llamaron a la Polic\u00eda, que logr\u00f3 la\u00a0<b>captura en flagrancia<\/b>\u00a0del indiciado.\u00a0<\/span><span lang=\"ES\">\u00a0<\/span><\/p>\n<p><span lang=\"ES\">Siguiendo el direccionamiento estrat\u00e9gico del\u00a0<b>Fiscal General de la Naci\u00f3n, Francisco Barbosa Delgado<\/b>, la Seccional Caldas trabaja en procura de los\u00a0<b>derechos de la mujer\u00a0<\/b>para\u00a0judicializar a los responsables de los hechos que atentan contra su integridad y contrarrestar la violencia de g\u00e9nero.\u00a0<\/span><\/p>\n<p><span lang=\"ES\">La Fiscal\u00eda General de la Naci\u00f3n habla con resultados.<\/span>\u00a0<span lang=\"ES\">\u00a0<\/span><\/p>\n<p><span style=\"font-family: Arial, sans-serif;\">JLH\/RL\/DLBM<\/span><\/p>\n<p><span lang=\"ES\"><i>La informaci\u00f3n contenida en este bolet\u00edn de prensa corresponde a la narraci\u00f3n de los hechos noticiosos objetivos, suministrados por los funcionarios encargados de adelantar las investigaciones penales al interior de la Fiscal\u00eda General de la Naci\u00f3n. Para el momento de la divulgaci\u00f3n de este comunicado, la situaci\u00f3n jur\u00eddica de la(s) persona(s) relacionada(s) se encuentra pendiente de resolver por la autoridad judicial competente, siempre bajo los preceptos de la presunci\u00f3n de inocencia, consagrados en el art\u00edculo 29 de la Constituci\u00f3n Pol\u00edtica y el art\u00edculo 7\u00ba de la Ley 906 de 2004.<\/i>\u00a0\u00a0\u00a0<\/span><\/p>\n\n<div class=\"twitter-share\"><a href=\"https:\/\/twitter.com\/intent\/tweet?via=fiscaliacol\" class=\"twitter-share-button\">Tweet<\/a><\/div>\n","protected":false},"excerpt":{"rendered":"<p>La Fiscal\u00eda General de la Naci\u00f3n, a trav\u00e9s de la Seccional Caldas, obtuvo medida de aseguramiento en centro carcelario en contra de\u00a0Daniel Andr\u00e9s Jaramillo, como presunto responsable de los delitos [&hellip;]<\/p>\n","protected":false},"author":171,"featured_media":0,"comment_status":"closed","ping_status":"open","sticky":false,"template":"","format":"standard","meta":{"tdm_status":"","tdm_grid_status":"","footnotes":""},"categories":[330,303,24099],"tags":[11535,24840,78,1047,24182,24869,9707,24336,1176,682],"class_list":["post-213004","post","type-post","status-publish","format-standard","category-seccional-manizales","category-seccionales","category-seguridad-territorial","tag-acceso-carnal-violento-agravado","tag-derechos-de-la-mujer","tag-fiscal-general-de-la-nacion","tag-fiscalia-general-de-la-nacion","tag-francisco-barbosa-delgado","tag-seccional-caldas","tag-tortura-agravada","tag-unidad-de-reaccion-inmediata","tag-violencia-de-genero","tag-violencia-intrafamiliar"],"yoast_head":"<!-- This site is optimized with the Yoast SEO plugin v24.3 - https:\/\/yoast.com\/wordpress\/plugins\/seo\/ -->\n<title>Fiscal\u00eda General de la Naci\u00f3n<\/title>\n<meta name=\"description\" content=\"P\u00e1gina oficial de la Fiscal\u00eda General de la Naci\u00f3n \u2013 Colombia. Garantizamos el acceso efectivo a la justicia, la verdad y la reparaci\u00f3n de las v\u00edctimas de los delitos.\" \/>\n<meta name=\"robots\" content=\"noindex, follow\" \/>\n<meta property=\"og:locale\" content=\"es_ES\" \/>\n<meta property=\"og:type\" content=\"article\" \/>\n<meta property=\"og:title\" content=\"Fiscal\u00eda General de la Naci\u00f3n\" \/>\n<meta property=\"og:description\" content=\"P\u00e1gina oficial de la Fiscal\u00eda General de la Naci\u00f3n \u2013 Colombia. Garantizamos el acceso efectivo a la justicia, la verdad y la reparaci\u00f3n de las v\u00edctimas de los delitos.\" \/>\n<meta property=\"og:url\" content=\"https:\/\/www.fiscalia.gov.co\/colombia\/seguridad-territorial\/judicializado-hombre-que-al-parecer-torturo-y-agredio-sexualmente-a-su-companera-sentimental-en-manizales\/\" \/>\n<meta property=\"og:site_name\" content=\"Fiscal\u00eda General de la Naci\u00f3n\" \/>\n<meta property=\"article:publisher\" content=\"https:\/\/www.facebook.com\/FiscaliaCol\" \/>\n<meta property=\"article:published_time\" content=\"2021-02-10T20:52:01+00:00\" \/>\n<meta name=\"author\" content=\"Ana Mar\u00eda Gomez\" \/>\n<meta name=\"twitter:card\" content=\"summary_large_image\" \/>\n<meta name=\"twitter:creator\" content=\"@FiscaliaCol\" \/>\n<meta name=\"twitter:site\" content=\"@FiscaliaCol\" \/>\n<meta name=\"twitter:label1\" content=\"Escrito por\" \/>\n\t<meta name=\"twitter:data1\" content=\"Ana Mar\u00eda Gomez\" \/>\n\t<meta name=\"twitter:label2\" content=\"Tiempo de lectura\" \/>\n\t<meta name=\"twitter:data2\" content=\"2 minutos\" \/>\n<script type=\"application\/ld+json\" class=\"yoast-schema-graph\">{\"@context\":\"https:\/\/schema.org\",\"@graph\":[{\"@type\":\"Article\",\"@id\":\"https:\/\/www.fiscalia.gov.co\/colombia\/seguridad-territorial\/judicializado-hombre-que-al-parecer-torturo-y-agredio-sexualmente-a-su-companera-sentimental-en-manizales\/#article\",\"isPartOf\":{\"@id\":\"https:\/\/www.fiscalia.gov.co\/colombia\/seguridad-territorial\/judicializado-hombre-que-al-parecer-torturo-y-agredio-sexualmente-a-su-companera-sentimental-en-manizales\/\"},\"author\":{\"name\":\"Ana Mar\u00eda Gomez\",\"@id\":\"https:\/\/www.fiscalia.gov.co\/colombia\/#\/schema\/person\/06aa2210fe4d79203f428ff671dee360\"},\"headline\":\"Judicializado hombre que al parecer tortur\u00f3 y agredi\u00f3 sexualmente a su compa\u00f1era sentimental en Manizales\",\"datePublished\":\"2021-02-10T20:52:01+00:00\",\"dateModified\":\"2021-02-10T20:52:01+00:00\",\"mainEntityOfPage\":{\"@id\":\"https:\/\/www.fiscalia.gov.co\/colombia\/seguridad-territorial\/judicializado-hombre-que-al-parecer-torturo-y-agredio-sexualmente-a-su-companera-sentimental-en-manizales\/\"},\"wordCount\":428,\"publisher\":{\"@id\":\"https:\/\/www.fiscalia.gov.co\/colombia\/#organization\"},\"keywords\":[\"acceso carnal violento agravado\",\"derechos de la mujer\",\"Fiscal General de la Naci\u00f3n\",\"Fiscal\u00eda General de la Naci\u00f3n\",\"Francisco Barbosa Delgado\",\"Seccional Caldas\",\"Tortura agravada\",\"Unidad de Reacci\u00f3n Inmediata\",\"Violencia de g\u00e9nero\",\"Violencia intrafamiliar\"],\"articleSection\":[\"Seccional Manizales\",\"Seccionales\",\"Seguridad territorial\"],\"inLanguage\":\"es-CO\"},{\"@type\":\"WebPage\",\"@id\":\"https:\/\/www.fiscalia.gov.co\/colombia\/seguridad-territorial\/judicializado-hombre-que-al-parecer-torturo-y-agredio-sexualmente-a-su-companera-sentimental-en-manizales\/\",\"url\":\"https:\/\/www.fiscalia.gov.co\/colombia\/seguridad-territorial\/judicializado-hombre-que-al-parecer-torturo-y-agredio-sexualmente-a-su-companera-sentimental-en-manizales\/\",\"name\":\"Fiscal\u00eda General de la Naci\u00f3n\",\"isPartOf\":{\"@id\":\"https:\/\/www.fiscalia.gov.co\/colombia\/#website\"},\"datePublished\":\"2021-02-10T20:52:01+00:00\",\"dateModified\":\"2021-02-10T20:52:01+00:00\",\"description\":\"P\u00e1gina oficial de la Fiscal\u00eda General de la Naci\u00f3n \u2013 Colombia. Garantizamos el acceso efectivo a la justicia, la verdad y la reparaci\u00f3n de las v\u00edctimas de los delitos.\",\"breadcrumb\":{\"@id\":\"https:\/\/www.fiscalia.gov.co\/colombia\/seguridad-territorial\/judicializado-hombre-que-al-parecer-torturo-y-agredio-sexualmente-a-su-companera-sentimental-en-manizales\/#breadcrumb\"},\"inLanguage\":\"es-CO\",\"potentialAction\":[{\"@type\":\"ReadAction\",\"target\":[\"https:\/\/www.fiscalia.gov.co\/colombia\/seguridad-territorial\/judicializado-hombre-que-al-parecer-torturo-y-agredio-sexualmente-a-su-companera-sentimental-en-manizales\/\"]}]},{\"@type\":\"BreadcrumbList\",\"@id\":\"https:\/\/www.fiscalia.gov.co\/colombia\/seguridad-territorial\/judicializado-hombre-que-al-parecer-torturo-y-agredio-sexualmente-a-su-companera-sentimental-en-manizales\/#breadcrumb\",\"itemListElement\":[{\"@type\":\"ListItem\",\"position\":1,\"name\":\"Home\",\"item\":\"https:\/\/www.fiscalia.gov.co\/colombia\/\"},{\"@type\":\"ListItem\",\"position\":2,\"name\":\"Judicializado hombre que al parecer tortur\u00f3 y agredi\u00f3 sexualmente a su compa\u00f1era sentimental en Manizales\"}]},{\"@type\":\"WebSite\",\"@id\":\"https:\/\/www.fiscalia.gov.co\/colombia\/#website\",\"url\":\"https:\/\/www.fiscalia.gov.co\/colombia\/\",\"name\":\"Fiscal\u00eda General de la Naci\u00f3n\",\"description\":\"P\u00e1gina oficial de la Fiscal\u00eda General de la Naci\u00f3n \u2013 Colombia. Garantizamos el acceso efectivo a la justicia, la verdad y la reparaci\u00f3n de las v\u00edctimas de los delitos.\",\"publisher\":{\"@id\":\"https:\/\/www.fiscalia.gov.co\/colombia\/#organization\"},\"potentialAction\":[{\"@type\":\"SearchAction\",\"target\":{\"@type\":\"EntryPoint\",\"urlTemplate\":\"https:\/\/www.fiscalia.gov.co\/colombia\/?s={search_term_string}\"},\"query-input\":{\"@type\":\"PropertyValueSpecification\",\"valueRequired\":true,\"valueName\":\"search_term_string\"}}],\"inLanguage\":\"es-CO\"},{\"@type\":\"Organization\",\"@id\":\"https:\/\/www.fiscalia.gov.co\/colombia\/#organization\",\"name\":\"Fiscal\u00eda General de la Naci\u00f3n\",\"url\":\"https:\/\/www.fiscalia.gov.co\/colombia\/\",\"logo\":{\"@type\":\"ImageObject\",\"inLanguage\":\"es-CO\",\"@id\":\"https:\/\/www.fiscalia.gov.co\/colombia\/#\/schema\/logo\/image\/\",\"url\":\"https:\/\/www.fiscalia.gov.co\/colombia\/wp-content\/uploads\/LogoHorizontal_1.jpg\",\"contentUrl\":\"https:\/\/www.fiscalia.gov.co\/colombia\/wp-content\/uploads\/LogoHorizontal_1.jpg\",\"width\":300,\"height\":90,\"caption\":\"Fiscal\u00eda General de la Naci\u00f3n\"},\"image\":{\"@id\":\"https:\/\/www.fiscalia.gov.co\/colombia\/#\/schema\/logo\/image\/\"},\"sameAs\":[\"https:\/\/www.facebook.com\/FiscaliaCol\",\"https:\/\/x.com\/FiscaliaCol\",\"https:\/\/www.instagram.com\/fiscaliacol\",\"https:\/\/www.linkedin.com\/company\/fiscalia-general-de-la-naci-n\/\",\"https:\/\/youtube.com\/@fiscaliageneraldelanacion-4668?si=6nN79nyQICPU5iTh\"]},{\"@type\":\"Person\",\"@id\":\"https:\/\/www.fiscalia.gov.co\/colombia\/#\/schema\/person\/06aa2210fe4d79203f428ff671dee360\",\"name\":\"Ana Mar\u00eda Gomez\",\"image\":{\"@type\":\"ImageObject\",\"inLanguage\":\"es-CO\",\"@id\":\"https:\/\/www.fiscalia.gov.co\/colombia\/#\/schema\/person\/image\/\",\"url\":\"https:\/\/secure.gravatar.com\/avatar\/a38115d98a7f8a96cbb96af2b2c37a0b?s=96&d=mm&r=g\",\"contentUrl\":\"https:\/\/secure.gravatar.com\/avatar\/a38115d98a7f8a96cbb96af2b2c37a0b?s=96&d=mm&r=g\",\"caption\":\"Ana Mar\u00eda Gomez\"},\"url\":\"https:\/\/www.fiscalia.gov.co\/colombia\/author\/agomez\/\"}]}<\/script>\n<!-- \/ Yoast SEO plugin. -->","yoast_head_json":{"title":"Fiscal\u00eda General de la Naci\u00f3n","description":"P\u00e1gina oficial de la Fiscal\u00eda General de la Naci\u00f3n \u2013 Colombia. Garantizamos el acceso efectivo a la justicia, la verdad y la reparaci\u00f3n de las v\u00edctimas de los delitos.","robots":{"index":"noindex","follow":"follow"},"og_locale":"es_ES","og_type":"article","og_title":"Fiscal\u00eda General de la Naci\u00f3n","og_description":"P\u00e1gina oficial de la Fiscal\u00eda General de la Naci\u00f3n \u2013 Colombia. Garantizamos el acceso efectivo a la justicia, la verdad y la reparaci\u00f3n de las v\u00edctimas de los delitos.","og_url":"https:\/\/www.fiscalia.gov.co\/colombia\/seguridad-territorial\/judicializado-hombre-que-al-parecer-torturo-y-agredio-sexualmente-a-su-companera-sentimental-en-manizales\/","og_site_name":"Fiscal\u00eda General de la Naci\u00f3n","article_publisher":"https:\/\/www.facebook.com\/FiscaliaCol","article_published_time":"2021-02-10T20:52:01+00:00","author":"Ana Mar\u00eda Gomez","twitter_card":"summary_large_image","twitter_creator":"@FiscaliaCol","twitter_site":"@FiscaliaCol","twitter_misc":{"Escrito por":"Ana Mar\u00eda Gomez","Tiempo de lectura":"2 minutos"},"schema":{"@context":"https:\/\/schema.org","@graph":[{"@type":"Article","@id":"https:\/\/www.fiscalia.gov.co\/colombia\/seguridad-territorial\/judicializado-hombre-que-al-parecer-torturo-y-agredio-sexualmente-a-su-companera-sentimental-en-manizales\/#article","isPartOf":{"@id":"https:\/\/www.fiscalia.gov.co\/colombia\/seguridad-territorial\/judicializado-hombre-que-al-parecer-torturo-y-agredio-sexualmente-a-su-companera-sentimental-en-manizales\/"},"author":{"name":"Ana Mar\u00eda Gomez","@id":"https:\/\/www.fiscalia.gov.co\/colombia\/#\/schema\/person\/06aa2210fe4d79203f428ff671dee360"},"headline":"Judicializado hombre que al parecer tortur\u00f3 y agredi\u00f3 sexualmente a su compa\u00f1era sentimental en Manizales","datePublished":"2021-02-10T20:52:01+00:00","dateModified":"2021-02-10T20:52:01+00:00","mainEntityOfPage":{"@id":"https:\/\/www.fiscalia.gov.co\/colombia\/seguridad-territorial\/judicializado-hombre-que-al-parecer-torturo-y-agredio-sexualmente-a-su-companera-sentimental-en-manizales\/"},"wordCount":428,"publisher":{"@id":"https:\/\/www.fiscalia.gov.co\/colombia\/#organization"},"keywords":["acceso carnal violento agravado","derechos de la mujer","Fiscal General de la Naci\u00f3n","Fiscal\u00eda General de la Naci\u00f3n","Francisco Barbosa Delgado","Seccional Caldas","Tortura agravada","Unidad de Reacci\u00f3n Inmediata","Violencia de g\u00e9nero","Violencia intrafamiliar"],"articleSection":["Seccional Manizales","Seccionales","Seguridad territorial"],"inLanguage":"es-CO"},{"@type":"WebPage","@id":"https:\/\/www.fiscalia.gov.co\/colombia\/seguridad-territorial\/judicializado-hombre-que-al-parecer-torturo-y-agredio-sexualmente-a-su-companera-sentimental-en-manizales\/","url":"https:\/\/www.fiscalia.gov.co\/colombia\/seguridad-territorial\/judicializado-hombre-que-al-parecer-torturo-y-agredio-sexualmente-a-su-companera-sentimental-en-manizales\/","name":"Fiscal\u00eda General de la Naci\u00f3n","isPartOf":{"@id":"https:\/\/www.fiscalia.gov.co\/colombia\/#website"},"datePublished":"2021-02-10T20:52:01+00:00","dateModified":"2021-02-10T20:52:01+00:00","description":"P\u00e1gina oficial de la Fiscal\u00eda General de la Naci\u00f3n \u2013 Colombia. Garantizamos el acceso efectivo a la justicia, la verdad y la reparaci\u00f3n de las v\u00edctimas de los delitos.","breadcrumb":{"@id":"https:\/\/www.fiscalia.gov.co\/colombia\/seguridad-territorial\/judicializado-hombre-que-al-parecer-torturo-y-agredio-sexualmente-a-su-companera-sentimental-en-manizales\/#breadcrumb"},"inLanguage":"es-CO","potentialAction":[{"@type":"ReadAction","target":["https:\/\/www.fiscalia.gov.co\/colombia\/seguridad-territorial\/judicializado-hombre-que-al-parecer-torturo-y-agredio-sexualmente-a-su-companera-sentimental-en-manizales\/"]}]},{"@type":"BreadcrumbList","@id":"https:\/\/www.fiscalia.gov.co\/colombia\/seguridad-territorial\/judicializado-hombre-que-al-parecer-torturo-y-agredio-sexualmente-a-su-companera-sentimental-en-manizales\/#breadcrumb","itemListElement":[{"@type":"ListItem","position":1,"name":"Home","item":"https:\/\/www.fiscalia.gov.co\/colombia\/"},{"@type":"ListItem","position":2,"name":"Judicializado hombre que al parecer tortur\u00f3 y agredi\u00f3 sexualmente a su compa\u00f1era sentimental en Manizales"}]},{"@type":"WebSite","@id":"https:\/\/www.fiscalia.gov.co\/colombia\/#website","url":"https:\/\/www.fiscalia.gov.co\/colombia\/","name":"Fiscal\u00eda General de la Naci\u00f3n","description":"P\u00e1gina oficial de la Fiscal\u00eda General de la Naci\u00f3n \u2013 Colombia. Garantizamos el acceso efectivo a la justicia, la verdad y la reparaci\u00f3n de las v\u00edctimas de los delitos.","publisher":{"@id":"https:\/\/www.fiscalia.gov.co\/colombia\/#organization"},"potentialAction":[{"@type":"SearchAction","target":{"@type":"EntryPoint","urlTemplate":"https:\/\/www.fiscalia.gov.co\/colombia\/?s={search_term_string}"},"query-input":{"@type":"PropertyValueSpecification","valueRequired":true,"valueName":"search_term_string"}}],"inLanguage":"es-CO"},{"@type":"Organization","@id":"https:\/\/www.fiscalia.gov.co\/colombia\/#organization","name":"Fiscal\u00eda General de la Naci\u00f3n","url":"https:\/\/www.fiscalia.gov.co\/colombia\/","logo":{"@type":"ImageObject","inLanguage":"es-CO","@id":"https:\/\/www.fiscalia.gov.co\/colombia\/#\/schema\/logo\/image\/","url":"https:\/\/www.fiscalia.gov.co\/colombia\/wp-content\/uploads\/LogoHorizontal_1.jpg","contentUrl":"https:\/\/www.fiscalia.gov.co\/colombia\/wp-content\/uploads\/LogoHorizontal_1.jpg","width":300,"height":90,"caption":"Fiscal\u00eda General de la Naci\u00f3n"},"image":{"@id":"https:\/\/www.fiscalia.gov.co\/colombia\/#\/schema\/logo\/image\/"},"sameAs":["https:\/\/www.facebook.com\/FiscaliaCol","https:\/\/x.com\/FiscaliaCol","https:\/\/www.instagram.com\/fiscaliacol","https:\/\/www.linkedin.com\/company\/fiscalia-general-de-la-naci-n\/","https:\/\/youtube.com\/@fiscaliageneraldelanacion-4668?si=6nN79nyQICPU5iTh"]},{"@type":"Person","@id":"https:\/\/www.fiscalia.gov.co\/colombia\/#\/schema\/person\/06aa2210fe4d79203f428ff671dee360","name":"Ana Mar\u00eda Gomez","image":{"@type":"ImageObject","inLanguage":"es-CO","@id":"https:\/\/www.fiscalia.gov.co\/colombia\/#\/schema\/person\/image\/","url":"https:\/\/secure.gravatar.com\/avatar\/a38115d98a7f8a96cbb96af2b2c37a0b?s=96&d=mm&r=g","contentUrl":"https:\/\/secure.gravatar.com\/avatar\/a38115d98a7f8a96cbb96af2b2c37a0b?s=96&d=mm&r=g","caption":"Ana Mar\u00eda Gomez"},"url":"https:\/\/www.fiscalia.gov.co\/colombia\/author\/agomez\/"}]}},"_links":{"self":[{"href":"https:\/\/www.fiscalia.gov.co\/colombia\/wp-json\/wp\/v2\/posts\/213004","targetHints":{"allow":["GET"]}}],"collection":[{"href":"https:\/\/www.fiscalia.gov.co\/colombia\/wp-json\/wp\/v2\/posts"}],"about":[{"href":"https:\/\/www.fiscalia.gov.co\/colombia\/wp-json\/wp\/v2\/types\/post"}],"author":[{"embeddable":true,"href":"https:\/\/www.fiscalia.gov.co\/colombia\/wp-json\/wp\/v2\/users\/171"}],"replies":[{"embeddable":true,"href":"https:\/\/www.fiscalia.gov.co\/colombia\/wp-json\/wp\/v2\/comments?post=213004"}],"version-history":[{"count":1,"href":"https:\/\/www.fiscalia.gov.co\/colombia\/wp-json\/wp\/v2\/posts\/213004\/revisions"}],"predecessor-version":[{"id":213005,"href":"https:\/\/www.fiscalia.gov.co\/colombia\/wp-json\/wp\/v2\/posts\/213004\/revisions\/213005"}],"wp:attachment":[{"href":"https:\/\/www.fiscalia.gov.co\/colombia\/wp-json\/wp\/v2\/media?parent=213004"}],"wp:term":[{"taxonomy":"category","embeddable":true,"href":"https:\/\/www.fiscalia.gov.co\/colombia\/wp-json\/wp\/v2\/categories?post=213004"},{"taxonomy":"post_tag","embeddable":true,"href":"https:\/\/www.fiscalia.gov.co\/colombia\/wp-json\/wp\/v2\/tags?post=213004"}],"curies":[{"name":"wp","href":"https:\/\/api.w.org\/{rel}","templated":true}]}}