{"id":212999,"date":"2021-02-10T15:37:57","date_gmt":"2021-02-10T20:37:57","guid":{"rendered":"https:\/\/www.fiscalia.gov.co\/colombia\/?p=212999"},"modified":"2021-02-10T15:37:57","modified_gmt":"2021-02-10T20:37:57","slug":"a-la-carcel-presunto-cabecilla-del-grupo-delictivo-guerrillas-unidas-del-pacifico-con-injerencia-en-tumaco","status":"publish","type":"post","link":"https:\/\/www.fiscalia.gov.co\/colombia\/crimen-organizado\/a-la-carcel-presunto-cabecilla-del-grupo-delictivo-guerrillas-unidas-del-pacifico-con-injerencia-en-tumaco\/","title":{"rendered":"A la c\u00e1rcel presunto cabecilla del grupo delictivo Guerrillas Unidas del Pac\u00edfico con injerencia en Tumaco"},"content":{"rendered":"<p class=\"x_MsoNormal\"><span lang=\"ES\">Al acoger la solicitud de la Fiscal\u00eda, un juez penal con funciones de control de garant\u00edas impuso\u00a0<b>medida de aseguramiento<\/b>\u00a0en establecimiento carcelario en contra de Jos\u00e9 Edisson Valencia Cortez, alias el Calvo, presunto cabecilla del grupo delictivo\u00a0<\/span><a href=\"https:\/\/www.fiscalia.gov.co\/colombia\/seccionales\/judicializados-ocho-presuntos-integrantes-del-grupo-armado-guerrillas-unidas-del-pacifico\/\" target=\"_blank\" rel=\"noopener noreferrer\" data-auth=\"NotApplicable\"><span lang=\"ES\">Guerrillas Unidas del Pac\u00edfico<\/span><\/a><span lang=\"ES\">.\u00a0<\/span><\/p>\n<p class=\"x_MsoNormal\"><span lang=\"ES\">El ente acusador le imput\u00f3 a Valencia Cortez el delito de\u00a0<b>concierto para delinquir<\/b>, cargo que no acept\u00f3.\u00a0\u00a0<\/span><\/p>\n<figure id=\"attachment_213000\" aria-describedby=\"caption-attachment-213000\" style=\"width: 696px\" class=\"wp-caption aligncenter\"><img loading=\"lazy\" decoding=\"async\" class=\"size-large wp-image-213000\" src=\"https:\/\/www.fiscalia.gov.co\/colombia\/wp-content\/uploads\/Jos\u00e8-Edisson-Valencia-Cortez-presunto-cabecilla-en-Tumaco-de-las-Guerrillas-Unidas-del-Pac\u00ecfico-1-1024x714.jpeg\" alt=\"\" width=\"696\" height=\"485\" srcset=\"https:\/\/www.fiscalia.gov.co\/colombia\/wp-content\/uploads\/Jos\u00e8-Edisson-Valencia-Cortez-presunto-cabecilla-en-Tumaco-de-las-Guerrillas-Unidas-del-Pac\u00ecfico-1-1024x714.jpeg 1024w, https:\/\/www.fiscalia.gov.co\/colombia\/wp-content\/uploads\/Jos\u00e8-Edisson-Valencia-Cortez-presunto-cabecilla-en-Tumaco-de-las-Guerrillas-Unidas-del-Pac\u00ecfico-1-300x209.jpeg 300w, https:\/\/www.fiscalia.gov.co\/colombia\/wp-content\/uploads\/Jos\u00e8-Edisson-Valencia-Cortez-presunto-cabecilla-en-Tumaco-de-las-Guerrillas-Unidas-del-Pac\u00ecfico-1-768x535.jpeg 768w, https:\/\/www.fiscalia.gov.co\/colombia\/wp-content\/uploads\/Jos\u00e8-Edisson-Valencia-Cortez-presunto-cabecilla-en-Tumaco-de-las-Guerrillas-Unidas-del-Pac\u00ecfico-1-696x485.jpeg 696w, https:\/\/www.fiscalia.gov.co\/colombia\/wp-content\/uploads\/Jos\u00e8-Edisson-Valencia-Cortez-presunto-cabecilla-en-Tumaco-de-las-Guerrillas-Unidas-del-Pac\u00ecfico-1-1068x744.jpeg 1068w, https:\/\/www.fiscalia.gov.co\/colombia\/wp-content\/uploads\/Jos\u00e8-Edisson-Valencia-Cortez-presunto-cabecilla-en-Tumaco-de-las-Guerrillas-Unidas-del-Pac\u00ecfico-1-603x420.jpeg 603w, https:\/\/www.fiscalia.gov.co\/colombia\/wp-content\/uploads\/Jos\u00e8-Edisson-Valencia-Cortez-presunto-cabecilla-en-Tumaco-de-las-Guerrillas-Unidas-del-Pac\u00ecfico-1-100x70.jpeg 100w, https:\/\/www.fiscalia.gov.co\/colombia\/wp-content\/uploads\/Jos\u00e8-Edisson-Valencia-Cortez-presunto-cabecilla-en-Tumaco-de-las-Guerrillas-Unidas-del-Pac\u00ecfico-1.jpeg 1280w\" sizes=\"auto, (max-width: 696px) 100vw, 696px\" \/><figcaption id=\"caption-attachment-213000\" class=\"wp-caption-text\">Jos\u00e9 Edisson Valencia Cortez, alias el Calvo, presunto cabecilla del grupo delictivo Guerrillas Unidas del Pac\u00edfico.<\/figcaption><\/figure>\n<p class=\"x_MsoNormal\"><span lang=\"ES\">Alias el Calvo fue capturado por agentes de la Polic\u00eda Nacional el pasado 7 de febrero durante un operativo de control en el barrio Obrero de Tumaco (Nari\u00f1o), adonde las autoridades acudieron para atender el llamado por una pelea que gener\u00f3 la aglomeraci\u00f3n de personas. Al validar el documento de identidad del hoy procesado, se percataron de la orden de captura que pesaba en su contra.\u00a0<\/span><\/p>\n<p class=\"x_MsoNormal\"><span lang=\"ES\">De acuerdo con la investigaci\u00f3n de la Fiscal\u00eda, el hombre, como presunto integrante de\u00a0<\/span><a href=\"https:\/\/www.fiscalia.gov.co\/colombia\/seccionales\/asegurado-alias-papelon-presunto-integrante-las-guerrillas-unidas-del-pacifico-con-injerencia-en-dos-barrios-de-tumaco-narino\/\" target=\"_blank\" rel=\"noopener noreferrer\" data-auth=\"NotApplicable\"><span lang=\"ES\">esta estructura criminal<\/span><\/a>\u00a0<span lang=\"ES\">que tiene injerencia en el barrio Obrero, ser\u00eda el encargado de coordinar supuestamente las extorsiones al comercio local, el tr\u00e1fico de armas de fuego y los homicidios selectivos en esa zona de Tumaco.\u00a0\u00a0<\/span><\/p>\n<p class=\"x_MsoNormal\"><span lang=\"ES\">La investigaci\u00f3n se desarrolla seg\u00fan los lineamientos trazados por el Fiscal General de la Naci\u00f3n, Francisco Barbosa Delgado, para combatir la criminalidad y la delincuencia en las regiones.\u00a0<\/span><\/p>\n<p class=\"x_MsoNormal\"><span lang=\"ES\">La Fiscal\u00eda General de la Naci\u00f3n habla con resultados. \u00a0<\/span><\/p>\n<p class=\"x_MsoNormal\"><span lang=\"ES\">JGPV\/ FR \/DLBM\u00a0<\/span><\/p>\n<p class=\"x_MsoNormal\"><i><span lang=\"ES\">La informaci\u00f3n contenida en este bolet\u00edn de prensa corresponde a la narraci\u00f3n de los hechos noticiosos objetivos, suministrados por los funcionarios encargados de adelantar las investigaciones penales al interior de la Fiscal\u00eda General de la Naci\u00f3n. Para el momento de la divulgaci\u00f3n de este comunicado, la situaci\u00f3n jur\u00eddica de la(s) persona(s) relacionada(s) se encuentra pendiente de resolver por la autoridad judicial competente, siempre bajo los preceptos de la presunci\u00f3n de inocencia, consagrados en el art\u00edculo 29 de la Constituci\u00f3n Pol\u00edtica y el art\u00edculo 7\u00ba de la Ley 906 de 2004<\/span>.<\/i>\u00a0\u00a0<span lang=\"ES\">\u00a0<\/span><span lang=\"ES\">\u00a0<\/span><span lang=\"ES\">\u00a0<\/span><\/p>\n<p class=\"x_MsoNormal\"><b><span lang=\"ES\">Le puede interesar:\u00a0<\/span><\/b><a href=\"https:\/\/www.fiscalia.gov.co\/colombia\/noticias\/capturado-con-fines-de-extradicion-alias-chamo-o-jaminson-presunto-integrante-de-las-guerrillas-unidas-del-pacifico\/\" target=\"_blank\" rel=\"noopener noreferrer\" data-auth=\"NotApplicable\"><span lang=\"ES\">Capturado con fines de extradici\u00f3n alias \u201cChamo o Jaminson\u201d, presunto integrante de las Guerrillas Unidas del Pac\u00edfico<\/span><\/a><span lang=\"ES\">\u00a0<\/span><b><span lang=\"ES\">\u00a0<\/span><\/b><\/p>\n\n<div class=\"twitter-share\"><a href=\"https:\/\/twitter.com\/intent\/tweet?via=fiscaliacol\" class=\"twitter-share-button\">Tweet<\/a><\/div>\n","protected":false},"excerpt":{"rendered":"<p>Al acoger la solicitud de la Fiscal\u00eda, un juez penal con funciones de control de garant\u00edas impuso\u00a0medida de aseguramiento\u00a0en establecimiento carcelario en contra de Jos\u00e9 Edisson Valencia Cortez, alias el [&hellip;]<\/p>\n","protected":false},"author":171,"featured_media":0,"comment_status":"closed","ping_status":"open","sticky":false,"template":"","format":"standard","meta":{"tdm_status":"","tdm_grid_status":"","footnotes":""},"categories":[24098,334,303],"tags":[17511,24526,24481,1047,25759,11101],"class_list":["post-212999","post","type-post","status-publish","format-standard","category-crimen-organizado","category-seccional-pasto","category-seccionales","tag-estructura-criminal","tag-fiscal-general-francisco-barbosa-delgado","tag-fiscalia-de-colombia","tag-fiscalia-general-de-la-nacion","tag-guerrillas-unidas-del-pacifico","tag-seguridad-ciudadana"],"yoast_head":"<!-- This site is optimized with the Yoast SEO plugin v24.3 - https:\/\/yoast.com\/wordpress\/plugins\/seo\/ -->\n<title>Fiscal\u00eda General de la Naci\u00f3n<\/title>\n<meta name=\"description\" content=\"P\u00e1gina oficial de la Fiscal\u00eda General de la Naci\u00f3n \u2013 Colombia. Garantizamos el acceso efectivo a la justicia, la verdad y la reparaci\u00f3n de las v\u00edctimas de los delitos.\" \/>\n<meta name=\"robots\" content=\"noindex, follow\" \/>\n<meta property=\"og:locale\" content=\"es_ES\" \/>\n<meta property=\"og:type\" content=\"article\" \/>\n<meta property=\"og:title\" content=\"Fiscal\u00eda General de la Naci\u00f3n\" \/>\n<meta property=\"og:description\" content=\"P\u00e1gina oficial de la Fiscal\u00eda General de la Naci\u00f3n \u2013 Colombia. Garantizamos el acceso efectivo a la justicia, la verdad y la reparaci\u00f3n de las v\u00edctimas de los delitos.\" \/>\n<meta property=\"og:url\" content=\"https:\/\/www.fiscalia.gov.co\/colombia\/crimen-organizado\/a-la-carcel-presunto-cabecilla-del-grupo-delictivo-guerrillas-unidas-del-pacifico-con-injerencia-en-tumaco\/\" \/>\n<meta property=\"og:site_name\" content=\"Fiscal\u00eda General de la Naci\u00f3n\" \/>\n<meta property=\"article:publisher\" content=\"https:\/\/www.facebook.com\/FiscaliaCol\" \/>\n<meta property=\"article:published_time\" content=\"2021-02-10T20:37:57+00:00\" \/>\n<meta name=\"author\" content=\"Ana Mar\u00eda Gomez\" \/>\n<meta name=\"twitter:card\" content=\"summary_large_image\" \/>\n<meta name=\"twitter:creator\" content=\"@FiscaliaCol\" \/>\n<meta name=\"twitter:site\" content=\"@FiscaliaCol\" \/>\n<meta name=\"twitter:label1\" content=\"Escrito por\" \/>\n\t<meta name=\"twitter:data1\" content=\"Ana Mar\u00eda Gomez\" \/>\n\t<meta name=\"twitter:label2\" content=\"Tiempo de lectura\" \/>\n\t<meta name=\"twitter:data2\" content=\"2 minutos\" \/>\n<script type=\"application\/ld+json\" class=\"yoast-schema-graph\">{\"@context\":\"https:\/\/schema.org\",\"@graph\":[{\"@type\":\"Article\",\"@id\":\"https:\/\/www.fiscalia.gov.co\/colombia\/crimen-organizado\/a-la-carcel-presunto-cabecilla-del-grupo-delictivo-guerrillas-unidas-del-pacifico-con-injerencia-en-tumaco\/#article\",\"isPartOf\":{\"@id\":\"https:\/\/www.fiscalia.gov.co\/colombia\/crimen-organizado\/a-la-carcel-presunto-cabecilla-del-grupo-delictivo-guerrillas-unidas-del-pacifico-con-injerencia-en-tumaco\/\"},\"author\":{\"name\":\"Ana Mar\u00eda Gomez\",\"@id\":\"https:\/\/www.fiscalia.gov.co\/colombia\/#\/schema\/person\/06aa2210fe4d79203f428ff671dee360\"},\"headline\":\"A la c\u00e1rcel presunto cabecilla del grupo delictivo Guerrillas Unidas del Pac\u00edfico con injerencia en Tumaco\",\"datePublished\":\"2021-02-10T20:37:57+00:00\",\"dateModified\":\"2021-02-10T20:37:57+00:00\",\"mainEntityOfPage\":{\"@id\":\"https:\/\/www.fiscalia.gov.co\/colombia\/crimen-organizado\/a-la-carcel-presunto-cabecilla-del-grupo-delictivo-guerrillas-unidas-del-pacifico-con-injerencia-en-tumaco\/\"},\"wordCount\":396,\"publisher\":{\"@id\":\"https:\/\/www.fiscalia.gov.co\/colombia\/#organization\"},\"keywords\":[\"Estructura criminal\",\"Fiscal General Francisco Barbosa Delgado\",\"Fiscal\u00eda de Colombia\",\"Fiscal\u00eda General de la Naci\u00f3n\",\"Guerrillas Unidas del Pac\u00edfico\",\"Seguridad ciudadana\"],\"articleSection\":[\"Crimen organizado\",\"Seccional Pasto\",\"Seccionales\"],\"inLanguage\":\"es-CO\"},{\"@type\":\"WebPage\",\"@id\":\"https:\/\/www.fiscalia.gov.co\/colombia\/crimen-organizado\/a-la-carcel-presunto-cabecilla-del-grupo-delictivo-guerrillas-unidas-del-pacifico-con-injerencia-en-tumaco\/\",\"url\":\"https:\/\/www.fiscalia.gov.co\/colombia\/crimen-organizado\/a-la-carcel-presunto-cabecilla-del-grupo-delictivo-guerrillas-unidas-del-pacifico-con-injerencia-en-tumaco\/\",\"name\":\"Fiscal\u00eda General de la Naci\u00f3n\",\"isPartOf\":{\"@id\":\"https:\/\/www.fiscalia.gov.co\/colombia\/#website\"},\"datePublished\":\"2021-02-10T20:37:57+00:00\",\"dateModified\":\"2021-02-10T20:37:57+00:00\",\"description\":\"P\u00e1gina oficial de la Fiscal\u00eda General de la Naci\u00f3n \u2013 Colombia. Garantizamos el acceso efectivo a la justicia, la verdad y la reparaci\u00f3n de las v\u00edctimas de los delitos.\",\"breadcrumb\":{\"@id\":\"https:\/\/www.fiscalia.gov.co\/colombia\/crimen-organizado\/a-la-carcel-presunto-cabecilla-del-grupo-delictivo-guerrillas-unidas-del-pacifico-con-injerencia-en-tumaco\/#breadcrumb\"},\"inLanguage\":\"es-CO\",\"potentialAction\":[{\"@type\":\"ReadAction\",\"target\":[\"https:\/\/www.fiscalia.gov.co\/colombia\/crimen-organizado\/a-la-carcel-presunto-cabecilla-del-grupo-delictivo-guerrillas-unidas-del-pacifico-con-injerencia-en-tumaco\/\"]}]},{\"@type\":\"BreadcrumbList\",\"@id\":\"https:\/\/www.fiscalia.gov.co\/colombia\/crimen-organizado\/a-la-carcel-presunto-cabecilla-del-grupo-delictivo-guerrillas-unidas-del-pacifico-con-injerencia-en-tumaco\/#breadcrumb\",\"itemListElement\":[{\"@type\":\"ListItem\",\"position\":1,\"name\":\"Home\",\"item\":\"https:\/\/www.fiscalia.gov.co\/colombia\/\"},{\"@type\":\"ListItem\",\"position\":2,\"name\":\"A la c\u00e1rcel presunto cabecilla del grupo delictivo Guerrillas Unidas del Pac\u00edfico con injerencia en Tumaco\"}]},{\"@type\":\"WebSite\",\"@id\":\"https:\/\/www.fiscalia.gov.co\/colombia\/#website\",\"url\":\"https:\/\/www.fiscalia.gov.co\/colombia\/\",\"name\":\"Fiscal\u00eda General de la Naci\u00f3n\",\"description\":\"P\u00e1gina oficial de la Fiscal\u00eda General de la Naci\u00f3n \u2013 Colombia. Garantizamos el acceso efectivo a la justicia, la verdad y la reparaci\u00f3n de las v\u00edctimas de los delitos.\",\"publisher\":{\"@id\":\"https:\/\/www.fiscalia.gov.co\/colombia\/#organization\"},\"potentialAction\":[{\"@type\":\"SearchAction\",\"target\":{\"@type\":\"EntryPoint\",\"urlTemplate\":\"https:\/\/www.fiscalia.gov.co\/colombia\/?s={search_term_string}\"},\"query-input\":{\"@type\":\"PropertyValueSpecification\",\"valueRequired\":true,\"valueName\":\"search_term_string\"}}],\"inLanguage\":\"es-CO\"},{\"@type\":\"Organization\",\"@id\":\"https:\/\/www.fiscalia.gov.co\/colombia\/#organization\",\"name\":\"Fiscal\u00eda General de la Naci\u00f3n\",\"url\":\"https:\/\/www.fiscalia.gov.co\/colombia\/\",\"logo\":{\"@type\":\"ImageObject\",\"inLanguage\":\"es-CO\",\"@id\":\"https:\/\/www.fiscalia.gov.co\/colombia\/#\/schema\/logo\/image\/\",\"url\":\"https:\/\/www.fiscalia.gov.co\/colombia\/wp-content\/uploads\/LogoHorizontal_1.jpg\",\"contentUrl\":\"https:\/\/www.fiscalia.gov.co\/colombia\/wp-content\/uploads\/LogoHorizontal_1.jpg\",\"width\":300,\"height\":90,\"caption\":\"Fiscal\u00eda General de la Naci\u00f3n\"},\"image\":{\"@id\":\"https:\/\/www.fiscalia.gov.co\/colombia\/#\/schema\/logo\/image\/\"},\"sameAs\":[\"https:\/\/www.facebook.com\/FiscaliaCol\",\"https:\/\/x.com\/FiscaliaCol\",\"https:\/\/www.instagram.com\/fiscaliacol\",\"https:\/\/www.linkedin.com\/company\/fiscalia-general-de-la-naci-n\/\",\"https:\/\/youtube.com\/@fiscaliageneraldelanacion-4668?si=6nN79nyQICPU5iTh\"]},{\"@type\":\"Person\",\"@id\":\"https:\/\/www.fiscalia.gov.co\/colombia\/#\/schema\/person\/06aa2210fe4d79203f428ff671dee360\",\"name\":\"Ana Mar\u00eda Gomez\",\"image\":{\"@type\":\"ImageObject\",\"inLanguage\":\"es-CO\",\"@id\":\"https:\/\/www.fiscalia.gov.co\/colombia\/#\/schema\/person\/image\/\",\"url\":\"https:\/\/secure.gravatar.com\/avatar\/a38115d98a7f8a96cbb96af2b2c37a0b?s=96&d=mm&r=g\",\"contentUrl\":\"https:\/\/secure.gravatar.com\/avatar\/a38115d98a7f8a96cbb96af2b2c37a0b?s=96&d=mm&r=g\",\"caption\":\"Ana Mar\u00eda Gomez\"},\"url\":\"https:\/\/www.fiscalia.gov.co\/colombia\/author\/agomez\/\"}]}<\/script>\n<!-- \/ Yoast SEO plugin. -->","yoast_head_json":{"title":"Fiscal\u00eda General de la Naci\u00f3n","description":"P\u00e1gina oficial de la Fiscal\u00eda General de la Naci\u00f3n \u2013 Colombia. Garantizamos el acceso efectivo a la justicia, la verdad y la reparaci\u00f3n de las v\u00edctimas de los delitos.","robots":{"index":"noindex","follow":"follow"},"og_locale":"es_ES","og_type":"article","og_title":"Fiscal\u00eda General de la Naci\u00f3n","og_description":"P\u00e1gina oficial de la Fiscal\u00eda General de la Naci\u00f3n \u2013 Colombia. Garantizamos el acceso efectivo a la justicia, la verdad y la reparaci\u00f3n de las v\u00edctimas de los delitos.","og_url":"https:\/\/www.fiscalia.gov.co\/colombia\/crimen-organizado\/a-la-carcel-presunto-cabecilla-del-grupo-delictivo-guerrillas-unidas-del-pacifico-con-injerencia-en-tumaco\/","og_site_name":"Fiscal\u00eda General de la Naci\u00f3n","article_publisher":"https:\/\/www.facebook.com\/FiscaliaCol","article_published_time":"2021-02-10T20:37:57+00:00","author":"Ana Mar\u00eda Gomez","twitter_card":"summary_large_image","twitter_creator":"@FiscaliaCol","twitter_site":"@FiscaliaCol","twitter_misc":{"Escrito por":"Ana Mar\u00eda Gomez","Tiempo de lectura":"2 minutos"},"schema":{"@context":"https:\/\/schema.org","@graph":[{"@type":"Article","@id":"https:\/\/www.fiscalia.gov.co\/colombia\/crimen-organizado\/a-la-carcel-presunto-cabecilla-del-grupo-delictivo-guerrillas-unidas-del-pacifico-con-injerencia-en-tumaco\/#article","isPartOf":{"@id":"https:\/\/www.fiscalia.gov.co\/colombia\/crimen-organizado\/a-la-carcel-presunto-cabecilla-del-grupo-delictivo-guerrillas-unidas-del-pacifico-con-injerencia-en-tumaco\/"},"author":{"name":"Ana Mar\u00eda Gomez","@id":"https:\/\/www.fiscalia.gov.co\/colombia\/#\/schema\/person\/06aa2210fe4d79203f428ff671dee360"},"headline":"A la c\u00e1rcel presunto cabecilla del grupo delictivo Guerrillas Unidas del Pac\u00edfico con injerencia en Tumaco","datePublished":"2021-02-10T20:37:57+00:00","dateModified":"2021-02-10T20:37:57+00:00","mainEntityOfPage":{"@id":"https:\/\/www.fiscalia.gov.co\/colombia\/crimen-organizado\/a-la-carcel-presunto-cabecilla-del-grupo-delictivo-guerrillas-unidas-del-pacifico-con-injerencia-en-tumaco\/"},"wordCount":396,"publisher":{"@id":"https:\/\/www.fiscalia.gov.co\/colombia\/#organization"},"keywords":["Estructura criminal","Fiscal General Francisco Barbosa Delgado","Fiscal\u00eda de Colombia","Fiscal\u00eda General de la Naci\u00f3n","Guerrillas Unidas del Pac\u00edfico","Seguridad ciudadana"],"articleSection":["Crimen organizado","Seccional Pasto","Seccionales"],"inLanguage":"es-CO"},{"@type":"WebPage","@id":"https:\/\/www.fiscalia.gov.co\/colombia\/crimen-organizado\/a-la-carcel-presunto-cabecilla-del-grupo-delictivo-guerrillas-unidas-del-pacifico-con-injerencia-en-tumaco\/","url":"https:\/\/www.fiscalia.gov.co\/colombia\/crimen-organizado\/a-la-carcel-presunto-cabecilla-del-grupo-delictivo-guerrillas-unidas-del-pacifico-con-injerencia-en-tumaco\/","name":"Fiscal\u00eda General de la Naci\u00f3n","isPartOf":{"@id":"https:\/\/www.fiscalia.gov.co\/colombia\/#website"},"datePublished":"2021-02-10T20:37:57+00:00","dateModified":"2021-02-10T20:37:57+00:00","description":"P\u00e1gina oficial de la Fiscal\u00eda General de la Naci\u00f3n \u2013 Colombia. Garantizamos el acceso efectivo a la justicia, la verdad y la reparaci\u00f3n de las v\u00edctimas de los delitos.","breadcrumb":{"@id":"https:\/\/www.fiscalia.gov.co\/colombia\/crimen-organizado\/a-la-carcel-presunto-cabecilla-del-grupo-delictivo-guerrillas-unidas-del-pacifico-con-injerencia-en-tumaco\/#breadcrumb"},"inLanguage":"es-CO","potentialAction":[{"@type":"ReadAction","target":["https:\/\/www.fiscalia.gov.co\/colombia\/crimen-organizado\/a-la-carcel-presunto-cabecilla-del-grupo-delictivo-guerrillas-unidas-del-pacifico-con-injerencia-en-tumaco\/"]}]},{"@type":"BreadcrumbList","@id":"https:\/\/www.fiscalia.gov.co\/colombia\/crimen-organizado\/a-la-carcel-presunto-cabecilla-del-grupo-delictivo-guerrillas-unidas-del-pacifico-con-injerencia-en-tumaco\/#breadcrumb","itemListElement":[{"@type":"ListItem","position":1,"name":"Home","item":"https:\/\/www.fiscalia.gov.co\/colombia\/"},{"@type":"ListItem","position":2,"name":"A la c\u00e1rcel presunto cabecilla del grupo delictivo Guerrillas Unidas del Pac\u00edfico con injerencia en Tumaco"}]},{"@type":"WebSite","@id":"https:\/\/www.fiscalia.gov.co\/colombia\/#website","url":"https:\/\/www.fiscalia.gov.co\/colombia\/","name":"Fiscal\u00eda General de la Naci\u00f3n","description":"P\u00e1gina oficial de la Fiscal\u00eda General de la Naci\u00f3n \u2013 Colombia. Garantizamos el acceso efectivo a la justicia, la verdad y la reparaci\u00f3n de las v\u00edctimas de los delitos.","publisher":{"@id":"https:\/\/www.fiscalia.gov.co\/colombia\/#organization"},"potentialAction":[{"@type":"SearchAction","target":{"@type":"EntryPoint","urlTemplate":"https:\/\/www.fiscalia.gov.co\/colombia\/?s={search_term_string}"},"query-input":{"@type":"PropertyValueSpecification","valueRequired":true,"valueName":"search_term_string"}}],"inLanguage":"es-CO"},{"@type":"Organization","@id":"https:\/\/www.fiscalia.gov.co\/colombia\/#organization","name":"Fiscal\u00eda General de la Naci\u00f3n","url":"https:\/\/www.fiscalia.gov.co\/colombia\/","logo":{"@type":"ImageObject","inLanguage":"es-CO","@id":"https:\/\/www.fiscalia.gov.co\/colombia\/#\/schema\/logo\/image\/","url":"https:\/\/www.fiscalia.gov.co\/colombia\/wp-content\/uploads\/LogoHorizontal_1.jpg","contentUrl":"https:\/\/www.fiscalia.gov.co\/colombia\/wp-content\/uploads\/LogoHorizontal_1.jpg","width":300,"height":90,"caption":"Fiscal\u00eda General de la Naci\u00f3n"},"image":{"@id":"https:\/\/www.fiscalia.gov.co\/colombia\/#\/schema\/logo\/image\/"},"sameAs":["https:\/\/www.facebook.com\/FiscaliaCol","https:\/\/x.com\/FiscaliaCol","https:\/\/www.instagram.com\/fiscaliacol","https:\/\/www.linkedin.com\/company\/fiscalia-general-de-la-naci-n\/","https:\/\/youtube.com\/@fiscaliageneraldelanacion-4668?si=6nN79nyQICPU5iTh"]},{"@type":"Person","@id":"https:\/\/www.fiscalia.gov.co\/colombia\/#\/schema\/person\/06aa2210fe4d79203f428ff671dee360","name":"Ana Mar\u00eda Gomez","image":{"@type":"ImageObject","inLanguage":"es-CO","@id":"https:\/\/www.fiscalia.gov.co\/colombia\/#\/schema\/person\/image\/","url":"https:\/\/secure.gravatar.com\/avatar\/a38115d98a7f8a96cbb96af2b2c37a0b?s=96&d=mm&r=g","contentUrl":"https:\/\/secure.gravatar.com\/avatar\/a38115d98a7f8a96cbb96af2b2c37a0b?s=96&d=mm&r=g","caption":"Ana Mar\u00eda Gomez"},"url":"https:\/\/www.fiscalia.gov.co\/colombia\/author\/agomez\/"}]}},"_links":{"self":[{"href":"https:\/\/www.fiscalia.gov.co\/colombia\/wp-json\/wp\/v2\/posts\/212999","targetHints":{"allow":["GET"]}}],"collection":[{"href":"https:\/\/www.fiscalia.gov.co\/colombia\/wp-json\/wp\/v2\/posts"}],"about":[{"href":"https:\/\/www.fiscalia.gov.co\/colombia\/wp-json\/wp\/v2\/types\/post"}],"author":[{"embeddable":true,"href":"https:\/\/www.fiscalia.gov.co\/colombia\/wp-json\/wp\/v2\/users\/171"}],"replies":[{"embeddable":true,"href":"https:\/\/www.fiscalia.gov.co\/colombia\/wp-json\/wp\/v2\/comments?post=212999"}],"version-history":[{"count":1,"href":"https:\/\/www.fiscalia.gov.co\/colombia\/wp-json\/wp\/v2\/posts\/212999\/revisions"}],"predecessor-version":[{"id":213001,"href":"https:\/\/www.fiscalia.gov.co\/colombia\/wp-json\/wp\/v2\/posts\/212999\/revisions\/213001"}],"wp:attachment":[{"href":"https:\/\/www.fiscalia.gov.co\/colombia\/wp-json\/wp\/v2\/media?parent=212999"}],"wp:term":[{"taxonomy":"category","embeddable":true,"href":"https:\/\/www.fiscalia.gov.co\/colombia\/wp-json\/wp\/v2\/categories?post=212999"},{"taxonomy":"post_tag","embeddable":true,"href":"https:\/\/www.fiscalia.gov.co\/colombia\/wp-json\/wp\/v2\/tags?post=212999"}],"curies":[{"name":"wp","href":"https:\/\/api.w.org\/{rel}","templated":true}]}}